{"id":62711,"date":"2023-06-13T17:06:17","date_gmt":"2023-06-13T15:06:17","guid":{"rendered":"https:\/\/swissbaker.ch\/?post_type=press-release&#038;p=62711"},"modified":"2023-06-13T19:26:27","modified_gmt":"2023-06-13T17:26:27","slug":"cuche-et-barbezat-nommes-ambassadeurs-du-pain-et-du-chocolat-2023","status":"publish","type":"press-release","link":"https:\/\/swissbaker.ch\/fr\/communique-de-presse\/cuche-et-barbezat-nommes-ambassadeurs-du-pain-et-du-chocolat-2023\/","title":{"rendered":"\u00abCuche et Barbezat\u00bb nomm\u00e9s \u00abAmbassadeurs du pain et du chocolat 2023\u00bb"},"content":{"rendered":"\n<p>Dans le cadre de leur congr\u00e8s annuel \u00e0 Berne, les boulangers-confiseurs suisses ont nomm\u00e9 \u00abAmbassadeurs du pain et du chocolat 2023\u00bb les deux comiques \u00abCuche et Barbezat\u00bb, qui forment un duo bien connu en Suisse romande et en France. Se produisant ensemble sur sc\u00e8ne avec succ\u00e8s depuis plus de 35 ans, les nouveaux ambassadeurs du secteur partagent \u00e9galement une r\u00e9elle passion pour les d\u00e9lices de la boulangerie-confiserie artisanale.<\/p>\n","protected":false},"author":5,"template":"","class_list":["post-62711","press-release","type-press-release","status-publish","hentry"],"acf":[],"yoast_head":"<!-- This site is optimized with the Yoast SEO Premium plugin v26.8 (Yoast SEO v26.8) - https:\/\/yoast.com\/product\/yoast-seo-premium-wordpress\/ -->\n<title>\u00abCuche et Barbezat\u00bb nomm\u00e9s \u00abAmbassadeurs du pain et du chocolat 2023\u00bb | SBC<\/title>\n<meta name=\"robots\" content=\"noindex, follow\" \/>\n<meta property=\"og:locale\" content=\"fr_FR\" \/>\n<meta property=\"og:type\" content=\"article\" \/>\n<meta property=\"og:title\" content=\"\u00abCuche et Barbezat\u00bb nomm\u00e9s \u00abAmbassadeurs du pain et du chocolat 2023\u00bb\" \/>\n<meta property=\"og:description\" content=\"Dans le cadre de leur congr\u00e8s annuel \u00e0 Berne, les boulangers-confiseurs suisses ont nomm\u00e9 \u00abAmbassadeurs du pain et du chocolat 2023\u00bb les deux comiques \u00abCuche et Barbezat\u00bb, qui forment un duo bien connu en Suisse romande et en France. Se produisant ensemble sur sc\u00e8ne avec succ\u00e8s depuis plus de 35 ans, les nouveaux ambassadeurs du secteur partagent \u00e9galement une r\u00e9elle [&hellip;]\" \/>\n<meta property=\"og:url\" content=\"https:\/\/swissbaker.ch\/fr\/communique-de-presse\/cuche-et-barbezat-nommes-ambassadeurs-du-pain-et-du-chocolat-2023\/\" \/>\n<meta property=\"og:site_name\" content=\"SBC\" \/>\n<meta property=\"article:publisher\" content=\"https:\/\/www.facebook.com\/swissbaker.ch\" \/>\n<meta property=\"article:modified_time\" content=\"2023-06-13T17:26:27+00:00\" \/>\n<meta property=\"og:image\" content=\"https:\/\/swissbaker.ch\/wp-content\/uploads\/2022\/04\/sbc-logo-yoast.jpg\" \/>\n\t<meta property=\"og:image:width\" content=\"512\" \/>\n\t<meta property=\"og:image:height\" content=\"512\" \/>\n\t<meta property=\"og:image:type\" content=\"image\/jpeg\" \/>\n<meta name=\"twitter:card\" content=\"summary_large_image\" \/>\n<meta name=\"twitter:site\" content=\"@ch_swissbaker\" \/>\n<script type=\"application\/ld+json\" class=\"yoast-schema-graph\">{\"@context\":\"https:\/\/schema.org\",\"@graph\":[{\"@type\":\"WebPage\",\"@id\":\"https:\/\/swissbaker.ch\/fr\/communique-de-presse\/cuche-et-barbezat-nommes-ambassadeurs-du-pain-et-du-chocolat-2023\/\",\"url\":\"https:\/\/swissbaker.ch\/fr\/communique-de-presse\/cuche-et-barbezat-nommes-ambassadeurs-du-pain-et-du-chocolat-2023\/\",\"name\":\"\u00abCuche et Barbezat\u00bb nomm\u00e9s \u00abAmbassadeurs du pain et du chocolat 2023\u00bb | SBC\",\"isPartOf\":{\"@id\":\"https:\/\/swissbaker.ch\/fr\/#website\"},\"datePublished\":\"2023-06-13T15:06:17+00:00\",\"dateModified\":\"2023-06-13T17:26:27+00:00\",\"breadcrumb\":{\"@id\":\"https:\/\/swissbaker.ch\/fr\/communique-de-presse\/cuche-et-barbezat-nommes-ambassadeurs-du-pain-et-du-chocolat-2023\/#breadcrumb\"},\"inLanguage\":\"fr-FR\",\"potentialAction\":[{\"@type\":\"ReadAction\",\"target\":[\"https:\/\/swissbaker.ch\/fr\/communique-de-presse\/cuche-et-barbezat-nommes-ambassadeurs-du-pain-et-du-chocolat-2023\/\"]}]},{\"@type\":\"BreadcrumbList\",\"@id\":\"https:\/\/swissbaker.ch\/fr\/communique-de-presse\/cuche-et-barbezat-nommes-ambassadeurs-du-pain-et-du-chocolat-2023\/#breadcrumb\",\"itemListElement\":[{\"@type\":\"ListItem\",\"position\":1,\"name\":\"\",\"item\":\"https:\/\/swissbaker.ch\/fr\/\"},{\"@type\":\"ListItem\",\"position\":2,\"name\":\"Communiqu\u00e9s de presse\",\"item\":\"https:\/\/swissbaker.ch\/fr\/communique-de-presse\/\"},{\"@type\":\"ListItem\",\"position\":3,\"name\":\"\u00abCuche et Barbezat\u00bb nomm\u00e9s \u00abAmbassadeurs du pain et du chocolat 2023\u00bb\"}]},{\"@type\":\"WebSite\",\"@id\":\"https:\/\/swissbaker.ch\/fr\/#website\",\"url\":\"https:\/\/swissbaker.ch\/fr\/\",\"name\":\"SBC\",\"description\":\"\",\"publisher\":{\"@id\":\"https:\/\/swissbaker.ch\/fr\/#organization\"},\"potentialAction\":[{\"@type\":\"SearchAction\",\"target\":{\"@type\":\"EntryPoint\",\"urlTemplate\":\"https:\/\/swissbaker.ch\/fr\/?s={search_term_string}\"},\"query-input\":{\"@type\":\"PropertyValueSpecification\",\"valueRequired\":true,\"valueName\":\"search_term_string\"}}],\"inLanguage\":\"fr-FR\"},{\"@type\":\"Organization\",\"@id\":\"https:\/\/swissbaker.ch\/fr\/#organization\",\"name\":\"Schweizerischer B\u00e4cker-Confiseurmeister-Verband\",\"url\":\"https:\/\/swissbaker.ch\/fr\/\",\"logo\":{\"@type\":\"ImageObject\",\"inLanguage\":\"fr-FR\",\"@id\":\"https:\/\/swissbaker.ch\/fr\/#\/schema\/logo\/image\/\",\"url\":\"https:\/\/swissbaker.ch\/wp-content\/uploads\/2022\/04\/sbc-logo-yoast.jpg\",\"contentUrl\":\"https:\/\/swissbaker.ch\/wp-content\/uploads\/2022\/04\/sbc-logo-yoast.jpg\",\"width\":512,\"height\":512,\"caption\":\"Schweizerischer B\u00e4cker-Confiseurmeister-Verband\"},\"image\":{\"@id\":\"https:\/\/swissbaker.ch\/fr\/#\/schema\/logo\/image\/\"},\"sameAs\":[\"https:\/\/www.facebook.com\/swissbaker.ch\",\"https:\/\/x.com\/ch_swissbaker\"]}]}<\/script>\n<!-- \/ Yoast SEO Premium plugin. -->","yoast_head_json":{"title":"\u00abCuche et Barbezat\u00bb nomm\u00e9s \u00abAmbassadeurs du pain et du chocolat 2023\u00bb | SBC","robots":{"index":"noindex","follow":"follow"},"og_locale":"fr_FR","og_type":"article","og_title":"\u00abCuche et Barbezat\u00bb nomm\u00e9s \u00abAmbassadeurs du pain et du chocolat 2023\u00bb","og_description":"Dans le cadre de leur congr\u00e8s annuel \u00e0 Berne, les boulangers-confiseurs suisses ont nomm\u00e9 \u00abAmbassadeurs du pain et du chocolat 2023\u00bb les deux comiques \u00abCuche et Barbezat\u00bb, qui forment un duo bien connu en Suisse romande et en France. Se produisant ensemble sur sc\u00e8ne avec succ\u00e8s depuis plus de 35 ans, les nouveaux ambassadeurs du secteur partagent \u00e9galement une r\u00e9elle [&hellip;]","og_url":"https:\/\/swissbaker.ch\/fr\/communique-de-presse\/cuche-et-barbezat-nommes-ambassadeurs-du-pain-et-du-chocolat-2023\/","og_site_name":"SBC","article_publisher":"https:\/\/www.facebook.com\/swissbaker.ch","article_modified_time":"2023-06-13T17:26:27+00:00","og_image":[{"width":512,"height":512,"url":"https:\/\/swissbaker.ch\/wp-content\/uploads\/2022\/04\/sbc-logo-yoast.jpg","type":"image\/jpeg"}],"twitter_card":"summary_large_image","twitter_site":"@ch_swissbaker","schema":{"@context":"https:\/\/schema.org","@graph":[{"@type":"WebPage","@id":"https:\/\/swissbaker.ch\/fr\/communique-de-presse\/cuche-et-barbezat-nommes-ambassadeurs-du-pain-et-du-chocolat-2023\/","url":"https:\/\/swissbaker.ch\/fr\/communique-de-presse\/cuche-et-barbezat-nommes-ambassadeurs-du-pain-et-du-chocolat-2023\/","name":"\u00abCuche et Barbezat\u00bb nomm\u00e9s \u00abAmbassadeurs du pain et du chocolat 2023\u00bb | SBC","isPartOf":{"@id":"https:\/\/swissbaker.ch\/fr\/#website"},"datePublished":"2023-06-13T15:06:17+00:00","dateModified":"2023-06-13T17:26:27+00:00","breadcrumb":{"@id":"https:\/\/swissbaker.ch\/fr\/communique-de-presse\/cuche-et-barbezat-nommes-ambassadeurs-du-pain-et-du-chocolat-2023\/#breadcrumb"},"inLanguage":"fr-FR","potentialAction":[{"@type":"ReadAction","target":["https:\/\/swissbaker.ch\/fr\/communique-de-presse\/cuche-et-barbezat-nommes-ambassadeurs-du-pain-et-du-chocolat-2023\/"]}]},{"@type":"BreadcrumbList","@id":"https:\/\/swissbaker.ch\/fr\/communique-de-presse\/cuche-et-barbezat-nommes-ambassadeurs-du-pain-et-du-chocolat-2023\/#breadcrumb","itemListElement":[{"@type":"ListItem","position":1,"name":"","item":"https:\/\/swissbaker.ch\/fr\/"},{"@type":"ListItem","position":2,"name":"Communiqu\u00e9s de presse","item":"https:\/\/swissbaker.ch\/fr\/communique-de-presse\/"},{"@type":"ListItem","position":3,"name":"\u00abCuche et Barbezat\u00bb nomm\u00e9s \u00abAmbassadeurs du pain et du chocolat 2023\u00bb"}]},{"@type":"WebSite","@id":"https:\/\/swissbaker.ch\/fr\/#website","url":"https:\/\/swissbaker.ch\/fr\/","name":"SBC","description":"","publisher":{"@id":"https:\/\/swissbaker.ch\/fr\/#organization"},"potentialAction":[{"@type":"SearchAction","target":{"@type":"EntryPoint","urlTemplate":"https:\/\/swissbaker.ch\/fr\/?s={search_term_string}"},"query-input":{"@type":"PropertyValueSpecification","valueRequired":true,"valueName":"search_term_string"}}],"inLanguage":"fr-FR"},{"@type":"Organization","@id":"https:\/\/swissbaker.ch\/fr\/#organization","name":"Schweizerischer B\u00e4cker-Confiseurmeister-Verband","url":"https:\/\/swissbaker.ch\/fr\/","logo":{"@type":"ImageObject","inLanguage":"fr-FR","@id":"https:\/\/swissbaker.ch\/fr\/#\/schema\/logo\/image\/","url":"https:\/\/swissbaker.ch\/wp-content\/uploads\/2022\/04\/sbc-logo-yoast.jpg","contentUrl":"https:\/\/swissbaker.ch\/wp-content\/uploads\/2022\/04\/sbc-logo-yoast.jpg","width":512,"height":512,"caption":"Schweizerischer B\u00e4cker-Confiseurmeister-Verband"},"image":{"@id":"https:\/\/swissbaker.ch\/fr\/#\/schema\/logo\/image\/"},"sameAs":["https:\/\/www.facebook.com\/swissbaker.ch","https:\/\/x.com\/ch_swissbaker"]}]}},"_links":{"self":[{"href":"https:\/\/swissbaker.ch\/fr\/wp-json\/wp\/v2\/press-release\/62711","targetHints":{"allow":["GET"]}}],"collection":[{"href":"https:\/\/swissbaker.ch\/fr\/wp-json\/wp\/v2\/press-release"}],"about":[{"href":"https:\/\/swissbaker.ch\/fr\/wp-json\/wp\/v2\/types\/press-release"}],"author":[{"embeddable":true,"href":"https:\/\/swissbaker.ch\/fr\/wp-json\/wp\/v2\/users\/5"}],"version-history":[{"count":0,"href":"https:\/\/swissbaker.ch\/fr\/wp-json\/wp\/v2\/press-release\/62711\/revisions"}],"wp:attachment":[{"href":"https:\/\/swissbaker.ch\/fr\/wp-json\/wp\/v2\/media?parent=62711"}],"curies":[{"name":"wp","href":"https:\/\/api.w.org\/{rel}","templated":true}]}}