{"id":9972,"date":"2020-04-29T15:16:00","date_gmt":"2020-04-29T13:16:00","guid":{"rendered":"https:\/\/swissbaker.ch\/?p=9972"},"modified":"2022-05-13T15:28:49","modified_gmt":"2022-05-13T13:28:49","slug":"swissskills-2020-en-automne-2022","status":"publish","type":"post","link":"https:\/\/swissbaker.ch\/fr\/panissimo-news\/swissskills-2020-en-automne-2022\/","title":{"rendered":"SwissSkills 2020 en automne 2022"},"content":{"rendered":"\n<p><strong>Les SwissSkills 2020, championnats centralis\u00e9s des m\u00e9tiers (9 au 13 septembre 2020) \u00e0 Berne, sont report\u00e9s \u00e0 l\u2019automne 2022 en raison de la pand\u00e9mie du coronavirus. Ils auront lieu sous une forme diff\u00e9rente, afin que des championnats suisses des m\u00e9tiers puissent avoir lieu en 2020, indiquent les organisateurs dans un communiqu\u00e9. A la mi-mai, la BCS pr\u00e9sentera un concept pour les championnats suisses de boulangerie-confiserie et du commerce de d\u00e9tail.<\/strong><\/p>\n\n\n\n<p>\u00ab La sant\u00e9 et la protection de tous les participants priment \u00bb, souligne Daniel Arn, pr\u00e9sident de l\u2019association SwissSkills 2020.<\/p>\n\n\n\n<p>Depuis le d\u00e9but de la crise du coronavirus, SwissSkills suit son \u00e9volution de pr\u00e8s et a envisag\u00e9 diff\u00e9rents sc\u00e9narios et diff\u00e9rentes possibilit\u00e9s avec ses partenaires. Au fil des semaines, de plus en plus de doutes ont surgi quant au d\u00e9roulement de cet \u00e9v\u00e9nement de taille en septembre 2020 pour tous les participants, en particulier pour les 65 associations professionnelles, qui prennent \u00e9galement part \u00e0 son organisation. Force est de constater que les conditions pour que ces championnats aient lieu ne sont d\u00e9sormais plus r\u00e9unies.<\/p>\n\n\n\n<p>Le Conseil de fondation de SwissSkills, constitu\u00e9 sur la base d\u2019un partenariat, et le comit\u00e9 de l\u2019association SwissSkills Berne, charg\u00e9e de l\u2019organisation des SwissSkills 2020, ont donc d\u00e9cid\u00e9, en accord avec le Secr\u00e9tariat d\u2019Etat \u00e0 la formation, \u00e0 la recherche et \u00e0 l\u2019innovation (Sefri), de reporter cet \u00e9v\u00e9nement. La Fondation SwissSkills a charg\u00e9 l\u2019association SwissSkills Berne de l\u2019agender en automne 2022. Le lieu (Berne) est maintenu. Les investissements et les pr\u00e9paratifs r\u00e9alis\u00e9s en vue de cet \u00e9v\u00e9nement seront utilis\u00e9s autant que possible pour les SwissSkills 2022.<\/p>\n\n\n\n<h2 class=\"wp-block-heading\" id=\"h-championnats-des-metiers-2020\">Championnats des m\u00e9tiers 2020<\/h2>\n\n\n\n<p>Malgr\u00e9 le fait que les SwissSkills 2020 soient report\u00e9s, les associations professionnelles devraient pouvoir organiser des championnats SwissSkills 2020 pour la rel\u00e8ve professionnelle, et offrir ainsi aux jeunes la possibilit\u00e9 de mettre en avant leurs comp\u00e9tences et la passion qu\u2019ils \u00e9prouvent pour leur m\u00e9tier. Une \u00e9quipe suisse performante pourrait ainsi aussi \u00eatre constitu\u00e9e pour participer aux WorldSkills 2021, \u00e0 Shanghai. Le Conseil de fondation a clairement d\u00e9cr\u00e9t\u00e9 qu\u2019il fallait maintenir les objectifs des SwissSkills 2020 pour cette ann\u00e9e, c\u2019est-\u00e0-dire promouvoir l\u2019image de la formation professionnelle, encourager l\u2019excellence et permettre aux jeunes de d\u00e9couvrir la grande vari\u00e9t\u00e9 de m\u00e9tiers, indiquent les responsables dans le communiqu\u00e9. \u00ab En organisant les SwissSkills sous une autre forme cette ann\u00e9e et en reportant l\u2019\u00e9dition centralis\u00e9e des championnats des m\u00e9tiers en automne 2022, nous cr\u00e9ons des perspectives sur les court et moyen termes. Je remercie tous nos partenaires pour leur soutien et leur compr\u00e9hension. Je remercie aussi les associations professionnelles pour l\u2019engagement dont elles font preuve en ces temps difficiles, ainsi que SwissSkills Berne, qui se charge de repousser cet \u00e9v\u00e9nement et s\u2019assure que les pr\u00e9paratifs, qui battaient leur plein, puissent \u00eatre exploit\u00e9s pour la prochaine \u00e9dition \u00bb, explique Reto Wyss, pr\u00e9sident de Fondation SwissSkills.<\/p>\n\n\n\n<h2 class=\"wp-block-heading\" id=\"h-135-metiers\">135 m\u00e9tiers<\/h2>\n\n\n\n<p>Les SwissSkills 2020 devaient pr\u00e9senter 135 m\u00e9tiers diff\u00e9rents \u00e0 environ 120000 visiteurs dans une grande usine temporaire construite pour l\u2019occasion. Septante-cinq championnats des m\u00e9tiers suisses et 60 d\u00e9monstrations de professions \u00e9taient au programme. L\u2019\u00e9v\u00e9nement devait \u00e9galement accueillir environ 900 jeunes professionnels. Deux \u00e9ditions centralis\u00e9es des SwissSkills avaient d\u00e9j\u00e0 eu lieu \u00e0 Berne, en 2014 et en 2018. Toutes deux avaient rencontr\u00e9 un franc succ\u00e8s.<\/p>\n\n\n\n<p>Plus d\u2019infos: <a href=\"https:\/\/www.swiss-skills.ch\/fr\/metanavigation\/news-and-stories\">swiss-skills.ch<\/a><\/p>\n","protected":false},"excerpt":{"rendered":"<p>Les SwissSkills 2020, championnats centralis\u00e9s des m\u00e9tiers (9 au 13 septembre 2020) \u00e0 Berne, sont report\u00e9s \u00e0 l\u2019automne 2022 en raison de la pand\u00e9mie du coronavirus. Ils auront lieu sous une forme diff\u00e9rente, afin que des championnats suisses des m\u00e9tiers puissent avoir lieu en 2020, indiquent les organisateurs dans un communiqu\u00e9. A la mi-mai, la BCS pr\u00e9sentera un concept pour [&hellip;]<\/p>\n","protected":false},"author":1,"featured_media":9973,"comment_status":"open","ping_status":"closed","sticky":false,"template":"","format":"standard","meta":{"_acf_changed":false,"footnotes":""},"categories":[43,47],"tags":[],"class_list":["post-9972","post","type-post","status-publish","format-standard","has-post-thumbnail","hentry","category-concours","category-formation-releve"],"acf":[],"yoast_head":"<!-- This site is optimized with the Yoast SEO Premium plugin v26.8 (Yoast SEO v26.8) - https:\/\/yoast.com\/product\/yoast-seo-premium-wordpress\/ -->\n<title>SwissSkills 2020 en automne 2022 | SBC<\/title>\n<meta name=\"robots\" content=\"index, follow, max-snippet:-1, max-image-preview:large, max-video-preview:-1\" \/>\n<link rel=\"canonical\" href=\"https:\/\/swissbaker.ch\/fr\/panissimo-news\/swissskills-2020-en-automne-2022\/\" \/>\n<meta property=\"og:locale\" content=\"fr_FR\" \/>\n<meta property=\"og:type\" content=\"article\" \/>\n<meta property=\"og:title\" content=\"SwissSkills 2020 en automne 2022\" \/>\n<meta property=\"og:description\" content=\"Les SwissSkills 2020, championnats centralis\u00e9s des m\u00e9tiers (9 au 13 septembre 2020) \u00e0 Berne, sont report\u00e9s \u00e0 l\u2019automne 2022 en raison de la pand\u00e9mie du coronavirus. Ils auront lieu sous une forme diff\u00e9rente, afin que des championnats suisses des m\u00e9tiers puissent avoir lieu en 2020, indiquent les organisateurs dans un communiqu\u00e9. A la mi-mai, la BCS pr\u00e9sentera un concept pour [&hellip;]\" \/>\n<meta property=\"og:url\" content=\"https:\/\/swissbaker.ch\/fr\/panissimo-news\/swissskills-2020-en-automne-2022\/\" \/>\n<meta property=\"og:site_name\" content=\"SBC\" \/>\n<meta property=\"article:publisher\" content=\"https:\/\/www.facebook.com\/swissbaker.ch\" \/>\n<meta property=\"article:published_time\" content=\"2020-04-29T13:16:00+00:00\" \/>\n<meta property=\"article:modified_time\" content=\"2022-05-13T13:28:49+00:00\" \/>\n<meta property=\"og:image\" content=\"https:\/\/swissbaker.ch\/wp-content\/uploads\/2022\/05\/9_1_swissskills_verschoben_f.jpeg\" \/>\n\t<meta property=\"og:image:width\" content=\"800\" \/>\n\t<meta property=\"og:image:height\" content=\"474\" \/>\n\t<meta property=\"og:image:type\" content=\"image\/jpeg\" \/>\n<meta name=\"author\" content=\"azureart\" \/>\n<meta name=\"twitter:card\" content=\"summary_large_image\" \/>\n<meta name=\"twitter:creator\" content=\"@ch_swissbaker\" \/>\n<meta name=\"twitter:site\" content=\"@ch_swissbaker\" \/>\n<meta name=\"twitter:label1\" content=\"Written by\" \/>\n\t<meta name=\"twitter:data1\" content=\"azureart\" \/>\n\t<meta name=\"twitter:label2\" content=\"Est. reading time\" \/>\n\t<meta name=\"twitter:data2\" content=\"3 minutes\" \/>\n<script type=\"application\/ld+json\" class=\"yoast-schema-graph\">{\"@context\":\"https:\/\/schema.org\",\"@graph\":[{\"@type\":\"Article\",\"@id\":\"https:\/\/swissbaker.ch\/fr\/panissimo-news\/swissskills-2020-en-automne-2022\/#article\",\"isPartOf\":{\"@id\":\"https:\/\/swissbaker.ch\/fr\/panissimo-news\/swissskills-2020-en-automne-2022\/\"},\"author\":{\"name\":\"azureart\",\"@id\":\"https:\/\/swissbaker.ch\/fr\/#\/schema\/person\/058ac47619f7da53df62aba60f939b78\"},\"headline\":\"SwissSkills 2020 en automne 2022\",\"datePublished\":\"2020-04-29T13:16:00+00:00\",\"dateModified\":\"2022-05-13T13:28:49+00:00\",\"mainEntityOfPage\":{\"@id\":\"https:\/\/swissbaker.ch\/fr\/panissimo-news\/swissskills-2020-en-automne-2022\/\"},\"wordCount\":577,\"commentCount\":0,\"publisher\":{\"@id\":\"https:\/\/swissbaker.ch\/fr\/#organization\"},\"image\":{\"@id\":\"https:\/\/swissbaker.ch\/fr\/panissimo-news\/swissskills-2020-en-automne-2022\/#primaryimage\"},\"thumbnailUrl\":\"https:\/\/swissbaker.ch\/wp-content\/uploads\/2022\/05\/9_1_swissskills_verschoben_f.jpeg\",\"articleSection\":[\"Concours\",\"Formation\/Rel\u00e8ve\"],\"inLanguage\":\"fr-FR\",\"potentialAction\":[{\"@type\":\"CommentAction\",\"name\":\"Comment\",\"target\":[\"https:\/\/swissbaker.ch\/fr\/panissimo-news\/swissskills-2020-en-automne-2022\/#respond\"]}]},{\"@type\":\"WebPage\",\"@id\":\"https:\/\/swissbaker.ch\/fr\/panissimo-news\/swissskills-2020-en-automne-2022\/\",\"url\":\"https:\/\/swissbaker.ch\/fr\/panissimo-news\/swissskills-2020-en-automne-2022\/\",\"name\":\"SwissSkills 2020 en automne 2022 | SBC\",\"isPartOf\":{\"@id\":\"https:\/\/swissbaker.ch\/fr\/#website\"},\"primaryImageOfPage\":{\"@id\":\"https:\/\/swissbaker.ch\/fr\/panissimo-news\/swissskills-2020-en-automne-2022\/#primaryimage\"},\"image\":{\"@id\":\"https:\/\/swissbaker.ch\/fr\/panissimo-news\/swissskills-2020-en-automne-2022\/#primaryimage\"},\"thumbnailUrl\":\"https:\/\/swissbaker.ch\/wp-content\/uploads\/2022\/05\/9_1_swissskills_verschoben_f.jpeg\",\"datePublished\":\"2020-04-29T13:16:00+00:00\",\"dateModified\":\"2022-05-13T13:28:49+00:00\",\"breadcrumb\":{\"@id\":\"https:\/\/swissbaker.ch\/fr\/panissimo-news\/swissskills-2020-en-automne-2022\/#breadcrumb\"},\"inLanguage\":\"fr-FR\",\"potentialAction\":[{\"@type\":\"ReadAction\",\"target\":[\"https:\/\/swissbaker.ch\/fr\/panissimo-news\/swissskills-2020-en-automne-2022\/\"]}]},{\"@type\":\"ImageObject\",\"inLanguage\":\"fr-FR\",\"@id\":\"https:\/\/swissbaker.ch\/fr\/panissimo-news\/swissskills-2020-en-automne-2022\/#primaryimage\",\"url\":\"https:\/\/swissbaker.ch\/wp-content\/uploads\/2022\/05\/9_1_swissskills_verschoben_f.jpeg\",\"contentUrl\":\"https:\/\/swissbaker.ch\/wp-content\/uploads\/2022\/05\/9_1_swissskills_verschoben_f.jpeg\",\"width\":800,\"height\":474,\"caption\":\"SwissSkills 2020 en automne 2022\"},{\"@type\":\"BreadcrumbList\",\"@id\":\"https:\/\/swissbaker.ch\/fr\/panissimo-news\/swissskills-2020-en-automne-2022\/#breadcrumb\",\"itemListElement\":[{\"@type\":\"ListItem\",\"position\":1,\"name\":\"\",\"item\":\"https:\/\/swissbaker.ch\/fr\/\"},{\"@type\":\"ListItem\",\"position\":2,\"name\":\"Formation\/Rel\u00e8ve\",\"item\":\"https:\/\/swissbaker.ch\/fr\/panissimo-news\/category\/formation-releve\/\"},{\"@type\":\"ListItem\",\"position\":3,\"name\":\"SwissSkills 2020 en automne 2022\"}]},{\"@type\":\"WebSite\",\"@id\":\"https:\/\/swissbaker.ch\/fr\/#website\",\"url\":\"https:\/\/swissbaker.ch\/fr\/\",\"name\":\"SBC\",\"description\":\"\",\"publisher\":{\"@id\":\"https:\/\/swissbaker.ch\/fr\/#organization\"},\"potentialAction\":[{\"@type\":\"SearchAction\",\"target\":{\"@type\":\"EntryPoint\",\"urlTemplate\":\"https:\/\/swissbaker.ch\/fr\/?s={search_term_string}\"},\"query-input\":{\"@type\":\"PropertyValueSpecification\",\"valueRequired\":true,\"valueName\":\"search_term_string\"}}],\"inLanguage\":\"fr-FR\"},{\"@type\":\"Organization\",\"@id\":\"https:\/\/swissbaker.ch\/fr\/#organization\",\"name\":\"Schweizerischer B\u00e4cker-Confiseurmeister-Verband\",\"url\":\"https:\/\/swissbaker.ch\/fr\/\",\"logo\":{\"@type\":\"ImageObject\",\"inLanguage\":\"fr-FR\",\"@id\":\"https:\/\/swissbaker.ch\/fr\/#\/schema\/logo\/image\/\",\"url\":\"https:\/\/swissbaker.ch\/wp-content\/uploads\/2022\/04\/sbc-logo-yoast.jpg\",\"contentUrl\":\"https:\/\/swissbaker.ch\/wp-content\/uploads\/2022\/04\/sbc-logo-yoast.jpg\",\"width\":512,\"height\":512,\"caption\":\"Schweizerischer B\u00e4cker-Confiseurmeister-Verband\"},\"image\":{\"@id\":\"https:\/\/swissbaker.ch\/fr\/#\/schema\/logo\/image\/\"},\"sameAs\":[\"https:\/\/www.facebook.com\/swissbaker.ch\",\"https:\/\/x.com\/ch_swissbaker\"]},{\"@type\":\"Person\",\"@id\":\"https:\/\/swissbaker.ch\/fr\/#\/schema\/person\/058ac47619f7da53df62aba60f939b78\",\"name\":\"azureart\",\"image\":{\"@type\":\"ImageObject\",\"inLanguage\":\"fr-FR\",\"@id\":\"https:\/\/swissbaker.ch\/fr\/#\/schema\/person\/image\/\",\"url\":\"https:\/\/secure.gravatar.com\/avatar\/be04dd3098fd612c83067af4f7a295384c93cb6a9112f51beb9d2f477d25da61?s=96&d=mm&r=g\",\"contentUrl\":\"https:\/\/secure.gravatar.com\/avatar\/be04dd3098fd612c83067af4f7a295384c93cb6a9112f51beb9d2f477d25da61?s=96&d=mm&r=g\",\"caption\":\"azureart\"},\"sameAs\":[\"https:\/\/swissbaker.ch\"],\"url\":\"https:\/\/swissbaker.ch\/fr\/panissimo-news\/author\/pixel-ahoi\/\"}]}<\/script>\n<!-- \/ Yoast SEO Premium plugin. -->","yoast_head_json":{"title":"SwissSkills 2020 en automne 2022 | SBC","robots":{"index":"index","follow":"follow","max-snippet":"max-snippet:-1","max-image-preview":"max-image-preview:large","max-video-preview":"max-video-preview:-1"},"canonical":"https:\/\/swissbaker.ch\/fr\/panissimo-news\/swissskills-2020-en-automne-2022\/","og_locale":"fr_FR","og_type":"article","og_title":"SwissSkills 2020 en automne 2022","og_description":"Les SwissSkills 2020, championnats centralis\u00e9s des m\u00e9tiers (9 au 13 septembre 2020) \u00e0 Berne, sont report\u00e9s \u00e0 l\u2019automne 2022 en raison de la pand\u00e9mie du coronavirus. Ils auront lieu sous une forme diff\u00e9rente, afin que des championnats suisses des m\u00e9tiers puissent avoir lieu en 2020, indiquent les organisateurs dans un communiqu\u00e9. A la mi-mai, la BCS pr\u00e9sentera un concept pour [&hellip;]","og_url":"https:\/\/swissbaker.ch\/fr\/panissimo-news\/swissskills-2020-en-automne-2022\/","og_site_name":"SBC","article_publisher":"https:\/\/www.facebook.com\/swissbaker.ch","article_published_time":"2020-04-29T13:16:00+00:00","article_modified_time":"2022-05-13T13:28:49+00:00","og_image":[{"width":800,"height":474,"url":"https:\/\/swissbaker.ch\/wp-content\/uploads\/2022\/05\/9_1_swissskills_verschoben_f.jpeg","type":"image\/jpeg"}],"author":"azureart","twitter_card":"summary_large_image","twitter_creator":"@ch_swissbaker","twitter_site":"@ch_swissbaker","twitter_misc":{"Written by":"azureart","Est. reading time":"3 minutes"},"schema":{"@context":"https:\/\/schema.org","@graph":[{"@type":"Article","@id":"https:\/\/swissbaker.ch\/fr\/panissimo-news\/swissskills-2020-en-automne-2022\/#article","isPartOf":{"@id":"https:\/\/swissbaker.ch\/fr\/panissimo-news\/swissskills-2020-en-automne-2022\/"},"author":{"name":"azureart","@id":"https:\/\/swissbaker.ch\/fr\/#\/schema\/person\/058ac47619f7da53df62aba60f939b78"},"headline":"SwissSkills 2020 en automne 2022","datePublished":"2020-04-29T13:16:00+00:00","dateModified":"2022-05-13T13:28:49+00:00","mainEntityOfPage":{"@id":"https:\/\/swissbaker.ch\/fr\/panissimo-news\/swissskills-2020-en-automne-2022\/"},"wordCount":577,"commentCount":0,"publisher":{"@id":"https:\/\/swissbaker.ch\/fr\/#organization"},"image":{"@id":"https:\/\/swissbaker.ch\/fr\/panissimo-news\/swissskills-2020-en-automne-2022\/#primaryimage"},"thumbnailUrl":"https:\/\/swissbaker.ch\/wp-content\/uploads\/2022\/05\/9_1_swissskills_verschoben_f.jpeg","articleSection":["Concours","Formation\/Rel\u00e8ve"],"inLanguage":"fr-FR","potentialAction":[{"@type":"CommentAction","name":"Comment","target":["https:\/\/swissbaker.ch\/fr\/panissimo-news\/swissskills-2020-en-automne-2022\/#respond"]}]},{"@type":"WebPage","@id":"https:\/\/swissbaker.ch\/fr\/panissimo-news\/swissskills-2020-en-automne-2022\/","url":"https:\/\/swissbaker.ch\/fr\/panissimo-news\/swissskills-2020-en-automne-2022\/","name":"SwissSkills 2020 en automne 2022 | SBC","isPartOf":{"@id":"https:\/\/swissbaker.ch\/fr\/#website"},"primaryImageOfPage":{"@id":"https:\/\/swissbaker.ch\/fr\/panissimo-news\/swissskills-2020-en-automne-2022\/#primaryimage"},"image":{"@id":"https:\/\/swissbaker.ch\/fr\/panissimo-news\/swissskills-2020-en-automne-2022\/#primaryimage"},"thumbnailUrl":"https:\/\/swissbaker.ch\/wp-content\/uploads\/2022\/05\/9_1_swissskills_verschoben_f.jpeg","datePublished":"2020-04-29T13:16:00+00:00","dateModified":"2022-05-13T13:28:49+00:00","breadcrumb":{"@id":"https:\/\/swissbaker.ch\/fr\/panissimo-news\/swissskills-2020-en-automne-2022\/#breadcrumb"},"inLanguage":"fr-FR","potentialAction":[{"@type":"ReadAction","target":["https:\/\/swissbaker.ch\/fr\/panissimo-news\/swissskills-2020-en-automne-2022\/"]}]},{"@type":"ImageObject","inLanguage":"fr-FR","@id":"https:\/\/swissbaker.ch\/fr\/panissimo-news\/swissskills-2020-en-automne-2022\/#primaryimage","url":"https:\/\/swissbaker.ch\/wp-content\/uploads\/2022\/05\/9_1_swissskills_verschoben_f.jpeg","contentUrl":"https:\/\/swissbaker.ch\/wp-content\/uploads\/2022\/05\/9_1_swissskills_verschoben_f.jpeg","width":800,"height":474,"caption":"SwissSkills 2020 en automne 2022"},{"@type":"BreadcrumbList","@id":"https:\/\/swissbaker.ch\/fr\/panissimo-news\/swissskills-2020-en-automne-2022\/#breadcrumb","itemListElement":[{"@type":"ListItem","position":1,"name":"","item":"https:\/\/swissbaker.ch\/fr\/"},{"@type":"ListItem","position":2,"name":"Formation\/Rel\u00e8ve","item":"https:\/\/swissbaker.ch\/fr\/panissimo-news\/category\/formation-releve\/"},{"@type":"ListItem","position":3,"name":"SwissSkills 2020 en automne 2022"}]},{"@type":"WebSite","@id":"https:\/\/swissbaker.ch\/fr\/#website","url":"https:\/\/swissbaker.ch\/fr\/","name":"SBC","description":"","publisher":{"@id":"https:\/\/swissbaker.ch\/fr\/#organization"},"potentialAction":[{"@type":"SearchAction","target":{"@type":"EntryPoint","urlTemplate":"https:\/\/swissbaker.ch\/fr\/?s={search_term_string}"},"query-input":{"@type":"PropertyValueSpecification","valueRequired":true,"valueName":"search_term_string"}}],"inLanguage":"fr-FR"},{"@type":"Organization","@id":"https:\/\/swissbaker.ch\/fr\/#organization","name":"Schweizerischer B\u00e4cker-Confiseurmeister-Verband","url":"https:\/\/swissbaker.ch\/fr\/","logo":{"@type":"ImageObject","inLanguage":"fr-FR","@id":"https:\/\/swissbaker.ch\/fr\/#\/schema\/logo\/image\/","url":"https:\/\/swissbaker.ch\/wp-content\/uploads\/2022\/04\/sbc-logo-yoast.jpg","contentUrl":"https:\/\/swissbaker.ch\/wp-content\/uploads\/2022\/04\/sbc-logo-yoast.jpg","width":512,"height":512,"caption":"Schweizerischer B\u00e4cker-Confiseurmeister-Verband"},"image":{"@id":"https:\/\/swissbaker.ch\/fr\/#\/schema\/logo\/image\/"},"sameAs":["https:\/\/www.facebook.com\/swissbaker.ch","https:\/\/x.com\/ch_swissbaker"]},{"@type":"Person","@id":"https:\/\/swissbaker.ch\/fr\/#\/schema\/person\/058ac47619f7da53df62aba60f939b78","name":"azureart","image":{"@type":"ImageObject","inLanguage":"fr-FR","@id":"https:\/\/swissbaker.ch\/fr\/#\/schema\/person\/image\/","url":"https:\/\/secure.gravatar.com\/avatar\/be04dd3098fd612c83067af4f7a295384c93cb6a9112f51beb9d2f477d25da61?s=96&d=mm&r=g","contentUrl":"https:\/\/secure.gravatar.com\/avatar\/be04dd3098fd612c83067af4f7a295384c93cb6a9112f51beb9d2f477d25da61?s=96&d=mm&r=g","caption":"azureart"},"sameAs":["https:\/\/swissbaker.ch"],"url":"https:\/\/swissbaker.ch\/fr\/panissimo-news\/author\/pixel-ahoi\/"}]}},"_links":{"self":[{"href":"https:\/\/swissbaker.ch\/fr\/wp-json\/wp\/v2\/posts\/9972","targetHints":{"allow":["GET"]}}],"collection":[{"href":"https:\/\/swissbaker.ch\/fr\/wp-json\/wp\/v2\/posts"}],"about":[{"href":"https:\/\/swissbaker.ch\/fr\/wp-json\/wp\/v2\/types\/post"}],"author":[{"embeddable":true,"href":"https:\/\/swissbaker.ch\/fr\/wp-json\/wp\/v2\/users\/1"}],"replies":[{"embeddable":true,"href":"https:\/\/swissbaker.ch\/fr\/wp-json\/wp\/v2\/comments?post=9972"}],"version-history":[{"count":0,"href":"https:\/\/swissbaker.ch\/fr\/wp-json\/wp\/v2\/posts\/9972\/revisions"}],"wp:featuredmedia":[{"embeddable":true,"href":"https:\/\/swissbaker.ch\/fr\/wp-json\/wp\/v2\/media\/9973"}],"wp:attachment":[{"href":"https:\/\/swissbaker.ch\/fr\/wp-json\/wp\/v2\/media?parent=9972"}],"wp:term":[{"taxonomy":"category","embeddable":true,"href":"https:\/\/swissbaker.ch\/fr\/wp-json\/wp\/v2\/categories?post=9972"},{"taxonomy":"post_tag","embeddable":true,"href":"https:\/\/swissbaker.ch\/fr\/wp-json\/wp\/v2\/tags?post=9972"}],"curies":[{"name":"wp","href":"https:\/\/api.w.org\/{rel}","templated":true}]}}