{"id":9969,"date":"2018-07-11T16:22:00","date_gmt":"2018-07-11T14:22:00","guid":{"rendered":"https:\/\/swissbaker.ch\/?p=9969"},"modified":"2022-05-13T15:30:08","modified_gmt":"2022-05-13T13:30:08","slug":"mon-metier-la-musique-mes-passions","status":"publish","type":"post","link":"https:\/\/swissbaker.ch\/fr\/panissimo-news\/mon-metier-la-musique-mes-passions\/","title":{"rendered":"Mon m\u00e9tier, la musique, mes passions"},"content":{"rendered":"\n<p><strong>A c\u00f4t\u00e9 de son travail, la boulang\u00e8re-confiseuse \u00e9m\u00e9rite M\u00e9lissa Pittet joue d\u2019un instrument. Ses deux passions lui permettent de partager des moments d\u2019\u00e9motion avec le public.<\/strong><\/p>\n\n\n\n<p>J\u2019ai d\u00e9couvert les joies de la pratique de la musique d\u00e8s l\u2019\u00e2ge de 6 ans en suivant des cours au sein de l\u2019\u00e9cole de musique d\u2019Aclens (VD). Apr\u00e8s quelques ann\u00e9es d\u2019apprentissage assidu, j\u2019ai int\u00e9gr\u00e9 la fanfare du village.<\/p>\n\n\n\n<p>A la fin de mon parcours scolaire, le moment est venu de choisir un m\u00e9tier. Le choix s\u2019est rapidement tourn\u00e9 vers un m\u00e9tier de bouche, gr\u00e2ce \u00e0 l\u2019exp\u00e9rience acquise en aidant ma m\u00e8re.<\/p>\n\n\n\n<p>La p\u00e2tisserie\u2026 Je n\u2019imaginais pas que ce m\u00e9tier allait autant me plaire.<\/p>\n\n\n\n<p>Il a fallu trouver des compromis pour pouvoir pratiquer simultan\u00e9ment mes deux passions. Je suis tr\u00e8s reconnaissante envers mes formateurs professionnels et mes professeurs de musique pour leurs bonnes collaborations.<\/p>\n\n\n\n<h2 class=\"wp-block-heading\" id=\"h-importante-preparation\">Importante pr\u00e9paration<\/h2>\n\n\n\n<p>Dans mon m\u00e9tier comme dans la pratique de la musique, je me suis fix\u00e9 des objectifs. J\u2019ai particip\u00e9 \u00e0 divers concours tout en cherchant \u00e0 d\u00e9passer mes limites. L\u2019important n\u2019est pas de finir premier. C\u2019est toute la pr\u00e9paration qu\u2019il y a derri\u00e8re qui fait progresser. Le r\u00e9sultat est une r\u00e9compense du travail fourni.<\/p>\n\n\n\n<p>Examen, concours ou concert\u2026 Chaque \u00e9preuve m\u2019apporte de la satisfaction. Non seulement, le r\u00e9sultat obtenu me satisfait, mais aussi le partage de moments d\u2019\u00e9motion avec les diff\u00e9rents publics: les clients qui appr\u00e9cient le r\u00e9sultat de mon travail ou les spectateurs qui assistent \u00e0 mes prestations musicales. J\u2019ai v\u00e9cu l\u2019exp\u00e9rience d\u2019un petit gar\u00e7on entrant dans la chocolaterie les yeux pleins d\u2019\u00e9toiles. Apr\u00e8s avoir go\u00fbt\u00e9 mon chocolat, il m\u2019a confi\u00e9 que c\u2019\u00e9tait le meilleur chocolat du monde. De m\u00eame, les applaudissements et les commentaires admiratifs du public au terme d\u2019une prestation musicale m\u2019encouragent \u00e0 aller toujours plus loin.<\/p>\n\n\n\n<p>Que ce soit au travail ou en musique, les objectifs, la motivation et la pers\u00e9v\u00e9rance restent les m\u00eames, \u00e0 mes yeux.<\/p>\n\n\n\n<h2 class=\"wp-block-heading\">Formation<\/h2>\n\n\n\n<p>2014-2017 : apprentissage boulang\u00e8re-p\u00e2tissi\u00e8re chez Jowa<\/p>\n\n\n\n<p>2017-2018 : compl\u00e9ment confiserie \u00e0 la Chocolaterie de Gruy\u00e8res<\/p>\n\n\n\n<h2 class=\"wp-block-heading\">Concours<\/h2>\n\n\n\n<p>Novembre 2016 1\u00e8re Championnat vaudois boulangerie-p\u00e2tisserie \u00e0 Lausanne<\/p>\n\n\n\n<p>Novembre 2017 2e SwissSkills en boulangerie \u00e0 Lucerne<\/p>\n\n\n\n<p>Janvier 2018 1\u00e8re Finale romande en boulangerie \u00e0 Gen\u00e8ve<\/p>\n\n\n\n<h2 class=\"wp-block-heading\">S\u00e9rie Our Future<\/h2>\n\n\n\n<p>Notre branche peut compter sur des jeunes remarquables et prometteurs. \u00abpanissimo\u00bb veut leur donner une place particuli\u00e8re en 2018.<\/p>\n\n\n\n<p>Toutes les contributions des professionnels sont disponibles en ligne sur le site internet www.swissbaker.ch\/panissimo > Our Future.<a href=\"https:\/\/www.swissbaker.ch\/fr\/news-panissimo\/our-future\/\">https:\/\/www.swissbaker.ch\/fr\/news-panissimo\/our-future\/<\/a><\/p>\n","protected":false},"excerpt":{"rendered":"<p>A c\u00f4t\u00e9 de son travail, la boulang\u00e8re-confiseuse \u00e9m\u00e9rite M\u00e9lissa Pittet joue d\u2019un instrument. Ses deux passions lui permettent de partager des moments d\u2019\u00e9motion avec le public. J\u2019ai d\u00e9couvert les joies de la pratique de la musique d\u00e8s l\u2019\u00e2ge de 6 ans en suivant des cours au sein de l\u2019\u00e9cole de musique d\u2019Aclens (VD). Apr\u00e8s quelques ann\u00e9es d\u2019apprentissage assidu, j\u2019ai int\u00e9gr\u00e9 [&hellip;]<\/p>\n","protected":false},"author":1,"featured_media":6621,"comment_status":"open","ping_status":"closed","sticky":false,"template":"","format":"standard","meta":{"_acf_changed":false,"footnotes":""},"categories":[53],"tags":[],"class_list":["post-9969","post","type-post","status-publish","format-standard","has-post-thumbnail","hentry","category-our-future-fr"],"acf":[],"yoast_head":"<!-- This site is optimized with the Yoast SEO Premium plugin v26.8 (Yoast SEO v26.8) - https:\/\/yoast.com\/product\/yoast-seo-premium-wordpress\/ -->\n<title>Mon m\u00e9tier, la musique, mes passions | SBC<\/title>\n<meta name=\"robots\" content=\"index, follow, max-snippet:-1, max-image-preview:large, max-video-preview:-1\" \/>\n<link rel=\"canonical\" href=\"https:\/\/swissbaker.ch\/fr\/panissimo-news\/mon-metier-la-musique-mes-passions\/\" \/>\n<meta property=\"og:locale\" content=\"fr_FR\" \/>\n<meta property=\"og:type\" content=\"article\" \/>\n<meta property=\"og:title\" content=\"Mon m\u00e9tier, la musique, mes passions\" \/>\n<meta property=\"og:description\" content=\"A c\u00f4t\u00e9 de son travail, la boulang\u00e8re-confiseuse \u00e9m\u00e9rite M\u00e9lissa Pittet joue d\u2019un instrument. Ses deux passions lui permettent de partager des moments d\u2019\u00e9motion avec le public. J\u2019ai d\u00e9couvert les joies de la pratique de la musique d\u00e8s l\u2019\u00e2ge de 6 ans en suivant des cours au sein de l\u2019\u00e9cole de musique d\u2019Aclens (VD). Apr\u00e8s quelques ann\u00e9es d\u2019apprentissage assidu, j\u2019ai int\u00e9gr\u00e9 [&hellip;]\" \/>\n<meta property=\"og:url\" content=\"https:\/\/swissbaker.ch\/fr\/panissimo-news\/mon-metier-la-musique-mes-passions\/\" \/>\n<meta property=\"og:site_name\" content=\"SBC\" \/>\n<meta property=\"article:publisher\" content=\"https:\/\/www.facebook.com\/swissbaker.ch\" \/>\n<meta property=\"article:published_time\" content=\"2018-07-11T14:22:00+00:00\" \/>\n<meta property=\"article:modified_time\" content=\"2022-05-13T13:30:08+00:00\" \/>\n<meta property=\"og:image\" content=\"https:\/\/swissbaker.ch\/wp-content\/uploads\/2022\/04\/OurFuture_Melissa_Pittet_web.jpeg\" \/>\n\t<meta property=\"og:image:width\" content=\"800\" \/>\n\t<meta property=\"og:image:height\" content=\"474\" \/>\n\t<meta property=\"og:image:type\" content=\"image\/jpeg\" \/>\n<meta name=\"author\" content=\"azureart\" \/>\n<meta name=\"twitter:card\" content=\"summary_large_image\" \/>\n<meta name=\"twitter:creator\" content=\"@ch_swissbaker\" \/>\n<meta name=\"twitter:site\" content=\"@ch_swissbaker\" \/>\n<meta name=\"twitter:label1\" content=\"Written by\" \/>\n\t<meta name=\"twitter:data1\" content=\"azureart\" \/>\n\t<meta name=\"twitter:label2\" content=\"Est. reading time\" \/>\n\t<meta name=\"twitter:data2\" content=\"3 minutes\" \/>\n<script type=\"application\/ld+json\" class=\"yoast-schema-graph\">{\"@context\":\"https:\/\/schema.org\",\"@graph\":[{\"@type\":\"Article\",\"@id\":\"https:\/\/swissbaker.ch\/fr\/panissimo-news\/mon-metier-la-musique-mes-passions\/#article\",\"isPartOf\":{\"@id\":\"https:\/\/swissbaker.ch\/fr\/panissimo-news\/mon-metier-la-musique-mes-passions\/\"},\"author\":{\"name\":\"azureart\",\"@id\":\"https:\/\/swissbaker.ch\/fr\/#\/schema\/person\/058ac47619f7da53df62aba60f939b78\"},\"headline\":\"Mon m\u00e9tier, la musique, mes passions\",\"datePublished\":\"2018-07-11T14:22:00+00:00\",\"dateModified\":\"2022-05-13T13:30:08+00:00\",\"mainEntityOfPage\":{\"@id\":\"https:\/\/swissbaker.ch\/fr\/panissimo-news\/mon-metier-la-musique-mes-passions\/\"},\"wordCount\":464,\"commentCount\":0,\"publisher\":{\"@id\":\"https:\/\/swissbaker.ch\/fr\/#organization\"},\"image\":{\"@id\":\"https:\/\/swissbaker.ch\/fr\/panissimo-news\/mon-metier-la-musique-mes-passions\/#primaryimage\"},\"thumbnailUrl\":\"https:\/\/swissbaker.ch\/wp-content\/uploads\/2022\/04\/OurFuture_Melissa_Pittet_web.jpeg\",\"articleSection\":[\"Our Future\"],\"inLanguage\":\"fr-FR\",\"potentialAction\":[{\"@type\":\"CommentAction\",\"name\":\"Comment\",\"target\":[\"https:\/\/swissbaker.ch\/fr\/panissimo-news\/mon-metier-la-musique-mes-passions\/#respond\"]}]},{\"@type\":\"WebPage\",\"@id\":\"https:\/\/swissbaker.ch\/fr\/panissimo-news\/mon-metier-la-musique-mes-passions\/\",\"url\":\"https:\/\/swissbaker.ch\/fr\/panissimo-news\/mon-metier-la-musique-mes-passions\/\",\"name\":\"Mon m\u00e9tier, la musique, mes passions | SBC\",\"isPartOf\":{\"@id\":\"https:\/\/swissbaker.ch\/fr\/#website\"},\"primaryImageOfPage\":{\"@id\":\"https:\/\/swissbaker.ch\/fr\/panissimo-news\/mon-metier-la-musique-mes-passions\/#primaryimage\"},\"image\":{\"@id\":\"https:\/\/swissbaker.ch\/fr\/panissimo-news\/mon-metier-la-musique-mes-passions\/#primaryimage\"},\"thumbnailUrl\":\"https:\/\/swissbaker.ch\/wp-content\/uploads\/2022\/04\/OurFuture_Melissa_Pittet_web.jpeg\",\"datePublished\":\"2018-07-11T14:22:00+00:00\",\"dateModified\":\"2022-05-13T13:30:08+00:00\",\"breadcrumb\":{\"@id\":\"https:\/\/swissbaker.ch\/fr\/panissimo-news\/mon-metier-la-musique-mes-passions\/#breadcrumb\"},\"inLanguage\":\"fr-FR\",\"potentialAction\":[{\"@type\":\"ReadAction\",\"target\":[\"https:\/\/swissbaker.ch\/fr\/panissimo-news\/mon-metier-la-musique-mes-passions\/\"]}]},{\"@type\":\"ImageObject\",\"inLanguage\":\"fr-FR\",\"@id\":\"https:\/\/swissbaker.ch\/fr\/panissimo-news\/mon-metier-la-musique-mes-passions\/#primaryimage\",\"url\":\"https:\/\/swissbaker.ch\/wp-content\/uploads\/2022\/04\/OurFuture_Melissa_Pittet_web.jpeg\",\"contentUrl\":\"https:\/\/swissbaker.ch\/wp-content\/uploads\/2022\/04\/OurFuture_Melissa_Pittet_web.jpeg\",\"width\":800,\"height\":474,\"caption\":\"Mon m\u00e9tier, la musique, mes passions\"},{\"@type\":\"BreadcrumbList\",\"@id\":\"https:\/\/swissbaker.ch\/fr\/panissimo-news\/mon-metier-la-musique-mes-passions\/#breadcrumb\",\"itemListElement\":[{\"@type\":\"ListItem\",\"position\":1,\"name\":\"\",\"item\":\"https:\/\/swissbaker.ch\/fr\/\"},{\"@type\":\"ListItem\",\"position\":2,\"name\":\"Our Future\",\"item\":\"https:\/\/swissbaker.ch\/fr\/panissimo-news\/category\/our-future-fr\/\"},{\"@type\":\"ListItem\",\"position\":3,\"name\":\"Mon m\u00e9tier, la musique, mes passions\"}]},{\"@type\":\"WebSite\",\"@id\":\"https:\/\/swissbaker.ch\/fr\/#website\",\"url\":\"https:\/\/swissbaker.ch\/fr\/\",\"name\":\"SBC\",\"description\":\"\",\"publisher\":{\"@id\":\"https:\/\/swissbaker.ch\/fr\/#organization\"},\"potentialAction\":[{\"@type\":\"SearchAction\",\"target\":{\"@type\":\"EntryPoint\",\"urlTemplate\":\"https:\/\/swissbaker.ch\/fr\/?s={search_term_string}\"},\"query-input\":{\"@type\":\"PropertyValueSpecification\",\"valueRequired\":true,\"valueName\":\"search_term_string\"}}],\"inLanguage\":\"fr-FR\"},{\"@type\":\"Organization\",\"@id\":\"https:\/\/swissbaker.ch\/fr\/#organization\",\"name\":\"Schweizerischer B\u00e4cker-Confiseurmeister-Verband\",\"url\":\"https:\/\/swissbaker.ch\/fr\/\",\"logo\":{\"@type\":\"ImageObject\",\"inLanguage\":\"fr-FR\",\"@id\":\"https:\/\/swissbaker.ch\/fr\/#\/schema\/logo\/image\/\",\"url\":\"https:\/\/swissbaker.ch\/wp-content\/uploads\/2022\/04\/sbc-logo-yoast.jpg\",\"contentUrl\":\"https:\/\/swissbaker.ch\/wp-content\/uploads\/2022\/04\/sbc-logo-yoast.jpg\",\"width\":512,\"height\":512,\"caption\":\"Schweizerischer B\u00e4cker-Confiseurmeister-Verband\"},\"image\":{\"@id\":\"https:\/\/swissbaker.ch\/fr\/#\/schema\/logo\/image\/\"},\"sameAs\":[\"https:\/\/www.facebook.com\/swissbaker.ch\",\"https:\/\/x.com\/ch_swissbaker\"]},{\"@type\":\"Person\",\"@id\":\"https:\/\/swissbaker.ch\/fr\/#\/schema\/person\/058ac47619f7da53df62aba60f939b78\",\"name\":\"azureart\",\"image\":{\"@type\":\"ImageObject\",\"inLanguage\":\"fr-FR\",\"@id\":\"https:\/\/swissbaker.ch\/fr\/#\/schema\/person\/image\/\",\"url\":\"https:\/\/secure.gravatar.com\/avatar\/be04dd3098fd612c83067af4f7a295384c93cb6a9112f51beb9d2f477d25da61?s=96&d=mm&r=g\",\"contentUrl\":\"https:\/\/secure.gravatar.com\/avatar\/be04dd3098fd612c83067af4f7a295384c93cb6a9112f51beb9d2f477d25da61?s=96&d=mm&r=g\",\"caption\":\"azureart\"},\"sameAs\":[\"https:\/\/swissbaker.ch\"],\"url\":\"https:\/\/swissbaker.ch\/fr\/panissimo-news\/author\/pixel-ahoi\/\"}]}<\/script>\n<!-- \/ Yoast SEO Premium plugin. -->","yoast_head_json":{"title":"Mon m\u00e9tier, la musique, mes passions | SBC","robots":{"index":"index","follow":"follow","max-snippet":"max-snippet:-1","max-image-preview":"max-image-preview:large","max-video-preview":"max-video-preview:-1"},"canonical":"https:\/\/swissbaker.ch\/fr\/panissimo-news\/mon-metier-la-musique-mes-passions\/","og_locale":"fr_FR","og_type":"article","og_title":"Mon m\u00e9tier, la musique, mes passions","og_description":"A c\u00f4t\u00e9 de son travail, la boulang\u00e8re-confiseuse \u00e9m\u00e9rite M\u00e9lissa Pittet joue d\u2019un instrument. Ses deux passions lui permettent de partager des moments d\u2019\u00e9motion avec le public. J\u2019ai d\u00e9couvert les joies de la pratique de la musique d\u00e8s l\u2019\u00e2ge de 6 ans en suivant des cours au sein de l\u2019\u00e9cole de musique d\u2019Aclens (VD). Apr\u00e8s quelques ann\u00e9es d\u2019apprentissage assidu, j\u2019ai int\u00e9gr\u00e9 [&hellip;]","og_url":"https:\/\/swissbaker.ch\/fr\/panissimo-news\/mon-metier-la-musique-mes-passions\/","og_site_name":"SBC","article_publisher":"https:\/\/www.facebook.com\/swissbaker.ch","article_published_time":"2018-07-11T14:22:00+00:00","article_modified_time":"2022-05-13T13:30:08+00:00","og_image":[{"width":800,"height":474,"url":"https:\/\/swissbaker.ch\/wp-content\/uploads\/2022\/04\/OurFuture_Melissa_Pittet_web.jpeg","type":"image\/jpeg"}],"author":"azureart","twitter_card":"summary_large_image","twitter_creator":"@ch_swissbaker","twitter_site":"@ch_swissbaker","twitter_misc":{"Written by":"azureart","Est. reading time":"3 minutes"},"schema":{"@context":"https:\/\/schema.org","@graph":[{"@type":"Article","@id":"https:\/\/swissbaker.ch\/fr\/panissimo-news\/mon-metier-la-musique-mes-passions\/#article","isPartOf":{"@id":"https:\/\/swissbaker.ch\/fr\/panissimo-news\/mon-metier-la-musique-mes-passions\/"},"author":{"name":"azureart","@id":"https:\/\/swissbaker.ch\/fr\/#\/schema\/person\/058ac47619f7da53df62aba60f939b78"},"headline":"Mon m\u00e9tier, la musique, mes passions","datePublished":"2018-07-11T14:22:00+00:00","dateModified":"2022-05-13T13:30:08+00:00","mainEntityOfPage":{"@id":"https:\/\/swissbaker.ch\/fr\/panissimo-news\/mon-metier-la-musique-mes-passions\/"},"wordCount":464,"commentCount":0,"publisher":{"@id":"https:\/\/swissbaker.ch\/fr\/#organization"},"image":{"@id":"https:\/\/swissbaker.ch\/fr\/panissimo-news\/mon-metier-la-musique-mes-passions\/#primaryimage"},"thumbnailUrl":"https:\/\/swissbaker.ch\/wp-content\/uploads\/2022\/04\/OurFuture_Melissa_Pittet_web.jpeg","articleSection":["Our Future"],"inLanguage":"fr-FR","potentialAction":[{"@type":"CommentAction","name":"Comment","target":["https:\/\/swissbaker.ch\/fr\/panissimo-news\/mon-metier-la-musique-mes-passions\/#respond"]}]},{"@type":"WebPage","@id":"https:\/\/swissbaker.ch\/fr\/panissimo-news\/mon-metier-la-musique-mes-passions\/","url":"https:\/\/swissbaker.ch\/fr\/panissimo-news\/mon-metier-la-musique-mes-passions\/","name":"Mon m\u00e9tier, la musique, mes passions | SBC","isPartOf":{"@id":"https:\/\/swissbaker.ch\/fr\/#website"},"primaryImageOfPage":{"@id":"https:\/\/swissbaker.ch\/fr\/panissimo-news\/mon-metier-la-musique-mes-passions\/#primaryimage"},"image":{"@id":"https:\/\/swissbaker.ch\/fr\/panissimo-news\/mon-metier-la-musique-mes-passions\/#primaryimage"},"thumbnailUrl":"https:\/\/swissbaker.ch\/wp-content\/uploads\/2022\/04\/OurFuture_Melissa_Pittet_web.jpeg","datePublished":"2018-07-11T14:22:00+00:00","dateModified":"2022-05-13T13:30:08+00:00","breadcrumb":{"@id":"https:\/\/swissbaker.ch\/fr\/panissimo-news\/mon-metier-la-musique-mes-passions\/#breadcrumb"},"inLanguage":"fr-FR","potentialAction":[{"@type":"ReadAction","target":["https:\/\/swissbaker.ch\/fr\/panissimo-news\/mon-metier-la-musique-mes-passions\/"]}]},{"@type":"ImageObject","inLanguage":"fr-FR","@id":"https:\/\/swissbaker.ch\/fr\/panissimo-news\/mon-metier-la-musique-mes-passions\/#primaryimage","url":"https:\/\/swissbaker.ch\/wp-content\/uploads\/2022\/04\/OurFuture_Melissa_Pittet_web.jpeg","contentUrl":"https:\/\/swissbaker.ch\/wp-content\/uploads\/2022\/04\/OurFuture_Melissa_Pittet_web.jpeg","width":800,"height":474,"caption":"Mon m\u00e9tier, la musique, mes passions"},{"@type":"BreadcrumbList","@id":"https:\/\/swissbaker.ch\/fr\/panissimo-news\/mon-metier-la-musique-mes-passions\/#breadcrumb","itemListElement":[{"@type":"ListItem","position":1,"name":"","item":"https:\/\/swissbaker.ch\/fr\/"},{"@type":"ListItem","position":2,"name":"Our Future","item":"https:\/\/swissbaker.ch\/fr\/panissimo-news\/category\/our-future-fr\/"},{"@type":"ListItem","position":3,"name":"Mon m\u00e9tier, la musique, mes passions"}]},{"@type":"WebSite","@id":"https:\/\/swissbaker.ch\/fr\/#website","url":"https:\/\/swissbaker.ch\/fr\/","name":"SBC","description":"","publisher":{"@id":"https:\/\/swissbaker.ch\/fr\/#organization"},"potentialAction":[{"@type":"SearchAction","target":{"@type":"EntryPoint","urlTemplate":"https:\/\/swissbaker.ch\/fr\/?s={search_term_string}"},"query-input":{"@type":"PropertyValueSpecification","valueRequired":true,"valueName":"search_term_string"}}],"inLanguage":"fr-FR"},{"@type":"Organization","@id":"https:\/\/swissbaker.ch\/fr\/#organization","name":"Schweizerischer B\u00e4cker-Confiseurmeister-Verband","url":"https:\/\/swissbaker.ch\/fr\/","logo":{"@type":"ImageObject","inLanguage":"fr-FR","@id":"https:\/\/swissbaker.ch\/fr\/#\/schema\/logo\/image\/","url":"https:\/\/swissbaker.ch\/wp-content\/uploads\/2022\/04\/sbc-logo-yoast.jpg","contentUrl":"https:\/\/swissbaker.ch\/wp-content\/uploads\/2022\/04\/sbc-logo-yoast.jpg","width":512,"height":512,"caption":"Schweizerischer B\u00e4cker-Confiseurmeister-Verband"},"image":{"@id":"https:\/\/swissbaker.ch\/fr\/#\/schema\/logo\/image\/"},"sameAs":["https:\/\/www.facebook.com\/swissbaker.ch","https:\/\/x.com\/ch_swissbaker"]},{"@type":"Person","@id":"https:\/\/swissbaker.ch\/fr\/#\/schema\/person\/058ac47619f7da53df62aba60f939b78","name":"azureart","image":{"@type":"ImageObject","inLanguage":"fr-FR","@id":"https:\/\/swissbaker.ch\/fr\/#\/schema\/person\/image\/","url":"https:\/\/secure.gravatar.com\/avatar\/be04dd3098fd612c83067af4f7a295384c93cb6a9112f51beb9d2f477d25da61?s=96&d=mm&r=g","contentUrl":"https:\/\/secure.gravatar.com\/avatar\/be04dd3098fd612c83067af4f7a295384c93cb6a9112f51beb9d2f477d25da61?s=96&d=mm&r=g","caption":"azureart"},"sameAs":["https:\/\/swissbaker.ch"],"url":"https:\/\/swissbaker.ch\/fr\/panissimo-news\/author\/pixel-ahoi\/"}]}},"_links":{"self":[{"href":"https:\/\/swissbaker.ch\/fr\/wp-json\/wp\/v2\/posts\/9969","targetHints":{"allow":["GET"]}}],"collection":[{"href":"https:\/\/swissbaker.ch\/fr\/wp-json\/wp\/v2\/posts"}],"about":[{"href":"https:\/\/swissbaker.ch\/fr\/wp-json\/wp\/v2\/types\/post"}],"author":[{"embeddable":true,"href":"https:\/\/swissbaker.ch\/fr\/wp-json\/wp\/v2\/users\/1"}],"replies":[{"embeddable":true,"href":"https:\/\/swissbaker.ch\/fr\/wp-json\/wp\/v2\/comments?post=9969"}],"version-history":[{"count":0,"href":"https:\/\/swissbaker.ch\/fr\/wp-json\/wp\/v2\/posts\/9969\/revisions"}],"wp:featuredmedia":[{"embeddable":true,"href":"https:\/\/swissbaker.ch\/fr\/wp-json\/wp\/v2\/media\/6621"}],"wp:attachment":[{"href":"https:\/\/swissbaker.ch\/fr\/wp-json\/wp\/v2\/media?parent=9969"}],"wp:term":[{"taxonomy":"category","embeddable":true,"href":"https:\/\/swissbaker.ch\/fr\/wp-json\/wp\/v2\/categories?post=9969"},{"taxonomy":"post_tag","embeddable":true,"href":"https:\/\/swissbaker.ch\/fr\/wp-json\/wp\/v2\/tags?post=9969"}],"curies":[{"name":"wp","href":"https:\/\/api.w.org\/{rel}","templated":true}]}}