{"id":9963,"date":"2018-07-11T16:27:00","date_gmt":"2018-07-11T14:27:00","guid":{"rendered":"https:\/\/swissbaker.ch\/?p=9963"},"modified":"2022-05-13T15:09:08","modified_gmt":"2022-05-13T13:09:08","slug":"toute-la-suisse-tricotera-des-le-mois-de-juillet","status":"publish","type":"post","link":"https:\/\/swissbaker.ch\/fr\/panissimo-news\/toute-la-suisse-tricotera-des-le-mois-de-juillet\/","title":{"rendered":"Toute la Suisse tricotera d\u00e8s le mois de juillet"},"content":{"rendered":"\n<p><strong>Pro Senectute Suisse et Alzheimer Suisse cherchent \u00e0 collaborer avec les boulangers-confiseurs suisses pour une campagne de sensibilisation nationale sur la d\u00e9mence. L\u2019action de tricot de porte-gobelets d\u00e9marre ce mois.<\/strong><\/p>\n\n\n\n<p>Ceux qui le souhaitent peuvent d\u2019ores et d\u00e9j\u00e0 commencer \u00e0 tricoter durant cette premi\u00e8re phase. Les choses s\u00e9rieuses commenceront le 22\u202fjanvier 2019 pour le secteur, avec la vente de caf\u00e9s \u00e0 l\u2019emporter munis de porte-gobelets multicolores dans les boulangeries-confiseries.<\/p>\n\n\n\n<h2 class=\"wp-block-heading\" id=\"h-campagne-perso\">Campagne #perso<\/h2>\n\n\n\n<p>Pro Senectute Suisse et Alzheimer Suisse cherchent \u00e0 collaborer avec les boulangers-confiseurs suisses pour une campagne de sensibilisation nationale sur la d\u00e9mence et ses cons\u00e9quences au quotidien. La population suisse est invit\u00e9e \u00e0 tricoter des porte-gobelets multicolores. Chaque client achetant un caf\u00e9 \u00e0 l\u2019emporter s\u2019en verra remettre un en exclusivit\u00e9 par le personnel de vente. Il s\u2019agit d\u2019une campagne de promotion des ventes visant \u00e0 sensibiliser la population sur le sujet et non d\u2019une collecte.<\/p>\n\n\n\n<h2 class=\"wp-block-heading\">Action de tricot nationale<\/h2>\n\n\n\n<p>Le vendredi 21\u202fseptembre sera la Journ\u00e9e mondiale de la maladie d\u2019Alzheimer. Le lancement de l\u2019action de tricot est pr\u00e9vu \u00e0 cette occasion. Son slogan est \u00ab\u2009Tricotons contre l\u2019oubli\u2009!\u2009\u00bb. Toute personne souhaitant tricoter pourra participer \u00e0 l\u2019op\u00e9ration. Quelque 10\u2009000 personnes l\u2019ont fait dans le cadre d\u2019une autre action de tricot organis\u00e9e par le pass\u00e9 en Suisse. Cette premi\u00e8re \u00e9tape se d\u00e9roulera ind\u00e9pendamment des membres de la BCS, mais ceux qui souhaiteront y participer seront les bienvenus (les instructions de tricot pourront par exemple \u00eatre pos\u00e9es au caf\u00e9).<\/p>\n\n\n\n<p>Les partenaires de la campagne mettent \u00e0 disposition des affiches (A3) et des flyers (A5) avec instructions de tricot. Ces derniers peuvent \u00eatre command\u00e9s en adressant un courrier \u00e9lectronique \u00e0 <a href=\"javascript:linkTo_UnCryptMailto('ocknvq,mqoowpkmcvkqpBrtqugpgevwvg0ej');\">kommunikation(at)prosenectute.ch<\/a> indiquant le nombre d\u2019exemplaires souhait\u00e9s et l\u2019adresse pour l\u2019envoi. T\u00e9l\u00e9chargement sous <a href=\"https:\/\/www.swissbaker.ch\/fr\/infos-clients\/perso\/\">www.swissbaker.ch.<\/a><\/p>\n\n\n\n<h2 class=\"wp-block-heading\">Vente de caf\u00e9 avec porte-gobelet<\/h2>\n\n\n\n<p>Dans une deuxi\u00e8me phase, les boulangeries-confiseries de toute la Suisse seront invit\u00e9es \u00e0 participer \u00e0 cette action de promotion des ventes visant \u00e0 sensibiliser la population \u00e0 la d\u00e9mence. Le lancement de la vente de caf\u00e9 \u00e0 l\u2019emporter avec porte-gobelet est pr\u00e9vu le 22\u202fjanvier 2019. L\u2019action ne durera que tr\u00e8s peu de temps\u2009; probablement pr\u00e8s d\u2019une semaine, dans la limite de disponibilit\u00e9 des stocks de porte-gobelets.<\/p>\n\n\n\n<h2 class=\"wp-block-heading\">Inscription<\/h2>\n\n\n\n<p>Les membres de la BCS pourront s\u2019inscrire \u00e0 la campagne d\u00e8s le 21\u202fseptembre et commander le mat\u00e9riel y relatif \u2013 porte-gobelets tricot\u00e9s, informations et affiches \u2013 sur <a href=\"http:\/\/www.swissbaker.ch\/perso\">www.swissbaker.ch\/perso<\/a><\/p>\n\n\n\n<p>Sarah Stettler, marketing BCS<\/p>\n","protected":false},"excerpt":{"rendered":"<p>Pro Senectute Suisse et Alzheimer Suisse cherchent \u00e0 collaborer avec les boulangers-confiseurs suisses pour une campagne de sensibilisation nationale sur la d\u00e9mence. L\u2019action de tricot de porte-gobelets d\u00e9marre ce mois. Ceux qui le souhaitent peuvent d\u2019ores et d\u00e9j\u00e0 commencer \u00e0 tricoter durant cette premi\u00e8re phase. Les choses s\u00e9rieuses commenceront le 22\u202fjanvier 2019 pour le secteur, avec la vente de caf\u00e9s [&hellip;]<\/p>\n","protected":false},"author":1,"featured_media":6625,"comment_status":"open","ping_status":"closed","sticky":false,"template":"","format":"standard","meta":{"_acf_changed":false,"footnotes":""},"categories":[41],"tags":[],"class_list":["post-9963","post","type-post","status-publish","format-standard","has-post-thumbnail","hentry","category-association"],"acf":[],"yoast_head":"<!-- This site is optimized with the Yoast SEO Premium plugin v26.8 (Yoast SEO v26.8) - https:\/\/yoast.com\/product\/yoast-seo-premium-wordpress\/ -->\n<title>Toute la Suisse tricotera d\u00e8s le mois de juillet | SBC<\/title>\n<meta name=\"robots\" content=\"index, follow, max-snippet:-1, max-image-preview:large, max-video-preview:-1\" \/>\n<link rel=\"canonical\" href=\"https:\/\/swissbaker.ch\/fr\/panissimo-news\/toute-la-suisse-tricotera-des-le-mois-de-juillet\/\" \/>\n<meta property=\"og:locale\" content=\"fr_FR\" \/>\n<meta property=\"og:type\" content=\"article\" \/>\n<meta property=\"og:title\" content=\"Toute la Suisse tricotera d\u00e8s le mois de juillet\" \/>\n<meta property=\"og:description\" content=\"Pro Senectute Suisse et Alzheimer Suisse cherchent \u00e0 collaborer avec les boulangers-confiseurs suisses pour une campagne de sensibilisation nationale sur la d\u00e9mence. L\u2019action de tricot de porte-gobelets d\u00e9marre ce mois. Ceux qui le souhaitent peuvent d\u2019ores et d\u00e9j\u00e0 commencer \u00e0 tricoter durant cette premi\u00e8re phase. Les choses s\u00e9rieuses commenceront le 22\u202fjanvier 2019 pour le secteur, avec la vente de caf\u00e9s [&hellip;]\" \/>\n<meta property=\"og:url\" content=\"https:\/\/swissbaker.ch\/fr\/panissimo-news\/toute-la-suisse-tricotera-des-le-mois-de-juillet\/\" \/>\n<meta property=\"og:site_name\" content=\"SBC\" \/>\n<meta property=\"article:publisher\" content=\"https:\/\/www.facebook.com\/swissbaker.ch\" \/>\n<meta property=\"article:published_time\" content=\"2018-07-11T14:27:00+00:00\" \/>\n<meta property=\"article:modified_time\" content=\"2022-05-13T13:09:08+00:00\" \/>\n<meta property=\"og:image\" content=\"https:\/\/swissbaker.ch\/wp-content\/uploads\/2022\/04\/Pro_Senectute_Cupholder_Baeckermeister_Zentralvorstand_Praesentation-Kampagne_DE-41_V2_web.jpeg\" \/>\n\t<meta property=\"og:image:width\" content=\"800\" \/>\n\t<meta property=\"og:image:height\" content=\"474\" \/>\n\t<meta property=\"og:image:type\" content=\"image\/jpeg\" \/>\n<meta name=\"author\" content=\"azureart\" \/>\n<meta name=\"twitter:card\" content=\"summary_large_image\" \/>\n<meta name=\"twitter:creator\" content=\"@ch_swissbaker\" \/>\n<meta name=\"twitter:site\" content=\"@ch_swissbaker\" \/>\n<meta name=\"twitter:label1\" content=\"Written by\" \/>\n\t<meta name=\"twitter:data1\" content=\"azureart\" \/>\n\t<meta name=\"twitter:label2\" content=\"Est. reading time\" \/>\n\t<meta name=\"twitter:data2\" content=\"3 minutes\" \/>\n<script type=\"application\/ld+json\" class=\"yoast-schema-graph\">{\"@context\":\"https:\/\/schema.org\",\"@graph\":[{\"@type\":\"Article\",\"@id\":\"https:\/\/swissbaker.ch\/fr\/panissimo-news\/toute-la-suisse-tricotera-des-le-mois-de-juillet\/#article\",\"isPartOf\":{\"@id\":\"https:\/\/swissbaker.ch\/fr\/panissimo-news\/toute-la-suisse-tricotera-des-le-mois-de-juillet\/\"},\"author\":{\"name\":\"azureart\",\"@id\":\"https:\/\/swissbaker.ch\/fr\/#\/schema\/person\/058ac47619f7da53df62aba60f939b78\"},\"headline\":\"Toute la Suisse tricotera d\u00e8s le mois de juillet\",\"datePublished\":\"2018-07-11T14:27:00+00:00\",\"dateModified\":\"2022-05-13T13:09:08+00:00\",\"mainEntityOfPage\":{\"@id\":\"https:\/\/swissbaker.ch\/fr\/panissimo-news\/toute-la-suisse-tricotera-des-le-mois-de-juillet\/\"},\"wordCount\":430,\"commentCount\":0,\"publisher\":{\"@id\":\"https:\/\/swissbaker.ch\/fr\/#organization\"},\"image\":{\"@id\":\"https:\/\/swissbaker.ch\/fr\/panissimo-news\/toute-la-suisse-tricotera-des-le-mois-de-juillet\/#primaryimage\"},\"thumbnailUrl\":\"https:\/\/swissbaker.ch\/wp-content\/uploads\/2022\/04\/Pro_Senectute_Cupholder_Baeckermeister_Zentralvorstand_Praesentation-Kampagne_DE-41_V2_web.jpeg\",\"articleSection\":[\"Association\"],\"inLanguage\":\"fr-FR\",\"potentialAction\":[{\"@type\":\"CommentAction\",\"name\":\"Comment\",\"target\":[\"https:\/\/swissbaker.ch\/fr\/panissimo-news\/toute-la-suisse-tricotera-des-le-mois-de-juillet\/#respond\"]}]},{\"@type\":\"WebPage\",\"@id\":\"https:\/\/swissbaker.ch\/fr\/panissimo-news\/toute-la-suisse-tricotera-des-le-mois-de-juillet\/\",\"url\":\"https:\/\/swissbaker.ch\/fr\/panissimo-news\/toute-la-suisse-tricotera-des-le-mois-de-juillet\/\",\"name\":\"Toute la Suisse tricotera d\u00e8s le mois de juillet | SBC\",\"isPartOf\":{\"@id\":\"https:\/\/swissbaker.ch\/fr\/#website\"},\"primaryImageOfPage\":{\"@id\":\"https:\/\/swissbaker.ch\/fr\/panissimo-news\/toute-la-suisse-tricotera-des-le-mois-de-juillet\/#primaryimage\"},\"image\":{\"@id\":\"https:\/\/swissbaker.ch\/fr\/panissimo-news\/toute-la-suisse-tricotera-des-le-mois-de-juillet\/#primaryimage\"},\"thumbnailUrl\":\"https:\/\/swissbaker.ch\/wp-content\/uploads\/2022\/04\/Pro_Senectute_Cupholder_Baeckermeister_Zentralvorstand_Praesentation-Kampagne_DE-41_V2_web.jpeg\",\"datePublished\":\"2018-07-11T14:27:00+00:00\",\"dateModified\":\"2022-05-13T13:09:08+00:00\",\"breadcrumb\":{\"@id\":\"https:\/\/swissbaker.ch\/fr\/panissimo-news\/toute-la-suisse-tricotera-des-le-mois-de-juillet\/#breadcrumb\"},\"inLanguage\":\"fr-FR\",\"potentialAction\":[{\"@type\":\"ReadAction\",\"target\":[\"https:\/\/swissbaker.ch\/fr\/panissimo-news\/toute-la-suisse-tricotera-des-le-mois-de-juillet\/\"]}]},{\"@type\":\"ImageObject\",\"inLanguage\":\"fr-FR\",\"@id\":\"https:\/\/swissbaker.ch\/fr\/panissimo-news\/toute-la-suisse-tricotera-des-le-mois-de-juillet\/#primaryimage\",\"url\":\"https:\/\/swissbaker.ch\/wp-content\/uploads\/2022\/04\/Pro_Senectute_Cupholder_Baeckermeister_Zentralvorstand_Praesentation-Kampagne_DE-41_V2_web.jpeg\",\"contentUrl\":\"https:\/\/swissbaker.ch\/wp-content\/uploads\/2022\/04\/Pro_Senectute_Cupholder_Baeckermeister_Zentralvorstand_Praesentation-Kampagne_DE-41_V2_web.jpeg\",\"width\":800,\"height\":474,\"caption\":\"Toute la Suisse tricotera d\u00e8s le mois de juillet\"},{\"@type\":\"BreadcrumbList\",\"@id\":\"https:\/\/swissbaker.ch\/fr\/panissimo-news\/toute-la-suisse-tricotera-des-le-mois-de-juillet\/#breadcrumb\",\"itemListElement\":[{\"@type\":\"ListItem\",\"position\":1,\"name\":\"\",\"item\":\"https:\/\/swissbaker.ch\/fr\/\"},{\"@type\":\"ListItem\",\"position\":2,\"name\":\"Association\",\"item\":\"https:\/\/swissbaker.ch\/fr\/panissimo-news\/category\/association\/\"},{\"@type\":\"ListItem\",\"position\":3,\"name\":\"Toute la Suisse tricotera d\u00e8s le mois de juillet\"}]},{\"@type\":\"WebSite\",\"@id\":\"https:\/\/swissbaker.ch\/fr\/#website\",\"url\":\"https:\/\/swissbaker.ch\/fr\/\",\"name\":\"SBC\",\"description\":\"\",\"publisher\":{\"@id\":\"https:\/\/swissbaker.ch\/fr\/#organization\"},\"potentialAction\":[{\"@type\":\"SearchAction\",\"target\":{\"@type\":\"EntryPoint\",\"urlTemplate\":\"https:\/\/swissbaker.ch\/fr\/?s={search_term_string}\"},\"query-input\":{\"@type\":\"PropertyValueSpecification\",\"valueRequired\":true,\"valueName\":\"search_term_string\"}}],\"inLanguage\":\"fr-FR\"},{\"@type\":\"Organization\",\"@id\":\"https:\/\/swissbaker.ch\/fr\/#organization\",\"name\":\"Schweizerischer B\u00e4cker-Confiseurmeister-Verband\",\"url\":\"https:\/\/swissbaker.ch\/fr\/\",\"logo\":{\"@type\":\"ImageObject\",\"inLanguage\":\"fr-FR\",\"@id\":\"https:\/\/swissbaker.ch\/fr\/#\/schema\/logo\/image\/\",\"url\":\"https:\/\/swissbaker.ch\/wp-content\/uploads\/2022\/04\/sbc-logo-yoast.jpg\",\"contentUrl\":\"https:\/\/swissbaker.ch\/wp-content\/uploads\/2022\/04\/sbc-logo-yoast.jpg\",\"width\":512,\"height\":512,\"caption\":\"Schweizerischer B\u00e4cker-Confiseurmeister-Verband\"},\"image\":{\"@id\":\"https:\/\/swissbaker.ch\/fr\/#\/schema\/logo\/image\/\"},\"sameAs\":[\"https:\/\/www.facebook.com\/swissbaker.ch\",\"https:\/\/x.com\/ch_swissbaker\"]},{\"@type\":\"Person\",\"@id\":\"https:\/\/swissbaker.ch\/fr\/#\/schema\/person\/058ac47619f7da53df62aba60f939b78\",\"name\":\"azureart\",\"image\":{\"@type\":\"ImageObject\",\"inLanguage\":\"fr-FR\",\"@id\":\"https:\/\/swissbaker.ch\/fr\/#\/schema\/person\/image\/\",\"url\":\"https:\/\/secure.gravatar.com\/avatar\/be04dd3098fd612c83067af4f7a295384c93cb6a9112f51beb9d2f477d25da61?s=96&d=mm&r=g\",\"contentUrl\":\"https:\/\/secure.gravatar.com\/avatar\/be04dd3098fd612c83067af4f7a295384c93cb6a9112f51beb9d2f477d25da61?s=96&d=mm&r=g\",\"caption\":\"azureart\"},\"sameAs\":[\"https:\/\/swissbaker.ch\"],\"url\":\"https:\/\/swissbaker.ch\/fr\/panissimo-news\/author\/pixel-ahoi\/\"}]}<\/script>\n<!-- \/ Yoast SEO Premium plugin. -->","yoast_head_json":{"title":"Toute la Suisse tricotera d\u00e8s le mois de juillet | SBC","robots":{"index":"index","follow":"follow","max-snippet":"max-snippet:-1","max-image-preview":"max-image-preview:large","max-video-preview":"max-video-preview:-1"},"canonical":"https:\/\/swissbaker.ch\/fr\/panissimo-news\/toute-la-suisse-tricotera-des-le-mois-de-juillet\/","og_locale":"fr_FR","og_type":"article","og_title":"Toute la Suisse tricotera d\u00e8s le mois de juillet","og_description":"Pro Senectute Suisse et Alzheimer Suisse cherchent \u00e0 collaborer avec les boulangers-confiseurs suisses pour une campagne de sensibilisation nationale sur la d\u00e9mence. L\u2019action de tricot de porte-gobelets d\u00e9marre ce mois. Ceux qui le souhaitent peuvent d\u2019ores et d\u00e9j\u00e0 commencer \u00e0 tricoter durant cette premi\u00e8re phase. Les choses s\u00e9rieuses commenceront le 22\u202fjanvier 2019 pour le secteur, avec la vente de caf\u00e9s [&hellip;]","og_url":"https:\/\/swissbaker.ch\/fr\/panissimo-news\/toute-la-suisse-tricotera-des-le-mois-de-juillet\/","og_site_name":"SBC","article_publisher":"https:\/\/www.facebook.com\/swissbaker.ch","article_published_time":"2018-07-11T14:27:00+00:00","article_modified_time":"2022-05-13T13:09:08+00:00","og_image":[{"width":800,"height":474,"url":"https:\/\/swissbaker.ch\/wp-content\/uploads\/2022\/04\/Pro_Senectute_Cupholder_Baeckermeister_Zentralvorstand_Praesentation-Kampagne_DE-41_V2_web.jpeg","type":"image\/jpeg"}],"author":"azureart","twitter_card":"summary_large_image","twitter_creator":"@ch_swissbaker","twitter_site":"@ch_swissbaker","twitter_misc":{"Written by":"azureart","Est. reading time":"3 minutes"},"schema":{"@context":"https:\/\/schema.org","@graph":[{"@type":"Article","@id":"https:\/\/swissbaker.ch\/fr\/panissimo-news\/toute-la-suisse-tricotera-des-le-mois-de-juillet\/#article","isPartOf":{"@id":"https:\/\/swissbaker.ch\/fr\/panissimo-news\/toute-la-suisse-tricotera-des-le-mois-de-juillet\/"},"author":{"name":"azureart","@id":"https:\/\/swissbaker.ch\/fr\/#\/schema\/person\/058ac47619f7da53df62aba60f939b78"},"headline":"Toute la Suisse tricotera d\u00e8s le mois de juillet","datePublished":"2018-07-11T14:27:00+00:00","dateModified":"2022-05-13T13:09:08+00:00","mainEntityOfPage":{"@id":"https:\/\/swissbaker.ch\/fr\/panissimo-news\/toute-la-suisse-tricotera-des-le-mois-de-juillet\/"},"wordCount":430,"commentCount":0,"publisher":{"@id":"https:\/\/swissbaker.ch\/fr\/#organization"},"image":{"@id":"https:\/\/swissbaker.ch\/fr\/panissimo-news\/toute-la-suisse-tricotera-des-le-mois-de-juillet\/#primaryimage"},"thumbnailUrl":"https:\/\/swissbaker.ch\/wp-content\/uploads\/2022\/04\/Pro_Senectute_Cupholder_Baeckermeister_Zentralvorstand_Praesentation-Kampagne_DE-41_V2_web.jpeg","articleSection":["Association"],"inLanguage":"fr-FR","potentialAction":[{"@type":"CommentAction","name":"Comment","target":["https:\/\/swissbaker.ch\/fr\/panissimo-news\/toute-la-suisse-tricotera-des-le-mois-de-juillet\/#respond"]}]},{"@type":"WebPage","@id":"https:\/\/swissbaker.ch\/fr\/panissimo-news\/toute-la-suisse-tricotera-des-le-mois-de-juillet\/","url":"https:\/\/swissbaker.ch\/fr\/panissimo-news\/toute-la-suisse-tricotera-des-le-mois-de-juillet\/","name":"Toute la Suisse tricotera d\u00e8s le mois de juillet | SBC","isPartOf":{"@id":"https:\/\/swissbaker.ch\/fr\/#website"},"primaryImageOfPage":{"@id":"https:\/\/swissbaker.ch\/fr\/panissimo-news\/toute-la-suisse-tricotera-des-le-mois-de-juillet\/#primaryimage"},"image":{"@id":"https:\/\/swissbaker.ch\/fr\/panissimo-news\/toute-la-suisse-tricotera-des-le-mois-de-juillet\/#primaryimage"},"thumbnailUrl":"https:\/\/swissbaker.ch\/wp-content\/uploads\/2022\/04\/Pro_Senectute_Cupholder_Baeckermeister_Zentralvorstand_Praesentation-Kampagne_DE-41_V2_web.jpeg","datePublished":"2018-07-11T14:27:00+00:00","dateModified":"2022-05-13T13:09:08+00:00","breadcrumb":{"@id":"https:\/\/swissbaker.ch\/fr\/panissimo-news\/toute-la-suisse-tricotera-des-le-mois-de-juillet\/#breadcrumb"},"inLanguage":"fr-FR","potentialAction":[{"@type":"ReadAction","target":["https:\/\/swissbaker.ch\/fr\/panissimo-news\/toute-la-suisse-tricotera-des-le-mois-de-juillet\/"]}]},{"@type":"ImageObject","inLanguage":"fr-FR","@id":"https:\/\/swissbaker.ch\/fr\/panissimo-news\/toute-la-suisse-tricotera-des-le-mois-de-juillet\/#primaryimage","url":"https:\/\/swissbaker.ch\/wp-content\/uploads\/2022\/04\/Pro_Senectute_Cupholder_Baeckermeister_Zentralvorstand_Praesentation-Kampagne_DE-41_V2_web.jpeg","contentUrl":"https:\/\/swissbaker.ch\/wp-content\/uploads\/2022\/04\/Pro_Senectute_Cupholder_Baeckermeister_Zentralvorstand_Praesentation-Kampagne_DE-41_V2_web.jpeg","width":800,"height":474,"caption":"Toute la Suisse tricotera d\u00e8s le mois de juillet"},{"@type":"BreadcrumbList","@id":"https:\/\/swissbaker.ch\/fr\/panissimo-news\/toute-la-suisse-tricotera-des-le-mois-de-juillet\/#breadcrumb","itemListElement":[{"@type":"ListItem","position":1,"name":"","item":"https:\/\/swissbaker.ch\/fr\/"},{"@type":"ListItem","position":2,"name":"Association","item":"https:\/\/swissbaker.ch\/fr\/panissimo-news\/category\/association\/"},{"@type":"ListItem","position":3,"name":"Toute la Suisse tricotera d\u00e8s le mois de juillet"}]},{"@type":"WebSite","@id":"https:\/\/swissbaker.ch\/fr\/#website","url":"https:\/\/swissbaker.ch\/fr\/","name":"SBC","description":"","publisher":{"@id":"https:\/\/swissbaker.ch\/fr\/#organization"},"potentialAction":[{"@type":"SearchAction","target":{"@type":"EntryPoint","urlTemplate":"https:\/\/swissbaker.ch\/fr\/?s={search_term_string}"},"query-input":{"@type":"PropertyValueSpecification","valueRequired":true,"valueName":"search_term_string"}}],"inLanguage":"fr-FR"},{"@type":"Organization","@id":"https:\/\/swissbaker.ch\/fr\/#organization","name":"Schweizerischer B\u00e4cker-Confiseurmeister-Verband","url":"https:\/\/swissbaker.ch\/fr\/","logo":{"@type":"ImageObject","inLanguage":"fr-FR","@id":"https:\/\/swissbaker.ch\/fr\/#\/schema\/logo\/image\/","url":"https:\/\/swissbaker.ch\/wp-content\/uploads\/2022\/04\/sbc-logo-yoast.jpg","contentUrl":"https:\/\/swissbaker.ch\/wp-content\/uploads\/2022\/04\/sbc-logo-yoast.jpg","width":512,"height":512,"caption":"Schweizerischer B\u00e4cker-Confiseurmeister-Verband"},"image":{"@id":"https:\/\/swissbaker.ch\/fr\/#\/schema\/logo\/image\/"},"sameAs":["https:\/\/www.facebook.com\/swissbaker.ch","https:\/\/x.com\/ch_swissbaker"]},{"@type":"Person","@id":"https:\/\/swissbaker.ch\/fr\/#\/schema\/person\/058ac47619f7da53df62aba60f939b78","name":"azureart","image":{"@type":"ImageObject","inLanguage":"fr-FR","@id":"https:\/\/swissbaker.ch\/fr\/#\/schema\/person\/image\/","url":"https:\/\/secure.gravatar.com\/avatar\/be04dd3098fd612c83067af4f7a295384c93cb6a9112f51beb9d2f477d25da61?s=96&d=mm&r=g","contentUrl":"https:\/\/secure.gravatar.com\/avatar\/be04dd3098fd612c83067af4f7a295384c93cb6a9112f51beb9d2f477d25da61?s=96&d=mm&r=g","caption":"azureart"},"sameAs":["https:\/\/swissbaker.ch"],"url":"https:\/\/swissbaker.ch\/fr\/panissimo-news\/author\/pixel-ahoi\/"}]}},"_links":{"self":[{"href":"https:\/\/swissbaker.ch\/fr\/wp-json\/wp\/v2\/posts\/9963","targetHints":{"allow":["GET"]}}],"collection":[{"href":"https:\/\/swissbaker.ch\/fr\/wp-json\/wp\/v2\/posts"}],"about":[{"href":"https:\/\/swissbaker.ch\/fr\/wp-json\/wp\/v2\/types\/post"}],"author":[{"embeddable":true,"href":"https:\/\/swissbaker.ch\/fr\/wp-json\/wp\/v2\/users\/1"}],"replies":[{"embeddable":true,"href":"https:\/\/swissbaker.ch\/fr\/wp-json\/wp\/v2\/comments?post=9963"}],"version-history":[{"count":0,"href":"https:\/\/swissbaker.ch\/fr\/wp-json\/wp\/v2\/posts\/9963\/revisions"}],"wp:featuredmedia":[{"embeddable":true,"href":"https:\/\/swissbaker.ch\/fr\/wp-json\/wp\/v2\/media\/6625"}],"wp:attachment":[{"href":"https:\/\/swissbaker.ch\/fr\/wp-json\/wp\/v2\/media?parent=9963"}],"wp:term":[{"taxonomy":"category","embeddable":true,"href":"https:\/\/swissbaker.ch\/fr\/wp-json\/wp\/v2\/categories?post=9963"},{"taxonomy":"post_tag","embeddable":true,"href":"https:\/\/swissbaker.ch\/fr\/wp-json\/wp\/v2\/tags?post=9963"}],"curies":[{"name":"wp","href":"https:\/\/api.w.org\/{rel}","templated":true}]}}