{"id":9960,"date":"2018-07-11T16:28:00","date_gmt":"2018-07-11T14:28:00","guid":{"rendered":"https:\/\/swissbaker.ch\/?p=9960"},"modified":"2022-05-13T14:56:11","modified_gmt":"2022-05-13T12:56:11","slug":"spectacle-animations-et-exposition-au-programme","status":"publish","type":"post","link":"https:\/\/swissbaker.ch\/fr\/panissimo-news\/spectacle-animations-et-exposition-au-programme\/","title":{"rendered":"Spectacle, animations et exposition au programme"},"content":{"rendered":"\n<p><strong>A la mi-ao\u00fbt et durant plus de dix jours, Echallens vivra au rythme de la 4e F\u00eate du bl\u00e9 et du pain. Plus de 150 manifestations attendent les visiteurs.<\/strong><\/p>\n\n\n\n<p>La F\u00eate du bl\u00e9 et du pain (FBP) approche. L\u2019\u00e9v\u00e9nement, qui a lieu une fois par d\u00e9cennie, se d\u00e9roulera du 15 au 26\u202fao\u00fbt \u00e0 Echallens. Les huit repr\u00e9sentations du spectacle Solstices seront le point central de la manifestation. Son histoire s\u2019inspire de lieux et de faits r\u00e9els du Gros-de-Vaud, du bl\u00e9 et du pain.<\/p>\n\n\n\n<h2 class=\"wp-block-heading\" id=\"h-compagnons-intronises\">Compagnons intronis\u00e9s<\/h2>\n\n\n\n<p>Les organisateurs ont \u00e9galement pr\u00e9vu quelque 150 manifestations\u2009: artistes, com\u00e9diens, musiciens, sportifs, stands, gastronomies\u2026 Des ateliers sur le chocolat, sur la fabrication du pain et un parcours didactique sur l\u2019ensemble de la fili\u00e8re c\u00e9r\u00e9ali\u00e8re sont notamment au programme. A noter \u00e9galement\u2009: le 19\u202fao\u00fbt, les Chevaliers du bon pain organiseront un chapitre solennel, en pr\u00e9sence des confr\u00e9ries cantonales et de confr\u00e9ries bachiques et gastronomiques. A cette occasion, une vingtaine de Compagnons du pain seront intronis\u00e9s sur les coups de dix heures. Les diff\u00e9rentes confr\u00e9ries prendront part au cort\u00e8ge de la FBP, dans les rues d\u2019Echallens. Le d\u00e9fil\u00e9 devrait durer une heure et demie.<\/p>\n\n\n\n<p>Depuis la mi-juin, La promenade des sculpteurs guide le public vers la place qui accueillera le spectacle. Cette exposition en plein regroupe 19 sculptures d\u2019artistes de la r\u00e9gion. Elle est \u00e0 d\u00e9couvrir jusqu\u2019\u00e0 la fin ao\u00fbt.<\/p>\n\n\n\n<p>Pour plus d\u2019informations sont disponibles sur le site de la f\u00eate\u2009:<\/p>\n\n\n\n<p><a href=\"http:\/\/Spectacle, animations et exposition au programme   A la mi-ao\u00fbt et durant plus de dix jours, Echallens vivra au rythme de la 4e F\u00eate du bl\u00e9 et du pain. Plus de 150 manifestations attendent les visiteurs.    La F\u00eate du bl\u00e9 et du pain (FBP) approche. L\u2019\u00e9v\u00e9nement, qui a lieu une fois par d\u00e9cennie, se d\u00e9roulera du 15 au 26\u202fao\u00fbt \u00e0 Echallens. Les huit repr\u00e9sentations du spectacle Solstices seront le point central de la manifestation. Son histoire s\u2019inspire de lieux et de faits r\u00e9els du Gros-de-Vaud, du bl\u00e9 et du pain.  Compagnons intronis\u00e9s  Les organisateurs ont \u00e9galement pr\u00e9vu quelque 150 manifestations\u2009: artistes, com\u00e9diens, musiciens, sportifs, stands, gastronomies\u2026 Des ateliers sur le chocolat, sur la fabrication du pain et un parcours didactique sur l\u2019ensemble de la fili\u00e8re c\u00e9r\u00e9ali\u00e8re sont notamment au programme. A noter \u00e9galement\u2009: le 19\u202fao\u00fbt, les Chevaliers du bon pain organiseront un chapitre solennel, en pr\u00e9sence des confr\u00e9ries cantonales et de confr\u00e9ries bachiques et gastronomiques. A cette occasion, une vingtaine de Compagnons du pain seront intronis\u00e9s sur les coups de dix heures. Les diff\u00e9rentes confr\u00e9ries prendront part au cort\u00e8ge de la FBP, dans les rues d\u2019Echallens. Le d\u00e9fil\u00e9 devrait durer une heure et demie.  Depuis la mi-juin, La promenade des sculpteurs guide le public vers la place qui accueillera le spectacle. Cette exposition en plein regroupe 19 sculptures d\u2019artistes de la r\u00e9gion. Elle est \u00e0 d\u00e9couvrir jusqu\u2019\u00e0 la fin ao\u00fbt.  Pour plus d\u2019informations sont disponibles sur le site de la f\u00eate\u2009:  www.echallens2018.ch  www.fb.com\/fetedubleetdupain\">www.echallens2018.ch<\/a><\/p>\n\n\n\n<p><a href=\"http:\/\/www.fb.com\/fetedubleetdupain\">www.fb.com\/fetedubleetdupain<\/a><\/p>\n","protected":false},"excerpt":{"rendered":"<p>A la mi-ao\u00fbt et durant plus de dix jours, Echallens vivra au rythme de la 4e F\u00eate du bl\u00e9 et du pain. Plus de 150 manifestations attendent les visiteurs. La F\u00eate du bl\u00e9 et du pain (FBP) approche. L\u2019\u00e9v\u00e9nement, qui a lieu une fois par d\u00e9cennie, se d\u00e9roulera du 15 au 26\u202fao\u00fbt \u00e0 Echallens. Les huit repr\u00e9sentations du spectacle Solstices [&hellip;]<\/p>\n","protected":false},"author":1,"featured_media":6628,"comment_status":"open","ping_status":"closed","sticky":false,"template":"","format":"standard","meta":{"_acf_changed":false,"footnotes":""},"categories":[45,46],"tags":[],"class_list":["post-9960","post","type-post","status-publish","format-standard","has-post-thumbnail","hentry","category-environnement-professionnel","category-evenement"],"acf":[],"yoast_head":"<!-- This site is optimized with the Yoast SEO Premium plugin v26.8 (Yoast SEO v26.8) - https:\/\/yoast.com\/product\/yoast-seo-premium-wordpress\/ -->\n<title>Spectacle, animations et exposition au programme | SBC<\/title>\n<meta name=\"robots\" content=\"index, follow, max-snippet:-1, max-image-preview:large, max-video-preview:-1\" \/>\n<link rel=\"canonical\" href=\"https:\/\/swissbaker.ch\/fr\/panissimo-news\/spectacle-animations-et-exposition-au-programme\/\" \/>\n<meta property=\"og:locale\" content=\"fr_FR\" \/>\n<meta property=\"og:type\" content=\"article\" \/>\n<meta property=\"og:title\" content=\"Spectacle, animations et exposition au programme\" \/>\n<meta property=\"og:description\" content=\"A la mi-ao\u00fbt et durant plus de dix jours, Echallens vivra au rythme de la 4e F\u00eate du bl\u00e9 et du pain. Plus de 150 manifestations attendent les visiteurs. La F\u00eate du bl\u00e9 et du pain (FBP) approche. L\u2019\u00e9v\u00e9nement, qui a lieu une fois par d\u00e9cennie, se d\u00e9roulera du 15 au 26\u202fao\u00fbt \u00e0 Echallens. Les huit repr\u00e9sentations du spectacle Solstices [&hellip;]\" \/>\n<meta property=\"og:url\" content=\"https:\/\/swissbaker.ch\/fr\/panissimo-news\/spectacle-animations-et-exposition-au-programme\/\" \/>\n<meta property=\"og:site_name\" content=\"SBC\" \/>\n<meta property=\"article:publisher\" content=\"https:\/\/www.facebook.com\/swissbaker.ch\" \/>\n<meta property=\"article:published_time\" content=\"2018-07-11T14:28:00+00:00\" \/>\n<meta property=\"article:modified_time\" content=\"2022-05-13T12:56:11+00:00\" \/>\n<meta property=\"og:image\" content=\"https:\/\/swissbaker.ch\/wp-content\/uploads\/2022\/04\/EchallensS0812_web.jpeg\" \/>\n\t<meta property=\"og:image:width\" content=\"800\" \/>\n\t<meta property=\"og:image:height\" content=\"474\" \/>\n\t<meta property=\"og:image:type\" content=\"image\/jpeg\" \/>\n<meta name=\"author\" content=\"azureart\" \/>\n<meta name=\"twitter:card\" content=\"summary_large_image\" \/>\n<meta name=\"twitter:creator\" content=\"@ch_swissbaker\" \/>\n<meta name=\"twitter:site\" content=\"@ch_swissbaker\" \/>\n<meta name=\"twitter:label1\" content=\"Written by\" \/>\n\t<meta name=\"twitter:data1\" content=\"azureart\" \/>\n\t<meta name=\"twitter:label2\" content=\"Est. reading time\" \/>\n\t<meta name=\"twitter:data2\" content=\"2 minutes\" \/>\n<script type=\"application\/ld+json\" class=\"yoast-schema-graph\">{\"@context\":\"https:\/\/schema.org\",\"@graph\":[{\"@type\":\"Article\",\"@id\":\"https:\/\/swissbaker.ch\/fr\/panissimo-news\/spectacle-animations-et-exposition-au-programme\/#article\",\"isPartOf\":{\"@id\":\"https:\/\/swissbaker.ch\/fr\/panissimo-news\/spectacle-animations-et-exposition-au-programme\/\"},\"author\":{\"name\":\"azureart\",\"@id\":\"https:\/\/swissbaker.ch\/fr\/#\/schema\/person\/058ac47619f7da53df62aba60f939b78\"},\"headline\":\"Spectacle, animations et exposition au programme\",\"datePublished\":\"2018-07-11T14:28:00+00:00\",\"dateModified\":\"2022-05-13T12:56:11+00:00\",\"mainEntityOfPage\":{\"@id\":\"https:\/\/swissbaker.ch\/fr\/panissimo-news\/spectacle-animations-et-exposition-au-programme\/\"},\"wordCount\":276,\"commentCount\":0,\"publisher\":{\"@id\":\"https:\/\/swissbaker.ch\/fr\/#organization\"},\"image\":{\"@id\":\"https:\/\/swissbaker.ch\/fr\/panissimo-news\/spectacle-animations-et-exposition-au-programme\/#primaryimage\"},\"thumbnailUrl\":\"https:\/\/swissbaker.ch\/wp-content\/uploads\/2022\/04\/EchallensS0812_web.jpeg\",\"articleSection\":[\"Environnement professionnel\",\"Ev\u00e9nement\"],\"inLanguage\":\"fr-FR\",\"potentialAction\":[{\"@type\":\"CommentAction\",\"name\":\"Comment\",\"target\":[\"https:\/\/swissbaker.ch\/fr\/panissimo-news\/spectacle-animations-et-exposition-au-programme\/#respond\"]}]},{\"@type\":\"WebPage\",\"@id\":\"https:\/\/swissbaker.ch\/fr\/panissimo-news\/spectacle-animations-et-exposition-au-programme\/\",\"url\":\"https:\/\/swissbaker.ch\/fr\/panissimo-news\/spectacle-animations-et-exposition-au-programme\/\",\"name\":\"Spectacle, animations et exposition au programme | SBC\",\"isPartOf\":{\"@id\":\"https:\/\/swissbaker.ch\/fr\/#website\"},\"primaryImageOfPage\":{\"@id\":\"https:\/\/swissbaker.ch\/fr\/panissimo-news\/spectacle-animations-et-exposition-au-programme\/#primaryimage\"},\"image\":{\"@id\":\"https:\/\/swissbaker.ch\/fr\/panissimo-news\/spectacle-animations-et-exposition-au-programme\/#primaryimage\"},\"thumbnailUrl\":\"https:\/\/swissbaker.ch\/wp-content\/uploads\/2022\/04\/EchallensS0812_web.jpeg\",\"datePublished\":\"2018-07-11T14:28:00+00:00\",\"dateModified\":\"2022-05-13T12:56:11+00:00\",\"breadcrumb\":{\"@id\":\"https:\/\/swissbaker.ch\/fr\/panissimo-news\/spectacle-animations-et-exposition-au-programme\/#breadcrumb\"},\"inLanguage\":\"fr-FR\",\"potentialAction\":[{\"@type\":\"ReadAction\",\"target\":[\"https:\/\/swissbaker.ch\/fr\/panissimo-news\/spectacle-animations-et-exposition-au-programme\/\"]}]},{\"@type\":\"ImageObject\",\"inLanguage\":\"fr-FR\",\"@id\":\"https:\/\/swissbaker.ch\/fr\/panissimo-news\/spectacle-animations-et-exposition-au-programme\/#primaryimage\",\"url\":\"https:\/\/swissbaker.ch\/wp-content\/uploads\/2022\/04\/EchallensS0812_web.jpeg\",\"contentUrl\":\"https:\/\/swissbaker.ch\/wp-content\/uploads\/2022\/04\/EchallensS0812_web.jpeg\",\"width\":800,\"height\":474,\"caption\":\"Spectacle, animations et exposition au programme\"},{\"@type\":\"BreadcrumbList\",\"@id\":\"https:\/\/swissbaker.ch\/fr\/panissimo-news\/spectacle-animations-et-exposition-au-programme\/#breadcrumb\",\"itemListElement\":[{\"@type\":\"ListItem\",\"position\":1,\"name\":\"\",\"item\":\"https:\/\/swissbaker.ch\/fr\/\"},{\"@type\":\"ListItem\",\"position\":2,\"name\":\"Ev\u00e9nement\",\"item\":\"https:\/\/swissbaker.ch\/fr\/panissimo-news\/category\/evenement\/\"},{\"@type\":\"ListItem\",\"position\":3,\"name\":\"Spectacle, animations et exposition au programme\"}]},{\"@type\":\"WebSite\",\"@id\":\"https:\/\/swissbaker.ch\/fr\/#website\",\"url\":\"https:\/\/swissbaker.ch\/fr\/\",\"name\":\"SBC\",\"description\":\"\",\"publisher\":{\"@id\":\"https:\/\/swissbaker.ch\/fr\/#organization\"},\"potentialAction\":[{\"@type\":\"SearchAction\",\"target\":{\"@type\":\"EntryPoint\",\"urlTemplate\":\"https:\/\/swissbaker.ch\/fr\/?s={search_term_string}\"},\"query-input\":{\"@type\":\"PropertyValueSpecification\",\"valueRequired\":true,\"valueName\":\"search_term_string\"}}],\"inLanguage\":\"fr-FR\"},{\"@type\":\"Organization\",\"@id\":\"https:\/\/swissbaker.ch\/fr\/#organization\",\"name\":\"Schweizerischer B\u00e4cker-Confiseurmeister-Verband\",\"url\":\"https:\/\/swissbaker.ch\/fr\/\",\"logo\":{\"@type\":\"ImageObject\",\"inLanguage\":\"fr-FR\",\"@id\":\"https:\/\/swissbaker.ch\/fr\/#\/schema\/logo\/image\/\",\"url\":\"https:\/\/swissbaker.ch\/wp-content\/uploads\/2022\/04\/sbc-logo-yoast.jpg\",\"contentUrl\":\"https:\/\/swissbaker.ch\/wp-content\/uploads\/2022\/04\/sbc-logo-yoast.jpg\",\"width\":512,\"height\":512,\"caption\":\"Schweizerischer B\u00e4cker-Confiseurmeister-Verband\"},\"image\":{\"@id\":\"https:\/\/swissbaker.ch\/fr\/#\/schema\/logo\/image\/\"},\"sameAs\":[\"https:\/\/www.facebook.com\/swissbaker.ch\",\"https:\/\/x.com\/ch_swissbaker\"]},{\"@type\":\"Person\",\"@id\":\"https:\/\/swissbaker.ch\/fr\/#\/schema\/person\/058ac47619f7da53df62aba60f939b78\",\"name\":\"azureart\",\"image\":{\"@type\":\"ImageObject\",\"inLanguage\":\"fr-FR\",\"@id\":\"https:\/\/swissbaker.ch\/fr\/#\/schema\/person\/image\/\",\"url\":\"https:\/\/secure.gravatar.com\/avatar\/be04dd3098fd612c83067af4f7a295384c93cb6a9112f51beb9d2f477d25da61?s=96&d=mm&r=g\",\"contentUrl\":\"https:\/\/secure.gravatar.com\/avatar\/be04dd3098fd612c83067af4f7a295384c93cb6a9112f51beb9d2f477d25da61?s=96&d=mm&r=g\",\"caption\":\"azureart\"},\"sameAs\":[\"https:\/\/swissbaker.ch\"],\"url\":\"https:\/\/swissbaker.ch\/fr\/panissimo-news\/author\/pixel-ahoi\/\"}]}<\/script>\n<!-- \/ Yoast SEO Premium plugin. -->","yoast_head_json":{"title":"Spectacle, animations et exposition au programme | SBC","robots":{"index":"index","follow":"follow","max-snippet":"max-snippet:-1","max-image-preview":"max-image-preview:large","max-video-preview":"max-video-preview:-1"},"canonical":"https:\/\/swissbaker.ch\/fr\/panissimo-news\/spectacle-animations-et-exposition-au-programme\/","og_locale":"fr_FR","og_type":"article","og_title":"Spectacle, animations et exposition au programme","og_description":"A la mi-ao\u00fbt et durant plus de dix jours, Echallens vivra au rythme de la 4e F\u00eate du bl\u00e9 et du pain. Plus de 150 manifestations attendent les visiteurs. La F\u00eate du bl\u00e9 et du pain (FBP) approche. L\u2019\u00e9v\u00e9nement, qui a lieu une fois par d\u00e9cennie, se d\u00e9roulera du 15 au 26\u202fao\u00fbt \u00e0 Echallens. Les huit repr\u00e9sentations du spectacle Solstices [&hellip;]","og_url":"https:\/\/swissbaker.ch\/fr\/panissimo-news\/spectacle-animations-et-exposition-au-programme\/","og_site_name":"SBC","article_publisher":"https:\/\/www.facebook.com\/swissbaker.ch","article_published_time":"2018-07-11T14:28:00+00:00","article_modified_time":"2022-05-13T12:56:11+00:00","og_image":[{"width":800,"height":474,"url":"https:\/\/swissbaker.ch\/wp-content\/uploads\/2022\/04\/EchallensS0812_web.jpeg","type":"image\/jpeg"}],"author":"azureart","twitter_card":"summary_large_image","twitter_creator":"@ch_swissbaker","twitter_site":"@ch_swissbaker","twitter_misc":{"Written by":"azureart","Est. reading time":"2 minutes"},"schema":{"@context":"https:\/\/schema.org","@graph":[{"@type":"Article","@id":"https:\/\/swissbaker.ch\/fr\/panissimo-news\/spectacle-animations-et-exposition-au-programme\/#article","isPartOf":{"@id":"https:\/\/swissbaker.ch\/fr\/panissimo-news\/spectacle-animations-et-exposition-au-programme\/"},"author":{"name":"azureart","@id":"https:\/\/swissbaker.ch\/fr\/#\/schema\/person\/058ac47619f7da53df62aba60f939b78"},"headline":"Spectacle, animations et exposition au programme","datePublished":"2018-07-11T14:28:00+00:00","dateModified":"2022-05-13T12:56:11+00:00","mainEntityOfPage":{"@id":"https:\/\/swissbaker.ch\/fr\/panissimo-news\/spectacle-animations-et-exposition-au-programme\/"},"wordCount":276,"commentCount":0,"publisher":{"@id":"https:\/\/swissbaker.ch\/fr\/#organization"},"image":{"@id":"https:\/\/swissbaker.ch\/fr\/panissimo-news\/spectacle-animations-et-exposition-au-programme\/#primaryimage"},"thumbnailUrl":"https:\/\/swissbaker.ch\/wp-content\/uploads\/2022\/04\/EchallensS0812_web.jpeg","articleSection":["Environnement professionnel","Ev\u00e9nement"],"inLanguage":"fr-FR","potentialAction":[{"@type":"CommentAction","name":"Comment","target":["https:\/\/swissbaker.ch\/fr\/panissimo-news\/spectacle-animations-et-exposition-au-programme\/#respond"]}]},{"@type":"WebPage","@id":"https:\/\/swissbaker.ch\/fr\/panissimo-news\/spectacle-animations-et-exposition-au-programme\/","url":"https:\/\/swissbaker.ch\/fr\/panissimo-news\/spectacle-animations-et-exposition-au-programme\/","name":"Spectacle, animations et exposition au programme | SBC","isPartOf":{"@id":"https:\/\/swissbaker.ch\/fr\/#website"},"primaryImageOfPage":{"@id":"https:\/\/swissbaker.ch\/fr\/panissimo-news\/spectacle-animations-et-exposition-au-programme\/#primaryimage"},"image":{"@id":"https:\/\/swissbaker.ch\/fr\/panissimo-news\/spectacle-animations-et-exposition-au-programme\/#primaryimage"},"thumbnailUrl":"https:\/\/swissbaker.ch\/wp-content\/uploads\/2022\/04\/EchallensS0812_web.jpeg","datePublished":"2018-07-11T14:28:00+00:00","dateModified":"2022-05-13T12:56:11+00:00","breadcrumb":{"@id":"https:\/\/swissbaker.ch\/fr\/panissimo-news\/spectacle-animations-et-exposition-au-programme\/#breadcrumb"},"inLanguage":"fr-FR","potentialAction":[{"@type":"ReadAction","target":["https:\/\/swissbaker.ch\/fr\/panissimo-news\/spectacle-animations-et-exposition-au-programme\/"]}]},{"@type":"ImageObject","inLanguage":"fr-FR","@id":"https:\/\/swissbaker.ch\/fr\/panissimo-news\/spectacle-animations-et-exposition-au-programme\/#primaryimage","url":"https:\/\/swissbaker.ch\/wp-content\/uploads\/2022\/04\/EchallensS0812_web.jpeg","contentUrl":"https:\/\/swissbaker.ch\/wp-content\/uploads\/2022\/04\/EchallensS0812_web.jpeg","width":800,"height":474,"caption":"Spectacle, animations et exposition au programme"},{"@type":"BreadcrumbList","@id":"https:\/\/swissbaker.ch\/fr\/panissimo-news\/spectacle-animations-et-exposition-au-programme\/#breadcrumb","itemListElement":[{"@type":"ListItem","position":1,"name":"","item":"https:\/\/swissbaker.ch\/fr\/"},{"@type":"ListItem","position":2,"name":"Ev\u00e9nement","item":"https:\/\/swissbaker.ch\/fr\/panissimo-news\/category\/evenement\/"},{"@type":"ListItem","position":3,"name":"Spectacle, animations et exposition au programme"}]},{"@type":"WebSite","@id":"https:\/\/swissbaker.ch\/fr\/#website","url":"https:\/\/swissbaker.ch\/fr\/","name":"SBC","description":"","publisher":{"@id":"https:\/\/swissbaker.ch\/fr\/#organization"},"potentialAction":[{"@type":"SearchAction","target":{"@type":"EntryPoint","urlTemplate":"https:\/\/swissbaker.ch\/fr\/?s={search_term_string}"},"query-input":{"@type":"PropertyValueSpecification","valueRequired":true,"valueName":"search_term_string"}}],"inLanguage":"fr-FR"},{"@type":"Organization","@id":"https:\/\/swissbaker.ch\/fr\/#organization","name":"Schweizerischer B\u00e4cker-Confiseurmeister-Verband","url":"https:\/\/swissbaker.ch\/fr\/","logo":{"@type":"ImageObject","inLanguage":"fr-FR","@id":"https:\/\/swissbaker.ch\/fr\/#\/schema\/logo\/image\/","url":"https:\/\/swissbaker.ch\/wp-content\/uploads\/2022\/04\/sbc-logo-yoast.jpg","contentUrl":"https:\/\/swissbaker.ch\/wp-content\/uploads\/2022\/04\/sbc-logo-yoast.jpg","width":512,"height":512,"caption":"Schweizerischer B\u00e4cker-Confiseurmeister-Verband"},"image":{"@id":"https:\/\/swissbaker.ch\/fr\/#\/schema\/logo\/image\/"},"sameAs":["https:\/\/www.facebook.com\/swissbaker.ch","https:\/\/x.com\/ch_swissbaker"]},{"@type":"Person","@id":"https:\/\/swissbaker.ch\/fr\/#\/schema\/person\/058ac47619f7da53df62aba60f939b78","name":"azureart","image":{"@type":"ImageObject","inLanguage":"fr-FR","@id":"https:\/\/swissbaker.ch\/fr\/#\/schema\/person\/image\/","url":"https:\/\/secure.gravatar.com\/avatar\/be04dd3098fd612c83067af4f7a295384c93cb6a9112f51beb9d2f477d25da61?s=96&d=mm&r=g","contentUrl":"https:\/\/secure.gravatar.com\/avatar\/be04dd3098fd612c83067af4f7a295384c93cb6a9112f51beb9d2f477d25da61?s=96&d=mm&r=g","caption":"azureart"},"sameAs":["https:\/\/swissbaker.ch"],"url":"https:\/\/swissbaker.ch\/fr\/panissimo-news\/author\/pixel-ahoi\/"}]}},"_links":{"self":[{"href":"https:\/\/swissbaker.ch\/fr\/wp-json\/wp\/v2\/posts\/9960","targetHints":{"allow":["GET"]}}],"collection":[{"href":"https:\/\/swissbaker.ch\/fr\/wp-json\/wp\/v2\/posts"}],"about":[{"href":"https:\/\/swissbaker.ch\/fr\/wp-json\/wp\/v2\/types\/post"}],"author":[{"embeddable":true,"href":"https:\/\/swissbaker.ch\/fr\/wp-json\/wp\/v2\/users\/1"}],"replies":[{"embeddable":true,"href":"https:\/\/swissbaker.ch\/fr\/wp-json\/wp\/v2\/comments?post=9960"}],"version-history":[{"count":0,"href":"https:\/\/swissbaker.ch\/fr\/wp-json\/wp\/v2\/posts\/9960\/revisions"}],"wp:featuredmedia":[{"embeddable":true,"href":"https:\/\/swissbaker.ch\/fr\/wp-json\/wp\/v2\/media\/6628"}],"wp:attachment":[{"href":"https:\/\/swissbaker.ch\/fr\/wp-json\/wp\/v2\/media?parent=9960"}],"wp:term":[{"taxonomy":"category","embeddable":true,"href":"https:\/\/swissbaker.ch\/fr\/wp-json\/wp\/v2\/categories?post=9960"},{"taxonomy":"post_tag","embeddable":true,"href":"https:\/\/swissbaker.ch\/fr\/wp-json\/wp\/v2\/tags?post=9960"}],"curies":[{"name":"wp","href":"https:\/\/api.w.org\/{rel}","templated":true}]}}