{"id":9864,"date":"2018-05-30T08:57:00","date_gmt":"2018-05-30T06:57:00","guid":{"rendered":"https:\/\/swissbaker.ch\/?p=9864"},"modified":"2022-05-13T09:08:08","modified_gmt":"2022-05-13T07:08:08","slug":"avec-la-benediction-de-mgr-schwery","status":"publish","type":"post","link":"https:\/\/swissbaker.ch\/fr\/panissimo-news\/avec-la-benediction-de-mgr-schwery\/","title":{"rendered":"Avec la b\u00e9n\u00e9diction de Mgr Schwery"},"content":{"rendered":"\n<p><strong>La Confr\u00e9rie valaisanne des chevaliers du bon pain a tenu son chapitre bisannuel, le 25\u202fmai \u00e0 Sion. Les artisans du Vieux Pays ont accueilli deux chevaliers, dont Didier Michellod, nouveau Pain d\u2019or. En fin de manifestation, le cardinal Henri Schwery a b\u00e9ni la nouvelle pelle.<\/strong><\/p>\n\n\n\n<p><br><a href=\"https:\/\/www.swissbaker.ch\/fr\/news-panissimo\/galeries-de-photos\/galeries-2018\/chevaliers-du-bon-pain-valais\/\">Plus de photos ..\u00bb<\/a><\/p>\n\n\n\n<p>Les chevaliers valaisans ont choisi le march\u00e9 de Sion, comme cadre \u00e0 leur chapitre. En t\u00eate du cort\u00e8ge, des \u00e9l\u00e8ves de 5H ont arpent\u00e9 les pav\u00e9s de la vieille ville et offert 500 petits pains et ballons \u00e0 la population. Ils \u00e9taient suivis des repr\u00e9sentants <a href=\"http:\/\/www.chevaliersdubonpain.ch\/\">des confr\u00e9ries cantonales<\/a> et des invit\u00e9s.<\/p>\n\n\n\n<p>En pr\u00e9sence du Grand-Ma\u00eetre de l\u2019Ordre Robert Porchet, la confr\u00e9rie a accueilli deux membres dans ses rangs, devant l\u2019H\u00f4tel de ville : Fr\u00e9d\u00e9ric Epiney (Sierre) et Didier Michellod (Sembrancher). Les deux boulangers ont atteint le nombre de points n\u00e9cessaires \u00e0 leur adh\u00e9sion, lors des trois derni\u00e8res taxations. A peine fait chevalier, M.\u202fMichellod s\u2019est vu remettre le Pain d\u2019or. Le boulanger du Bas-Valais a obtenu le meilleur r\u00e9sultat des \u00e9valuations.Trois autres artisans ont confirm\u00e9 leur titre : Christof Simeon (Reckingen) et St\u00e9fan Biner (Zermatt) ont accroch\u00e9 une deuxi\u00e8me \u00e9toile \u00e0 leur sautoir, et Charly Kronig (M\u00f6rel) une premi\u00e8re.<\/p>\n\n\n\n<p>Quatre personnalit\u00e9s sont devenues Compagnon, pour leurs services rendus \u00e0 la boulangerie : Anne-Claude Luisier, ing\u00e9nieur agronome et directrice de Brocoli Factory, Christophe Darbellay, conseiller d\u2019Etat, Marcel Delasoie, d\u00e9put\u00e9, et Philippe Varone, pr\u00e9sident de Sion.<\/p>\n\n\n\n<p>Moment particulier de la c\u00e9r\u00e9monie : Mgr\u202fHenri Schwery a b\u00e9ni la nouvelle pelle \u00e0 pain de la confr\u00e9rie, une premi\u00e8re pour le cardinal. \u00ab J\u2019ai d\u00fb rechercher dans nos livres eccl\u00e9siastiques la formule ad\u00e9quate. (\u2026) La b\u00e9n\u00e9diction d\u2019une pelle \u00e0 pain n\u2019existe pas dans la documentation du Vatican\u2026 Il faudra que je dise un mot au pape Fran\u00e7ois \u00bb, a-t-il pr\u00e9cis\u00e9, sourire en coin.<br>Un ap\u00e9ritif et une pr\u00e9sentation de sp\u00e9cialit\u00e9s de Didier Michellod ont cl\u00f4tur\u00e9 la matin\u00e9e.<\/p>\n","protected":false},"excerpt":{"rendered":"<p>La Confr\u00e9rie valaisanne des chevaliers du bon pain a tenu son chapitre bisannuel, le 25\u202fmai \u00e0 Sion. Les artisans du Vieux Pays ont accueilli deux chevaliers, dont Didier Michellod, nouveau Pain d\u2019or. En fin de manifestation, le cardinal Henri Schwery a b\u00e9ni la nouvelle pelle. Plus de photos ..\u00bb Les chevaliers valaisans ont choisi le march\u00e9 de Sion, comme cadre [&hellip;]<\/p>\n","protected":false},"author":1,"featured_media":9865,"comment_status":"open","ping_status":"closed","sticky":false,"template":"","format":"standard","meta":{"_acf_changed":false,"footnotes":""},"categories":[41,46],"tags":[],"class_list":["post-9864","post","type-post","status-publish","format-standard","has-post-thumbnail","hentry","category-association","category-evenement"],"acf":[],"yoast_head":"<!-- This site is optimized with the Yoast SEO Premium plugin v26.8 (Yoast SEO v26.8) - https:\/\/yoast.com\/product\/yoast-seo-premium-wordpress\/ -->\n<title>Avec la b\u00e9n\u00e9diction de Mgr Schwery | SBC<\/title>\n<meta name=\"robots\" content=\"index, follow, max-snippet:-1, max-image-preview:large, max-video-preview:-1\" \/>\n<link rel=\"canonical\" href=\"https:\/\/swissbaker.ch\/fr\/panissimo-news\/avec-la-benediction-de-mgr-schwery\/\" \/>\n<meta property=\"og:locale\" content=\"fr_FR\" \/>\n<meta property=\"og:type\" content=\"article\" \/>\n<meta property=\"og:title\" content=\"Avec la b\u00e9n\u00e9diction de Mgr Schwery\" \/>\n<meta property=\"og:description\" content=\"La Confr\u00e9rie valaisanne des chevaliers du bon pain a tenu son chapitre bisannuel, le 25\u202fmai \u00e0 Sion. Les artisans du Vieux Pays ont accueilli deux chevaliers, dont Didier Michellod, nouveau Pain d\u2019or. En fin de manifestation, le cardinal Henri Schwery a b\u00e9ni la nouvelle pelle. Plus de photos ..\u00bb Les chevaliers valaisans ont choisi le march\u00e9 de Sion, comme cadre [&hellip;]\" \/>\n<meta property=\"og:url\" content=\"https:\/\/swissbaker.ch\/fr\/panissimo-news\/avec-la-benediction-de-mgr-schwery\/\" \/>\n<meta property=\"og:site_name\" content=\"SBC\" \/>\n<meta property=\"article:publisher\" content=\"https:\/\/www.facebook.com\/swissbaker.ch\" \/>\n<meta property=\"article:published_time\" content=\"2018-05-30T06:57:00+00:00\" \/>\n<meta property=\"article:modified_time\" content=\"2022-05-13T07:08:08+00:00\" \/>\n<meta property=\"og:image\" content=\"https:\/\/swissbaker.ch\/wp-content\/uploads\/2022\/05\/chevaliers.jpg\" \/>\n\t<meta property=\"og:image:width\" content=\"800\" \/>\n\t<meta property=\"og:image:height\" content=\"474\" \/>\n\t<meta property=\"og:image:type\" content=\"image\/jpeg\" \/>\n<meta name=\"author\" content=\"azureart\" \/>\n<meta name=\"twitter:card\" content=\"summary_large_image\" \/>\n<meta name=\"twitter:creator\" content=\"@ch_swissbaker\" \/>\n<meta name=\"twitter:site\" content=\"@ch_swissbaker\" \/>\n<meta name=\"twitter:label1\" content=\"Written by\" \/>\n\t<meta name=\"twitter:data1\" content=\"azureart\" \/>\n\t<meta name=\"twitter:label2\" content=\"Est. reading time\" \/>\n\t<meta name=\"twitter:data2\" content=\"2 minutes\" \/>\n<script type=\"application\/ld+json\" class=\"yoast-schema-graph\">{\"@context\":\"https:\/\/schema.org\",\"@graph\":[{\"@type\":\"Article\",\"@id\":\"https:\/\/swissbaker.ch\/fr\/panissimo-news\/avec-la-benediction-de-mgr-schwery\/#article\",\"isPartOf\":{\"@id\":\"https:\/\/swissbaker.ch\/fr\/panissimo-news\/avec-la-benediction-de-mgr-schwery\/\"},\"author\":{\"name\":\"azureart\",\"@id\":\"https:\/\/swissbaker.ch\/fr\/#\/schema\/person\/058ac47619f7da53df62aba60f939b78\"},\"headline\":\"Avec la b\u00e9n\u00e9diction de Mgr Schwery\",\"datePublished\":\"2018-05-30T06:57:00+00:00\",\"dateModified\":\"2022-05-13T07:08:08+00:00\",\"mainEntityOfPage\":{\"@id\":\"https:\/\/swissbaker.ch\/fr\/panissimo-news\/avec-la-benediction-de-mgr-schwery\/\"},\"wordCount\":357,\"commentCount\":0,\"publisher\":{\"@id\":\"https:\/\/swissbaker.ch\/fr\/#organization\"},\"image\":{\"@id\":\"https:\/\/swissbaker.ch\/fr\/panissimo-news\/avec-la-benediction-de-mgr-schwery\/#primaryimage\"},\"thumbnailUrl\":\"https:\/\/swissbaker.ch\/wp-content\/uploads\/2022\/05\/chevaliers.jpg\",\"articleSection\":[\"Association\",\"Ev\u00e9nement\"],\"inLanguage\":\"fr-FR\",\"potentialAction\":[{\"@type\":\"CommentAction\",\"name\":\"Comment\",\"target\":[\"https:\/\/swissbaker.ch\/fr\/panissimo-news\/avec-la-benediction-de-mgr-schwery\/#respond\"]}]},{\"@type\":\"WebPage\",\"@id\":\"https:\/\/swissbaker.ch\/fr\/panissimo-news\/avec-la-benediction-de-mgr-schwery\/\",\"url\":\"https:\/\/swissbaker.ch\/fr\/panissimo-news\/avec-la-benediction-de-mgr-schwery\/\",\"name\":\"Avec la b\u00e9n\u00e9diction de Mgr Schwery | SBC\",\"isPartOf\":{\"@id\":\"https:\/\/swissbaker.ch\/fr\/#website\"},\"primaryImageOfPage\":{\"@id\":\"https:\/\/swissbaker.ch\/fr\/panissimo-news\/avec-la-benediction-de-mgr-schwery\/#primaryimage\"},\"image\":{\"@id\":\"https:\/\/swissbaker.ch\/fr\/panissimo-news\/avec-la-benediction-de-mgr-schwery\/#primaryimage\"},\"thumbnailUrl\":\"https:\/\/swissbaker.ch\/wp-content\/uploads\/2022\/05\/chevaliers.jpg\",\"datePublished\":\"2018-05-30T06:57:00+00:00\",\"dateModified\":\"2022-05-13T07:08:08+00:00\",\"breadcrumb\":{\"@id\":\"https:\/\/swissbaker.ch\/fr\/panissimo-news\/avec-la-benediction-de-mgr-schwery\/#breadcrumb\"},\"inLanguage\":\"fr-FR\",\"potentialAction\":[{\"@type\":\"ReadAction\",\"target\":[\"https:\/\/swissbaker.ch\/fr\/panissimo-news\/avec-la-benediction-de-mgr-schwery\/\"]}]},{\"@type\":\"ImageObject\",\"inLanguage\":\"fr-FR\",\"@id\":\"https:\/\/swissbaker.ch\/fr\/panissimo-news\/avec-la-benediction-de-mgr-schwery\/#primaryimage\",\"url\":\"https:\/\/swissbaker.ch\/wp-content\/uploads\/2022\/05\/chevaliers.jpg\",\"contentUrl\":\"https:\/\/swissbaker.ch\/wp-content\/uploads\/2022\/05\/chevaliers.jpg\",\"width\":800,\"height\":474,\"caption\":\"Avec la b\u00e9n\u00e9diction de Mgr Schwery\"},{\"@type\":\"BreadcrumbList\",\"@id\":\"https:\/\/swissbaker.ch\/fr\/panissimo-news\/avec-la-benediction-de-mgr-schwery\/#breadcrumb\",\"itemListElement\":[{\"@type\":\"ListItem\",\"position\":1,\"name\":\"\",\"item\":\"https:\/\/swissbaker.ch\/fr\/\"},{\"@type\":\"ListItem\",\"position\":2,\"name\":\"Association\",\"item\":\"https:\/\/swissbaker.ch\/fr\/panissimo-news\/category\/association\/\"},{\"@type\":\"ListItem\",\"position\":3,\"name\":\"Avec la b\u00e9n\u00e9diction de Mgr Schwery\"}]},{\"@type\":\"WebSite\",\"@id\":\"https:\/\/swissbaker.ch\/fr\/#website\",\"url\":\"https:\/\/swissbaker.ch\/fr\/\",\"name\":\"SBC\",\"description\":\"\",\"publisher\":{\"@id\":\"https:\/\/swissbaker.ch\/fr\/#organization\"},\"potentialAction\":[{\"@type\":\"SearchAction\",\"target\":{\"@type\":\"EntryPoint\",\"urlTemplate\":\"https:\/\/swissbaker.ch\/fr\/?s={search_term_string}\"},\"query-input\":{\"@type\":\"PropertyValueSpecification\",\"valueRequired\":true,\"valueName\":\"search_term_string\"}}],\"inLanguage\":\"fr-FR\"},{\"@type\":\"Organization\",\"@id\":\"https:\/\/swissbaker.ch\/fr\/#organization\",\"name\":\"Schweizerischer B\u00e4cker-Confiseurmeister-Verband\",\"url\":\"https:\/\/swissbaker.ch\/fr\/\",\"logo\":{\"@type\":\"ImageObject\",\"inLanguage\":\"fr-FR\",\"@id\":\"https:\/\/swissbaker.ch\/fr\/#\/schema\/logo\/image\/\",\"url\":\"https:\/\/swissbaker.ch\/wp-content\/uploads\/2022\/04\/sbc-logo-yoast.jpg\",\"contentUrl\":\"https:\/\/swissbaker.ch\/wp-content\/uploads\/2022\/04\/sbc-logo-yoast.jpg\",\"width\":512,\"height\":512,\"caption\":\"Schweizerischer B\u00e4cker-Confiseurmeister-Verband\"},\"image\":{\"@id\":\"https:\/\/swissbaker.ch\/fr\/#\/schema\/logo\/image\/\"},\"sameAs\":[\"https:\/\/www.facebook.com\/swissbaker.ch\",\"https:\/\/x.com\/ch_swissbaker\"]},{\"@type\":\"Person\",\"@id\":\"https:\/\/swissbaker.ch\/fr\/#\/schema\/person\/058ac47619f7da53df62aba60f939b78\",\"name\":\"azureart\",\"image\":{\"@type\":\"ImageObject\",\"inLanguage\":\"fr-FR\",\"@id\":\"https:\/\/swissbaker.ch\/fr\/#\/schema\/person\/image\/\",\"url\":\"https:\/\/secure.gravatar.com\/avatar\/be04dd3098fd612c83067af4f7a295384c93cb6a9112f51beb9d2f477d25da61?s=96&d=mm&r=g\",\"contentUrl\":\"https:\/\/secure.gravatar.com\/avatar\/be04dd3098fd612c83067af4f7a295384c93cb6a9112f51beb9d2f477d25da61?s=96&d=mm&r=g\",\"caption\":\"azureart\"},\"sameAs\":[\"https:\/\/swissbaker.ch\"],\"url\":\"https:\/\/swissbaker.ch\/fr\/panissimo-news\/author\/pixel-ahoi\/\"}]}<\/script>\n<!-- \/ Yoast SEO Premium plugin. -->","yoast_head_json":{"title":"Avec la b\u00e9n\u00e9diction de Mgr Schwery | SBC","robots":{"index":"index","follow":"follow","max-snippet":"max-snippet:-1","max-image-preview":"max-image-preview:large","max-video-preview":"max-video-preview:-1"},"canonical":"https:\/\/swissbaker.ch\/fr\/panissimo-news\/avec-la-benediction-de-mgr-schwery\/","og_locale":"fr_FR","og_type":"article","og_title":"Avec la b\u00e9n\u00e9diction de Mgr Schwery","og_description":"La Confr\u00e9rie valaisanne des chevaliers du bon pain a tenu son chapitre bisannuel, le 25\u202fmai \u00e0 Sion. Les artisans du Vieux Pays ont accueilli deux chevaliers, dont Didier Michellod, nouveau Pain d\u2019or. En fin de manifestation, le cardinal Henri Schwery a b\u00e9ni la nouvelle pelle. Plus de photos ..\u00bb Les chevaliers valaisans ont choisi le march\u00e9 de Sion, comme cadre [&hellip;]","og_url":"https:\/\/swissbaker.ch\/fr\/panissimo-news\/avec-la-benediction-de-mgr-schwery\/","og_site_name":"SBC","article_publisher":"https:\/\/www.facebook.com\/swissbaker.ch","article_published_time":"2018-05-30T06:57:00+00:00","article_modified_time":"2022-05-13T07:08:08+00:00","og_image":[{"width":800,"height":474,"url":"https:\/\/swissbaker.ch\/wp-content\/uploads\/2022\/05\/chevaliers.jpg","type":"image\/jpeg"}],"author":"azureart","twitter_card":"summary_large_image","twitter_creator":"@ch_swissbaker","twitter_site":"@ch_swissbaker","twitter_misc":{"Written by":"azureart","Est. reading time":"2 minutes"},"schema":{"@context":"https:\/\/schema.org","@graph":[{"@type":"Article","@id":"https:\/\/swissbaker.ch\/fr\/panissimo-news\/avec-la-benediction-de-mgr-schwery\/#article","isPartOf":{"@id":"https:\/\/swissbaker.ch\/fr\/panissimo-news\/avec-la-benediction-de-mgr-schwery\/"},"author":{"name":"azureart","@id":"https:\/\/swissbaker.ch\/fr\/#\/schema\/person\/058ac47619f7da53df62aba60f939b78"},"headline":"Avec la b\u00e9n\u00e9diction de Mgr Schwery","datePublished":"2018-05-30T06:57:00+00:00","dateModified":"2022-05-13T07:08:08+00:00","mainEntityOfPage":{"@id":"https:\/\/swissbaker.ch\/fr\/panissimo-news\/avec-la-benediction-de-mgr-schwery\/"},"wordCount":357,"commentCount":0,"publisher":{"@id":"https:\/\/swissbaker.ch\/fr\/#organization"},"image":{"@id":"https:\/\/swissbaker.ch\/fr\/panissimo-news\/avec-la-benediction-de-mgr-schwery\/#primaryimage"},"thumbnailUrl":"https:\/\/swissbaker.ch\/wp-content\/uploads\/2022\/05\/chevaliers.jpg","articleSection":["Association","Ev\u00e9nement"],"inLanguage":"fr-FR","potentialAction":[{"@type":"CommentAction","name":"Comment","target":["https:\/\/swissbaker.ch\/fr\/panissimo-news\/avec-la-benediction-de-mgr-schwery\/#respond"]}]},{"@type":"WebPage","@id":"https:\/\/swissbaker.ch\/fr\/panissimo-news\/avec-la-benediction-de-mgr-schwery\/","url":"https:\/\/swissbaker.ch\/fr\/panissimo-news\/avec-la-benediction-de-mgr-schwery\/","name":"Avec la b\u00e9n\u00e9diction de Mgr Schwery | SBC","isPartOf":{"@id":"https:\/\/swissbaker.ch\/fr\/#website"},"primaryImageOfPage":{"@id":"https:\/\/swissbaker.ch\/fr\/panissimo-news\/avec-la-benediction-de-mgr-schwery\/#primaryimage"},"image":{"@id":"https:\/\/swissbaker.ch\/fr\/panissimo-news\/avec-la-benediction-de-mgr-schwery\/#primaryimage"},"thumbnailUrl":"https:\/\/swissbaker.ch\/wp-content\/uploads\/2022\/05\/chevaliers.jpg","datePublished":"2018-05-30T06:57:00+00:00","dateModified":"2022-05-13T07:08:08+00:00","breadcrumb":{"@id":"https:\/\/swissbaker.ch\/fr\/panissimo-news\/avec-la-benediction-de-mgr-schwery\/#breadcrumb"},"inLanguage":"fr-FR","potentialAction":[{"@type":"ReadAction","target":["https:\/\/swissbaker.ch\/fr\/panissimo-news\/avec-la-benediction-de-mgr-schwery\/"]}]},{"@type":"ImageObject","inLanguage":"fr-FR","@id":"https:\/\/swissbaker.ch\/fr\/panissimo-news\/avec-la-benediction-de-mgr-schwery\/#primaryimage","url":"https:\/\/swissbaker.ch\/wp-content\/uploads\/2022\/05\/chevaliers.jpg","contentUrl":"https:\/\/swissbaker.ch\/wp-content\/uploads\/2022\/05\/chevaliers.jpg","width":800,"height":474,"caption":"Avec la b\u00e9n\u00e9diction de Mgr Schwery"},{"@type":"BreadcrumbList","@id":"https:\/\/swissbaker.ch\/fr\/panissimo-news\/avec-la-benediction-de-mgr-schwery\/#breadcrumb","itemListElement":[{"@type":"ListItem","position":1,"name":"","item":"https:\/\/swissbaker.ch\/fr\/"},{"@type":"ListItem","position":2,"name":"Association","item":"https:\/\/swissbaker.ch\/fr\/panissimo-news\/category\/association\/"},{"@type":"ListItem","position":3,"name":"Avec la b\u00e9n\u00e9diction de Mgr Schwery"}]},{"@type":"WebSite","@id":"https:\/\/swissbaker.ch\/fr\/#website","url":"https:\/\/swissbaker.ch\/fr\/","name":"SBC","description":"","publisher":{"@id":"https:\/\/swissbaker.ch\/fr\/#organization"},"potentialAction":[{"@type":"SearchAction","target":{"@type":"EntryPoint","urlTemplate":"https:\/\/swissbaker.ch\/fr\/?s={search_term_string}"},"query-input":{"@type":"PropertyValueSpecification","valueRequired":true,"valueName":"search_term_string"}}],"inLanguage":"fr-FR"},{"@type":"Organization","@id":"https:\/\/swissbaker.ch\/fr\/#organization","name":"Schweizerischer B\u00e4cker-Confiseurmeister-Verband","url":"https:\/\/swissbaker.ch\/fr\/","logo":{"@type":"ImageObject","inLanguage":"fr-FR","@id":"https:\/\/swissbaker.ch\/fr\/#\/schema\/logo\/image\/","url":"https:\/\/swissbaker.ch\/wp-content\/uploads\/2022\/04\/sbc-logo-yoast.jpg","contentUrl":"https:\/\/swissbaker.ch\/wp-content\/uploads\/2022\/04\/sbc-logo-yoast.jpg","width":512,"height":512,"caption":"Schweizerischer B\u00e4cker-Confiseurmeister-Verband"},"image":{"@id":"https:\/\/swissbaker.ch\/fr\/#\/schema\/logo\/image\/"},"sameAs":["https:\/\/www.facebook.com\/swissbaker.ch","https:\/\/x.com\/ch_swissbaker"]},{"@type":"Person","@id":"https:\/\/swissbaker.ch\/fr\/#\/schema\/person\/058ac47619f7da53df62aba60f939b78","name":"azureart","image":{"@type":"ImageObject","inLanguage":"fr-FR","@id":"https:\/\/swissbaker.ch\/fr\/#\/schema\/person\/image\/","url":"https:\/\/secure.gravatar.com\/avatar\/be04dd3098fd612c83067af4f7a295384c93cb6a9112f51beb9d2f477d25da61?s=96&d=mm&r=g","contentUrl":"https:\/\/secure.gravatar.com\/avatar\/be04dd3098fd612c83067af4f7a295384c93cb6a9112f51beb9d2f477d25da61?s=96&d=mm&r=g","caption":"azureart"},"sameAs":["https:\/\/swissbaker.ch"],"url":"https:\/\/swissbaker.ch\/fr\/panissimo-news\/author\/pixel-ahoi\/"}]}},"_links":{"self":[{"href":"https:\/\/swissbaker.ch\/fr\/wp-json\/wp\/v2\/posts\/9864","targetHints":{"allow":["GET"]}}],"collection":[{"href":"https:\/\/swissbaker.ch\/fr\/wp-json\/wp\/v2\/posts"}],"about":[{"href":"https:\/\/swissbaker.ch\/fr\/wp-json\/wp\/v2\/types\/post"}],"author":[{"embeddable":true,"href":"https:\/\/swissbaker.ch\/fr\/wp-json\/wp\/v2\/users\/1"}],"replies":[{"embeddable":true,"href":"https:\/\/swissbaker.ch\/fr\/wp-json\/wp\/v2\/comments?post=9864"}],"version-history":[{"count":0,"href":"https:\/\/swissbaker.ch\/fr\/wp-json\/wp\/v2\/posts\/9864\/revisions"}],"wp:featuredmedia":[{"embeddable":true,"href":"https:\/\/swissbaker.ch\/fr\/wp-json\/wp\/v2\/media\/9865"}],"wp:attachment":[{"href":"https:\/\/swissbaker.ch\/fr\/wp-json\/wp\/v2\/media?parent=9864"}],"wp:term":[{"taxonomy":"category","embeddable":true,"href":"https:\/\/swissbaker.ch\/fr\/wp-json\/wp\/v2\/categories?post=9864"},{"taxonomy":"post_tag","embeddable":true,"href":"https:\/\/swissbaker.ch\/fr\/wp-json\/wp\/v2\/tags?post=9864"}],"curies":[{"name":"wp","href":"https:\/\/api.w.org\/{rel}","templated":true}]}}