{"id":9854,"date":"2020-05-06T15:11:00","date_gmt":"2020-05-06T13:11:00","guid":{"rendered":"https:\/\/swissbaker.ch\/?p=9854"},"modified":"2022-05-12T16:52:52","modified_gmt":"2022-05-12T14:52:52","slug":"une-vitrine-nationale-aux-artisans","status":"publish","type":"post","link":"https:\/\/swissbaker.ch\/fr\/panissimo-news\/une-vitrine-nationale-aux-artisans\/","title":{"rendered":"Une vitrine nationale aux artisans"},"content":{"rendered":"\n<p><strong>Le Swiss Bakery Trophy est le seul concours en Suisse destin\u00e9 uniquement aux professionnels, auquel tous les artisans boulangers-p\u00e2tissiers-confiseurs peuvent se pr\u00e9senter. Il permet de conserver l\u2019esprit artisanal et de m\u00e9langer le nombre ind\u00e9finissable de recettes de notre pays.<\/strong><\/p>\n\n\n\n<p>Ce qui m\u2019a toujours motiv\u00e9 \u00e0 participer au Swiss Bakery Trophy (SBT), c\u2019est l\u2019opportunit\u00e9 de se mesurer \u00e0 d\u2019autres artisans du pays et de mettre en avant les produits de nos boulangeries. C\u2019est \u00e9galement enrichissant et valorisant pour nos employ\u00e9s de voir qu\u2019il est possible d\u2019obtenir des prix avec le travail fait au quotidien.<\/p>\n\n\n\n<p>A chaque participation, nous avons gagn\u00e9 des m\u00e9dailles. Lors de la derni\u00e8re \u00e9dition, en 2018, nous avons remport\u00e9 le premier prix pour le produit de confiserie. Outre la reconnaissance des clients, nous avons obtenu l\u2019attention des m\u00e9dias. Apr\u00e8s avoir envoy\u00e9 le dossier de presse dans les journaux r\u00e9gionaux et \u00e0 la radio, le quotidien \u00ab\u200924 heures\u2009\u00bb nous a contact\u00e9s pour sa page Terroir. D\u00e8s ce moment-l\u00e0, les ventes ont explos\u00e9.<\/p>\n\n\n\n<p>Cela va sans dire que j\u2019encourage tous mes coll\u00e8gues \u00e0 participer au concours cette ann\u00e9e. Au-del\u00e0 de l\u2019aspect financier, le SBT est une vitrine pour notre m\u00e9tier et tous les artisans. Il permet de mettre en avant nos employ\u00e9s et de les encourager \u00e0 faire de leur mieux au quotidien.<br>En regroupant les professionnels de toute la Suisse, le concours parvient \u00e9galement \u00e0 montrer la richesse de notre pays en termes de recettes r\u00e9gionales et de go\u00fbts diff\u00e9rents\u2009; les produits phare \u00e0 Gen\u00e8ve ne seront pas les m\u00eames qu\u2019\u00e0 Glaris. C\u2019est aussi \u00e7a, la beaut\u00e9 de notre m\u00e9tier et le SBT sait le valoriser.<\/p>\n\n\n\n<p>Pascal Cl\u00e9ment dirige <a href=\"https:\/\/www.boulangerieclement.ch\/\">la Boulangerie P. Cl\u00e9ment S\u00e0rl \u00e0 Daillens (VD)<\/a> depuis 1999. Il participe au SBT depuis quatre \u00e9ditions. Il a remport\u00e9 le Prix Confiserie en 2018.<\/p>\n","protected":false},"excerpt":{"rendered":"<p>Le Swiss Bakery Trophy est le seul concours en Suisse destin\u00e9 uniquement aux professionnels, auquel tous les artisans boulangers-p\u00e2tissiers-confiseurs peuvent se pr\u00e9senter. Il permet de conserver l\u2019esprit artisanal et de m\u00e9langer le nombre ind\u00e9finissable de recettes de notre pays. Ce qui m\u2019a toujours motiv\u00e9 \u00e0 participer au Swiss Bakery Trophy (SBT), c\u2019est l\u2019opportunit\u00e9 de se mesurer \u00e0 d\u2019autres artisans du [&hellip;]<\/p>\n","protected":false},"author":1,"featured_media":5834,"comment_status":"open","ping_status":"closed","sticky":false,"template":"","format":"standard","meta":{"_acf_changed":false,"footnotes":""},"categories":[46,50],"tags":[],"class_list":["post-9854","post","type-post","status-publish","format-standard","has-post-thumbnail","hentry","category-evenement","category-vente-marketing"],"acf":[],"yoast_head":"<!-- This site is optimized with the Yoast SEO Premium plugin v26.8 (Yoast SEO v26.8) - https:\/\/yoast.com\/product\/yoast-seo-premium-wordpress\/ -->\n<title>Une vitrine nationale aux artisans | SBC<\/title>\n<meta name=\"robots\" content=\"index, follow, max-snippet:-1, max-image-preview:large, max-video-preview:-1\" \/>\n<link rel=\"canonical\" href=\"https:\/\/swissbaker.ch\/fr\/panissimo-news\/une-vitrine-nationale-aux-artisans\/\" \/>\n<meta property=\"og:locale\" content=\"fr_FR\" \/>\n<meta property=\"og:type\" content=\"article\" \/>\n<meta property=\"og:title\" content=\"Une vitrine nationale aux artisans\" \/>\n<meta property=\"og:description\" content=\"Le Swiss Bakery Trophy est le seul concours en Suisse destin\u00e9 uniquement aux professionnels, auquel tous les artisans boulangers-p\u00e2tissiers-confiseurs peuvent se pr\u00e9senter. Il permet de conserver l\u2019esprit artisanal et de m\u00e9langer le nombre ind\u00e9finissable de recettes de notre pays. Ce qui m\u2019a toujours motiv\u00e9 \u00e0 participer au Swiss Bakery Trophy (SBT), c\u2019est l\u2019opportunit\u00e9 de se mesurer \u00e0 d\u2019autres artisans du [&hellip;]\" \/>\n<meta property=\"og:url\" content=\"https:\/\/swissbaker.ch\/fr\/panissimo-news\/une-vitrine-nationale-aux-artisans\/\" \/>\n<meta property=\"og:site_name\" content=\"SBC\" \/>\n<meta property=\"article:publisher\" content=\"https:\/\/www.facebook.com\/swissbaker.ch\" \/>\n<meta property=\"article:published_time\" content=\"2020-05-06T13:11:00+00:00\" \/>\n<meta property=\"article:modified_time\" content=\"2022-05-12T14:52:52+00:00\" \/>\n<meta property=\"og:image\" content=\"https:\/\/swissbaker.ch\/wp-content\/uploads\/2022\/03\/9_2_sbt_clement.jpeg\" \/>\n\t<meta property=\"og:image:width\" content=\"800\" \/>\n\t<meta property=\"og:image:height\" content=\"474\" \/>\n\t<meta property=\"og:image:type\" content=\"image\/jpeg\" \/>\n<meta name=\"author\" content=\"azureart\" \/>\n<meta name=\"twitter:card\" content=\"summary_large_image\" \/>\n<meta name=\"twitter:creator\" content=\"@ch_swissbaker\" \/>\n<meta name=\"twitter:site\" content=\"@ch_swissbaker\" \/>\n<meta name=\"twitter:label1\" content=\"Written by\" \/>\n\t<meta name=\"twitter:data1\" content=\"azureart\" \/>\n\t<meta name=\"twitter:label2\" content=\"Est. reading time\" \/>\n\t<meta name=\"twitter:data2\" content=\"2 minutes\" \/>\n<script type=\"application\/ld+json\" class=\"yoast-schema-graph\">{\"@context\":\"https:\/\/schema.org\",\"@graph\":[{\"@type\":\"Article\",\"@id\":\"https:\/\/swissbaker.ch\/fr\/panissimo-news\/une-vitrine-nationale-aux-artisans\/#article\",\"isPartOf\":{\"@id\":\"https:\/\/swissbaker.ch\/fr\/panissimo-news\/une-vitrine-nationale-aux-artisans\/\"},\"author\":{\"name\":\"azureart\",\"@id\":\"https:\/\/swissbaker.ch\/fr\/#\/schema\/person\/058ac47619f7da53df62aba60f939b78\"},\"headline\":\"Une vitrine nationale aux artisans\",\"datePublished\":\"2020-05-06T13:11:00+00:00\",\"dateModified\":\"2022-05-12T14:52:52+00:00\",\"mainEntityOfPage\":{\"@id\":\"https:\/\/swissbaker.ch\/fr\/panissimo-news\/une-vitrine-nationale-aux-artisans\/\"},\"wordCount\":325,\"commentCount\":0,\"publisher\":{\"@id\":\"https:\/\/swissbaker.ch\/fr\/#organization\"},\"image\":{\"@id\":\"https:\/\/swissbaker.ch\/fr\/panissimo-news\/une-vitrine-nationale-aux-artisans\/#primaryimage\"},\"thumbnailUrl\":\"https:\/\/swissbaker.ch\/wp-content\/uploads\/2022\/03\/9_2_sbt_clement.jpeg\",\"articleSection\":[\"Ev\u00e9nement\",\"Vente\/Marketing\"],\"inLanguage\":\"fr-FR\",\"potentialAction\":[{\"@type\":\"CommentAction\",\"name\":\"Comment\",\"target\":[\"https:\/\/swissbaker.ch\/fr\/panissimo-news\/une-vitrine-nationale-aux-artisans\/#respond\"]}]},{\"@type\":\"WebPage\",\"@id\":\"https:\/\/swissbaker.ch\/fr\/panissimo-news\/une-vitrine-nationale-aux-artisans\/\",\"url\":\"https:\/\/swissbaker.ch\/fr\/panissimo-news\/une-vitrine-nationale-aux-artisans\/\",\"name\":\"Une vitrine nationale aux artisans | SBC\",\"isPartOf\":{\"@id\":\"https:\/\/swissbaker.ch\/fr\/#website\"},\"primaryImageOfPage\":{\"@id\":\"https:\/\/swissbaker.ch\/fr\/panissimo-news\/une-vitrine-nationale-aux-artisans\/#primaryimage\"},\"image\":{\"@id\":\"https:\/\/swissbaker.ch\/fr\/panissimo-news\/une-vitrine-nationale-aux-artisans\/#primaryimage\"},\"thumbnailUrl\":\"https:\/\/swissbaker.ch\/wp-content\/uploads\/2022\/03\/9_2_sbt_clement.jpeg\",\"datePublished\":\"2020-05-06T13:11:00+00:00\",\"dateModified\":\"2022-05-12T14:52:52+00:00\",\"breadcrumb\":{\"@id\":\"https:\/\/swissbaker.ch\/fr\/panissimo-news\/une-vitrine-nationale-aux-artisans\/#breadcrumb\"},\"inLanguage\":\"fr-FR\",\"potentialAction\":[{\"@type\":\"ReadAction\",\"target\":[\"https:\/\/swissbaker.ch\/fr\/panissimo-news\/une-vitrine-nationale-aux-artisans\/\"]}]},{\"@type\":\"ImageObject\",\"inLanguage\":\"fr-FR\",\"@id\":\"https:\/\/swissbaker.ch\/fr\/panissimo-news\/une-vitrine-nationale-aux-artisans\/#primaryimage\",\"url\":\"https:\/\/swissbaker.ch\/wp-content\/uploads\/2022\/03\/9_2_sbt_clement.jpeg\",\"contentUrl\":\"https:\/\/swissbaker.ch\/wp-content\/uploads\/2022\/03\/9_2_sbt_clement.jpeg\",\"width\":800,\"height\":474,\"caption\":\"Une vitrine nationale aux artisans\"},{\"@type\":\"BreadcrumbList\",\"@id\":\"https:\/\/swissbaker.ch\/fr\/panissimo-news\/une-vitrine-nationale-aux-artisans\/#breadcrumb\",\"itemListElement\":[{\"@type\":\"ListItem\",\"position\":1,\"name\":\"\",\"item\":\"https:\/\/swissbaker.ch\/fr\/\"},{\"@type\":\"ListItem\",\"position\":2,\"name\":\"Non classifi\u00e9(e)\",\"item\":\"https:\/\/swissbaker.ch\/fr\/panissimo-news\/category\/non-classifiee\/\"},{\"@type\":\"ListItem\",\"position\":3,\"name\":\"Une vitrine nationale aux artisans\"}]},{\"@type\":\"WebSite\",\"@id\":\"https:\/\/swissbaker.ch\/fr\/#website\",\"url\":\"https:\/\/swissbaker.ch\/fr\/\",\"name\":\"SBC\",\"description\":\"\",\"publisher\":{\"@id\":\"https:\/\/swissbaker.ch\/fr\/#organization\"},\"potentialAction\":[{\"@type\":\"SearchAction\",\"target\":{\"@type\":\"EntryPoint\",\"urlTemplate\":\"https:\/\/swissbaker.ch\/fr\/?s={search_term_string}\"},\"query-input\":{\"@type\":\"PropertyValueSpecification\",\"valueRequired\":true,\"valueName\":\"search_term_string\"}}],\"inLanguage\":\"fr-FR\"},{\"@type\":\"Organization\",\"@id\":\"https:\/\/swissbaker.ch\/fr\/#organization\",\"name\":\"Schweizerischer B\u00e4cker-Confiseurmeister-Verband\",\"url\":\"https:\/\/swissbaker.ch\/fr\/\",\"logo\":{\"@type\":\"ImageObject\",\"inLanguage\":\"fr-FR\",\"@id\":\"https:\/\/swissbaker.ch\/fr\/#\/schema\/logo\/image\/\",\"url\":\"https:\/\/swissbaker.ch\/wp-content\/uploads\/2022\/04\/sbc-logo-yoast.jpg\",\"contentUrl\":\"https:\/\/swissbaker.ch\/wp-content\/uploads\/2022\/04\/sbc-logo-yoast.jpg\",\"width\":512,\"height\":512,\"caption\":\"Schweizerischer B\u00e4cker-Confiseurmeister-Verband\"},\"image\":{\"@id\":\"https:\/\/swissbaker.ch\/fr\/#\/schema\/logo\/image\/\"},\"sameAs\":[\"https:\/\/www.facebook.com\/swissbaker.ch\",\"https:\/\/x.com\/ch_swissbaker\"]},{\"@type\":\"Person\",\"@id\":\"https:\/\/swissbaker.ch\/fr\/#\/schema\/person\/058ac47619f7da53df62aba60f939b78\",\"name\":\"azureart\",\"image\":{\"@type\":\"ImageObject\",\"inLanguage\":\"fr-FR\",\"@id\":\"https:\/\/swissbaker.ch\/fr\/#\/schema\/person\/image\/\",\"url\":\"https:\/\/secure.gravatar.com\/avatar\/be04dd3098fd612c83067af4f7a295384c93cb6a9112f51beb9d2f477d25da61?s=96&d=mm&r=g\",\"contentUrl\":\"https:\/\/secure.gravatar.com\/avatar\/be04dd3098fd612c83067af4f7a295384c93cb6a9112f51beb9d2f477d25da61?s=96&d=mm&r=g\",\"caption\":\"azureart\"},\"sameAs\":[\"https:\/\/swissbaker.ch\"],\"url\":\"https:\/\/swissbaker.ch\/fr\/panissimo-news\/author\/pixel-ahoi\/\"}]}<\/script>\n<!-- \/ Yoast SEO Premium plugin. -->","yoast_head_json":{"title":"Une vitrine nationale aux artisans | SBC","robots":{"index":"index","follow":"follow","max-snippet":"max-snippet:-1","max-image-preview":"max-image-preview:large","max-video-preview":"max-video-preview:-1"},"canonical":"https:\/\/swissbaker.ch\/fr\/panissimo-news\/une-vitrine-nationale-aux-artisans\/","og_locale":"fr_FR","og_type":"article","og_title":"Une vitrine nationale aux artisans","og_description":"Le Swiss Bakery Trophy est le seul concours en Suisse destin\u00e9 uniquement aux professionnels, auquel tous les artisans boulangers-p\u00e2tissiers-confiseurs peuvent se pr\u00e9senter. Il permet de conserver l\u2019esprit artisanal et de m\u00e9langer le nombre ind\u00e9finissable de recettes de notre pays. Ce qui m\u2019a toujours motiv\u00e9 \u00e0 participer au Swiss Bakery Trophy (SBT), c\u2019est l\u2019opportunit\u00e9 de se mesurer \u00e0 d\u2019autres artisans du [&hellip;]","og_url":"https:\/\/swissbaker.ch\/fr\/panissimo-news\/une-vitrine-nationale-aux-artisans\/","og_site_name":"SBC","article_publisher":"https:\/\/www.facebook.com\/swissbaker.ch","article_published_time":"2020-05-06T13:11:00+00:00","article_modified_time":"2022-05-12T14:52:52+00:00","og_image":[{"width":800,"height":474,"url":"https:\/\/swissbaker.ch\/wp-content\/uploads\/2022\/03\/9_2_sbt_clement.jpeg","type":"image\/jpeg"}],"author":"azureart","twitter_card":"summary_large_image","twitter_creator":"@ch_swissbaker","twitter_site":"@ch_swissbaker","twitter_misc":{"Written by":"azureart","Est. reading time":"2 minutes"},"schema":{"@context":"https:\/\/schema.org","@graph":[{"@type":"Article","@id":"https:\/\/swissbaker.ch\/fr\/panissimo-news\/une-vitrine-nationale-aux-artisans\/#article","isPartOf":{"@id":"https:\/\/swissbaker.ch\/fr\/panissimo-news\/une-vitrine-nationale-aux-artisans\/"},"author":{"name":"azureart","@id":"https:\/\/swissbaker.ch\/fr\/#\/schema\/person\/058ac47619f7da53df62aba60f939b78"},"headline":"Une vitrine nationale aux artisans","datePublished":"2020-05-06T13:11:00+00:00","dateModified":"2022-05-12T14:52:52+00:00","mainEntityOfPage":{"@id":"https:\/\/swissbaker.ch\/fr\/panissimo-news\/une-vitrine-nationale-aux-artisans\/"},"wordCount":325,"commentCount":0,"publisher":{"@id":"https:\/\/swissbaker.ch\/fr\/#organization"},"image":{"@id":"https:\/\/swissbaker.ch\/fr\/panissimo-news\/une-vitrine-nationale-aux-artisans\/#primaryimage"},"thumbnailUrl":"https:\/\/swissbaker.ch\/wp-content\/uploads\/2022\/03\/9_2_sbt_clement.jpeg","articleSection":["Ev\u00e9nement","Vente\/Marketing"],"inLanguage":"fr-FR","potentialAction":[{"@type":"CommentAction","name":"Comment","target":["https:\/\/swissbaker.ch\/fr\/panissimo-news\/une-vitrine-nationale-aux-artisans\/#respond"]}]},{"@type":"WebPage","@id":"https:\/\/swissbaker.ch\/fr\/panissimo-news\/une-vitrine-nationale-aux-artisans\/","url":"https:\/\/swissbaker.ch\/fr\/panissimo-news\/une-vitrine-nationale-aux-artisans\/","name":"Une vitrine nationale aux artisans | SBC","isPartOf":{"@id":"https:\/\/swissbaker.ch\/fr\/#website"},"primaryImageOfPage":{"@id":"https:\/\/swissbaker.ch\/fr\/panissimo-news\/une-vitrine-nationale-aux-artisans\/#primaryimage"},"image":{"@id":"https:\/\/swissbaker.ch\/fr\/panissimo-news\/une-vitrine-nationale-aux-artisans\/#primaryimage"},"thumbnailUrl":"https:\/\/swissbaker.ch\/wp-content\/uploads\/2022\/03\/9_2_sbt_clement.jpeg","datePublished":"2020-05-06T13:11:00+00:00","dateModified":"2022-05-12T14:52:52+00:00","breadcrumb":{"@id":"https:\/\/swissbaker.ch\/fr\/panissimo-news\/une-vitrine-nationale-aux-artisans\/#breadcrumb"},"inLanguage":"fr-FR","potentialAction":[{"@type":"ReadAction","target":["https:\/\/swissbaker.ch\/fr\/panissimo-news\/une-vitrine-nationale-aux-artisans\/"]}]},{"@type":"ImageObject","inLanguage":"fr-FR","@id":"https:\/\/swissbaker.ch\/fr\/panissimo-news\/une-vitrine-nationale-aux-artisans\/#primaryimage","url":"https:\/\/swissbaker.ch\/wp-content\/uploads\/2022\/03\/9_2_sbt_clement.jpeg","contentUrl":"https:\/\/swissbaker.ch\/wp-content\/uploads\/2022\/03\/9_2_sbt_clement.jpeg","width":800,"height":474,"caption":"Une vitrine nationale aux artisans"},{"@type":"BreadcrumbList","@id":"https:\/\/swissbaker.ch\/fr\/panissimo-news\/une-vitrine-nationale-aux-artisans\/#breadcrumb","itemListElement":[{"@type":"ListItem","position":1,"name":"","item":"https:\/\/swissbaker.ch\/fr\/"},{"@type":"ListItem","position":2,"name":"Non classifi\u00e9(e)","item":"https:\/\/swissbaker.ch\/fr\/panissimo-news\/category\/non-classifiee\/"},{"@type":"ListItem","position":3,"name":"Une vitrine nationale aux artisans"}]},{"@type":"WebSite","@id":"https:\/\/swissbaker.ch\/fr\/#website","url":"https:\/\/swissbaker.ch\/fr\/","name":"SBC","description":"","publisher":{"@id":"https:\/\/swissbaker.ch\/fr\/#organization"},"potentialAction":[{"@type":"SearchAction","target":{"@type":"EntryPoint","urlTemplate":"https:\/\/swissbaker.ch\/fr\/?s={search_term_string}"},"query-input":{"@type":"PropertyValueSpecification","valueRequired":true,"valueName":"search_term_string"}}],"inLanguage":"fr-FR"},{"@type":"Organization","@id":"https:\/\/swissbaker.ch\/fr\/#organization","name":"Schweizerischer B\u00e4cker-Confiseurmeister-Verband","url":"https:\/\/swissbaker.ch\/fr\/","logo":{"@type":"ImageObject","inLanguage":"fr-FR","@id":"https:\/\/swissbaker.ch\/fr\/#\/schema\/logo\/image\/","url":"https:\/\/swissbaker.ch\/wp-content\/uploads\/2022\/04\/sbc-logo-yoast.jpg","contentUrl":"https:\/\/swissbaker.ch\/wp-content\/uploads\/2022\/04\/sbc-logo-yoast.jpg","width":512,"height":512,"caption":"Schweizerischer B\u00e4cker-Confiseurmeister-Verband"},"image":{"@id":"https:\/\/swissbaker.ch\/fr\/#\/schema\/logo\/image\/"},"sameAs":["https:\/\/www.facebook.com\/swissbaker.ch","https:\/\/x.com\/ch_swissbaker"]},{"@type":"Person","@id":"https:\/\/swissbaker.ch\/fr\/#\/schema\/person\/058ac47619f7da53df62aba60f939b78","name":"azureart","image":{"@type":"ImageObject","inLanguage":"fr-FR","@id":"https:\/\/swissbaker.ch\/fr\/#\/schema\/person\/image\/","url":"https:\/\/secure.gravatar.com\/avatar\/be04dd3098fd612c83067af4f7a295384c93cb6a9112f51beb9d2f477d25da61?s=96&d=mm&r=g","contentUrl":"https:\/\/secure.gravatar.com\/avatar\/be04dd3098fd612c83067af4f7a295384c93cb6a9112f51beb9d2f477d25da61?s=96&d=mm&r=g","caption":"azureart"},"sameAs":["https:\/\/swissbaker.ch"],"url":"https:\/\/swissbaker.ch\/fr\/panissimo-news\/author\/pixel-ahoi\/"}]}},"_links":{"self":[{"href":"https:\/\/swissbaker.ch\/fr\/wp-json\/wp\/v2\/posts\/9854","targetHints":{"allow":["GET"]}}],"collection":[{"href":"https:\/\/swissbaker.ch\/fr\/wp-json\/wp\/v2\/posts"}],"about":[{"href":"https:\/\/swissbaker.ch\/fr\/wp-json\/wp\/v2\/types\/post"}],"author":[{"embeddable":true,"href":"https:\/\/swissbaker.ch\/fr\/wp-json\/wp\/v2\/users\/1"}],"replies":[{"embeddable":true,"href":"https:\/\/swissbaker.ch\/fr\/wp-json\/wp\/v2\/comments?post=9854"}],"version-history":[{"count":0,"href":"https:\/\/swissbaker.ch\/fr\/wp-json\/wp\/v2\/posts\/9854\/revisions"}],"wp:featuredmedia":[{"embeddable":true,"href":"https:\/\/swissbaker.ch\/fr\/wp-json\/wp\/v2\/media\/5834"}],"wp:attachment":[{"href":"https:\/\/swissbaker.ch\/fr\/wp-json\/wp\/v2\/media?parent=9854"}],"wp:term":[{"taxonomy":"category","embeddable":true,"href":"https:\/\/swissbaker.ch\/fr\/wp-json\/wp\/v2\/categories?post=9854"},{"taxonomy":"post_tag","embeddable":true,"href":"https:\/\/swissbaker.ch\/fr\/wp-json\/wp\/v2\/tags?post=9854"}],"curies":[{"name":"wp","href":"https:\/\/api.w.org\/{rel}","templated":true}]}}