{"id":9829,"date":"2018-05-16T08:37:00","date_gmt":"2018-05-16T06:37:00","guid":{"rendered":"https:\/\/swissbaker.ch\/?p=9829"},"modified":"2022-05-12T16:23:43","modified_gmt":"2022-05-12T14:23:43","slug":"des-mesures-importantes-seront-prises","status":"publish","type":"post","link":"https:\/\/swissbaker.ch\/fr\/panissimo-news\/des-mesures-importantes-seront-prises\/","title":{"rendered":"Des mesures importantes seront prises"},"content":{"rendered":"\n<p><strong>Le futur de l\u2019Association suisse des patrons boulangers-confiseurs (BCS) sera au centre du congr\u00e8s de la BCS le 18\u202fjuin \u00e0 Bernexpo \u00e0 Berne.<\/strong><\/p>\n\n\n\n<p>Les membres sont cordialement invit\u00e9s \u00e0 prendre part aux d\u00e9cisions, lorsque des \u00e9tapes importantes doivent \u00eatre franchies.<\/p>\n\n\n\n<p>Le point principal \u00e0 l\u2019ordre du jour du congr\u00e8s \u00e0 Berne est la future strat\u00e9gie de l\u2019association. Une votation consultative sur la poursuite du futur travail de projet est planifi\u00e9e.<\/p>\n\n\n\n<h2 class=\"wp-block-heading\" id=\"h-modification-des-statuts\">Modification des statuts<\/h2>\n\n\n\n<p>Les autres points \u00e0 l\u2019ordre du jour se trouvent dans l\u2019encadr\u00e9 ci-dessous. A signaler la modification pr\u00e9vue des statuts (lire p.\u202f39). Ils doivent subir une r\u00e9vision partielle d\u00e8s 2019. Le but est d\u2019\u00e9largir le cercle des membres de la BCS et de les distinguer en membres DFO et membres non DFO.<\/p>\n\n\n\n<h2 class=\"wp-block-heading\">Expos\u00e9 d\u2019un ancien boulanger<\/h2>\n\n\n\n<p>L\u2019expos\u00e9 d\u2019Andr\u00e9 L\u00fcthi ayant pour th\u00e8me \u00ab\u2009De boulanger-confiseur \u00e0 voyagiste prosp\u00e8re\u2009\u00bb mettra un point final. L\u2019\u00e9conomiste nationalement connu et charismatique a suivi un apprentissage de boulanger-p\u00e2tissier et une formation compl\u00e9mentaire de confiseur. Aujourd\u2019hui, Andr\u00e9 L\u00fcthi est pr\u00e9sident du conseil d\u2019administration de Globetrotter Travel Service et CEO de Holding Globetrotter Group.<\/p>\n\n\n\n<h2 class=\"wp-block-heading\">Programme du 18\u202fjuin<\/h2>\n\n\n\n<p>Bernexpo, Mingerstrasse 6 \u00e0 Berne<\/p>\n\n\n\n<p>8\u2009h\u200930 \u2013 9\u2009h\u200930 caf\u00e9 de bienvenue<\/p>\n\n\n\n<p>9\u2009h\u200930 \u2013\u200912\u2009h\u200930 133e congr\u00e8s\u2009:<\/p>\n\n\n\n<p>1\u00e8re partie\u2009: affaires statutaires<\/p>\n\n\n\n<p>2e partie\u2009: \u00ab\u2009De boulanger-confiseur \u00e0 voyagiste prosp\u00e8re\u2009\u00bb, intervention d\u2019Andr\u00e9 L\u00fcthi, pr\u00e9s. du CA de Globetrotter Travel Service, CEO de Holding Globetrotter Group<\/p>\n\n\n\n<p>12\u2009h\u200930 ap\u00e9ro et r\u00e9seautage<\/p>\n\n\n\n<p>14\u2009h\u200930 fin de la manifestation<\/p>\n\n\n\n<h2 class=\"wp-block-heading\">Ordre du jour<\/h2>\n\n\n\n<ol class=\"wp-block-list\"><li>Accueil et allocution de bienvenue du pr\u00e9sident<\/li><li>Ordre du jour formel<\/li><\/ol>\n\n\n\n<p>2.1 D\u00e9signation des scrutateurs<\/p>\n\n\n\n<p>2.2 D\u00e9nombrement des votants<\/p>\n\n\n\n<ol class=\"wp-block-list\" start=\"3\"><li>Proc\u00e8s-verbal du congr\u00e8s 2017<\/li><li>Acceptation du rapport de gestion 2017<\/li><li>Election du comit\u00e9 directeur<\/li><li>Strat\u00e9gie de l\u2019association<\/li><li>Modification des statuts<\/li><li>Fixation des cotisations 2019<\/li><li>Motions conform\u00e9ment \u00e0 l\u2019art. 21 des statuts<\/li><li>Nomination des membres d\u2019honneur<\/li><li>Hommages et messages<\/li><li>Divers<\/li><\/ol>\n\n\n\n<p><\/p>\n","protected":false},"excerpt":{"rendered":"<p>Le futur de l\u2019Association suisse des patrons boulangers-confiseurs (BCS) sera au centre du congr\u00e8s de la BCS le 18\u202fjuin \u00e0 Bernexpo \u00e0 Berne. Les membres sont cordialement invit\u00e9s \u00e0 prendre part aux d\u00e9cisions, lorsque des \u00e9tapes importantes doivent \u00eatre franchies. Le point principal \u00e0 l\u2019ordre du jour du congr\u00e8s \u00e0 Berne est la future strat\u00e9gie de l\u2019association. Une votation consultative [&hellip;]<\/p>\n","protected":false},"author":1,"featured_media":6713,"comment_status":"open","ping_status":"closed","sticky":false,"template":"","format":"standard","meta":{"_acf_changed":false,"footnotes":""},"categories":[41,46],"tags":[],"class_list":["post-9829","post","type-post","status-publish","format-standard","has-post-thumbnail","hentry","category-association","category-evenement"],"acf":[],"yoast_head":"<!-- This site is optimized with the Yoast SEO Premium plugin v26.8 (Yoast SEO v26.8) - https:\/\/yoast.com\/product\/yoast-seo-premium-wordpress\/ -->\n<title>Des mesures importantes seront prises | SBC<\/title>\n<meta name=\"robots\" content=\"index, follow, max-snippet:-1, max-image-preview:large, max-video-preview:-1\" \/>\n<link rel=\"canonical\" href=\"https:\/\/swissbaker.ch\/fr\/panissimo-news\/des-mesures-importantes-seront-prises\/\" \/>\n<meta property=\"og:locale\" content=\"fr_FR\" \/>\n<meta property=\"og:type\" content=\"article\" \/>\n<meta property=\"og:title\" content=\"Des mesures importantes seront prises\" \/>\n<meta property=\"og:description\" content=\"Le futur de l\u2019Association suisse des patrons boulangers-confiseurs (BCS) sera au centre du congr\u00e8s de la BCS le 18\u202fjuin \u00e0 Bernexpo \u00e0 Berne. Les membres sont cordialement invit\u00e9s \u00e0 prendre part aux d\u00e9cisions, lorsque des \u00e9tapes importantes doivent \u00eatre franchies. Le point principal \u00e0 l\u2019ordre du jour du congr\u00e8s \u00e0 Berne est la future strat\u00e9gie de l\u2019association. Une votation consultative [&hellip;]\" \/>\n<meta property=\"og:url\" content=\"https:\/\/swissbaker.ch\/fr\/panissimo-news\/des-mesures-importantes-seront-prises\/\" \/>\n<meta property=\"og:site_name\" content=\"SBC\" \/>\n<meta property=\"article:publisher\" content=\"https:\/\/www.facebook.com\/swissbaker.ch\" \/>\n<meta property=\"article:published_time\" content=\"2018-05-16T06:37:00+00:00\" \/>\n<meta property=\"article:modified_time\" content=\"2022-05-12T14:23:43+00:00\" \/>\n<meta property=\"og:image\" content=\"https:\/\/swissbaker.ch\/wp-content\/uploads\/2022\/04\/Kongress_DSC0009_c_web.jpeg\" \/>\n\t<meta property=\"og:image:width\" content=\"800\" \/>\n\t<meta property=\"og:image:height\" content=\"474\" \/>\n\t<meta property=\"og:image:type\" content=\"image\/jpeg\" \/>\n<meta name=\"author\" content=\"azureart\" \/>\n<meta name=\"twitter:card\" content=\"summary_large_image\" \/>\n<meta name=\"twitter:creator\" content=\"@ch_swissbaker\" \/>\n<meta name=\"twitter:site\" content=\"@ch_swissbaker\" \/>\n<meta name=\"twitter:label1\" content=\"Written by\" \/>\n\t<meta name=\"twitter:data1\" content=\"azureart\" \/>\n\t<meta name=\"twitter:label2\" content=\"Est. reading time\" \/>\n\t<meta name=\"twitter:data2\" content=\"2 minutes\" \/>\n<script type=\"application\/ld+json\" class=\"yoast-schema-graph\">{\"@context\":\"https:\/\/schema.org\",\"@graph\":[{\"@type\":\"Article\",\"@id\":\"https:\/\/swissbaker.ch\/fr\/panissimo-news\/des-mesures-importantes-seront-prises\/#article\",\"isPartOf\":{\"@id\":\"https:\/\/swissbaker.ch\/fr\/panissimo-news\/des-mesures-importantes-seront-prises\/\"},\"author\":{\"name\":\"azureart\",\"@id\":\"https:\/\/swissbaker.ch\/fr\/#\/schema\/person\/058ac47619f7da53df62aba60f939b78\"},\"headline\":\"Des mesures importantes seront prises\",\"datePublished\":\"2018-05-16T06:37:00+00:00\",\"dateModified\":\"2022-05-12T14:23:43+00:00\",\"mainEntityOfPage\":{\"@id\":\"https:\/\/swissbaker.ch\/fr\/panissimo-news\/des-mesures-importantes-seront-prises\/\"},\"wordCount\":323,\"commentCount\":0,\"publisher\":{\"@id\":\"https:\/\/swissbaker.ch\/fr\/#organization\"},\"image\":{\"@id\":\"https:\/\/swissbaker.ch\/fr\/panissimo-news\/des-mesures-importantes-seront-prises\/#primaryimage\"},\"thumbnailUrl\":\"https:\/\/swissbaker.ch\/wp-content\/uploads\/2022\/04\/Kongress_DSC0009_c_web.jpeg\",\"articleSection\":[\"Association\",\"Ev\u00e9nement\"],\"inLanguage\":\"fr-FR\",\"potentialAction\":[{\"@type\":\"CommentAction\",\"name\":\"Comment\",\"target\":[\"https:\/\/swissbaker.ch\/fr\/panissimo-news\/des-mesures-importantes-seront-prises\/#respond\"]}]},{\"@type\":\"WebPage\",\"@id\":\"https:\/\/swissbaker.ch\/fr\/panissimo-news\/des-mesures-importantes-seront-prises\/\",\"url\":\"https:\/\/swissbaker.ch\/fr\/panissimo-news\/des-mesures-importantes-seront-prises\/\",\"name\":\"Des mesures importantes seront prises | SBC\",\"isPartOf\":{\"@id\":\"https:\/\/swissbaker.ch\/fr\/#website\"},\"primaryImageOfPage\":{\"@id\":\"https:\/\/swissbaker.ch\/fr\/panissimo-news\/des-mesures-importantes-seront-prises\/#primaryimage\"},\"image\":{\"@id\":\"https:\/\/swissbaker.ch\/fr\/panissimo-news\/des-mesures-importantes-seront-prises\/#primaryimage\"},\"thumbnailUrl\":\"https:\/\/swissbaker.ch\/wp-content\/uploads\/2022\/04\/Kongress_DSC0009_c_web.jpeg\",\"datePublished\":\"2018-05-16T06:37:00+00:00\",\"dateModified\":\"2022-05-12T14:23:43+00:00\",\"breadcrumb\":{\"@id\":\"https:\/\/swissbaker.ch\/fr\/panissimo-news\/des-mesures-importantes-seront-prises\/#breadcrumb\"},\"inLanguage\":\"fr-FR\",\"potentialAction\":[{\"@type\":\"ReadAction\",\"target\":[\"https:\/\/swissbaker.ch\/fr\/panissimo-news\/des-mesures-importantes-seront-prises\/\"]}]},{\"@type\":\"ImageObject\",\"inLanguage\":\"fr-FR\",\"@id\":\"https:\/\/swissbaker.ch\/fr\/panissimo-news\/des-mesures-importantes-seront-prises\/#primaryimage\",\"url\":\"https:\/\/swissbaker.ch\/wp-content\/uploads\/2022\/04\/Kongress_DSC0009_c_web.jpeg\",\"contentUrl\":\"https:\/\/swissbaker.ch\/wp-content\/uploads\/2022\/04\/Kongress_DSC0009_c_web.jpeg\",\"width\":800,\"height\":474,\"caption\":\"Des mesures importantes seront prises\"},{\"@type\":\"BreadcrumbList\",\"@id\":\"https:\/\/swissbaker.ch\/fr\/panissimo-news\/des-mesures-importantes-seront-prises\/#breadcrumb\",\"itemListElement\":[{\"@type\":\"ListItem\",\"position\":1,\"name\":\"\",\"item\":\"https:\/\/swissbaker.ch\/fr\/\"},{\"@type\":\"ListItem\",\"position\":2,\"name\":\"Association\",\"item\":\"https:\/\/swissbaker.ch\/fr\/panissimo-news\/category\/association\/\"},{\"@type\":\"ListItem\",\"position\":3,\"name\":\"Des mesures importantes seront prises\"}]},{\"@type\":\"WebSite\",\"@id\":\"https:\/\/swissbaker.ch\/fr\/#website\",\"url\":\"https:\/\/swissbaker.ch\/fr\/\",\"name\":\"SBC\",\"description\":\"\",\"publisher\":{\"@id\":\"https:\/\/swissbaker.ch\/fr\/#organization\"},\"potentialAction\":[{\"@type\":\"SearchAction\",\"target\":{\"@type\":\"EntryPoint\",\"urlTemplate\":\"https:\/\/swissbaker.ch\/fr\/?s={search_term_string}\"},\"query-input\":{\"@type\":\"PropertyValueSpecification\",\"valueRequired\":true,\"valueName\":\"search_term_string\"}}],\"inLanguage\":\"fr-FR\"},{\"@type\":\"Organization\",\"@id\":\"https:\/\/swissbaker.ch\/fr\/#organization\",\"name\":\"Schweizerischer B\u00e4cker-Confiseurmeister-Verband\",\"url\":\"https:\/\/swissbaker.ch\/fr\/\",\"logo\":{\"@type\":\"ImageObject\",\"inLanguage\":\"fr-FR\",\"@id\":\"https:\/\/swissbaker.ch\/fr\/#\/schema\/logo\/image\/\",\"url\":\"https:\/\/swissbaker.ch\/wp-content\/uploads\/2022\/04\/sbc-logo-yoast.jpg\",\"contentUrl\":\"https:\/\/swissbaker.ch\/wp-content\/uploads\/2022\/04\/sbc-logo-yoast.jpg\",\"width\":512,\"height\":512,\"caption\":\"Schweizerischer B\u00e4cker-Confiseurmeister-Verband\"},\"image\":{\"@id\":\"https:\/\/swissbaker.ch\/fr\/#\/schema\/logo\/image\/\"},\"sameAs\":[\"https:\/\/www.facebook.com\/swissbaker.ch\",\"https:\/\/x.com\/ch_swissbaker\"]},{\"@type\":\"Person\",\"@id\":\"https:\/\/swissbaker.ch\/fr\/#\/schema\/person\/058ac47619f7da53df62aba60f939b78\",\"name\":\"azureart\",\"image\":{\"@type\":\"ImageObject\",\"inLanguage\":\"fr-FR\",\"@id\":\"https:\/\/swissbaker.ch\/fr\/#\/schema\/person\/image\/\",\"url\":\"https:\/\/secure.gravatar.com\/avatar\/be04dd3098fd612c83067af4f7a295384c93cb6a9112f51beb9d2f477d25da61?s=96&d=mm&r=g\",\"contentUrl\":\"https:\/\/secure.gravatar.com\/avatar\/be04dd3098fd612c83067af4f7a295384c93cb6a9112f51beb9d2f477d25da61?s=96&d=mm&r=g\",\"caption\":\"azureart\"},\"sameAs\":[\"https:\/\/swissbaker.ch\"],\"url\":\"https:\/\/swissbaker.ch\/fr\/panissimo-news\/author\/pixel-ahoi\/\"}]}<\/script>\n<!-- \/ Yoast SEO Premium plugin. -->","yoast_head_json":{"title":"Des mesures importantes seront prises | SBC","robots":{"index":"index","follow":"follow","max-snippet":"max-snippet:-1","max-image-preview":"max-image-preview:large","max-video-preview":"max-video-preview:-1"},"canonical":"https:\/\/swissbaker.ch\/fr\/panissimo-news\/des-mesures-importantes-seront-prises\/","og_locale":"fr_FR","og_type":"article","og_title":"Des mesures importantes seront prises","og_description":"Le futur de l\u2019Association suisse des patrons boulangers-confiseurs (BCS) sera au centre du congr\u00e8s de la BCS le 18\u202fjuin \u00e0 Bernexpo \u00e0 Berne. Les membres sont cordialement invit\u00e9s \u00e0 prendre part aux d\u00e9cisions, lorsque des \u00e9tapes importantes doivent \u00eatre franchies. Le point principal \u00e0 l\u2019ordre du jour du congr\u00e8s \u00e0 Berne est la future strat\u00e9gie de l\u2019association. Une votation consultative [&hellip;]","og_url":"https:\/\/swissbaker.ch\/fr\/panissimo-news\/des-mesures-importantes-seront-prises\/","og_site_name":"SBC","article_publisher":"https:\/\/www.facebook.com\/swissbaker.ch","article_published_time":"2018-05-16T06:37:00+00:00","article_modified_time":"2022-05-12T14:23:43+00:00","og_image":[{"width":800,"height":474,"url":"https:\/\/swissbaker.ch\/wp-content\/uploads\/2022\/04\/Kongress_DSC0009_c_web.jpeg","type":"image\/jpeg"}],"author":"azureart","twitter_card":"summary_large_image","twitter_creator":"@ch_swissbaker","twitter_site":"@ch_swissbaker","twitter_misc":{"Written by":"azureart","Est. reading time":"2 minutes"},"schema":{"@context":"https:\/\/schema.org","@graph":[{"@type":"Article","@id":"https:\/\/swissbaker.ch\/fr\/panissimo-news\/des-mesures-importantes-seront-prises\/#article","isPartOf":{"@id":"https:\/\/swissbaker.ch\/fr\/panissimo-news\/des-mesures-importantes-seront-prises\/"},"author":{"name":"azureart","@id":"https:\/\/swissbaker.ch\/fr\/#\/schema\/person\/058ac47619f7da53df62aba60f939b78"},"headline":"Des mesures importantes seront prises","datePublished":"2018-05-16T06:37:00+00:00","dateModified":"2022-05-12T14:23:43+00:00","mainEntityOfPage":{"@id":"https:\/\/swissbaker.ch\/fr\/panissimo-news\/des-mesures-importantes-seront-prises\/"},"wordCount":323,"commentCount":0,"publisher":{"@id":"https:\/\/swissbaker.ch\/fr\/#organization"},"image":{"@id":"https:\/\/swissbaker.ch\/fr\/panissimo-news\/des-mesures-importantes-seront-prises\/#primaryimage"},"thumbnailUrl":"https:\/\/swissbaker.ch\/wp-content\/uploads\/2022\/04\/Kongress_DSC0009_c_web.jpeg","articleSection":["Association","Ev\u00e9nement"],"inLanguage":"fr-FR","potentialAction":[{"@type":"CommentAction","name":"Comment","target":["https:\/\/swissbaker.ch\/fr\/panissimo-news\/des-mesures-importantes-seront-prises\/#respond"]}]},{"@type":"WebPage","@id":"https:\/\/swissbaker.ch\/fr\/panissimo-news\/des-mesures-importantes-seront-prises\/","url":"https:\/\/swissbaker.ch\/fr\/panissimo-news\/des-mesures-importantes-seront-prises\/","name":"Des mesures importantes seront prises | SBC","isPartOf":{"@id":"https:\/\/swissbaker.ch\/fr\/#website"},"primaryImageOfPage":{"@id":"https:\/\/swissbaker.ch\/fr\/panissimo-news\/des-mesures-importantes-seront-prises\/#primaryimage"},"image":{"@id":"https:\/\/swissbaker.ch\/fr\/panissimo-news\/des-mesures-importantes-seront-prises\/#primaryimage"},"thumbnailUrl":"https:\/\/swissbaker.ch\/wp-content\/uploads\/2022\/04\/Kongress_DSC0009_c_web.jpeg","datePublished":"2018-05-16T06:37:00+00:00","dateModified":"2022-05-12T14:23:43+00:00","breadcrumb":{"@id":"https:\/\/swissbaker.ch\/fr\/panissimo-news\/des-mesures-importantes-seront-prises\/#breadcrumb"},"inLanguage":"fr-FR","potentialAction":[{"@type":"ReadAction","target":["https:\/\/swissbaker.ch\/fr\/panissimo-news\/des-mesures-importantes-seront-prises\/"]}]},{"@type":"ImageObject","inLanguage":"fr-FR","@id":"https:\/\/swissbaker.ch\/fr\/panissimo-news\/des-mesures-importantes-seront-prises\/#primaryimage","url":"https:\/\/swissbaker.ch\/wp-content\/uploads\/2022\/04\/Kongress_DSC0009_c_web.jpeg","contentUrl":"https:\/\/swissbaker.ch\/wp-content\/uploads\/2022\/04\/Kongress_DSC0009_c_web.jpeg","width":800,"height":474,"caption":"Des mesures importantes seront prises"},{"@type":"BreadcrumbList","@id":"https:\/\/swissbaker.ch\/fr\/panissimo-news\/des-mesures-importantes-seront-prises\/#breadcrumb","itemListElement":[{"@type":"ListItem","position":1,"name":"","item":"https:\/\/swissbaker.ch\/fr\/"},{"@type":"ListItem","position":2,"name":"Association","item":"https:\/\/swissbaker.ch\/fr\/panissimo-news\/category\/association\/"},{"@type":"ListItem","position":3,"name":"Des mesures importantes seront prises"}]},{"@type":"WebSite","@id":"https:\/\/swissbaker.ch\/fr\/#website","url":"https:\/\/swissbaker.ch\/fr\/","name":"SBC","description":"","publisher":{"@id":"https:\/\/swissbaker.ch\/fr\/#organization"},"potentialAction":[{"@type":"SearchAction","target":{"@type":"EntryPoint","urlTemplate":"https:\/\/swissbaker.ch\/fr\/?s={search_term_string}"},"query-input":{"@type":"PropertyValueSpecification","valueRequired":true,"valueName":"search_term_string"}}],"inLanguage":"fr-FR"},{"@type":"Organization","@id":"https:\/\/swissbaker.ch\/fr\/#organization","name":"Schweizerischer B\u00e4cker-Confiseurmeister-Verband","url":"https:\/\/swissbaker.ch\/fr\/","logo":{"@type":"ImageObject","inLanguage":"fr-FR","@id":"https:\/\/swissbaker.ch\/fr\/#\/schema\/logo\/image\/","url":"https:\/\/swissbaker.ch\/wp-content\/uploads\/2022\/04\/sbc-logo-yoast.jpg","contentUrl":"https:\/\/swissbaker.ch\/wp-content\/uploads\/2022\/04\/sbc-logo-yoast.jpg","width":512,"height":512,"caption":"Schweizerischer B\u00e4cker-Confiseurmeister-Verband"},"image":{"@id":"https:\/\/swissbaker.ch\/fr\/#\/schema\/logo\/image\/"},"sameAs":["https:\/\/www.facebook.com\/swissbaker.ch","https:\/\/x.com\/ch_swissbaker"]},{"@type":"Person","@id":"https:\/\/swissbaker.ch\/fr\/#\/schema\/person\/058ac47619f7da53df62aba60f939b78","name":"azureart","image":{"@type":"ImageObject","inLanguage":"fr-FR","@id":"https:\/\/swissbaker.ch\/fr\/#\/schema\/person\/image\/","url":"https:\/\/secure.gravatar.com\/avatar\/be04dd3098fd612c83067af4f7a295384c93cb6a9112f51beb9d2f477d25da61?s=96&d=mm&r=g","contentUrl":"https:\/\/secure.gravatar.com\/avatar\/be04dd3098fd612c83067af4f7a295384c93cb6a9112f51beb9d2f477d25da61?s=96&d=mm&r=g","caption":"azureart"},"sameAs":["https:\/\/swissbaker.ch"],"url":"https:\/\/swissbaker.ch\/fr\/panissimo-news\/author\/pixel-ahoi\/"}]}},"_links":{"self":[{"href":"https:\/\/swissbaker.ch\/fr\/wp-json\/wp\/v2\/posts\/9829","targetHints":{"allow":["GET"]}}],"collection":[{"href":"https:\/\/swissbaker.ch\/fr\/wp-json\/wp\/v2\/posts"}],"about":[{"href":"https:\/\/swissbaker.ch\/fr\/wp-json\/wp\/v2\/types\/post"}],"author":[{"embeddable":true,"href":"https:\/\/swissbaker.ch\/fr\/wp-json\/wp\/v2\/users\/1"}],"replies":[{"embeddable":true,"href":"https:\/\/swissbaker.ch\/fr\/wp-json\/wp\/v2\/comments?post=9829"}],"version-history":[{"count":0,"href":"https:\/\/swissbaker.ch\/fr\/wp-json\/wp\/v2\/posts\/9829\/revisions"}],"wp:featuredmedia":[{"embeddable":true,"href":"https:\/\/swissbaker.ch\/fr\/wp-json\/wp\/v2\/media\/6713"}],"wp:attachment":[{"href":"https:\/\/swissbaker.ch\/fr\/wp-json\/wp\/v2\/media?parent=9829"}],"wp:term":[{"taxonomy":"category","embeddable":true,"href":"https:\/\/swissbaker.ch\/fr\/wp-json\/wp\/v2\/categories?post=9829"},{"taxonomy":"post_tag","embeddable":true,"href":"https:\/\/swissbaker.ch\/fr\/wp-json\/wp\/v2\/tags?post=9829"}],"curies":[{"name":"wp","href":"https:\/\/api.w.org\/{rel}","templated":true}]}}