{"id":9820,"date":"2018-05-16T08:39:00","date_gmt":"2018-05-16T06:39:00","guid":{"rendered":"https:\/\/swissbaker.ch\/?p=9820"},"modified":"2022-05-12T16:16:09","modified_gmt":"2022-05-12T14:16:09","slug":"lever-de-rideau-pour-une-premiere","status":"publish","type":"post","link":"https:\/\/swissbaker.ch\/fr\/panissimo-news\/lever-de-rideau-pour-une-premiere\/","title":{"rendered":"Lever de rideau pour une premi\u00e8re"},"content":{"rendered":"\n<p><strong>Le 17\u202fjuin, la veille du congr\u00e8s, la BCS organise le Grand Prix des artisans boulangers-confiseurs comprenant un repas du soir et une remise des prix.<\/strong><\/p>\n\n\n\n<p>Au soir du Grand-Prix des boulangers-confiseurs 2018, les participants vivront une premi\u00e8re\u2009: l\u2019Ambassadeur du pain et du chocolat 2018 sera \u00e9lu. Ce titre sera d\u00e9cern\u00e9 \u00e0 une personnalit\u00e9 de premier plan, ext\u00e9rieure \u00e0 la branche, qui a en particulier beaucoup apport\u00e9 \u00e0 l\u2019image ou aux pr\u00e9occupations du secteur.<\/p>\n\n\n\n<h2 class=\"wp-block-heading\" id=\"h-couronne-boulangere\">Couronne boulang\u00e8re<\/h2>\n\n\n\n<p>Cette ann\u00e9e, la couronne boulang\u00e8re sera remise la veille du congr\u00e8s. Avec ce prix, l\u2019Union suisse de la levure et la BCS r\u00e9compensent pour la septi\u00e8me fois les \u00ab\u2009reines\u2009\u00bb et \u00ab\u2009rois\u2009\u00bb de la boulangerie qui se d\u00e9marquent par des id\u00e9es et des actions sociales, \u00e9conomiques, professionnelles et \u00e9cologiques. Lors de la c\u00e9r\u00e9monie, les trois entreprises nomin\u00e9es seront pr\u00e9sent\u00e9es, et la gagnante honor\u00e9e.<\/p>\n\n\n\n<h2 class=\"wp-block-heading\">Rel\u00e8ve c\u00e9l\u00e9br\u00e9e<\/h2>\n\n\n\n<p>Au Grand Prix des artisans boulangers-confiseurs, la rel\u00e8ve couronn\u00e9e de succ\u00e8s de la branche sera aussi c\u00e9l\u00e9br\u00e9e\u2009: Ramona Bolliger, championne du monde de boulangerie, Uthaya Umaparan, dipl\u00f4m\u00e9e aux WorldSkills 2017, et les champions suisses de boulangerie, de confiserie et du commerce de d\u00e9tail.<\/p>\n\n\n\n<h2 class=\"wp-block-heading\">Coupe du monde en direct<\/h2>\n\n\n\n<p>Le m\u00eame soir, l\u2019\u00e9quipe nationale de football rencontrera le Br\u00e9sil. Les invit\u00e9s pourront suivre le match en direct sur grand \u00e9cran et vibrer au sein de la famille des boulangers-confiseurs.<\/p>\n\n\n\n<h2 class=\"wp-block-heading\">Last minute<\/h2>\n\n\n\n<p>Les personnes qui souhaitent participer \u00e0 l\u2019\u00e9v\u00e9nement ont jusqu\u2019au 27\u202fmai pour s\u2019inscrire\u2009:<a href=\"http:\/\/www.swissbaker.ch\/grand-prix\"> www.swissbaker.ch\/grand-prix<\/a><\/p>\n\n\n\n<h2 class=\"wp-block-heading\">Programme du 17\u202fjuin<\/h2>\n\n\n\n<p>Bernexpo, Mingerstrasse 6 \u00e0 Berne<\/p>\n\n\n\n<p>17\u2009h\u200900 \u2013 17\u2009h\u200930 welcome drink et ouverture des portes<\/p>\n\n\n\n<p>17\u2009h\u200930 \u2013 19\u2009h\u200900 hommages et remise de prix<\/p>\n\n\n\n<p>19\u2009h\u200900 repas du soir<\/p>\n\n\n\n<p>20\u2009h\u200900 retransmission du match Suisse \u2013 Br\u00e9sil<\/p>\n","protected":false},"excerpt":{"rendered":"<p>Le 17\u202fjuin, la veille du congr\u00e8s, la BCS organise le Grand Prix des artisans boulangers-confiseurs comprenant un repas du soir et une remise des prix. Au soir du Grand-Prix des boulangers-confiseurs 2018, les participants vivront une premi\u00e8re\u2009: l\u2019Ambassadeur du pain et du chocolat 2018 sera \u00e9lu. Ce titre sera d\u00e9cern\u00e9 \u00e0 une personnalit\u00e9 de premier plan, ext\u00e9rieure \u00e0 la branche, [&hellip;]<\/p>\n","protected":false},"author":1,"featured_media":6714,"comment_status":"open","ping_status":"closed","sticky":false,"template":"","format":"standard","meta":{"_acf_changed":false,"footnotes":""},"categories":[41,46],"tags":[],"class_list":["post-9820","post","type-post","status-publish","format-standard","has-post-thumbnail","hentry","category-association","category-evenement"],"acf":[],"yoast_head":"<!-- This site is optimized with the Yoast SEO Premium plugin v26.8 (Yoast SEO v26.8) - https:\/\/yoast.com\/product\/yoast-seo-premium-wordpress\/ -->\n<title>Lever de rideau pour une premi\u00e8re | SBC<\/title>\n<meta name=\"robots\" content=\"index, follow, max-snippet:-1, max-image-preview:large, max-video-preview:-1\" \/>\n<link rel=\"canonical\" href=\"https:\/\/swissbaker.ch\/fr\/panissimo-news\/lever-de-rideau-pour-une-premiere\/\" \/>\n<meta property=\"og:locale\" content=\"fr_FR\" \/>\n<meta property=\"og:type\" content=\"article\" \/>\n<meta property=\"og:title\" content=\"Lever de rideau pour une premi\u00e8re\" \/>\n<meta property=\"og:description\" content=\"Le 17\u202fjuin, la veille du congr\u00e8s, la BCS organise le Grand Prix des artisans boulangers-confiseurs comprenant un repas du soir et une remise des prix. Au soir du Grand-Prix des boulangers-confiseurs 2018, les participants vivront une premi\u00e8re\u2009: l\u2019Ambassadeur du pain et du chocolat 2018 sera \u00e9lu. Ce titre sera d\u00e9cern\u00e9 \u00e0 une personnalit\u00e9 de premier plan, ext\u00e9rieure \u00e0 la branche, [&hellip;]\" \/>\n<meta property=\"og:url\" content=\"https:\/\/swissbaker.ch\/fr\/panissimo-news\/lever-de-rideau-pour-une-premiere\/\" \/>\n<meta property=\"og:site_name\" content=\"SBC\" \/>\n<meta property=\"article:publisher\" content=\"https:\/\/www.facebook.com\/swissbaker.ch\" \/>\n<meta property=\"article:published_time\" content=\"2018-05-16T06:39:00+00:00\" \/>\n<meta property=\"article:modified_time\" content=\"2022-05-12T14:16:09+00:00\" \/>\n<meta property=\"og:image\" content=\"https:\/\/swissbaker.ch\/wp-content\/uploads\/2022\/04\/Baeckerkrone2017_Diplomuebergabe_c_web.jpeg\" \/>\n\t<meta property=\"og:image:width\" content=\"800\" \/>\n\t<meta property=\"og:image:height\" content=\"474\" \/>\n\t<meta property=\"og:image:type\" content=\"image\/jpeg\" \/>\n<meta name=\"author\" content=\"azureart\" \/>\n<meta name=\"twitter:card\" content=\"summary_large_image\" \/>\n<meta name=\"twitter:creator\" content=\"@ch_swissbaker\" \/>\n<meta name=\"twitter:site\" content=\"@ch_swissbaker\" \/>\n<meta name=\"twitter:label1\" content=\"Written by\" \/>\n\t<meta name=\"twitter:data1\" content=\"azureart\" \/>\n\t<meta name=\"twitter:label2\" content=\"Est. reading time\" \/>\n\t<meta name=\"twitter:data2\" content=\"2 minutes\" \/>\n<script type=\"application\/ld+json\" class=\"yoast-schema-graph\">{\"@context\":\"https:\/\/schema.org\",\"@graph\":[{\"@type\":\"Article\",\"@id\":\"https:\/\/swissbaker.ch\/fr\/panissimo-news\/lever-de-rideau-pour-une-premiere\/#article\",\"isPartOf\":{\"@id\":\"https:\/\/swissbaker.ch\/fr\/panissimo-news\/lever-de-rideau-pour-une-premiere\/\"},\"author\":{\"name\":\"azureart\",\"@id\":\"https:\/\/swissbaker.ch\/fr\/#\/schema\/person\/058ac47619f7da53df62aba60f939b78\"},\"headline\":\"Lever de rideau pour une premi\u00e8re\",\"datePublished\":\"2018-05-16T06:39:00+00:00\",\"dateModified\":\"2022-05-12T14:16:09+00:00\",\"mainEntityOfPage\":{\"@id\":\"https:\/\/swissbaker.ch\/fr\/panissimo-news\/lever-de-rideau-pour-une-premiere\/\"},\"wordCount\":310,\"commentCount\":0,\"publisher\":{\"@id\":\"https:\/\/swissbaker.ch\/fr\/#organization\"},\"image\":{\"@id\":\"https:\/\/swissbaker.ch\/fr\/panissimo-news\/lever-de-rideau-pour-une-premiere\/#primaryimage\"},\"thumbnailUrl\":\"https:\/\/swissbaker.ch\/wp-content\/uploads\/2022\/04\/Baeckerkrone2017_Diplomuebergabe_c_web.jpeg\",\"articleSection\":[\"Association\",\"Ev\u00e9nement\"],\"inLanguage\":\"fr-FR\",\"potentialAction\":[{\"@type\":\"CommentAction\",\"name\":\"Comment\",\"target\":[\"https:\/\/swissbaker.ch\/fr\/panissimo-news\/lever-de-rideau-pour-une-premiere\/#respond\"]}]},{\"@type\":\"WebPage\",\"@id\":\"https:\/\/swissbaker.ch\/fr\/panissimo-news\/lever-de-rideau-pour-une-premiere\/\",\"url\":\"https:\/\/swissbaker.ch\/fr\/panissimo-news\/lever-de-rideau-pour-une-premiere\/\",\"name\":\"Lever de rideau pour une premi\u00e8re | SBC\",\"isPartOf\":{\"@id\":\"https:\/\/swissbaker.ch\/fr\/#website\"},\"primaryImageOfPage\":{\"@id\":\"https:\/\/swissbaker.ch\/fr\/panissimo-news\/lever-de-rideau-pour-une-premiere\/#primaryimage\"},\"image\":{\"@id\":\"https:\/\/swissbaker.ch\/fr\/panissimo-news\/lever-de-rideau-pour-une-premiere\/#primaryimage\"},\"thumbnailUrl\":\"https:\/\/swissbaker.ch\/wp-content\/uploads\/2022\/04\/Baeckerkrone2017_Diplomuebergabe_c_web.jpeg\",\"datePublished\":\"2018-05-16T06:39:00+00:00\",\"dateModified\":\"2022-05-12T14:16:09+00:00\",\"breadcrumb\":{\"@id\":\"https:\/\/swissbaker.ch\/fr\/panissimo-news\/lever-de-rideau-pour-une-premiere\/#breadcrumb\"},\"inLanguage\":\"fr-FR\",\"potentialAction\":[{\"@type\":\"ReadAction\",\"target\":[\"https:\/\/swissbaker.ch\/fr\/panissimo-news\/lever-de-rideau-pour-une-premiere\/\"]}]},{\"@type\":\"ImageObject\",\"inLanguage\":\"fr-FR\",\"@id\":\"https:\/\/swissbaker.ch\/fr\/panissimo-news\/lever-de-rideau-pour-une-premiere\/#primaryimage\",\"url\":\"https:\/\/swissbaker.ch\/wp-content\/uploads\/2022\/04\/Baeckerkrone2017_Diplomuebergabe_c_web.jpeg\",\"contentUrl\":\"https:\/\/swissbaker.ch\/wp-content\/uploads\/2022\/04\/Baeckerkrone2017_Diplomuebergabe_c_web.jpeg\",\"width\":800,\"height\":474,\"caption\":\"Lever de rideau pour une premi\u00e8re\"},{\"@type\":\"BreadcrumbList\",\"@id\":\"https:\/\/swissbaker.ch\/fr\/panissimo-news\/lever-de-rideau-pour-une-premiere\/#breadcrumb\",\"itemListElement\":[{\"@type\":\"ListItem\",\"position\":1,\"name\":\"\",\"item\":\"https:\/\/swissbaker.ch\/fr\/\"},{\"@type\":\"ListItem\",\"position\":2,\"name\":\"Association\",\"item\":\"https:\/\/swissbaker.ch\/fr\/panissimo-news\/category\/association\/\"},{\"@type\":\"ListItem\",\"position\":3,\"name\":\"Lever de rideau pour une premi\u00e8re\"}]},{\"@type\":\"WebSite\",\"@id\":\"https:\/\/swissbaker.ch\/fr\/#website\",\"url\":\"https:\/\/swissbaker.ch\/fr\/\",\"name\":\"SBC\",\"description\":\"\",\"publisher\":{\"@id\":\"https:\/\/swissbaker.ch\/fr\/#organization\"},\"potentialAction\":[{\"@type\":\"SearchAction\",\"target\":{\"@type\":\"EntryPoint\",\"urlTemplate\":\"https:\/\/swissbaker.ch\/fr\/?s={search_term_string}\"},\"query-input\":{\"@type\":\"PropertyValueSpecification\",\"valueRequired\":true,\"valueName\":\"search_term_string\"}}],\"inLanguage\":\"fr-FR\"},{\"@type\":\"Organization\",\"@id\":\"https:\/\/swissbaker.ch\/fr\/#organization\",\"name\":\"Schweizerischer B\u00e4cker-Confiseurmeister-Verband\",\"url\":\"https:\/\/swissbaker.ch\/fr\/\",\"logo\":{\"@type\":\"ImageObject\",\"inLanguage\":\"fr-FR\",\"@id\":\"https:\/\/swissbaker.ch\/fr\/#\/schema\/logo\/image\/\",\"url\":\"https:\/\/swissbaker.ch\/wp-content\/uploads\/2022\/04\/sbc-logo-yoast.jpg\",\"contentUrl\":\"https:\/\/swissbaker.ch\/wp-content\/uploads\/2022\/04\/sbc-logo-yoast.jpg\",\"width\":512,\"height\":512,\"caption\":\"Schweizerischer B\u00e4cker-Confiseurmeister-Verband\"},\"image\":{\"@id\":\"https:\/\/swissbaker.ch\/fr\/#\/schema\/logo\/image\/\"},\"sameAs\":[\"https:\/\/www.facebook.com\/swissbaker.ch\",\"https:\/\/x.com\/ch_swissbaker\"]},{\"@type\":\"Person\",\"@id\":\"https:\/\/swissbaker.ch\/fr\/#\/schema\/person\/058ac47619f7da53df62aba60f939b78\",\"name\":\"azureart\",\"image\":{\"@type\":\"ImageObject\",\"inLanguage\":\"fr-FR\",\"@id\":\"https:\/\/swissbaker.ch\/fr\/#\/schema\/person\/image\/\",\"url\":\"https:\/\/secure.gravatar.com\/avatar\/be04dd3098fd612c83067af4f7a295384c93cb6a9112f51beb9d2f477d25da61?s=96&d=mm&r=g\",\"contentUrl\":\"https:\/\/secure.gravatar.com\/avatar\/be04dd3098fd612c83067af4f7a295384c93cb6a9112f51beb9d2f477d25da61?s=96&d=mm&r=g\",\"caption\":\"azureart\"},\"sameAs\":[\"https:\/\/swissbaker.ch\"],\"url\":\"https:\/\/swissbaker.ch\/fr\/panissimo-news\/author\/pixel-ahoi\/\"}]}<\/script>\n<!-- \/ Yoast SEO Premium plugin. -->","yoast_head_json":{"title":"Lever de rideau pour une premi\u00e8re | SBC","robots":{"index":"index","follow":"follow","max-snippet":"max-snippet:-1","max-image-preview":"max-image-preview:large","max-video-preview":"max-video-preview:-1"},"canonical":"https:\/\/swissbaker.ch\/fr\/panissimo-news\/lever-de-rideau-pour-une-premiere\/","og_locale":"fr_FR","og_type":"article","og_title":"Lever de rideau pour une premi\u00e8re","og_description":"Le 17\u202fjuin, la veille du congr\u00e8s, la BCS organise le Grand Prix des artisans boulangers-confiseurs comprenant un repas du soir et une remise des prix. Au soir du Grand-Prix des boulangers-confiseurs 2018, les participants vivront une premi\u00e8re\u2009: l\u2019Ambassadeur du pain et du chocolat 2018 sera \u00e9lu. Ce titre sera d\u00e9cern\u00e9 \u00e0 une personnalit\u00e9 de premier plan, ext\u00e9rieure \u00e0 la branche, [&hellip;]","og_url":"https:\/\/swissbaker.ch\/fr\/panissimo-news\/lever-de-rideau-pour-une-premiere\/","og_site_name":"SBC","article_publisher":"https:\/\/www.facebook.com\/swissbaker.ch","article_published_time":"2018-05-16T06:39:00+00:00","article_modified_time":"2022-05-12T14:16:09+00:00","og_image":[{"width":800,"height":474,"url":"https:\/\/swissbaker.ch\/wp-content\/uploads\/2022\/04\/Baeckerkrone2017_Diplomuebergabe_c_web.jpeg","type":"image\/jpeg"}],"author":"azureart","twitter_card":"summary_large_image","twitter_creator":"@ch_swissbaker","twitter_site":"@ch_swissbaker","twitter_misc":{"Written by":"azureart","Est. reading time":"2 minutes"},"schema":{"@context":"https:\/\/schema.org","@graph":[{"@type":"Article","@id":"https:\/\/swissbaker.ch\/fr\/panissimo-news\/lever-de-rideau-pour-une-premiere\/#article","isPartOf":{"@id":"https:\/\/swissbaker.ch\/fr\/panissimo-news\/lever-de-rideau-pour-une-premiere\/"},"author":{"name":"azureart","@id":"https:\/\/swissbaker.ch\/fr\/#\/schema\/person\/058ac47619f7da53df62aba60f939b78"},"headline":"Lever de rideau pour une premi\u00e8re","datePublished":"2018-05-16T06:39:00+00:00","dateModified":"2022-05-12T14:16:09+00:00","mainEntityOfPage":{"@id":"https:\/\/swissbaker.ch\/fr\/panissimo-news\/lever-de-rideau-pour-une-premiere\/"},"wordCount":310,"commentCount":0,"publisher":{"@id":"https:\/\/swissbaker.ch\/fr\/#organization"},"image":{"@id":"https:\/\/swissbaker.ch\/fr\/panissimo-news\/lever-de-rideau-pour-une-premiere\/#primaryimage"},"thumbnailUrl":"https:\/\/swissbaker.ch\/wp-content\/uploads\/2022\/04\/Baeckerkrone2017_Diplomuebergabe_c_web.jpeg","articleSection":["Association","Ev\u00e9nement"],"inLanguage":"fr-FR","potentialAction":[{"@type":"CommentAction","name":"Comment","target":["https:\/\/swissbaker.ch\/fr\/panissimo-news\/lever-de-rideau-pour-une-premiere\/#respond"]}]},{"@type":"WebPage","@id":"https:\/\/swissbaker.ch\/fr\/panissimo-news\/lever-de-rideau-pour-une-premiere\/","url":"https:\/\/swissbaker.ch\/fr\/panissimo-news\/lever-de-rideau-pour-une-premiere\/","name":"Lever de rideau pour une premi\u00e8re | SBC","isPartOf":{"@id":"https:\/\/swissbaker.ch\/fr\/#website"},"primaryImageOfPage":{"@id":"https:\/\/swissbaker.ch\/fr\/panissimo-news\/lever-de-rideau-pour-une-premiere\/#primaryimage"},"image":{"@id":"https:\/\/swissbaker.ch\/fr\/panissimo-news\/lever-de-rideau-pour-une-premiere\/#primaryimage"},"thumbnailUrl":"https:\/\/swissbaker.ch\/wp-content\/uploads\/2022\/04\/Baeckerkrone2017_Diplomuebergabe_c_web.jpeg","datePublished":"2018-05-16T06:39:00+00:00","dateModified":"2022-05-12T14:16:09+00:00","breadcrumb":{"@id":"https:\/\/swissbaker.ch\/fr\/panissimo-news\/lever-de-rideau-pour-une-premiere\/#breadcrumb"},"inLanguage":"fr-FR","potentialAction":[{"@type":"ReadAction","target":["https:\/\/swissbaker.ch\/fr\/panissimo-news\/lever-de-rideau-pour-une-premiere\/"]}]},{"@type":"ImageObject","inLanguage":"fr-FR","@id":"https:\/\/swissbaker.ch\/fr\/panissimo-news\/lever-de-rideau-pour-une-premiere\/#primaryimage","url":"https:\/\/swissbaker.ch\/wp-content\/uploads\/2022\/04\/Baeckerkrone2017_Diplomuebergabe_c_web.jpeg","contentUrl":"https:\/\/swissbaker.ch\/wp-content\/uploads\/2022\/04\/Baeckerkrone2017_Diplomuebergabe_c_web.jpeg","width":800,"height":474,"caption":"Lever de rideau pour une premi\u00e8re"},{"@type":"BreadcrumbList","@id":"https:\/\/swissbaker.ch\/fr\/panissimo-news\/lever-de-rideau-pour-une-premiere\/#breadcrumb","itemListElement":[{"@type":"ListItem","position":1,"name":"","item":"https:\/\/swissbaker.ch\/fr\/"},{"@type":"ListItem","position":2,"name":"Association","item":"https:\/\/swissbaker.ch\/fr\/panissimo-news\/category\/association\/"},{"@type":"ListItem","position":3,"name":"Lever de rideau pour une premi\u00e8re"}]},{"@type":"WebSite","@id":"https:\/\/swissbaker.ch\/fr\/#website","url":"https:\/\/swissbaker.ch\/fr\/","name":"SBC","description":"","publisher":{"@id":"https:\/\/swissbaker.ch\/fr\/#organization"},"potentialAction":[{"@type":"SearchAction","target":{"@type":"EntryPoint","urlTemplate":"https:\/\/swissbaker.ch\/fr\/?s={search_term_string}"},"query-input":{"@type":"PropertyValueSpecification","valueRequired":true,"valueName":"search_term_string"}}],"inLanguage":"fr-FR"},{"@type":"Organization","@id":"https:\/\/swissbaker.ch\/fr\/#organization","name":"Schweizerischer B\u00e4cker-Confiseurmeister-Verband","url":"https:\/\/swissbaker.ch\/fr\/","logo":{"@type":"ImageObject","inLanguage":"fr-FR","@id":"https:\/\/swissbaker.ch\/fr\/#\/schema\/logo\/image\/","url":"https:\/\/swissbaker.ch\/wp-content\/uploads\/2022\/04\/sbc-logo-yoast.jpg","contentUrl":"https:\/\/swissbaker.ch\/wp-content\/uploads\/2022\/04\/sbc-logo-yoast.jpg","width":512,"height":512,"caption":"Schweizerischer B\u00e4cker-Confiseurmeister-Verband"},"image":{"@id":"https:\/\/swissbaker.ch\/fr\/#\/schema\/logo\/image\/"},"sameAs":["https:\/\/www.facebook.com\/swissbaker.ch","https:\/\/x.com\/ch_swissbaker"]},{"@type":"Person","@id":"https:\/\/swissbaker.ch\/fr\/#\/schema\/person\/058ac47619f7da53df62aba60f939b78","name":"azureart","image":{"@type":"ImageObject","inLanguage":"fr-FR","@id":"https:\/\/swissbaker.ch\/fr\/#\/schema\/person\/image\/","url":"https:\/\/secure.gravatar.com\/avatar\/be04dd3098fd612c83067af4f7a295384c93cb6a9112f51beb9d2f477d25da61?s=96&d=mm&r=g","contentUrl":"https:\/\/secure.gravatar.com\/avatar\/be04dd3098fd612c83067af4f7a295384c93cb6a9112f51beb9d2f477d25da61?s=96&d=mm&r=g","caption":"azureart"},"sameAs":["https:\/\/swissbaker.ch"],"url":"https:\/\/swissbaker.ch\/fr\/panissimo-news\/author\/pixel-ahoi\/"}]}},"_links":{"self":[{"href":"https:\/\/swissbaker.ch\/fr\/wp-json\/wp\/v2\/posts\/9820","targetHints":{"allow":["GET"]}}],"collection":[{"href":"https:\/\/swissbaker.ch\/fr\/wp-json\/wp\/v2\/posts"}],"about":[{"href":"https:\/\/swissbaker.ch\/fr\/wp-json\/wp\/v2\/types\/post"}],"author":[{"embeddable":true,"href":"https:\/\/swissbaker.ch\/fr\/wp-json\/wp\/v2\/users\/1"}],"replies":[{"embeddable":true,"href":"https:\/\/swissbaker.ch\/fr\/wp-json\/wp\/v2\/comments?post=9820"}],"version-history":[{"count":0,"href":"https:\/\/swissbaker.ch\/fr\/wp-json\/wp\/v2\/posts\/9820\/revisions"}],"wp:featuredmedia":[{"embeddable":true,"href":"https:\/\/swissbaker.ch\/fr\/wp-json\/wp\/v2\/media\/6714"}],"wp:attachment":[{"href":"https:\/\/swissbaker.ch\/fr\/wp-json\/wp\/v2\/media?parent=9820"}],"wp:term":[{"taxonomy":"category","embeddable":true,"href":"https:\/\/swissbaker.ch\/fr\/wp-json\/wp\/v2\/categories?post=9820"},{"taxonomy":"post_tag","embeddable":true,"href":"https:\/\/swissbaker.ch\/fr\/wp-json\/wp\/v2\/tags?post=9820"}],"curies":[{"name":"wp","href":"https:\/\/api.w.org\/{rel}","templated":true}]}}