{"id":9804,"date":"2018-05-16T08:49:00","date_gmt":"2018-05-16T06:49:00","guid":{"rendered":"https:\/\/swissbaker.ch\/?p=9804"},"modified":"2022-05-12T16:06:10","modified_gmt":"2022-05-12T14:06:10","slug":"porte-gobelets-perso-pour-les-boulangeries-confiseries","status":"publish","type":"post","link":"https:\/\/swissbaker.ch\/fr\/panissimo-news\/porte-gobelets-perso-pour-les-boulangeries-confiseries\/","title":{"rendered":"Porte-gobelets #perso pour les boulangeries-confiseries"},"content":{"rendered":"\n<p><strong>La BCS s\u2019appr\u00eate \u00e0 participer \u00e0 la campagne nationale #perso sur la d\u00e9mence organis\u00e9e par Pro Senectute Suisse, apr\u00e8s que son comit\u00e9 central a donn\u00e9 son feu vert \u00e0 l\u2019unanimit\u00e9. Il s\u2019agit maintenant de mobiliser les adh\u00e9rents de l\u2019association, comme l\u2019a confirm\u00e9 le directeur Urs Wellauer.<\/strong><\/p>\n\n\n\n<p>Apr\u00e8s la r\u00e9ussite du Tricothon organis\u00e9 avec Innocent (fabricant de jus et smoothies) pour lutter contre \u00ab\u2009la pauvret\u00e9 des personnes \u00e2g\u00e9es\u2009\u00bb, qui a pris fin en 2016, Pro Senectute Suisse a d\u00e9cid\u00e9 de continuer dans cette m\u00eame veine avec le concours de l\u2019association des boulangers-confiseurs suisses (BCS). L\u2019id\u00e9e\u2009: tricoter des porte-gobelets de couleur, qui seront remis en exclusivit\u00e9 aux clients achetant un caf\u00e9 \u00e0 emporter chez les commer\u00e7ants participant \u00e0 l\u2019op\u00e9ration.<\/p>\n\n\n\n<p>L\u2019objectif ne sera pas de collecter des fonds, mais de mobiliser les clients sur le sujet de la d\u00e9mence, en r\u00e9alisant par l\u00e0 m\u00eame une belle op\u00e9ration de relations publiques\u2009: \u00ab\u2009Un moyen pour les boulangers-confiseurs de se d\u00e9marquer en tant que prestataires de services de proximit\u00e9 au quotidien\u2009\u00bb, a soulign\u00e9 Peter Burri-Follath, membre de la direction \u00e9largie de Pro Senectute Suisse, devant le comit\u00e9 central.<\/p>\n\n\n\n<h2 class=\"wp-block-heading\" id=\"h-lancement-a-la-journee-mondiale-alzheimer\">Lancement \u00e0 la journ\u00e9e mondiale Alzheimer<\/h2>\n\n\n\n<p>Quel est le programme\u2009? Tout commencera le 21\u202fseptembre 2018, Journ\u00e9e mondiale de la maladie d\u2019Alzheimer, avec l\u2019op\u00e9ration \u00ab\u2009Tricoter contre l\u2019oubli\u2009\u00bb, ouverte \u00e0 toutes celles et \u00e0 tous ceux qui souhaitent participer. Pr\u00e9c\u00e9demment, le Tricothon a attir\u00e9 environ 10\u2009000 personnes en Suisse. \u00ab\u2009Cette premi\u00e8re partie se d\u00e9roulera ind\u00e9pendamment des points de vente de la BCS, mais les professionnels qui souhaiteraient y participer seront les bienvenus,\u2009\u00bb a pr\u00e9cis\u00e9 Peter Burri-Follath.<\/p>\n\n\n\n<p>Un guide sera publi\u00e9 en ligne. Il pourra \u00e9galement \u00eatre mis \u00e0 disposition sur les points de vente, sous forme de flyer.<\/p>\n\n\n\n<h2 class=\"wp-block-heading\">Grand rassemblement \u00e0 Berne<\/h2>\n\n\n\n<p>Le m\u00eame jour sera organis\u00e9 \u00e0 Berne un grand rassemblement autour de l\u2019op\u00e9ration, si possible sur la Bundesplatz, en pr\u00e9sence (sous r\u00e9serve) de la pr\u00e9sidente de Pro Senectute et ancienne conseill\u00e8re f\u00e9d\u00e9rale Eveline Widmer-Schlumpf. L\u2019op\u00e9ration s\u2019\u00e9tendra par la suite jusqu\u2019au mois de d\u00e9cembre.<\/p>\n\n\n\n<p>En parall\u00e8le, Pro Senectute Suisse envisage de mettre en place un partenariat m\u00e9dia avec \u00ab\u200920\u202fminutes\u2009\u00bb, afin de mobiliser les plus jeunes, et de publier des annonces dans d\u2019autres m\u00e9dias, en ligne et hors ligne.<\/p>\n\n\n\n<p>Dans la deuxi\u00e8me phase de l\u2019op\u00e9ration, l\u2019ensemble des boulangers et confiseurs suisses seront invit\u00e9s \u00e0 utiliser les porte-gobelets ainsi cr\u00e9\u00e9s dans leurs commerces afin de sensibiliser sur le th\u00e8me de la d\u00e9mence. Cette deuxi\u00e8me phase, dont le lancement est programm\u00e9 pour le 22\u202fjanvier 2019, devrait durer environ une semaine, le temps que les stocks de porte-gobelets soient \u00e9coul\u00e9s.<\/p>\n\n\n\n<h2 class=\"wp-block-heading\">Un produit jeune et urbain<\/h2>\n\n\n\n<p>Cette op\u00e9ration bas\u00e9e sur un produit jeune et urbain traduit la d\u00e9cision de Pro Senectute Suisse de s\u2019adresser \u00e0 un public jeune. Autre avantage\u2009: il ne sera pas utile de former les \u00e9quipes de vente. \u00ab\u2009Nous ne voulons pas imposer de formation complexe\u2009!\u2009\u00bb, a expliqu\u00e9 Peter Burri-Follath. Les commer\u00e7ants recevront une \u00ab\u2009Memo-Box\u2009\u00bb contenant toutes les informations n\u00e9cessaires pour leurs \u00e9quipes de vente et leurs clients. \u00ab\u2009Notre but n\u2019est pas d\u2019expliquer ce qu\u2019est la d\u00e9mence, mais d\u2019informer sur les moyens d\u2019y faire face au quotidien\u2009\u00bb.<\/p>\n\n\n\n<p>La logistique de l\u2019op\u00e9ration sera assur\u00e9e par Pro Senectute Suisse et la BCS.<\/p>\n\n\n\n<h2 class=\"wp-block-heading\">Tapis rouge pour les membres de la BCS<\/h2>\n\n\n\n<p>Le pr\u00e9sident de la BCS Silvan Holtz voit dans cette op\u00e9ration une opportunit\u00e9 unique pour ses adh\u00e9rents de profiter d\u2019une m\u00e9diatisation importante, en l\u2019absence de la concurrence des grands distributeurs et cha\u00eenes de caf\u00e9, qui ne seront pas de l\u2019op\u00e9ration. Il ne reste plus qu\u2019\u00e0 convaincre autant d\u2019adh\u00e9rents que possible d\u2019y prendre part.<\/p>\n\n\n\n<p>Andrea Wehren, membre du comit\u00e9 central (Sch\u00f6nried\u2009\/\u2009BE), a d\u2019ores et d\u00e9j\u00e0 annonc\u00e9 qu\u2019elle participerait \u00e0 l\u2019op\u00e9ration.<\/p>\n","protected":false},"excerpt":{"rendered":"<p>La BCS s\u2019appr\u00eate \u00e0 participer \u00e0 la campagne nationale #perso sur la d\u00e9mence organis\u00e9e par Pro Senectute Suisse, apr\u00e8s que son comit\u00e9 central a donn\u00e9 son feu vert \u00e0 l\u2019unanimit\u00e9. Il s\u2019agit maintenant de mobiliser les adh\u00e9rents de l\u2019association, comme l\u2019a confirm\u00e9 le directeur Urs Wellauer. Apr\u00e8s la r\u00e9ussite du Tricothon organis\u00e9 avec Innocent (fabricant de jus et smoothies) pour [&hellip;]<\/p>\n","protected":false},"author":1,"featured_media":6719,"comment_status":"open","ping_status":"closed","sticky":false,"template":"","format":"standard","meta":{"_acf_changed":false,"footnotes":""},"categories":[41],"tags":[],"class_list":["post-9804","post","type-post","status-publish","format-standard","has-post-thumbnail","hentry","category-association"],"acf":[],"yoast_head":"<!-- This site is optimized with the Yoast SEO Premium plugin v26.8 (Yoast SEO v26.8) - https:\/\/yoast.com\/product\/yoast-seo-premium-wordpress\/ -->\n<title>Porte-gobelets #perso pour les boulangeries-confiseries | SBC<\/title>\n<meta name=\"robots\" content=\"index, follow, max-snippet:-1, max-image-preview:large, max-video-preview:-1\" \/>\n<link rel=\"canonical\" href=\"https:\/\/swissbaker.ch\/fr\/panissimo-news\/porte-gobelets-perso-pour-les-boulangeries-confiseries\/\" \/>\n<meta property=\"og:locale\" content=\"fr_FR\" \/>\n<meta property=\"og:type\" content=\"article\" \/>\n<meta property=\"og:title\" content=\"Porte-gobelets #perso pour les boulangeries-confiseries\" \/>\n<meta property=\"og:description\" content=\"La BCS s\u2019appr\u00eate \u00e0 participer \u00e0 la campagne nationale #perso sur la d\u00e9mence organis\u00e9e par Pro Senectute Suisse, apr\u00e8s que son comit\u00e9 central a donn\u00e9 son feu vert \u00e0 l\u2019unanimit\u00e9. Il s\u2019agit maintenant de mobiliser les adh\u00e9rents de l\u2019association, comme l\u2019a confirm\u00e9 le directeur Urs Wellauer. Apr\u00e8s la r\u00e9ussite du Tricothon organis\u00e9 avec Innocent (fabricant de jus et smoothies) pour [&hellip;]\" \/>\n<meta property=\"og:url\" content=\"https:\/\/swissbaker.ch\/fr\/panissimo-news\/porte-gobelets-perso-pour-les-boulangeries-confiseries\/\" \/>\n<meta property=\"og:site_name\" content=\"SBC\" \/>\n<meta property=\"article:publisher\" content=\"https:\/\/www.facebook.com\/swissbaker.ch\" \/>\n<meta property=\"article:published_time\" content=\"2018-05-16T06:49:00+00:00\" \/>\n<meta property=\"article:modified_time\" content=\"2022-05-12T14:06:10+00:00\" \/>\n<meta property=\"og:image\" content=\"https:\/\/swissbaker.ch\/wp-content\/uploads\/2022\/04\/Pro_Senectute_Cupholder_Baeckermeister_Zentralvorstand_Praesentation-Kampagne_DE-41_V2_web-1.jpeg\" \/>\n\t<meta property=\"og:image:width\" content=\"800\" \/>\n\t<meta property=\"og:image:height\" content=\"474\" \/>\n\t<meta property=\"og:image:type\" content=\"image\/jpeg\" \/>\n<meta name=\"author\" content=\"azureart\" \/>\n<meta name=\"twitter:card\" content=\"summary_large_image\" \/>\n<meta name=\"twitter:creator\" content=\"@ch_swissbaker\" \/>\n<meta name=\"twitter:site\" content=\"@ch_swissbaker\" \/>\n<meta name=\"twitter:label1\" content=\"Written by\" \/>\n\t<meta name=\"twitter:data1\" content=\"azureart\" \/>\n\t<meta name=\"twitter:label2\" content=\"Est. reading time\" \/>\n\t<meta name=\"twitter:data2\" content=\"4 minutes\" \/>\n<script type=\"application\/ld+json\" class=\"yoast-schema-graph\">{\"@context\":\"https:\/\/schema.org\",\"@graph\":[{\"@type\":\"Article\",\"@id\":\"https:\/\/swissbaker.ch\/fr\/panissimo-news\/porte-gobelets-perso-pour-les-boulangeries-confiseries\/#article\",\"isPartOf\":{\"@id\":\"https:\/\/swissbaker.ch\/fr\/panissimo-news\/porte-gobelets-perso-pour-les-boulangeries-confiseries\/\"},\"author\":{\"name\":\"azureart\",\"@id\":\"https:\/\/swissbaker.ch\/fr\/#\/schema\/person\/058ac47619f7da53df62aba60f939b78\"},\"headline\":\"Porte-gobelets #perso pour les boulangeries-confiseries\",\"datePublished\":\"2018-05-16T06:49:00+00:00\",\"dateModified\":\"2022-05-12T14:06:10+00:00\",\"mainEntityOfPage\":{\"@id\":\"https:\/\/swissbaker.ch\/fr\/panissimo-news\/porte-gobelets-perso-pour-les-boulangeries-confiseries\/\"},\"wordCount\":684,\"commentCount\":0,\"publisher\":{\"@id\":\"https:\/\/swissbaker.ch\/fr\/#organization\"},\"image\":{\"@id\":\"https:\/\/swissbaker.ch\/fr\/panissimo-news\/porte-gobelets-perso-pour-les-boulangeries-confiseries\/#primaryimage\"},\"thumbnailUrl\":\"https:\/\/swissbaker.ch\/wp-content\/uploads\/2022\/04\/Pro_Senectute_Cupholder_Baeckermeister_Zentralvorstand_Praesentation-Kampagne_DE-41_V2_web-1.jpeg\",\"articleSection\":[\"Association\"],\"inLanguage\":\"fr-FR\",\"potentialAction\":[{\"@type\":\"CommentAction\",\"name\":\"Comment\",\"target\":[\"https:\/\/swissbaker.ch\/fr\/panissimo-news\/porte-gobelets-perso-pour-les-boulangeries-confiseries\/#respond\"]}]},{\"@type\":\"WebPage\",\"@id\":\"https:\/\/swissbaker.ch\/fr\/panissimo-news\/porte-gobelets-perso-pour-les-boulangeries-confiseries\/\",\"url\":\"https:\/\/swissbaker.ch\/fr\/panissimo-news\/porte-gobelets-perso-pour-les-boulangeries-confiseries\/\",\"name\":\"Porte-gobelets #perso pour les boulangeries-confiseries | SBC\",\"isPartOf\":{\"@id\":\"https:\/\/swissbaker.ch\/fr\/#website\"},\"primaryImageOfPage\":{\"@id\":\"https:\/\/swissbaker.ch\/fr\/panissimo-news\/porte-gobelets-perso-pour-les-boulangeries-confiseries\/#primaryimage\"},\"image\":{\"@id\":\"https:\/\/swissbaker.ch\/fr\/panissimo-news\/porte-gobelets-perso-pour-les-boulangeries-confiseries\/#primaryimage\"},\"thumbnailUrl\":\"https:\/\/swissbaker.ch\/wp-content\/uploads\/2022\/04\/Pro_Senectute_Cupholder_Baeckermeister_Zentralvorstand_Praesentation-Kampagne_DE-41_V2_web-1.jpeg\",\"datePublished\":\"2018-05-16T06:49:00+00:00\",\"dateModified\":\"2022-05-12T14:06:10+00:00\",\"breadcrumb\":{\"@id\":\"https:\/\/swissbaker.ch\/fr\/panissimo-news\/porte-gobelets-perso-pour-les-boulangeries-confiseries\/#breadcrumb\"},\"inLanguage\":\"fr-FR\",\"potentialAction\":[{\"@type\":\"ReadAction\",\"target\":[\"https:\/\/swissbaker.ch\/fr\/panissimo-news\/porte-gobelets-perso-pour-les-boulangeries-confiseries\/\"]}]},{\"@type\":\"ImageObject\",\"inLanguage\":\"fr-FR\",\"@id\":\"https:\/\/swissbaker.ch\/fr\/panissimo-news\/porte-gobelets-perso-pour-les-boulangeries-confiseries\/#primaryimage\",\"url\":\"https:\/\/swissbaker.ch\/wp-content\/uploads\/2022\/04\/Pro_Senectute_Cupholder_Baeckermeister_Zentralvorstand_Praesentation-Kampagne_DE-41_V2_web-1.jpeg\",\"contentUrl\":\"https:\/\/swissbaker.ch\/wp-content\/uploads\/2022\/04\/Pro_Senectute_Cupholder_Baeckermeister_Zentralvorstand_Praesentation-Kampagne_DE-41_V2_web-1.jpeg\",\"width\":800,\"height\":474,\"caption\":\"Porte-gobelets #perso pour les boulangeries-confiseries\"},{\"@type\":\"BreadcrumbList\",\"@id\":\"https:\/\/swissbaker.ch\/fr\/panissimo-news\/porte-gobelets-perso-pour-les-boulangeries-confiseries\/#breadcrumb\",\"itemListElement\":[{\"@type\":\"ListItem\",\"position\":1,\"name\":\"\",\"item\":\"https:\/\/swissbaker.ch\/fr\/\"},{\"@type\":\"ListItem\",\"position\":2,\"name\":\"Association\",\"item\":\"https:\/\/swissbaker.ch\/fr\/panissimo-news\/category\/association\/\"},{\"@type\":\"ListItem\",\"position\":3,\"name\":\"Porte-gobelets #perso pour les boulangeries-confiseries\"}]},{\"@type\":\"WebSite\",\"@id\":\"https:\/\/swissbaker.ch\/fr\/#website\",\"url\":\"https:\/\/swissbaker.ch\/fr\/\",\"name\":\"SBC\",\"description\":\"\",\"publisher\":{\"@id\":\"https:\/\/swissbaker.ch\/fr\/#organization\"},\"potentialAction\":[{\"@type\":\"SearchAction\",\"target\":{\"@type\":\"EntryPoint\",\"urlTemplate\":\"https:\/\/swissbaker.ch\/fr\/?s={search_term_string}\"},\"query-input\":{\"@type\":\"PropertyValueSpecification\",\"valueRequired\":true,\"valueName\":\"search_term_string\"}}],\"inLanguage\":\"fr-FR\"},{\"@type\":\"Organization\",\"@id\":\"https:\/\/swissbaker.ch\/fr\/#organization\",\"name\":\"Schweizerischer B\u00e4cker-Confiseurmeister-Verband\",\"url\":\"https:\/\/swissbaker.ch\/fr\/\",\"logo\":{\"@type\":\"ImageObject\",\"inLanguage\":\"fr-FR\",\"@id\":\"https:\/\/swissbaker.ch\/fr\/#\/schema\/logo\/image\/\",\"url\":\"https:\/\/swissbaker.ch\/wp-content\/uploads\/2022\/04\/sbc-logo-yoast.jpg\",\"contentUrl\":\"https:\/\/swissbaker.ch\/wp-content\/uploads\/2022\/04\/sbc-logo-yoast.jpg\",\"width\":512,\"height\":512,\"caption\":\"Schweizerischer B\u00e4cker-Confiseurmeister-Verband\"},\"image\":{\"@id\":\"https:\/\/swissbaker.ch\/fr\/#\/schema\/logo\/image\/\"},\"sameAs\":[\"https:\/\/www.facebook.com\/swissbaker.ch\",\"https:\/\/x.com\/ch_swissbaker\"]},{\"@type\":\"Person\",\"@id\":\"https:\/\/swissbaker.ch\/fr\/#\/schema\/person\/058ac47619f7da53df62aba60f939b78\",\"name\":\"azureart\",\"image\":{\"@type\":\"ImageObject\",\"inLanguage\":\"fr-FR\",\"@id\":\"https:\/\/swissbaker.ch\/fr\/#\/schema\/person\/image\/\",\"url\":\"https:\/\/secure.gravatar.com\/avatar\/be04dd3098fd612c83067af4f7a295384c93cb6a9112f51beb9d2f477d25da61?s=96&d=mm&r=g\",\"contentUrl\":\"https:\/\/secure.gravatar.com\/avatar\/be04dd3098fd612c83067af4f7a295384c93cb6a9112f51beb9d2f477d25da61?s=96&d=mm&r=g\",\"caption\":\"azureart\"},\"sameAs\":[\"https:\/\/swissbaker.ch\"],\"url\":\"https:\/\/swissbaker.ch\/fr\/panissimo-news\/author\/pixel-ahoi\/\"}]}<\/script>\n<!-- \/ Yoast SEO Premium plugin. -->","yoast_head_json":{"title":"Porte-gobelets #perso pour les boulangeries-confiseries | SBC","robots":{"index":"index","follow":"follow","max-snippet":"max-snippet:-1","max-image-preview":"max-image-preview:large","max-video-preview":"max-video-preview:-1"},"canonical":"https:\/\/swissbaker.ch\/fr\/panissimo-news\/porte-gobelets-perso-pour-les-boulangeries-confiseries\/","og_locale":"fr_FR","og_type":"article","og_title":"Porte-gobelets #perso pour les boulangeries-confiseries","og_description":"La BCS s\u2019appr\u00eate \u00e0 participer \u00e0 la campagne nationale #perso sur la d\u00e9mence organis\u00e9e par Pro Senectute Suisse, apr\u00e8s que son comit\u00e9 central a donn\u00e9 son feu vert \u00e0 l\u2019unanimit\u00e9. Il s\u2019agit maintenant de mobiliser les adh\u00e9rents de l\u2019association, comme l\u2019a confirm\u00e9 le directeur Urs Wellauer. Apr\u00e8s la r\u00e9ussite du Tricothon organis\u00e9 avec Innocent (fabricant de jus et smoothies) pour [&hellip;]","og_url":"https:\/\/swissbaker.ch\/fr\/panissimo-news\/porte-gobelets-perso-pour-les-boulangeries-confiseries\/","og_site_name":"SBC","article_publisher":"https:\/\/www.facebook.com\/swissbaker.ch","article_published_time":"2018-05-16T06:49:00+00:00","article_modified_time":"2022-05-12T14:06:10+00:00","og_image":[{"width":800,"height":474,"url":"https:\/\/swissbaker.ch\/wp-content\/uploads\/2022\/04\/Pro_Senectute_Cupholder_Baeckermeister_Zentralvorstand_Praesentation-Kampagne_DE-41_V2_web-1.jpeg","type":"image\/jpeg"}],"author":"azureart","twitter_card":"summary_large_image","twitter_creator":"@ch_swissbaker","twitter_site":"@ch_swissbaker","twitter_misc":{"Written by":"azureart","Est. reading time":"4 minutes"},"schema":{"@context":"https:\/\/schema.org","@graph":[{"@type":"Article","@id":"https:\/\/swissbaker.ch\/fr\/panissimo-news\/porte-gobelets-perso-pour-les-boulangeries-confiseries\/#article","isPartOf":{"@id":"https:\/\/swissbaker.ch\/fr\/panissimo-news\/porte-gobelets-perso-pour-les-boulangeries-confiseries\/"},"author":{"name":"azureart","@id":"https:\/\/swissbaker.ch\/fr\/#\/schema\/person\/058ac47619f7da53df62aba60f939b78"},"headline":"Porte-gobelets #perso pour les boulangeries-confiseries","datePublished":"2018-05-16T06:49:00+00:00","dateModified":"2022-05-12T14:06:10+00:00","mainEntityOfPage":{"@id":"https:\/\/swissbaker.ch\/fr\/panissimo-news\/porte-gobelets-perso-pour-les-boulangeries-confiseries\/"},"wordCount":684,"commentCount":0,"publisher":{"@id":"https:\/\/swissbaker.ch\/fr\/#organization"},"image":{"@id":"https:\/\/swissbaker.ch\/fr\/panissimo-news\/porte-gobelets-perso-pour-les-boulangeries-confiseries\/#primaryimage"},"thumbnailUrl":"https:\/\/swissbaker.ch\/wp-content\/uploads\/2022\/04\/Pro_Senectute_Cupholder_Baeckermeister_Zentralvorstand_Praesentation-Kampagne_DE-41_V2_web-1.jpeg","articleSection":["Association"],"inLanguage":"fr-FR","potentialAction":[{"@type":"CommentAction","name":"Comment","target":["https:\/\/swissbaker.ch\/fr\/panissimo-news\/porte-gobelets-perso-pour-les-boulangeries-confiseries\/#respond"]}]},{"@type":"WebPage","@id":"https:\/\/swissbaker.ch\/fr\/panissimo-news\/porte-gobelets-perso-pour-les-boulangeries-confiseries\/","url":"https:\/\/swissbaker.ch\/fr\/panissimo-news\/porte-gobelets-perso-pour-les-boulangeries-confiseries\/","name":"Porte-gobelets #perso pour les boulangeries-confiseries | SBC","isPartOf":{"@id":"https:\/\/swissbaker.ch\/fr\/#website"},"primaryImageOfPage":{"@id":"https:\/\/swissbaker.ch\/fr\/panissimo-news\/porte-gobelets-perso-pour-les-boulangeries-confiseries\/#primaryimage"},"image":{"@id":"https:\/\/swissbaker.ch\/fr\/panissimo-news\/porte-gobelets-perso-pour-les-boulangeries-confiseries\/#primaryimage"},"thumbnailUrl":"https:\/\/swissbaker.ch\/wp-content\/uploads\/2022\/04\/Pro_Senectute_Cupholder_Baeckermeister_Zentralvorstand_Praesentation-Kampagne_DE-41_V2_web-1.jpeg","datePublished":"2018-05-16T06:49:00+00:00","dateModified":"2022-05-12T14:06:10+00:00","breadcrumb":{"@id":"https:\/\/swissbaker.ch\/fr\/panissimo-news\/porte-gobelets-perso-pour-les-boulangeries-confiseries\/#breadcrumb"},"inLanguage":"fr-FR","potentialAction":[{"@type":"ReadAction","target":["https:\/\/swissbaker.ch\/fr\/panissimo-news\/porte-gobelets-perso-pour-les-boulangeries-confiseries\/"]}]},{"@type":"ImageObject","inLanguage":"fr-FR","@id":"https:\/\/swissbaker.ch\/fr\/panissimo-news\/porte-gobelets-perso-pour-les-boulangeries-confiseries\/#primaryimage","url":"https:\/\/swissbaker.ch\/wp-content\/uploads\/2022\/04\/Pro_Senectute_Cupholder_Baeckermeister_Zentralvorstand_Praesentation-Kampagne_DE-41_V2_web-1.jpeg","contentUrl":"https:\/\/swissbaker.ch\/wp-content\/uploads\/2022\/04\/Pro_Senectute_Cupholder_Baeckermeister_Zentralvorstand_Praesentation-Kampagne_DE-41_V2_web-1.jpeg","width":800,"height":474,"caption":"Porte-gobelets #perso pour les boulangeries-confiseries"},{"@type":"BreadcrumbList","@id":"https:\/\/swissbaker.ch\/fr\/panissimo-news\/porte-gobelets-perso-pour-les-boulangeries-confiseries\/#breadcrumb","itemListElement":[{"@type":"ListItem","position":1,"name":"","item":"https:\/\/swissbaker.ch\/fr\/"},{"@type":"ListItem","position":2,"name":"Association","item":"https:\/\/swissbaker.ch\/fr\/panissimo-news\/category\/association\/"},{"@type":"ListItem","position":3,"name":"Porte-gobelets #perso pour les boulangeries-confiseries"}]},{"@type":"WebSite","@id":"https:\/\/swissbaker.ch\/fr\/#website","url":"https:\/\/swissbaker.ch\/fr\/","name":"SBC","description":"","publisher":{"@id":"https:\/\/swissbaker.ch\/fr\/#organization"},"potentialAction":[{"@type":"SearchAction","target":{"@type":"EntryPoint","urlTemplate":"https:\/\/swissbaker.ch\/fr\/?s={search_term_string}"},"query-input":{"@type":"PropertyValueSpecification","valueRequired":true,"valueName":"search_term_string"}}],"inLanguage":"fr-FR"},{"@type":"Organization","@id":"https:\/\/swissbaker.ch\/fr\/#organization","name":"Schweizerischer B\u00e4cker-Confiseurmeister-Verband","url":"https:\/\/swissbaker.ch\/fr\/","logo":{"@type":"ImageObject","inLanguage":"fr-FR","@id":"https:\/\/swissbaker.ch\/fr\/#\/schema\/logo\/image\/","url":"https:\/\/swissbaker.ch\/wp-content\/uploads\/2022\/04\/sbc-logo-yoast.jpg","contentUrl":"https:\/\/swissbaker.ch\/wp-content\/uploads\/2022\/04\/sbc-logo-yoast.jpg","width":512,"height":512,"caption":"Schweizerischer B\u00e4cker-Confiseurmeister-Verband"},"image":{"@id":"https:\/\/swissbaker.ch\/fr\/#\/schema\/logo\/image\/"},"sameAs":["https:\/\/www.facebook.com\/swissbaker.ch","https:\/\/x.com\/ch_swissbaker"]},{"@type":"Person","@id":"https:\/\/swissbaker.ch\/fr\/#\/schema\/person\/058ac47619f7da53df62aba60f939b78","name":"azureart","image":{"@type":"ImageObject","inLanguage":"fr-FR","@id":"https:\/\/swissbaker.ch\/fr\/#\/schema\/person\/image\/","url":"https:\/\/secure.gravatar.com\/avatar\/be04dd3098fd612c83067af4f7a295384c93cb6a9112f51beb9d2f477d25da61?s=96&d=mm&r=g","contentUrl":"https:\/\/secure.gravatar.com\/avatar\/be04dd3098fd612c83067af4f7a295384c93cb6a9112f51beb9d2f477d25da61?s=96&d=mm&r=g","caption":"azureart"},"sameAs":["https:\/\/swissbaker.ch"],"url":"https:\/\/swissbaker.ch\/fr\/panissimo-news\/author\/pixel-ahoi\/"}]}},"_links":{"self":[{"href":"https:\/\/swissbaker.ch\/fr\/wp-json\/wp\/v2\/posts\/9804","targetHints":{"allow":["GET"]}}],"collection":[{"href":"https:\/\/swissbaker.ch\/fr\/wp-json\/wp\/v2\/posts"}],"about":[{"href":"https:\/\/swissbaker.ch\/fr\/wp-json\/wp\/v2\/types\/post"}],"author":[{"embeddable":true,"href":"https:\/\/swissbaker.ch\/fr\/wp-json\/wp\/v2\/users\/1"}],"replies":[{"embeddable":true,"href":"https:\/\/swissbaker.ch\/fr\/wp-json\/wp\/v2\/comments?post=9804"}],"version-history":[{"count":0,"href":"https:\/\/swissbaker.ch\/fr\/wp-json\/wp\/v2\/posts\/9804\/revisions"}],"wp:featuredmedia":[{"embeddable":true,"href":"https:\/\/swissbaker.ch\/fr\/wp-json\/wp\/v2\/media\/6719"}],"wp:attachment":[{"href":"https:\/\/swissbaker.ch\/fr\/wp-json\/wp\/v2\/media?parent=9804"}],"wp:term":[{"taxonomy":"category","embeddable":true,"href":"https:\/\/swissbaker.ch\/fr\/wp-json\/wp\/v2\/categories?post=9804"},{"taxonomy":"post_tag","embeddable":true,"href":"https:\/\/swissbaker.ch\/fr\/wp-json\/wp\/v2\/tags?post=9804"}],"curies":[{"name":"wp","href":"https:\/\/api.w.org\/{rel}","templated":true}]}}