{"id":9781,"date":"2020-05-18T14:17:00","date_gmt":"2020-05-18T12:17:00","guid":{"rendered":"https:\/\/swissbaker.ch\/?p=9781"},"modified":"2022-05-12T15:50:38","modified_gmt":"2022-05-12T13:50:38","slug":"nous-navons-pas-envie-dun-salon-au-rabais","status":"publish","type":"post","link":"https:\/\/swissbaker.ch\/fr\/panissimo-news\/nous-navons-pas-envie-dun-salon-au-rabais\/","title":{"rendered":"\u00ab\u2009Nous n\u2019avons pas envie d\u2019un salon au rabais\u2009\u00bb"},"content":{"rendered":"\n<p><strong>Les organisateurs du Swiss Bakery Trophy et de du Salon suisse des go\u00fbts et terroirs se sont rencontr\u00e9s la semaine derni\u00e8re en Gruy\u00e8re. Il a \u00e9t\u00e9 question de l\u2019avenir de l\u2019\u00e9dition 2020 des deux manifestations. La d\u00e9cision devrait se prendre en juin. D\u2019ici l\u00e0, toutes les pistes sont envisag\u00e9es.<\/strong><\/p>\n\n\n\n<p>La crise du coronavirus aura-t-elle raison du Swiss Bakery Trophy (SBT) 2020\u2009? Le mercredi 6\u202fmai \u00e0 Bulle (FR), les organisateurs de la manifestation ont rencontr\u00e9 leurs homologues du Salon suisse des go\u00fbts et terroirs (SSGT) pour en discuter. L\u2019\u00e9v\u00e9nement doit se tenir dans le cadre du SSGT, du 28\u202foctobre au 1er\u202fnovembre \u00e0 Espace Gruy\u00e8re. Lors des \u00e9ditions pr\u00e9c\u00e9dentes, plus de 10\u2009000 personnes ont arpent\u00e9 chaque jour les all\u00e9es du centre d\u2019exposition bullois pour des moments d\u2019\u00e9changes et de d\u00e9gustations.<br>En raison de la pand\u00e9mie, le Conseil f\u00e9d\u00e9ral a interdit tout rassemblement de plus de 1000 personnes jusqu\u2019\u00e0 la fin ao\u00fbt. Les autorit\u00e9s devraient apporter des pr\u00e9cisions concernant l\u2019apr\u00e8s 31\u202fao\u00fbt, lors d\u2019une conf\u00e9rence de presse le 27\u202fmai. \u00ab\u2009Nous nous sommes alors donn\u00e9s jusqu\u2019au d\u00e9but juin pour d\u00e9cider de maintenir ou non le SBT\u2009\u00bb, commente son responsable Nicolas Taillens, avant de pr\u00e9ciser. \u00ab\u2009Quoiqu\u2019il arrive, nous sommes pr\u00eats, dans le timing habituel et continuons \u00e0 travailler.\u2009\u00bb<\/p>\n\n\n\n<h2 class=\"wp-block-heading\" id=\"h-vitrine-professionnelle\">Vitrine professionnelle<\/h2>\n\n\n\n<p>Le choix d\u00e9pendra donc de la d\u00e9cision f\u00e9d\u00e9rale et notamment des mesures barri\u00e8re \u00e0 mettre en \u0153uvre. \u00ab\u2009Nous pourrions organiser l\u2019\u00e9v\u00e9nement dans une salle de gym, en dehors du SSGT, avec deux m\u00e8tres entre chaque jur\u00e9, sans public. Mais cela n\u2019aurait plus aucun sens, ni r\u00e9el int\u00e9r\u00eat\u2009! (\u2026) Le principe de base du SBT, c\u2019est de donner de la visibilit\u00e9 \u00e0 nos m\u00e9tiers. Nous n\u2019avons pas envie d\u2019un salon au rabais.\u2009\u00bb<br>En cas d\u2019annulation, la taxation nationale sera report\u00e9e \u00e0 l\u2019ann\u00e9e prochaine, voire \u00e0 la suivante. \u00ab\u2009Tous les sc\u00e9narios sont envisag\u00e9s. Pour autant que l\u2019agenda d\u2019Espace Gruy\u00e8re le permette, l\u2019id\u00e9al serait 2021 afin d\u2019\u00e9viter d\u2019avoir \u00e0 attendre quatre ans entre deux \u00e9ditions.\u2009\u00bb<\/p>\n","protected":false},"excerpt":{"rendered":"<p>Les organisateurs du Swiss Bakery Trophy et de du Salon suisse des go\u00fbts et terroirs se sont rencontr\u00e9s la semaine derni\u00e8re en Gruy\u00e8re. Il a \u00e9t\u00e9 question de l\u2019avenir de l\u2019\u00e9dition 2020 des deux manifestations. La d\u00e9cision devrait se prendre en juin. D\u2019ici l\u00e0, toutes les pistes sont envisag\u00e9es. La crise du coronavirus aura-t-elle raison du Swiss Bakery Trophy (SBT) [&hellip;]<\/p>\n","protected":false},"author":1,"featured_media":5816,"comment_status":"open","ping_status":"closed","sticky":false,"template":"","format":"standard","meta":{"_acf_changed":false,"footnotes":""},"categories":[43,46],"tags":[],"class_list":["post-9781","post","type-post","status-publish","format-standard","has-post-thumbnail","hentry","category-concours","category-evenement"],"acf":[],"yoast_head":"<!-- This site is optimized with the Yoast SEO Premium plugin v26.8 (Yoast SEO v26.8) - https:\/\/yoast.com\/product\/yoast-seo-premium-wordpress\/ -->\n<title>\u00ab\u2009Nous n\u2019avons pas envie d\u2019un salon au rabais\u2009\u00bb | SBC<\/title>\n<meta name=\"robots\" content=\"index, follow, max-snippet:-1, max-image-preview:large, max-video-preview:-1\" \/>\n<link rel=\"canonical\" href=\"https:\/\/swissbaker.ch\/fr\/panissimo-news\/nous-navons-pas-envie-dun-salon-au-rabais\/\" \/>\n<meta property=\"og:locale\" content=\"fr_FR\" \/>\n<meta property=\"og:type\" content=\"article\" \/>\n<meta property=\"og:title\" content=\"\u00ab\u2009Nous n\u2019avons pas envie d\u2019un salon au rabais\u2009\u00bb\" \/>\n<meta property=\"og:description\" content=\"Les organisateurs du Swiss Bakery Trophy et de du Salon suisse des go\u00fbts et terroirs se sont rencontr\u00e9s la semaine derni\u00e8re en Gruy\u00e8re. Il a \u00e9t\u00e9 question de l\u2019avenir de l\u2019\u00e9dition 2020 des deux manifestations. La d\u00e9cision devrait se prendre en juin. D\u2019ici l\u00e0, toutes les pistes sont envisag\u00e9es. La crise du coronavirus aura-t-elle raison du Swiss Bakery Trophy (SBT) [&hellip;]\" \/>\n<meta property=\"og:url\" content=\"https:\/\/swissbaker.ch\/fr\/panissimo-news\/nous-navons-pas-envie-dun-salon-au-rabais\/\" \/>\n<meta property=\"og:site_name\" content=\"SBC\" \/>\n<meta property=\"article:publisher\" content=\"https:\/\/www.facebook.com\/swissbaker.ch\" \/>\n<meta property=\"article:published_time\" content=\"2020-05-18T12:17:00+00:00\" \/>\n<meta property=\"article:modified_time\" content=\"2022-05-12T13:50:38+00:00\" \/>\n<meta property=\"og:image\" content=\"https:\/\/swissbaker.ch\/wp-content\/uploads\/2022\/03\/10.2-Nicolas_Taillens-neu.jpg\" \/>\n\t<meta property=\"og:image:width\" content=\"800\" \/>\n\t<meta property=\"og:image:height\" content=\"474\" \/>\n\t<meta property=\"og:image:type\" content=\"image\/jpeg\" \/>\n<meta name=\"author\" content=\"azureart\" \/>\n<meta name=\"twitter:card\" content=\"summary_large_image\" \/>\n<meta name=\"twitter:creator\" content=\"@ch_swissbaker\" \/>\n<meta name=\"twitter:site\" content=\"@ch_swissbaker\" \/>\n<meta name=\"twitter:label1\" content=\"Written by\" \/>\n\t<meta name=\"twitter:data1\" content=\"azureart\" \/>\n\t<meta name=\"twitter:label2\" content=\"Est. reading time\" \/>\n\t<meta name=\"twitter:data2\" content=\"2 minutes\" \/>\n<script type=\"application\/ld+json\" class=\"yoast-schema-graph\">{\"@context\":\"https:\/\/schema.org\",\"@graph\":[{\"@type\":\"Article\",\"@id\":\"https:\/\/swissbaker.ch\/fr\/panissimo-news\/nous-navons-pas-envie-dun-salon-au-rabais\/#article\",\"isPartOf\":{\"@id\":\"https:\/\/swissbaker.ch\/fr\/panissimo-news\/nous-navons-pas-envie-dun-salon-au-rabais\/\"},\"author\":{\"name\":\"azureart\",\"@id\":\"https:\/\/swissbaker.ch\/fr\/#\/schema\/person\/058ac47619f7da53df62aba60f939b78\"},\"headline\":\"\u00ab\u2009Nous n\u2019avons pas envie d\u2019un salon au rabais\u2009\u00bb\",\"datePublished\":\"2020-05-18T12:17:00+00:00\",\"dateModified\":\"2022-05-12T13:50:38+00:00\",\"mainEntityOfPage\":{\"@id\":\"https:\/\/swissbaker.ch\/fr\/panissimo-news\/nous-navons-pas-envie-dun-salon-au-rabais\/\"},\"wordCount\":379,\"commentCount\":0,\"publisher\":{\"@id\":\"https:\/\/swissbaker.ch\/fr\/#organization\"},\"image\":{\"@id\":\"https:\/\/swissbaker.ch\/fr\/panissimo-news\/nous-navons-pas-envie-dun-salon-au-rabais\/#primaryimage\"},\"thumbnailUrl\":\"https:\/\/swissbaker.ch\/wp-content\/uploads\/2022\/03\/10.2-Nicolas_Taillens-neu.jpg\",\"articleSection\":[\"Concours\",\"Ev\u00e9nement\"],\"inLanguage\":\"fr-FR\",\"potentialAction\":[{\"@type\":\"CommentAction\",\"name\":\"Comment\",\"target\":[\"https:\/\/swissbaker.ch\/fr\/panissimo-news\/nous-navons-pas-envie-dun-salon-au-rabais\/#respond\"]}]},{\"@type\":\"WebPage\",\"@id\":\"https:\/\/swissbaker.ch\/fr\/panissimo-news\/nous-navons-pas-envie-dun-salon-au-rabais\/\",\"url\":\"https:\/\/swissbaker.ch\/fr\/panissimo-news\/nous-navons-pas-envie-dun-salon-au-rabais\/\",\"name\":\"\u00ab\u2009Nous n\u2019avons pas envie d\u2019un salon au rabais\u2009\u00bb | SBC\",\"isPartOf\":{\"@id\":\"https:\/\/swissbaker.ch\/fr\/#website\"},\"primaryImageOfPage\":{\"@id\":\"https:\/\/swissbaker.ch\/fr\/panissimo-news\/nous-navons-pas-envie-dun-salon-au-rabais\/#primaryimage\"},\"image\":{\"@id\":\"https:\/\/swissbaker.ch\/fr\/panissimo-news\/nous-navons-pas-envie-dun-salon-au-rabais\/#primaryimage\"},\"thumbnailUrl\":\"https:\/\/swissbaker.ch\/wp-content\/uploads\/2022\/03\/10.2-Nicolas_Taillens-neu.jpg\",\"datePublished\":\"2020-05-18T12:17:00+00:00\",\"dateModified\":\"2022-05-12T13:50:38+00:00\",\"breadcrumb\":{\"@id\":\"https:\/\/swissbaker.ch\/fr\/panissimo-news\/nous-navons-pas-envie-dun-salon-au-rabais\/#breadcrumb\"},\"inLanguage\":\"fr-FR\",\"potentialAction\":[{\"@type\":\"ReadAction\",\"target\":[\"https:\/\/swissbaker.ch\/fr\/panissimo-news\/nous-navons-pas-envie-dun-salon-au-rabais\/\"]}]},{\"@type\":\"ImageObject\",\"inLanguage\":\"fr-FR\",\"@id\":\"https:\/\/swissbaker.ch\/fr\/panissimo-news\/nous-navons-pas-envie-dun-salon-au-rabais\/#primaryimage\",\"url\":\"https:\/\/swissbaker.ch\/wp-content\/uploads\/2022\/03\/10.2-Nicolas_Taillens-neu.jpg\",\"contentUrl\":\"https:\/\/swissbaker.ch\/wp-content\/uploads\/2022\/03\/10.2-Nicolas_Taillens-neu.jpg\",\"width\":800,\"height\":474,\"caption\":\"\u00ab\u2009Nous n\u2019avons pas envie d\u2019un salon au rabais\u2009\u00bb\"},{\"@type\":\"BreadcrumbList\",\"@id\":\"https:\/\/swissbaker.ch\/fr\/panissimo-news\/nous-navons-pas-envie-dun-salon-au-rabais\/#breadcrumb\",\"itemListElement\":[{\"@type\":\"ListItem\",\"position\":1,\"name\":\"\",\"item\":\"https:\/\/swissbaker.ch\/fr\/\"},{\"@type\":\"ListItem\",\"position\":2,\"name\":\"Ev\u00e9nement\",\"item\":\"https:\/\/swissbaker.ch\/fr\/panissimo-news\/category\/evenement\/\"},{\"@type\":\"ListItem\",\"position\":3,\"name\":\"\u00ab\u2009Nous n\u2019avons pas envie d\u2019un salon au rabais\u2009\u00bb\"}]},{\"@type\":\"WebSite\",\"@id\":\"https:\/\/swissbaker.ch\/fr\/#website\",\"url\":\"https:\/\/swissbaker.ch\/fr\/\",\"name\":\"SBC\",\"description\":\"\",\"publisher\":{\"@id\":\"https:\/\/swissbaker.ch\/fr\/#organization\"},\"potentialAction\":[{\"@type\":\"SearchAction\",\"target\":{\"@type\":\"EntryPoint\",\"urlTemplate\":\"https:\/\/swissbaker.ch\/fr\/?s={search_term_string}\"},\"query-input\":{\"@type\":\"PropertyValueSpecification\",\"valueRequired\":true,\"valueName\":\"search_term_string\"}}],\"inLanguage\":\"fr-FR\"},{\"@type\":\"Organization\",\"@id\":\"https:\/\/swissbaker.ch\/fr\/#organization\",\"name\":\"Schweizerischer B\u00e4cker-Confiseurmeister-Verband\",\"url\":\"https:\/\/swissbaker.ch\/fr\/\",\"logo\":{\"@type\":\"ImageObject\",\"inLanguage\":\"fr-FR\",\"@id\":\"https:\/\/swissbaker.ch\/fr\/#\/schema\/logo\/image\/\",\"url\":\"https:\/\/swissbaker.ch\/wp-content\/uploads\/2022\/04\/sbc-logo-yoast.jpg\",\"contentUrl\":\"https:\/\/swissbaker.ch\/wp-content\/uploads\/2022\/04\/sbc-logo-yoast.jpg\",\"width\":512,\"height\":512,\"caption\":\"Schweizerischer B\u00e4cker-Confiseurmeister-Verband\"},\"image\":{\"@id\":\"https:\/\/swissbaker.ch\/fr\/#\/schema\/logo\/image\/\"},\"sameAs\":[\"https:\/\/www.facebook.com\/swissbaker.ch\",\"https:\/\/x.com\/ch_swissbaker\"]},{\"@type\":\"Person\",\"@id\":\"https:\/\/swissbaker.ch\/fr\/#\/schema\/person\/058ac47619f7da53df62aba60f939b78\",\"name\":\"azureart\",\"image\":{\"@type\":\"ImageObject\",\"inLanguage\":\"fr-FR\",\"@id\":\"https:\/\/swissbaker.ch\/fr\/#\/schema\/person\/image\/\",\"url\":\"https:\/\/secure.gravatar.com\/avatar\/be04dd3098fd612c83067af4f7a295384c93cb6a9112f51beb9d2f477d25da61?s=96&d=mm&r=g\",\"contentUrl\":\"https:\/\/secure.gravatar.com\/avatar\/be04dd3098fd612c83067af4f7a295384c93cb6a9112f51beb9d2f477d25da61?s=96&d=mm&r=g\",\"caption\":\"azureart\"},\"sameAs\":[\"https:\/\/swissbaker.ch\"],\"url\":\"https:\/\/swissbaker.ch\/fr\/panissimo-news\/author\/pixel-ahoi\/\"}]}<\/script>\n<!-- \/ Yoast SEO Premium plugin. -->","yoast_head_json":{"title":"\u00ab\u2009Nous n\u2019avons pas envie d\u2019un salon au rabais\u2009\u00bb | SBC","robots":{"index":"index","follow":"follow","max-snippet":"max-snippet:-1","max-image-preview":"max-image-preview:large","max-video-preview":"max-video-preview:-1"},"canonical":"https:\/\/swissbaker.ch\/fr\/panissimo-news\/nous-navons-pas-envie-dun-salon-au-rabais\/","og_locale":"fr_FR","og_type":"article","og_title":"\u00ab\u2009Nous n\u2019avons pas envie d\u2019un salon au rabais\u2009\u00bb","og_description":"Les organisateurs du Swiss Bakery Trophy et de du Salon suisse des go\u00fbts et terroirs se sont rencontr\u00e9s la semaine derni\u00e8re en Gruy\u00e8re. Il a \u00e9t\u00e9 question de l\u2019avenir de l\u2019\u00e9dition 2020 des deux manifestations. La d\u00e9cision devrait se prendre en juin. D\u2019ici l\u00e0, toutes les pistes sont envisag\u00e9es. La crise du coronavirus aura-t-elle raison du Swiss Bakery Trophy (SBT) [&hellip;]","og_url":"https:\/\/swissbaker.ch\/fr\/panissimo-news\/nous-navons-pas-envie-dun-salon-au-rabais\/","og_site_name":"SBC","article_publisher":"https:\/\/www.facebook.com\/swissbaker.ch","article_published_time":"2020-05-18T12:17:00+00:00","article_modified_time":"2022-05-12T13:50:38+00:00","og_image":[{"width":800,"height":474,"url":"https:\/\/swissbaker.ch\/wp-content\/uploads\/2022\/03\/10.2-Nicolas_Taillens-neu.jpg","type":"image\/jpeg"}],"author":"azureart","twitter_card":"summary_large_image","twitter_creator":"@ch_swissbaker","twitter_site":"@ch_swissbaker","twitter_misc":{"Written by":"azureart","Est. reading time":"2 minutes"},"schema":{"@context":"https:\/\/schema.org","@graph":[{"@type":"Article","@id":"https:\/\/swissbaker.ch\/fr\/panissimo-news\/nous-navons-pas-envie-dun-salon-au-rabais\/#article","isPartOf":{"@id":"https:\/\/swissbaker.ch\/fr\/panissimo-news\/nous-navons-pas-envie-dun-salon-au-rabais\/"},"author":{"name":"azureart","@id":"https:\/\/swissbaker.ch\/fr\/#\/schema\/person\/058ac47619f7da53df62aba60f939b78"},"headline":"\u00ab\u2009Nous n\u2019avons pas envie d\u2019un salon au rabais\u2009\u00bb","datePublished":"2020-05-18T12:17:00+00:00","dateModified":"2022-05-12T13:50:38+00:00","mainEntityOfPage":{"@id":"https:\/\/swissbaker.ch\/fr\/panissimo-news\/nous-navons-pas-envie-dun-salon-au-rabais\/"},"wordCount":379,"commentCount":0,"publisher":{"@id":"https:\/\/swissbaker.ch\/fr\/#organization"},"image":{"@id":"https:\/\/swissbaker.ch\/fr\/panissimo-news\/nous-navons-pas-envie-dun-salon-au-rabais\/#primaryimage"},"thumbnailUrl":"https:\/\/swissbaker.ch\/wp-content\/uploads\/2022\/03\/10.2-Nicolas_Taillens-neu.jpg","articleSection":["Concours","Ev\u00e9nement"],"inLanguage":"fr-FR","potentialAction":[{"@type":"CommentAction","name":"Comment","target":["https:\/\/swissbaker.ch\/fr\/panissimo-news\/nous-navons-pas-envie-dun-salon-au-rabais\/#respond"]}]},{"@type":"WebPage","@id":"https:\/\/swissbaker.ch\/fr\/panissimo-news\/nous-navons-pas-envie-dun-salon-au-rabais\/","url":"https:\/\/swissbaker.ch\/fr\/panissimo-news\/nous-navons-pas-envie-dun-salon-au-rabais\/","name":"\u00ab\u2009Nous n\u2019avons pas envie d\u2019un salon au rabais\u2009\u00bb | SBC","isPartOf":{"@id":"https:\/\/swissbaker.ch\/fr\/#website"},"primaryImageOfPage":{"@id":"https:\/\/swissbaker.ch\/fr\/panissimo-news\/nous-navons-pas-envie-dun-salon-au-rabais\/#primaryimage"},"image":{"@id":"https:\/\/swissbaker.ch\/fr\/panissimo-news\/nous-navons-pas-envie-dun-salon-au-rabais\/#primaryimage"},"thumbnailUrl":"https:\/\/swissbaker.ch\/wp-content\/uploads\/2022\/03\/10.2-Nicolas_Taillens-neu.jpg","datePublished":"2020-05-18T12:17:00+00:00","dateModified":"2022-05-12T13:50:38+00:00","breadcrumb":{"@id":"https:\/\/swissbaker.ch\/fr\/panissimo-news\/nous-navons-pas-envie-dun-salon-au-rabais\/#breadcrumb"},"inLanguage":"fr-FR","potentialAction":[{"@type":"ReadAction","target":["https:\/\/swissbaker.ch\/fr\/panissimo-news\/nous-navons-pas-envie-dun-salon-au-rabais\/"]}]},{"@type":"ImageObject","inLanguage":"fr-FR","@id":"https:\/\/swissbaker.ch\/fr\/panissimo-news\/nous-navons-pas-envie-dun-salon-au-rabais\/#primaryimage","url":"https:\/\/swissbaker.ch\/wp-content\/uploads\/2022\/03\/10.2-Nicolas_Taillens-neu.jpg","contentUrl":"https:\/\/swissbaker.ch\/wp-content\/uploads\/2022\/03\/10.2-Nicolas_Taillens-neu.jpg","width":800,"height":474,"caption":"\u00ab\u2009Nous n\u2019avons pas envie d\u2019un salon au rabais\u2009\u00bb"},{"@type":"BreadcrumbList","@id":"https:\/\/swissbaker.ch\/fr\/panissimo-news\/nous-navons-pas-envie-dun-salon-au-rabais\/#breadcrumb","itemListElement":[{"@type":"ListItem","position":1,"name":"","item":"https:\/\/swissbaker.ch\/fr\/"},{"@type":"ListItem","position":2,"name":"Ev\u00e9nement","item":"https:\/\/swissbaker.ch\/fr\/panissimo-news\/category\/evenement\/"},{"@type":"ListItem","position":3,"name":"\u00ab\u2009Nous n\u2019avons pas envie d\u2019un salon au rabais\u2009\u00bb"}]},{"@type":"WebSite","@id":"https:\/\/swissbaker.ch\/fr\/#website","url":"https:\/\/swissbaker.ch\/fr\/","name":"SBC","description":"","publisher":{"@id":"https:\/\/swissbaker.ch\/fr\/#organization"},"potentialAction":[{"@type":"SearchAction","target":{"@type":"EntryPoint","urlTemplate":"https:\/\/swissbaker.ch\/fr\/?s={search_term_string}"},"query-input":{"@type":"PropertyValueSpecification","valueRequired":true,"valueName":"search_term_string"}}],"inLanguage":"fr-FR"},{"@type":"Organization","@id":"https:\/\/swissbaker.ch\/fr\/#organization","name":"Schweizerischer B\u00e4cker-Confiseurmeister-Verband","url":"https:\/\/swissbaker.ch\/fr\/","logo":{"@type":"ImageObject","inLanguage":"fr-FR","@id":"https:\/\/swissbaker.ch\/fr\/#\/schema\/logo\/image\/","url":"https:\/\/swissbaker.ch\/wp-content\/uploads\/2022\/04\/sbc-logo-yoast.jpg","contentUrl":"https:\/\/swissbaker.ch\/wp-content\/uploads\/2022\/04\/sbc-logo-yoast.jpg","width":512,"height":512,"caption":"Schweizerischer B\u00e4cker-Confiseurmeister-Verband"},"image":{"@id":"https:\/\/swissbaker.ch\/fr\/#\/schema\/logo\/image\/"},"sameAs":["https:\/\/www.facebook.com\/swissbaker.ch","https:\/\/x.com\/ch_swissbaker"]},{"@type":"Person","@id":"https:\/\/swissbaker.ch\/fr\/#\/schema\/person\/058ac47619f7da53df62aba60f939b78","name":"azureart","image":{"@type":"ImageObject","inLanguage":"fr-FR","@id":"https:\/\/swissbaker.ch\/fr\/#\/schema\/person\/image\/","url":"https:\/\/secure.gravatar.com\/avatar\/be04dd3098fd612c83067af4f7a295384c93cb6a9112f51beb9d2f477d25da61?s=96&d=mm&r=g","contentUrl":"https:\/\/secure.gravatar.com\/avatar\/be04dd3098fd612c83067af4f7a295384c93cb6a9112f51beb9d2f477d25da61?s=96&d=mm&r=g","caption":"azureart"},"sameAs":["https:\/\/swissbaker.ch"],"url":"https:\/\/swissbaker.ch\/fr\/panissimo-news\/author\/pixel-ahoi\/"}]}},"_links":{"self":[{"href":"https:\/\/swissbaker.ch\/fr\/wp-json\/wp\/v2\/posts\/9781","targetHints":{"allow":["GET"]}}],"collection":[{"href":"https:\/\/swissbaker.ch\/fr\/wp-json\/wp\/v2\/posts"}],"about":[{"href":"https:\/\/swissbaker.ch\/fr\/wp-json\/wp\/v2\/types\/post"}],"author":[{"embeddable":true,"href":"https:\/\/swissbaker.ch\/fr\/wp-json\/wp\/v2\/users\/1"}],"replies":[{"embeddable":true,"href":"https:\/\/swissbaker.ch\/fr\/wp-json\/wp\/v2\/comments?post=9781"}],"version-history":[{"count":0,"href":"https:\/\/swissbaker.ch\/fr\/wp-json\/wp\/v2\/posts\/9781\/revisions"}],"wp:featuredmedia":[{"embeddable":true,"href":"https:\/\/swissbaker.ch\/fr\/wp-json\/wp\/v2\/media\/5816"}],"wp:attachment":[{"href":"https:\/\/swissbaker.ch\/fr\/wp-json\/wp\/v2\/media?parent=9781"}],"wp:term":[{"taxonomy":"category","embeddable":true,"href":"https:\/\/swissbaker.ch\/fr\/wp-json\/wp\/v2\/categories?post=9781"},{"taxonomy":"post_tag","embeddable":true,"href":"https:\/\/swissbaker.ch\/fr\/wp-json\/wp\/v2\/tags?post=9781"}],"curies":[{"name":"wp","href":"https:\/\/api.w.org\/{rel}","templated":true}]}}