{"id":9758,"date":"2020-05-18T14:11:00","date_gmt":"2020-05-18T12:11:00","guid":{"rendered":"https:\/\/swissbaker.ch\/?p=9758"},"modified":"2022-05-12T15:32:45","modified_gmt":"2022-05-12T13:32:45","slug":"erste-urabstimmung-in-der-104-jahrigen-unternehmensgeschichte","status":"publish","type":"post","link":"https:\/\/swissbaker.ch\/fr\/panissimo-news\/erste-urabstimmung-in-der-104-jahrigen-unternehmensgeschichte\/","title":{"rendered":"Erste Urabstimmung in der 104-j\u00e4hrigen Unternehmensgeschichte"},"content":{"rendered":"\n<p><strong>Die Pistor Holding Genossenschaft hat wegen des Coronavirus anstelle einer GV eine Urabstimmung durchgef\u00fchrt \u2013 zum ersten Mal in der 104-j\u00e4hrigen Unternehmensgeschichte. Alle Antr\u00e4ge wurden angenommen.<\/strong><\/p>\n\n\n\n<p>En raison du coronavirus et des dispositions du Conseil f\u00e9d\u00e9ral, la 104e assembl\u00e9e g\u00e9n\u00e9rale de Pistor Holding Genossenschaft, du 13 mai, n\u2019a pas eu lieu. Pistor a alors organis\u00e9 un vote par correspondance au moyen de bulletins de vote et d\u2019\u00e9lection envoy\u00e9s via la poste. Pas moins de 455 bulletins sont parvenus au bureau de vote et d\u2019\u00e9lection.<\/p>\n\n\n\n<h2 class=\"wp-block-heading\" id=\"h-reelection\">R\u00e9\u00e9lection<\/h2>\n\n\n\n<p>Hans Heini, G\u00e9rald Saudan et Nicolas Taillens ont \u00e9t\u00e9 r\u00e9\u00e9lus au conseil d\u2019administration pour deux ans. BDO AG \u00e0 Lucerne a \u00e9t\u00e9 reconduit en tant qu\u2019organe de r\u00e9vision pour l\u2019exercice 2020.<\/p>\n\n\n\n<h2 class=\"wp-block-heading\" id=\"h-propositions-acceptees\">Propositions accept\u00e9es<\/h2>\n\n\n\n<p>Les soci\u00e9taires ont suivi toutes les propositions du conseil d\u2019administration. Ce faisant, ils ont approuv\u00e9 le rapport annuel, les comptes du groupe et les comptes annuels (voir \u00ab\u00a0panissimo n\u00b0 5). Ils ont donn\u00e9 leur accord pour l\u2019utilisation du b\u00e9n\u00e9fice au bilan et accord\u00e9 d\u00e9charge \u00e0 la direction et au conseil d\u2019administration.<\/p>\n\n\n\n<h2 class=\"wp-block-heading\" id=\"h-perspectives\">Perspectives<\/h2>\n\n\n\n<p>Au cours des trois derniers mois, Pistor AG a essuy\u00e9 une forte baisse du chiffre d\u2019affaires dans le segment de la boulangerie, de la confiserie et de la gastronomie. Pistor continue \u00e0 livrer les EMS et les h\u00f4pitaux avec des produits \u00ab\u00a0food\u00a0\u00bb et \u00ab\u00a0non-food\u00a0\u00bb. La pand\u00e9mie laissera des traces sur le r\u00e9sultat d\u2019exploitation. Les effets sont difficiles \u00e0 \u00e9valuer. Le conseil d\u2019administration et la direction ont mis en \u0153uvre des mesures et \u00e9laborent des sc\u00e9narios pour garantir que Pistor puisse continuer \u00e0 s\u2019affirmer sur le march\u00e9 \u00e0 l\u2019avenir. En plus des d\u00e9fis, la situation actuelle offre \u00e9galement des opportunit\u00e9s pour Pistor (<a href=\"https:\/\/www.swissbaker.ch\/fr\/news-panissimo\/themesarchives\/environnement-professionnel\/environnement-professionnel-fr\/ce-sera-une-annee-difficile-pour-tout-le-monde\/\" target=\"_blank\" rel=\"noreferrer noopener\">ITW du pr\u00e9sident du conseil d\u2019administration Daniel Eichenberger et du CEO Markus L\u00f6tscher<\/a>\u00a0dans le n\u00b07\/8 de \u00ab\u00a0panissimo\u00a0\u00bb).<br>La 105e assembl\u00e9e g\u00e9n\u00e9rale ordinaire aura lieu le 26 avril au Centre de la culture et des congr\u00e8s \u00e0 Lucerne.<\/p>\n","protected":false},"excerpt":{"rendered":"<p>Die Pistor Holding Genossenschaft hat wegen des Coronavirus anstelle einer GV eine Urabstimmung durchgef\u00fchrt \u2013 zum ersten Mal in der 104-j\u00e4hrigen Unternehmensgeschichte. Alle Antr\u00e4ge wurden angenommen. En raison du coronavirus et des dispositions du Conseil f\u00e9d\u00e9ral, la 104e assembl\u00e9e g\u00e9n\u00e9rale de Pistor Holding Genossenschaft, du 13 mai, n\u2019a pas eu lieu. Pistor a alors organis\u00e9 un vote par correspondance au [&hellip;]<\/p>\n","protected":false},"author":1,"featured_media":5814,"comment_status":"open","ping_status":"closed","sticky":false,"template":"","format":"standard","meta":{"_acf_changed":false,"footnotes":""},"categories":[45],"tags":[],"class_list":["post-9758","post","type-post","status-publish","format-standard","has-post-thumbnail","hentry","category-environnement-professionnel"],"acf":[],"yoast_head":"<!-- This site is optimized with the Yoast SEO Premium plugin v26.8 (Yoast SEO v26.8) - https:\/\/yoast.com\/product\/yoast-seo-premium-wordpress\/ -->\n<title>Erste Urabstimmung in der 104-j\u00e4hrigen Unternehmensgeschichte | SBC<\/title>\n<meta name=\"robots\" content=\"index, follow, max-snippet:-1, max-image-preview:large, max-video-preview:-1\" \/>\n<link rel=\"canonical\" href=\"https:\/\/swissbaker.ch\/fr\/panissimo-news\/erste-urabstimmung-in-der-104-jahrigen-unternehmensgeschichte\/\" \/>\n<meta property=\"og:locale\" content=\"fr_FR\" \/>\n<meta property=\"og:type\" content=\"article\" \/>\n<meta property=\"og:title\" content=\"Erste Urabstimmung in der 104-j\u00e4hrigen Unternehmensgeschichte\" \/>\n<meta property=\"og:description\" content=\"Die Pistor Holding Genossenschaft hat wegen des Coronavirus anstelle einer GV eine Urabstimmung durchgef\u00fchrt \u2013 zum ersten Mal in der 104-j\u00e4hrigen Unternehmensgeschichte. Alle Antr\u00e4ge wurden angenommen. En raison du coronavirus et des dispositions du Conseil f\u00e9d\u00e9ral, la 104e assembl\u00e9e g\u00e9n\u00e9rale de Pistor Holding Genossenschaft, du 13 mai, n\u2019a pas eu lieu. Pistor a alors organis\u00e9 un vote par correspondance au [&hellip;]\" \/>\n<meta property=\"og:url\" content=\"https:\/\/swissbaker.ch\/fr\/panissimo-news\/erste-urabstimmung-in-der-104-jahrigen-unternehmensgeschichte\/\" \/>\n<meta property=\"og:site_name\" content=\"SBC\" \/>\n<meta property=\"article:publisher\" content=\"https:\/\/www.facebook.com\/swissbaker.ch\" \/>\n<meta property=\"article:published_time\" content=\"2020-05-18T12:11:00+00:00\" \/>\n<meta property=\"article:modified_time\" content=\"2022-05-12T13:32:45+00:00\" \/>\n<meta property=\"og:image\" content=\"https:\/\/swissbaker.ch\/wp-content\/uploads\/2022\/03\/10.2-Pistor-Lkw-unterwegs.jpg\" \/>\n\t<meta property=\"og:image:width\" content=\"800\" \/>\n\t<meta property=\"og:image:height\" content=\"474\" \/>\n\t<meta property=\"og:image:type\" content=\"image\/jpeg\" \/>\n<meta name=\"author\" content=\"azureart\" \/>\n<meta name=\"twitter:card\" content=\"summary_large_image\" \/>\n<meta name=\"twitter:creator\" content=\"@ch_swissbaker\" \/>\n<meta name=\"twitter:site\" content=\"@ch_swissbaker\" \/>\n<meta name=\"twitter:label1\" content=\"Written by\" \/>\n\t<meta name=\"twitter:data1\" content=\"azureart\" \/>\n\t<meta name=\"twitter:label2\" content=\"Est. reading time\" \/>\n\t<meta name=\"twitter:data2\" content=\"2 minutes\" \/>\n<script type=\"application\/ld+json\" class=\"yoast-schema-graph\">{\"@context\":\"https:\/\/schema.org\",\"@graph\":[{\"@type\":\"Article\",\"@id\":\"https:\/\/swissbaker.ch\/fr\/panissimo-news\/erste-urabstimmung-in-der-104-jahrigen-unternehmensgeschichte\/#article\",\"isPartOf\":{\"@id\":\"https:\/\/swissbaker.ch\/fr\/panissimo-news\/erste-urabstimmung-in-der-104-jahrigen-unternehmensgeschichte\/\"},\"author\":{\"name\":\"azureart\",\"@id\":\"https:\/\/swissbaker.ch\/fr\/#\/schema\/person\/058ac47619f7da53df62aba60f939b78\"},\"headline\":\"Erste Urabstimmung in der 104-j\u00e4hrigen Unternehmensgeschichte\",\"datePublished\":\"2020-05-18T12:11:00+00:00\",\"dateModified\":\"2022-05-12T13:32:45+00:00\",\"mainEntityOfPage\":{\"@id\":\"https:\/\/swissbaker.ch\/fr\/panissimo-news\/erste-urabstimmung-in-der-104-jahrigen-unternehmensgeschichte\/\"},\"wordCount\":348,\"commentCount\":0,\"publisher\":{\"@id\":\"https:\/\/swissbaker.ch\/fr\/#organization\"},\"image\":{\"@id\":\"https:\/\/swissbaker.ch\/fr\/panissimo-news\/erste-urabstimmung-in-der-104-jahrigen-unternehmensgeschichte\/#primaryimage\"},\"thumbnailUrl\":\"https:\/\/swissbaker.ch\/wp-content\/uploads\/2022\/03\/10.2-Pistor-Lkw-unterwegs.jpg\",\"articleSection\":[\"Environnement professionnel\"],\"inLanguage\":\"fr-FR\",\"potentialAction\":[{\"@type\":\"CommentAction\",\"name\":\"Comment\",\"target\":[\"https:\/\/swissbaker.ch\/fr\/panissimo-news\/erste-urabstimmung-in-der-104-jahrigen-unternehmensgeschichte\/#respond\"]}]},{\"@type\":\"WebPage\",\"@id\":\"https:\/\/swissbaker.ch\/fr\/panissimo-news\/erste-urabstimmung-in-der-104-jahrigen-unternehmensgeschichte\/\",\"url\":\"https:\/\/swissbaker.ch\/fr\/panissimo-news\/erste-urabstimmung-in-der-104-jahrigen-unternehmensgeschichte\/\",\"name\":\"Erste Urabstimmung in der 104-j\u00e4hrigen Unternehmensgeschichte | SBC\",\"isPartOf\":{\"@id\":\"https:\/\/swissbaker.ch\/fr\/#website\"},\"primaryImageOfPage\":{\"@id\":\"https:\/\/swissbaker.ch\/fr\/panissimo-news\/erste-urabstimmung-in-der-104-jahrigen-unternehmensgeschichte\/#primaryimage\"},\"image\":{\"@id\":\"https:\/\/swissbaker.ch\/fr\/panissimo-news\/erste-urabstimmung-in-der-104-jahrigen-unternehmensgeschichte\/#primaryimage\"},\"thumbnailUrl\":\"https:\/\/swissbaker.ch\/wp-content\/uploads\/2022\/03\/10.2-Pistor-Lkw-unterwegs.jpg\",\"datePublished\":\"2020-05-18T12:11:00+00:00\",\"dateModified\":\"2022-05-12T13:32:45+00:00\",\"breadcrumb\":{\"@id\":\"https:\/\/swissbaker.ch\/fr\/panissimo-news\/erste-urabstimmung-in-der-104-jahrigen-unternehmensgeschichte\/#breadcrumb\"},\"inLanguage\":\"fr-FR\",\"potentialAction\":[{\"@type\":\"ReadAction\",\"target\":[\"https:\/\/swissbaker.ch\/fr\/panissimo-news\/erste-urabstimmung-in-der-104-jahrigen-unternehmensgeschichte\/\"]}]},{\"@type\":\"ImageObject\",\"inLanguage\":\"fr-FR\",\"@id\":\"https:\/\/swissbaker.ch\/fr\/panissimo-news\/erste-urabstimmung-in-der-104-jahrigen-unternehmensgeschichte\/#primaryimage\",\"url\":\"https:\/\/swissbaker.ch\/wp-content\/uploads\/2022\/03\/10.2-Pistor-Lkw-unterwegs.jpg\",\"contentUrl\":\"https:\/\/swissbaker.ch\/wp-content\/uploads\/2022\/03\/10.2-Pistor-Lkw-unterwegs.jpg\",\"width\":800,\"height\":474,\"caption\":\"Premier vote par correspondance en 104 ans d\u2019entreprise\"},{\"@type\":\"BreadcrumbList\",\"@id\":\"https:\/\/swissbaker.ch\/fr\/panissimo-news\/erste-urabstimmung-in-der-104-jahrigen-unternehmensgeschichte\/#breadcrumb\",\"itemListElement\":[{\"@type\":\"ListItem\",\"position\":1,\"name\":\"\",\"item\":\"https:\/\/swissbaker.ch\/fr\/\"},{\"@type\":\"ListItem\",\"position\":2,\"name\":\"Environnement professionnel\",\"item\":\"https:\/\/swissbaker.ch\/fr\/panissimo-news\/category\/environnement-professionnel\/\"},{\"@type\":\"ListItem\",\"position\":3,\"name\":\"Erste Urabstimmung in der 104-j\u00e4hrigen Unternehmensgeschichte\"}]},{\"@type\":\"WebSite\",\"@id\":\"https:\/\/swissbaker.ch\/fr\/#website\",\"url\":\"https:\/\/swissbaker.ch\/fr\/\",\"name\":\"SBC\",\"description\":\"\",\"publisher\":{\"@id\":\"https:\/\/swissbaker.ch\/fr\/#organization\"},\"potentialAction\":[{\"@type\":\"SearchAction\",\"target\":{\"@type\":\"EntryPoint\",\"urlTemplate\":\"https:\/\/swissbaker.ch\/fr\/?s={search_term_string}\"},\"query-input\":{\"@type\":\"PropertyValueSpecification\",\"valueRequired\":true,\"valueName\":\"search_term_string\"}}],\"inLanguage\":\"fr-FR\"},{\"@type\":\"Organization\",\"@id\":\"https:\/\/swissbaker.ch\/fr\/#organization\",\"name\":\"Schweizerischer B\u00e4cker-Confiseurmeister-Verband\",\"url\":\"https:\/\/swissbaker.ch\/fr\/\",\"logo\":{\"@type\":\"ImageObject\",\"inLanguage\":\"fr-FR\",\"@id\":\"https:\/\/swissbaker.ch\/fr\/#\/schema\/logo\/image\/\",\"url\":\"https:\/\/swissbaker.ch\/wp-content\/uploads\/2022\/04\/sbc-logo-yoast.jpg\",\"contentUrl\":\"https:\/\/swissbaker.ch\/wp-content\/uploads\/2022\/04\/sbc-logo-yoast.jpg\",\"width\":512,\"height\":512,\"caption\":\"Schweizerischer B\u00e4cker-Confiseurmeister-Verband\"},\"image\":{\"@id\":\"https:\/\/swissbaker.ch\/fr\/#\/schema\/logo\/image\/\"},\"sameAs\":[\"https:\/\/www.facebook.com\/swissbaker.ch\",\"https:\/\/x.com\/ch_swissbaker\"]},{\"@type\":\"Person\",\"@id\":\"https:\/\/swissbaker.ch\/fr\/#\/schema\/person\/058ac47619f7da53df62aba60f939b78\",\"name\":\"azureart\",\"image\":{\"@type\":\"ImageObject\",\"inLanguage\":\"fr-FR\",\"@id\":\"https:\/\/swissbaker.ch\/fr\/#\/schema\/person\/image\/\",\"url\":\"https:\/\/secure.gravatar.com\/avatar\/be04dd3098fd612c83067af4f7a295384c93cb6a9112f51beb9d2f477d25da61?s=96&d=mm&r=g\",\"contentUrl\":\"https:\/\/secure.gravatar.com\/avatar\/be04dd3098fd612c83067af4f7a295384c93cb6a9112f51beb9d2f477d25da61?s=96&d=mm&r=g\",\"caption\":\"azureart\"},\"sameAs\":[\"https:\/\/swissbaker.ch\"],\"url\":\"https:\/\/swissbaker.ch\/fr\/panissimo-news\/author\/pixel-ahoi\/\"}]}<\/script>\n<!-- \/ Yoast SEO Premium plugin. -->","yoast_head_json":{"title":"Erste Urabstimmung in der 104-j\u00e4hrigen Unternehmensgeschichte | SBC","robots":{"index":"index","follow":"follow","max-snippet":"max-snippet:-1","max-image-preview":"max-image-preview:large","max-video-preview":"max-video-preview:-1"},"canonical":"https:\/\/swissbaker.ch\/fr\/panissimo-news\/erste-urabstimmung-in-der-104-jahrigen-unternehmensgeschichte\/","og_locale":"fr_FR","og_type":"article","og_title":"Erste Urabstimmung in der 104-j\u00e4hrigen Unternehmensgeschichte","og_description":"Die Pistor Holding Genossenschaft hat wegen des Coronavirus anstelle einer GV eine Urabstimmung durchgef\u00fchrt \u2013 zum ersten Mal in der 104-j\u00e4hrigen Unternehmensgeschichte. Alle Antr\u00e4ge wurden angenommen. En raison du coronavirus et des dispositions du Conseil f\u00e9d\u00e9ral, la 104e assembl\u00e9e g\u00e9n\u00e9rale de Pistor Holding Genossenschaft, du 13 mai, n\u2019a pas eu lieu. Pistor a alors organis\u00e9 un vote par correspondance au [&hellip;]","og_url":"https:\/\/swissbaker.ch\/fr\/panissimo-news\/erste-urabstimmung-in-der-104-jahrigen-unternehmensgeschichte\/","og_site_name":"SBC","article_publisher":"https:\/\/www.facebook.com\/swissbaker.ch","article_published_time":"2020-05-18T12:11:00+00:00","article_modified_time":"2022-05-12T13:32:45+00:00","og_image":[{"width":800,"height":474,"url":"https:\/\/swissbaker.ch\/wp-content\/uploads\/2022\/03\/10.2-Pistor-Lkw-unterwegs.jpg","type":"image\/jpeg"}],"author":"azureart","twitter_card":"summary_large_image","twitter_creator":"@ch_swissbaker","twitter_site":"@ch_swissbaker","twitter_misc":{"Written by":"azureart","Est. reading time":"2 minutes"},"schema":{"@context":"https:\/\/schema.org","@graph":[{"@type":"Article","@id":"https:\/\/swissbaker.ch\/fr\/panissimo-news\/erste-urabstimmung-in-der-104-jahrigen-unternehmensgeschichte\/#article","isPartOf":{"@id":"https:\/\/swissbaker.ch\/fr\/panissimo-news\/erste-urabstimmung-in-der-104-jahrigen-unternehmensgeschichte\/"},"author":{"name":"azureart","@id":"https:\/\/swissbaker.ch\/fr\/#\/schema\/person\/058ac47619f7da53df62aba60f939b78"},"headline":"Erste Urabstimmung in der 104-j\u00e4hrigen Unternehmensgeschichte","datePublished":"2020-05-18T12:11:00+00:00","dateModified":"2022-05-12T13:32:45+00:00","mainEntityOfPage":{"@id":"https:\/\/swissbaker.ch\/fr\/panissimo-news\/erste-urabstimmung-in-der-104-jahrigen-unternehmensgeschichte\/"},"wordCount":348,"commentCount":0,"publisher":{"@id":"https:\/\/swissbaker.ch\/fr\/#organization"},"image":{"@id":"https:\/\/swissbaker.ch\/fr\/panissimo-news\/erste-urabstimmung-in-der-104-jahrigen-unternehmensgeschichte\/#primaryimage"},"thumbnailUrl":"https:\/\/swissbaker.ch\/wp-content\/uploads\/2022\/03\/10.2-Pistor-Lkw-unterwegs.jpg","articleSection":["Environnement professionnel"],"inLanguage":"fr-FR","potentialAction":[{"@type":"CommentAction","name":"Comment","target":["https:\/\/swissbaker.ch\/fr\/panissimo-news\/erste-urabstimmung-in-der-104-jahrigen-unternehmensgeschichte\/#respond"]}]},{"@type":"WebPage","@id":"https:\/\/swissbaker.ch\/fr\/panissimo-news\/erste-urabstimmung-in-der-104-jahrigen-unternehmensgeschichte\/","url":"https:\/\/swissbaker.ch\/fr\/panissimo-news\/erste-urabstimmung-in-der-104-jahrigen-unternehmensgeschichte\/","name":"Erste Urabstimmung in der 104-j\u00e4hrigen Unternehmensgeschichte | SBC","isPartOf":{"@id":"https:\/\/swissbaker.ch\/fr\/#website"},"primaryImageOfPage":{"@id":"https:\/\/swissbaker.ch\/fr\/panissimo-news\/erste-urabstimmung-in-der-104-jahrigen-unternehmensgeschichte\/#primaryimage"},"image":{"@id":"https:\/\/swissbaker.ch\/fr\/panissimo-news\/erste-urabstimmung-in-der-104-jahrigen-unternehmensgeschichte\/#primaryimage"},"thumbnailUrl":"https:\/\/swissbaker.ch\/wp-content\/uploads\/2022\/03\/10.2-Pistor-Lkw-unterwegs.jpg","datePublished":"2020-05-18T12:11:00+00:00","dateModified":"2022-05-12T13:32:45+00:00","breadcrumb":{"@id":"https:\/\/swissbaker.ch\/fr\/panissimo-news\/erste-urabstimmung-in-der-104-jahrigen-unternehmensgeschichte\/#breadcrumb"},"inLanguage":"fr-FR","potentialAction":[{"@type":"ReadAction","target":["https:\/\/swissbaker.ch\/fr\/panissimo-news\/erste-urabstimmung-in-der-104-jahrigen-unternehmensgeschichte\/"]}]},{"@type":"ImageObject","inLanguage":"fr-FR","@id":"https:\/\/swissbaker.ch\/fr\/panissimo-news\/erste-urabstimmung-in-der-104-jahrigen-unternehmensgeschichte\/#primaryimage","url":"https:\/\/swissbaker.ch\/wp-content\/uploads\/2022\/03\/10.2-Pistor-Lkw-unterwegs.jpg","contentUrl":"https:\/\/swissbaker.ch\/wp-content\/uploads\/2022\/03\/10.2-Pistor-Lkw-unterwegs.jpg","width":800,"height":474,"caption":"Premier vote par correspondance en 104 ans d\u2019entreprise"},{"@type":"BreadcrumbList","@id":"https:\/\/swissbaker.ch\/fr\/panissimo-news\/erste-urabstimmung-in-der-104-jahrigen-unternehmensgeschichte\/#breadcrumb","itemListElement":[{"@type":"ListItem","position":1,"name":"","item":"https:\/\/swissbaker.ch\/fr\/"},{"@type":"ListItem","position":2,"name":"Environnement professionnel","item":"https:\/\/swissbaker.ch\/fr\/panissimo-news\/category\/environnement-professionnel\/"},{"@type":"ListItem","position":3,"name":"Erste Urabstimmung in der 104-j\u00e4hrigen Unternehmensgeschichte"}]},{"@type":"WebSite","@id":"https:\/\/swissbaker.ch\/fr\/#website","url":"https:\/\/swissbaker.ch\/fr\/","name":"SBC","description":"","publisher":{"@id":"https:\/\/swissbaker.ch\/fr\/#organization"},"potentialAction":[{"@type":"SearchAction","target":{"@type":"EntryPoint","urlTemplate":"https:\/\/swissbaker.ch\/fr\/?s={search_term_string}"},"query-input":{"@type":"PropertyValueSpecification","valueRequired":true,"valueName":"search_term_string"}}],"inLanguage":"fr-FR"},{"@type":"Organization","@id":"https:\/\/swissbaker.ch\/fr\/#organization","name":"Schweizerischer B\u00e4cker-Confiseurmeister-Verband","url":"https:\/\/swissbaker.ch\/fr\/","logo":{"@type":"ImageObject","inLanguage":"fr-FR","@id":"https:\/\/swissbaker.ch\/fr\/#\/schema\/logo\/image\/","url":"https:\/\/swissbaker.ch\/wp-content\/uploads\/2022\/04\/sbc-logo-yoast.jpg","contentUrl":"https:\/\/swissbaker.ch\/wp-content\/uploads\/2022\/04\/sbc-logo-yoast.jpg","width":512,"height":512,"caption":"Schweizerischer B\u00e4cker-Confiseurmeister-Verband"},"image":{"@id":"https:\/\/swissbaker.ch\/fr\/#\/schema\/logo\/image\/"},"sameAs":["https:\/\/www.facebook.com\/swissbaker.ch","https:\/\/x.com\/ch_swissbaker"]},{"@type":"Person","@id":"https:\/\/swissbaker.ch\/fr\/#\/schema\/person\/058ac47619f7da53df62aba60f939b78","name":"azureart","image":{"@type":"ImageObject","inLanguage":"fr-FR","@id":"https:\/\/swissbaker.ch\/fr\/#\/schema\/person\/image\/","url":"https:\/\/secure.gravatar.com\/avatar\/be04dd3098fd612c83067af4f7a295384c93cb6a9112f51beb9d2f477d25da61?s=96&d=mm&r=g","contentUrl":"https:\/\/secure.gravatar.com\/avatar\/be04dd3098fd612c83067af4f7a295384c93cb6a9112f51beb9d2f477d25da61?s=96&d=mm&r=g","caption":"azureart"},"sameAs":["https:\/\/swissbaker.ch"],"url":"https:\/\/swissbaker.ch\/fr\/panissimo-news\/author\/pixel-ahoi\/"}]}},"_links":{"self":[{"href":"https:\/\/swissbaker.ch\/fr\/wp-json\/wp\/v2\/posts\/9758","targetHints":{"allow":["GET"]}}],"collection":[{"href":"https:\/\/swissbaker.ch\/fr\/wp-json\/wp\/v2\/posts"}],"about":[{"href":"https:\/\/swissbaker.ch\/fr\/wp-json\/wp\/v2\/types\/post"}],"author":[{"embeddable":true,"href":"https:\/\/swissbaker.ch\/fr\/wp-json\/wp\/v2\/users\/1"}],"replies":[{"embeddable":true,"href":"https:\/\/swissbaker.ch\/fr\/wp-json\/wp\/v2\/comments?post=9758"}],"version-history":[{"count":0,"href":"https:\/\/swissbaker.ch\/fr\/wp-json\/wp\/v2\/posts\/9758\/revisions"}],"wp:featuredmedia":[{"embeddable":true,"href":"https:\/\/swissbaker.ch\/fr\/wp-json\/wp\/v2\/media\/5814"}],"wp:attachment":[{"href":"https:\/\/swissbaker.ch\/fr\/wp-json\/wp\/v2\/media?parent=9758"}],"wp:term":[{"taxonomy":"category","embeddable":true,"href":"https:\/\/swissbaker.ch\/fr\/wp-json\/wp\/v2\/categories?post=9758"},{"taxonomy":"post_tag","embeddable":true,"href":"https:\/\/swissbaker.ch\/fr\/wp-json\/wp\/v2\/tags?post=9758"}],"curies":[{"name":"wp","href":"https:\/\/api.w.org\/{rel}","templated":true}]}}