{"id":9746,"date":"2020-05-19T14:07:00","date_gmt":"2020-05-19T12:07:00","guid":{"rendered":"https:\/\/swissbaker.ch\/?p=9746"},"modified":"2022-05-12T15:27:35","modified_gmt":"2022-05-12T13:27:35","slug":"des-charges-supplementaires-aux-consequences-fatales","status":"publish","type":"post","link":"https:\/\/swissbaker.ch\/fr\/panissimo-news\/des-charges-supplementaires-aux-consequences-fatales\/","title":{"rendered":"Des charges suppl\u00e9mentaires aux cons\u00e9quences fatales"},"content":{"rendered":"\n<p><strong>Le comit\u00e9 central de l\u2019Association suisse des patrons boulangers-confiseurs s\u2019oppose au cong\u00e9 de paternit\u00e9. Des cotisations sociales suppl\u00e9mentaires, comme pour les cong\u00e9s paternit\u00e9, ne sont financi\u00e8rement pas viables pour les boulangers-confiseurs, en raison des d\u00e9fis li\u00e9s au coronavirus.<\/strong><\/p>\n\n\n\n<p>Le comit\u00e9 central (CC) de l\u2019Association suisse des patrons boulangers-confiseurs (BCS) s\u2019\u00e9tait prononc\u00e9 en faveur du contre-projet \u00e0 l\u2019initiative de cong\u00e9 de paternit\u00e9, lors d\u2019une pr\u00e9c\u00e9dente s\u00e9ance. Avec la crise du coronavirus, la situation \u00e9conomique a massivement chang\u00e9 en Suisse. Le CC a alors d\u00e9cid\u00e9 \u00e0 l\u2019unanimit\u00e9 de recommander le rejet de l\u2019initiative et du contre-projet. \u00ab Des charges suppl\u00e9mentaires auraient de fatales cons\u00e9quences pour notre branche, constitu\u00e9e principalement de PME \u00e0 faibles marges \u00bb, souligne le directeur de la BCS Urs Wellauer.<br>La l\u00e9gislation suisse ne r\u00e9glemente pas le droit au cong\u00e9 de paternit\u00e9. Un p\u00e8re peut demander cong\u00e9 \u00e0 la naissance d\u2019un enfant, dans le cadre des jours de cong\u00e9 usuels. Une \u00e0 deux journ\u00e9es de cong\u00e9s pay\u00e9s lui sont habituellement accord\u00e9es. La dur\u00e9e et l\u2019indemnisation varient en fonction de la branche et de l\u2019employeur.<\/p>\n\n\n\n<h2 class=\"wp-block-heading\" id=\"h-l-initiative\">L\u2019initiative<\/h2>\n\n\n\n<p>Quatre organisations fa\u00eeti\u00e8res des travailleurs (Travail.Suisse), des hommes et des p\u00e8res (m\u00e4nner.ch), des femmes (Alliance F) et des familles (Pro Familia Suisse) ont lanc\u00e9 l\u2019initiative populaire \u00ab Pour un cong\u00e9 de paternit\u00e9 raisonnable \u2013 en faveur de toute la famille \u00bb. Elle exige que tous les p\u00e8res puissent prendre au moins quatre semaines de cong\u00e9 de paternit\u00e9. Cela doit \u00eatre r\u00e9gl\u00e9 dans la loi sur les allocations de perte de gain de mani\u00e8re analogue \u00e0 l\u2019allocation de maternit\u00e9.<\/p>\n\n\n\n<h2 class=\"wp-block-heading\" id=\"h-le-contre-projet\">Le contre-projet<\/h2>\n\n\n\n<p>Le Conseil f\u00e9d\u00e9ral et le Parlement rejettent tous deux l\u2019initiative. Toutefois, le Parlement a \u00e9labor\u00e9 un contre-projet indirect, avant la crise du coronavirus, sous la forme d\u2019une initiative de commission pour un cong\u00e9 de paternit\u00e9 pay\u00e9. Cela comprend un cong\u00e9 de paternit\u00e9 de deux semaines, \u00e0 prendre dans les six premiers mois suivant la naissance de l\u2019enfant. L\u2019allocation pour perte de gain doit \u00eatre identique \u00e0 celle de l\u2019assurance maternit\u00e9 : 80% du revenu moyen per\u00e7u, mais 196 francs par jour au maximum. Le financement doit se fait au travers d\u2019un pr\u00e9l\u00e8vement suppl\u00e9mentaire de 0,06 % du salaire, par moiti\u00e9 par l\u2019employeur et le salari\u00e9. Le Conseil f\u00e9d\u00e9ral s\u2019est prononc\u00e9 contre le contre-projet indirect, en mai 2019.<\/p>\n\n\n\n<h2 class=\"wp-block-heading\" id=\"h-le-referendum\">Le r\u00e9f\u00e9rendum<\/h2>\n\n\n\n<p>De mani\u00e8re un peu inattendue, un comit\u00e9 interpartis compos\u00e9 de repr\u00e9sentants de l\u2019UDC et des Jeunes lib\u00e9raux-radicaux a r\u00e9ussi \u00e0 faire passer le r\u00e9f\u00e9rendum contre le contre-projet indirect sur le cong\u00e9 de paternit\u00e9. Les opposants veulent lutter contre le d\u00e9veloppement de l\u2019Etat-providence et \u00e9viter une charge suppl\u00e9mentaire sur l\u2019\u00e9conomie. Le co\u00fbt total pour la mise en \u0153uvre de la solution selon le contre-projet indirect (adaptation du Code des obligations) s\u2019\u00e9l\u00e8verait \u00e0 environ 230 millions de francs par an, d\u2019apr\u00e8s l&#8217;Office f\u00e9d\u00e9ral des assurances sociales.<\/p>\n\n\n\n<p>Les Suisses se prononceront le 27 septembre.<\/p>\n\n\n\n<h2 class=\"wp-block-heading\" id=\"h-les-antecedents\">Les ant\u00e9c\u00e9dents<\/h2>\n\n\n\n<p>Le monde a chang\u00e9 depuis l\u2019apparition du coronavirus en d\u00e9but d\u2019ann\u00e9e. En 2019, l\u2019\u00e9conomie \u00e9tait en plein essor. Une vague verte d\u00e9ferlait sur la Suisse et l\u2019Europe. La jeunesse se mobilisant pour le climat dominait l\u2019actualit\u00e9. Des th\u00e8mes tels que la durabilit\u00e9, la protection de l\u2019environnement et l\u2019\u00e9quilibre entre vie professionnelle et vie priv\u00e9e \u00e9taient \u00e0 l\u2019ordre du jour politique. Auparavant bloqu\u00e9 pendant des ann\u00e9es, un cong\u00e9 de paternit\u00e9 de deux semaines impos\u00e9 par l&#8217;\u00c9tat a r\u00e9uni la majorit\u00e9 au Parlement, dans ce contexte. Des voix en faveur d\u2019un cong\u00e9 parental (encore) plus g\u00e9n\u00e9reux se sont fait entendre.<br>Le contre-projet indirect \u00e0 l\u2019initiative populaire \u00ab Pour un cong\u00e9 de paternit\u00e9 raisonnable \u2013 en faveur de toute la famille \u00bb a pris en compte ces \u00e9volutions sociales. Il a \u00e9t\u00e9 consid\u00e9r\u00e9 comme un compromis suisse. Bien que le cong\u00e9 de paternit\u00e9 r\u00e9glement\u00e9 par l\u2019Etat puisse continuer \u00e0 \u00eatre populaire, les effets de la pand\u00e9mie ont consid\u00e9rablement chang\u00e9 la situation. Des aides financi\u00e8res de l&#8217;\u00c9tat d&#8217;une ampleur historique, le ch\u00f4mage partiel pour environ 1\/3 de la main-d&#8217;\u0153uvre suisse et l&#8217;arr\u00eat temporaire du recouvrement des cr\u00e9ances illustrent la sombre r\u00e9alit\u00e9 \u00e9conomique. En outre, un endettement public \u00e9lev\u00e9 et des \u00ab trous \u00bb massifs dans les assurances sociales existantes (AVS, assurance ch\u00f4mage, allocation pour perte de gain) ou dans la pr\u00e9voyance professionnelle menacent la Suisse. Des hausses d\u2019imp\u00f4ts et des cotisations sociales sont des sc\u00e9narios envisageables.<\/p>\n\n\n\n<h2 class=\"wp-block-heading\" id=\"h-du-point-de-vue-de-la-bcs\">Du point de vue de la BCS<\/h2>\n\n\n\n<p>Les cons\u00e9quences de la crise du coronavirus et les restrictions l\u00e9gales correspondantes touchent \u00e9galement durement le secteur de la boulangerie-confiserie. Les entreprises de la branche continueront \u00e0 lutter contre des conditions \u00e9conomiques difficiles \u00e0 l\u2019avenir. Un pr\u00e9l\u00e8vement suppl\u00e9mentaire de 0,06% sur le salaire en faveur d\u2019un cong\u00e9 de paternit\u00e9 de deux semaines n\u2019est pas \u00e9conomiquement viable pour la branche.<br>Des cotisations sociales suppl\u00e9mentaires en faveur d\u2019un cong\u00e9 de paternit\u00e9 ne sont financi\u00e8rement pas viables pour les boulangers-confiseurs, en raison des d\u00e9fis li\u00e9s au coronavirus.<br>La BCS rejette donc express\u00e9ment l\u2019initiative et le contre-projet.<\/p>\n","protected":false},"excerpt":{"rendered":"<p>Le comit\u00e9 central de l\u2019Association suisse des patrons boulangers-confiseurs s\u2019oppose au cong\u00e9 de paternit\u00e9. Des cotisations sociales suppl\u00e9mentaires, comme pour les cong\u00e9s paternit\u00e9, ne sont financi\u00e8rement pas viables pour les boulangers-confiseurs, en raison des d\u00e9fis li\u00e9s au coronavirus. Le comit\u00e9 central (CC) de l\u2019Association suisse des patrons boulangers-confiseurs (BCS) s\u2019\u00e9tait prononc\u00e9 en faveur du contre-projet \u00e0 l\u2019initiative de cong\u00e9 de [&hellip;]<\/p>\n","protected":false},"author":1,"featured_media":5811,"comment_status":"open","ping_status":"closed","sticky":false,"template":"","format":"standard","meta":{"_acf_changed":false,"footnotes":""},"categories":[44],"tags":[],"class_list":["post-9746","post","type-post","status-publish","format-standard","has-post-thumbnail","hentry","category-droit-politique"],"acf":[],"yoast_head":"<!-- This site is optimized with the Yoast SEO Premium plugin v26.8 (Yoast SEO v26.8) - https:\/\/yoast.com\/product\/yoast-seo-premium-wordpress\/ -->\n<title>Des charges suppl\u00e9mentaires aux cons\u00e9quences fatales | SBC<\/title>\n<meta name=\"robots\" content=\"index, follow, max-snippet:-1, max-image-preview:large, max-video-preview:-1\" \/>\n<link rel=\"canonical\" href=\"https:\/\/swissbaker.ch\/fr\/panissimo-news\/des-charges-supplementaires-aux-consequences-fatales\/\" \/>\n<meta property=\"og:locale\" content=\"fr_FR\" \/>\n<meta property=\"og:type\" content=\"article\" \/>\n<meta property=\"og:title\" content=\"Des charges suppl\u00e9mentaires aux cons\u00e9quences fatales\" \/>\n<meta property=\"og:description\" content=\"Le comit\u00e9 central de l\u2019Association suisse des patrons boulangers-confiseurs s\u2019oppose au cong\u00e9 de paternit\u00e9. Des cotisations sociales suppl\u00e9mentaires, comme pour les cong\u00e9s paternit\u00e9, ne sont financi\u00e8rement pas viables pour les boulangers-confiseurs, en raison des d\u00e9fis li\u00e9s au coronavirus. Le comit\u00e9 central (CC) de l\u2019Association suisse des patrons boulangers-confiseurs (BCS) s\u2019\u00e9tait prononc\u00e9 en faveur du contre-projet \u00e0 l\u2019initiative de cong\u00e9 de [&hellip;]\" \/>\n<meta property=\"og:url\" content=\"https:\/\/swissbaker.ch\/fr\/panissimo-news\/des-charges-supplementaires-aux-consequences-fatales\/\" \/>\n<meta property=\"og:site_name\" content=\"SBC\" \/>\n<meta property=\"article:publisher\" content=\"https:\/\/www.facebook.com\/swissbaker.ch\" \/>\n<meta property=\"article:published_time\" content=\"2020-05-19T12:07:00+00:00\" \/>\n<meta property=\"article:modified_time\" content=\"2022-05-12T13:27:35+00:00\" \/>\n<meta property=\"og:image\" content=\"https:\/\/swissbaker.ch\/wp-content\/uploads\/2022\/03\/11.1-Vaterschaftsurlaub.jpg\" \/>\n\t<meta property=\"og:image:width\" content=\"800\" \/>\n\t<meta property=\"og:image:height\" content=\"474\" \/>\n\t<meta property=\"og:image:type\" content=\"image\/jpeg\" \/>\n<meta name=\"author\" content=\"azureart\" \/>\n<meta name=\"twitter:card\" content=\"summary_large_image\" \/>\n<meta name=\"twitter:creator\" content=\"@ch_swissbaker\" \/>\n<meta name=\"twitter:site\" content=\"@ch_swissbaker\" \/>\n<meta name=\"twitter:label1\" content=\"Written by\" \/>\n\t<meta name=\"twitter:data1\" content=\"azureart\" \/>\n\t<meta name=\"twitter:label2\" content=\"Est. reading time\" \/>\n\t<meta name=\"twitter:data2\" content=\"5 minutes\" \/>\n<script type=\"application\/ld+json\" class=\"yoast-schema-graph\">{\"@context\":\"https:\/\/schema.org\",\"@graph\":[{\"@type\":\"Article\",\"@id\":\"https:\/\/swissbaker.ch\/fr\/panissimo-news\/des-charges-supplementaires-aux-consequences-fatales\/#article\",\"isPartOf\":{\"@id\":\"https:\/\/swissbaker.ch\/fr\/panissimo-news\/des-charges-supplementaires-aux-consequences-fatales\/\"},\"author\":{\"name\":\"azureart\",\"@id\":\"https:\/\/swissbaker.ch\/fr\/#\/schema\/person\/058ac47619f7da53df62aba60f939b78\"},\"headline\":\"Des charges suppl\u00e9mentaires aux cons\u00e9quences fatales\",\"datePublished\":\"2020-05-19T12:07:00+00:00\",\"dateModified\":\"2022-05-12T13:27:35+00:00\",\"mainEntityOfPage\":{\"@id\":\"https:\/\/swissbaker.ch\/fr\/panissimo-news\/des-charges-supplementaires-aux-consequences-fatales\/\"},\"wordCount\":908,\"commentCount\":0,\"publisher\":{\"@id\":\"https:\/\/swissbaker.ch\/fr\/#organization\"},\"image\":{\"@id\":\"https:\/\/swissbaker.ch\/fr\/panissimo-news\/des-charges-supplementaires-aux-consequences-fatales\/#primaryimage\"},\"thumbnailUrl\":\"https:\/\/swissbaker.ch\/wp-content\/uploads\/2022\/03\/11.1-Vaterschaftsurlaub.jpg\",\"articleSection\":[\"Droit &amp; politique\"],\"inLanguage\":\"fr-FR\",\"potentialAction\":[{\"@type\":\"CommentAction\",\"name\":\"Comment\",\"target\":[\"https:\/\/swissbaker.ch\/fr\/panissimo-news\/des-charges-supplementaires-aux-consequences-fatales\/#respond\"]}]},{\"@type\":\"WebPage\",\"@id\":\"https:\/\/swissbaker.ch\/fr\/panissimo-news\/des-charges-supplementaires-aux-consequences-fatales\/\",\"url\":\"https:\/\/swissbaker.ch\/fr\/panissimo-news\/des-charges-supplementaires-aux-consequences-fatales\/\",\"name\":\"Des charges suppl\u00e9mentaires aux cons\u00e9quences fatales | SBC\",\"isPartOf\":{\"@id\":\"https:\/\/swissbaker.ch\/fr\/#website\"},\"primaryImageOfPage\":{\"@id\":\"https:\/\/swissbaker.ch\/fr\/panissimo-news\/des-charges-supplementaires-aux-consequences-fatales\/#primaryimage\"},\"image\":{\"@id\":\"https:\/\/swissbaker.ch\/fr\/panissimo-news\/des-charges-supplementaires-aux-consequences-fatales\/#primaryimage\"},\"thumbnailUrl\":\"https:\/\/swissbaker.ch\/wp-content\/uploads\/2022\/03\/11.1-Vaterschaftsurlaub.jpg\",\"datePublished\":\"2020-05-19T12:07:00+00:00\",\"dateModified\":\"2022-05-12T13:27:35+00:00\",\"breadcrumb\":{\"@id\":\"https:\/\/swissbaker.ch\/fr\/panissimo-news\/des-charges-supplementaires-aux-consequences-fatales\/#breadcrumb\"},\"inLanguage\":\"fr-FR\",\"potentialAction\":[{\"@type\":\"ReadAction\",\"target\":[\"https:\/\/swissbaker.ch\/fr\/panissimo-news\/des-charges-supplementaires-aux-consequences-fatales\/\"]}]},{\"@type\":\"ImageObject\",\"inLanguage\":\"fr-FR\",\"@id\":\"https:\/\/swissbaker.ch\/fr\/panissimo-news\/des-charges-supplementaires-aux-consequences-fatales\/#primaryimage\",\"url\":\"https:\/\/swissbaker.ch\/wp-content\/uploads\/2022\/03\/11.1-Vaterschaftsurlaub.jpg\",\"contentUrl\":\"https:\/\/swissbaker.ch\/wp-content\/uploads\/2022\/03\/11.1-Vaterschaftsurlaub.jpg\",\"width\":800,\"height\":474,\"caption\":\"Des charges suppl\u00e9mentaires aux cons\u00e9quences fatales\"},{\"@type\":\"BreadcrumbList\",\"@id\":\"https:\/\/swissbaker.ch\/fr\/panissimo-news\/des-charges-supplementaires-aux-consequences-fatales\/#breadcrumb\",\"itemListElement\":[{\"@type\":\"ListItem\",\"position\":1,\"name\":\"\",\"item\":\"https:\/\/swissbaker.ch\/fr\/\"},{\"@type\":\"ListItem\",\"position\":2,\"name\":\"Droit &amp; politique\",\"item\":\"https:\/\/swissbaker.ch\/fr\/panissimo-news\/category\/droit-politique\/\"},{\"@type\":\"ListItem\",\"position\":3,\"name\":\"Des charges suppl\u00e9mentaires aux cons\u00e9quences fatales\"}]},{\"@type\":\"WebSite\",\"@id\":\"https:\/\/swissbaker.ch\/fr\/#website\",\"url\":\"https:\/\/swissbaker.ch\/fr\/\",\"name\":\"SBC\",\"description\":\"\",\"publisher\":{\"@id\":\"https:\/\/swissbaker.ch\/fr\/#organization\"},\"potentialAction\":[{\"@type\":\"SearchAction\",\"target\":{\"@type\":\"EntryPoint\",\"urlTemplate\":\"https:\/\/swissbaker.ch\/fr\/?s={search_term_string}\"},\"query-input\":{\"@type\":\"PropertyValueSpecification\",\"valueRequired\":true,\"valueName\":\"search_term_string\"}}],\"inLanguage\":\"fr-FR\"},{\"@type\":\"Organization\",\"@id\":\"https:\/\/swissbaker.ch\/fr\/#organization\",\"name\":\"Schweizerischer B\u00e4cker-Confiseurmeister-Verband\",\"url\":\"https:\/\/swissbaker.ch\/fr\/\",\"logo\":{\"@type\":\"ImageObject\",\"inLanguage\":\"fr-FR\",\"@id\":\"https:\/\/swissbaker.ch\/fr\/#\/schema\/logo\/image\/\",\"url\":\"https:\/\/swissbaker.ch\/wp-content\/uploads\/2022\/04\/sbc-logo-yoast.jpg\",\"contentUrl\":\"https:\/\/swissbaker.ch\/wp-content\/uploads\/2022\/04\/sbc-logo-yoast.jpg\",\"width\":512,\"height\":512,\"caption\":\"Schweizerischer B\u00e4cker-Confiseurmeister-Verband\"},\"image\":{\"@id\":\"https:\/\/swissbaker.ch\/fr\/#\/schema\/logo\/image\/\"},\"sameAs\":[\"https:\/\/www.facebook.com\/swissbaker.ch\",\"https:\/\/x.com\/ch_swissbaker\"]},{\"@type\":\"Person\",\"@id\":\"https:\/\/swissbaker.ch\/fr\/#\/schema\/person\/058ac47619f7da53df62aba60f939b78\",\"name\":\"azureart\",\"image\":{\"@type\":\"ImageObject\",\"inLanguage\":\"fr-FR\",\"@id\":\"https:\/\/swissbaker.ch\/fr\/#\/schema\/person\/image\/\",\"url\":\"https:\/\/secure.gravatar.com\/avatar\/be04dd3098fd612c83067af4f7a295384c93cb6a9112f51beb9d2f477d25da61?s=96&d=mm&r=g\",\"contentUrl\":\"https:\/\/secure.gravatar.com\/avatar\/be04dd3098fd612c83067af4f7a295384c93cb6a9112f51beb9d2f477d25da61?s=96&d=mm&r=g\",\"caption\":\"azureart\"},\"sameAs\":[\"https:\/\/swissbaker.ch\"],\"url\":\"https:\/\/swissbaker.ch\/fr\/panissimo-news\/author\/pixel-ahoi\/\"}]}<\/script>\n<!-- \/ Yoast SEO Premium plugin. -->","yoast_head_json":{"title":"Des charges suppl\u00e9mentaires aux cons\u00e9quences fatales | SBC","robots":{"index":"index","follow":"follow","max-snippet":"max-snippet:-1","max-image-preview":"max-image-preview:large","max-video-preview":"max-video-preview:-1"},"canonical":"https:\/\/swissbaker.ch\/fr\/panissimo-news\/des-charges-supplementaires-aux-consequences-fatales\/","og_locale":"fr_FR","og_type":"article","og_title":"Des charges suppl\u00e9mentaires aux cons\u00e9quences fatales","og_description":"Le comit\u00e9 central de l\u2019Association suisse des patrons boulangers-confiseurs s\u2019oppose au cong\u00e9 de paternit\u00e9. Des cotisations sociales suppl\u00e9mentaires, comme pour les cong\u00e9s paternit\u00e9, ne sont financi\u00e8rement pas viables pour les boulangers-confiseurs, en raison des d\u00e9fis li\u00e9s au coronavirus. Le comit\u00e9 central (CC) de l\u2019Association suisse des patrons boulangers-confiseurs (BCS) s\u2019\u00e9tait prononc\u00e9 en faveur du contre-projet \u00e0 l\u2019initiative de cong\u00e9 de [&hellip;]","og_url":"https:\/\/swissbaker.ch\/fr\/panissimo-news\/des-charges-supplementaires-aux-consequences-fatales\/","og_site_name":"SBC","article_publisher":"https:\/\/www.facebook.com\/swissbaker.ch","article_published_time":"2020-05-19T12:07:00+00:00","article_modified_time":"2022-05-12T13:27:35+00:00","og_image":[{"width":800,"height":474,"url":"https:\/\/swissbaker.ch\/wp-content\/uploads\/2022\/03\/11.1-Vaterschaftsurlaub.jpg","type":"image\/jpeg"}],"author":"azureart","twitter_card":"summary_large_image","twitter_creator":"@ch_swissbaker","twitter_site":"@ch_swissbaker","twitter_misc":{"Written by":"azureart","Est. reading time":"5 minutes"},"schema":{"@context":"https:\/\/schema.org","@graph":[{"@type":"Article","@id":"https:\/\/swissbaker.ch\/fr\/panissimo-news\/des-charges-supplementaires-aux-consequences-fatales\/#article","isPartOf":{"@id":"https:\/\/swissbaker.ch\/fr\/panissimo-news\/des-charges-supplementaires-aux-consequences-fatales\/"},"author":{"name":"azureart","@id":"https:\/\/swissbaker.ch\/fr\/#\/schema\/person\/058ac47619f7da53df62aba60f939b78"},"headline":"Des charges suppl\u00e9mentaires aux cons\u00e9quences fatales","datePublished":"2020-05-19T12:07:00+00:00","dateModified":"2022-05-12T13:27:35+00:00","mainEntityOfPage":{"@id":"https:\/\/swissbaker.ch\/fr\/panissimo-news\/des-charges-supplementaires-aux-consequences-fatales\/"},"wordCount":908,"commentCount":0,"publisher":{"@id":"https:\/\/swissbaker.ch\/fr\/#organization"},"image":{"@id":"https:\/\/swissbaker.ch\/fr\/panissimo-news\/des-charges-supplementaires-aux-consequences-fatales\/#primaryimage"},"thumbnailUrl":"https:\/\/swissbaker.ch\/wp-content\/uploads\/2022\/03\/11.1-Vaterschaftsurlaub.jpg","articleSection":["Droit &amp; politique"],"inLanguage":"fr-FR","potentialAction":[{"@type":"CommentAction","name":"Comment","target":["https:\/\/swissbaker.ch\/fr\/panissimo-news\/des-charges-supplementaires-aux-consequences-fatales\/#respond"]}]},{"@type":"WebPage","@id":"https:\/\/swissbaker.ch\/fr\/panissimo-news\/des-charges-supplementaires-aux-consequences-fatales\/","url":"https:\/\/swissbaker.ch\/fr\/panissimo-news\/des-charges-supplementaires-aux-consequences-fatales\/","name":"Des charges suppl\u00e9mentaires aux cons\u00e9quences fatales | SBC","isPartOf":{"@id":"https:\/\/swissbaker.ch\/fr\/#website"},"primaryImageOfPage":{"@id":"https:\/\/swissbaker.ch\/fr\/panissimo-news\/des-charges-supplementaires-aux-consequences-fatales\/#primaryimage"},"image":{"@id":"https:\/\/swissbaker.ch\/fr\/panissimo-news\/des-charges-supplementaires-aux-consequences-fatales\/#primaryimage"},"thumbnailUrl":"https:\/\/swissbaker.ch\/wp-content\/uploads\/2022\/03\/11.1-Vaterschaftsurlaub.jpg","datePublished":"2020-05-19T12:07:00+00:00","dateModified":"2022-05-12T13:27:35+00:00","breadcrumb":{"@id":"https:\/\/swissbaker.ch\/fr\/panissimo-news\/des-charges-supplementaires-aux-consequences-fatales\/#breadcrumb"},"inLanguage":"fr-FR","potentialAction":[{"@type":"ReadAction","target":["https:\/\/swissbaker.ch\/fr\/panissimo-news\/des-charges-supplementaires-aux-consequences-fatales\/"]}]},{"@type":"ImageObject","inLanguage":"fr-FR","@id":"https:\/\/swissbaker.ch\/fr\/panissimo-news\/des-charges-supplementaires-aux-consequences-fatales\/#primaryimage","url":"https:\/\/swissbaker.ch\/wp-content\/uploads\/2022\/03\/11.1-Vaterschaftsurlaub.jpg","contentUrl":"https:\/\/swissbaker.ch\/wp-content\/uploads\/2022\/03\/11.1-Vaterschaftsurlaub.jpg","width":800,"height":474,"caption":"Des charges suppl\u00e9mentaires aux cons\u00e9quences fatales"},{"@type":"BreadcrumbList","@id":"https:\/\/swissbaker.ch\/fr\/panissimo-news\/des-charges-supplementaires-aux-consequences-fatales\/#breadcrumb","itemListElement":[{"@type":"ListItem","position":1,"name":"","item":"https:\/\/swissbaker.ch\/fr\/"},{"@type":"ListItem","position":2,"name":"Droit &amp; politique","item":"https:\/\/swissbaker.ch\/fr\/panissimo-news\/category\/droit-politique\/"},{"@type":"ListItem","position":3,"name":"Des charges suppl\u00e9mentaires aux cons\u00e9quences fatales"}]},{"@type":"WebSite","@id":"https:\/\/swissbaker.ch\/fr\/#website","url":"https:\/\/swissbaker.ch\/fr\/","name":"SBC","description":"","publisher":{"@id":"https:\/\/swissbaker.ch\/fr\/#organization"},"potentialAction":[{"@type":"SearchAction","target":{"@type":"EntryPoint","urlTemplate":"https:\/\/swissbaker.ch\/fr\/?s={search_term_string}"},"query-input":{"@type":"PropertyValueSpecification","valueRequired":true,"valueName":"search_term_string"}}],"inLanguage":"fr-FR"},{"@type":"Organization","@id":"https:\/\/swissbaker.ch\/fr\/#organization","name":"Schweizerischer B\u00e4cker-Confiseurmeister-Verband","url":"https:\/\/swissbaker.ch\/fr\/","logo":{"@type":"ImageObject","inLanguage":"fr-FR","@id":"https:\/\/swissbaker.ch\/fr\/#\/schema\/logo\/image\/","url":"https:\/\/swissbaker.ch\/wp-content\/uploads\/2022\/04\/sbc-logo-yoast.jpg","contentUrl":"https:\/\/swissbaker.ch\/wp-content\/uploads\/2022\/04\/sbc-logo-yoast.jpg","width":512,"height":512,"caption":"Schweizerischer B\u00e4cker-Confiseurmeister-Verband"},"image":{"@id":"https:\/\/swissbaker.ch\/fr\/#\/schema\/logo\/image\/"},"sameAs":["https:\/\/www.facebook.com\/swissbaker.ch","https:\/\/x.com\/ch_swissbaker"]},{"@type":"Person","@id":"https:\/\/swissbaker.ch\/fr\/#\/schema\/person\/058ac47619f7da53df62aba60f939b78","name":"azureart","image":{"@type":"ImageObject","inLanguage":"fr-FR","@id":"https:\/\/swissbaker.ch\/fr\/#\/schema\/person\/image\/","url":"https:\/\/secure.gravatar.com\/avatar\/be04dd3098fd612c83067af4f7a295384c93cb6a9112f51beb9d2f477d25da61?s=96&d=mm&r=g","contentUrl":"https:\/\/secure.gravatar.com\/avatar\/be04dd3098fd612c83067af4f7a295384c93cb6a9112f51beb9d2f477d25da61?s=96&d=mm&r=g","caption":"azureart"},"sameAs":["https:\/\/swissbaker.ch"],"url":"https:\/\/swissbaker.ch\/fr\/panissimo-news\/author\/pixel-ahoi\/"}]}},"_links":{"self":[{"href":"https:\/\/swissbaker.ch\/fr\/wp-json\/wp\/v2\/posts\/9746","targetHints":{"allow":["GET"]}}],"collection":[{"href":"https:\/\/swissbaker.ch\/fr\/wp-json\/wp\/v2\/posts"}],"about":[{"href":"https:\/\/swissbaker.ch\/fr\/wp-json\/wp\/v2\/types\/post"}],"author":[{"embeddable":true,"href":"https:\/\/swissbaker.ch\/fr\/wp-json\/wp\/v2\/users\/1"}],"replies":[{"embeddable":true,"href":"https:\/\/swissbaker.ch\/fr\/wp-json\/wp\/v2\/comments?post=9746"}],"version-history":[{"count":0,"href":"https:\/\/swissbaker.ch\/fr\/wp-json\/wp\/v2\/posts\/9746\/revisions"}],"wp:featuredmedia":[{"embeddable":true,"href":"https:\/\/swissbaker.ch\/fr\/wp-json\/wp\/v2\/media\/5811"}],"wp:attachment":[{"href":"https:\/\/swissbaker.ch\/fr\/wp-json\/wp\/v2\/media?parent=9746"}],"wp:term":[{"taxonomy":"category","embeddable":true,"href":"https:\/\/swissbaker.ch\/fr\/wp-json\/wp\/v2\/categories?post=9746"},{"taxonomy":"post_tag","embeddable":true,"href":"https:\/\/swissbaker.ch\/fr\/wp-json\/wp\/v2\/tags?post=9746"}],"curies":[{"name":"wp","href":"https:\/\/api.w.org\/{rel}","templated":true}]}}