{"id":9734,"date":"2018-05-02T14:15:00","date_gmt":"2018-05-02T12:15:00","guid":{"rendered":"https:\/\/swissbaker.ch\/?p=9734"},"modified":"2022-05-12T15:26:40","modified_gmt":"2022-05-12T13:26:40","slug":"gerald-saudan-elu-au-sein-du-conseil-dadministration-de-pistor","status":"publish","type":"post","link":"https:\/\/swissbaker.ch\/fr\/panissimo-news\/gerald-saudan-elu-au-sein-du-conseil-dadministration-de-pistor\/","title":{"rendered":"G\u00e9rald Saudan \u00e9lu au sein du conseil d\u2019administration de Pistor"},"content":{"rendered":"\n<p><strong>Ce matin, le boulanger-p\u00e2tissier fribourgeois G\u00e9rald Saudan a \u00e9t\u00e9 \u00e9lu au conseil d\u2019administration (CA) de l\u2019entreprise de n\u00e9goce et de prestations de services Pistor AG, lors de son assembl\u00e9e g\u00e9n\u00e9rale.<\/strong><\/p>\n\n\n\n<p><br>Apr\u00e8s neuf ann\u00e9es intensives, Peter Zulauf (Roggwil) s\u2019est retir\u00e9 du CA. Les 52 soci\u00e9taires votants ont r\u00e9\u00e9lu Daniel Eichenberger (Berne), Hans Heini (Lucerne) et Nicolas Taillens (Crans-Montana) pour deux ann\u00e9es suppl\u00e9mentaires. En outre, les comptes 2017 ont \u00e9t\u00e9 approuv\u00e9s. Pistor a r\u00e9alis\u00e9 un chiffre d\u2019affaires de 621,6 millions de francs durant l\u2019exercice 2017. Le total des dividendes revers\u00e9s aux soci\u00e9taires s\u2019\u00e9l\u00e8ve \u00e0 6,4 millions de francs.<\/p>\n\n\n\n<p>Lors de l\u2019assembl\u00e9e g\u00e9n\u00e9rale, la nouvelle membre de la direction Mich\u00e8le Waeber a \u00e9t\u00e9 pr\u00e9sent\u00e9e. Premi\u00e8re femme au sein du comit\u00e9, elle est la responsable des ressources humaines et des technologies de l\u2019information et de la communication. Elle succ\u00e8de \u00e0 Jules Toth.<\/p>\n\n\n\n<p>Durant son 101e exercice, Pistor AG a r\u00e9alis\u00e9 un chiffre d\u2019affaires du propre d\u00e9p\u00f4t de 621.6\u202fmillions de francs Cela correspond \u00e0 une croissance de 0,8\u202f% en comparaison \u00e0 l\u2019ann\u00e9e pr\u00e9c\u00e9dente, avec ses 616,6\u202fmillions de francs. Cette croissance du chiffre d\u2019affaires est d\u2019autant plus r\u00e9jouissante si l\u2019on consid\u00e8re l\u2019inflation n\u00e9gative de 0,9\u202f% enregistr\u00e9e au cours de l\u2019ann\u00e9e 2017, en raison de la baisse des prix dans d\u2019importants groupes de produits, tels que les noisettes, les amandes, le lait, le beurre, etc.<\/p>\n\n\n\n<h2 class=\"wp-block-heading\" id=\"h-gastronomie-nouveaux-modeles-de-clients\">Gastronomie\u2009: nouveaux mod\u00e8les de clients<\/h2>\n\n\n\n<p>Pistor a pu continuer \u00e0 d\u00e9velopper le secteur de la gastronomie, acqu\u00e9rir de nouveaux clients majeurs et intensifier les partenariats avec des clients cl\u00e9s. Par exemple, depuis l\u2019hiver 2016-2017, Pistor est le fournisseur le plus important des 19 entreprises gastronomiques de la communaut\u00e9 d\u2019int\u00e9r\u00eats Saanenland. En collaboration avec les h\u00f4tels et les restaurants, Pistor a d\u00e9velopp\u00e9 une coop\u00e9ration qui permet de prendre en compte les d\u00e9taillants r\u00e9gionaux pour les produits frais, mais aussi Pistor comme fournisseur principal de produits \u00e0 grand volume pour la cuisine. Les restaurants et les h\u00f4tels r\u00e9ouverts du B\u00fcrgenstock Resort ont \u00e9galement \u00e9t\u00e9 une acquisition client importante pour Pistor en 2017. Les livraisons au B\u00fcrgenberg sont effectu\u00e9es avec un camion \u00e9lectrique\u2009; sans bruit ni \u00e9missions de CO2.<\/p>\n\n\n\n<p>Le chiffre d\u2019affaires du propre d\u00e9p\u00f4t de Pistor est r\u00e9alis\u00e9 \u00e0 pr\u00e8s de 60\u202f% gr\u00e2ce \u00e0 la collaboration avec les boulangeries et les confiseries. Quelque 1600 clients de la boulangerie-confiserie ont command\u00e9 leurs marchandises chez Pistor, pour une valeur de 354\u202fmillions de francs. Le chiffre d\u2019affaires des clients de la gastronomie a augment\u00e9 d\u2019environ 4\u202f%, pour atteindre 268\u202fmillion de francs. Les 7500 clients de Pistor AG, au total, ont pass\u00e9 pr\u00e8s de 750\u2009000 commandes en 2017, dont un bon 66\u202f% sont arriv\u00e9es par voie \u00e9lectronique.<\/p>\n\n\n\n<p><a href=\"https:\/\/www.swissbaker.ch\/fr\/news-panissimo\/themesarchives\/environnement-professionnel\/environnement-professionnel-fr\/sind-sie-als-ex-baecker-mit-dem-ergebnis-zufrieden\/\">Entretien avec le CEO de Pistor Markus L\u00f6tscher<\/a><\/p>\n\n\n\n<p><\/p>\n","protected":false},"excerpt":{"rendered":"<p>Ce matin, le boulanger-p\u00e2tissier fribourgeois G\u00e9rald Saudan a \u00e9t\u00e9 \u00e9lu au conseil d\u2019administration (CA) de l\u2019entreprise de n\u00e9goce et de prestations de services Pistor AG, lors de son assembl\u00e9e g\u00e9n\u00e9rale. Apr\u00e8s neuf ann\u00e9es intensives, Peter Zulauf (Roggwil) s\u2019est retir\u00e9 du CA. Les 52 soci\u00e9taires votants ont r\u00e9\u00e9lu Daniel Eichenberger (Berne), Hans Heini (Lucerne) et Nicolas Taillens (Crans-Montana) pour deux ann\u00e9es [&hellip;]<\/p>\n","protected":false},"author":1,"featured_media":9740,"comment_status":"open","ping_status":"closed","sticky":false,"template":"","format":"standard","meta":{"_acf_changed":false,"footnotes":""},"categories":[45,46],"tags":[],"class_list":["post-9734","post","type-post","status-publish","format-standard","has-post-thumbnail","hentry","category-environnement-professionnel","category-evenement"],"acf":[],"yoast_head":"<!-- This site is optimized with the Yoast SEO Premium plugin v26.8 (Yoast SEO v26.8) - https:\/\/yoast.com\/product\/yoast-seo-premium-wordpress\/ -->\n<title>G\u00e9rald Saudan \u00e9lu au sein du conseil d\u2019administration de Pistor | SBC<\/title>\n<meta name=\"robots\" content=\"index, follow, max-snippet:-1, max-image-preview:large, max-video-preview:-1\" \/>\n<link rel=\"canonical\" href=\"https:\/\/swissbaker.ch\/fr\/panissimo-news\/gerald-saudan-elu-au-sein-du-conseil-dadministration-de-pistor\/\" \/>\n<meta property=\"og:locale\" content=\"fr_FR\" \/>\n<meta property=\"og:type\" content=\"article\" \/>\n<meta property=\"og:title\" content=\"G\u00e9rald Saudan \u00e9lu au sein du conseil d\u2019administration de Pistor\" \/>\n<meta property=\"og:description\" content=\"Ce matin, le boulanger-p\u00e2tissier fribourgeois G\u00e9rald Saudan a \u00e9t\u00e9 \u00e9lu au conseil d\u2019administration (CA) de l\u2019entreprise de n\u00e9goce et de prestations de services Pistor AG, lors de son assembl\u00e9e g\u00e9n\u00e9rale. Apr\u00e8s neuf ann\u00e9es intensives, Peter Zulauf (Roggwil) s\u2019est retir\u00e9 du CA. Les 52 soci\u00e9taires votants ont r\u00e9\u00e9lu Daniel Eichenberger (Berne), Hans Heini (Lucerne) et Nicolas Taillens (Crans-Montana) pour deux ann\u00e9es [&hellip;]\" \/>\n<meta property=\"og:url\" content=\"https:\/\/swissbaker.ch\/fr\/panissimo-news\/gerald-saudan-elu-au-sein-du-conseil-dadministration-de-pistor\/\" \/>\n<meta property=\"og:site_name\" content=\"SBC\" \/>\n<meta property=\"article:publisher\" content=\"https:\/\/www.facebook.com\/swissbaker.ch\" \/>\n<meta property=\"article:published_time\" content=\"2018-05-02T12:15:00+00:00\" \/>\n<meta property=\"article:modified_time\" content=\"2022-05-12T13:26:40+00:00\" \/>\n<meta property=\"og:image\" content=\"https:\/\/swissbaker.ch\/wp-content\/uploads\/2022\/05\/pistor_gv_2827_web-1.jpg\" \/>\n\t<meta property=\"og:image:width\" content=\"800\" \/>\n\t<meta property=\"og:image:height\" content=\"474\" \/>\n\t<meta property=\"og:image:type\" content=\"image\/jpeg\" \/>\n<meta name=\"author\" content=\"azureart\" \/>\n<meta name=\"twitter:card\" content=\"summary_large_image\" \/>\n<meta name=\"twitter:creator\" content=\"@ch_swissbaker\" \/>\n<meta name=\"twitter:site\" content=\"@ch_swissbaker\" \/>\n<meta name=\"twitter:label1\" content=\"Written by\" \/>\n\t<meta name=\"twitter:data1\" content=\"azureart\" \/>\n\t<meta name=\"twitter:label2\" content=\"Est. reading time\" \/>\n\t<meta name=\"twitter:data2\" content=\"3 minutes\" \/>\n<script type=\"application\/ld+json\" class=\"yoast-schema-graph\">{\"@context\":\"https:\/\/schema.org\",\"@graph\":[{\"@type\":\"Article\",\"@id\":\"https:\/\/swissbaker.ch\/fr\/panissimo-news\/gerald-saudan-elu-au-sein-du-conseil-dadministration-de-pistor\/#article\",\"isPartOf\":{\"@id\":\"https:\/\/swissbaker.ch\/fr\/panissimo-news\/gerald-saudan-elu-au-sein-du-conseil-dadministration-de-pistor\/\"},\"author\":{\"name\":\"azureart\",\"@id\":\"https:\/\/swissbaker.ch\/fr\/#\/schema\/person\/058ac47619f7da53df62aba60f939b78\"},\"headline\":\"G\u00e9rald Saudan \u00e9lu au sein du conseil d\u2019administration de Pistor\",\"datePublished\":\"2018-05-02T12:15:00+00:00\",\"dateModified\":\"2022-05-12T13:26:40+00:00\",\"mainEntityOfPage\":{\"@id\":\"https:\/\/swissbaker.ch\/fr\/panissimo-news\/gerald-saudan-elu-au-sein-du-conseil-dadministration-de-pistor\/\"},\"wordCount\":505,\"commentCount\":0,\"publisher\":{\"@id\":\"https:\/\/swissbaker.ch\/fr\/#organization\"},\"image\":{\"@id\":\"https:\/\/swissbaker.ch\/fr\/panissimo-news\/gerald-saudan-elu-au-sein-du-conseil-dadministration-de-pistor\/#primaryimage\"},\"thumbnailUrl\":\"https:\/\/swissbaker.ch\/wp-content\/uploads\/2022\/05\/pistor_gv_2827_web-1.jpg\",\"articleSection\":[\"Environnement professionnel\",\"Ev\u00e9nement\"],\"inLanguage\":\"fr-FR\",\"potentialAction\":[{\"@type\":\"CommentAction\",\"name\":\"Comment\",\"target\":[\"https:\/\/swissbaker.ch\/fr\/panissimo-news\/gerald-saudan-elu-au-sein-du-conseil-dadministration-de-pistor\/#respond\"]}]},{\"@type\":\"WebPage\",\"@id\":\"https:\/\/swissbaker.ch\/fr\/panissimo-news\/gerald-saudan-elu-au-sein-du-conseil-dadministration-de-pistor\/\",\"url\":\"https:\/\/swissbaker.ch\/fr\/panissimo-news\/gerald-saudan-elu-au-sein-du-conseil-dadministration-de-pistor\/\",\"name\":\"G\u00e9rald Saudan \u00e9lu au sein du conseil d\u2019administration de Pistor | SBC\",\"isPartOf\":{\"@id\":\"https:\/\/swissbaker.ch\/fr\/#website\"},\"primaryImageOfPage\":{\"@id\":\"https:\/\/swissbaker.ch\/fr\/panissimo-news\/gerald-saudan-elu-au-sein-du-conseil-dadministration-de-pistor\/#primaryimage\"},\"image\":{\"@id\":\"https:\/\/swissbaker.ch\/fr\/panissimo-news\/gerald-saudan-elu-au-sein-du-conseil-dadministration-de-pistor\/#primaryimage\"},\"thumbnailUrl\":\"https:\/\/swissbaker.ch\/wp-content\/uploads\/2022\/05\/pistor_gv_2827_web-1.jpg\",\"datePublished\":\"2018-05-02T12:15:00+00:00\",\"dateModified\":\"2022-05-12T13:26:40+00:00\",\"breadcrumb\":{\"@id\":\"https:\/\/swissbaker.ch\/fr\/panissimo-news\/gerald-saudan-elu-au-sein-du-conseil-dadministration-de-pistor\/#breadcrumb\"},\"inLanguage\":\"fr-FR\",\"potentialAction\":[{\"@type\":\"ReadAction\",\"target\":[\"https:\/\/swissbaker.ch\/fr\/panissimo-news\/gerald-saudan-elu-au-sein-du-conseil-dadministration-de-pistor\/\"]}]},{\"@type\":\"ImageObject\",\"inLanguage\":\"fr-FR\",\"@id\":\"https:\/\/swissbaker.ch\/fr\/panissimo-news\/gerald-saudan-elu-au-sein-du-conseil-dadministration-de-pistor\/#primaryimage\",\"url\":\"https:\/\/swissbaker.ch\/wp-content\/uploads\/2022\/05\/pistor_gv_2827_web-1.jpg\",\"contentUrl\":\"https:\/\/swissbaker.ch\/wp-content\/uploads\/2022\/05\/pistor_gv_2827_web-1.jpg\",\"width\":800,\"height\":474,\"caption\":\"G\u00e9rald Saudan \u00e9lu au sein du conseil d\u2019administration de Pistor\"},{\"@type\":\"BreadcrumbList\",\"@id\":\"https:\/\/swissbaker.ch\/fr\/panissimo-news\/gerald-saudan-elu-au-sein-du-conseil-dadministration-de-pistor\/#breadcrumb\",\"itemListElement\":[{\"@type\":\"ListItem\",\"position\":1,\"name\":\"\",\"item\":\"https:\/\/swissbaker.ch\/fr\/\"},{\"@type\":\"ListItem\",\"position\":2,\"name\":\"Ev\u00e9nement\",\"item\":\"https:\/\/swissbaker.ch\/fr\/panissimo-news\/category\/evenement\/\"},{\"@type\":\"ListItem\",\"position\":3,\"name\":\"G\u00e9rald Saudan \u00e9lu au sein du conseil d\u2019administration de Pistor\"}]},{\"@type\":\"WebSite\",\"@id\":\"https:\/\/swissbaker.ch\/fr\/#website\",\"url\":\"https:\/\/swissbaker.ch\/fr\/\",\"name\":\"SBC\",\"description\":\"\",\"publisher\":{\"@id\":\"https:\/\/swissbaker.ch\/fr\/#organization\"},\"potentialAction\":[{\"@type\":\"SearchAction\",\"target\":{\"@type\":\"EntryPoint\",\"urlTemplate\":\"https:\/\/swissbaker.ch\/fr\/?s={search_term_string}\"},\"query-input\":{\"@type\":\"PropertyValueSpecification\",\"valueRequired\":true,\"valueName\":\"search_term_string\"}}],\"inLanguage\":\"fr-FR\"},{\"@type\":\"Organization\",\"@id\":\"https:\/\/swissbaker.ch\/fr\/#organization\",\"name\":\"Schweizerischer B\u00e4cker-Confiseurmeister-Verband\",\"url\":\"https:\/\/swissbaker.ch\/fr\/\",\"logo\":{\"@type\":\"ImageObject\",\"inLanguage\":\"fr-FR\",\"@id\":\"https:\/\/swissbaker.ch\/fr\/#\/schema\/logo\/image\/\",\"url\":\"https:\/\/swissbaker.ch\/wp-content\/uploads\/2022\/04\/sbc-logo-yoast.jpg\",\"contentUrl\":\"https:\/\/swissbaker.ch\/wp-content\/uploads\/2022\/04\/sbc-logo-yoast.jpg\",\"width\":512,\"height\":512,\"caption\":\"Schweizerischer B\u00e4cker-Confiseurmeister-Verband\"},\"image\":{\"@id\":\"https:\/\/swissbaker.ch\/fr\/#\/schema\/logo\/image\/\"},\"sameAs\":[\"https:\/\/www.facebook.com\/swissbaker.ch\",\"https:\/\/x.com\/ch_swissbaker\"]},{\"@type\":\"Person\",\"@id\":\"https:\/\/swissbaker.ch\/fr\/#\/schema\/person\/058ac47619f7da53df62aba60f939b78\",\"name\":\"azureart\",\"image\":{\"@type\":\"ImageObject\",\"inLanguage\":\"fr-FR\",\"@id\":\"https:\/\/swissbaker.ch\/fr\/#\/schema\/person\/image\/\",\"url\":\"https:\/\/secure.gravatar.com\/avatar\/be04dd3098fd612c83067af4f7a295384c93cb6a9112f51beb9d2f477d25da61?s=96&d=mm&r=g\",\"contentUrl\":\"https:\/\/secure.gravatar.com\/avatar\/be04dd3098fd612c83067af4f7a295384c93cb6a9112f51beb9d2f477d25da61?s=96&d=mm&r=g\",\"caption\":\"azureart\"},\"sameAs\":[\"https:\/\/swissbaker.ch\"],\"url\":\"https:\/\/swissbaker.ch\/fr\/panissimo-news\/author\/pixel-ahoi\/\"}]}<\/script>\n<!-- \/ Yoast SEO Premium plugin. -->","yoast_head_json":{"title":"G\u00e9rald Saudan \u00e9lu au sein du conseil d\u2019administration de Pistor | SBC","robots":{"index":"index","follow":"follow","max-snippet":"max-snippet:-1","max-image-preview":"max-image-preview:large","max-video-preview":"max-video-preview:-1"},"canonical":"https:\/\/swissbaker.ch\/fr\/panissimo-news\/gerald-saudan-elu-au-sein-du-conseil-dadministration-de-pistor\/","og_locale":"fr_FR","og_type":"article","og_title":"G\u00e9rald Saudan \u00e9lu au sein du conseil d\u2019administration de Pistor","og_description":"Ce matin, le boulanger-p\u00e2tissier fribourgeois G\u00e9rald Saudan a \u00e9t\u00e9 \u00e9lu au conseil d\u2019administration (CA) de l\u2019entreprise de n\u00e9goce et de prestations de services Pistor AG, lors de son assembl\u00e9e g\u00e9n\u00e9rale. Apr\u00e8s neuf ann\u00e9es intensives, Peter Zulauf (Roggwil) s\u2019est retir\u00e9 du CA. Les 52 soci\u00e9taires votants ont r\u00e9\u00e9lu Daniel Eichenberger (Berne), Hans Heini (Lucerne) et Nicolas Taillens (Crans-Montana) pour deux ann\u00e9es [&hellip;]","og_url":"https:\/\/swissbaker.ch\/fr\/panissimo-news\/gerald-saudan-elu-au-sein-du-conseil-dadministration-de-pistor\/","og_site_name":"SBC","article_publisher":"https:\/\/www.facebook.com\/swissbaker.ch","article_published_time":"2018-05-02T12:15:00+00:00","article_modified_time":"2022-05-12T13:26:40+00:00","og_image":[{"width":800,"height":474,"url":"https:\/\/swissbaker.ch\/wp-content\/uploads\/2022\/05\/pistor_gv_2827_web-1.jpg","type":"image\/jpeg"}],"author":"azureart","twitter_card":"summary_large_image","twitter_creator":"@ch_swissbaker","twitter_site":"@ch_swissbaker","twitter_misc":{"Written by":"azureart","Est. reading time":"3 minutes"},"schema":{"@context":"https:\/\/schema.org","@graph":[{"@type":"Article","@id":"https:\/\/swissbaker.ch\/fr\/panissimo-news\/gerald-saudan-elu-au-sein-du-conseil-dadministration-de-pistor\/#article","isPartOf":{"@id":"https:\/\/swissbaker.ch\/fr\/panissimo-news\/gerald-saudan-elu-au-sein-du-conseil-dadministration-de-pistor\/"},"author":{"name":"azureart","@id":"https:\/\/swissbaker.ch\/fr\/#\/schema\/person\/058ac47619f7da53df62aba60f939b78"},"headline":"G\u00e9rald Saudan \u00e9lu au sein du conseil d\u2019administration de Pistor","datePublished":"2018-05-02T12:15:00+00:00","dateModified":"2022-05-12T13:26:40+00:00","mainEntityOfPage":{"@id":"https:\/\/swissbaker.ch\/fr\/panissimo-news\/gerald-saudan-elu-au-sein-du-conseil-dadministration-de-pistor\/"},"wordCount":505,"commentCount":0,"publisher":{"@id":"https:\/\/swissbaker.ch\/fr\/#organization"},"image":{"@id":"https:\/\/swissbaker.ch\/fr\/panissimo-news\/gerald-saudan-elu-au-sein-du-conseil-dadministration-de-pistor\/#primaryimage"},"thumbnailUrl":"https:\/\/swissbaker.ch\/wp-content\/uploads\/2022\/05\/pistor_gv_2827_web-1.jpg","articleSection":["Environnement professionnel","Ev\u00e9nement"],"inLanguage":"fr-FR","potentialAction":[{"@type":"CommentAction","name":"Comment","target":["https:\/\/swissbaker.ch\/fr\/panissimo-news\/gerald-saudan-elu-au-sein-du-conseil-dadministration-de-pistor\/#respond"]}]},{"@type":"WebPage","@id":"https:\/\/swissbaker.ch\/fr\/panissimo-news\/gerald-saudan-elu-au-sein-du-conseil-dadministration-de-pistor\/","url":"https:\/\/swissbaker.ch\/fr\/panissimo-news\/gerald-saudan-elu-au-sein-du-conseil-dadministration-de-pistor\/","name":"G\u00e9rald Saudan \u00e9lu au sein du conseil d\u2019administration de Pistor | SBC","isPartOf":{"@id":"https:\/\/swissbaker.ch\/fr\/#website"},"primaryImageOfPage":{"@id":"https:\/\/swissbaker.ch\/fr\/panissimo-news\/gerald-saudan-elu-au-sein-du-conseil-dadministration-de-pistor\/#primaryimage"},"image":{"@id":"https:\/\/swissbaker.ch\/fr\/panissimo-news\/gerald-saudan-elu-au-sein-du-conseil-dadministration-de-pistor\/#primaryimage"},"thumbnailUrl":"https:\/\/swissbaker.ch\/wp-content\/uploads\/2022\/05\/pistor_gv_2827_web-1.jpg","datePublished":"2018-05-02T12:15:00+00:00","dateModified":"2022-05-12T13:26:40+00:00","breadcrumb":{"@id":"https:\/\/swissbaker.ch\/fr\/panissimo-news\/gerald-saudan-elu-au-sein-du-conseil-dadministration-de-pistor\/#breadcrumb"},"inLanguage":"fr-FR","potentialAction":[{"@type":"ReadAction","target":["https:\/\/swissbaker.ch\/fr\/panissimo-news\/gerald-saudan-elu-au-sein-du-conseil-dadministration-de-pistor\/"]}]},{"@type":"ImageObject","inLanguage":"fr-FR","@id":"https:\/\/swissbaker.ch\/fr\/panissimo-news\/gerald-saudan-elu-au-sein-du-conseil-dadministration-de-pistor\/#primaryimage","url":"https:\/\/swissbaker.ch\/wp-content\/uploads\/2022\/05\/pistor_gv_2827_web-1.jpg","contentUrl":"https:\/\/swissbaker.ch\/wp-content\/uploads\/2022\/05\/pistor_gv_2827_web-1.jpg","width":800,"height":474,"caption":"G\u00e9rald Saudan \u00e9lu au sein du conseil d\u2019administration de Pistor"},{"@type":"BreadcrumbList","@id":"https:\/\/swissbaker.ch\/fr\/panissimo-news\/gerald-saudan-elu-au-sein-du-conseil-dadministration-de-pistor\/#breadcrumb","itemListElement":[{"@type":"ListItem","position":1,"name":"","item":"https:\/\/swissbaker.ch\/fr\/"},{"@type":"ListItem","position":2,"name":"Ev\u00e9nement","item":"https:\/\/swissbaker.ch\/fr\/panissimo-news\/category\/evenement\/"},{"@type":"ListItem","position":3,"name":"G\u00e9rald Saudan \u00e9lu au sein du conseil d\u2019administration de Pistor"}]},{"@type":"WebSite","@id":"https:\/\/swissbaker.ch\/fr\/#website","url":"https:\/\/swissbaker.ch\/fr\/","name":"SBC","description":"","publisher":{"@id":"https:\/\/swissbaker.ch\/fr\/#organization"},"potentialAction":[{"@type":"SearchAction","target":{"@type":"EntryPoint","urlTemplate":"https:\/\/swissbaker.ch\/fr\/?s={search_term_string}"},"query-input":{"@type":"PropertyValueSpecification","valueRequired":true,"valueName":"search_term_string"}}],"inLanguage":"fr-FR"},{"@type":"Organization","@id":"https:\/\/swissbaker.ch\/fr\/#organization","name":"Schweizerischer B\u00e4cker-Confiseurmeister-Verband","url":"https:\/\/swissbaker.ch\/fr\/","logo":{"@type":"ImageObject","inLanguage":"fr-FR","@id":"https:\/\/swissbaker.ch\/fr\/#\/schema\/logo\/image\/","url":"https:\/\/swissbaker.ch\/wp-content\/uploads\/2022\/04\/sbc-logo-yoast.jpg","contentUrl":"https:\/\/swissbaker.ch\/wp-content\/uploads\/2022\/04\/sbc-logo-yoast.jpg","width":512,"height":512,"caption":"Schweizerischer B\u00e4cker-Confiseurmeister-Verband"},"image":{"@id":"https:\/\/swissbaker.ch\/fr\/#\/schema\/logo\/image\/"},"sameAs":["https:\/\/www.facebook.com\/swissbaker.ch","https:\/\/x.com\/ch_swissbaker"]},{"@type":"Person","@id":"https:\/\/swissbaker.ch\/fr\/#\/schema\/person\/058ac47619f7da53df62aba60f939b78","name":"azureart","image":{"@type":"ImageObject","inLanguage":"fr-FR","@id":"https:\/\/swissbaker.ch\/fr\/#\/schema\/person\/image\/","url":"https:\/\/secure.gravatar.com\/avatar\/be04dd3098fd612c83067af4f7a295384c93cb6a9112f51beb9d2f477d25da61?s=96&d=mm&r=g","contentUrl":"https:\/\/secure.gravatar.com\/avatar\/be04dd3098fd612c83067af4f7a295384c93cb6a9112f51beb9d2f477d25da61?s=96&d=mm&r=g","caption":"azureart"},"sameAs":["https:\/\/swissbaker.ch"],"url":"https:\/\/swissbaker.ch\/fr\/panissimo-news\/author\/pixel-ahoi\/"}]}},"_links":{"self":[{"href":"https:\/\/swissbaker.ch\/fr\/wp-json\/wp\/v2\/posts\/9734","targetHints":{"allow":["GET"]}}],"collection":[{"href":"https:\/\/swissbaker.ch\/fr\/wp-json\/wp\/v2\/posts"}],"about":[{"href":"https:\/\/swissbaker.ch\/fr\/wp-json\/wp\/v2\/types\/post"}],"author":[{"embeddable":true,"href":"https:\/\/swissbaker.ch\/fr\/wp-json\/wp\/v2\/users\/1"}],"replies":[{"embeddable":true,"href":"https:\/\/swissbaker.ch\/fr\/wp-json\/wp\/v2\/comments?post=9734"}],"version-history":[{"count":0,"href":"https:\/\/swissbaker.ch\/fr\/wp-json\/wp\/v2\/posts\/9734\/revisions"}],"wp:featuredmedia":[{"embeddable":true,"href":"https:\/\/swissbaker.ch\/fr\/wp-json\/wp\/v2\/media\/9740"}],"wp:attachment":[{"href":"https:\/\/swissbaker.ch\/fr\/wp-json\/wp\/v2\/media?parent=9734"}],"wp:term":[{"taxonomy":"category","embeddable":true,"href":"https:\/\/swissbaker.ch\/fr\/wp-json\/wp\/v2\/categories?post=9734"},{"taxonomy":"post_tag","embeddable":true,"href":"https:\/\/swissbaker.ch\/fr\/wp-json\/wp\/v2\/tags?post=9734"}],"curies":[{"name":"wp","href":"https:\/\/api.w.org\/{rel}","templated":true}]}}