{"id":9733,"date":"2020-05-20T15:22:00","date_gmt":"2020-05-20T13:22:00","guid":{"rendered":"https:\/\/swissbaker.ch\/?p=9733"},"modified":"2022-05-12T15:23:13","modified_gmt":"2022-05-12T13:23:13","slug":"une-piece-cinq-etoiles","status":"publish","type":"post","link":"https:\/\/swissbaker.ch\/fr\/panissimo-news\/une-piece-cinq-etoiles\/","title":{"rendered":"Une pi\u00e8ce cinq \u00e9toiles"},"content":{"rendered":"\n<p><strong>Depuis le mois de mars, le Cristiano Ronaldo en chocolat de Jorge Cardoso est expos\u00e9 au Museu CR7 \u00e0 Funchal (Mad\u00e8re, Portugal). La sculpture cr\u00e9\u00e9e dans le canton de Fribourg a eu le droit \u00e0 la visite de la star en personne.<\/strong><\/p>\n\n\n\n<p>\u00ab&nbsp;J\u2019ai obtenu ce que je voulais&nbsp;\u00bb, l\u00e2che Jorge Cardoso en contemplant la photo de Cristiano Ronaldo au c\u00f4t\u00e9 de son double en chocolat. Grandeur nature et pesant 120 kg, la sculpture pr\u00f4ne depuis mars dans le mus\u00e9e consacr\u00e9 au footballeur, sur l\u2019archipel de Mad\u00e8re (P).<br>Sa r\u00e9alisation a n\u00e9cessit\u00e9 pas moins de 200 heures au chef chocolatier de Suard \u00e0 Givisiez (FR). Elle a d\u2019abord \u00e9t\u00e9 expos\u00e9e dans le canton de Fribourg puis au Portugal. M. Cardoso souhaitait la pr\u00e9senter aux habitants de sa ville natale, Ovar (P), durant carnaval. Il r\u00eavait \u00e9galement de la montrer au principal int\u00e9ress\u00e9.<\/p>\n\n\n\n<h2 class=\"wp-block-heading\" id=\"h-traversee-mouvementee\">Travers\u00e9e mouvement\u00e9e<\/h2>\n\n\n\n<p>Apr\u00e8s ces quatre jours de festivit\u00e9 et un passage sur des plateaux t\u00e9l\u00e9 \u00e0 Lisbonne, la pi\u00e8ce a rejoint Mad\u00e8re en bateau, \u00e0 l\u2019abri dans une chambre r\u00e9frig\u00e9r\u00e9e. Malgr\u00e9 toutes les pr\u00e9cautions, la travers\u00e9e a laiss\u00e9 des marques\u00a0: \u00ab\u00a0Une fois de plus, il y a eu de la casse au niveau des jambes\u00a0!\u00a0\u00bb Une autre surprise attend l\u2019artisan au moment de d\u00e9baller l\u2019\u0153uvre\u00a0: \u00ab\u00a0En raison des variations climatiques, elle \u00e9tait compl\u00e8tement humide. (\u2026) Il fallait la s\u00e9cher\u00a0; sans quoi, le chocolat allait blanchir.\u00a0\u00bb<br>Les r\u00e9parations et l\u2019ultime montage se d\u00e9roulent dans l\u2019\u00e9conomat du mus\u00e9e durant un jour et demi. Sur place, des membres de la famille de Ronaldo l\u2019accompagnent. \u00ab\u00a0J\u2019ai notamment eu d\u2019excellents contacts avec son fr\u00e8re, son cousin, et m\u00eame son oncle. Ils ont go\u00fbt\u00e9 du chocolat qu\u2019ils ont trouv\u00e9 incroyable.\u00a0\u00bb En revanche, le confiseur n\u2019a eu aucun contact avec le footballeur.<br>Jorge Cardoso a offert la sculpture au mus\u00e9e. \u00ab\u00a0J\u2019ai laiss\u00e9 quelques mat\u00e9riaux au cas o\u00f9 il faudrait r\u00e9parer quelque chose ou patiner des parties. Si c\u2019est plus grave, il faudra m\u2019appeler. (\u2026) Dans de bonnes conditions, le chocolat se garde longtemps.\u00a0\u00bb<br>Quant \u00e0 la photo mettant en sc\u00e8ne les deux CR7, elle a \u00e9t\u00e9 faite peu de temps apr\u00e8s le retour de l\u2019artisan en Suisse. \u00ab\u00a0C\u2019est son cousin qui me l\u2019a envoy\u00e9e. Il m\u2019a dit que Cristiano Ronaldo avait ador\u00e9 et qualifi\u00e9 la pi\u00e8ce de cinq \u00e9toiles\u00a0!\u00a0\u00bb, conclut-il ravi.<\/p>\n","protected":false},"excerpt":{"rendered":"<p>Depuis le mois de mars, le Cristiano Ronaldo en chocolat de Jorge Cardoso est expos\u00e9 au Museu CR7 \u00e0 Funchal (Mad\u00e8re, Portugal). La sculpture cr\u00e9\u00e9e dans le canton de Fribourg a eu le droit \u00e0 la visite de la star en personne. \u00ab&nbsp;J\u2019ai obtenu ce que je voulais&nbsp;\u00bb, l\u00e2che Jorge Cardoso en contemplant la photo de Cristiano Ronaldo au c\u00f4t\u00e9 [&hellip;]<\/p>\n","protected":false},"author":1,"featured_media":9735,"comment_status":"open","ping_status":"closed","sticky":false,"template":"","format":"standard","meta":{"_acf_changed":false,"footnotes":""},"categories":[45],"tags":[],"class_list":["post-9733","post","type-post","status-publish","format-standard","has-post-thumbnail","hentry","category-environnement-professionnel"],"acf":[],"yoast_head":"<!-- This site is optimized with the Yoast SEO Premium plugin v26.8 (Yoast SEO v26.8) - https:\/\/yoast.com\/product\/yoast-seo-premium-wordpress\/ -->\n<title>Une pi\u00e8ce cinq \u00e9toiles | SBC<\/title>\n<meta name=\"robots\" content=\"index, follow, max-snippet:-1, max-image-preview:large, max-video-preview:-1\" \/>\n<link rel=\"canonical\" href=\"https:\/\/swissbaker.ch\/fr\/panissimo-news\/une-piece-cinq-etoiles\/\" \/>\n<meta property=\"og:locale\" content=\"fr_FR\" \/>\n<meta property=\"og:type\" content=\"article\" \/>\n<meta property=\"og:title\" content=\"Une pi\u00e8ce cinq \u00e9toiles\" \/>\n<meta property=\"og:description\" content=\"Depuis le mois de mars, le Cristiano Ronaldo en chocolat de Jorge Cardoso est expos\u00e9 au Museu CR7 \u00e0 Funchal (Mad\u00e8re, Portugal). La sculpture cr\u00e9\u00e9e dans le canton de Fribourg a eu le droit \u00e0 la visite de la star en personne. \u00ab&nbsp;J\u2019ai obtenu ce que je voulais&nbsp;\u00bb, l\u00e2che Jorge Cardoso en contemplant la photo de Cristiano Ronaldo au c\u00f4t\u00e9 [&hellip;]\" \/>\n<meta property=\"og:url\" content=\"https:\/\/swissbaker.ch\/fr\/panissimo-news\/une-piece-cinq-etoiles\/\" \/>\n<meta property=\"og:site_name\" content=\"SBC\" \/>\n<meta property=\"article:publisher\" content=\"https:\/\/www.facebook.com\/swissbaker.ch\" \/>\n<meta property=\"article:published_time\" content=\"2020-05-20T13:22:00+00:00\" \/>\n<meta property=\"article:modified_time\" content=\"2022-05-12T13:23:13+00:00\" \/>\n<meta property=\"og:image\" content=\"https:\/\/swissbaker.ch\/wp-content\/uploads\/2022\/05\/10.2-cr7.jpg\" \/>\n\t<meta property=\"og:image:width\" content=\"800\" \/>\n\t<meta property=\"og:image:height\" content=\"474\" \/>\n\t<meta property=\"og:image:type\" content=\"image\/jpeg\" \/>\n<meta name=\"author\" content=\"azureart\" \/>\n<meta name=\"twitter:card\" content=\"summary_large_image\" \/>\n<meta name=\"twitter:creator\" content=\"@ch_swissbaker\" \/>\n<meta name=\"twitter:site\" content=\"@ch_swissbaker\" \/>\n<meta name=\"twitter:label1\" content=\"Written by\" \/>\n\t<meta name=\"twitter:data1\" content=\"azureart\" \/>\n\t<meta name=\"twitter:label2\" content=\"Est. reading time\" \/>\n\t<meta name=\"twitter:data2\" content=\"3 minutes\" \/>\n<script type=\"application\/ld+json\" class=\"yoast-schema-graph\">{\"@context\":\"https:\/\/schema.org\",\"@graph\":[{\"@type\":\"Article\",\"@id\":\"https:\/\/swissbaker.ch\/fr\/panissimo-news\/une-piece-cinq-etoiles\/#article\",\"isPartOf\":{\"@id\":\"https:\/\/swissbaker.ch\/fr\/panissimo-news\/une-piece-cinq-etoiles\/\"},\"author\":{\"name\":\"azureart\",\"@id\":\"https:\/\/swissbaker.ch\/fr\/#\/schema\/person\/058ac47619f7da53df62aba60f939b78\"},\"headline\":\"Une pi\u00e8ce cinq \u00e9toiles\",\"datePublished\":\"2020-05-20T13:22:00+00:00\",\"dateModified\":\"2022-05-12T13:23:13+00:00\",\"mainEntityOfPage\":{\"@id\":\"https:\/\/swissbaker.ch\/fr\/panissimo-news\/une-piece-cinq-etoiles\/\"},\"wordCount\":432,\"commentCount\":0,\"publisher\":{\"@id\":\"https:\/\/swissbaker.ch\/fr\/#organization\"},\"image\":{\"@id\":\"https:\/\/swissbaker.ch\/fr\/panissimo-news\/une-piece-cinq-etoiles\/#primaryimage\"},\"thumbnailUrl\":\"https:\/\/swissbaker.ch\/wp-content\/uploads\/2022\/05\/10.2-cr7.jpg\",\"articleSection\":[\"Environnement professionnel\"],\"inLanguage\":\"fr-FR\",\"potentialAction\":[{\"@type\":\"CommentAction\",\"name\":\"Comment\",\"target\":[\"https:\/\/swissbaker.ch\/fr\/panissimo-news\/une-piece-cinq-etoiles\/#respond\"]}]},{\"@type\":\"WebPage\",\"@id\":\"https:\/\/swissbaker.ch\/fr\/panissimo-news\/une-piece-cinq-etoiles\/\",\"url\":\"https:\/\/swissbaker.ch\/fr\/panissimo-news\/une-piece-cinq-etoiles\/\",\"name\":\"Une pi\u00e8ce cinq \u00e9toiles | SBC\",\"isPartOf\":{\"@id\":\"https:\/\/swissbaker.ch\/fr\/#website\"},\"primaryImageOfPage\":{\"@id\":\"https:\/\/swissbaker.ch\/fr\/panissimo-news\/une-piece-cinq-etoiles\/#primaryimage\"},\"image\":{\"@id\":\"https:\/\/swissbaker.ch\/fr\/panissimo-news\/une-piece-cinq-etoiles\/#primaryimage\"},\"thumbnailUrl\":\"https:\/\/swissbaker.ch\/wp-content\/uploads\/2022\/05\/10.2-cr7.jpg\",\"datePublished\":\"2020-05-20T13:22:00+00:00\",\"dateModified\":\"2022-05-12T13:23:13+00:00\",\"breadcrumb\":{\"@id\":\"https:\/\/swissbaker.ch\/fr\/panissimo-news\/une-piece-cinq-etoiles\/#breadcrumb\"},\"inLanguage\":\"fr-FR\",\"potentialAction\":[{\"@type\":\"ReadAction\",\"target\":[\"https:\/\/swissbaker.ch\/fr\/panissimo-news\/une-piece-cinq-etoiles\/\"]}]},{\"@type\":\"ImageObject\",\"inLanguage\":\"fr-FR\",\"@id\":\"https:\/\/swissbaker.ch\/fr\/panissimo-news\/une-piece-cinq-etoiles\/#primaryimage\",\"url\":\"https:\/\/swissbaker.ch\/wp-content\/uploads\/2022\/05\/10.2-cr7.jpg\",\"contentUrl\":\"https:\/\/swissbaker.ch\/wp-content\/uploads\/2022\/05\/10.2-cr7.jpg\",\"width\":800,\"height\":474,\"caption\":\"Une pi\u00e8ce cinq \u00e9toiles\"},{\"@type\":\"BreadcrumbList\",\"@id\":\"https:\/\/swissbaker.ch\/fr\/panissimo-news\/une-piece-cinq-etoiles\/#breadcrumb\",\"itemListElement\":[{\"@type\":\"ListItem\",\"position\":1,\"name\":\"\",\"item\":\"https:\/\/swissbaker.ch\/fr\/\"},{\"@type\":\"ListItem\",\"position\":2,\"name\":\"Environnement professionnel\",\"item\":\"https:\/\/swissbaker.ch\/fr\/panissimo-news\/category\/environnement-professionnel\/\"},{\"@type\":\"ListItem\",\"position\":3,\"name\":\"Une pi\u00e8ce cinq \u00e9toiles\"}]},{\"@type\":\"WebSite\",\"@id\":\"https:\/\/swissbaker.ch\/fr\/#website\",\"url\":\"https:\/\/swissbaker.ch\/fr\/\",\"name\":\"SBC\",\"description\":\"\",\"publisher\":{\"@id\":\"https:\/\/swissbaker.ch\/fr\/#organization\"},\"potentialAction\":[{\"@type\":\"SearchAction\",\"target\":{\"@type\":\"EntryPoint\",\"urlTemplate\":\"https:\/\/swissbaker.ch\/fr\/?s={search_term_string}\"},\"query-input\":{\"@type\":\"PropertyValueSpecification\",\"valueRequired\":true,\"valueName\":\"search_term_string\"}}],\"inLanguage\":\"fr-FR\"},{\"@type\":\"Organization\",\"@id\":\"https:\/\/swissbaker.ch\/fr\/#organization\",\"name\":\"Schweizerischer B\u00e4cker-Confiseurmeister-Verband\",\"url\":\"https:\/\/swissbaker.ch\/fr\/\",\"logo\":{\"@type\":\"ImageObject\",\"inLanguage\":\"fr-FR\",\"@id\":\"https:\/\/swissbaker.ch\/fr\/#\/schema\/logo\/image\/\",\"url\":\"https:\/\/swissbaker.ch\/wp-content\/uploads\/2022\/04\/sbc-logo-yoast.jpg\",\"contentUrl\":\"https:\/\/swissbaker.ch\/wp-content\/uploads\/2022\/04\/sbc-logo-yoast.jpg\",\"width\":512,\"height\":512,\"caption\":\"Schweizerischer B\u00e4cker-Confiseurmeister-Verband\"},\"image\":{\"@id\":\"https:\/\/swissbaker.ch\/fr\/#\/schema\/logo\/image\/\"},\"sameAs\":[\"https:\/\/www.facebook.com\/swissbaker.ch\",\"https:\/\/x.com\/ch_swissbaker\"]},{\"@type\":\"Person\",\"@id\":\"https:\/\/swissbaker.ch\/fr\/#\/schema\/person\/058ac47619f7da53df62aba60f939b78\",\"name\":\"azureart\",\"image\":{\"@type\":\"ImageObject\",\"inLanguage\":\"fr-FR\",\"@id\":\"https:\/\/swissbaker.ch\/fr\/#\/schema\/person\/image\/\",\"url\":\"https:\/\/secure.gravatar.com\/avatar\/be04dd3098fd612c83067af4f7a295384c93cb6a9112f51beb9d2f477d25da61?s=96&d=mm&r=g\",\"contentUrl\":\"https:\/\/secure.gravatar.com\/avatar\/be04dd3098fd612c83067af4f7a295384c93cb6a9112f51beb9d2f477d25da61?s=96&d=mm&r=g\",\"caption\":\"azureart\"},\"sameAs\":[\"https:\/\/swissbaker.ch\"],\"url\":\"https:\/\/swissbaker.ch\/fr\/panissimo-news\/author\/pixel-ahoi\/\"}]}<\/script>\n<!-- \/ Yoast SEO Premium plugin. -->","yoast_head_json":{"title":"Une pi\u00e8ce cinq \u00e9toiles | SBC","robots":{"index":"index","follow":"follow","max-snippet":"max-snippet:-1","max-image-preview":"max-image-preview:large","max-video-preview":"max-video-preview:-1"},"canonical":"https:\/\/swissbaker.ch\/fr\/panissimo-news\/une-piece-cinq-etoiles\/","og_locale":"fr_FR","og_type":"article","og_title":"Une pi\u00e8ce cinq \u00e9toiles","og_description":"Depuis le mois de mars, le Cristiano Ronaldo en chocolat de Jorge Cardoso est expos\u00e9 au Museu CR7 \u00e0 Funchal (Mad\u00e8re, Portugal). La sculpture cr\u00e9\u00e9e dans le canton de Fribourg a eu le droit \u00e0 la visite de la star en personne. \u00ab&nbsp;J\u2019ai obtenu ce que je voulais&nbsp;\u00bb, l\u00e2che Jorge Cardoso en contemplant la photo de Cristiano Ronaldo au c\u00f4t\u00e9 [&hellip;]","og_url":"https:\/\/swissbaker.ch\/fr\/panissimo-news\/une-piece-cinq-etoiles\/","og_site_name":"SBC","article_publisher":"https:\/\/www.facebook.com\/swissbaker.ch","article_published_time":"2020-05-20T13:22:00+00:00","article_modified_time":"2022-05-12T13:23:13+00:00","og_image":[{"width":800,"height":474,"url":"https:\/\/swissbaker.ch\/wp-content\/uploads\/2022\/05\/10.2-cr7.jpg","type":"image\/jpeg"}],"author":"azureart","twitter_card":"summary_large_image","twitter_creator":"@ch_swissbaker","twitter_site":"@ch_swissbaker","twitter_misc":{"Written by":"azureart","Est. reading time":"3 minutes"},"schema":{"@context":"https:\/\/schema.org","@graph":[{"@type":"Article","@id":"https:\/\/swissbaker.ch\/fr\/panissimo-news\/une-piece-cinq-etoiles\/#article","isPartOf":{"@id":"https:\/\/swissbaker.ch\/fr\/panissimo-news\/une-piece-cinq-etoiles\/"},"author":{"name":"azureart","@id":"https:\/\/swissbaker.ch\/fr\/#\/schema\/person\/058ac47619f7da53df62aba60f939b78"},"headline":"Une pi\u00e8ce cinq \u00e9toiles","datePublished":"2020-05-20T13:22:00+00:00","dateModified":"2022-05-12T13:23:13+00:00","mainEntityOfPage":{"@id":"https:\/\/swissbaker.ch\/fr\/panissimo-news\/une-piece-cinq-etoiles\/"},"wordCount":432,"commentCount":0,"publisher":{"@id":"https:\/\/swissbaker.ch\/fr\/#organization"},"image":{"@id":"https:\/\/swissbaker.ch\/fr\/panissimo-news\/une-piece-cinq-etoiles\/#primaryimage"},"thumbnailUrl":"https:\/\/swissbaker.ch\/wp-content\/uploads\/2022\/05\/10.2-cr7.jpg","articleSection":["Environnement professionnel"],"inLanguage":"fr-FR","potentialAction":[{"@type":"CommentAction","name":"Comment","target":["https:\/\/swissbaker.ch\/fr\/panissimo-news\/une-piece-cinq-etoiles\/#respond"]}]},{"@type":"WebPage","@id":"https:\/\/swissbaker.ch\/fr\/panissimo-news\/une-piece-cinq-etoiles\/","url":"https:\/\/swissbaker.ch\/fr\/panissimo-news\/une-piece-cinq-etoiles\/","name":"Une pi\u00e8ce cinq \u00e9toiles | SBC","isPartOf":{"@id":"https:\/\/swissbaker.ch\/fr\/#website"},"primaryImageOfPage":{"@id":"https:\/\/swissbaker.ch\/fr\/panissimo-news\/une-piece-cinq-etoiles\/#primaryimage"},"image":{"@id":"https:\/\/swissbaker.ch\/fr\/panissimo-news\/une-piece-cinq-etoiles\/#primaryimage"},"thumbnailUrl":"https:\/\/swissbaker.ch\/wp-content\/uploads\/2022\/05\/10.2-cr7.jpg","datePublished":"2020-05-20T13:22:00+00:00","dateModified":"2022-05-12T13:23:13+00:00","breadcrumb":{"@id":"https:\/\/swissbaker.ch\/fr\/panissimo-news\/une-piece-cinq-etoiles\/#breadcrumb"},"inLanguage":"fr-FR","potentialAction":[{"@type":"ReadAction","target":["https:\/\/swissbaker.ch\/fr\/panissimo-news\/une-piece-cinq-etoiles\/"]}]},{"@type":"ImageObject","inLanguage":"fr-FR","@id":"https:\/\/swissbaker.ch\/fr\/panissimo-news\/une-piece-cinq-etoiles\/#primaryimage","url":"https:\/\/swissbaker.ch\/wp-content\/uploads\/2022\/05\/10.2-cr7.jpg","contentUrl":"https:\/\/swissbaker.ch\/wp-content\/uploads\/2022\/05\/10.2-cr7.jpg","width":800,"height":474,"caption":"Une pi\u00e8ce cinq \u00e9toiles"},{"@type":"BreadcrumbList","@id":"https:\/\/swissbaker.ch\/fr\/panissimo-news\/une-piece-cinq-etoiles\/#breadcrumb","itemListElement":[{"@type":"ListItem","position":1,"name":"","item":"https:\/\/swissbaker.ch\/fr\/"},{"@type":"ListItem","position":2,"name":"Environnement professionnel","item":"https:\/\/swissbaker.ch\/fr\/panissimo-news\/category\/environnement-professionnel\/"},{"@type":"ListItem","position":3,"name":"Une pi\u00e8ce cinq \u00e9toiles"}]},{"@type":"WebSite","@id":"https:\/\/swissbaker.ch\/fr\/#website","url":"https:\/\/swissbaker.ch\/fr\/","name":"SBC","description":"","publisher":{"@id":"https:\/\/swissbaker.ch\/fr\/#organization"},"potentialAction":[{"@type":"SearchAction","target":{"@type":"EntryPoint","urlTemplate":"https:\/\/swissbaker.ch\/fr\/?s={search_term_string}"},"query-input":{"@type":"PropertyValueSpecification","valueRequired":true,"valueName":"search_term_string"}}],"inLanguage":"fr-FR"},{"@type":"Organization","@id":"https:\/\/swissbaker.ch\/fr\/#organization","name":"Schweizerischer B\u00e4cker-Confiseurmeister-Verband","url":"https:\/\/swissbaker.ch\/fr\/","logo":{"@type":"ImageObject","inLanguage":"fr-FR","@id":"https:\/\/swissbaker.ch\/fr\/#\/schema\/logo\/image\/","url":"https:\/\/swissbaker.ch\/wp-content\/uploads\/2022\/04\/sbc-logo-yoast.jpg","contentUrl":"https:\/\/swissbaker.ch\/wp-content\/uploads\/2022\/04\/sbc-logo-yoast.jpg","width":512,"height":512,"caption":"Schweizerischer B\u00e4cker-Confiseurmeister-Verband"},"image":{"@id":"https:\/\/swissbaker.ch\/fr\/#\/schema\/logo\/image\/"},"sameAs":["https:\/\/www.facebook.com\/swissbaker.ch","https:\/\/x.com\/ch_swissbaker"]},{"@type":"Person","@id":"https:\/\/swissbaker.ch\/fr\/#\/schema\/person\/058ac47619f7da53df62aba60f939b78","name":"azureart","image":{"@type":"ImageObject","inLanguage":"fr-FR","@id":"https:\/\/swissbaker.ch\/fr\/#\/schema\/person\/image\/","url":"https:\/\/secure.gravatar.com\/avatar\/be04dd3098fd612c83067af4f7a295384c93cb6a9112f51beb9d2f477d25da61?s=96&d=mm&r=g","contentUrl":"https:\/\/secure.gravatar.com\/avatar\/be04dd3098fd612c83067af4f7a295384c93cb6a9112f51beb9d2f477d25da61?s=96&d=mm&r=g","caption":"azureart"},"sameAs":["https:\/\/swissbaker.ch"],"url":"https:\/\/swissbaker.ch\/fr\/panissimo-news\/author\/pixel-ahoi\/"}]}},"_links":{"self":[{"href":"https:\/\/swissbaker.ch\/fr\/wp-json\/wp\/v2\/posts\/9733","targetHints":{"allow":["GET"]}}],"collection":[{"href":"https:\/\/swissbaker.ch\/fr\/wp-json\/wp\/v2\/posts"}],"about":[{"href":"https:\/\/swissbaker.ch\/fr\/wp-json\/wp\/v2\/types\/post"}],"author":[{"embeddable":true,"href":"https:\/\/swissbaker.ch\/fr\/wp-json\/wp\/v2\/users\/1"}],"replies":[{"embeddable":true,"href":"https:\/\/swissbaker.ch\/fr\/wp-json\/wp\/v2\/comments?post=9733"}],"version-history":[{"count":0,"href":"https:\/\/swissbaker.ch\/fr\/wp-json\/wp\/v2\/posts\/9733\/revisions"}],"wp:featuredmedia":[{"embeddable":true,"href":"https:\/\/swissbaker.ch\/fr\/wp-json\/wp\/v2\/media\/9735"}],"wp:attachment":[{"href":"https:\/\/swissbaker.ch\/fr\/wp-json\/wp\/v2\/media?parent=9733"}],"wp:term":[{"taxonomy":"category","embeddable":true,"href":"https:\/\/swissbaker.ch\/fr\/wp-json\/wp\/v2\/categories?post=9733"},{"taxonomy":"post_tag","embeddable":true,"href":"https:\/\/swissbaker.ch\/fr\/wp-json\/wp\/v2\/tags?post=9733"}],"curies":[{"name":"wp","href":"https:\/\/api.w.org\/{rel}","templated":true}]}}