{"id":9724,"date":"2020-05-28T13:55:00","date_gmt":"2020-05-28T11:55:00","guid":{"rendered":"https:\/\/swissbaker.ch\/?p=9724"},"modified":"2022-05-12T15:18:40","modified_gmt":"2022-05-12T13:18:40","slug":"nous-saluons-la-poursuite-de-louverture","status":"publish","type":"post","link":"https:\/\/swissbaker.ch\/fr\/panissimo-news\/nous-saluons-la-poursuite-de-louverture\/","title":{"rendered":"Nous saluons la poursuite de l\u2019ouverture"},"content":{"rendered":"\n<p><strong>Les boulangers-confiseurs suisses saluent la d\u00e9cision du Conseil f\u00e9d\u00e9ral de rouvrir dans une large mesure l\u2019\u00e9conomie et la soci\u00e9t\u00e9. Le sc\u00e9nario le plus dommageable pour l\u2019\u00e9conomie et la soci\u00e9t\u00e9, \u00e0 savoir un reconfinement, doit maintenant \u00eatre \u00e9vit\u00e9 \u00e0 tout prix.<\/strong><\/p>\n\n\n\n<p>C\u2019est le seul moyen pour l\u2019\u00e9conomie suisse de revenir \u00e0 une certaine normalit\u00e9 au second semestre. Les r\u00e8gles de distance, l\u2019hygi\u00e8ne des mains, le port du masque en fonction de la situation et l\u2019information des contacts des personnes infect\u00e9es sont autant de mesures qui devraient permettre d\u2019\u00e9viter une deuxi\u00e8me vague de coronavirus. L\u2019\u00e9conomie doit \u00eatre prot\u00e9g\u00e9e contre l\u2019introduction de charges suppl\u00e9mentaires, notamment l\u2019augmentation des cotisations salariales dans le cadre de l\u2019assainissement des assurances sociales.<br>Ce 27 mai, les conseillers f\u00e9d\u00e9raux ont \u00e9voqu\u00e9 \u00e0 plusieurs reprises la \u00abnouvelle normalit\u00e9\u00bb. Aussi positives que soient les nouvelles pour la vie sociale et les entreprises dans ce domaine, on ne peut pas parler de normalit\u00e9. Parler de \u00abnouvelle normalit\u00e9\u00bb revient soit \u00e0 m\u00e9conna\u00eetre la situation tr\u00e8s s\u00e9rieuse pour l\u2019\u00e9conomie, soit \u00e0 annoncer des temps nouveaux d\u2019un point de vue id\u00e9ologique. La situation reste tr\u00e8s s\u00e9rieuse pour beaucoup: les entreprises luttent pour leur survie, lorsqu\u2019elles n\u2019ont pas d\u00e9j\u00e0 fait faillite, les gens sont au ch\u00f4mage partiel, lorsqu\u2019ils ne sont pas d\u00e9j\u00e0 au ch\u00f4mage tout court. Il faut d\u00e9sormais veiller \u00e0 ce que la libert\u00e9 et l\u2019\u00e9conomie de march\u00e9 ne soient pas confront\u00e9es \u00e0 une crise induite par le virus.<br><br><strong>Le Conseil f\u00e9d\u00e9ral a d\u00e9cid\u00e9 de mettre fin \u00e0 la \u00absituation extraordinaire\u00bb le 19 juin \u2013 la \u00absituation particuli\u00e8re\u00bb restant en vigueur.<\/strong><br>Les rassemblements jusqu\u2019\u00e0 30 personnes seront \u00e0 nouveau autoris\u00e9s d\u00e8s le 30 mai. Il sera \u00e9galement \u00e0 nouveau possible d\u2019organiser des manifestations r\u00e9unissant jusqu\u2019\u00e0 300 personnes d\u00e8s le 6 juin. Cela concerne les r\u00e9unions familiales, les concerts, les s\u00e9ances de cin\u00e9ma, mais aussi les rassemblements politiques et de la soci\u00e9t\u00e9 civile.<br><br><strong>\u00c0 partir du 6 juin, la limitation des groupes \u00e0 quatre personnes dans les caf\u00e9s et les restaurants sera lev\u00e9e.<\/strong><br>Les \u00e9tablissements devront garantir la possibilit\u00e9 de retracer les contacts en collectant les donn\u00e9es d\u2019un client par table pour chaque groupe de plus de quatre personnes. Les consommations et les repas continueront \u00e0 \u00eatre exclusivement pris \u00e0 table. Concr\u00e8tement, cela signifie pour notre secteur que l\u2019enregistrement des noms et des num\u00e9ros de t\u00e9l\u00e9phone des clients des restaurants\/caf\u00e9s reste facultatif jusqu\u2019\u00e0 quatre personnes.<br>Les entreprises de boulangerie et de confiserie proposant du catering, pour une f\u00eate de mariage (r\u00e9unissant 300 personnes au maximum) par exemple, devront attirer l\u2019attention des clients sur l\u2019importance des r\u00e8gles d\u2019hygi\u00e8ne et de distance aux buffets. Les tables debout \u00e0 l\u2019ap\u00e9ritif pourront se justifier dans des soci\u00e9t\u00e9s ferm\u00e9es, l\u2019h\u00f4te connaissant personnellement les invit\u00e9s. Les coordonn\u00e9es devront obligatoirement \u00eatre enregistr\u00e9es.<br><br><strong>Les plans de protection seront l\u00e9g\u00e8rement adapt\u00e9s<\/strong>&nbsp;<br>Les plans de protection de la restauration, de la boulangerie-confiserie (avec ou sans caf\u00e9 ) et de la Conf\u00e9d\u00e9ration sur<a href=\"https:\/\/service.swissbaker.ch\/sbcpub\/fr\/home.html\" target=\"_blank\" rel=\"noreferrer noopener\">&nbsp;la plate-forme MSST de la BCS<\/a>&nbsp;seront adapt\u00e9s sur la base de la nouvelle situation pr\u00e9sent\u00e9e par le Conseil f\u00e9d\u00e9ral mercredi dernier. Il s\u2019agit d\u2019une modification mineure que nous apporterons et mettrons en ligne d\u2019ici au d\u00e9but de la semaine prochaine.<br><br><strong>Tra\u00e7age des contacts ou distance<\/strong><br>Le Conseil f\u00e9d\u00e9ral a d\u00e9cid\u00e9 un large assouplissement des mesures \u00e0 compter du 6 juin 2020. \u00c0 une condition: des plans de protection doivent \u00eatre appliqu\u00e9s pour tous les \u00e9tablissements et manifestations concern\u00e9s. Les r\u00e8gles d\u2019hygi\u00e8ne et de distance restent imp\u00e9ratives. Si les r\u00e8gles de distance ne peuvent pas \u00eatre respect\u00e9es, il faut garantir la possibilit\u00e9 de retracer les contacts personnels rapproch\u00e9s en cas d\u2019infection, par exemple en \u00e9tablissant des listes de pr\u00e9sence.<br><br><strong>Tourisme d\u2019achat<\/strong><br>La libert\u00e9 de voyager dans&nbsp;<strong>l\u2019espace Schengen devrait \u00eatre r\u00e9tablie le 6 juillet<\/strong>, \u00e0 condition que la situation \u00e9pid\u00e9mique le permette. Comme annonc\u00e9, les contr\u00f4les aux fronti\u00e8res entre l\u2019Allemagne, l\u2019Autriche et la France devraient \u00eatre supprim\u00e9s le&nbsp;<strong>15 juin<\/strong>&nbsp;d\u00e9j\u00e0. Cela signifie \u00e9galement que nous devons nous attendre \u00e0 ce que le tourisme d\u2018achat reprenne \u00e0 partir de cette date.<br><br><strong>Campagne \u00abacheter local\u00bb<\/strong><br>Pr\u00e9cis\u00e9ment maintenant, il est donc important de participer \u00e0 la campagne d\u2019affichage de la BCS relay\u00e9e sur les r\u00e9seaux sociaux, qui pr\u00e9conise d\u2019acheter local. Mettez \u00e0 profit cette p\u00e9riode pour promouvoir les produits et les commerces r\u00e9gionaux.<br><strong><a href=\"https:\/\/www.swissbaker.ch\/fr\/la-bcs\/marketingcommunication\/instruments-marketing\/acheter-local-affiches-de-remerciement\/\" target=\"_blank\" rel=\"noreferrer noopener\">Affiches \u00e0 t\u00e9l\u00e9charger<\/a><\/strong><\/p>\n\n\n\n<p><br><strong>Indemnit\u00e9 en cas de r\u00e9duction de l\u2019horaire de travail: adaptations<\/strong>&nbsp;<br>Le droit extraordinaire \u00e0 la r\u00e9duction de l\u2019horaire de travail sera supprim\u00e9 au terme du mois de mai 2020 pour:<\/p>\n\n\n\n<ul class=\"wp-block-list\"><li><strong>les conjoints ou partenaires enregistr\u00e9s des employeurs;<\/strong><\/li><li><strong>les personnes qui occupent une position assimilable \u00e0 celle d\u2019un employeur<\/strong>&nbsp;(associ\u00e9s, membres d\u2019un organe dirigeant de l\u2019entreprise ou d\u00e9tenteur d\u2019une participation financi\u00e8re \u00e0 l\u2019entreprise)&nbsp;<strong>et les conjoints ou partenaires enregistr\u00e9s de ces personnes, occup\u00e9s dans l\u2019entreprise<\/strong>, et<\/li><li><strong>les apprentis.<\/strong>&nbsp;<\/li><\/ul>\n\n\n\n<p>A partir de juin 2020, lesdites personnes ne devront \u00eatre prises en compte ni comme travailleurs ayants droit ni comme travailleurs concern\u00e9s. Les partenaires sociaux continuent \u00e0 faire pression en la mati\u00e8re, en vue d\u2019obtenir une prolongation notamment pour les personnes qui occupent une position assimilable \u00e0 celle d\u2019un employeur. Nous tenons \u00e0 relever ici qu\u2019un nouvel ajustement pourrait intervenir en la mati\u00e8re.<br><br><strong>Le d\u00e9lai de pr\u00e9avis de 10 jours<\/strong>&nbsp;sera r\u00e9introduit \u00e0 partir de juin 2020 \u00e9galement. Les entreprises pour lesquelles la r\u00e9duction de l\u2019horaire de travail n\u2019a pas encore \u00e9t\u00e9 approuv\u00e9e doivent respecter ce d\u00e9lai.<\/p>\n\n\n\n<p><strong><a href=\"https:\/\/www.seco.admin.ch\/seco\/fr\/home\/Arbeit\/neues_coronavirus\/kurzarbeit.html\" target=\"_blank\" rel=\"noreferrer noopener\">Secr\u00e9tariat d&#8217;Etat \u00e0 l&#8217;\u00e9conomie SECO<\/a><\/strong><br><br>Pour m\u00e9moire, l\u2019allocation pour perte de gain en cas de coronavirus pour les ind\u00e9pendants devient caduque apr\u00e8s le 16 mai 2020.<br>&nbsp;<\/p>\n","protected":false},"excerpt":{"rendered":"<p>Les boulangers-confiseurs suisses saluent la d\u00e9cision du Conseil f\u00e9d\u00e9ral de rouvrir dans une large mesure l\u2019\u00e9conomie et la soci\u00e9t\u00e9. Le sc\u00e9nario le plus dommageable pour l\u2019\u00e9conomie et la soci\u00e9t\u00e9, \u00e0 savoir un reconfinement, doit maintenant \u00eatre \u00e9vit\u00e9 \u00e0 tout prix. C\u2019est le seul moyen pour l\u2019\u00e9conomie suisse de revenir \u00e0 une certaine normalit\u00e9 au second semestre. Les r\u00e8gles de distance, [&hellip;]<\/p>\n","protected":false},"author":1,"featured_media":5806,"comment_status":"open","ping_status":"closed","sticky":false,"template":"","format":"standard","meta":{"_acf_changed":false,"footnotes":""},"categories":[44,49],"tags":[],"class_list":["post-9724","post","type-post","status-publish","format-standard","has-post-thumbnail","hentry","category-droit-politique","category-sante-securite"],"acf":[],"yoast_head":"<!-- This site is optimized with the Yoast SEO Premium plugin v26.8 (Yoast SEO v26.8) - https:\/\/yoast.com\/product\/yoast-seo-premium-wordpress\/ -->\n<title>Nous saluons la poursuite de l\u2019ouverture | SBC<\/title>\n<meta name=\"robots\" content=\"index, follow, max-snippet:-1, max-image-preview:large, max-video-preview:-1\" \/>\n<link rel=\"canonical\" href=\"https:\/\/swissbaker.ch\/fr\/panissimo-news\/nous-saluons-la-poursuite-de-louverture\/\" \/>\n<meta property=\"og:locale\" content=\"fr_FR\" \/>\n<meta property=\"og:type\" content=\"article\" \/>\n<meta property=\"og:title\" content=\"Nous saluons la poursuite de l\u2019ouverture\" \/>\n<meta property=\"og:description\" content=\"Les boulangers-confiseurs suisses saluent la d\u00e9cision du Conseil f\u00e9d\u00e9ral de rouvrir dans une large mesure l\u2019\u00e9conomie et la soci\u00e9t\u00e9. Le sc\u00e9nario le plus dommageable pour l\u2019\u00e9conomie et la soci\u00e9t\u00e9, \u00e0 savoir un reconfinement, doit maintenant \u00eatre \u00e9vit\u00e9 \u00e0 tout prix. C\u2019est le seul moyen pour l\u2019\u00e9conomie suisse de revenir \u00e0 une certaine normalit\u00e9 au second semestre. Les r\u00e8gles de distance, [&hellip;]\" \/>\n<meta property=\"og:url\" content=\"https:\/\/swissbaker.ch\/fr\/panissimo-news\/nous-saluons-la-poursuite-de-louverture\/\" \/>\n<meta property=\"og:site_name\" content=\"SBC\" \/>\n<meta property=\"article:publisher\" content=\"https:\/\/www.facebook.com\/swissbaker.ch\" \/>\n<meta property=\"article:published_time\" content=\"2020-05-28T11:55:00+00:00\" \/>\n<meta property=\"article:modified_time\" content=\"2022-05-12T13:18:40+00:00\" \/>\n<meta property=\"og:image\" content=\"https:\/\/swissbaker.ch\/wp-content\/uploads\/2022\/03\/12_lockdown_wieder_erlaubt.jpeg\" \/>\n\t<meta property=\"og:image:width\" content=\"800\" \/>\n\t<meta property=\"og:image:height\" content=\"474\" \/>\n\t<meta property=\"og:image:type\" content=\"image\/jpeg\" \/>\n<meta name=\"author\" content=\"azureart\" \/>\n<meta name=\"twitter:card\" content=\"summary_large_image\" \/>\n<meta name=\"twitter:creator\" content=\"@ch_swissbaker\" \/>\n<meta name=\"twitter:site\" content=\"@ch_swissbaker\" \/>\n<meta name=\"twitter:label1\" content=\"Written by\" \/>\n\t<meta name=\"twitter:data1\" content=\"azureart\" \/>\n\t<meta name=\"twitter:label2\" content=\"Est. reading time\" \/>\n\t<meta name=\"twitter:data2\" content=\"6 minutes\" \/>\n<script type=\"application\/ld+json\" class=\"yoast-schema-graph\">{\"@context\":\"https:\/\/schema.org\",\"@graph\":[{\"@type\":\"Article\",\"@id\":\"https:\/\/swissbaker.ch\/fr\/panissimo-news\/nous-saluons-la-poursuite-de-louverture\/#article\",\"isPartOf\":{\"@id\":\"https:\/\/swissbaker.ch\/fr\/panissimo-news\/nous-saluons-la-poursuite-de-louverture\/\"},\"author\":{\"name\":\"azureart\",\"@id\":\"https:\/\/swissbaker.ch\/fr\/#\/schema\/person\/058ac47619f7da53df62aba60f939b78\"},\"headline\":\"Nous saluons la poursuite de l\u2019ouverture\",\"datePublished\":\"2020-05-28T11:55:00+00:00\",\"dateModified\":\"2022-05-12T13:18:40+00:00\",\"mainEntityOfPage\":{\"@id\":\"https:\/\/swissbaker.ch\/fr\/panissimo-news\/nous-saluons-la-poursuite-de-louverture\/\"},\"wordCount\":1041,\"commentCount\":0,\"publisher\":{\"@id\":\"https:\/\/swissbaker.ch\/fr\/#organization\"},\"image\":{\"@id\":\"https:\/\/swissbaker.ch\/fr\/panissimo-news\/nous-saluons-la-poursuite-de-louverture\/#primaryimage\"},\"thumbnailUrl\":\"https:\/\/swissbaker.ch\/wp-content\/uploads\/2022\/03\/12_lockdown_wieder_erlaubt.jpeg\",\"articleSection\":[\"Droit &amp; politique\",\"Sant\u00e9\/S\u00e9curit\u00e9\"],\"inLanguage\":\"fr-FR\",\"potentialAction\":[{\"@type\":\"CommentAction\",\"name\":\"Comment\",\"target\":[\"https:\/\/swissbaker.ch\/fr\/panissimo-news\/nous-saluons-la-poursuite-de-louverture\/#respond\"]}]},{\"@type\":\"WebPage\",\"@id\":\"https:\/\/swissbaker.ch\/fr\/panissimo-news\/nous-saluons-la-poursuite-de-louverture\/\",\"url\":\"https:\/\/swissbaker.ch\/fr\/panissimo-news\/nous-saluons-la-poursuite-de-louverture\/\",\"name\":\"Nous saluons la poursuite de l\u2019ouverture | SBC\",\"isPartOf\":{\"@id\":\"https:\/\/swissbaker.ch\/fr\/#website\"},\"primaryImageOfPage\":{\"@id\":\"https:\/\/swissbaker.ch\/fr\/panissimo-news\/nous-saluons-la-poursuite-de-louverture\/#primaryimage\"},\"image\":{\"@id\":\"https:\/\/swissbaker.ch\/fr\/panissimo-news\/nous-saluons-la-poursuite-de-louverture\/#primaryimage\"},\"thumbnailUrl\":\"https:\/\/swissbaker.ch\/wp-content\/uploads\/2022\/03\/12_lockdown_wieder_erlaubt.jpeg\",\"datePublished\":\"2020-05-28T11:55:00+00:00\",\"dateModified\":\"2022-05-12T13:18:40+00:00\",\"breadcrumb\":{\"@id\":\"https:\/\/swissbaker.ch\/fr\/panissimo-news\/nous-saluons-la-poursuite-de-louverture\/#breadcrumb\"},\"inLanguage\":\"fr-FR\",\"potentialAction\":[{\"@type\":\"ReadAction\",\"target\":[\"https:\/\/swissbaker.ch\/fr\/panissimo-news\/nous-saluons-la-poursuite-de-louverture\/\"]}]},{\"@type\":\"ImageObject\",\"inLanguage\":\"fr-FR\",\"@id\":\"https:\/\/swissbaker.ch\/fr\/panissimo-news\/nous-saluons-la-poursuite-de-louverture\/#primaryimage\",\"url\":\"https:\/\/swissbaker.ch\/wp-content\/uploads\/2022\/03\/12_lockdown_wieder_erlaubt.jpeg\",\"contentUrl\":\"https:\/\/swissbaker.ch\/wp-content\/uploads\/2022\/03\/12_lockdown_wieder_erlaubt.jpeg\",\"width\":800,\"height\":474,\"caption\":\"Nous saluons la poursuite de l\u2019ouverture\"},{\"@type\":\"BreadcrumbList\",\"@id\":\"https:\/\/swissbaker.ch\/fr\/panissimo-news\/nous-saluons-la-poursuite-de-louverture\/#breadcrumb\",\"itemListElement\":[{\"@type\":\"ListItem\",\"position\":1,\"name\":\"\",\"item\":\"https:\/\/swissbaker.ch\/fr\/\"},{\"@type\":\"ListItem\",\"position\":2,\"name\":\"Droit &amp; politique\",\"item\":\"https:\/\/swissbaker.ch\/fr\/panissimo-news\/category\/droit-politique\/\"},{\"@type\":\"ListItem\",\"position\":3,\"name\":\"Nous saluons la poursuite de l\u2019ouverture\"}]},{\"@type\":\"WebSite\",\"@id\":\"https:\/\/swissbaker.ch\/fr\/#website\",\"url\":\"https:\/\/swissbaker.ch\/fr\/\",\"name\":\"SBC\",\"description\":\"\",\"publisher\":{\"@id\":\"https:\/\/swissbaker.ch\/fr\/#organization\"},\"potentialAction\":[{\"@type\":\"SearchAction\",\"target\":{\"@type\":\"EntryPoint\",\"urlTemplate\":\"https:\/\/swissbaker.ch\/fr\/?s={search_term_string}\"},\"query-input\":{\"@type\":\"PropertyValueSpecification\",\"valueRequired\":true,\"valueName\":\"search_term_string\"}}],\"inLanguage\":\"fr-FR\"},{\"@type\":\"Organization\",\"@id\":\"https:\/\/swissbaker.ch\/fr\/#organization\",\"name\":\"Schweizerischer B\u00e4cker-Confiseurmeister-Verband\",\"url\":\"https:\/\/swissbaker.ch\/fr\/\",\"logo\":{\"@type\":\"ImageObject\",\"inLanguage\":\"fr-FR\",\"@id\":\"https:\/\/swissbaker.ch\/fr\/#\/schema\/logo\/image\/\",\"url\":\"https:\/\/swissbaker.ch\/wp-content\/uploads\/2022\/04\/sbc-logo-yoast.jpg\",\"contentUrl\":\"https:\/\/swissbaker.ch\/wp-content\/uploads\/2022\/04\/sbc-logo-yoast.jpg\",\"width\":512,\"height\":512,\"caption\":\"Schweizerischer B\u00e4cker-Confiseurmeister-Verband\"},\"image\":{\"@id\":\"https:\/\/swissbaker.ch\/fr\/#\/schema\/logo\/image\/\"},\"sameAs\":[\"https:\/\/www.facebook.com\/swissbaker.ch\",\"https:\/\/x.com\/ch_swissbaker\"]},{\"@type\":\"Person\",\"@id\":\"https:\/\/swissbaker.ch\/fr\/#\/schema\/person\/058ac47619f7da53df62aba60f939b78\",\"name\":\"azureart\",\"image\":{\"@type\":\"ImageObject\",\"inLanguage\":\"fr-FR\",\"@id\":\"https:\/\/swissbaker.ch\/fr\/#\/schema\/person\/image\/\",\"url\":\"https:\/\/secure.gravatar.com\/avatar\/be04dd3098fd612c83067af4f7a295384c93cb6a9112f51beb9d2f477d25da61?s=96&d=mm&r=g\",\"contentUrl\":\"https:\/\/secure.gravatar.com\/avatar\/be04dd3098fd612c83067af4f7a295384c93cb6a9112f51beb9d2f477d25da61?s=96&d=mm&r=g\",\"caption\":\"azureart\"},\"sameAs\":[\"https:\/\/swissbaker.ch\"],\"url\":\"https:\/\/swissbaker.ch\/fr\/panissimo-news\/author\/pixel-ahoi\/\"}]}<\/script>\n<!-- \/ Yoast SEO Premium plugin. -->","yoast_head_json":{"title":"Nous saluons la poursuite de l\u2019ouverture | SBC","robots":{"index":"index","follow":"follow","max-snippet":"max-snippet:-1","max-image-preview":"max-image-preview:large","max-video-preview":"max-video-preview:-1"},"canonical":"https:\/\/swissbaker.ch\/fr\/panissimo-news\/nous-saluons-la-poursuite-de-louverture\/","og_locale":"fr_FR","og_type":"article","og_title":"Nous saluons la poursuite de l\u2019ouverture","og_description":"Les boulangers-confiseurs suisses saluent la d\u00e9cision du Conseil f\u00e9d\u00e9ral de rouvrir dans une large mesure l\u2019\u00e9conomie et la soci\u00e9t\u00e9. Le sc\u00e9nario le plus dommageable pour l\u2019\u00e9conomie et la soci\u00e9t\u00e9, \u00e0 savoir un reconfinement, doit maintenant \u00eatre \u00e9vit\u00e9 \u00e0 tout prix. C\u2019est le seul moyen pour l\u2019\u00e9conomie suisse de revenir \u00e0 une certaine normalit\u00e9 au second semestre. Les r\u00e8gles de distance, [&hellip;]","og_url":"https:\/\/swissbaker.ch\/fr\/panissimo-news\/nous-saluons-la-poursuite-de-louverture\/","og_site_name":"SBC","article_publisher":"https:\/\/www.facebook.com\/swissbaker.ch","article_published_time":"2020-05-28T11:55:00+00:00","article_modified_time":"2022-05-12T13:18:40+00:00","og_image":[{"width":800,"height":474,"url":"https:\/\/swissbaker.ch\/wp-content\/uploads\/2022\/03\/12_lockdown_wieder_erlaubt.jpeg","type":"image\/jpeg"}],"author":"azureart","twitter_card":"summary_large_image","twitter_creator":"@ch_swissbaker","twitter_site":"@ch_swissbaker","twitter_misc":{"Written by":"azureart","Est. reading time":"6 minutes"},"schema":{"@context":"https:\/\/schema.org","@graph":[{"@type":"Article","@id":"https:\/\/swissbaker.ch\/fr\/panissimo-news\/nous-saluons-la-poursuite-de-louverture\/#article","isPartOf":{"@id":"https:\/\/swissbaker.ch\/fr\/panissimo-news\/nous-saluons-la-poursuite-de-louverture\/"},"author":{"name":"azureart","@id":"https:\/\/swissbaker.ch\/fr\/#\/schema\/person\/058ac47619f7da53df62aba60f939b78"},"headline":"Nous saluons la poursuite de l\u2019ouverture","datePublished":"2020-05-28T11:55:00+00:00","dateModified":"2022-05-12T13:18:40+00:00","mainEntityOfPage":{"@id":"https:\/\/swissbaker.ch\/fr\/panissimo-news\/nous-saluons-la-poursuite-de-louverture\/"},"wordCount":1041,"commentCount":0,"publisher":{"@id":"https:\/\/swissbaker.ch\/fr\/#organization"},"image":{"@id":"https:\/\/swissbaker.ch\/fr\/panissimo-news\/nous-saluons-la-poursuite-de-louverture\/#primaryimage"},"thumbnailUrl":"https:\/\/swissbaker.ch\/wp-content\/uploads\/2022\/03\/12_lockdown_wieder_erlaubt.jpeg","articleSection":["Droit &amp; politique","Sant\u00e9\/S\u00e9curit\u00e9"],"inLanguage":"fr-FR","potentialAction":[{"@type":"CommentAction","name":"Comment","target":["https:\/\/swissbaker.ch\/fr\/panissimo-news\/nous-saluons-la-poursuite-de-louverture\/#respond"]}]},{"@type":"WebPage","@id":"https:\/\/swissbaker.ch\/fr\/panissimo-news\/nous-saluons-la-poursuite-de-louverture\/","url":"https:\/\/swissbaker.ch\/fr\/panissimo-news\/nous-saluons-la-poursuite-de-louverture\/","name":"Nous saluons la poursuite de l\u2019ouverture | SBC","isPartOf":{"@id":"https:\/\/swissbaker.ch\/fr\/#website"},"primaryImageOfPage":{"@id":"https:\/\/swissbaker.ch\/fr\/panissimo-news\/nous-saluons-la-poursuite-de-louverture\/#primaryimage"},"image":{"@id":"https:\/\/swissbaker.ch\/fr\/panissimo-news\/nous-saluons-la-poursuite-de-louverture\/#primaryimage"},"thumbnailUrl":"https:\/\/swissbaker.ch\/wp-content\/uploads\/2022\/03\/12_lockdown_wieder_erlaubt.jpeg","datePublished":"2020-05-28T11:55:00+00:00","dateModified":"2022-05-12T13:18:40+00:00","breadcrumb":{"@id":"https:\/\/swissbaker.ch\/fr\/panissimo-news\/nous-saluons-la-poursuite-de-louverture\/#breadcrumb"},"inLanguage":"fr-FR","potentialAction":[{"@type":"ReadAction","target":["https:\/\/swissbaker.ch\/fr\/panissimo-news\/nous-saluons-la-poursuite-de-louverture\/"]}]},{"@type":"ImageObject","inLanguage":"fr-FR","@id":"https:\/\/swissbaker.ch\/fr\/panissimo-news\/nous-saluons-la-poursuite-de-louverture\/#primaryimage","url":"https:\/\/swissbaker.ch\/wp-content\/uploads\/2022\/03\/12_lockdown_wieder_erlaubt.jpeg","contentUrl":"https:\/\/swissbaker.ch\/wp-content\/uploads\/2022\/03\/12_lockdown_wieder_erlaubt.jpeg","width":800,"height":474,"caption":"Nous saluons la poursuite de l\u2019ouverture"},{"@type":"BreadcrumbList","@id":"https:\/\/swissbaker.ch\/fr\/panissimo-news\/nous-saluons-la-poursuite-de-louverture\/#breadcrumb","itemListElement":[{"@type":"ListItem","position":1,"name":"","item":"https:\/\/swissbaker.ch\/fr\/"},{"@type":"ListItem","position":2,"name":"Droit &amp; politique","item":"https:\/\/swissbaker.ch\/fr\/panissimo-news\/category\/droit-politique\/"},{"@type":"ListItem","position":3,"name":"Nous saluons la poursuite de l\u2019ouverture"}]},{"@type":"WebSite","@id":"https:\/\/swissbaker.ch\/fr\/#website","url":"https:\/\/swissbaker.ch\/fr\/","name":"SBC","description":"","publisher":{"@id":"https:\/\/swissbaker.ch\/fr\/#organization"},"potentialAction":[{"@type":"SearchAction","target":{"@type":"EntryPoint","urlTemplate":"https:\/\/swissbaker.ch\/fr\/?s={search_term_string}"},"query-input":{"@type":"PropertyValueSpecification","valueRequired":true,"valueName":"search_term_string"}}],"inLanguage":"fr-FR"},{"@type":"Organization","@id":"https:\/\/swissbaker.ch\/fr\/#organization","name":"Schweizerischer B\u00e4cker-Confiseurmeister-Verband","url":"https:\/\/swissbaker.ch\/fr\/","logo":{"@type":"ImageObject","inLanguage":"fr-FR","@id":"https:\/\/swissbaker.ch\/fr\/#\/schema\/logo\/image\/","url":"https:\/\/swissbaker.ch\/wp-content\/uploads\/2022\/04\/sbc-logo-yoast.jpg","contentUrl":"https:\/\/swissbaker.ch\/wp-content\/uploads\/2022\/04\/sbc-logo-yoast.jpg","width":512,"height":512,"caption":"Schweizerischer B\u00e4cker-Confiseurmeister-Verband"},"image":{"@id":"https:\/\/swissbaker.ch\/fr\/#\/schema\/logo\/image\/"},"sameAs":["https:\/\/www.facebook.com\/swissbaker.ch","https:\/\/x.com\/ch_swissbaker"]},{"@type":"Person","@id":"https:\/\/swissbaker.ch\/fr\/#\/schema\/person\/058ac47619f7da53df62aba60f939b78","name":"azureart","image":{"@type":"ImageObject","inLanguage":"fr-FR","@id":"https:\/\/swissbaker.ch\/fr\/#\/schema\/person\/image\/","url":"https:\/\/secure.gravatar.com\/avatar\/be04dd3098fd612c83067af4f7a295384c93cb6a9112f51beb9d2f477d25da61?s=96&d=mm&r=g","contentUrl":"https:\/\/secure.gravatar.com\/avatar\/be04dd3098fd612c83067af4f7a295384c93cb6a9112f51beb9d2f477d25da61?s=96&d=mm&r=g","caption":"azureart"},"sameAs":["https:\/\/swissbaker.ch"],"url":"https:\/\/swissbaker.ch\/fr\/panissimo-news\/author\/pixel-ahoi\/"}]}},"_links":{"self":[{"href":"https:\/\/swissbaker.ch\/fr\/wp-json\/wp\/v2\/posts\/9724","targetHints":{"allow":["GET"]}}],"collection":[{"href":"https:\/\/swissbaker.ch\/fr\/wp-json\/wp\/v2\/posts"}],"about":[{"href":"https:\/\/swissbaker.ch\/fr\/wp-json\/wp\/v2\/types\/post"}],"author":[{"embeddable":true,"href":"https:\/\/swissbaker.ch\/fr\/wp-json\/wp\/v2\/users\/1"}],"replies":[{"embeddable":true,"href":"https:\/\/swissbaker.ch\/fr\/wp-json\/wp\/v2\/comments?post=9724"}],"version-history":[{"count":0,"href":"https:\/\/swissbaker.ch\/fr\/wp-json\/wp\/v2\/posts\/9724\/revisions"}],"wp:featuredmedia":[{"embeddable":true,"href":"https:\/\/swissbaker.ch\/fr\/wp-json\/wp\/v2\/media\/5806"}],"wp:attachment":[{"href":"https:\/\/swissbaker.ch\/fr\/wp-json\/wp\/v2\/media?parent=9724"}],"wp:term":[{"taxonomy":"category","embeddable":true,"href":"https:\/\/swissbaker.ch\/fr\/wp-json\/wp\/v2\/categories?post=9724"},{"taxonomy":"post_tag","embeddable":true,"href":"https:\/\/swissbaker.ch\/fr\/wp-json\/wp\/v2\/tags?post=9724"}],"curies":[{"name":"wp","href":"https:\/\/api.w.org\/{rel}","templated":true}]}}