{"id":9663,"date":"2018-04-18T11:46:00","date_gmt":"2018-04-18T09:46:00","guid":{"rendered":"https:\/\/swissbaker.ch\/?p=9663"},"modified":"2022-05-12T14:46:07","modified_gmt":"2022-05-12T12:46:07","slug":"il-faut-garantir-lindependance-financiere","status":"publish","type":"post","link":"https:\/\/swissbaker.ch\/fr\/panissimo-news\/il-faut-garantir-lindependance-financiere\/","title":{"rendered":"Il faut garantir l\u2019ind\u00e9pendance financi\u00e8re"},"content":{"rendered":"\n<p><strong>L\u2019Association suisse des patrons boulanger-confiseurs a d\u00e9but\u00e9 depuis environ une ann\u00e9e le processus strat\u00e9gique \u00ab Reload \u00bb. La membre du comit\u00e9 directeur Maja Fahrni a r\u00e9dig\u00e9 un article sur le sous projet finances.<\/strong><\/p>\n\n\n\n<p>Notre groupe de sous-projet finances de \u00ab\u2009Reload\u2009\u00bb se compose actuellement de trois personnes\u2009: Peter Lyner, de Winterthour, est boulanger-p\u00e2tissier au b\u00e9n\u00e9fice d\u2019un dipl\u00f4me f\u00e9d\u00e9ral, membre du comit\u00e9 central depuis 2013 et pr\u00e9sident de la commission financi\u00e8re depuis 2014. Manuel Ruchti est \u00e9galement \u00e0 bord\u2009; il a d\u2019ores et d\u00e9j\u00e0 \u00e9t\u00e9 pr\u00e9sent\u00e9 dans la derni\u00e8re \u00e9dition de \u00ab\u2009panissimo\u2009\u00bb. J\u2019assure la direction du groupe. Depuis l\u2019ann\u00e9e derni\u00e8re, je suis membre du comit\u00e9 directeur de la BCS et m\u2019engage pour le commerce de d\u00e9tail. Mon bagage commercial m\u2019est d\u2019une grande utilit\u00e9 pour la direction du sous-projet finances de \u00ab\u2009Reload\u2009\u00bb.<\/p>\n\n\n\n<h2 class=\"wp-block-heading\" id=\"h-financement-par-des-economies\">Financement par des \u00e9conomies<\/h2>\n\n\n\n<p>L\u2019un des buts principaux du projet \u00ab\u2009Reload\u2009\u00bb est la garantie de l\u2019ind\u00e9pendance financi\u00e8re de la BCS. Nous devons pour ce faire disposer de bases financi\u00e8res saines. En tant qu\u2019association, nous d\u00e9pensons actuellement plus que ce que nous gagnons. Nous nous finan\u00e7ons avec nos \u00e9conomies, \u00e0 savoir la fortune de notre association. Et nous ne pourrons rien y changer \u00e0 l\u2019avenir sans adaptation de nos prestations et structures. Pour obtenir une vue d\u2019ensemble des finances de l\u2019association et des institutions affili\u00e9es, nous r\u00e9alisons pour la premi\u00e8re fois une recherche fondamentale et tentons de pr\u00e9senter les finances de mani\u00e8re claire, uniforme et transparente.<\/p>\n\n\n\n<h2 class=\"wp-block-heading\">R\u00e9ponses aux questions<\/h2>\n\n\n\n<p>Il y a des d\u00e9penses dites affect\u00e9es, qui sont des d\u00e9penses qui doivent \u00eatre financ\u00e9es\u2009; dont celles relatives \u00e0 la formation des apprentis, tr\u00e8s importante. Et il y a des d\u00e9penses que nous voulons financer\u2009; qui sont des services pour nos membres.<\/p>\n\n\n\n<p>Le travail au sein des autres groupes de sous-projets montrera \u00e0 quoi ressemblera l\u2019offre de la BCS \u00e0 l\u2019avenir et indiquera les moyens financiers n\u00e9cessaires \u00e0 cet effet. De nombreuses questions se posent par ailleurs\u2009: de combien d\u2019argent disposons-nous pour tout cela\u2009? Est-il possible d\u2019augmenter les recettes\u2009? D\u00e9pensons-nous de l\u2019argent pour quelque chose qui ne r\u00e9pond pas ou plus aux exigences\u2009? Quelles d\u00e9penses peuvent \u00eatre r\u00e9duites\u2009? Nous allons devoir trouver des r\u00e9ponses au cours du projet.<\/p>\n\n\n\n<h2 class=\"wp-block-heading\">Pr\u00e9sentation lors du congr\u00e8s<\/h2>\n\n\n\n<p>Nos travaux se fonderont sur une pr\u00e9sentation uniforme des diff\u00e9rents exercices de l\u2019association, de l\u2019Ecole professionnelle Richemont, de la SA, de prestations Richemont et de leurs comptes annuels consolid\u00e9s\u2009; la synth\u00e8se des trois bilans en r\u00e9sultant. Tous les fonds ayant transit\u00e9 entre la BCS et l\u2019\u00e9cole professionnelle seront comptabilis\u00e9s. Cela permettra de faire appara\u00eetre tous les flux financiers effectifs vers l\u2019ext\u00e9rieur et d\u2019\u00e9liminer les flux internes (neutres). Nous sommes actuellement dans cette phase \u2013 nous pourrons en pr\u00e9senter le r\u00e9sultat lors du congr\u00e8s en juin.<\/p>\n\n\n\n<h2 class=\"wp-block-heading\">Harmonisation des structures<\/h2>\n\n\n\n<p>Les structures seront ensuite harmonis\u00e9es\u2009; \u00e0 commencer par le plan comptable. Il en r\u00e9sultera de nouvelles bases que nous pourrons d\u00e9j\u00e0 mettre \u00e0 disposition pour l\u2019\u00e9tablissement du budget 2019.<\/p>\n\n\n\n<p>J\u2019ai sciemment dit en introduction que nous n\u2019\u00e9tions \u00ab\u2009que\u2009\u00bb trois, sachant que l\u2019\u00e9largissement de notre \u00e9quipe \u00e0 des professionnels de la BCS et de l\u2019Ecole professionnelle Richemont est pr\u00e9vu dans une phase ult\u00e9rieure du projet. Notre travail devant \u00eatre durable, les experts financiers de la BCS et de l\u2019Ecole professionnelle Richemont seront \u00e9videmment impliqu\u00e9s dans le travail de projet, l\u2019objectif \u00e9tant que les solutions envisag\u00e9es soient \u00e9galement applicables et acceptables en pratique.<\/p>\n\n\n\n<p>Nous ne manquerons pas de travail ces prochains temps\u2009; nous vous tiendrons au courant.<\/p>\n","protected":false},"excerpt":{"rendered":"<p>L\u2019Association suisse des patrons boulanger-confiseurs a d\u00e9but\u00e9 depuis environ une ann\u00e9e le processus strat\u00e9gique \u00ab Reload \u00bb. La membre du comit\u00e9 directeur Maja Fahrni a r\u00e9dig\u00e9 un article sur le sous projet finances. Notre groupe de sous-projet finances de \u00ab\u2009Reload\u2009\u00bb se compose actuellement de trois personnes\u2009: Peter Lyner, de Winterthour, est boulanger-p\u00e2tissier au b\u00e9n\u00e9fice d\u2019un dipl\u00f4me f\u00e9d\u00e9ral, membre du comit\u00e9 [&hellip;]<\/p>\n","protected":false},"author":1,"featured_media":6753,"comment_status":"open","ping_status":"closed","sticky":false,"template":"","format":"standard","meta":{"_acf_changed":false,"footnotes":""},"categories":[41],"tags":[],"class_list":["post-9663","post","type-post","status-publish","format-standard","has-post-thumbnail","hentry","category-association"],"acf":[],"yoast_head":"<!-- This site is optimized with the Yoast SEO Premium plugin v26.8 (Yoast SEO v26.8) - https:\/\/yoast.com\/product\/yoast-seo-premium-wordpress\/ -->\n<title>Il faut garantir l\u2019ind\u00e9pendance financi\u00e8re | SBC<\/title>\n<meta name=\"robots\" content=\"index, follow, max-snippet:-1, max-image-preview:large, max-video-preview:-1\" \/>\n<link rel=\"canonical\" href=\"https:\/\/swissbaker.ch\/fr\/panissimo-news\/il-faut-garantir-lindependance-financiere\/\" \/>\n<meta property=\"og:locale\" content=\"fr_FR\" \/>\n<meta property=\"og:type\" content=\"article\" \/>\n<meta property=\"og:title\" content=\"Il faut garantir l\u2019ind\u00e9pendance financi\u00e8re\" \/>\n<meta property=\"og:description\" content=\"L\u2019Association suisse des patrons boulanger-confiseurs a d\u00e9but\u00e9 depuis environ une ann\u00e9e le processus strat\u00e9gique \u00ab Reload \u00bb. La membre du comit\u00e9 directeur Maja Fahrni a r\u00e9dig\u00e9 un article sur le sous projet finances. Notre groupe de sous-projet finances de \u00ab\u2009Reload\u2009\u00bb se compose actuellement de trois personnes\u2009: Peter Lyner, de Winterthour, est boulanger-p\u00e2tissier au b\u00e9n\u00e9fice d\u2019un dipl\u00f4me f\u00e9d\u00e9ral, membre du comit\u00e9 [&hellip;]\" \/>\n<meta property=\"og:url\" content=\"https:\/\/swissbaker.ch\/fr\/panissimo-news\/il-faut-garantir-lindependance-financiere\/\" \/>\n<meta property=\"og:site_name\" content=\"SBC\" \/>\n<meta property=\"article:publisher\" content=\"https:\/\/www.facebook.com\/swissbaker.ch\" \/>\n<meta property=\"article:published_time\" content=\"2018-04-18T09:46:00+00:00\" \/>\n<meta property=\"article:modified_time\" content=\"2022-05-12T12:46:07+00:00\" \/>\n<meta property=\"og:image\" content=\"https:\/\/swissbaker.ch\/wp-content\/uploads\/2022\/04\/Maja_Fahrni_portrait_600px.jpeg\" \/>\n\t<meta property=\"og:image:width\" content=\"800\" \/>\n\t<meta property=\"og:image:height\" content=\"474\" \/>\n\t<meta property=\"og:image:type\" content=\"image\/jpeg\" \/>\n<meta name=\"author\" content=\"azureart\" \/>\n<meta name=\"twitter:card\" content=\"summary_large_image\" \/>\n<meta name=\"twitter:creator\" content=\"@ch_swissbaker\" \/>\n<meta name=\"twitter:site\" content=\"@ch_swissbaker\" \/>\n<meta name=\"twitter:label1\" content=\"Written by\" \/>\n\t<meta name=\"twitter:data1\" content=\"azureart\" \/>\n\t<meta name=\"twitter:label2\" content=\"Est. reading time\" \/>\n\t<meta name=\"twitter:data2\" content=\"4 minutes\" \/>\n<script type=\"application\/ld+json\" class=\"yoast-schema-graph\">{\"@context\":\"https:\/\/schema.org\",\"@graph\":[{\"@type\":\"Article\",\"@id\":\"https:\/\/swissbaker.ch\/fr\/panissimo-news\/il-faut-garantir-lindependance-financiere\/#article\",\"isPartOf\":{\"@id\":\"https:\/\/swissbaker.ch\/fr\/panissimo-news\/il-faut-garantir-lindependance-financiere\/\"},\"author\":{\"name\":\"azureart\",\"@id\":\"https:\/\/swissbaker.ch\/fr\/#\/schema\/person\/058ac47619f7da53df62aba60f939b78\"},\"headline\":\"Il faut garantir l\u2019ind\u00e9pendance financi\u00e8re\",\"datePublished\":\"2018-04-18T09:46:00+00:00\",\"dateModified\":\"2022-05-12T12:46:07+00:00\",\"mainEntityOfPage\":{\"@id\":\"https:\/\/swissbaker.ch\/fr\/panissimo-news\/il-faut-garantir-lindependance-financiere\/\"},\"wordCount\":646,\"commentCount\":0,\"publisher\":{\"@id\":\"https:\/\/swissbaker.ch\/fr\/#organization\"},\"image\":{\"@id\":\"https:\/\/swissbaker.ch\/fr\/panissimo-news\/il-faut-garantir-lindependance-financiere\/#primaryimage\"},\"thumbnailUrl\":\"https:\/\/swissbaker.ch\/wp-content\/uploads\/2022\/04\/Maja_Fahrni_portrait_600px.jpeg\",\"articleSection\":[\"Association\"],\"inLanguage\":\"fr-FR\",\"potentialAction\":[{\"@type\":\"CommentAction\",\"name\":\"Comment\",\"target\":[\"https:\/\/swissbaker.ch\/fr\/panissimo-news\/il-faut-garantir-lindependance-financiere\/#respond\"]}]},{\"@type\":\"WebPage\",\"@id\":\"https:\/\/swissbaker.ch\/fr\/panissimo-news\/il-faut-garantir-lindependance-financiere\/\",\"url\":\"https:\/\/swissbaker.ch\/fr\/panissimo-news\/il-faut-garantir-lindependance-financiere\/\",\"name\":\"Il faut garantir l\u2019ind\u00e9pendance financi\u00e8re | SBC\",\"isPartOf\":{\"@id\":\"https:\/\/swissbaker.ch\/fr\/#website\"},\"primaryImageOfPage\":{\"@id\":\"https:\/\/swissbaker.ch\/fr\/panissimo-news\/il-faut-garantir-lindependance-financiere\/#primaryimage\"},\"image\":{\"@id\":\"https:\/\/swissbaker.ch\/fr\/panissimo-news\/il-faut-garantir-lindependance-financiere\/#primaryimage\"},\"thumbnailUrl\":\"https:\/\/swissbaker.ch\/wp-content\/uploads\/2022\/04\/Maja_Fahrni_portrait_600px.jpeg\",\"datePublished\":\"2018-04-18T09:46:00+00:00\",\"dateModified\":\"2022-05-12T12:46:07+00:00\",\"breadcrumb\":{\"@id\":\"https:\/\/swissbaker.ch\/fr\/panissimo-news\/il-faut-garantir-lindependance-financiere\/#breadcrumb\"},\"inLanguage\":\"fr-FR\",\"potentialAction\":[{\"@type\":\"ReadAction\",\"target\":[\"https:\/\/swissbaker.ch\/fr\/panissimo-news\/il-faut-garantir-lindependance-financiere\/\"]}]},{\"@type\":\"ImageObject\",\"inLanguage\":\"fr-FR\",\"@id\":\"https:\/\/swissbaker.ch\/fr\/panissimo-news\/il-faut-garantir-lindependance-financiere\/#primaryimage\",\"url\":\"https:\/\/swissbaker.ch\/wp-content\/uploads\/2022\/04\/Maja_Fahrni_portrait_600px.jpeg\",\"contentUrl\":\"https:\/\/swissbaker.ch\/wp-content\/uploads\/2022\/04\/Maja_Fahrni_portrait_600px.jpeg\",\"width\":800,\"height\":474,\"caption\":\"Il faut garantir l\u2019ind\u00e9pendance financi\u00e8re\"},{\"@type\":\"BreadcrumbList\",\"@id\":\"https:\/\/swissbaker.ch\/fr\/panissimo-news\/il-faut-garantir-lindependance-financiere\/#breadcrumb\",\"itemListElement\":[{\"@type\":\"ListItem\",\"position\":1,\"name\":\"\",\"item\":\"https:\/\/swissbaker.ch\/fr\/\"},{\"@type\":\"ListItem\",\"position\":2,\"name\":\"Association\",\"item\":\"https:\/\/swissbaker.ch\/fr\/panissimo-news\/category\/association\/\"},{\"@type\":\"ListItem\",\"position\":3,\"name\":\"Il faut garantir l\u2019ind\u00e9pendance financi\u00e8re\"}]},{\"@type\":\"WebSite\",\"@id\":\"https:\/\/swissbaker.ch\/fr\/#website\",\"url\":\"https:\/\/swissbaker.ch\/fr\/\",\"name\":\"SBC\",\"description\":\"\",\"publisher\":{\"@id\":\"https:\/\/swissbaker.ch\/fr\/#organization\"},\"potentialAction\":[{\"@type\":\"SearchAction\",\"target\":{\"@type\":\"EntryPoint\",\"urlTemplate\":\"https:\/\/swissbaker.ch\/fr\/?s={search_term_string}\"},\"query-input\":{\"@type\":\"PropertyValueSpecification\",\"valueRequired\":true,\"valueName\":\"search_term_string\"}}],\"inLanguage\":\"fr-FR\"},{\"@type\":\"Organization\",\"@id\":\"https:\/\/swissbaker.ch\/fr\/#organization\",\"name\":\"Schweizerischer B\u00e4cker-Confiseurmeister-Verband\",\"url\":\"https:\/\/swissbaker.ch\/fr\/\",\"logo\":{\"@type\":\"ImageObject\",\"inLanguage\":\"fr-FR\",\"@id\":\"https:\/\/swissbaker.ch\/fr\/#\/schema\/logo\/image\/\",\"url\":\"https:\/\/swissbaker.ch\/wp-content\/uploads\/2022\/04\/sbc-logo-yoast.jpg\",\"contentUrl\":\"https:\/\/swissbaker.ch\/wp-content\/uploads\/2022\/04\/sbc-logo-yoast.jpg\",\"width\":512,\"height\":512,\"caption\":\"Schweizerischer B\u00e4cker-Confiseurmeister-Verband\"},\"image\":{\"@id\":\"https:\/\/swissbaker.ch\/fr\/#\/schema\/logo\/image\/\"},\"sameAs\":[\"https:\/\/www.facebook.com\/swissbaker.ch\",\"https:\/\/x.com\/ch_swissbaker\"]},{\"@type\":\"Person\",\"@id\":\"https:\/\/swissbaker.ch\/fr\/#\/schema\/person\/058ac47619f7da53df62aba60f939b78\",\"name\":\"azureart\",\"image\":{\"@type\":\"ImageObject\",\"inLanguage\":\"fr-FR\",\"@id\":\"https:\/\/swissbaker.ch\/fr\/#\/schema\/person\/image\/\",\"url\":\"https:\/\/secure.gravatar.com\/avatar\/be04dd3098fd612c83067af4f7a295384c93cb6a9112f51beb9d2f477d25da61?s=96&d=mm&r=g\",\"contentUrl\":\"https:\/\/secure.gravatar.com\/avatar\/be04dd3098fd612c83067af4f7a295384c93cb6a9112f51beb9d2f477d25da61?s=96&d=mm&r=g\",\"caption\":\"azureart\"},\"sameAs\":[\"https:\/\/swissbaker.ch\"],\"url\":\"https:\/\/swissbaker.ch\/fr\/panissimo-news\/author\/pixel-ahoi\/\"}]}<\/script>\n<!-- \/ Yoast SEO Premium plugin. -->","yoast_head_json":{"title":"Il faut garantir l\u2019ind\u00e9pendance financi\u00e8re | SBC","robots":{"index":"index","follow":"follow","max-snippet":"max-snippet:-1","max-image-preview":"max-image-preview:large","max-video-preview":"max-video-preview:-1"},"canonical":"https:\/\/swissbaker.ch\/fr\/panissimo-news\/il-faut-garantir-lindependance-financiere\/","og_locale":"fr_FR","og_type":"article","og_title":"Il faut garantir l\u2019ind\u00e9pendance financi\u00e8re","og_description":"L\u2019Association suisse des patrons boulanger-confiseurs a d\u00e9but\u00e9 depuis environ une ann\u00e9e le processus strat\u00e9gique \u00ab Reload \u00bb. La membre du comit\u00e9 directeur Maja Fahrni a r\u00e9dig\u00e9 un article sur le sous projet finances. Notre groupe de sous-projet finances de \u00ab\u2009Reload\u2009\u00bb se compose actuellement de trois personnes\u2009: Peter Lyner, de Winterthour, est boulanger-p\u00e2tissier au b\u00e9n\u00e9fice d\u2019un dipl\u00f4me f\u00e9d\u00e9ral, membre du comit\u00e9 [&hellip;]","og_url":"https:\/\/swissbaker.ch\/fr\/panissimo-news\/il-faut-garantir-lindependance-financiere\/","og_site_name":"SBC","article_publisher":"https:\/\/www.facebook.com\/swissbaker.ch","article_published_time":"2018-04-18T09:46:00+00:00","article_modified_time":"2022-05-12T12:46:07+00:00","og_image":[{"width":800,"height":474,"url":"https:\/\/swissbaker.ch\/wp-content\/uploads\/2022\/04\/Maja_Fahrni_portrait_600px.jpeg","type":"image\/jpeg"}],"author":"azureart","twitter_card":"summary_large_image","twitter_creator":"@ch_swissbaker","twitter_site":"@ch_swissbaker","twitter_misc":{"Written by":"azureart","Est. reading time":"4 minutes"},"schema":{"@context":"https:\/\/schema.org","@graph":[{"@type":"Article","@id":"https:\/\/swissbaker.ch\/fr\/panissimo-news\/il-faut-garantir-lindependance-financiere\/#article","isPartOf":{"@id":"https:\/\/swissbaker.ch\/fr\/panissimo-news\/il-faut-garantir-lindependance-financiere\/"},"author":{"name":"azureart","@id":"https:\/\/swissbaker.ch\/fr\/#\/schema\/person\/058ac47619f7da53df62aba60f939b78"},"headline":"Il faut garantir l\u2019ind\u00e9pendance financi\u00e8re","datePublished":"2018-04-18T09:46:00+00:00","dateModified":"2022-05-12T12:46:07+00:00","mainEntityOfPage":{"@id":"https:\/\/swissbaker.ch\/fr\/panissimo-news\/il-faut-garantir-lindependance-financiere\/"},"wordCount":646,"commentCount":0,"publisher":{"@id":"https:\/\/swissbaker.ch\/fr\/#organization"},"image":{"@id":"https:\/\/swissbaker.ch\/fr\/panissimo-news\/il-faut-garantir-lindependance-financiere\/#primaryimage"},"thumbnailUrl":"https:\/\/swissbaker.ch\/wp-content\/uploads\/2022\/04\/Maja_Fahrni_portrait_600px.jpeg","articleSection":["Association"],"inLanguage":"fr-FR","potentialAction":[{"@type":"CommentAction","name":"Comment","target":["https:\/\/swissbaker.ch\/fr\/panissimo-news\/il-faut-garantir-lindependance-financiere\/#respond"]}]},{"@type":"WebPage","@id":"https:\/\/swissbaker.ch\/fr\/panissimo-news\/il-faut-garantir-lindependance-financiere\/","url":"https:\/\/swissbaker.ch\/fr\/panissimo-news\/il-faut-garantir-lindependance-financiere\/","name":"Il faut garantir l\u2019ind\u00e9pendance financi\u00e8re | SBC","isPartOf":{"@id":"https:\/\/swissbaker.ch\/fr\/#website"},"primaryImageOfPage":{"@id":"https:\/\/swissbaker.ch\/fr\/panissimo-news\/il-faut-garantir-lindependance-financiere\/#primaryimage"},"image":{"@id":"https:\/\/swissbaker.ch\/fr\/panissimo-news\/il-faut-garantir-lindependance-financiere\/#primaryimage"},"thumbnailUrl":"https:\/\/swissbaker.ch\/wp-content\/uploads\/2022\/04\/Maja_Fahrni_portrait_600px.jpeg","datePublished":"2018-04-18T09:46:00+00:00","dateModified":"2022-05-12T12:46:07+00:00","breadcrumb":{"@id":"https:\/\/swissbaker.ch\/fr\/panissimo-news\/il-faut-garantir-lindependance-financiere\/#breadcrumb"},"inLanguage":"fr-FR","potentialAction":[{"@type":"ReadAction","target":["https:\/\/swissbaker.ch\/fr\/panissimo-news\/il-faut-garantir-lindependance-financiere\/"]}]},{"@type":"ImageObject","inLanguage":"fr-FR","@id":"https:\/\/swissbaker.ch\/fr\/panissimo-news\/il-faut-garantir-lindependance-financiere\/#primaryimage","url":"https:\/\/swissbaker.ch\/wp-content\/uploads\/2022\/04\/Maja_Fahrni_portrait_600px.jpeg","contentUrl":"https:\/\/swissbaker.ch\/wp-content\/uploads\/2022\/04\/Maja_Fahrni_portrait_600px.jpeg","width":800,"height":474,"caption":"Il faut garantir l\u2019ind\u00e9pendance financi\u00e8re"},{"@type":"BreadcrumbList","@id":"https:\/\/swissbaker.ch\/fr\/panissimo-news\/il-faut-garantir-lindependance-financiere\/#breadcrumb","itemListElement":[{"@type":"ListItem","position":1,"name":"","item":"https:\/\/swissbaker.ch\/fr\/"},{"@type":"ListItem","position":2,"name":"Association","item":"https:\/\/swissbaker.ch\/fr\/panissimo-news\/category\/association\/"},{"@type":"ListItem","position":3,"name":"Il faut garantir l\u2019ind\u00e9pendance financi\u00e8re"}]},{"@type":"WebSite","@id":"https:\/\/swissbaker.ch\/fr\/#website","url":"https:\/\/swissbaker.ch\/fr\/","name":"SBC","description":"","publisher":{"@id":"https:\/\/swissbaker.ch\/fr\/#organization"},"potentialAction":[{"@type":"SearchAction","target":{"@type":"EntryPoint","urlTemplate":"https:\/\/swissbaker.ch\/fr\/?s={search_term_string}"},"query-input":{"@type":"PropertyValueSpecification","valueRequired":true,"valueName":"search_term_string"}}],"inLanguage":"fr-FR"},{"@type":"Organization","@id":"https:\/\/swissbaker.ch\/fr\/#organization","name":"Schweizerischer B\u00e4cker-Confiseurmeister-Verband","url":"https:\/\/swissbaker.ch\/fr\/","logo":{"@type":"ImageObject","inLanguage":"fr-FR","@id":"https:\/\/swissbaker.ch\/fr\/#\/schema\/logo\/image\/","url":"https:\/\/swissbaker.ch\/wp-content\/uploads\/2022\/04\/sbc-logo-yoast.jpg","contentUrl":"https:\/\/swissbaker.ch\/wp-content\/uploads\/2022\/04\/sbc-logo-yoast.jpg","width":512,"height":512,"caption":"Schweizerischer B\u00e4cker-Confiseurmeister-Verband"},"image":{"@id":"https:\/\/swissbaker.ch\/fr\/#\/schema\/logo\/image\/"},"sameAs":["https:\/\/www.facebook.com\/swissbaker.ch","https:\/\/x.com\/ch_swissbaker"]},{"@type":"Person","@id":"https:\/\/swissbaker.ch\/fr\/#\/schema\/person\/058ac47619f7da53df62aba60f939b78","name":"azureart","image":{"@type":"ImageObject","inLanguage":"fr-FR","@id":"https:\/\/swissbaker.ch\/fr\/#\/schema\/person\/image\/","url":"https:\/\/secure.gravatar.com\/avatar\/be04dd3098fd612c83067af4f7a295384c93cb6a9112f51beb9d2f477d25da61?s=96&d=mm&r=g","contentUrl":"https:\/\/secure.gravatar.com\/avatar\/be04dd3098fd612c83067af4f7a295384c93cb6a9112f51beb9d2f477d25da61?s=96&d=mm&r=g","caption":"azureart"},"sameAs":["https:\/\/swissbaker.ch"],"url":"https:\/\/swissbaker.ch\/fr\/panissimo-news\/author\/pixel-ahoi\/"}]}},"_links":{"self":[{"href":"https:\/\/swissbaker.ch\/fr\/wp-json\/wp\/v2\/posts\/9663","targetHints":{"allow":["GET"]}}],"collection":[{"href":"https:\/\/swissbaker.ch\/fr\/wp-json\/wp\/v2\/posts"}],"about":[{"href":"https:\/\/swissbaker.ch\/fr\/wp-json\/wp\/v2\/types\/post"}],"author":[{"embeddable":true,"href":"https:\/\/swissbaker.ch\/fr\/wp-json\/wp\/v2\/users\/1"}],"replies":[{"embeddable":true,"href":"https:\/\/swissbaker.ch\/fr\/wp-json\/wp\/v2\/comments?post=9663"}],"version-history":[{"count":0,"href":"https:\/\/swissbaker.ch\/fr\/wp-json\/wp\/v2\/posts\/9663\/revisions"}],"wp:featuredmedia":[{"embeddable":true,"href":"https:\/\/swissbaker.ch\/fr\/wp-json\/wp\/v2\/media\/6753"}],"wp:attachment":[{"href":"https:\/\/swissbaker.ch\/fr\/wp-json\/wp\/v2\/media?parent=9663"}],"wp:term":[{"taxonomy":"category","embeddable":true,"href":"https:\/\/swissbaker.ch\/fr\/wp-json\/wp\/v2\/categories?post=9663"},{"taxonomy":"post_tag","embeddable":true,"href":"https:\/\/swissbaker.ch\/fr\/wp-json\/wp\/v2\/tags?post=9663"}],"curies":[{"name":"wp","href":"https:\/\/api.w.org\/{rel}","templated":true}]}}