{"id":9653,"date":"2020-06-18T14:27:00","date_gmt":"2020-06-18T12:27:00","guid":{"rendered":"https:\/\/swissbaker.ch\/?p=9653"},"modified":"2022-05-12T14:29:39","modified_gmt":"2022-05-12T12:29:39","slug":"interprofessions-necessite","status":"publish","type":"post","link":"https:\/\/swissbaker.ch\/fr\/panissimo-news\/interprofessions-necessite\/","title":{"rendered":"Interprofessions, n\u00e9cessit\u00e9\u2009?"},"content":{"rendered":"\n<p><strong>Penser, r\u00e9fl\u00e9chir et agir deviennent imp\u00e9ratifs dans ce monde en mutation, qui voit la destruction massive de la sph\u00e8re de l\u2019artisanat, de l\u2019alimentation, de l\u2019agriculture, ainsi que du monde paysan et ses structures et celui de la boulangerie-p\u00e2tisserie, confiserie, chocolaterie.<\/strong><\/p>\n\n\n\n<p>Le monde politique a mis dans un tiroir les n\u00e9cessit\u00e9s et l\u2019imp\u00e9ratif d\u2019\u00e9couter les probl\u00e8mes et les maux qui d\u00e9coulent de la politique actuellement men\u00e9e.<br>Les r\u00e9glementations drastiques, les importations n\u00e9gatives des produits faisant fi des r\u00e9glementations internes au sol national sont largement contourn\u00e9es par quelques tours de passe-passe. Certains produits sont exempt\u00e9s de taxes ou ces derni\u00e8res sont \u00e0 des taux tr\u00e8s faibles.<\/p>\n\n\n\n<h2 class=\"wp-block-heading\" id=\"h-necessaire-structure-interprofessionnelle\">N\u00e9cessaire structure interprofessionnelle<\/h2>\n\n\n\n<p>Mettre les importations de pains et produits de petite boulangerie au m\u00eame niveau que les produits de biscuiterie et chocolaterie est une aberration. Il est temps, avant qu\u2019il ne soit trop tard, de mettre en place une structure interprofessionnelle pour peser de tout son poids, dans le monde politique actuel afin d\u2019\u00e9viter la disparition des exploitations agricoles, des artisans boulangers-p\u00e2tissiers-confiseurs-chocolatiers et autres, malmen\u00e9s par les acteurs de la malbouffe, de la grande consommation pratiquant des prix d\u2019appels voire plus.<br>Il est n\u00e9cessaire d\u2019effectuer du lobbyisme intensif aupr\u00e8s des partis politiques, des \u00e9lus, rappeler la n\u00e9cessit\u00e9 du tissu que repr\u00e9sentent les m\u00e9tiers de la terre pour l\u2019approvisionnement du pays et son ind\u00e9pendance alimentaire, mais aussi les m\u00e9tiers qui transforment les produits de base, creusets de proximit\u00e9 et de qualit\u00e9.<\/p>\n\n\n\n<h2 class=\"wp-block-heading\" id=\"h-avant-qu-il-ne-soit-trop-tard\">Avant qu\u2019il ne soit trop tard<\/h2>\n\n\n\n<p>C\u2019est l\u00e0 que se justifie la n\u00e9cessaire unit\u00e9 sous un embl\u00e8me commun, pour peser fortement sur les sph\u00e8res d\u00e9cisionnelles, faire changer l\u2019\u00e9tat d\u2019esprit actuel avant qu\u2019il ne soit trop tard, que les importations envahissent nos march\u00e9s et que les exportations se fassent sur le dos de l\u2019agriculture et de l\u2019artisanat de l\u2019alimentation. Il en va de notre responsabilit\u00e9 de s\u2019engager dans nos associations afin de les soutenir, de se prononcer lors des votations et \u00e9lections, de s\u2019engager chacun \u00e0 sa mesure dans le monde politique pour ne pas \u00eatre pouss\u00e9 dans la marge et s\u2019unir en fraternit\u00e9 de d\u00e9fense afin d\u2019\u00eatre plus fort et prendre le monde de la consommation \u00e0 t\u00e9moin afin qu\u2019il agisse avec nous.<\/p>\n","protected":false},"excerpt":{"rendered":"<p>Penser, r\u00e9fl\u00e9chir et agir deviennent imp\u00e9ratifs dans ce monde en mutation, qui voit la destruction massive de la sph\u00e8re de l\u2019artisanat, de l\u2019alimentation, de l\u2019agriculture, ainsi que du monde paysan et ses structures et celui de la boulangerie-p\u00e2tisserie, confiserie, chocolaterie. Le monde politique a mis dans un tiroir les n\u00e9cessit\u00e9s et l\u2019imp\u00e9ratif d\u2019\u00e9couter les probl\u00e8mes et les maux qui d\u00e9coulent [&hellip;]<\/p>\n","protected":false},"author":1,"featured_media":9654,"comment_status":"open","ping_status":"closed","sticky":false,"template":"","format":"standard","meta":{"_acf_changed":false,"footnotes":""},"categories":[45],"tags":[],"class_list":["post-9653","post","type-post","status-publish","format-standard","has-post-thumbnail","hentry","category-environnement-professionnel"],"acf":[],"yoast_head":"<!-- This site is optimized with the Yoast SEO Premium plugin v26.8 (Yoast SEO v26.8) - https:\/\/yoast.com\/product\/yoast-seo-premium-wordpress\/ -->\n<title>Interprofessions, n\u00e9cessit\u00e9\u2009? | SBC<\/title>\n<meta name=\"robots\" content=\"index, follow, max-snippet:-1, max-image-preview:large, max-video-preview:-1\" \/>\n<link rel=\"canonical\" href=\"https:\/\/swissbaker.ch\/fr\/panissimo-news\/interprofessions-necessite\/\" \/>\n<meta property=\"og:locale\" content=\"fr_FR\" \/>\n<meta property=\"og:type\" content=\"article\" \/>\n<meta property=\"og:title\" content=\"Interprofessions, n\u00e9cessit\u00e9\u2009?\" \/>\n<meta property=\"og:description\" content=\"Penser, r\u00e9fl\u00e9chir et agir deviennent imp\u00e9ratifs dans ce monde en mutation, qui voit la destruction massive de la sph\u00e8re de l\u2019artisanat, de l\u2019alimentation, de l\u2019agriculture, ainsi que du monde paysan et ses structures et celui de la boulangerie-p\u00e2tisserie, confiserie, chocolaterie. Le monde politique a mis dans un tiroir les n\u00e9cessit\u00e9s et l\u2019imp\u00e9ratif d\u2019\u00e9couter les probl\u00e8mes et les maux qui d\u00e9coulent [&hellip;]\" \/>\n<meta property=\"og:url\" content=\"https:\/\/swissbaker.ch\/fr\/panissimo-news\/interprofessions-necessite\/\" \/>\n<meta property=\"og:site_name\" content=\"SBC\" \/>\n<meta property=\"article:publisher\" content=\"https:\/\/www.facebook.com\/swissbaker.ch\" \/>\n<meta property=\"article:published_time\" content=\"2020-06-18T12:27:00+00:00\" \/>\n<meta property=\"article:modified_time\" content=\"2022-05-12T12:29:39+00:00\" \/>\n<meta property=\"og:image\" content=\"https:\/\/swissbaker.ch\/wp-content\/uploads\/2022\/05\/12_2_bernard_pignat-1.jpeg\" \/>\n\t<meta property=\"og:image:width\" content=\"800\" \/>\n\t<meta property=\"og:image:height\" content=\"474\" \/>\n\t<meta property=\"og:image:type\" content=\"image\/jpeg\" \/>\n<meta name=\"author\" content=\"azureart\" \/>\n<meta name=\"twitter:card\" content=\"summary_large_image\" \/>\n<meta name=\"twitter:creator\" content=\"@ch_swissbaker\" \/>\n<meta name=\"twitter:site\" content=\"@ch_swissbaker\" \/>\n<meta name=\"twitter:label1\" content=\"Written by\" \/>\n\t<meta name=\"twitter:data1\" content=\"azureart\" \/>\n\t<meta name=\"twitter:label2\" content=\"Est. reading time\" \/>\n\t<meta name=\"twitter:data2\" content=\"2 minutes\" \/>\n<script type=\"application\/ld+json\" class=\"yoast-schema-graph\">{\"@context\":\"https:\/\/schema.org\",\"@graph\":[{\"@type\":\"Article\",\"@id\":\"https:\/\/swissbaker.ch\/fr\/panissimo-news\/interprofessions-necessite\/#article\",\"isPartOf\":{\"@id\":\"https:\/\/swissbaker.ch\/fr\/panissimo-news\/interprofessions-necessite\/\"},\"author\":{\"name\":\"azureart\",\"@id\":\"https:\/\/swissbaker.ch\/fr\/#\/schema\/person\/058ac47619f7da53df62aba60f939b78\"},\"headline\":\"Interprofessions, n\u00e9cessit\u00e9\u2009?\",\"datePublished\":\"2020-06-18T12:27:00+00:00\",\"dateModified\":\"2022-05-12T12:29:39+00:00\",\"mainEntityOfPage\":{\"@id\":\"https:\/\/swissbaker.ch\/fr\/panissimo-news\/interprofessions-necessite\/\"},\"wordCount\":417,\"commentCount\":0,\"publisher\":{\"@id\":\"https:\/\/swissbaker.ch\/fr\/#organization\"},\"image\":{\"@id\":\"https:\/\/swissbaker.ch\/fr\/panissimo-news\/interprofessions-necessite\/#primaryimage\"},\"thumbnailUrl\":\"https:\/\/swissbaker.ch\/wp-content\/uploads\/2022\/05\/12_2_bernard_pignat-1.jpeg\",\"articleSection\":[\"Environnement professionnel\"],\"inLanguage\":\"fr-FR\",\"potentialAction\":[{\"@type\":\"CommentAction\",\"name\":\"Comment\",\"target\":[\"https:\/\/swissbaker.ch\/fr\/panissimo-news\/interprofessions-necessite\/#respond\"]}]},{\"@type\":\"WebPage\",\"@id\":\"https:\/\/swissbaker.ch\/fr\/panissimo-news\/interprofessions-necessite\/\",\"url\":\"https:\/\/swissbaker.ch\/fr\/panissimo-news\/interprofessions-necessite\/\",\"name\":\"Interprofessions, n\u00e9cessit\u00e9\u2009? | SBC\",\"isPartOf\":{\"@id\":\"https:\/\/swissbaker.ch\/fr\/#website\"},\"primaryImageOfPage\":{\"@id\":\"https:\/\/swissbaker.ch\/fr\/panissimo-news\/interprofessions-necessite\/#primaryimage\"},\"image\":{\"@id\":\"https:\/\/swissbaker.ch\/fr\/panissimo-news\/interprofessions-necessite\/#primaryimage\"},\"thumbnailUrl\":\"https:\/\/swissbaker.ch\/wp-content\/uploads\/2022\/05\/12_2_bernard_pignat-1.jpeg\",\"datePublished\":\"2020-06-18T12:27:00+00:00\",\"dateModified\":\"2022-05-12T12:29:39+00:00\",\"breadcrumb\":{\"@id\":\"https:\/\/swissbaker.ch\/fr\/panissimo-news\/interprofessions-necessite\/#breadcrumb\"},\"inLanguage\":\"fr-FR\",\"potentialAction\":[{\"@type\":\"ReadAction\",\"target\":[\"https:\/\/swissbaker.ch\/fr\/panissimo-news\/interprofessions-necessite\/\"]}]},{\"@type\":\"ImageObject\",\"inLanguage\":\"fr-FR\",\"@id\":\"https:\/\/swissbaker.ch\/fr\/panissimo-news\/interprofessions-necessite\/#primaryimage\",\"url\":\"https:\/\/swissbaker.ch\/wp-content\/uploads\/2022\/05\/12_2_bernard_pignat-1.jpeg\",\"contentUrl\":\"https:\/\/swissbaker.ch\/wp-content\/uploads\/2022\/05\/12_2_bernard_pignat-1.jpeg\",\"width\":800,\"height\":474,\"caption\":\"Interprofessions, n\u00e9cessit\u00e9\u2009?\"},{\"@type\":\"BreadcrumbList\",\"@id\":\"https:\/\/swissbaker.ch\/fr\/panissimo-news\/interprofessions-necessite\/#breadcrumb\",\"itemListElement\":[{\"@type\":\"ListItem\",\"position\":1,\"name\":\"\",\"item\":\"https:\/\/swissbaker.ch\/fr\/\"},{\"@type\":\"ListItem\",\"position\":2,\"name\":\"Environnement professionnel\",\"item\":\"https:\/\/swissbaker.ch\/fr\/panissimo-news\/category\/environnement-professionnel\/\"},{\"@type\":\"ListItem\",\"position\":3,\"name\":\"Interprofessions, n\u00e9cessit\u00e9\u2009?\"}]},{\"@type\":\"WebSite\",\"@id\":\"https:\/\/swissbaker.ch\/fr\/#website\",\"url\":\"https:\/\/swissbaker.ch\/fr\/\",\"name\":\"SBC\",\"description\":\"\",\"publisher\":{\"@id\":\"https:\/\/swissbaker.ch\/fr\/#organization\"},\"potentialAction\":[{\"@type\":\"SearchAction\",\"target\":{\"@type\":\"EntryPoint\",\"urlTemplate\":\"https:\/\/swissbaker.ch\/fr\/?s={search_term_string}\"},\"query-input\":{\"@type\":\"PropertyValueSpecification\",\"valueRequired\":true,\"valueName\":\"search_term_string\"}}],\"inLanguage\":\"fr-FR\"},{\"@type\":\"Organization\",\"@id\":\"https:\/\/swissbaker.ch\/fr\/#organization\",\"name\":\"Schweizerischer B\u00e4cker-Confiseurmeister-Verband\",\"url\":\"https:\/\/swissbaker.ch\/fr\/\",\"logo\":{\"@type\":\"ImageObject\",\"inLanguage\":\"fr-FR\",\"@id\":\"https:\/\/swissbaker.ch\/fr\/#\/schema\/logo\/image\/\",\"url\":\"https:\/\/swissbaker.ch\/wp-content\/uploads\/2022\/04\/sbc-logo-yoast.jpg\",\"contentUrl\":\"https:\/\/swissbaker.ch\/wp-content\/uploads\/2022\/04\/sbc-logo-yoast.jpg\",\"width\":512,\"height\":512,\"caption\":\"Schweizerischer B\u00e4cker-Confiseurmeister-Verband\"},\"image\":{\"@id\":\"https:\/\/swissbaker.ch\/fr\/#\/schema\/logo\/image\/\"},\"sameAs\":[\"https:\/\/www.facebook.com\/swissbaker.ch\",\"https:\/\/x.com\/ch_swissbaker\"]},{\"@type\":\"Person\",\"@id\":\"https:\/\/swissbaker.ch\/fr\/#\/schema\/person\/058ac47619f7da53df62aba60f939b78\",\"name\":\"azureart\",\"image\":{\"@type\":\"ImageObject\",\"inLanguage\":\"fr-FR\",\"@id\":\"https:\/\/swissbaker.ch\/fr\/#\/schema\/person\/image\/\",\"url\":\"https:\/\/secure.gravatar.com\/avatar\/be04dd3098fd612c83067af4f7a295384c93cb6a9112f51beb9d2f477d25da61?s=96&d=mm&r=g\",\"contentUrl\":\"https:\/\/secure.gravatar.com\/avatar\/be04dd3098fd612c83067af4f7a295384c93cb6a9112f51beb9d2f477d25da61?s=96&d=mm&r=g\",\"caption\":\"azureart\"},\"sameAs\":[\"https:\/\/swissbaker.ch\"],\"url\":\"https:\/\/swissbaker.ch\/fr\/panissimo-news\/author\/pixel-ahoi\/\"}]}<\/script>\n<!-- \/ Yoast SEO Premium plugin. -->","yoast_head_json":{"title":"Interprofessions, n\u00e9cessit\u00e9\u2009? | SBC","robots":{"index":"index","follow":"follow","max-snippet":"max-snippet:-1","max-image-preview":"max-image-preview:large","max-video-preview":"max-video-preview:-1"},"canonical":"https:\/\/swissbaker.ch\/fr\/panissimo-news\/interprofessions-necessite\/","og_locale":"fr_FR","og_type":"article","og_title":"Interprofessions, n\u00e9cessit\u00e9\u2009?","og_description":"Penser, r\u00e9fl\u00e9chir et agir deviennent imp\u00e9ratifs dans ce monde en mutation, qui voit la destruction massive de la sph\u00e8re de l\u2019artisanat, de l\u2019alimentation, de l\u2019agriculture, ainsi que du monde paysan et ses structures et celui de la boulangerie-p\u00e2tisserie, confiserie, chocolaterie. Le monde politique a mis dans un tiroir les n\u00e9cessit\u00e9s et l\u2019imp\u00e9ratif d\u2019\u00e9couter les probl\u00e8mes et les maux qui d\u00e9coulent [&hellip;]","og_url":"https:\/\/swissbaker.ch\/fr\/panissimo-news\/interprofessions-necessite\/","og_site_name":"SBC","article_publisher":"https:\/\/www.facebook.com\/swissbaker.ch","article_published_time":"2020-06-18T12:27:00+00:00","article_modified_time":"2022-05-12T12:29:39+00:00","og_image":[{"width":800,"height":474,"url":"https:\/\/swissbaker.ch\/wp-content\/uploads\/2022\/05\/12_2_bernard_pignat-1.jpeg","type":"image\/jpeg"}],"author":"azureart","twitter_card":"summary_large_image","twitter_creator":"@ch_swissbaker","twitter_site":"@ch_swissbaker","twitter_misc":{"Written by":"azureart","Est. reading time":"2 minutes"},"schema":{"@context":"https:\/\/schema.org","@graph":[{"@type":"Article","@id":"https:\/\/swissbaker.ch\/fr\/panissimo-news\/interprofessions-necessite\/#article","isPartOf":{"@id":"https:\/\/swissbaker.ch\/fr\/panissimo-news\/interprofessions-necessite\/"},"author":{"name":"azureart","@id":"https:\/\/swissbaker.ch\/fr\/#\/schema\/person\/058ac47619f7da53df62aba60f939b78"},"headline":"Interprofessions, n\u00e9cessit\u00e9\u2009?","datePublished":"2020-06-18T12:27:00+00:00","dateModified":"2022-05-12T12:29:39+00:00","mainEntityOfPage":{"@id":"https:\/\/swissbaker.ch\/fr\/panissimo-news\/interprofessions-necessite\/"},"wordCount":417,"commentCount":0,"publisher":{"@id":"https:\/\/swissbaker.ch\/fr\/#organization"},"image":{"@id":"https:\/\/swissbaker.ch\/fr\/panissimo-news\/interprofessions-necessite\/#primaryimage"},"thumbnailUrl":"https:\/\/swissbaker.ch\/wp-content\/uploads\/2022\/05\/12_2_bernard_pignat-1.jpeg","articleSection":["Environnement professionnel"],"inLanguage":"fr-FR","potentialAction":[{"@type":"CommentAction","name":"Comment","target":["https:\/\/swissbaker.ch\/fr\/panissimo-news\/interprofessions-necessite\/#respond"]}]},{"@type":"WebPage","@id":"https:\/\/swissbaker.ch\/fr\/panissimo-news\/interprofessions-necessite\/","url":"https:\/\/swissbaker.ch\/fr\/panissimo-news\/interprofessions-necessite\/","name":"Interprofessions, n\u00e9cessit\u00e9\u2009? | SBC","isPartOf":{"@id":"https:\/\/swissbaker.ch\/fr\/#website"},"primaryImageOfPage":{"@id":"https:\/\/swissbaker.ch\/fr\/panissimo-news\/interprofessions-necessite\/#primaryimage"},"image":{"@id":"https:\/\/swissbaker.ch\/fr\/panissimo-news\/interprofessions-necessite\/#primaryimage"},"thumbnailUrl":"https:\/\/swissbaker.ch\/wp-content\/uploads\/2022\/05\/12_2_bernard_pignat-1.jpeg","datePublished":"2020-06-18T12:27:00+00:00","dateModified":"2022-05-12T12:29:39+00:00","breadcrumb":{"@id":"https:\/\/swissbaker.ch\/fr\/panissimo-news\/interprofessions-necessite\/#breadcrumb"},"inLanguage":"fr-FR","potentialAction":[{"@type":"ReadAction","target":["https:\/\/swissbaker.ch\/fr\/panissimo-news\/interprofessions-necessite\/"]}]},{"@type":"ImageObject","inLanguage":"fr-FR","@id":"https:\/\/swissbaker.ch\/fr\/panissimo-news\/interprofessions-necessite\/#primaryimage","url":"https:\/\/swissbaker.ch\/wp-content\/uploads\/2022\/05\/12_2_bernard_pignat-1.jpeg","contentUrl":"https:\/\/swissbaker.ch\/wp-content\/uploads\/2022\/05\/12_2_bernard_pignat-1.jpeg","width":800,"height":474,"caption":"Interprofessions, n\u00e9cessit\u00e9\u2009?"},{"@type":"BreadcrumbList","@id":"https:\/\/swissbaker.ch\/fr\/panissimo-news\/interprofessions-necessite\/#breadcrumb","itemListElement":[{"@type":"ListItem","position":1,"name":"","item":"https:\/\/swissbaker.ch\/fr\/"},{"@type":"ListItem","position":2,"name":"Environnement professionnel","item":"https:\/\/swissbaker.ch\/fr\/panissimo-news\/category\/environnement-professionnel\/"},{"@type":"ListItem","position":3,"name":"Interprofessions, n\u00e9cessit\u00e9\u2009?"}]},{"@type":"WebSite","@id":"https:\/\/swissbaker.ch\/fr\/#website","url":"https:\/\/swissbaker.ch\/fr\/","name":"SBC","description":"","publisher":{"@id":"https:\/\/swissbaker.ch\/fr\/#organization"},"potentialAction":[{"@type":"SearchAction","target":{"@type":"EntryPoint","urlTemplate":"https:\/\/swissbaker.ch\/fr\/?s={search_term_string}"},"query-input":{"@type":"PropertyValueSpecification","valueRequired":true,"valueName":"search_term_string"}}],"inLanguage":"fr-FR"},{"@type":"Organization","@id":"https:\/\/swissbaker.ch\/fr\/#organization","name":"Schweizerischer B\u00e4cker-Confiseurmeister-Verband","url":"https:\/\/swissbaker.ch\/fr\/","logo":{"@type":"ImageObject","inLanguage":"fr-FR","@id":"https:\/\/swissbaker.ch\/fr\/#\/schema\/logo\/image\/","url":"https:\/\/swissbaker.ch\/wp-content\/uploads\/2022\/04\/sbc-logo-yoast.jpg","contentUrl":"https:\/\/swissbaker.ch\/wp-content\/uploads\/2022\/04\/sbc-logo-yoast.jpg","width":512,"height":512,"caption":"Schweizerischer B\u00e4cker-Confiseurmeister-Verband"},"image":{"@id":"https:\/\/swissbaker.ch\/fr\/#\/schema\/logo\/image\/"},"sameAs":["https:\/\/www.facebook.com\/swissbaker.ch","https:\/\/x.com\/ch_swissbaker"]},{"@type":"Person","@id":"https:\/\/swissbaker.ch\/fr\/#\/schema\/person\/058ac47619f7da53df62aba60f939b78","name":"azureart","image":{"@type":"ImageObject","inLanguage":"fr-FR","@id":"https:\/\/swissbaker.ch\/fr\/#\/schema\/person\/image\/","url":"https:\/\/secure.gravatar.com\/avatar\/be04dd3098fd612c83067af4f7a295384c93cb6a9112f51beb9d2f477d25da61?s=96&d=mm&r=g","contentUrl":"https:\/\/secure.gravatar.com\/avatar\/be04dd3098fd612c83067af4f7a295384c93cb6a9112f51beb9d2f477d25da61?s=96&d=mm&r=g","caption":"azureart"},"sameAs":["https:\/\/swissbaker.ch"],"url":"https:\/\/swissbaker.ch\/fr\/panissimo-news\/author\/pixel-ahoi\/"}]}},"_links":{"self":[{"href":"https:\/\/swissbaker.ch\/fr\/wp-json\/wp\/v2\/posts\/9653","targetHints":{"allow":["GET"]}}],"collection":[{"href":"https:\/\/swissbaker.ch\/fr\/wp-json\/wp\/v2\/posts"}],"about":[{"href":"https:\/\/swissbaker.ch\/fr\/wp-json\/wp\/v2\/types\/post"}],"author":[{"embeddable":true,"href":"https:\/\/swissbaker.ch\/fr\/wp-json\/wp\/v2\/users\/1"}],"replies":[{"embeddable":true,"href":"https:\/\/swissbaker.ch\/fr\/wp-json\/wp\/v2\/comments?post=9653"}],"version-history":[{"count":0,"href":"https:\/\/swissbaker.ch\/fr\/wp-json\/wp\/v2\/posts\/9653\/revisions"}],"wp:featuredmedia":[{"embeddable":true,"href":"https:\/\/swissbaker.ch\/fr\/wp-json\/wp\/v2\/media\/9654"}],"wp:attachment":[{"href":"https:\/\/swissbaker.ch\/fr\/wp-json\/wp\/v2\/media?parent=9653"}],"wp:term":[{"taxonomy":"category","embeddable":true,"href":"https:\/\/swissbaker.ch\/fr\/wp-json\/wp\/v2\/categories?post=9653"},{"taxonomy":"post_tag","embeddable":true,"href":"https:\/\/swissbaker.ch\/fr\/wp-json\/wp\/v2\/tags?post=9653"}],"curies":[{"name":"wp","href":"https:\/\/api.w.org\/{rel}","templated":true}]}}