{"id":9648,"date":"2020-06-18T11:26:00","date_gmt":"2020-06-18T09:26:00","guid":{"rendered":"https:\/\/swissbaker.ch\/?p=9648"},"modified":"2022-05-12T14:27:37","modified_gmt":"2022-05-12T12:27:37","slug":"confirmation-du-ca-et-election-dun-nouveau-membre","status":"publish","type":"post","link":"https:\/\/swissbaker.ch\/fr\/panissimo-news\/confirmation-du-ca-et-election-dun-nouveau-membre\/","title":{"rendered":"Confirmation du CA et \u00e9lection d&#8217;un nouveau membre"},"content":{"rendered":"\n<p><strong>A l\u2019occasion de l\u2019assembl\u00e9e g\u00e9n\u00e9rale en ligne de la BCS Fiduciaire, organis\u00e9e mardi dernier, l\u2019ensemble du conseil d\u2019administration pr\u00e9sid\u00e9 par Kaspar Sutter a \u00e9t\u00e9 confirm\u00e9 dans ses fonctions. Il a accueilli un nou-veau membre dans ses rangs en la personne de Benjamin Schreiber, le responsable de la succursale de Saint-Gall.<\/strong><\/p>\n\n\n\n<p>La composition d\u00e9finitive du conseil d\u2019administration (CA) de la BCS Fiduciaire est la suivante: le repr\u00e9sentant des membres de la BCS de Suisse orientale (Adrian Studer, Niederurnen\/GL), le repr\u00e9sentant des membres de la BCS de Suisse romande (Fran\u00e7ois Wolfisberg, Carouge\/GE); le directeur de la BCS Fiduciaire SA (Bernhard Zihlmann); le pr\u00e9sident du CA en exercice (Kaspar Sutter); le directeur de la BCS (Urs Wellauer); le pr\u00e9sident de la BCS (Silvan Hotz); la responsable de la succursale de Pully (Val\u00e9rie Morel); le responsable de la succursale de Saint-Gall (Benjamin Schreiber, nouveau membre); le d\u00e9l\u00e9gu\u00e9 du CA de Gastroconsult SA (Jakob Huber), qui d\u00e9tient comme la BCS 50% des actions du capital de la fiduciaire.<\/p>\n\n\n\n<h2 class=\"wp-block-heading\" id=\"h-annee-2019-positive\">Ann\u00e9e 2019 positive<\/h2>\n\n\n\n<p>Le bilan annuel et les comptes 2019, ainsi que le montant des dividendes (8%) ont \u00e9t\u00e9 approuv\u00e9s \u00e0 l\u2019occasion de l\u2019AG. Etabli \u00e0 2969798 francs, le chiffre d\u2019affaires total a enregistr\u00e9 un l\u00e9ger recul sur la p\u00e9riode 2018\/2019 par rapport \u00e0 l\u2019exercice pr\u00e9c\u00e9dent (3110685). Les charges de personnel ont baiss\u00e9 de 1,87%. Les charges d\u2019exploitation ont \u00e9galement \u00e9t\u00e9 l\u00e9g\u00e8rement inf\u00e9rieures \u00e0 l\u2019exercice pr\u00e9c\u00e9dent.<\/p>\n\n\n\n<p>Malgr\u00e9 ces r\u00e9sultats, l\u2019entreprise a enregistr\u00e9 un b\u00e9n\u00e9fice annuel de 1265 francs (contre 8325 sur l\u2019exercice pr\u00e9c\u00e9dent). Le total du bilan s\u2019\u00e9levait \u00e0 1971988 francs au 30 septembre 2019. \u00abCe bilan est le signe d\u2019une bonne sant\u00e9 et d\u2019un bon \u00e9quilibre entre engagements et moyens disponibles\u00bb, a r\u00e9sum\u00e9 Bernhard Zihlmann, directeur de la BCS Fiduciaire.<\/p>\n","protected":false},"excerpt":{"rendered":"<p>A l\u2019occasion de l\u2019assembl\u00e9e g\u00e9n\u00e9rale en ligne de la BCS Fiduciaire, organis\u00e9e mardi dernier, l\u2019ensemble du conseil d\u2019administration pr\u00e9sid\u00e9 par Kaspar Sutter a \u00e9t\u00e9 confirm\u00e9 dans ses fonctions. Il a accueilli un nou-veau membre dans ses rangs en la personne de Benjamin Schreiber, le responsable de la succursale de Saint-Gall. La composition d\u00e9finitive du conseil d\u2019administration (CA) de la BCS [&hellip;]<\/p>\n","protected":false},"author":1,"featured_media":5782,"comment_status":"open","ping_status":"closed","sticky":false,"template":"","format":"standard","meta":{"_acf_changed":false,"footnotes":""},"categories":[41],"tags":[],"class_list":["post-9648","post","type-post","status-publish","format-standard","has-post-thumbnail","hentry","category-association"],"acf":[],"yoast_head":"<!-- This site is optimized with the Yoast SEO Premium plugin v26.8 (Yoast SEO v26.8) - https:\/\/yoast.com\/product\/yoast-seo-premium-wordpress\/ -->\n<title>Confirmation du CA et \u00e9lection d&#039;un nouveau membre | SBC<\/title>\n<meta name=\"robots\" content=\"index, follow, max-snippet:-1, max-image-preview:large, max-video-preview:-1\" \/>\n<link rel=\"canonical\" href=\"https:\/\/swissbaker.ch\/fr\/panissimo-news\/confirmation-du-ca-et-election-dun-nouveau-membre\/\" \/>\n<meta property=\"og:locale\" content=\"fr_FR\" \/>\n<meta property=\"og:type\" content=\"article\" \/>\n<meta property=\"og:title\" content=\"Confirmation du CA et \u00e9lection d&#039;un nouveau membre\" \/>\n<meta property=\"og:description\" content=\"A l\u2019occasion de l\u2019assembl\u00e9e g\u00e9n\u00e9rale en ligne de la BCS Fiduciaire, organis\u00e9e mardi dernier, l\u2019ensemble du conseil d\u2019administration pr\u00e9sid\u00e9 par Kaspar Sutter a \u00e9t\u00e9 confirm\u00e9 dans ses fonctions. Il a accueilli un nou-veau membre dans ses rangs en la personne de Benjamin Schreiber, le responsable de la succursale de Saint-Gall. La composition d\u00e9finitive du conseil d\u2019administration (CA) de la BCS [&hellip;]\" \/>\n<meta property=\"og:url\" content=\"https:\/\/swissbaker.ch\/fr\/panissimo-news\/confirmation-du-ca-et-election-dun-nouveau-membre\/\" \/>\n<meta property=\"og:site_name\" content=\"SBC\" \/>\n<meta property=\"article:publisher\" content=\"https:\/\/www.facebook.com\/swissbaker.ch\" \/>\n<meta property=\"article:published_time\" content=\"2020-06-18T09:26:00+00:00\" \/>\n<meta property=\"article:modified_time\" content=\"2022-05-12T12:27:37+00:00\" \/>\n<meta property=\"og:image\" content=\"https:\/\/swissbaker.ch\/wp-content\/uploads\/2022\/03\/12_2_vr_treuhand.jpeg\" \/>\n\t<meta property=\"og:image:width\" content=\"800\" \/>\n\t<meta property=\"og:image:height\" content=\"474\" \/>\n\t<meta property=\"og:image:type\" content=\"image\/jpeg\" \/>\n<meta name=\"author\" content=\"azureart\" \/>\n<meta name=\"twitter:card\" content=\"summary_large_image\" \/>\n<meta name=\"twitter:creator\" content=\"@ch_swissbaker\" \/>\n<meta name=\"twitter:site\" content=\"@ch_swissbaker\" \/>\n<meta name=\"twitter:label1\" content=\"Written by\" \/>\n\t<meta name=\"twitter:data1\" content=\"azureart\" \/>\n\t<meta name=\"twitter:label2\" content=\"Est. reading time\" \/>\n\t<meta name=\"twitter:data2\" content=\"2 minutes\" \/>\n<script type=\"application\/ld+json\" class=\"yoast-schema-graph\">{\"@context\":\"https:\/\/schema.org\",\"@graph\":[{\"@type\":\"Article\",\"@id\":\"https:\/\/swissbaker.ch\/fr\/panissimo-news\/confirmation-du-ca-et-election-dun-nouveau-membre\/#article\",\"isPartOf\":{\"@id\":\"https:\/\/swissbaker.ch\/fr\/panissimo-news\/confirmation-du-ca-et-election-dun-nouveau-membre\/\"},\"author\":{\"name\":\"azureart\",\"@id\":\"https:\/\/swissbaker.ch\/fr\/#\/schema\/person\/058ac47619f7da53df62aba60f939b78\"},\"headline\":\"Confirmation du CA et \u00e9lection d&#8217;un nouveau membre\",\"datePublished\":\"2020-06-18T09:26:00+00:00\",\"dateModified\":\"2022-05-12T12:27:37+00:00\",\"mainEntityOfPage\":{\"@id\":\"https:\/\/swissbaker.ch\/fr\/panissimo-news\/confirmation-du-ca-et-election-dun-nouveau-membre\/\"},\"wordCount\":325,\"commentCount\":0,\"publisher\":{\"@id\":\"https:\/\/swissbaker.ch\/fr\/#organization\"},\"image\":{\"@id\":\"https:\/\/swissbaker.ch\/fr\/panissimo-news\/confirmation-du-ca-et-election-dun-nouveau-membre\/#primaryimage\"},\"thumbnailUrl\":\"https:\/\/swissbaker.ch\/wp-content\/uploads\/2022\/03\/12_2_vr_treuhand.jpeg\",\"articleSection\":[\"Association\"],\"inLanguage\":\"fr-FR\",\"potentialAction\":[{\"@type\":\"CommentAction\",\"name\":\"Comment\",\"target\":[\"https:\/\/swissbaker.ch\/fr\/panissimo-news\/confirmation-du-ca-et-election-dun-nouveau-membre\/#respond\"]}]},{\"@type\":\"WebPage\",\"@id\":\"https:\/\/swissbaker.ch\/fr\/panissimo-news\/confirmation-du-ca-et-election-dun-nouveau-membre\/\",\"url\":\"https:\/\/swissbaker.ch\/fr\/panissimo-news\/confirmation-du-ca-et-election-dun-nouveau-membre\/\",\"name\":\"Confirmation du CA et \u00e9lection d'un nouveau membre | SBC\",\"isPartOf\":{\"@id\":\"https:\/\/swissbaker.ch\/fr\/#website\"},\"primaryImageOfPage\":{\"@id\":\"https:\/\/swissbaker.ch\/fr\/panissimo-news\/confirmation-du-ca-et-election-dun-nouveau-membre\/#primaryimage\"},\"image\":{\"@id\":\"https:\/\/swissbaker.ch\/fr\/panissimo-news\/confirmation-du-ca-et-election-dun-nouveau-membre\/#primaryimage\"},\"thumbnailUrl\":\"https:\/\/swissbaker.ch\/wp-content\/uploads\/2022\/03\/12_2_vr_treuhand.jpeg\",\"datePublished\":\"2020-06-18T09:26:00+00:00\",\"dateModified\":\"2022-05-12T12:27:37+00:00\",\"breadcrumb\":{\"@id\":\"https:\/\/swissbaker.ch\/fr\/panissimo-news\/confirmation-du-ca-et-election-dun-nouveau-membre\/#breadcrumb\"},\"inLanguage\":\"fr-FR\",\"potentialAction\":[{\"@type\":\"ReadAction\",\"target\":[\"https:\/\/swissbaker.ch\/fr\/panissimo-news\/confirmation-du-ca-et-election-dun-nouveau-membre\/\"]}]},{\"@type\":\"ImageObject\",\"inLanguage\":\"fr-FR\",\"@id\":\"https:\/\/swissbaker.ch\/fr\/panissimo-news\/confirmation-du-ca-et-election-dun-nouveau-membre\/#primaryimage\",\"url\":\"https:\/\/swissbaker.ch\/wp-content\/uploads\/2022\/03\/12_2_vr_treuhand.jpeg\",\"contentUrl\":\"https:\/\/swissbaker.ch\/wp-content\/uploads\/2022\/03\/12_2_vr_treuhand.jpeg\",\"width\":800,\"height\":474,\"caption\":\"Confirmation du CA et \u00e9lection d'un nouveau membre\"},{\"@type\":\"BreadcrumbList\",\"@id\":\"https:\/\/swissbaker.ch\/fr\/panissimo-news\/confirmation-du-ca-et-election-dun-nouveau-membre\/#breadcrumb\",\"itemListElement\":[{\"@type\":\"ListItem\",\"position\":1,\"name\":\"\",\"item\":\"https:\/\/swissbaker.ch\/fr\/\"},{\"@type\":\"ListItem\",\"position\":2,\"name\":\"Association\",\"item\":\"https:\/\/swissbaker.ch\/fr\/panissimo-news\/category\/association\/\"},{\"@type\":\"ListItem\",\"position\":3,\"name\":\"Confirmation du CA et \u00e9lection d&rsquo;un nouveau membre\"}]},{\"@type\":\"WebSite\",\"@id\":\"https:\/\/swissbaker.ch\/fr\/#website\",\"url\":\"https:\/\/swissbaker.ch\/fr\/\",\"name\":\"SBC\",\"description\":\"\",\"publisher\":{\"@id\":\"https:\/\/swissbaker.ch\/fr\/#organization\"},\"potentialAction\":[{\"@type\":\"SearchAction\",\"target\":{\"@type\":\"EntryPoint\",\"urlTemplate\":\"https:\/\/swissbaker.ch\/fr\/?s={search_term_string}\"},\"query-input\":{\"@type\":\"PropertyValueSpecification\",\"valueRequired\":true,\"valueName\":\"search_term_string\"}}],\"inLanguage\":\"fr-FR\"},{\"@type\":\"Organization\",\"@id\":\"https:\/\/swissbaker.ch\/fr\/#organization\",\"name\":\"Schweizerischer B\u00e4cker-Confiseurmeister-Verband\",\"url\":\"https:\/\/swissbaker.ch\/fr\/\",\"logo\":{\"@type\":\"ImageObject\",\"inLanguage\":\"fr-FR\",\"@id\":\"https:\/\/swissbaker.ch\/fr\/#\/schema\/logo\/image\/\",\"url\":\"https:\/\/swissbaker.ch\/wp-content\/uploads\/2022\/04\/sbc-logo-yoast.jpg\",\"contentUrl\":\"https:\/\/swissbaker.ch\/wp-content\/uploads\/2022\/04\/sbc-logo-yoast.jpg\",\"width\":512,\"height\":512,\"caption\":\"Schweizerischer B\u00e4cker-Confiseurmeister-Verband\"},\"image\":{\"@id\":\"https:\/\/swissbaker.ch\/fr\/#\/schema\/logo\/image\/\"},\"sameAs\":[\"https:\/\/www.facebook.com\/swissbaker.ch\",\"https:\/\/x.com\/ch_swissbaker\"]},{\"@type\":\"Person\",\"@id\":\"https:\/\/swissbaker.ch\/fr\/#\/schema\/person\/058ac47619f7da53df62aba60f939b78\",\"name\":\"azureart\",\"image\":{\"@type\":\"ImageObject\",\"inLanguage\":\"fr-FR\",\"@id\":\"https:\/\/swissbaker.ch\/fr\/#\/schema\/person\/image\/\",\"url\":\"https:\/\/secure.gravatar.com\/avatar\/be04dd3098fd612c83067af4f7a295384c93cb6a9112f51beb9d2f477d25da61?s=96&d=mm&r=g\",\"contentUrl\":\"https:\/\/secure.gravatar.com\/avatar\/be04dd3098fd612c83067af4f7a295384c93cb6a9112f51beb9d2f477d25da61?s=96&d=mm&r=g\",\"caption\":\"azureart\"},\"sameAs\":[\"https:\/\/swissbaker.ch\"],\"url\":\"https:\/\/swissbaker.ch\/fr\/panissimo-news\/author\/pixel-ahoi\/\"}]}<\/script>\n<!-- \/ Yoast SEO Premium plugin. -->","yoast_head_json":{"title":"Confirmation du CA et \u00e9lection d'un nouveau membre | SBC","robots":{"index":"index","follow":"follow","max-snippet":"max-snippet:-1","max-image-preview":"max-image-preview:large","max-video-preview":"max-video-preview:-1"},"canonical":"https:\/\/swissbaker.ch\/fr\/panissimo-news\/confirmation-du-ca-et-election-dun-nouveau-membre\/","og_locale":"fr_FR","og_type":"article","og_title":"Confirmation du CA et \u00e9lection d'un nouveau membre","og_description":"A l\u2019occasion de l\u2019assembl\u00e9e g\u00e9n\u00e9rale en ligne de la BCS Fiduciaire, organis\u00e9e mardi dernier, l\u2019ensemble du conseil d\u2019administration pr\u00e9sid\u00e9 par Kaspar Sutter a \u00e9t\u00e9 confirm\u00e9 dans ses fonctions. Il a accueilli un nou-veau membre dans ses rangs en la personne de Benjamin Schreiber, le responsable de la succursale de Saint-Gall. La composition d\u00e9finitive du conseil d\u2019administration (CA) de la BCS [&hellip;]","og_url":"https:\/\/swissbaker.ch\/fr\/panissimo-news\/confirmation-du-ca-et-election-dun-nouveau-membre\/","og_site_name":"SBC","article_publisher":"https:\/\/www.facebook.com\/swissbaker.ch","article_published_time":"2020-06-18T09:26:00+00:00","article_modified_time":"2022-05-12T12:27:37+00:00","og_image":[{"width":800,"height":474,"url":"https:\/\/swissbaker.ch\/wp-content\/uploads\/2022\/03\/12_2_vr_treuhand.jpeg","type":"image\/jpeg"}],"author":"azureart","twitter_card":"summary_large_image","twitter_creator":"@ch_swissbaker","twitter_site":"@ch_swissbaker","twitter_misc":{"Written by":"azureart","Est. reading time":"2 minutes"},"schema":{"@context":"https:\/\/schema.org","@graph":[{"@type":"Article","@id":"https:\/\/swissbaker.ch\/fr\/panissimo-news\/confirmation-du-ca-et-election-dun-nouveau-membre\/#article","isPartOf":{"@id":"https:\/\/swissbaker.ch\/fr\/panissimo-news\/confirmation-du-ca-et-election-dun-nouveau-membre\/"},"author":{"name":"azureart","@id":"https:\/\/swissbaker.ch\/fr\/#\/schema\/person\/058ac47619f7da53df62aba60f939b78"},"headline":"Confirmation du CA et \u00e9lection d&#8217;un nouveau membre","datePublished":"2020-06-18T09:26:00+00:00","dateModified":"2022-05-12T12:27:37+00:00","mainEntityOfPage":{"@id":"https:\/\/swissbaker.ch\/fr\/panissimo-news\/confirmation-du-ca-et-election-dun-nouveau-membre\/"},"wordCount":325,"commentCount":0,"publisher":{"@id":"https:\/\/swissbaker.ch\/fr\/#organization"},"image":{"@id":"https:\/\/swissbaker.ch\/fr\/panissimo-news\/confirmation-du-ca-et-election-dun-nouveau-membre\/#primaryimage"},"thumbnailUrl":"https:\/\/swissbaker.ch\/wp-content\/uploads\/2022\/03\/12_2_vr_treuhand.jpeg","articleSection":["Association"],"inLanguage":"fr-FR","potentialAction":[{"@type":"CommentAction","name":"Comment","target":["https:\/\/swissbaker.ch\/fr\/panissimo-news\/confirmation-du-ca-et-election-dun-nouveau-membre\/#respond"]}]},{"@type":"WebPage","@id":"https:\/\/swissbaker.ch\/fr\/panissimo-news\/confirmation-du-ca-et-election-dun-nouveau-membre\/","url":"https:\/\/swissbaker.ch\/fr\/panissimo-news\/confirmation-du-ca-et-election-dun-nouveau-membre\/","name":"Confirmation du CA et \u00e9lection d'un nouveau membre | SBC","isPartOf":{"@id":"https:\/\/swissbaker.ch\/fr\/#website"},"primaryImageOfPage":{"@id":"https:\/\/swissbaker.ch\/fr\/panissimo-news\/confirmation-du-ca-et-election-dun-nouveau-membre\/#primaryimage"},"image":{"@id":"https:\/\/swissbaker.ch\/fr\/panissimo-news\/confirmation-du-ca-et-election-dun-nouveau-membre\/#primaryimage"},"thumbnailUrl":"https:\/\/swissbaker.ch\/wp-content\/uploads\/2022\/03\/12_2_vr_treuhand.jpeg","datePublished":"2020-06-18T09:26:00+00:00","dateModified":"2022-05-12T12:27:37+00:00","breadcrumb":{"@id":"https:\/\/swissbaker.ch\/fr\/panissimo-news\/confirmation-du-ca-et-election-dun-nouveau-membre\/#breadcrumb"},"inLanguage":"fr-FR","potentialAction":[{"@type":"ReadAction","target":["https:\/\/swissbaker.ch\/fr\/panissimo-news\/confirmation-du-ca-et-election-dun-nouveau-membre\/"]}]},{"@type":"ImageObject","inLanguage":"fr-FR","@id":"https:\/\/swissbaker.ch\/fr\/panissimo-news\/confirmation-du-ca-et-election-dun-nouveau-membre\/#primaryimage","url":"https:\/\/swissbaker.ch\/wp-content\/uploads\/2022\/03\/12_2_vr_treuhand.jpeg","contentUrl":"https:\/\/swissbaker.ch\/wp-content\/uploads\/2022\/03\/12_2_vr_treuhand.jpeg","width":800,"height":474,"caption":"Confirmation du CA et \u00e9lection d'un nouveau membre"},{"@type":"BreadcrumbList","@id":"https:\/\/swissbaker.ch\/fr\/panissimo-news\/confirmation-du-ca-et-election-dun-nouveau-membre\/#breadcrumb","itemListElement":[{"@type":"ListItem","position":1,"name":"","item":"https:\/\/swissbaker.ch\/fr\/"},{"@type":"ListItem","position":2,"name":"Association","item":"https:\/\/swissbaker.ch\/fr\/panissimo-news\/category\/association\/"},{"@type":"ListItem","position":3,"name":"Confirmation du CA et \u00e9lection d&rsquo;un nouveau membre"}]},{"@type":"WebSite","@id":"https:\/\/swissbaker.ch\/fr\/#website","url":"https:\/\/swissbaker.ch\/fr\/","name":"SBC","description":"","publisher":{"@id":"https:\/\/swissbaker.ch\/fr\/#organization"},"potentialAction":[{"@type":"SearchAction","target":{"@type":"EntryPoint","urlTemplate":"https:\/\/swissbaker.ch\/fr\/?s={search_term_string}"},"query-input":{"@type":"PropertyValueSpecification","valueRequired":true,"valueName":"search_term_string"}}],"inLanguage":"fr-FR"},{"@type":"Organization","@id":"https:\/\/swissbaker.ch\/fr\/#organization","name":"Schweizerischer B\u00e4cker-Confiseurmeister-Verband","url":"https:\/\/swissbaker.ch\/fr\/","logo":{"@type":"ImageObject","inLanguage":"fr-FR","@id":"https:\/\/swissbaker.ch\/fr\/#\/schema\/logo\/image\/","url":"https:\/\/swissbaker.ch\/wp-content\/uploads\/2022\/04\/sbc-logo-yoast.jpg","contentUrl":"https:\/\/swissbaker.ch\/wp-content\/uploads\/2022\/04\/sbc-logo-yoast.jpg","width":512,"height":512,"caption":"Schweizerischer B\u00e4cker-Confiseurmeister-Verband"},"image":{"@id":"https:\/\/swissbaker.ch\/fr\/#\/schema\/logo\/image\/"},"sameAs":["https:\/\/www.facebook.com\/swissbaker.ch","https:\/\/x.com\/ch_swissbaker"]},{"@type":"Person","@id":"https:\/\/swissbaker.ch\/fr\/#\/schema\/person\/058ac47619f7da53df62aba60f939b78","name":"azureart","image":{"@type":"ImageObject","inLanguage":"fr-FR","@id":"https:\/\/swissbaker.ch\/fr\/#\/schema\/person\/image\/","url":"https:\/\/secure.gravatar.com\/avatar\/be04dd3098fd612c83067af4f7a295384c93cb6a9112f51beb9d2f477d25da61?s=96&d=mm&r=g","contentUrl":"https:\/\/secure.gravatar.com\/avatar\/be04dd3098fd612c83067af4f7a295384c93cb6a9112f51beb9d2f477d25da61?s=96&d=mm&r=g","caption":"azureart"},"sameAs":["https:\/\/swissbaker.ch"],"url":"https:\/\/swissbaker.ch\/fr\/panissimo-news\/author\/pixel-ahoi\/"}]}},"_links":{"self":[{"href":"https:\/\/swissbaker.ch\/fr\/wp-json\/wp\/v2\/posts\/9648","targetHints":{"allow":["GET"]}}],"collection":[{"href":"https:\/\/swissbaker.ch\/fr\/wp-json\/wp\/v2\/posts"}],"about":[{"href":"https:\/\/swissbaker.ch\/fr\/wp-json\/wp\/v2\/types\/post"}],"author":[{"embeddable":true,"href":"https:\/\/swissbaker.ch\/fr\/wp-json\/wp\/v2\/users\/1"}],"replies":[{"embeddable":true,"href":"https:\/\/swissbaker.ch\/fr\/wp-json\/wp\/v2\/comments?post=9648"}],"version-history":[{"count":0,"href":"https:\/\/swissbaker.ch\/fr\/wp-json\/wp\/v2\/posts\/9648\/revisions"}],"wp:featuredmedia":[{"embeddable":true,"href":"https:\/\/swissbaker.ch\/fr\/wp-json\/wp\/v2\/media\/5782"}],"wp:attachment":[{"href":"https:\/\/swissbaker.ch\/fr\/wp-json\/wp\/v2\/media?parent=9648"}],"wp:term":[{"taxonomy":"category","embeddable":true,"href":"https:\/\/swissbaker.ch\/fr\/wp-json\/wp\/v2\/categories?post=9648"},{"taxonomy":"post_tag","embeddable":true,"href":"https:\/\/swissbaker.ch\/fr\/wp-json\/wp\/v2\/tags?post=9648"}],"curies":[{"name":"wp","href":"https:\/\/api.w.org\/{rel}","templated":true}]}}