{"id":9585,"date":"2020-07-07T10:40:00","date_gmt":"2020-07-07T08:40:00","guid":{"rendered":"https:\/\/swissbaker.ch\/?p=9585"},"modified":"2022-05-12T13:40:14","modified_gmt":"2022-05-12T11:40:14","slug":"ne-pas-affaiblir-les-pme","status":"publish","type":"post","link":"https:\/\/swissbaker.ch\/fr\/panissimo-news\/ne-pas-affaiblir-les-pme\/","title":{"rendered":"Ne pas affaiblir les PME"},"content":{"rendered":"\n<p><strong>Le comit\u00e9 central a d\u00e9cid\u00e9 \u00e0 l\u2019unanimit\u00e9 de recommander de rejeter l\u2019initiative de limitation de l\u2019UDC.<br>La libre circulation des personnes est primordiale pour la survie du march\u00e9 de l\u2019emploi qualifi\u00e9 et des PME.<\/strong><\/p>\n\n\n\n<p>Le 27\u202fseptembre, le peuple suisse se prononcera sur l\u2019initiative \u00ab\u2009Pour une immigration mod\u00e9r\u00e9e\u2009\u00bb, qui vise \u00e0 ce que la Suisse r\u00e8gle de mani\u00e8re automne l\u2019immigration en provenance de l\u2019UE et mette un terme \u00e0 la libre circulation des personnes. Le texte de l\u2019initiative pr\u00e9voit 12 mois pour cela. La Conf\u00e9d\u00e9ration devrait n\u00e9gocier avec Bruxelles pour trouver une solution \u00e0 l\u2019amiable dans un d\u00e9lai de 12 mois apr\u00e8s l\u2019acceptation du nouvel article constitutionnel. Si cet objectif ne pouvait pas \u00eatre atteint, le gouvernement aurait l\u2019obligation de d\u00e9noncer l\u2019accord dans les 30 jours. La libre circulation des personnes serait interdite. La Conf\u00e9d\u00e9ration ne pourrait plus conclure de tels accords. Cela remettrait \u00e9galement en cause les accords bilat\u00e9raux avec Bruxelles.<\/p>\n\n\n\n<h2 class=\"wp-block-heading\" id=\"h-le-conseil-federal-et-le-parlement-disent-non\">Le Conseil f\u00e9d\u00e9ral et le Parlement disent non<\/h2>\n\n\n\n<p>Le Conseil f\u00e9d\u00e9ral et le Parlement rejettent l\u2019initiative sans contre-projet. Selon eux, la d\u00e9nonciation de l\u2019accord sur la libre circulation des personnes (ALCP) impliquerait des co\u00fbts \u00e9lev\u00e9s pour l\u2019\u00e9conomie. Toujours selon eux, il en r\u00e9sulterait par ailleurs une extinction des accords bilat\u00e9raux I, qui sont li\u00e9s entre eux par la clause dite guillotine. Le gouvernement reconna\u00eet n\u00e9anmoins que l\u2019immigration pose \u00e9galement des d\u00e9fis. Il a donc arr\u00eat\u00e9 des mesures en vue de promouvoir les travailleurs domestiques. Les ch\u00f4meurs \u00e2g\u00e9s en fin de droit recevront par ailleurs une rente transitoire. Le Parlement l\u2019a d\u00e9cid\u00e9 lors de la derni\u00e8re session d\u2019\u00e9t\u00e9.<\/p>\n\n\n\n<h2 class=\"wp-block-heading\" id=\"h-un-pari-audacieux\">\u00ab\u2009Un pari audacieux\u2009\u00bb<\/h2>\n\n\n\n<p>A la mi-juin, la ministre de la justice Karin Keller-Sutter s\u2019est pr\u00e9sent\u00e9e devant les m\u00e9dias avec des repr\u00e9sentants des partenaires sociaux, de l\u2019Union syndicale suisse, de l\u2019Union patronale suisse et de Travail Suisse pour lutter conjointement contre l\u2019initiative. Tous craignent notamment la fin des relations bilat\u00e9rales avec l\u2018UE. La Suisse ne peut se permettre un \u00ab\u2009pari aussi audacieux\u2009\u00bb, a soulign\u00e9 la conseill\u00e8re f\u00e9d\u00e9rale Keller-Sutter lors de la conf\u00e9rence de presse.<\/p>\n\n\n\n<h2 class=\"wp-block-heading\" id=\"h-main-d-oeuvre-qualifiee-etrangere-importante\">Main-d\u2019\u0153uvre qualifi\u00e9e \u00e9trang\u00e8re importante<\/h2>\n\n\n\n<p>\u00ab\u2009La p\u00e9nurie de travailleurs qualifi\u00e9s est une pr\u00e9occupation de longue date. Les PME sont doublement p\u00e9nalis\u00e9es par cette derni\u00e8re\u2009: les grandes entreprises peuvent att\u00e9nuer les cons\u00e9quences d\u2019une absence en r\u00e9partissant le surcro\u00eet de travail sur plusieurs personnes. L\u2019absence d\u2019un collaborateur affecte plus durement une PME qu\u2019une grande entreprise. Les PME disposent en outre de moins d\u2019atouts sur le march\u00e9 tr\u00e8s concurrentiel du recrutement, car elles ne peuvent offrir les m\u00eames perspectives de carri\u00e8re que les grandes entreprises. La libre circulation des personnes a contribu\u00e9 \u00e0 att\u00e9nuer la p\u00e9nurie de travailleurs qualifi\u00e9s. En Suisse, la libre circulation des personnes n\u2019a entra\u00een\u00e9 ni \u00e9viction ni pression salariale sur les travailleurs peu qualifi\u00e9s\u2009\u00bb, a relev\u00e9 le directeur de la BCS Urs Wellauer lors de la s\u00e9ance du CC.<\/p>\n\n\n\n<p>Le ph\u00e9nom\u00e8ne ne touche pas que la boulangerie-confiserie. Selon une \u00e9tude r\u00e9alis\u00e9e par le cabinet de recrutement international Robert Walters, tant les PME que les grandes entreprises sont gravement affect\u00e9es par le manque de candidats qualifi\u00e9s pour les postes vacants ou nouvellement cr\u00e9\u00e9s. Plus pr\u00e9cis\u00e9ment, 68\u202f% des employeurs interrog\u00e9s consid\u00e8rent que la p\u00e9nurie de travailleurs qualifi\u00e9s a une influence sur leur recrutement et 50\u202f% se plaignent du d\u00e9ficit de candidats disponibles au niveau r\u00e9gional.<br>La votation sur l\u2019initiative \u00ab\u2009Pour une immigration mod\u00e9r\u00e9e\u2009\u00bb aura lieu le 27\u202fseptembre. BCS<\/p>\n","protected":false},"excerpt":{"rendered":"<p>Le comit\u00e9 central a d\u00e9cid\u00e9 \u00e0 l\u2019unanimit\u00e9 de recommander de rejeter l\u2019initiative de limitation de l\u2019UDC.La libre circulation des personnes est primordiale pour la survie du march\u00e9 de l\u2019emploi qualifi\u00e9 et des PME. Le 27\u202fseptembre, le peuple suisse se prononcera sur l\u2019initiative \u00ab\u2009Pour une immigration mod\u00e9r\u00e9e\u2009\u00bb, qui vise \u00e0 ce que la Suisse r\u00e8gle de mani\u00e8re automne l\u2019immigration en provenance [&hellip;]<\/p>\n","protected":false},"author":1,"featured_media":9587,"comment_status":"open","ping_status":"closed","sticky":false,"template":"","format":"standard","meta":{"_acf_changed":false,"footnotes":""},"categories":[41,44],"tags":[],"class_list":["post-9585","post","type-post","status-publish","format-standard","has-post-thumbnail","hentry","category-association","category-droit-politique"],"acf":[],"yoast_head":"<!-- This site is optimized with the Yoast SEO Premium plugin v26.8 (Yoast SEO v26.8) - https:\/\/yoast.com\/product\/yoast-seo-premium-wordpress\/ -->\n<title>Ne pas affaiblir les PME | SBC<\/title>\n<meta name=\"robots\" content=\"index, follow, max-snippet:-1, max-image-preview:large, max-video-preview:-1\" \/>\n<link rel=\"canonical\" href=\"https:\/\/swissbaker.ch\/fr\/panissimo-news\/ne-pas-affaiblir-les-pme\/\" \/>\n<meta property=\"og:locale\" content=\"fr_FR\" \/>\n<meta property=\"og:type\" content=\"article\" \/>\n<meta property=\"og:title\" content=\"Ne pas affaiblir les PME\" \/>\n<meta property=\"og:description\" content=\"Le comit\u00e9 central a d\u00e9cid\u00e9 \u00e0 l\u2019unanimit\u00e9 de recommander de rejeter l\u2019initiative de limitation de l\u2019UDC.La libre circulation des personnes est primordiale pour la survie du march\u00e9 de l\u2019emploi qualifi\u00e9 et des PME. Le 27\u202fseptembre, le peuple suisse se prononcera sur l\u2019initiative \u00ab\u2009Pour une immigration mod\u00e9r\u00e9e\u2009\u00bb, qui vise \u00e0 ce que la Suisse r\u00e8gle de mani\u00e8re automne l\u2019immigration en provenance [&hellip;]\" \/>\n<meta property=\"og:url\" content=\"https:\/\/swissbaker.ch\/fr\/panissimo-news\/ne-pas-affaiblir-les-pme\/\" \/>\n<meta property=\"og:site_name\" content=\"SBC\" \/>\n<meta property=\"article:publisher\" content=\"https:\/\/www.facebook.com\/swissbaker.ch\" \/>\n<meta property=\"article:published_time\" content=\"2020-07-07T08:40:00+00:00\" \/>\n<meta property=\"article:modified_time\" content=\"2022-05-12T11:40:14+00:00\" \/>\n<meta property=\"og:image\" content=\"https:\/\/swissbaker.ch\/wp-content\/uploads\/2022\/05\/14_1_begrenzungsinitative_non_f.jpeg\" \/>\n\t<meta property=\"og:image:width\" content=\"800\" \/>\n\t<meta property=\"og:image:height\" content=\"474\" \/>\n\t<meta property=\"og:image:type\" content=\"image\/jpeg\" \/>\n<meta name=\"author\" content=\"azureart\" \/>\n<meta name=\"twitter:card\" content=\"summary_large_image\" \/>\n<meta name=\"twitter:creator\" content=\"@ch_swissbaker\" \/>\n<meta name=\"twitter:site\" content=\"@ch_swissbaker\" \/>\n<meta name=\"twitter:label1\" content=\"Written by\" \/>\n\t<meta name=\"twitter:data1\" content=\"azureart\" \/>\n\t<meta name=\"twitter:label2\" content=\"Est. reading time\" \/>\n\t<meta name=\"twitter:data2\" content=\"4 minutes\" \/>\n<script type=\"application\/ld+json\" class=\"yoast-schema-graph\">{\"@context\":\"https:\/\/schema.org\",\"@graph\":[{\"@type\":\"Article\",\"@id\":\"https:\/\/swissbaker.ch\/fr\/panissimo-news\/ne-pas-affaiblir-les-pme\/#article\",\"isPartOf\":{\"@id\":\"https:\/\/swissbaker.ch\/fr\/panissimo-news\/ne-pas-affaiblir-les-pme\/\"},\"author\":{\"name\":\"azureart\",\"@id\":\"https:\/\/swissbaker.ch\/fr\/#\/schema\/person\/058ac47619f7da53df62aba60f939b78\"},\"headline\":\"Ne pas affaiblir les PME\",\"datePublished\":\"2020-07-07T08:40:00+00:00\",\"dateModified\":\"2022-05-12T11:40:14+00:00\",\"mainEntityOfPage\":{\"@id\":\"https:\/\/swissbaker.ch\/fr\/panissimo-news\/ne-pas-affaiblir-les-pme\/\"},\"wordCount\":653,\"commentCount\":0,\"publisher\":{\"@id\":\"https:\/\/swissbaker.ch\/fr\/#organization\"},\"image\":{\"@id\":\"https:\/\/swissbaker.ch\/fr\/panissimo-news\/ne-pas-affaiblir-les-pme\/#primaryimage\"},\"thumbnailUrl\":\"https:\/\/swissbaker.ch\/wp-content\/uploads\/2022\/05\/14_1_begrenzungsinitative_non_f.jpeg\",\"articleSection\":[\"Association\",\"Droit &amp; politique\"],\"inLanguage\":\"fr-FR\",\"potentialAction\":[{\"@type\":\"CommentAction\",\"name\":\"Comment\",\"target\":[\"https:\/\/swissbaker.ch\/fr\/panissimo-news\/ne-pas-affaiblir-les-pme\/#respond\"]}]},{\"@type\":\"WebPage\",\"@id\":\"https:\/\/swissbaker.ch\/fr\/panissimo-news\/ne-pas-affaiblir-les-pme\/\",\"url\":\"https:\/\/swissbaker.ch\/fr\/panissimo-news\/ne-pas-affaiblir-les-pme\/\",\"name\":\"Ne pas affaiblir les PME | SBC\",\"isPartOf\":{\"@id\":\"https:\/\/swissbaker.ch\/fr\/#website\"},\"primaryImageOfPage\":{\"@id\":\"https:\/\/swissbaker.ch\/fr\/panissimo-news\/ne-pas-affaiblir-les-pme\/#primaryimage\"},\"image\":{\"@id\":\"https:\/\/swissbaker.ch\/fr\/panissimo-news\/ne-pas-affaiblir-les-pme\/#primaryimage\"},\"thumbnailUrl\":\"https:\/\/swissbaker.ch\/wp-content\/uploads\/2022\/05\/14_1_begrenzungsinitative_non_f.jpeg\",\"datePublished\":\"2020-07-07T08:40:00+00:00\",\"dateModified\":\"2022-05-12T11:40:14+00:00\",\"breadcrumb\":{\"@id\":\"https:\/\/swissbaker.ch\/fr\/panissimo-news\/ne-pas-affaiblir-les-pme\/#breadcrumb\"},\"inLanguage\":\"fr-FR\",\"potentialAction\":[{\"@type\":\"ReadAction\",\"target\":[\"https:\/\/swissbaker.ch\/fr\/panissimo-news\/ne-pas-affaiblir-les-pme\/\"]}]},{\"@type\":\"ImageObject\",\"inLanguage\":\"fr-FR\",\"@id\":\"https:\/\/swissbaker.ch\/fr\/panissimo-news\/ne-pas-affaiblir-les-pme\/#primaryimage\",\"url\":\"https:\/\/swissbaker.ch\/wp-content\/uploads\/2022\/05\/14_1_begrenzungsinitative_non_f.jpeg\",\"contentUrl\":\"https:\/\/swissbaker.ch\/wp-content\/uploads\/2022\/05\/14_1_begrenzungsinitative_non_f.jpeg\",\"width\":800,\"height\":474,\"caption\":\"Ne pas affaiblir les PME\"},{\"@type\":\"BreadcrumbList\",\"@id\":\"https:\/\/swissbaker.ch\/fr\/panissimo-news\/ne-pas-affaiblir-les-pme\/#breadcrumb\",\"itemListElement\":[{\"@type\":\"ListItem\",\"position\":1,\"name\":\"\",\"item\":\"https:\/\/swissbaker.ch\/fr\/\"},{\"@type\":\"ListItem\",\"position\":2,\"name\":\"Association\",\"item\":\"https:\/\/swissbaker.ch\/fr\/panissimo-news\/category\/association\/\"},{\"@type\":\"ListItem\",\"position\":3,\"name\":\"Ne pas affaiblir les PME\"}]},{\"@type\":\"WebSite\",\"@id\":\"https:\/\/swissbaker.ch\/fr\/#website\",\"url\":\"https:\/\/swissbaker.ch\/fr\/\",\"name\":\"SBC\",\"description\":\"\",\"publisher\":{\"@id\":\"https:\/\/swissbaker.ch\/fr\/#organization\"},\"potentialAction\":[{\"@type\":\"SearchAction\",\"target\":{\"@type\":\"EntryPoint\",\"urlTemplate\":\"https:\/\/swissbaker.ch\/fr\/?s={search_term_string}\"},\"query-input\":{\"@type\":\"PropertyValueSpecification\",\"valueRequired\":true,\"valueName\":\"search_term_string\"}}],\"inLanguage\":\"fr-FR\"},{\"@type\":\"Organization\",\"@id\":\"https:\/\/swissbaker.ch\/fr\/#organization\",\"name\":\"Schweizerischer B\u00e4cker-Confiseurmeister-Verband\",\"url\":\"https:\/\/swissbaker.ch\/fr\/\",\"logo\":{\"@type\":\"ImageObject\",\"inLanguage\":\"fr-FR\",\"@id\":\"https:\/\/swissbaker.ch\/fr\/#\/schema\/logo\/image\/\",\"url\":\"https:\/\/swissbaker.ch\/wp-content\/uploads\/2022\/04\/sbc-logo-yoast.jpg\",\"contentUrl\":\"https:\/\/swissbaker.ch\/wp-content\/uploads\/2022\/04\/sbc-logo-yoast.jpg\",\"width\":512,\"height\":512,\"caption\":\"Schweizerischer B\u00e4cker-Confiseurmeister-Verband\"},\"image\":{\"@id\":\"https:\/\/swissbaker.ch\/fr\/#\/schema\/logo\/image\/\"},\"sameAs\":[\"https:\/\/www.facebook.com\/swissbaker.ch\",\"https:\/\/x.com\/ch_swissbaker\"]},{\"@type\":\"Person\",\"@id\":\"https:\/\/swissbaker.ch\/fr\/#\/schema\/person\/058ac47619f7da53df62aba60f939b78\",\"name\":\"azureart\",\"image\":{\"@type\":\"ImageObject\",\"inLanguage\":\"fr-FR\",\"@id\":\"https:\/\/swissbaker.ch\/fr\/#\/schema\/person\/image\/\",\"url\":\"https:\/\/secure.gravatar.com\/avatar\/be04dd3098fd612c83067af4f7a295384c93cb6a9112f51beb9d2f477d25da61?s=96&d=mm&r=g\",\"contentUrl\":\"https:\/\/secure.gravatar.com\/avatar\/be04dd3098fd612c83067af4f7a295384c93cb6a9112f51beb9d2f477d25da61?s=96&d=mm&r=g\",\"caption\":\"azureart\"},\"sameAs\":[\"https:\/\/swissbaker.ch\"],\"url\":\"https:\/\/swissbaker.ch\/fr\/panissimo-news\/author\/pixel-ahoi\/\"}]}<\/script>\n<!-- \/ Yoast SEO Premium plugin. -->","yoast_head_json":{"title":"Ne pas affaiblir les PME | SBC","robots":{"index":"index","follow":"follow","max-snippet":"max-snippet:-1","max-image-preview":"max-image-preview:large","max-video-preview":"max-video-preview:-1"},"canonical":"https:\/\/swissbaker.ch\/fr\/panissimo-news\/ne-pas-affaiblir-les-pme\/","og_locale":"fr_FR","og_type":"article","og_title":"Ne pas affaiblir les PME","og_description":"Le comit\u00e9 central a d\u00e9cid\u00e9 \u00e0 l\u2019unanimit\u00e9 de recommander de rejeter l\u2019initiative de limitation de l\u2019UDC.La libre circulation des personnes est primordiale pour la survie du march\u00e9 de l\u2019emploi qualifi\u00e9 et des PME. Le 27\u202fseptembre, le peuple suisse se prononcera sur l\u2019initiative \u00ab\u2009Pour une immigration mod\u00e9r\u00e9e\u2009\u00bb, qui vise \u00e0 ce que la Suisse r\u00e8gle de mani\u00e8re automne l\u2019immigration en provenance [&hellip;]","og_url":"https:\/\/swissbaker.ch\/fr\/panissimo-news\/ne-pas-affaiblir-les-pme\/","og_site_name":"SBC","article_publisher":"https:\/\/www.facebook.com\/swissbaker.ch","article_published_time":"2020-07-07T08:40:00+00:00","article_modified_time":"2022-05-12T11:40:14+00:00","og_image":[{"width":800,"height":474,"url":"https:\/\/swissbaker.ch\/wp-content\/uploads\/2022\/05\/14_1_begrenzungsinitative_non_f.jpeg","type":"image\/jpeg"}],"author":"azureart","twitter_card":"summary_large_image","twitter_creator":"@ch_swissbaker","twitter_site":"@ch_swissbaker","twitter_misc":{"Written by":"azureart","Est. reading time":"4 minutes"},"schema":{"@context":"https:\/\/schema.org","@graph":[{"@type":"Article","@id":"https:\/\/swissbaker.ch\/fr\/panissimo-news\/ne-pas-affaiblir-les-pme\/#article","isPartOf":{"@id":"https:\/\/swissbaker.ch\/fr\/panissimo-news\/ne-pas-affaiblir-les-pme\/"},"author":{"name":"azureart","@id":"https:\/\/swissbaker.ch\/fr\/#\/schema\/person\/058ac47619f7da53df62aba60f939b78"},"headline":"Ne pas affaiblir les PME","datePublished":"2020-07-07T08:40:00+00:00","dateModified":"2022-05-12T11:40:14+00:00","mainEntityOfPage":{"@id":"https:\/\/swissbaker.ch\/fr\/panissimo-news\/ne-pas-affaiblir-les-pme\/"},"wordCount":653,"commentCount":0,"publisher":{"@id":"https:\/\/swissbaker.ch\/fr\/#organization"},"image":{"@id":"https:\/\/swissbaker.ch\/fr\/panissimo-news\/ne-pas-affaiblir-les-pme\/#primaryimage"},"thumbnailUrl":"https:\/\/swissbaker.ch\/wp-content\/uploads\/2022\/05\/14_1_begrenzungsinitative_non_f.jpeg","articleSection":["Association","Droit &amp; politique"],"inLanguage":"fr-FR","potentialAction":[{"@type":"CommentAction","name":"Comment","target":["https:\/\/swissbaker.ch\/fr\/panissimo-news\/ne-pas-affaiblir-les-pme\/#respond"]}]},{"@type":"WebPage","@id":"https:\/\/swissbaker.ch\/fr\/panissimo-news\/ne-pas-affaiblir-les-pme\/","url":"https:\/\/swissbaker.ch\/fr\/panissimo-news\/ne-pas-affaiblir-les-pme\/","name":"Ne pas affaiblir les PME | SBC","isPartOf":{"@id":"https:\/\/swissbaker.ch\/fr\/#website"},"primaryImageOfPage":{"@id":"https:\/\/swissbaker.ch\/fr\/panissimo-news\/ne-pas-affaiblir-les-pme\/#primaryimage"},"image":{"@id":"https:\/\/swissbaker.ch\/fr\/panissimo-news\/ne-pas-affaiblir-les-pme\/#primaryimage"},"thumbnailUrl":"https:\/\/swissbaker.ch\/wp-content\/uploads\/2022\/05\/14_1_begrenzungsinitative_non_f.jpeg","datePublished":"2020-07-07T08:40:00+00:00","dateModified":"2022-05-12T11:40:14+00:00","breadcrumb":{"@id":"https:\/\/swissbaker.ch\/fr\/panissimo-news\/ne-pas-affaiblir-les-pme\/#breadcrumb"},"inLanguage":"fr-FR","potentialAction":[{"@type":"ReadAction","target":["https:\/\/swissbaker.ch\/fr\/panissimo-news\/ne-pas-affaiblir-les-pme\/"]}]},{"@type":"ImageObject","inLanguage":"fr-FR","@id":"https:\/\/swissbaker.ch\/fr\/panissimo-news\/ne-pas-affaiblir-les-pme\/#primaryimage","url":"https:\/\/swissbaker.ch\/wp-content\/uploads\/2022\/05\/14_1_begrenzungsinitative_non_f.jpeg","contentUrl":"https:\/\/swissbaker.ch\/wp-content\/uploads\/2022\/05\/14_1_begrenzungsinitative_non_f.jpeg","width":800,"height":474,"caption":"Ne pas affaiblir les PME"},{"@type":"BreadcrumbList","@id":"https:\/\/swissbaker.ch\/fr\/panissimo-news\/ne-pas-affaiblir-les-pme\/#breadcrumb","itemListElement":[{"@type":"ListItem","position":1,"name":"","item":"https:\/\/swissbaker.ch\/fr\/"},{"@type":"ListItem","position":2,"name":"Association","item":"https:\/\/swissbaker.ch\/fr\/panissimo-news\/category\/association\/"},{"@type":"ListItem","position":3,"name":"Ne pas affaiblir les PME"}]},{"@type":"WebSite","@id":"https:\/\/swissbaker.ch\/fr\/#website","url":"https:\/\/swissbaker.ch\/fr\/","name":"SBC","description":"","publisher":{"@id":"https:\/\/swissbaker.ch\/fr\/#organization"},"potentialAction":[{"@type":"SearchAction","target":{"@type":"EntryPoint","urlTemplate":"https:\/\/swissbaker.ch\/fr\/?s={search_term_string}"},"query-input":{"@type":"PropertyValueSpecification","valueRequired":true,"valueName":"search_term_string"}}],"inLanguage":"fr-FR"},{"@type":"Organization","@id":"https:\/\/swissbaker.ch\/fr\/#organization","name":"Schweizerischer B\u00e4cker-Confiseurmeister-Verband","url":"https:\/\/swissbaker.ch\/fr\/","logo":{"@type":"ImageObject","inLanguage":"fr-FR","@id":"https:\/\/swissbaker.ch\/fr\/#\/schema\/logo\/image\/","url":"https:\/\/swissbaker.ch\/wp-content\/uploads\/2022\/04\/sbc-logo-yoast.jpg","contentUrl":"https:\/\/swissbaker.ch\/wp-content\/uploads\/2022\/04\/sbc-logo-yoast.jpg","width":512,"height":512,"caption":"Schweizerischer B\u00e4cker-Confiseurmeister-Verband"},"image":{"@id":"https:\/\/swissbaker.ch\/fr\/#\/schema\/logo\/image\/"},"sameAs":["https:\/\/www.facebook.com\/swissbaker.ch","https:\/\/x.com\/ch_swissbaker"]},{"@type":"Person","@id":"https:\/\/swissbaker.ch\/fr\/#\/schema\/person\/058ac47619f7da53df62aba60f939b78","name":"azureart","image":{"@type":"ImageObject","inLanguage":"fr-FR","@id":"https:\/\/swissbaker.ch\/fr\/#\/schema\/person\/image\/","url":"https:\/\/secure.gravatar.com\/avatar\/be04dd3098fd612c83067af4f7a295384c93cb6a9112f51beb9d2f477d25da61?s=96&d=mm&r=g","contentUrl":"https:\/\/secure.gravatar.com\/avatar\/be04dd3098fd612c83067af4f7a295384c93cb6a9112f51beb9d2f477d25da61?s=96&d=mm&r=g","caption":"azureart"},"sameAs":["https:\/\/swissbaker.ch"],"url":"https:\/\/swissbaker.ch\/fr\/panissimo-news\/author\/pixel-ahoi\/"}]}},"_links":{"self":[{"href":"https:\/\/swissbaker.ch\/fr\/wp-json\/wp\/v2\/posts\/9585","targetHints":{"allow":["GET"]}}],"collection":[{"href":"https:\/\/swissbaker.ch\/fr\/wp-json\/wp\/v2\/posts"}],"about":[{"href":"https:\/\/swissbaker.ch\/fr\/wp-json\/wp\/v2\/types\/post"}],"author":[{"embeddable":true,"href":"https:\/\/swissbaker.ch\/fr\/wp-json\/wp\/v2\/users\/1"}],"replies":[{"embeddable":true,"href":"https:\/\/swissbaker.ch\/fr\/wp-json\/wp\/v2\/comments?post=9585"}],"version-history":[{"count":0,"href":"https:\/\/swissbaker.ch\/fr\/wp-json\/wp\/v2\/posts\/9585\/revisions"}],"wp:featuredmedia":[{"embeddable":true,"href":"https:\/\/swissbaker.ch\/fr\/wp-json\/wp\/v2\/media\/9587"}],"wp:attachment":[{"href":"https:\/\/swissbaker.ch\/fr\/wp-json\/wp\/v2\/media?parent=9585"}],"wp:term":[{"taxonomy":"category","embeddable":true,"href":"https:\/\/swissbaker.ch\/fr\/wp-json\/wp\/v2\/categories?post=9585"},{"taxonomy":"post_tag","embeddable":true,"href":"https:\/\/swissbaker.ch\/fr\/wp-json\/wp\/v2\/tags?post=9585"}],"curies":[{"name":"wp","href":"https:\/\/api.w.org\/{rel}","templated":true}]}}