{"id":9579,"date":"2020-07-07T10:39:00","date_gmt":"2020-07-07T08:39:00","guid":{"rendered":"https:\/\/swissbaker.ch\/?p=9579"},"modified":"2022-05-12T13:38:34","modified_gmt":"2022-05-12T11:38:34","slug":"justice-fiscale-et-promotion-des-femmes","status":"publish","type":"post","link":"https:\/\/swissbaker.ch\/fr\/panissimo-news\/justice-fiscale-et-promotion-des-femmes\/","title":{"rendered":"Justice fiscale et promotion des femmes"},"content":{"rendered":"\n<p><strong>Par 7 voix contre 1 et 5 abstentions, le CC s\u2019est prononc\u00e9 en faveur du projet \u00ab\u2009D\u00e9duction des frais de garde en faveur d\u2019une plus grande justice fiscale et de la promotion des femmes\u2009\u00bb. Le peuple suisse se prononcera sur le sujet le 27\u202fseptembre.<\/strong><\/p>\n\n\n\n<p>Le Conseil f\u00e9d\u00e9ral veut all\u00e9ger la charge fiscale des familles. Le projet de d\u00e9duction fiscale apporte une plus grande justice fiscale aux parents qui ont tous les deux un temps de travail important. Il constitue, pour les m\u00e8res qualifi\u00e9es, une incitation \u00e0 entrer ou \u00e0 rester pleinement dans la vie active.<\/p>\n\n\n\n<p>Ces familles sont en effet injustement frapp\u00e9es par l\u2019\u00c9tat \u00e0 trois reprises\u2009: par la progressivit\u00e9 de l\u2019imp\u00f4t, par les tarifs \u00e9lev\u00e9s des structures d\u2019accueil et par la limite maximale de la d\u00e9duction des frais de garde. L\u2019augmentation de cette derni\u00e8re et de la d\u00e9duction g\u00e9n\u00e9rale pour enfants vise \u00e0 compenser cette in\u00e9galit\u00e9 de traitement et \u00e0 all\u00e9ger le budget des familles. Les familles monoparentales notamment b\u00e9n\u00e9ficient aussi du projet, qui rend l\u2019occupation d\u2019un emploi \u00e0 plein temps financi\u00e8rement int\u00e9ressant et possible.<\/p>\n\n\n\n<p>Le PS a lanc\u00e9 le r\u00e9f\u00e9rendum contre le projet en le qualifiant d\u2019arnaque fiscale. Seules les familles riches ou les hauts salaires en b\u00e9n\u00e9ficieraient. Ce projet est cependant exactement le contraire selon la BCS et l\u2019Union suisse des arts et m\u00e9tiers. Par ailleurs, le personnel qualifi\u00e9 n\u2019est pas automatiquement ais\u00e9\u2026<\/p>\n","protected":false},"excerpt":{"rendered":"<p>Par 7 voix contre 1 et 5 abstentions, le CC s\u2019est prononc\u00e9 en faveur du projet \u00ab\u2009D\u00e9duction des frais de garde en faveur d\u2019une plus grande justice fiscale et de la promotion des femmes\u2009\u00bb. Le peuple suisse se prononcera sur le sujet le 27\u202fseptembre. Le Conseil f\u00e9d\u00e9ral veut all\u00e9ger la charge fiscale des familles. Le projet de d\u00e9duction fiscale apporte [&hellip;]<\/p>\n","protected":false},"author":1,"featured_media":5763,"comment_status":"open","ping_status":"closed","sticky":false,"template":"","format":"standard","meta":{"_acf_changed":false,"footnotes":""},"categories":[41,44],"tags":[],"class_list":["post-9579","post","type-post","status-publish","format-standard","has-post-thumbnail","hentry","category-association","category-droit-politique"],"acf":[],"yoast_head":"<!-- This site is optimized with the Yoast SEO Premium plugin v26.8 (Yoast SEO v26.8) - https:\/\/yoast.com\/product\/yoast-seo-premium-wordpress\/ -->\n<title>Justice fiscale et promotion des femmes | SBC<\/title>\n<meta name=\"robots\" content=\"index, follow, max-snippet:-1, max-image-preview:large, max-video-preview:-1\" \/>\n<link rel=\"canonical\" href=\"https:\/\/swissbaker.ch\/fr\/panissimo-news\/justice-fiscale-et-promotion-des-femmes\/\" \/>\n<meta property=\"og:locale\" content=\"fr_FR\" \/>\n<meta property=\"og:type\" content=\"article\" \/>\n<meta property=\"og:title\" content=\"Justice fiscale et promotion des femmes\" \/>\n<meta property=\"og:description\" content=\"Par 7 voix contre 1 et 5 abstentions, le CC s\u2019est prononc\u00e9 en faveur du projet \u00ab\u2009D\u00e9duction des frais de garde en faveur d\u2019une plus grande justice fiscale et de la promotion des femmes\u2009\u00bb. Le peuple suisse se prononcera sur le sujet le 27\u202fseptembre. Le Conseil f\u00e9d\u00e9ral veut all\u00e9ger la charge fiscale des familles. Le projet de d\u00e9duction fiscale apporte [&hellip;]\" \/>\n<meta property=\"og:url\" content=\"https:\/\/swissbaker.ch\/fr\/panissimo-news\/justice-fiscale-et-promotion-des-femmes\/\" \/>\n<meta property=\"og:site_name\" content=\"SBC\" \/>\n<meta property=\"article:publisher\" content=\"https:\/\/www.facebook.com\/swissbaker.ch\" \/>\n<meta property=\"article:published_time\" content=\"2020-07-07T08:39:00+00:00\" \/>\n<meta property=\"article:modified_time\" content=\"2022-05-12T11:38:34+00:00\" \/>\n<meta property=\"og:image\" content=\"https:\/\/swissbaker.ch\/wp-content\/uploads\/2022\/03\/14_1_familieninitiative_d.jpeg\" \/>\n\t<meta property=\"og:image:width\" content=\"800\" \/>\n\t<meta property=\"og:image:height\" content=\"474\" \/>\n\t<meta property=\"og:image:type\" content=\"image\/jpeg\" \/>\n<meta name=\"author\" content=\"azureart\" \/>\n<meta name=\"twitter:card\" content=\"summary_large_image\" \/>\n<meta name=\"twitter:creator\" content=\"@ch_swissbaker\" \/>\n<meta name=\"twitter:site\" content=\"@ch_swissbaker\" \/>\n<meta name=\"twitter:label1\" content=\"Written by\" \/>\n\t<meta name=\"twitter:data1\" content=\"azureart\" \/>\n\t<meta name=\"twitter:label2\" content=\"Est. reading time\" \/>\n\t<meta name=\"twitter:data2\" content=\"2 minutes\" \/>\n<script type=\"application\/ld+json\" class=\"yoast-schema-graph\">{\"@context\":\"https:\/\/schema.org\",\"@graph\":[{\"@type\":\"Article\",\"@id\":\"https:\/\/swissbaker.ch\/fr\/panissimo-news\/justice-fiscale-et-promotion-des-femmes\/#article\",\"isPartOf\":{\"@id\":\"https:\/\/swissbaker.ch\/fr\/panissimo-news\/justice-fiscale-et-promotion-des-femmes\/\"},\"author\":{\"name\":\"azureart\",\"@id\":\"https:\/\/swissbaker.ch\/fr\/#\/schema\/person\/058ac47619f7da53df62aba60f939b78\"},\"headline\":\"Justice fiscale et promotion des femmes\",\"datePublished\":\"2020-07-07T08:39:00+00:00\",\"dateModified\":\"2022-05-12T11:38:34+00:00\",\"mainEntityOfPage\":{\"@id\":\"https:\/\/swissbaker.ch\/fr\/panissimo-news\/justice-fiscale-et-promotion-des-femmes\/\"},\"wordCount\":260,\"commentCount\":0,\"publisher\":{\"@id\":\"https:\/\/swissbaker.ch\/fr\/#organization\"},\"image\":{\"@id\":\"https:\/\/swissbaker.ch\/fr\/panissimo-news\/justice-fiscale-et-promotion-des-femmes\/#primaryimage\"},\"thumbnailUrl\":\"https:\/\/swissbaker.ch\/wp-content\/uploads\/2022\/03\/14_1_familieninitiative_d.jpeg\",\"articleSection\":[\"Association\",\"Droit &amp; politique\"],\"inLanguage\":\"fr-FR\",\"potentialAction\":[{\"@type\":\"CommentAction\",\"name\":\"Comment\",\"target\":[\"https:\/\/swissbaker.ch\/fr\/panissimo-news\/justice-fiscale-et-promotion-des-femmes\/#respond\"]}]},{\"@type\":\"WebPage\",\"@id\":\"https:\/\/swissbaker.ch\/fr\/panissimo-news\/justice-fiscale-et-promotion-des-femmes\/\",\"url\":\"https:\/\/swissbaker.ch\/fr\/panissimo-news\/justice-fiscale-et-promotion-des-femmes\/\",\"name\":\"Justice fiscale et promotion des femmes | SBC\",\"isPartOf\":{\"@id\":\"https:\/\/swissbaker.ch\/fr\/#website\"},\"primaryImageOfPage\":{\"@id\":\"https:\/\/swissbaker.ch\/fr\/panissimo-news\/justice-fiscale-et-promotion-des-femmes\/#primaryimage\"},\"image\":{\"@id\":\"https:\/\/swissbaker.ch\/fr\/panissimo-news\/justice-fiscale-et-promotion-des-femmes\/#primaryimage\"},\"thumbnailUrl\":\"https:\/\/swissbaker.ch\/wp-content\/uploads\/2022\/03\/14_1_familieninitiative_d.jpeg\",\"datePublished\":\"2020-07-07T08:39:00+00:00\",\"dateModified\":\"2022-05-12T11:38:34+00:00\",\"breadcrumb\":{\"@id\":\"https:\/\/swissbaker.ch\/fr\/panissimo-news\/justice-fiscale-et-promotion-des-femmes\/#breadcrumb\"},\"inLanguage\":\"fr-FR\",\"potentialAction\":[{\"@type\":\"ReadAction\",\"target\":[\"https:\/\/swissbaker.ch\/fr\/panissimo-news\/justice-fiscale-et-promotion-des-femmes\/\"]}]},{\"@type\":\"ImageObject\",\"inLanguage\":\"fr-FR\",\"@id\":\"https:\/\/swissbaker.ch\/fr\/panissimo-news\/justice-fiscale-et-promotion-des-femmes\/#primaryimage\",\"url\":\"https:\/\/swissbaker.ch\/wp-content\/uploads\/2022\/03\/14_1_familieninitiative_d.jpeg\",\"contentUrl\":\"https:\/\/swissbaker.ch\/wp-content\/uploads\/2022\/03\/14_1_familieninitiative_d.jpeg\",\"width\":800,\"height\":474,\"caption\":\"Justice fiscale et promotion des femmes\"},{\"@type\":\"BreadcrumbList\",\"@id\":\"https:\/\/swissbaker.ch\/fr\/panissimo-news\/justice-fiscale-et-promotion-des-femmes\/#breadcrumb\",\"itemListElement\":[{\"@type\":\"ListItem\",\"position\":1,\"name\":\"\",\"item\":\"https:\/\/swissbaker.ch\/fr\/\"},{\"@type\":\"ListItem\",\"position\":2,\"name\":\"Association\",\"item\":\"https:\/\/swissbaker.ch\/fr\/panissimo-news\/category\/association\/\"},{\"@type\":\"ListItem\",\"position\":3,\"name\":\"Justice fiscale et promotion des femmes\"}]},{\"@type\":\"WebSite\",\"@id\":\"https:\/\/swissbaker.ch\/fr\/#website\",\"url\":\"https:\/\/swissbaker.ch\/fr\/\",\"name\":\"SBC\",\"description\":\"\",\"publisher\":{\"@id\":\"https:\/\/swissbaker.ch\/fr\/#organization\"},\"potentialAction\":[{\"@type\":\"SearchAction\",\"target\":{\"@type\":\"EntryPoint\",\"urlTemplate\":\"https:\/\/swissbaker.ch\/fr\/?s={search_term_string}\"},\"query-input\":{\"@type\":\"PropertyValueSpecification\",\"valueRequired\":true,\"valueName\":\"search_term_string\"}}],\"inLanguage\":\"fr-FR\"},{\"@type\":\"Organization\",\"@id\":\"https:\/\/swissbaker.ch\/fr\/#organization\",\"name\":\"Schweizerischer B\u00e4cker-Confiseurmeister-Verband\",\"url\":\"https:\/\/swissbaker.ch\/fr\/\",\"logo\":{\"@type\":\"ImageObject\",\"inLanguage\":\"fr-FR\",\"@id\":\"https:\/\/swissbaker.ch\/fr\/#\/schema\/logo\/image\/\",\"url\":\"https:\/\/swissbaker.ch\/wp-content\/uploads\/2022\/04\/sbc-logo-yoast.jpg\",\"contentUrl\":\"https:\/\/swissbaker.ch\/wp-content\/uploads\/2022\/04\/sbc-logo-yoast.jpg\",\"width\":512,\"height\":512,\"caption\":\"Schweizerischer B\u00e4cker-Confiseurmeister-Verband\"},\"image\":{\"@id\":\"https:\/\/swissbaker.ch\/fr\/#\/schema\/logo\/image\/\"},\"sameAs\":[\"https:\/\/www.facebook.com\/swissbaker.ch\",\"https:\/\/x.com\/ch_swissbaker\"]},{\"@type\":\"Person\",\"@id\":\"https:\/\/swissbaker.ch\/fr\/#\/schema\/person\/058ac47619f7da53df62aba60f939b78\",\"name\":\"azureart\",\"image\":{\"@type\":\"ImageObject\",\"inLanguage\":\"fr-FR\",\"@id\":\"https:\/\/swissbaker.ch\/fr\/#\/schema\/person\/image\/\",\"url\":\"https:\/\/secure.gravatar.com\/avatar\/be04dd3098fd612c83067af4f7a295384c93cb6a9112f51beb9d2f477d25da61?s=96&d=mm&r=g\",\"contentUrl\":\"https:\/\/secure.gravatar.com\/avatar\/be04dd3098fd612c83067af4f7a295384c93cb6a9112f51beb9d2f477d25da61?s=96&d=mm&r=g\",\"caption\":\"azureart\"},\"sameAs\":[\"https:\/\/swissbaker.ch\"],\"url\":\"https:\/\/swissbaker.ch\/fr\/panissimo-news\/author\/pixel-ahoi\/\"}]}<\/script>\n<!-- \/ Yoast SEO Premium plugin. -->","yoast_head_json":{"title":"Justice fiscale et promotion des femmes | SBC","robots":{"index":"index","follow":"follow","max-snippet":"max-snippet:-1","max-image-preview":"max-image-preview:large","max-video-preview":"max-video-preview:-1"},"canonical":"https:\/\/swissbaker.ch\/fr\/panissimo-news\/justice-fiscale-et-promotion-des-femmes\/","og_locale":"fr_FR","og_type":"article","og_title":"Justice fiscale et promotion des femmes","og_description":"Par 7 voix contre 1 et 5 abstentions, le CC s\u2019est prononc\u00e9 en faveur du projet \u00ab\u2009D\u00e9duction des frais de garde en faveur d\u2019une plus grande justice fiscale et de la promotion des femmes\u2009\u00bb. Le peuple suisse se prononcera sur le sujet le 27\u202fseptembre. Le Conseil f\u00e9d\u00e9ral veut all\u00e9ger la charge fiscale des familles. Le projet de d\u00e9duction fiscale apporte [&hellip;]","og_url":"https:\/\/swissbaker.ch\/fr\/panissimo-news\/justice-fiscale-et-promotion-des-femmes\/","og_site_name":"SBC","article_publisher":"https:\/\/www.facebook.com\/swissbaker.ch","article_published_time":"2020-07-07T08:39:00+00:00","article_modified_time":"2022-05-12T11:38:34+00:00","og_image":[{"width":800,"height":474,"url":"https:\/\/swissbaker.ch\/wp-content\/uploads\/2022\/03\/14_1_familieninitiative_d.jpeg","type":"image\/jpeg"}],"author":"azureart","twitter_card":"summary_large_image","twitter_creator":"@ch_swissbaker","twitter_site":"@ch_swissbaker","twitter_misc":{"Written by":"azureart","Est. reading time":"2 minutes"},"schema":{"@context":"https:\/\/schema.org","@graph":[{"@type":"Article","@id":"https:\/\/swissbaker.ch\/fr\/panissimo-news\/justice-fiscale-et-promotion-des-femmes\/#article","isPartOf":{"@id":"https:\/\/swissbaker.ch\/fr\/panissimo-news\/justice-fiscale-et-promotion-des-femmes\/"},"author":{"name":"azureart","@id":"https:\/\/swissbaker.ch\/fr\/#\/schema\/person\/058ac47619f7da53df62aba60f939b78"},"headline":"Justice fiscale et promotion des femmes","datePublished":"2020-07-07T08:39:00+00:00","dateModified":"2022-05-12T11:38:34+00:00","mainEntityOfPage":{"@id":"https:\/\/swissbaker.ch\/fr\/panissimo-news\/justice-fiscale-et-promotion-des-femmes\/"},"wordCount":260,"commentCount":0,"publisher":{"@id":"https:\/\/swissbaker.ch\/fr\/#organization"},"image":{"@id":"https:\/\/swissbaker.ch\/fr\/panissimo-news\/justice-fiscale-et-promotion-des-femmes\/#primaryimage"},"thumbnailUrl":"https:\/\/swissbaker.ch\/wp-content\/uploads\/2022\/03\/14_1_familieninitiative_d.jpeg","articleSection":["Association","Droit &amp; politique"],"inLanguage":"fr-FR","potentialAction":[{"@type":"CommentAction","name":"Comment","target":["https:\/\/swissbaker.ch\/fr\/panissimo-news\/justice-fiscale-et-promotion-des-femmes\/#respond"]}]},{"@type":"WebPage","@id":"https:\/\/swissbaker.ch\/fr\/panissimo-news\/justice-fiscale-et-promotion-des-femmes\/","url":"https:\/\/swissbaker.ch\/fr\/panissimo-news\/justice-fiscale-et-promotion-des-femmes\/","name":"Justice fiscale et promotion des femmes | SBC","isPartOf":{"@id":"https:\/\/swissbaker.ch\/fr\/#website"},"primaryImageOfPage":{"@id":"https:\/\/swissbaker.ch\/fr\/panissimo-news\/justice-fiscale-et-promotion-des-femmes\/#primaryimage"},"image":{"@id":"https:\/\/swissbaker.ch\/fr\/panissimo-news\/justice-fiscale-et-promotion-des-femmes\/#primaryimage"},"thumbnailUrl":"https:\/\/swissbaker.ch\/wp-content\/uploads\/2022\/03\/14_1_familieninitiative_d.jpeg","datePublished":"2020-07-07T08:39:00+00:00","dateModified":"2022-05-12T11:38:34+00:00","breadcrumb":{"@id":"https:\/\/swissbaker.ch\/fr\/panissimo-news\/justice-fiscale-et-promotion-des-femmes\/#breadcrumb"},"inLanguage":"fr-FR","potentialAction":[{"@type":"ReadAction","target":["https:\/\/swissbaker.ch\/fr\/panissimo-news\/justice-fiscale-et-promotion-des-femmes\/"]}]},{"@type":"ImageObject","inLanguage":"fr-FR","@id":"https:\/\/swissbaker.ch\/fr\/panissimo-news\/justice-fiscale-et-promotion-des-femmes\/#primaryimage","url":"https:\/\/swissbaker.ch\/wp-content\/uploads\/2022\/03\/14_1_familieninitiative_d.jpeg","contentUrl":"https:\/\/swissbaker.ch\/wp-content\/uploads\/2022\/03\/14_1_familieninitiative_d.jpeg","width":800,"height":474,"caption":"Justice fiscale et promotion des femmes"},{"@type":"BreadcrumbList","@id":"https:\/\/swissbaker.ch\/fr\/panissimo-news\/justice-fiscale-et-promotion-des-femmes\/#breadcrumb","itemListElement":[{"@type":"ListItem","position":1,"name":"","item":"https:\/\/swissbaker.ch\/fr\/"},{"@type":"ListItem","position":2,"name":"Association","item":"https:\/\/swissbaker.ch\/fr\/panissimo-news\/category\/association\/"},{"@type":"ListItem","position":3,"name":"Justice fiscale et promotion des femmes"}]},{"@type":"WebSite","@id":"https:\/\/swissbaker.ch\/fr\/#website","url":"https:\/\/swissbaker.ch\/fr\/","name":"SBC","description":"","publisher":{"@id":"https:\/\/swissbaker.ch\/fr\/#organization"},"potentialAction":[{"@type":"SearchAction","target":{"@type":"EntryPoint","urlTemplate":"https:\/\/swissbaker.ch\/fr\/?s={search_term_string}"},"query-input":{"@type":"PropertyValueSpecification","valueRequired":true,"valueName":"search_term_string"}}],"inLanguage":"fr-FR"},{"@type":"Organization","@id":"https:\/\/swissbaker.ch\/fr\/#organization","name":"Schweizerischer B\u00e4cker-Confiseurmeister-Verband","url":"https:\/\/swissbaker.ch\/fr\/","logo":{"@type":"ImageObject","inLanguage":"fr-FR","@id":"https:\/\/swissbaker.ch\/fr\/#\/schema\/logo\/image\/","url":"https:\/\/swissbaker.ch\/wp-content\/uploads\/2022\/04\/sbc-logo-yoast.jpg","contentUrl":"https:\/\/swissbaker.ch\/wp-content\/uploads\/2022\/04\/sbc-logo-yoast.jpg","width":512,"height":512,"caption":"Schweizerischer B\u00e4cker-Confiseurmeister-Verband"},"image":{"@id":"https:\/\/swissbaker.ch\/fr\/#\/schema\/logo\/image\/"},"sameAs":["https:\/\/www.facebook.com\/swissbaker.ch","https:\/\/x.com\/ch_swissbaker"]},{"@type":"Person","@id":"https:\/\/swissbaker.ch\/fr\/#\/schema\/person\/058ac47619f7da53df62aba60f939b78","name":"azureart","image":{"@type":"ImageObject","inLanguage":"fr-FR","@id":"https:\/\/swissbaker.ch\/fr\/#\/schema\/person\/image\/","url":"https:\/\/secure.gravatar.com\/avatar\/be04dd3098fd612c83067af4f7a295384c93cb6a9112f51beb9d2f477d25da61?s=96&d=mm&r=g","contentUrl":"https:\/\/secure.gravatar.com\/avatar\/be04dd3098fd612c83067af4f7a295384c93cb6a9112f51beb9d2f477d25da61?s=96&d=mm&r=g","caption":"azureart"},"sameAs":["https:\/\/swissbaker.ch"],"url":"https:\/\/swissbaker.ch\/fr\/panissimo-news\/author\/pixel-ahoi\/"}]}},"_links":{"self":[{"href":"https:\/\/swissbaker.ch\/fr\/wp-json\/wp\/v2\/posts\/9579","targetHints":{"allow":["GET"]}}],"collection":[{"href":"https:\/\/swissbaker.ch\/fr\/wp-json\/wp\/v2\/posts"}],"about":[{"href":"https:\/\/swissbaker.ch\/fr\/wp-json\/wp\/v2\/types\/post"}],"author":[{"embeddable":true,"href":"https:\/\/swissbaker.ch\/fr\/wp-json\/wp\/v2\/users\/1"}],"replies":[{"embeddable":true,"href":"https:\/\/swissbaker.ch\/fr\/wp-json\/wp\/v2\/comments?post=9579"}],"version-history":[{"count":0,"href":"https:\/\/swissbaker.ch\/fr\/wp-json\/wp\/v2\/posts\/9579\/revisions"}],"wp:featuredmedia":[{"embeddable":true,"href":"https:\/\/swissbaker.ch\/fr\/wp-json\/wp\/v2\/media\/5763"}],"wp:attachment":[{"href":"https:\/\/swissbaker.ch\/fr\/wp-json\/wp\/v2\/media?parent=9579"}],"wp:term":[{"taxonomy":"category","embeddable":true,"href":"https:\/\/swissbaker.ch\/fr\/wp-json\/wp\/v2\/categories?post=9579"},{"taxonomy":"post_tag","embeddable":true,"href":"https:\/\/swissbaker.ch\/fr\/wp-json\/wp\/v2\/tags?post=9579"}],"curies":[{"name":"wp","href":"https:\/\/api.w.org\/{rel}","templated":true}]}}