{"id":9578,"date":"2018-04-04T09:19:00","date_gmt":"2018-04-04T07:19:00","guid":{"rendered":"https:\/\/swissbaker.ch\/?p=9578"},"modified":"2022-05-12T13:37:06","modified_gmt":"2022-05-12T11:37:06","slug":"congres-bcs-et-grand-prix-participer-aux-decisions-et-a-la-fete","status":"publish","type":"post","link":"https:\/\/swissbaker.ch\/fr\/panissimo-news\/congres-bcs-et-grand-prix-participer-aux-decisions-et-a-la-fete\/","title":{"rendered":"Congr\u00e8s BCS et Grand Prix: Participer aux d\u00e9cisions et \u00e0 la f\u00eate"},"content":{"rendered":"\n<p><strong>L\u2019avenir de l\u2019association sera au centre du congr\u00e8s de la BCS, qui aura lieu le 18\u202fjuin \u00e0 Berne. La premi\u00e8re \u00e9dition du Grand Prix des artisans boulangers-confiseurs pr\u00e9vu la veille au soir constituera \u00e9galement un temps fort.<\/strong><\/p>\n\n\n\n<p>L\u2019Association suisse des patrons boulangers-confiseurs (BCS) est heureuse de vous inviter au congr\u00e8s de la BCS qui se tiendra \u00e0 Berne le 18\u202fjuin 2018. Outre la partie statutaire, les participants pourront profiter de l\u2019occasion pour \u00e9changer avec des coll\u00e8gues et partenaires sectoriels et assister \u00e0 une conf\u00e9rence tr\u00e8s int\u00e9ressante: Andr\u00e9 L\u00fcthi nous gratifiera d\u2019une intervention intitul\u00e9e \u00abDe boulanger-confiseur \u00e0 voyagiste prosp\u00e8re\u00bb, ouvrant des pistes de r\u00e9flexion passionnantes. Ce dernier, qui a fait un apprentissage de boulanger-confiseur dans sa jeunesse, est aujourd\u2019hui pr\u00e9sident du conseil d\u2019administration de Globetrotter Travel Service et CEO de Holding Globetrotter Group.<\/p>\n\n\n\n<h2 class=\"wp-block-heading\" id=\"h-nouvelle-strategie-de-l-association\">Nouvelle strat\u00e9gie de l\u2019association<\/h2>\n\n\n\n<p><br>La future strat\u00e9gie de l\u2019association, qui posera les jalons de l\u2019avenir de la BCS, sera le principal point \u00e0 l\u2019ordre du jour. Le congr\u00e8s est l\u2019instance d\u00e9cisionnaire supr\u00eame de la BCS. Toutes les associations cantonales y sont repr\u00e9sent\u00e9es par des d\u00e9l\u00e9gu\u00e9s. Chaque membre peut en outre y participer, en \u00e9tant le bienvenu. L\u2019ordre du jour, les motions et le programme seront publi\u00e9s dans le \u00ab\u2005panissimo\u2005\u00bb du 18\u202fmai.<\/p>\n\n\n\n<h2 class=\"wp-block-heading\">Grand Prix 2018<\/h2>\n\n\n\n<p><br>La veille au soir du congr\u00e8s, le 17\u202fjuin, la BCS organise pour la premi\u00e8re fois le Grand Prix des artisans boulangers-confiseurs. Il comprend un repas du soir et une remise de prix. Ce dernier se veut un rendez-vous permettant aux entreprises d\u2019\u00e9changer et de s\u2019inspirer de partenaires sectoriels. Les trois entreprises s\u00e9lectionn\u00e9es seront pr\u00e9sent\u00e9es avant la d\u00e9signation du laur\u00e9at lors de la remise de la couronne boulang\u00e8re 2018\u2005; un prix dot\u00e9 de 20\u2005000\u202ffrancs.<\/p>\n\n\n\n<h2 class=\"wp-block-heading\">Ambassadeur du pain et du chocolat 2018<\/h2>\n\n\n\n<p><br>Les participants assisteront \u00e0 une premi\u00e8re: la BCS nominera pour la premi\u00e8re fois un ambassadeur pour le secteur \u2013 l\u2019\u00abAmbassadeur du pain et du chocolat 2018\u00bb. Ce titre sera d\u00e9cern\u00e9 \u00e0 une personnalit\u00e9 connue ext\u00e9rieure au secteur, particuli\u00e8rement d\u00e9vou\u00e9e \u00e0 la boulangerie-confiserie.<\/p>\n\n\n\n<h2 class=\"wp-block-heading\">Match Suisse \u2013 Br\u00e9sil<\/h2>\n\n\n\n<p><br>Les h\u00f4tes pourront suivre le match Suisse \u2013 Br\u00e9sil en direct sur grand \u00e9cran et vivre la fi\u00e8vre du Mondial avec la famille du secteur.<\/p>\n\n\n\n<p>Inscription<\/p>\n","protected":false},"excerpt":{"rendered":"<p>L\u2019avenir de l\u2019association sera au centre du congr\u00e8s de la BCS, qui aura lieu le 18\u202fjuin \u00e0 Berne. La premi\u00e8re \u00e9dition du Grand Prix des artisans boulangers-confiseurs pr\u00e9vu la veille au soir constituera \u00e9galement un temps fort. L\u2019Association suisse des patrons boulangers-confiseurs (BCS) est heureuse de vous inviter au congr\u00e8s de la BCS qui se tiendra \u00e0 Berne le 18\u202fjuin [&hellip;]<\/p>\n","protected":false},"author":1,"featured_media":6725,"comment_status":"open","ping_status":"closed","sticky":false,"template":"","format":"standard","meta":{"_acf_changed":false,"footnotes":""},"categories":[41,46],"tags":[],"class_list":["post-9578","post","type-post","status-publish","format-standard","has-post-thumbnail","hentry","category-association","category-evenement"],"acf":[],"yoast_head":"<!-- This site is optimized with the Yoast SEO Premium plugin v26.8 (Yoast SEO v26.8) - https:\/\/yoast.com\/product\/yoast-seo-premium-wordpress\/ -->\n<title>Congr\u00e8s BCS et Grand Prix: Participer aux d\u00e9cisions et \u00e0 la f\u00eate | SBC<\/title>\n<meta name=\"robots\" content=\"index, follow, max-snippet:-1, max-image-preview:large, max-video-preview:-1\" \/>\n<link rel=\"canonical\" href=\"https:\/\/swissbaker.ch\/fr\/panissimo-news\/congres-bcs-et-grand-prix-participer-aux-decisions-et-a-la-fete\/\" \/>\n<meta property=\"og:locale\" content=\"fr_FR\" \/>\n<meta property=\"og:type\" content=\"article\" \/>\n<meta property=\"og:title\" content=\"Congr\u00e8s BCS et Grand Prix: Participer aux d\u00e9cisions et \u00e0 la f\u00eate\" \/>\n<meta property=\"og:description\" content=\"L\u2019avenir de l\u2019association sera au centre du congr\u00e8s de la BCS, qui aura lieu le 18\u202fjuin \u00e0 Berne. La premi\u00e8re \u00e9dition du Grand Prix des artisans boulangers-confiseurs pr\u00e9vu la veille au soir constituera \u00e9galement un temps fort. L\u2019Association suisse des patrons boulangers-confiseurs (BCS) est heureuse de vous inviter au congr\u00e8s de la BCS qui se tiendra \u00e0 Berne le 18\u202fjuin [&hellip;]\" \/>\n<meta property=\"og:url\" content=\"https:\/\/swissbaker.ch\/fr\/panissimo-news\/congres-bcs-et-grand-prix-participer-aux-decisions-et-a-la-fete\/\" \/>\n<meta property=\"og:site_name\" content=\"SBC\" \/>\n<meta property=\"article:publisher\" content=\"https:\/\/www.facebook.com\/swissbaker.ch\" \/>\n<meta property=\"article:published_time\" content=\"2018-04-04T07:19:00+00:00\" \/>\n<meta property=\"article:modified_time\" content=\"2022-05-12T11:37:06+00:00\" \/>\n<meta property=\"og:image\" content=\"https:\/\/swissbaker.ch\/wp-content\/uploads\/2022\/04\/NL-7-1_Kongress2018.jpg\" \/>\n\t<meta property=\"og:image:width\" content=\"800\" \/>\n\t<meta property=\"og:image:height\" content=\"474\" \/>\n\t<meta property=\"og:image:type\" content=\"image\/jpeg\" \/>\n<meta name=\"author\" content=\"azureart\" \/>\n<meta name=\"twitter:card\" content=\"summary_large_image\" \/>\n<meta name=\"twitter:creator\" content=\"@ch_swissbaker\" \/>\n<meta name=\"twitter:site\" content=\"@ch_swissbaker\" \/>\n<meta name=\"twitter:label1\" content=\"Written by\" \/>\n\t<meta name=\"twitter:data1\" content=\"azureart\" \/>\n\t<meta name=\"twitter:label2\" content=\"Est. reading time\" \/>\n\t<meta name=\"twitter:data2\" content=\"3 minutes\" \/>\n<script type=\"application\/ld+json\" class=\"yoast-schema-graph\">{\"@context\":\"https:\/\/schema.org\",\"@graph\":[{\"@type\":\"Article\",\"@id\":\"https:\/\/swissbaker.ch\/fr\/panissimo-news\/congres-bcs-et-grand-prix-participer-aux-decisions-et-a-la-fete\/#article\",\"isPartOf\":{\"@id\":\"https:\/\/swissbaker.ch\/fr\/panissimo-news\/congres-bcs-et-grand-prix-participer-aux-decisions-et-a-la-fete\/\"},\"author\":{\"name\":\"azureart\",\"@id\":\"https:\/\/swissbaker.ch\/fr\/#\/schema\/person\/058ac47619f7da53df62aba60f939b78\"},\"headline\":\"Congr\u00e8s BCS et Grand Prix: Participer aux d\u00e9cisions et \u00e0 la f\u00eate\",\"datePublished\":\"2018-04-04T07:19:00+00:00\",\"dateModified\":\"2022-05-12T11:37:06+00:00\",\"mainEntityOfPage\":{\"@id\":\"https:\/\/swissbaker.ch\/fr\/panissimo-news\/congres-bcs-et-grand-prix-participer-aux-decisions-et-a-la-fete\/\"},\"wordCount\":416,\"commentCount\":0,\"publisher\":{\"@id\":\"https:\/\/swissbaker.ch\/fr\/#organization\"},\"image\":{\"@id\":\"https:\/\/swissbaker.ch\/fr\/panissimo-news\/congres-bcs-et-grand-prix-participer-aux-decisions-et-a-la-fete\/#primaryimage\"},\"thumbnailUrl\":\"https:\/\/swissbaker.ch\/wp-content\/uploads\/2022\/04\/NL-7-1_Kongress2018.jpg\",\"articleSection\":[\"Association\",\"Ev\u00e9nement\"],\"inLanguage\":\"fr-FR\",\"potentialAction\":[{\"@type\":\"CommentAction\",\"name\":\"Comment\",\"target\":[\"https:\/\/swissbaker.ch\/fr\/panissimo-news\/congres-bcs-et-grand-prix-participer-aux-decisions-et-a-la-fete\/#respond\"]}]},{\"@type\":\"WebPage\",\"@id\":\"https:\/\/swissbaker.ch\/fr\/panissimo-news\/congres-bcs-et-grand-prix-participer-aux-decisions-et-a-la-fete\/\",\"url\":\"https:\/\/swissbaker.ch\/fr\/panissimo-news\/congres-bcs-et-grand-prix-participer-aux-decisions-et-a-la-fete\/\",\"name\":\"Congr\u00e8s BCS et Grand Prix: Participer aux d\u00e9cisions et \u00e0 la f\u00eate | SBC\",\"isPartOf\":{\"@id\":\"https:\/\/swissbaker.ch\/fr\/#website\"},\"primaryImageOfPage\":{\"@id\":\"https:\/\/swissbaker.ch\/fr\/panissimo-news\/congres-bcs-et-grand-prix-participer-aux-decisions-et-a-la-fete\/#primaryimage\"},\"image\":{\"@id\":\"https:\/\/swissbaker.ch\/fr\/panissimo-news\/congres-bcs-et-grand-prix-participer-aux-decisions-et-a-la-fete\/#primaryimage\"},\"thumbnailUrl\":\"https:\/\/swissbaker.ch\/wp-content\/uploads\/2022\/04\/NL-7-1_Kongress2018.jpg\",\"datePublished\":\"2018-04-04T07:19:00+00:00\",\"dateModified\":\"2022-05-12T11:37:06+00:00\",\"breadcrumb\":{\"@id\":\"https:\/\/swissbaker.ch\/fr\/panissimo-news\/congres-bcs-et-grand-prix-participer-aux-decisions-et-a-la-fete\/#breadcrumb\"},\"inLanguage\":\"fr-FR\",\"potentialAction\":[{\"@type\":\"ReadAction\",\"target\":[\"https:\/\/swissbaker.ch\/fr\/panissimo-news\/congres-bcs-et-grand-prix-participer-aux-decisions-et-a-la-fete\/\"]}]},{\"@type\":\"ImageObject\",\"inLanguage\":\"fr-FR\",\"@id\":\"https:\/\/swissbaker.ch\/fr\/panissimo-news\/congres-bcs-et-grand-prix-participer-aux-decisions-et-a-la-fete\/#primaryimage\",\"url\":\"https:\/\/swissbaker.ch\/wp-content\/uploads\/2022\/04\/NL-7-1_Kongress2018.jpg\",\"contentUrl\":\"https:\/\/swissbaker.ch\/wp-content\/uploads\/2022\/04\/NL-7-1_Kongress2018.jpg\",\"width\":800,\"height\":474,\"caption\":\"Congr\u00e8s BCS et Grand Prix: Participer aux d\u00e9cisions et \u00e0 la f\u00eate\"},{\"@type\":\"BreadcrumbList\",\"@id\":\"https:\/\/swissbaker.ch\/fr\/panissimo-news\/congres-bcs-et-grand-prix-participer-aux-decisions-et-a-la-fete\/#breadcrumb\",\"itemListElement\":[{\"@type\":\"ListItem\",\"position\":1,\"name\":\"\",\"item\":\"https:\/\/swissbaker.ch\/fr\/\"},{\"@type\":\"ListItem\",\"position\":2,\"name\":\"Association\",\"item\":\"https:\/\/swissbaker.ch\/fr\/panissimo-news\/category\/association\/\"},{\"@type\":\"ListItem\",\"position\":3,\"name\":\"Congr\u00e8s BCS et Grand Prix: Participer aux d\u00e9cisions et \u00e0 la f\u00eate\"}]},{\"@type\":\"WebSite\",\"@id\":\"https:\/\/swissbaker.ch\/fr\/#website\",\"url\":\"https:\/\/swissbaker.ch\/fr\/\",\"name\":\"SBC\",\"description\":\"\",\"publisher\":{\"@id\":\"https:\/\/swissbaker.ch\/fr\/#organization\"},\"potentialAction\":[{\"@type\":\"SearchAction\",\"target\":{\"@type\":\"EntryPoint\",\"urlTemplate\":\"https:\/\/swissbaker.ch\/fr\/?s={search_term_string}\"},\"query-input\":{\"@type\":\"PropertyValueSpecification\",\"valueRequired\":true,\"valueName\":\"search_term_string\"}}],\"inLanguage\":\"fr-FR\"},{\"@type\":\"Organization\",\"@id\":\"https:\/\/swissbaker.ch\/fr\/#organization\",\"name\":\"Schweizerischer B\u00e4cker-Confiseurmeister-Verband\",\"url\":\"https:\/\/swissbaker.ch\/fr\/\",\"logo\":{\"@type\":\"ImageObject\",\"inLanguage\":\"fr-FR\",\"@id\":\"https:\/\/swissbaker.ch\/fr\/#\/schema\/logo\/image\/\",\"url\":\"https:\/\/swissbaker.ch\/wp-content\/uploads\/2022\/04\/sbc-logo-yoast.jpg\",\"contentUrl\":\"https:\/\/swissbaker.ch\/wp-content\/uploads\/2022\/04\/sbc-logo-yoast.jpg\",\"width\":512,\"height\":512,\"caption\":\"Schweizerischer B\u00e4cker-Confiseurmeister-Verband\"},\"image\":{\"@id\":\"https:\/\/swissbaker.ch\/fr\/#\/schema\/logo\/image\/\"},\"sameAs\":[\"https:\/\/www.facebook.com\/swissbaker.ch\",\"https:\/\/x.com\/ch_swissbaker\"]},{\"@type\":\"Person\",\"@id\":\"https:\/\/swissbaker.ch\/fr\/#\/schema\/person\/058ac47619f7da53df62aba60f939b78\",\"name\":\"azureart\",\"image\":{\"@type\":\"ImageObject\",\"inLanguage\":\"fr-FR\",\"@id\":\"https:\/\/swissbaker.ch\/fr\/#\/schema\/person\/image\/\",\"url\":\"https:\/\/secure.gravatar.com\/avatar\/be04dd3098fd612c83067af4f7a295384c93cb6a9112f51beb9d2f477d25da61?s=96&d=mm&r=g\",\"contentUrl\":\"https:\/\/secure.gravatar.com\/avatar\/be04dd3098fd612c83067af4f7a295384c93cb6a9112f51beb9d2f477d25da61?s=96&d=mm&r=g\",\"caption\":\"azureart\"},\"sameAs\":[\"https:\/\/swissbaker.ch\"],\"url\":\"https:\/\/swissbaker.ch\/fr\/panissimo-news\/author\/pixel-ahoi\/\"}]}<\/script>\n<!-- \/ Yoast SEO Premium plugin. -->","yoast_head_json":{"title":"Congr\u00e8s BCS et Grand Prix: Participer aux d\u00e9cisions et \u00e0 la f\u00eate | SBC","robots":{"index":"index","follow":"follow","max-snippet":"max-snippet:-1","max-image-preview":"max-image-preview:large","max-video-preview":"max-video-preview:-1"},"canonical":"https:\/\/swissbaker.ch\/fr\/panissimo-news\/congres-bcs-et-grand-prix-participer-aux-decisions-et-a-la-fete\/","og_locale":"fr_FR","og_type":"article","og_title":"Congr\u00e8s BCS et Grand Prix: Participer aux d\u00e9cisions et \u00e0 la f\u00eate","og_description":"L\u2019avenir de l\u2019association sera au centre du congr\u00e8s de la BCS, qui aura lieu le 18\u202fjuin \u00e0 Berne. La premi\u00e8re \u00e9dition du Grand Prix des artisans boulangers-confiseurs pr\u00e9vu la veille au soir constituera \u00e9galement un temps fort. L\u2019Association suisse des patrons boulangers-confiseurs (BCS) est heureuse de vous inviter au congr\u00e8s de la BCS qui se tiendra \u00e0 Berne le 18\u202fjuin [&hellip;]","og_url":"https:\/\/swissbaker.ch\/fr\/panissimo-news\/congres-bcs-et-grand-prix-participer-aux-decisions-et-a-la-fete\/","og_site_name":"SBC","article_publisher":"https:\/\/www.facebook.com\/swissbaker.ch","article_published_time":"2018-04-04T07:19:00+00:00","article_modified_time":"2022-05-12T11:37:06+00:00","og_image":[{"width":800,"height":474,"url":"https:\/\/swissbaker.ch\/wp-content\/uploads\/2022\/04\/NL-7-1_Kongress2018.jpg","type":"image\/jpeg"}],"author":"azureart","twitter_card":"summary_large_image","twitter_creator":"@ch_swissbaker","twitter_site":"@ch_swissbaker","twitter_misc":{"Written by":"azureart","Est. reading time":"3 minutes"},"schema":{"@context":"https:\/\/schema.org","@graph":[{"@type":"Article","@id":"https:\/\/swissbaker.ch\/fr\/panissimo-news\/congres-bcs-et-grand-prix-participer-aux-decisions-et-a-la-fete\/#article","isPartOf":{"@id":"https:\/\/swissbaker.ch\/fr\/panissimo-news\/congres-bcs-et-grand-prix-participer-aux-decisions-et-a-la-fete\/"},"author":{"name":"azureart","@id":"https:\/\/swissbaker.ch\/fr\/#\/schema\/person\/058ac47619f7da53df62aba60f939b78"},"headline":"Congr\u00e8s BCS et Grand Prix: Participer aux d\u00e9cisions et \u00e0 la f\u00eate","datePublished":"2018-04-04T07:19:00+00:00","dateModified":"2022-05-12T11:37:06+00:00","mainEntityOfPage":{"@id":"https:\/\/swissbaker.ch\/fr\/panissimo-news\/congres-bcs-et-grand-prix-participer-aux-decisions-et-a-la-fete\/"},"wordCount":416,"commentCount":0,"publisher":{"@id":"https:\/\/swissbaker.ch\/fr\/#organization"},"image":{"@id":"https:\/\/swissbaker.ch\/fr\/panissimo-news\/congres-bcs-et-grand-prix-participer-aux-decisions-et-a-la-fete\/#primaryimage"},"thumbnailUrl":"https:\/\/swissbaker.ch\/wp-content\/uploads\/2022\/04\/NL-7-1_Kongress2018.jpg","articleSection":["Association","Ev\u00e9nement"],"inLanguage":"fr-FR","potentialAction":[{"@type":"CommentAction","name":"Comment","target":["https:\/\/swissbaker.ch\/fr\/panissimo-news\/congres-bcs-et-grand-prix-participer-aux-decisions-et-a-la-fete\/#respond"]}]},{"@type":"WebPage","@id":"https:\/\/swissbaker.ch\/fr\/panissimo-news\/congres-bcs-et-grand-prix-participer-aux-decisions-et-a-la-fete\/","url":"https:\/\/swissbaker.ch\/fr\/panissimo-news\/congres-bcs-et-grand-prix-participer-aux-decisions-et-a-la-fete\/","name":"Congr\u00e8s BCS et Grand Prix: Participer aux d\u00e9cisions et \u00e0 la f\u00eate | SBC","isPartOf":{"@id":"https:\/\/swissbaker.ch\/fr\/#website"},"primaryImageOfPage":{"@id":"https:\/\/swissbaker.ch\/fr\/panissimo-news\/congres-bcs-et-grand-prix-participer-aux-decisions-et-a-la-fete\/#primaryimage"},"image":{"@id":"https:\/\/swissbaker.ch\/fr\/panissimo-news\/congres-bcs-et-grand-prix-participer-aux-decisions-et-a-la-fete\/#primaryimage"},"thumbnailUrl":"https:\/\/swissbaker.ch\/wp-content\/uploads\/2022\/04\/NL-7-1_Kongress2018.jpg","datePublished":"2018-04-04T07:19:00+00:00","dateModified":"2022-05-12T11:37:06+00:00","breadcrumb":{"@id":"https:\/\/swissbaker.ch\/fr\/panissimo-news\/congres-bcs-et-grand-prix-participer-aux-decisions-et-a-la-fete\/#breadcrumb"},"inLanguage":"fr-FR","potentialAction":[{"@type":"ReadAction","target":["https:\/\/swissbaker.ch\/fr\/panissimo-news\/congres-bcs-et-grand-prix-participer-aux-decisions-et-a-la-fete\/"]}]},{"@type":"ImageObject","inLanguage":"fr-FR","@id":"https:\/\/swissbaker.ch\/fr\/panissimo-news\/congres-bcs-et-grand-prix-participer-aux-decisions-et-a-la-fete\/#primaryimage","url":"https:\/\/swissbaker.ch\/wp-content\/uploads\/2022\/04\/NL-7-1_Kongress2018.jpg","contentUrl":"https:\/\/swissbaker.ch\/wp-content\/uploads\/2022\/04\/NL-7-1_Kongress2018.jpg","width":800,"height":474,"caption":"Congr\u00e8s BCS et Grand Prix: Participer aux d\u00e9cisions et \u00e0 la f\u00eate"},{"@type":"BreadcrumbList","@id":"https:\/\/swissbaker.ch\/fr\/panissimo-news\/congres-bcs-et-grand-prix-participer-aux-decisions-et-a-la-fete\/#breadcrumb","itemListElement":[{"@type":"ListItem","position":1,"name":"","item":"https:\/\/swissbaker.ch\/fr\/"},{"@type":"ListItem","position":2,"name":"Association","item":"https:\/\/swissbaker.ch\/fr\/panissimo-news\/category\/association\/"},{"@type":"ListItem","position":3,"name":"Congr\u00e8s BCS et Grand Prix: Participer aux d\u00e9cisions et \u00e0 la f\u00eate"}]},{"@type":"WebSite","@id":"https:\/\/swissbaker.ch\/fr\/#website","url":"https:\/\/swissbaker.ch\/fr\/","name":"SBC","description":"","publisher":{"@id":"https:\/\/swissbaker.ch\/fr\/#organization"},"potentialAction":[{"@type":"SearchAction","target":{"@type":"EntryPoint","urlTemplate":"https:\/\/swissbaker.ch\/fr\/?s={search_term_string}"},"query-input":{"@type":"PropertyValueSpecification","valueRequired":true,"valueName":"search_term_string"}}],"inLanguage":"fr-FR"},{"@type":"Organization","@id":"https:\/\/swissbaker.ch\/fr\/#organization","name":"Schweizerischer B\u00e4cker-Confiseurmeister-Verband","url":"https:\/\/swissbaker.ch\/fr\/","logo":{"@type":"ImageObject","inLanguage":"fr-FR","@id":"https:\/\/swissbaker.ch\/fr\/#\/schema\/logo\/image\/","url":"https:\/\/swissbaker.ch\/wp-content\/uploads\/2022\/04\/sbc-logo-yoast.jpg","contentUrl":"https:\/\/swissbaker.ch\/wp-content\/uploads\/2022\/04\/sbc-logo-yoast.jpg","width":512,"height":512,"caption":"Schweizerischer B\u00e4cker-Confiseurmeister-Verband"},"image":{"@id":"https:\/\/swissbaker.ch\/fr\/#\/schema\/logo\/image\/"},"sameAs":["https:\/\/www.facebook.com\/swissbaker.ch","https:\/\/x.com\/ch_swissbaker"]},{"@type":"Person","@id":"https:\/\/swissbaker.ch\/fr\/#\/schema\/person\/058ac47619f7da53df62aba60f939b78","name":"azureart","image":{"@type":"ImageObject","inLanguage":"fr-FR","@id":"https:\/\/swissbaker.ch\/fr\/#\/schema\/person\/image\/","url":"https:\/\/secure.gravatar.com\/avatar\/be04dd3098fd612c83067af4f7a295384c93cb6a9112f51beb9d2f477d25da61?s=96&d=mm&r=g","contentUrl":"https:\/\/secure.gravatar.com\/avatar\/be04dd3098fd612c83067af4f7a295384c93cb6a9112f51beb9d2f477d25da61?s=96&d=mm&r=g","caption":"azureart"},"sameAs":["https:\/\/swissbaker.ch"],"url":"https:\/\/swissbaker.ch\/fr\/panissimo-news\/author\/pixel-ahoi\/"}]}},"_links":{"self":[{"href":"https:\/\/swissbaker.ch\/fr\/wp-json\/wp\/v2\/posts\/9578","targetHints":{"allow":["GET"]}}],"collection":[{"href":"https:\/\/swissbaker.ch\/fr\/wp-json\/wp\/v2\/posts"}],"about":[{"href":"https:\/\/swissbaker.ch\/fr\/wp-json\/wp\/v2\/types\/post"}],"author":[{"embeddable":true,"href":"https:\/\/swissbaker.ch\/fr\/wp-json\/wp\/v2\/users\/1"}],"replies":[{"embeddable":true,"href":"https:\/\/swissbaker.ch\/fr\/wp-json\/wp\/v2\/comments?post=9578"}],"version-history":[{"count":0,"href":"https:\/\/swissbaker.ch\/fr\/wp-json\/wp\/v2\/posts\/9578\/revisions"}],"wp:featuredmedia":[{"embeddable":true,"href":"https:\/\/swissbaker.ch\/fr\/wp-json\/wp\/v2\/media\/6725"}],"wp:attachment":[{"href":"https:\/\/swissbaker.ch\/fr\/wp-json\/wp\/v2\/media?parent=9578"}],"wp:term":[{"taxonomy":"category","embeddable":true,"href":"https:\/\/swissbaker.ch\/fr\/wp-json\/wp\/v2\/categories?post=9578"},{"taxonomy":"post_tag","embeddable":true,"href":"https:\/\/swissbaker.ch\/fr\/wp-json\/wp\/v2\/tags?post=9578"}],"curies":[{"name":"wp","href":"https:\/\/api.w.org\/{rel}","templated":true}]}}