{"id":9549,"date":"2020-07-14T09:45:00","date_gmt":"2020-07-14T07:45:00","guid":{"rendered":"https:\/\/swissbaker.ch\/?p=9549"},"modified":"2022-05-12T11:45:15","modified_gmt":"2022-05-12T09:45:15","slug":"un-sandwich-dimportance-systemique","status":"publish","type":"post","link":"https:\/\/swissbaker.ch\/fr\/panissimo-news\/un-sandwich-dimportance-systemique\/","title":{"rendered":"Un sandwich d\u2019importance syst\u00e9mique"},"content":{"rendered":"\n<p><strong>\u00abBoucher de l\u2019ann\u00e9e 2018, Martin Schwander se penche sur la collaboration et l\u2019estime r\u00e9ciproque des boulangers-confiseurs et des bouchers artisanaux.\u00bb<\/strong><\/p>\n\n\n\n<p>Mani Matter r\u00e9fl\u00e9chissait lui aussi d\u00e9j\u00e0 au sandwich.<\/p>\n\n\n\n<p>\u00ab\u2009Qu\u2019est-ce qu\u2019un sandwich sans viande\u2009? Ce n\u2019est rien que du pain.<br>Qu\u2019est-ce qu\u2019un sandwich sans pain\u2009? Ce n\u2019est rien que de la viande.<br>Ce n\u2019est que quand tu garnis ton pain avec de la viande,<br>Ce n\u2019est que quand tu entoures de pain ta viande,<br>que tu obtiens un sandwich\u2009: pain et viande.<br>Fais en sorte de toujours t\u2019en tenir \u00e0 \u00e7a\u2009!\u2009\u00bb<br><br>Je me sens li\u00e9 au m\u00e9tier de boulanger depuis ma plus tendre enfance. J\u2019ai pass\u00e9 ma jeunesse avec les enfantsdu boulanger dans le quartier.<br>A l\u2019\u00e9cole professionnelle, nous apprenions nos le\u00e7ons avec les apprentis boulangers. Aujourd\u2019hui encore, j\u2019ai de belles amiti\u00e9s n\u00e9es de l\u2019\u00e9poque<br>du service militaire.<\/p>\n\n\n\n<p>A l\u2019Institut pour la formation des cadres d\u2019entreprise SIU, j\u2019ai \u00e9t\u00e9 form\u00e9 par des experts de l\u2019ancienne fiduciaire des boulangers. Depuis plus de 50 ans<br>et deux g\u00e9n\u00e9rations, l\u2019un des plus c\u00e9l\u00e8bres boulangers-confiseurs bernois est notre client le plus fid\u00e8le. Une relation bas\u00e9e sur l\u2019estime et la confiance r\u00e9ciproque.<br>Depuis des si\u00e8cles, les boulangers et les bouchers suivent un chemin commun et, depuis la Covid-19, nous savons que nos guildes<br>ont une importance syst\u00e9mique\u2009;un sandwich d\u2019importance syst\u00e9mique, pour ainsi dire.<\/p>\n\n\n\n<p>Esp\u00e9rons que l\u2019estime retrouv\u00e9e des politiques et de la client\u00e8le nous restera acquise \u00e9galement \u00e0 l\u2019avenir. \u2013 que chantait d\u00e9j\u00e0 Mani Matter dans le dernier couplet\u2026<\/p>\n\n\n\n<p>Martin Schwander est ma\u00eetre boucher dipl\u00f4m\u00e9 avec des boucheries \u00e0 Riggisberg (BE) et Belp (BE). Il a \u00e9t\u00e9 \u00e9lu Boucher de l\u2019ann\u00e9e 2018. Il est connu<br>pour ses produits m\u00e9daille d\u2019or et le meilleur jambon.<br><a href=\"https:\/\/www.schwander-metzg.ch\/\">www.schwander-metzg.ch<\/a><\/p>\n\n\n\n<p><a href=\"https:\/\/www.swissbaker.ch\/de\/panissimo-news\/swissbaker-blog\/\">swissbaker-blog<\/a><br>Les swissbaker-blogs refl\u00e8tent l\u2019opinion de leur auteur. \u00ab panissimo \u00bb d\u00e9cline toute responsabilit\u00e9 quant \u00e0 l\u2019exactitude et l\u2019exhaustivit\u00e9 de leur contenu<\/p>\n","protected":false},"excerpt":{"rendered":"<p>\u00abBoucher de l\u2019ann\u00e9e 2018, Martin Schwander se penche sur la collaboration et l\u2019estime r\u00e9ciproque des boulangers-confiseurs et des bouchers artisanaux.\u00bb Mani Matter r\u00e9fl\u00e9chissait lui aussi d\u00e9j\u00e0 au sandwich. \u00ab\u2009Qu\u2019est-ce qu\u2019un sandwich sans viande\u2009? Ce n\u2019est rien que du pain.Qu\u2019est-ce qu\u2019un sandwich sans pain\u2009? Ce n\u2019est rien que de la viande.Ce n\u2019est que quand tu garnis ton pain avec de la [&hellip;]<\/p>\n","protected":false},"author":1,"featured_media":5756,"comment_status":"open","ping_status":"closed","sticky":false,"template":"","format":"standard","meta":{"_acf_changed":false,"footnotes":""},"categories":[58],"tags":[],"class_list":["post-9549","post","type-post","status-publish","format-standard","has-post-thumbnail","hentry","category-swissbaker-blog-fr"],"acf":[],"yoast_head":"<!-- This site is optimized with the Yoast SEO Premium plugin v26.8 (Yoast SEO v26.8) - https:\/\/yoast.com\/product\/yoast-seo-premium-wordpress\/ -->\n<title>Un sandwich d\u2019importance syst\u00e9mique | SBC<\/title>\n<meta name=\"robots\" content=\"index, follow, max-snippet:-1, max-image-preview:large, max-video-preview:-1\" \/>\n<link rel=\"canonical\" href=\"https:\/\/swissbaker.ch\/fr\/panissimo-news\/un-sandwich-dimportance-systemique\/\" \/>\n<meta property=\"og:locale\" content=\"fr_FR\" \/>\n<meta property=\"og:type\" content=\"article\" \/>\n<meta property=\"og:title\" content=\"Un sandwich d\u2019importance syst\u00e9mique\" \/>\n<meta property=\"og:description\" content=\"\u00abBoucher de l\u2019ann\u00e9e 2018, Martin Schwander se penche sur la collaboration et l\u2019estime r\u00e9ciproque des boulangers-confiseurs et des bouchers artisanaux.\u00bb Mani Matter r\u00e9fl\u00e9chissait lui aussi d\u00e9j\u00e0 au sandwich. \u00ab\u2009Qu\u2019est-ce qu\u2019un sandwich sans viande\u2009? Ce n\u2019est rien que du pain.Qu\u2019est-ce qu\u2019un sandwich sans pain\u2009? Ce n\u2019est rien que de la viande.Ce n\u2019est que quand tu garnis ton pain avec de la [&hellip;]\" \/>\n<meta property=\"og:url\" content=\"https:\/\/swissbaker.ch\/fr\/panissimo-news\/un-sandwich-dimportance-systemique\/\" \/>\n<meta property=\"og:site_name\" content=\"SBC\" \/>\n<meta property=\"article:publisher\" content=\"https:\/\/www.facebook.com\/swissbaker.ch\" \/>\n<meta property=\"article:published_time\" content=\"2020-07-14T07:45:00+00:00\" \/>\n<meta property=\"article:modified_time\" content=\"2022-05-12T09:45:15+00:00\" \/>\n<meta property=\"og:image\" content=\"https:\/\/swissbaker.ch\/wp-content\/uploads\/2022\/03\/14_2_blog_martin_schwander.jpeg\" \/>\n\t<meta property=\"og:image:width\" content=\"800\" \/>\n\t<meta property=\"og:image:height\" content=\"474\" \/>\n\t<meta property=\"og:image:type\" content=\"image\/jpeg\" \/>\n<meta name=\"author\" content=\"azureart\" \/>\n<meta name=\"twitter:card\" content=\"summary_large_image\" \/>\n<meta name=\"twitter:creator\" content=\"@ch_swissbaker\" \/>\n<meta name=\"twitter:site\" content=\"@ch_swissbaker\" \/>\n<meta name=\"twitter:label1\" content=\"Written by\" \/>\n\t<meta name=\"twitter:data1\" content=\"azureart\" \/>\n\t<meta name=\"twitter:label2\" content=\"Est. reading time\" \/>\n\t<meta name=\"twitter:data2\" content=\"2 minutes\" \/>\n<script type=\"application\/ld+json\" class=\"yoast-schema-graph\">{\"@context\":\"https:\/\/schema.org\",\"@graph\":[{\"@type\":\"Article\",\"@id\":\"https:\/\/swissbaker.ch\/fr\/panissimo-news\/un-sandwich-dimportance-systemique\/#article\",\"isPartOf\":{\"@id\":\"https:\/\/swissbaker.ch\/fr\/panissimo-news\/un-sandwich-dimportance-systemique\/\"},\"author\":{\"name\":\"azureart\",\"@id\":\"https:\/\/swissbaker.ch\/fr\/#\/schema\/person\/058ac47619f7da53df62aba60f939b78\"},\"headline\":\"Un sandwich d\u2019importance syst\u00e9mique\",\"datePublished\":\"2020-07-14T07:45:00+00:00\",\"dateModified\":\"2022-05-12T09:45:15+00:00\",\"mainEntityOfPage\":{\"@id\":\"https:\/\/swissbaker.ch\/fr\/panissimo-news\/un-sandwich-dimportance-systemique\/\"},\"wordCount\":355,\"commentCount\":0,\"publisher\":{\"@id\":\"https:\/\/swissbaker.ch\/fr\/#organization\"},\"image\":{\"@id\":\"https:\/\/swissbaker.ch\/fr\/panissimo-news\/un-sandwich-dimportance-systemique\/#primaryimage\"},\"thumbnailUrl\":\"https:\/\/swissbaker.ch\/wp-content\/uploads\/2022\/03\/14_2_blog_martin_schwander.jpeg\",\"articleSection\":[\"swissbaker-blog\"],\"inLanguage\":\"fr-FR\",\"potentialAction\":[{\"@type\":\"CommentAction\",\"name\":\"Comment\",\"target\":[\"https:\/\/swissbaker.ch\/fr\/panissimo-news\/un-sandwich-dimportance-systemique\/#respond\"]}]},{\"@type\":\"WebPage\",\"@id\":\"https:\/\/swissbaker.ch\/fr\/panissimo-news\/un-sandwich-dimportance-systemique\/\",\"url\":\"https:\/\/swissbaker.ch\/fr\/panissimo-news\/un-sandwich-dimportance-systemique\/\",\"name\":\"Un sandwich d\u2019importance syst\u00e9mique | SBC\",\"isPartOf\":{\"@id\":\"https:\/\/swissbaker.ch\/fr\/#website\"},\"primaryImageOfPage\":{\"@id\":\"https:\/\/swissbaker.ch\/fr\/panissimo-news\/un-sandwich-dimportance-systemique\/#primaryimage\"},\"image\":{\"@id\":\"https:\/\/swissbaker.ch\/fr\/panissimo-news\/un-sandwich-dimportance-systemique\/#primaryimage\"},\"thumbnailUrl\":\"https:\/\/swissbaker.ch\/wp-content\/uploads\/2022\/03\/14_2_blog_martin_schwander.jpeg\",\"datePublished\":\"2020-07-14T07:45:00+00:00\",\"dateModified\":\"2022-05-12T09:45:15+00:00\",\"breadcrumb\":{\"@id\":\"https:\/\/swissbaker.ch\/fr\/panissimo-news\/un-sandwich-dimportance-systemique\/#breadcrumb\"},\"inLanguage\":\"fr-FR\",\"potentialAction\":[{\"@type\":\"ReadAction\",\"target\":[\"https:\/\/swissbaker.ch\/fr\/panissimo-news\/un-sandwich-dimportance-systemique\/\"]}]},{\"@type\":\"ImageObject\",\"inLanguage\":\"fr-FR\",\"@id\":\"https:\/\/swissbaker.ch\/fr\/panissimo-news\/un-sandwich-dimportance-systemique\/#primaryimage\",\"url\":\"https:\/\/swissbaker.ch\/wp-content\/uploads\/2022\/03\/14_2_blog_martin_schwander.jpeg\",\"contentUrl\":\"https:\/\/swissbaker.ch\/wp-content\/uploads\/2022\/03\/14_2_blog_martin_schwander.jpeg\",\"width\":800,\"height\":474,\"caption\":\"Un sandwich d\u2019importance syst\u00e9mique\"},{\"@type\":\"BreadcrumbList\",\"@id\":\"https:\/\/swissbaker.ch\/fr\/panissimo-news\/un-sandwich-dimportance-systemique\/#breadcrumb\",\"itemListElement\":[{\"@type\":\"ListItem\",\"position\":1,\"name\":\"\",\"item\":\"https:\/\/swissbaker.ch\/fr\/\"},{\"@type\":\"ListItem\",\"position\":2,\"name\":\"swissbaker-blog\",\"item\":\"https:\/\/swissbaker.ch\/fr\/panissimo-news\/category\/swissbaker-blog-fr\/\"},{\"@type\":\"ListItem\",\"position\":3,\"name\":\"Un sandwich d\u2019importance syst\u00e9mique\"}]},{\"@type\":\"WebSite\",\"@id\":\"https:\/\/swissbaker.ch\/fr\/#website\",\"url\":\"https:\/\/swissbaker.ch\/fr\/\",\"name\":\"SBC\",\"description\":\"\",\"publisher\":{\"@id\":\"https:\/\/swissbaker.ch\/fr\/#organization\"},\"potentialAction\":[{\"@type\":\"SearchAction\",\"target\":{\"@type\":\"EntryPoint\",\"urlTemplate\":\"https:\/\/swissbaker.ch\/fr\/?s={search_term_string}\"},\"query-input\":{\"@type\":\"PropertyValueSpecification\",\"valueRequired\":true,\"valueName\":\"search_term_string\"}}],\"inLanguage\":\"fr-FR\"},{\"@type\":\"Organization\",\"@id\":\"https:\/\/swissbaker.ch\/fr\/#organization\",\"name\":\"Schweizerischer B\u00e4cker-Confiseurmeister-Verband\",\"url\":\"https:\/\/swissbaker.ch\/fr\/\",\"logo\":{\"@type\":\"ImageObject\",\"inLanguage\":\"fr-FR\",\"@id\":\"https:\/\/swissbaker.ch\/fr\/#\/schema\/logo\/image\/\",\"url\":\"https:\/\/swissbaker.ch\/wp-content\/uploads\/2022\/04\/sbc-logo-yoast.jpg\",\"contentUrl\":\"https:\/\/swissbaker.ch\/wp-content\/uploads\/2022\/04\/sbc-logo-yoast.jpg\",\"width\":512,\"height\":512,\"caption\":\"Schweizerischer B\u00e4cker-Confiseurmeister-Verband\"},\"image\":{\"@id\":\"https:\/\/swissbaker.ch\/fr\/#\/schema\/logo\/image\/\"},\"sameAs\":[\"https:\/\/www.facebook.com\/swissbaker.ch\",\"https:\/\/x.com\/ch_swissbaker\"]},{\"@type\":\"Person\",\"@id\":\"https:\/\/swissbaker.ch\/fr\/#\/schema\/person\/058ac47619f7da53df62aba60f939b78\",\"name\":\"azureart\",\"image\":{\"@type\":\"ImageObject\",\"inLanguage\":\"fr-FR\",\"@id\":\"https:\/\/swissbaker.ch\/fr\/#\/schema\/person\/image\/\",\"url\":\"https:\/\/secure.gravatar.com\/avatar\/be04dd3098fd612c83067af4f7a295384c93cb6a9112f51beb9d2f477d25da61?s=96&d=mm&r=g\",\"contentUrl\":\"https:\/\/secure.gravatar.com\/avatar\/be04dd3098fd612c83067af4f7a295384c93cb6a9112f51beb9d2f477d25da61?s=96&d=mm&r=g\",\"caption\":\"azureart\"},\"sameAs\":[\"https:\/\/swissbaker.ch\"],\"url\":\"https:\/\/swissbaker.ch\/fr\/panissimo-news\/author\/pixel-ahoi\/\"}]}<\/script>\n<!-- \/ Yoast SEO Premium plugin. -->","yoast_head_json":{"title":"Un sandwich d\u2019importance syst\u00e9mique | SBC","robots":{"index":"index","follow":"follow","max-snippet":"max-snippet:-1","max-image-preview":"max-image-preview:large","max-video-preview":"max-video-preview:-1"},"canonical":"https:\/\/swissbaker.ch\/fr\/panissimo-news\/un-sandwich-dimportance-systemique\/","og_locale":"fr_FR","og_type":"article","og_title":"Un sandwich d\u2019importance syst\u00e9mique","og_description":"\u00abBoucher de l\u2019ann\u00e9e 2018, Martin Schwander se penche sur la collaboration et l\u2019estime r\u00e9ciproque des boulangers-confiseurs et des bouchers artisanaux.\u00bb Mani Matter r\u00e9fl\u00e9chissait lui aussi d\u00e9j\u00e0 au sandwich. \u00ab\u2009Qu\u2019est-ce qu\u2019un sandwich sans viande\u2009? Ce n\u2019est rien que du pain.Qu\u2019est-ce qu\u2019un sandwich sans pain\u2009? Ce n\u2019est rien que de la viande.Ce n\u2019est que quand tu garnis ton pain avec de la [&hellip;]","og_url":"https:\/\/swissbaker.ch\/fr\/panissimo-news\/un-sandwich-dimportance-systemique\/","og_site_name":"SBC","article_publisher":"https:\/\/www.facebook.com\/swissbaker.ch","article_published_time":"2020-07-14T07:45:00+00:00","article_modified_time":"2022-05-12T09:45:15+00:00","og_image":[{"width":800,"height":474,"url":"https:\/\/swissbaker.ch\/wp-content\/uploads\/2022\/03\/14_2_blog_martin_schwander.jpeg","type":"image\/jpeg"}],"author":"azureart","twitter_card":"summary_large_image","twitter_creator":"@ch_swissbaker","twitter_site":"@ch_swissbaker","twitter_misc":{"Written by":"azureart","Est. reading time":"2 minutes"},"schema":{"@context":"https:\/\/schema.org","@graph":[{"@type":"Article","@id":"https:\/\/swissbaker.ch\/fr\/panissimo-news\/un-sandwich-dimportance-systemique\/#article","isPartOf":{"@id":"https:\/\/swissbaker.ch\/fr\/panissimo-news\/un-sandwich-dimportance-systemique\/"},"author":{"name":"azureart","@id":"https:\/\/swissbaker.ch\/fr\/#\/schema\/person\/058ac47619f7da53df62aba60f939b78"},"headline":"Un sandwich d\u2019importance syst\u00e9mique","datePublished":"2020-07-14T07:45:00+00:00","dateModified":"2022-05-12T09:45:15+00:00","mainEntityOfPage":{"@id":"https:\/\/swissbaker.ch\/fr\/panissimo-news\/un-sandwich-dimportance-systemique\/"},"wordCount":355,"commentCount":0,"publisher":{"@id":"https:\/\/swissbaker.ch\/fr\/#organization"},"image":{"@id":"https:\/\/swissbaker.ch\/fr\/panissimo-news\/un-sandwich-dimportance-systemique\/#primaryimage"},"thumbnailUrl":"https:\/\/swissbaker.ch\/wp-content\/uploads\/2022\/03\/14_2_blog_martin_schwander.jpeg","articleSection":["swissbaker-blog"],"inLanguage":"fr-FR","potentialAction":[{"@type":"CommentAction","name":"Comment","target":["https:\/\/swissbaker.ch\/fr\/panissimo-news\/un-sandwich-dimportance-systemique\/#respond"]}]},{"@type":"WebPage","@id":"https:\/\/swissbaker.ch\/fr\/panissimo-news\/un-sandwich-dimportance-systemique\/","url":"https:\/\/swissbaker.ch\/fr\/panissimo-news\/un-sandwich-dimportance-systemique\/","name":"Un sandwich d\u2019importance syst\u00e9mique | SBC","isPartOf":{"@id":"https:\/\/swissbaker.ch\/fr\/#website"},"primaryImageOfPage":{"@id":"https:\/\/swissbaker.ch\/fr\/panissimo-news\/un-sandwich-dimportance-systemique\/#primaryimage"},"image":{"@id":"https:\/\/swissbaker.ch\/fr\/panissimo-news\/un-sandwich-dimportance-systemique\/#primaryimage"},"thumbnailUrl":"https:\/\/swissbaker.ch\/wp-content\/uploads\/2022\/03\/14_2_blog_martin_schwander.jpeg","datePublished":"2020-07-14T07:45:00+00:00","dateModified":"2022-05-12T09:45:15+00:00","breadcrumb":{"@id":"https:\/\/swissbaker.ch\/fr\/panissimo-news\/un-sandwich-dimportance-systemique\/#breadcrumb"},"inLanguage":"fr-FR","potentialAction":[{"@type":"ReadAction","target":["https:\/\/swissbaker.ch\/fr\/panissimo-news\/un-sandwich-dimportance-systemique\/"]}]},{"@type":"ImageObject","inLanguage":"fr-FR","@id":"https:\/\/swissbaker.ch\/fr\/panissimo-news\/un-sandwich-dimportance-systemique\/#primaryimage","url":"https:\/\/swissbaker.ch\/wp-content\/uploads\/2022\/03\/14_2_blog_martin_schwander.jpeg","contentUrl":"https:\/\/swissbaker.ch\/wp-content\/uploads\/2022\/03\/14_2_blog_martin_schwander.jpeg","width":800,"height":474,"caption":"Un sandwich d\u2019importance syst\u00e9mique"},{"@type":"BreadcrumbList","@id":"https:\/\/swissbaker.ch\/fr\/panissimo-news\/un-sandwich-dimportance-systemique\/#breadcrumb","itemListElement":[{"@type":"ListItem","position":1,"name":"","item":"https:\/\/swissbaker.ch\/fr\/"},{"@type":"ListItem","position":2,"name":"swissbaker-blog","item":"https:\/\/swissbaker.ch\/fr\/panissimo-news\/category\/swissbaker-blog-fr\/"},{"@type":"ListItem","position":3,"name":"Un sandwich d\u2019importance syst\u00e9mique"}]},{"@type":"WebSite","@id":"https:\/\/swissbaker.ch\/fr\/#website","url":"https:\/\/swissbaker.ch\/fr\/","name":"SBC","description":"","publisher":{"@id":"https:\/\/swissbaker.ch\/fr\/#organization"},"potentialAction":[{"@type":"SearchAction","target":{"@type":"EntryPoint","urlTemplate":"https:\/\/swissbaker.ch\/fr\/?s={search_term_string}"},"query-input":{"@type":"PropertyValueSpecification","valueRequired":true,"valueName":"search_term_string"}}],"inLanguage":"fr-FR"},{"@type":"Organization","@id":"https:\/\/swissbaker.ch\/fr\/#organization","name":"Schweizerischer B\u00e4cker-Confiseurmeister-Verband","url":"https:\/\/swissbaker.ch\/fr\/","logo":{"@type":"ImageObject","inLanguage":"fr-FR","@id":"https:\/\/swissbaker.ch\/fr\/#\/schema\/logo\/image\/","url":"https:\/\/swissbaker.ch\/wp-content\/uploads\/2022\/04\/sbc-logo-yoast.jpg","contentUrl":"https:\/\/swissbaker.ch\/wp-content\/uploads\/2022\/04\/sbc-logo-yoast.jpg","width":512,"height":512,"caption":"Schweizerischer B\u00e4cker-Confiseurmeister-Verband"},"image":{"@id":"https:\/\/swissbaker.ch\/fr\/#\/schema\/logo\/image\/"},"sameAs":["https:\/\/www.facebook.com\/swissbaker.ch","https:\/\/x.com\/ch_swissbaker"]},{"@type":"Person","@id":"https:\/\/swissbaker.ch\/fr\/#\/schema\/person\/058ac47619f7da53df62aba60f939b78","name":"azureart","image":{"@type":"ImageObject","inLanguage":"fr-FR","@id":"https:\/\/swissbaker.ch\/fr\/#\/schema\/person\/image\/","url":"https:\/\/secure.gravatar.com\/avatar\/be04dd3098fd612c83067af4f7a295384c93cb6a9112f51beb9d2f477d25da61?s=96&d=mm&r=g","contentUrl":"https:\/\/secure.gravatar.com\/avatar\/be04dd3098fd612c83067af4f7a295384c93cb6a9112f51beb9d2f477d25da61?s=96&d=mm&r=g","caption":"azureart"},"sameAs":["https:\/\/swissbaker.ch"],"url":"https:\/\/swissbaker.ch\/fr\/panissimo-news\/author\/pixel-ahoi\/"}]}},"_links":{"self":[{"href":"https:\/\/swissbaker.ch\/fr\/wp-json\/wp\/v2\/posts\/9549","targetHints":{"allow":["GET"]}}],"collection":[{"href":"https:\/\/swissbaker.ch\/fr\/wp-json\/wp\/v2\/posts"}],"about":[{"href":"https:\/\/swissbaker.ch\/fr\/wp-json\/wp\/v2\/types\/post"}],"author":[{"embeddable":true,"href":"https:\/\/swissbaker.ch\/fr\/wp-json\/wp\/v2\/users\/1"}],"replies":[{"embeddable":true,"href":"https:\/\/swissbaker.ch\/fr\/wp-json\/wp\/v2\/comments?post=9549"}],"version-history":[{"count":0,"href":"https:\/\/swissbaker.ch\/fr\/wp-json\/wp\/v2\/posts\/9549\/revisions"}],"wp:featuredmedia":[{"embeddable":true,"href":"https:\/\/swissbaker.ch\/fr\/wp-json\/wp\/v2\/media\/5756"}],"wp:attachment":[{"href":"https:\/\/swissbaker.ch\/fr\/wp-json\/wp\/v2\/media?parent=9549"}],"wp:term":[{"taxonomy":"category","embeddable":true,"href":"https:\/\/swissbaker.ch\/fr\/wp-json\/wp\/v2\/categories?post=9549"},{"taxonomy":"post_tag","embeddable":true,"href":"https:\/\/swissbaker.ch\/fr\/wp-json\/wp\/v2\/tags?post=9549"}],"curies":[{"name":"wp","href":"https:\/\/api.w.org\/{rel}","templated":true}]}}