{"id":9547,"date":"2020-07-14T09:36:00","date_gmt":"2020-07-14T07:36:00","guid":{"rendered":"https:\/\/swissbaker.ch\/?p=9547"},"modified":"2022-05-12T11:43:47","modified_gmt":"2022-05-12T09:43:47","slug":"marc-ducobu-passion-pour-le-sucre","status":"publish","type":"post","link":"https:\/\/swissbaker.ch\/fr\/panissimo-news\/marc-ducobu-passion-pour-le-sucre\/","title":{"rendered":"Marc Ducobu, passion pour le sucr\u00e9"},"content":{"rendered":"\n<p><strong>Marc Ducobu est tr\u00e8s certainement un des meilleurs p\u00e2tissiers de Belgique. Il a remport\u00e9 plusieurs prix internationaux et est membre de \u00ab\u2009Relais Desserts\u2009\u00bb. La curiosit\u00e9, la passion et la cr\u00e9ativit\u00e9 le caract\u00e9risent.<\/strong>$<\/p>\n\n\n\n<p>Les boulangers-confiseurs suisses auraient pu avoir le plaisir de rencontrer cet artiste cr\u00e9ateur en ao\u00fbt, et de b\u00e9n\u00e9ficier de son savoir-faire. Le Covid-19 en a d\u00e9cid\u00e9 autrement. L\u2019\u00e9v\u00e9nement a \u00e9t\u00e9 report\u00e9 d\u2019un an (voir encadr\u00e9). Se r\u00e9jouir est le plus grand bonheur. \u00ab\u2009panissimo\u2009\u00bb met donc l\u2019eau \u00e0 la bouche de ses lecteurs en leur pr\u00e9sentant cet artisan.<\/p>\n\n\n\n<p>Marc Ducobu peut s\u2019appuyer sur de nombreuses ann\u00e9es d\u2019exp\u00e9rience en tant que p\u00e2tissier-chocolatier. Apr\u00e8s une formation au Ceria de Bruxelles, il a travaill\u00e9 dans les meilleurs h\u00f4tels et p\u00e2tisseries du monde. En 2003, il a ouvert sa propre boutique \u00e0 Waterloo, en Belgique, la Maison Ducobu\u2009; une maison pleine de p\u00e2tisseries, de chocolat et de cr\u00e8me glac\u00e9e. La localit\u00e9 accueillante de ce lieu historique invite chaque visiteur \u00e0 d\u00e9couvrir le p\u00e2tissier et son \u00e9quipe lors de l\u2019affinement des go\u00fbts, des technologies et de leurs pr\u00e9sentations.<\/p>\n\n\n\n<p><strong>Chocolaterie, glacerie, p\u00e2tisserie\u2026<\/strong><br>Son entreprise se compose de quatre ateliers distincts\u2009: la chocolaterie, la glacerie, la p\u00e2tisserie et l\u2019atelier p\u00e2tes.<br>Dans ces ateliers, Marc Ducobu et sa vingtaine de collaborateurs d\u00e9veloppent de nouveaux produits avec un grand esprit d\u2019innovation. Mais les classiques sont \u00e9galement r\u00e9interpr\u00e9t\u00e9s avec des combinaisons inhabituelles.<\/p>\n\n\n\n<p>Ses employ\u00e9s sont des artisans passionn\u00e9s, avec des normes de qualit\u00e9 extr\u00eamement \u00e9lev\u00e9es et qui sont toujours \u00e0 la recherche du produit parfait. La coop\u00e9ration \u00e9troite, l\u2019\u00e9change actif entre les \u00e9quipes et \u00ab\u2009le libre cours laiss\u00e9 \u00e0 l\u2019imagination\u2009\u00bb sont des facteurs cl\u00e9s pour cr\u00e9er de nouvelles sp\u00e9cialit\u00e9s. Les valeurs de l\u2019entreprise \u00ab\u2009la passion, la volont\u00e9, le partage, l\u2019int\u00e9gration et l\u2019\u00e9coute\u2009\u00bb sont v\u00e9cues et soutenues par tous.<\/p>\n\n\n\n<p>Marc Ducobu est l\u2019heureux propri\u00e9taire de nombreux prix dans le domaine de l\u2019art du chocolat. Le talentueux chocolatier a particip\u00e9 \u00e0 de nombreux concours&nbsp;prestigieux (comme la Coupe du monde \u00e0 Lyon, Turin et Phoenix, Prosper Montagn\u00e9, Mandarin Napol\u00e9on, etc.). Il appartient \u00e9galement \u00e0 un groupe s\u00e9lectionn\u00e9 d\u2019ambassadeurs belges du chocolat, travaille comme conf\u00e9rencier et membre de jurys dans le monde entier. Il a \u00e9t\u00e9 accept\u00e9 dans l\u2019association professionnelle Relais Desserts.<\/p>\n\n\n\n<h2 class=\"wp-block-heading\" id=\"h-relais-desserts\">Relais Desserts<\/h2>\n\n\n\n<p>Marc Ducobu en est membre depuis 2010. Cette association a \u00e9t\u00e9 fond\u00e9e en France en 1981 et rassemble plus d\u2019une centaine des meilleurs p\u00e2tissiers et confiseurs du monde. L\u2019excellence de la Haute P\u00e2tisserie fran\u00e7aise est l\u2019objectif premier de l\u2019association. Les membres provenant de 19 pays diff\u00e9rents, se sont engag\u00e9s pour la plus haute qualit\u00e9, une passion professionnelle et une attention aux d\u00e9tails sans failles. La promotion et l\u2019\u00e9change actif d\u2019exp\u00e9rience, ainsi que la formation continue entre sp\u00e9cialistes sont \u00e9galement cultiv\u00e9s. Un endroit parfait pour les jeunes professionnels talentueux qui souhaitent am\u00e9liorer leurs comp\u00e9tences.\u00a0<a href=\"https:\/\/www.relais-desserts.net\/\" target=\"_blank\" rel=\"noreferrer noopener\">Relais Desserts<\/a>, c\u2019est donc la garantie d\u2019un savoir-faire in\u00e9gal\u00e9 et d\u2019une qualit\u00e9 sans compromis \u00e0 transmettre de g\u00e9n\u00e9ration en g\u00e9n\u00e9ration.<\/p>\n\n\n\n<h2 class=\"wp-block-heading\" id=\"h-engagement-envers-le-metier-de-patissier-confiseur\">Engagement envers le m\u00e9tier de p\u00e2tissier-confiseur<\/h2>\n\n\n\n<p>Marc Ducobu est \u00e9galement tr\u00e8s engag\u00e9 dans la promotion du m\u00e9tier de p\u00e2tissier-confiseur. Il est co-organisateur du nouveau concours des jeunes talents du club Prosper Montagn\u00e9, qui sera lanc\u00e9 en collaboration avec Pierre Saey, Patrick Aubrion et Herman Van Dende. La comp\u00e9tition sera ax\u00e9e sur le chocolat, la p\u00e2tisserie mais aussi l\u2019aspect artistique de la profession. Un grand ornement, un ornement commercial, un g\u00e2teau au chocolat, des pralin\u00e9s moul\u00e9s, des pralin\u00e9s enrob\u00e9s et un cake de voyage sur le th\u00e8me de \u00ab\u2009La nature\u2009\u00bb sont les \u00e9l\u00e9ments qui devront \u00eatre fabriqu\u00e9s lors d\u2019une finale de 9 heures.<\/p>\n\n\n\n<p>Le club Prosper Montagn\u00e9 organise d\u00e9j\u00e0 chaque ann\u00e9e les prestigieux concours du \u00ab\u2009Meilleur cuisinier de Belgique\u2009\u00bb et \u00ab\u2009Meilleur Ma\u00eetre d\u2019H\u00f4tel de Belgique\u2009\u00bb.<br>La P\u00e2tisserie Ducobu organise \u00e9galement annuellement le \u00ab\u2009Concours du macaron amateur international\u2009\u00bb. en Belgique. Avec d\u2019autres membres du jury, il \u00e9value les cr\u00e9ations de macaron selon l\u2019apparence, la consistance, le go\u00fbt, l\u2019ar\u00f4me et l\u2019originalit\u00e9. Seuls les participants n\u2019ayant pas de formation p\u00e2tissi\u00e8re sont admis au concours.<\/p>\n\n\n\n<p><strong>Marc Ducobu<\/strong>\u00a0est n\u00e9 en 1971 \u00e0 Bruxelles. Il a suivi une formation traditionnelle de p\u00e2tissier et de fabrication de cr\u00e8mes glac\u00e9es, sp\u00e9cialis\u00e9e dans la p\u00e2tisserie et le chocolat. M. Ducobu a \u00e9galement effectu\u00e9 plusieurs stages et travaill\u00e9 dans diverses entreprises et h\u00f4tels, dont Wittamer en Belgique, Debailleul \u00e0 Bruxelles, Au Vatel, Mont Royal, Nile Hilton au Caire et H\u00f4tel Conrad \u00e0 Bruxelles<\/p>\n\n\n\n<p><strong>Cours Confiserie et pralin\u00e9s avec Marc Ducobu<\/strong><br>Dans un cours de d\u00e9monstration passionnant, il montrera aux participants comment ses sp\u00e9cialit\u00e9s trouvent le jour.<\/p>\n\n\n\n<p><strong>Date et lieu<\/strong><br>Mardi 24\u202fao\u00fbt 2021, 09\u2009h\u200930 \u2013 17\u2009h\u200900,<br>Richemont centre de comp\u00e9tence, Lucerne<\/p>\n\n\n\n<p><strong>Prix<\/strong><br>Membres 330 CHF \/ Non-membres 450 CHF<\/p>\n\n\n\n<p><strong>Infos et Inscription\u2009:&nbsp;<a href=\"https:\/\/richemont.swiss\/fr\/event\/confiserie-et-pralines-avec-marc-ducobu-2\/\" target=\"_blank\" rel=\"noreferrer noopener\">www.richemont.swiss<\/a><\/strong><\/p>\n","protected":false},"excerpt":{"rendered":"<p>Marc Ducobu est tr\u00e8s certainement un des meilleurs p\u00e2tissiers de Belgique. Il a remport\u00e9 plusieurs prix internationaux et est membre de \u00ab\u2009Relais Desserts\u2009\u00bb. La curiosit\u00e9, la passion et la cr\u00e9ativit\u00e9 le caract\u00e9risent.$ Les boulangers-confiseurs suisses auraient pu avoir le plaisir de rencontrer cet artiste cr\u00e9ateur en ao\u00fbt, et de b\u00e9n\u00e9ficier de son savoir-faire. Le Covid-19 en a d\u00e9cid\u00e9 autrement. L\u2019\u00e9v\u00e9nement [&hellip;]<\/p>\n","protected":false},"author":1,"featured_media":5754,"comment_status":"open","ping_status":"closed","sticky":false,"template":"","format":"standard","meta":{"_acf_changed":false,"footnotes":""},"categories":[54],"tags":[],"class_list":["post-9547","post","type-post","status-publish","format-standard","has-post-thumbnail","hentry","category-conseils"],"acf":[],"yoast_head":"<!-- This site is optimized with the Yoast SEO Premium plugin v26.8 (Yoast SEO v26.8) - https:\/\/yoast.com\/product\/yoast-seo-premium-wordpress\/ -->\n<title>Marc Ducobu, passion pour le sucr\u00e9 | SBC<\/title>\n<meta name=\"robots\" content=\"index, follow, max-snippet:-1, max-image-preview:large, max-video-preview:-1\" \/>\n<link rel=\"canonical\" href=\"https:\/\/swissbaker.ch\/fr\/panissimo-news\/marc-ducobu-passion-pour-le-sucre\/\" \/>\n<meta property=\"og:locale\" content=\"fr_FR\" \/>\n<meta property=\"og:type\" content=\"article\" \/>\n<meta property=\"og:title\" content=\"Marc Ducobu, passion pour le sucr\u00e9\" \/>\n<meta property=\"og:description\" content=\"Marc Ducobu est tr\u00e8s certainement un des meilleurs p\u00e2tissiers de Belgique. Il a remport\u00e9 plusieurs prix internationaux et est membre de \u00ab\u2009Relais Desserts\u2009\u00bb. La curiosit\u00e9, la passion et la cr\u00e9ativit\u00e9 le caract\u00e9risent.$ Les boulangers-confiseurs suisses auraient pu avoir le plaisir de rencontrer cet artiste cr\u00e9ateur en ao\u00fbt, et de b\u00e9n\u00e9ficier de son savoir-faire. Le Covid-19 en a d\u00e9cid\u00e9 autrement. L\u2019\u00e9v\u00e9nement [&hellip;]\" \/>\n<meta property=\"og:url\" content=\"https:\/\/swissbaker.ch\/fr\/panissimo-news\/marc-ducobu-passion-pour-le-sucre\/\" \/>\n<meta property=\"og:site_name\" content=\"SBC\" \/>\n<meta property=\"article:publisher\" content=\"https:\/\/www.facebook.com\/swissbaker.ch\" \/>\n<meta property=\"article:published_time\" content=\"2020-07-14T07:36:00+00:00\" \/>\n<meta property=\"article:modified_time\" content=\"2022-05-12T09:43:47+00:00\" \/>\n<meta property=\"og:image\" content=\"https:\/\/swissbaker.ch\/wp-content\/uploads\/2022\/03\/14_2_Marc_Ducobu.jpeg\" \/>\n\t<meta property=\"og:image:width\" content=\"800\" \/>\n\t<meta property=\"og:image:height\" content=\"474\" \/>\n\t<meta property=\"og:image:type\" content=\"image\/jpeg\" \/>\n<meta name=\"author\" content=\"azureart\" \/>\n<meta name=\"twitter:card\" content=\"summary_large_image\" \/>\n<meta name=\"twitter:creator\" content=\"@ch_swissbaker\" \/>\n<meta name=\"twitter:site\" content=\"@ch_swissbaker\" \/>\n<meta name=\"twitter:label1\" content=\"Written by\" \/>\n\t<meta name=\"twitter:data1\" content=\"azureart\" \/>\n\t<meta name=\"twitter:label2\" content=\"Est. reading time\" \/>\n\t<meta name=\"twitter:data2\" content=\"5 minutes\" \/>\n<script type=\"application\/ld+json\" class=\"yoast-schema-graph\">{\"@context\":\"https:\/\/schema.org\",\"@graph\":[{\"@type\":\"Article\",\"@id\":\"https:\/\/swissbaker.ch\/fr\/panissimo-news\/marc-ducobu-passion-pour-le-sucre\/#article\",\"isPartOf\":{\"@id\":\"https:\/\/swissbaker.ch\/fr\/panissimo-news\/marc-ducobu-passion-pour-le-sucre\/\"},\"author\":{\"name\":\"azureart\",\"@id\":\"https:\/\/swissbaker.ch\/fr\/#\/schema\/person\/058ac47619f7da53df62aba60f939b78\"},\"headline\":\"Marc Ducobu, passion pour le sucr\u00e9\",\"datePublished\":\"2020-07-14T07:36:00+00:00\",\"dateModified\":\"2022-05-12T09:43:47+00:00\",\"mainEntityOfPage\":{\"@id\":\"https:\/\/swissbaker.ch\/fr\/panissimo-news\/marc-ducobu-passion-pour-le-sucre\/\"},\"wordCount\":882,\"commentCount\":0,\"publisher\":{\"@id\":\"https:\/\/swissbaker.ch\/fr\/#organization\"},\"image\":{\"@id\":\"https:\/\/swissbaker.ch\/fr\/panissimo-news\/marc-ducobu-passion-pour-le-sucre\/#primaryimage\"},\"thumbnailUrl\":\"https:\/\/swissbaker.ch\/wp-content\/uploads\/2022\/03\/14_2_Marc_Ducobu.jpeg\",\"articleSection\":[\"Conseils\"],\"inLanguage\":\"fr-FR\",\"potentialAction\":[{\"@type\":\"CommentAction\",\"name\":\"Comment\",\"target\":[\"https:\/\/swissbaker.ch\/fr\/panissimo-news\/marc-ducobu-passion-pour-le-sucre\/#respond\"]}]},{\"@type\":\"WebPage\",\"@id\":\"https:\/\/swissbaker.ch\/fr\/panissimo-news\/marc-ducobu-passion-pour-le-sucre\/\",\"url\":\"https:\/\/swissbaker.ch\/fr\/panissimo-news\/marc-ducobu-passion-pour-le-sucre\/\",\"name\":\"Marc Ducobu, passion pour le sucr\u00e9 | SBC\",\"isPartOf\":{\"@id\":\"https:\/\/swissbaker.ch\/fr\/#website\"},\"primaryImageOfPage\":{\"@id\":\"https:\/\/swissbaker.ch\/fr\/panissimo-news\/marc-ducobu-passion-pour-le-sucre\/#primaryimage\"},\"image\":{\"@id\":\"https:\/\/swissbaker.ch\/fr\/panissimo-news\/marc-ducobu-passion-pour-le-sucre\/#primaryimage\"},\"thumbnailUrl\":\"https:\/\/swissbaker.ch\/wp-content\/uploads\/2022\/03\/14_2_Marc_Ducobu.jpeg\",\"datePublished\":\"2020-07-14T07:36:00+00:00\",\"dateModified\":\"2022-05-12T09:43:47+00:00\",\"breadcrumb\":{\"@id\":\"https:\/\/swissbaker.ch\/fr\/panissimo-news\/marc-ducobu-passion-pour-le-sucre\/#breadcrumb\"},\"inLanguage\":\"fr-FR\",\"potentialAction\":[{\"@type\":\"ReadAction\",\"target\":[\"https:\/\/swissbaker.ch\/fr\/panissimo-news\/marc-ducobu-passion-pour-le-sucre\/\"]}]},{\"@type\":\"ImageObject\",\"inLanguage\":\"fr-FR\",\"@id\":\"https:\/\/swissbaker.ch\/fr\/panissimo-news\/marc-ducobu-passion-pour-le-sucre\/#primaryimage\",\"url\":\"https:\/\/swissbaker.ch\/wp-content\/uploads\/2022\/03\/14_2_Marc_Ducobu.jpeg\",\"contentUrl\":\"https:\/\/swissbaker.ch\/wp-content\/uploads\/2022\/03\/14_2_Marc_Ducobu.jpeg\",\"width\":800,\"height\":474,\"caption\":\"Marc Ducobu, passion pour le sucr\u00e9\"},{\"@type\":\"BreadcrumbList\",\"@id\":\"https:\/\/swissbaker.ch\/fr\/panissimo-news\/marc-ducobu-passion-pour-le-sucre\/#breadcrumb\",\"itemListElement\":[{\"@type\":\"ListItem\",\"position\":1,\"name\":\"\",\"item\":\"https:\/\/swissbaker.ch\/fr\/\"},{\"@type\":\"ListItem\",\"position\":2,\"name\":\"Conseils\",\"item\":\"https:\/\/swissbaker.ch\/fr\/panissimo-news\/category\/conseils\/\"},{\"@type\":\"ListItem\",\"position\":3,\"name\":\"Marc Ducobu, passion pour le sucr\u00e9\"}]},{\"@type\":\"WebSite\",\"@id\":\"https:\/\/swissbaker.ch\/fr\/#website\",\"url\":\"https:\/\/swissbaker.ch\/fr\/\",\"name\":\"SBC\",\"description\":\"\",\"publisher\":{\"@id\":\"https:\/\/swissbaker.ch\/fr\/#organization\"},\"potentialAction\":[{\"@type\":\"SearchAction\",\"target\":{\"@type\":\"EntryPoint\",\"urlTemplate\":\"https:\/\/swissbaker.ch\/fr\/?s={search_term_string}\"},\"query-input\":{\"@type\":\"PropertyValueSpecification\",\"valueRequired\":true,\"valueName\":\"search_term_string\"}}],\"inLanguage\":\"fr-FR\"},{\"@type\":\"Organization\",\"@id\":\"https:\/\/swissbaker.ch\/fr\/#organization\",\"name\":\"Schweizerischer B\u00e4cker-Confiseurmeister-Verband\",\"url\":\"https:\/\/swissbaker.ch\/fr\/\",\"logo\":{\"@type\":\"ImageObject\",\"inLanguage\":\"fr-FR\",\"@id\":\"https:\/\/swissbaker.ch\/fr\/#\/schema\/logo\/image\/\",\"url\":\"https:\/\/swissbaker.ch\/wp-content\/uploads\/2022\/04\/sbc-logo-yoast.jpg\",\"contentUrl\":\"https:\/\/swissbaker.ch\/wp-content\/uploads\/2022\/04\/sbc-logo-yoast.jpg\",\"width\":512,\"height\":512,\"caption\":\"Schweizerischer B\u00e4cker-Confiseurmeister-Verband\"},\"image\":{\"@id\":\"https:\/\/swissbaker.ch\/fr\/#\/schema\/logo\/image\/\"},\"sameAs\":[\"https:\/\/www.facebook.com\/swissbaker.ch\",\"https:\/\/x.com\/ch_swissbaker\"]},{\"@type\":\"Person\",\"@id\":\"https:\/\/swissbaker.ch\/fr\/#\/schema\/person\/058ac47619f7da53df62aba60f939b78\",\"name\":\"azureart\",\"image\":{\"@type\":\"ImageObject\",\"inLanguage\":\"fr-FR\",\"@id\":\"https:\/\/swissbaker.ch\/fr\/#\/schema\/person\/image\/\",\"url\":\"https:\/\/secure.gravatar.com\/avatar\/be04dd3098fd612c83067af4f7a295384c93cb6a9112f51beb9d2f477d25da61?s=96&d=mm&r=g\",\"contentUrl\":\"https:\/\/secure.gravatar.com\/avatar\/be04dd3098fd612c83067af4f7a295384c93cb6a9112f51beb9d2f477d25da61?s=96&d=mm&r=g\",\"caption\":\"azureart\"},\"sameAs\":[\"https:\/\/swissbaker.ch\"],\"url\":\"https:\/\/swissbaker.ch\/fr\/panissimo-news\/author\/pixel-ahoi\/\"}]}<\/script>\n<!-- \/ Yoast SEO Premium plugin. -->","yoast_head_json":{"title":"Marc Ducobu, passion pour le sucr\u00e9 | SBC","robots":{"index":"index","follow":"follow","max-snippet":"max-snippet:-1","max-image-preview":"max-image-preview:large","max-video-preview":"max-video-preview:-1"},"canonical":"https:\/\/swissbaker.ch\/fr\/panissimo-news\/marc-ducobu-passion-pour-le-sucre\/","og_locale":"fr_FR","og_type":"article","og_title":"Marc Ducobu, passion pour le sucr\u00e9","og_description":"Marc Ducobu est tr\u00e8s certainement un des meilleurs p\u00e2tissiers de Belgique. Il a remport\u00e9 plusieurs prix internationaux et est membre de \u00ab\u2009Relais Desserts\u2009\u00bb. La curiosit\u00e9, la passion et la cr\u00e9ativit\u00e9 le caract\u00e9risent.$ Les boulangers-confiseurs suisses auraient pu avoir le plaisir de rencontrer cet artiste cr\u00e9ateur en ao\u00fbt, et de b\u00e9n\u00e9ficier de son savoir-faire. Le Covid-19 en a d\u00e9cid\u00e9 autrement. L\u2019\u00e9v\u00e9nement [&hellip;]","og_url":"https:\/\/swissbaker.ch\/fr\/panissimo-news\/marc-ducobu-passion-pour-le-sucre\/","og_site_name":"SBC","article_publisher":"https:\/\/www.facebook.com\/swissbaker.ch","article_published_time":"2020-07-14T07:36:00+00:00","article_modified_time":"2022-05-12T09:43:47+00:00","og_image":[{"width":800,"height":474,"url":"https:\/\/swissbaker.ch\/wp-content\/uploads\/2022\/03\/14_2_Marc_Ducobu.jpeg","type":"image\/jpeg"}],"author":"azureart","twitter_card":"summary_large_image","twitter_creator":"@ch_swissbaker","twitter_site":"@ch_swissbaker","twitter_misc":{"Written by":"azureart","Est. reading time":"5 minutes"},"schema":{"@context":"https:\/\/schema.org","@graph":[{"@type":"Article","@id":"https:\/\/swissbaker.ch\/fr\/panissimo-news\/marc-ducobu-passion-pour-le-sucre\/#article","isPartOf":{"@id":"https:\/\/swissbaker.ch\/fr\/panissimo-news\/marc-ducobu-passion-pour-le-sucre\/"},"author":{"name":"azureart","@id":"https:\/\/swissbaker.ch\/fr\/#\/schema\/person\/058ac47619f7da53df62aba60f939b78"},"headline":"Marc Ducobu, passion pour le sucr\u00e9","datePublished":"2020-07-14T07:36:00+00:00","dateModified":"2022-05-12T09:43:47+00:00","mainEntityOfPage":{"@id":"https:\/\/swissbaker.ch\/fr\/panissimo-news\/marc-ducobu-passion-pour-le-sucre\/"},"wordCount":882,"commentCount":0,"publisher":{"@id":"https:\/\/swissbaker.ch\/fr\/#organization"},"image":{"@id":"https:\/\/swissbaker.ch\/fr\/panissimo-news\/marc-ducobu-passion-pour-le-sucre\/#primaryimage"},"thumbnailUrl":"https:\/\/swissbaker.ch\/wp-content\/uploads\/2022\/03\/14_2_Marc_Ducobu.jpeg","articleSection":["Conseils"],"inLanguage":"fr-FR","potentialAction":[{"@type":"CommentAction","name":"Comment","target":["https:\/\/swissbaker.ch\/fr\/panissimo-news\/marc-ducobu-passion-pour-le-sucre\/#respond"]}]},{"@type":"WebPage","@id":"https:\/\/swissbaker.ch\/fr\/panissimo-news\/marc-ducobu-passion-pour-le-sucre\/","url":"https:\/\/swissbaker.ch\/fr\/panissimo-news\/marc-ducobu-passion-pour-le-sucre\/","name":"Marc Ducobu, passion pour le sucr\u00e9 | SBC","isPartOf":{"@id":"https:\/\/swissbaker.ch\/fr\/#website"},"primaryImageOfPage":{"@id":"https:\/\/swissbaker.ch\/fr\/panissimo-news\/marc-ducobu-passion-pour-le-sucre\/#primaryimage"},"image":{"@id":"https:\/\/swissbaker.ch\/fr\/panissimo-news\/marc-ducobu-passion-pour-le-sucre\/#primaryimage"},"thumbnailUrl":"https:\/\/swissbaker.ch\/wp-content\/uploads\/2022\/03\/14_2_Marc_Ducobu.jpeg","datePublished":"2020-07-14T07:36:00+00:00","dateModified":"2022-05-12T09:43:47+00:00","breadcrumb":{"@id":"https:\/\/swissbaker.ch\/fr\/panissimo-news\/marc-ducobu-passion-pour-le-sucre\/#breadcrumb"},"inLanguage":"fr-FR","potentialAction":[{"@type":"ReadAction","target":["https:\/\/swissbaker.ch\/fr\/panissimo-news\/marc-ducobu-passion-pour-le-sucre\/"]}]},{"@type":"ImageObject","inLanguage":"fr-FR","@id":"https:\/\/swissbaker.ch\/fr\/panissimo-news\/marc-ducobu-passion-pour-le-sucre\/#primaryimage","url":"https:\/\/swissbaker.ch\/wp-content\/uploads\/2022\/03\/14_2_Marc_Ducobu.jpeg","contentUrl":"https:\/\/swissbaker.ch\/wp-content\/uploads\/2022\/03\/14_2_Marc_Ducobu.jpeg","width":800,"height":474,"caption":"Marc Ducobu, passion pour le sucr\u00e9"},{"@type":"BreadcrumbList","@id":"https:\/\/swissbaker.ch\/fr\/panissimo-news\/marc-ducobu-passion-pour-le-sucre\/#breadcrumb","itemListElement":[{"@type":"ListItem","position":1,"name":"","item":"https:\/\/swissbaker.ch\/fr\/"},{"@type":"ListItem","position":2,"name":"Conseils","item":"https:\/\/swissbaker.ch\/fr\/panissimo-news\/category\/conseils\/"},{"@type":"ListItem","position":3,"name":"Marc Ducobu, passion pour le sucr\u00e9"}]},{"@type":"WebSite","@id":"https:\/\/swissbaker.ch\/fr\/#website","url":"https:\/\/swissbaker.ch\/fr\/","name":"SBC","description":"","publisher":{"@id":"https:\/\/swissbaker.ch\/fr\/#organization"},"potentialAction":[{"@type":"SearchAction","target":{"@type":"EntryPoint","urlTemplate":"https:\/\/swissbaker.ch\/fr\/?s={search_term_string}"},"query-input":{"@type":"PropertyValueSpecification","valueRequired":true,"valueName":"search_term_string"}}],"inLanguage":"fr-FR"},{"@type":"Organization","@id":"https:\/\/swissbaker.ch\/fr\/#organization","name":"Schweizerischer B\u00e4cker-Confiseurmeister-Verband","url":"https:\/\/swissbaker.ch\/fr\/","logo":{"@type":"ImageObject","inLanguage":"fr-FR","@id":"https:\/\/swissbaker.ch\/fr\/#\/schema\/logo\/image\/","url":"https:\/\/swissbaker.ch\/wp-content\/uploads\/2022\/04\/sbc-logo-yoast.jpg","contentUrl":"https:\/\/swissbaker.ch\/wp-content\/uploads\/2022\/04\/sbc-logo-yoast.jpg","width":512,"height":512,"caption":"Schweizerischer B\u00e4cker-Confiseurmeister-Verband"},"image":{"@id":"https:\/\/swissbaker.ch\/fr\/#\/schema\/logo\/image\/"},"sameAs":["https:\/\/www.facebook.com\/swissbaker.ch","https:\/\/x.com\/ch_swissbaker"]},{"@type":"Person","@id":"https:\/\/swissbaker.ch\/fr\/#\/schema\/person\/058ac47619f7da53df62aba60f939b78","name":"azureart","image":{"@type":"ImageObject","inLanguage":"fr-FR","@id":"https:\/\/swissbaker.ch\/fr\/#\/schema\/person\/image\/","url":"https:\/\/secure.gravatar.com\/avatar\/be04dd3098fd612c83067af4f7a295384c93cb6a9112f51beb9d2f477d25da61?s=96&d=mm&r=g","contentUrl":"https:\/\/secure.gravatar.com\/avatar\/be04dd3098fd612c83067af4f7a295384c93cb6a9112f51beb9d2f477d25da61?s=96&d=mm&r=g","caption":"azureart"},"sameAs":["https:\/\/swissbaker.ch"],"url":"https:\/\/swissbaker.ch\/fr\/panissimo-news\/author\/pixel-ahoi\/"}]}},"_links":{"self":[{"href":"https:\/\/swissbaker.ch\/fr\/wp-json\/wp\/v2\/posts\/9547","targetHints":{"allow":["GET"]}}],"collection":[{"href":"https:\/\/swissbaker.ch\/fr\/wp-json\/wp\/v2\/posts"}],"about":[{"href":"https:\/\/swissbaker.ch\/fr\/wp-json\/wp\/v2\/types\/post"}],"author":[{"embeddable":true,"href":"https:\/\/swissbaker.ch\/fr\/wp-json\/wp\/v2\/users\/1"}],"replies":[{"embeddable":true,"href":"https:\/\/swissbaker.ch\/fr\/wp-json\/wp\/v2\/comments?post=9547"}],"version-history":[{"count":0,"href":"https:\/\/swissbaker.ch\/fr\/wp-json\/wp\/v2\/posts\/9547\/revisions"}],"wp:featuredmedia":[{"embeddable":true,"href":"https:\/\/swissbaker.ch\/fr\/wp-json\/wp\/v2\/media\/5754"}],"wp:attachment":[{"href":"https:\/\/swissbaker.ch\/fr\/wp-json\/wp\/v2\/media?parent=9547"}],"wp:term":[{"taxonomy":"category","embeddable":true,"href":"https:\/\/swissbaker.ch\/fr\/wp-json\/wp\/v2\/categories?post=9547"},{"taxonomy":"post_tag","embeddable":true,"href":"https:\/\/swissbaker.ch\/fr\/wp-json\/wp\/v2\/tags?post=9547"}],"curies":[{"name":"wp","href":"https:\/\/api.w.org\/{rel}","templated":true}]}}