{"id":9544,"date":"2020-07-15T09:34:00","date_gmt":"2020-07-15T07:34:00","guid":{"rendered":"https:\/\/swissbaker.ch\/?p=9544"},"modified":"2022-05-12T11:42:23","modified_gmt":"2022-05-12T09:42:23","slug":"brunch-du-1er-aout-au-tea-room-a-lemporter-ou-livre","status":"publish","type":"post","link":"https:\/\/swissbaker.ch\/fr\/panissimo-news\/brunch-du-1er-aout-au-tea-room-a-lemporter-ou-livre\/","title":{"rendered":"Brunch du 1er ao\u00fbt au tea-room, \u00e0 l\u2019emporter ou livr\u00e9"},"content":{"rendered":"\n<p><strong>Le 1er ao\u00fbt, la Suisse f\u00eate son anniversaire. Toute la population se joint aux c\u00e9l\u00e9brations. Un d\u00e9licieux petit-pain du 1er ao\u00fbt d\u2019un artisan boulanger-confiseur est tout simplement un must en ce jour. Pourquoi ne pas inviter des clients \u00e0 un brunch sp\u00e9cial le 1er ao\u00fbt ?<\/strong><\/p>\n\n\n\n<p>Et pour ceux qui pr\u00e9f\u00e8rent prendre leur petit-d\u00e9jeuner \u00e0 la maison, un petit-d\u00e9j\u2019 \u00e0 emporter ou livr\u00e9 sur le seuil de la porte d&#8217;entr\u00e9e.<\/p>\n\n\n\n<p>Certaines entreprises membres de la BCS proposent d\u00e9j\u00e0 un \u00ab petit-d\u00e9jeuner du boulanger \u00bb : la <a href=\"https:\/\/www.boulangeriecharlet.ch\/\">boulangerie Charlet<\/a> \u00e0 Gryon (VD), la <a href=\"https:\/\/www.boulangerie-saudan.ch\/fr\">boulangerie Saudan<\/a> \u00e0 Fribourg, le <a href=\"https:\/\/le-farinet.ch\/\">Farinet \u00e0 Montan<\/a>a (VS) et bien d\u2019autres\u2026<\/p>\n","protected":false},"excerpt":{"rendered":"<p>Le 1er ao\u00fbt, la Suisse f\u00eate son anniversaire. Toute la population se joint aux c\u00e9l\u00e9brations. Un d\u00e9licieux petit-pain du 1er ao\u00fbt d\u2019un artisan boulanger-confiseur est tout simplement un must en ce jour. Pourquoi ne pas inviter des clients \u00e0 un brunch sp\u00e9cial le 1er ao\u00fbt ? Et pour ceux qui pr\u00e9f\u00e8rent prendre leur petit-d\u00e9jeuner \u00e0 la maison, un petit-d\u00e9j\u2019 \u00e0 [&hellip;]<\/p>\n","protected":false},"author":1,"featured_media":5753,"comment_status":"open","ping_status":"closed","sticky":false,"template":"","format":"standard","meta":{"_acf_changed":false,"footnotes":""},"categories":[42,50],"tags":[],"class_list":["post-9544","post","type-post","status-publish","format-standard","has-post-thumbnail","hentry","category-boulangeries-confiseries","category-vente-marketing"],"acf":[],"yoast_head":"<!-- This site is optimized with the Yoast SEO Premium plugin v26.8 (Yoast SEO v26.8) - https:\/\/yoast.com\/product\/yoast-seo-premium-wordpress\/ -->\n<title>Brunch du 1er ao\u00fbt au tea-room, \u00e0 l\u2019emporter ou livr\u00e9 | SBC<\/title>\n<meta name=\"robots\" content=\"index, follow, max-snippet:-1, max-image-preview:large, max-video-preview:-1\" \/>\n<link rel=\"canonical\" href=\"https:\/\/swissbaker.ch\/fr\/panissimo-news\/brunch-du-1er-aout-au-tea-room-a-lemporter-ou-livre\/\" \/>\n<meta property=\"og:locale\" content=\"fr_FR\" \/>\n<meta property=\"og:type\" content=\"article\" \/>\n<meta property=\"og:title\" content=\"Brunch du 1er ao\u00fbt au tea-room, \u00e0 l\u2019emporter ou livr\u00e9\" \/>\n<meta property=\"og:description\" content=\"Le 1er ao\u00fbt, la Suisse f\u00eate son anniversaire. Toute la population se joint aux c\u00e9l\u00e9brations. Un d\u00e9licieux petit-pain du 1er ao\u00fbt d\u2019un artisan boulanger-confiseur est tout simplement un must en ce jour. Pourquoi ne pas inviter des clients \u00e0 un brunch sp\u00e9cial le 1er ao\u00fbt ? Et pour ceux qui pr\u00e9f\u00e8rent prendre leur petit-d\u00e9jeuner \u00e0 la maison, un petit-d\u00e9j\u2019 \u00e0 [&hellip;]\" \/>\n<meta property=\"og:url\" content=\"https:\/\/swissbaker.ch\/fr\/panissimo-news\/brunch-du-1er-aout-au-tea-room-a-lemporter-ou-livre\/\" \/>\n<meta property=\"og:site_name\" content=\"SBC\" \/>\n<meta property=\"article:publisher\" content=\"https:\/\/www.facebook.com\/swissbaker.ch\" \/>\n<meta property=\"article:published_time\" content=\"2020-07-15T07:34:00+00:00\" \/>\n<meta property=\"article:modified_time\" content=\"2022-05-12T09:42:23+00:00\" \/>\n<meta property=\"og:image\" content=\"https:\/\/swissbaker.ch\/wp-content\/uploads\/2022\/03\/Anriss_1_augustweggen.jpeg\" \/>\n\t<meta property=\"og:image:width\" content=\"800\" \/>\n\t<meta property=\"og:image:height\" content=\"474\" \/>\n\t<meta property=\"og:image:type\" content=\"image\/jpeg\" \/>\n<meta name=\"author\" content=\"azureart\" \/>\n<meta name=\"twitter:card\" content=\"summary_large_image\" \/>\n<meta name=\"twitter:creator\" content=\"@ch_swissbaker\" \/>\n<meta name=\"twitter:site\" content=\"@ch_swissbaker\" \/>\n<meta name=\"twitter:label1\" content=\"Written by\" \/>\n\t<meta name=\"twitter:data1\" content=\"azureart\" \/>\n\t<meta name=\"twitter:label2\" content=\"Est. reading time\" \/>\n\t<meta name=\"twitter:data2\" content=\"1 minute\" \/>\n<script type=\"application\/ld+json\" class=\"yoast-schema-graph\">{\"@context\":\"https:\/\/schema.org\",\"@graph\":[{\"@type\":\"Article\",\"@id\":\"https:\/\/swissbaker.ch\/fr\/panissimo-news\/brunch-du-1er-aout-au-tea-room-a-lemporter-ou-livre\/#article\",\"isPartOf\":{\"@id\":\"https:\/\/swissbaker.ch\/fr\/panissimo-news\/brunch-du-1er-aout-au-tea-room-a-lemporter-ou-livre\/\"},\"author\":{\"name\":\"azureart\",\"@id\":\"https:\/\/swissbaker.ch\/fr\/#\/schema\/person\/058ac47619f7da53df62aba60f939b78\"},\"headline\":\"Brunch du 1er ao\u00fbt au tea-room, \u00e0 l\u2019emporter ou livr\u00e9\",\"datePublished\":\"2020-07-15T07:34:00+00:00\",\"dateModified\":\"2022-05-12T09:42:23+00:00\",\"mainEntityOfPage\":{\"@id\":\"https:\/\/swissbaker.ch\/fr\/panissimo-news\/brunch-du-1er-aout-au-tea-room-a-lemporter-ou-livre\/\"},\"wordCount\":123,\"commentCount\":0,\"publisher\":{\"@id\":\"https:\/\/swissbaker.ch\/fr\/#organization\"},\"image\":{\"@id\":\"https:\/\/swissbaker.ch\/fr\/panissimo-news\/brunch-du-1er-aout-au-tea-room-a-lemporter-ou-livre\/#primaryimage\"},\"thumbnailUrl\":\"https:\/\/swissbaker.ch\/wp-content\/uploads\/2022\/03\/Anriss_1_augustweggen.jpeg\",\"articleSection\":[\"Boulangeries\/Confiseries\",\"Vente\/Marketing\"],\"inLanguage\":\"fr-FR\",\"potentialAction\":[{\"@type\":\"CommentAction\",\"name\":\"Comment\",\"target\":[\"https:\/\/swissbaker.ch\/fr\/panissimo-news\/brunch-du-1er-aout-au-tea-room-a-lemporter-ou-livre\/#respond\"]}]},{\"@type\":\"WebPage\",\"@id\":\"https:\/\/swissbaker.ch\/fr\/panissimo-news\/brunch-du-1er-aout-au-tea-room-a-lemporter-ou-livre\/\",\"url\":\"https:\/\/swissbaker.ch\/fr\/panissimo-news\/brunch-du-1er-aout-au-tea-room-a-lemporter-ou-livre\/\",\"name\":\"Brunch du 1er ao\u00fbt au tea-room, \u00e0 l\u2019emporter ou livr\u00e9 | SBC\",\"isPartOf\":{\"@id\":\"https:\/\/swissbaker.ch\/fr\/#website\"},\"primaryImageOfPage\":{\"@id\":\"https:\/\/swissbaker.ch\/fr\/panissimo-news\/brunch-du-1er-aout-au-tea-room-a-lemporter-ou-livre\/#primaryimage\"},\"image\":{\"@id\":\"https:\/\/swissbaker.ch\/fr\/panissimo-news\/brunch-du-1er-aout-au-tea-room-a-lemporter-ou-livre\/#primaryimage\"},\"thumbnailUrl\":\"https:\/\/swissbaker.ch\/wp-content\/uploads\/2022\/03\/Anriss_1_augustweggen.jpeg\",\"datePublished\":\"2020-07-15T07:34:00+00:00\",\"dateModified\":\"2022-05-12T09:42:23+00:00\",\"breadcrumb\":{\"@id\":\"https:\/\/swissbaker.ch\/fr\/panissimo-news\/brunch-du-1er-aout-au-tea-room-a-lemporter-ou-livre\/#breadcrumb\"},\"inLanguage\":\"fr-FR\",\"potentialAction\":[{\"@type\":\"ReadAction\",\"target\":[\"https:\/\/swissbaker.ch\/fr\/panissimo-news\/brunch-du-1er-aout-au-tea-room-a-lemporter-ou-livre\/\"]}]},{\"@type\":\"ImageObject\",\"inLanguage\":\"fr-FR\",\"@id\":\"https:\/\/swissbaker.ch\/fr\/panissimo-news\/brunch-du-1er-aout-au-tea-room-a-lemporter-ou-livre\/#primaryimage\",\"url\":\"https:\/\/swissbaker.ch\/wp-content\/uploads\/2022\/03\/Anriss_1_augustweggen.jpeg\",\"contentUrl\":\"https:\/\/swissbaker.ch\/wp-content\/uploads\/2022\/03\/Anriss_1_augustweggen.jpeg\",\"width\":800,\"height\":474,\"caption\":\"Brunch du 1er ao\u00fbt au tea-room, \u00e0 l\u2019emporter ou livr\u00e9\"},{\"@type\":\"BreadcrumbList\",\"@id\":\"https:\/\/swissbaker.ch\/fr\/panissimo-news\/brunch-du-1er-aout-au-tea-room-a-lemporter-ou-livre\/#breadcrumb\",\"itemListElement\":[{\"@type\":\"ListItem\",\"position\":1,\"name\":\"\",\"item\":\"https:\/\/swissbaker.ch\/fr\/\"},{\"@type\":\"ListItem\",\"position\":2,\"name\":\"Vente\/Marketing\",\"item\":\"https:\/\/swissbaker.ch\/fr\/panissimo-news\/category\/vente-marketing\/\"},{\"@type\":\"ListItem\",\"position\":3,\"name\":\"Brunch du 1er ao\u00fbt au tea-room, \u00e0 l\u2019emporter ou livr\u00e9\"}]},{\"@type\":\"WebSite\",\"@id\":\"https:\/\/swissbaker.ch\/fr\/#website\",\"url\":\"https:\/\/swissbaker.ch\/fr\/\",\"name\":\"SBC\",\"description\":\"\",\"publisher\":{\"@id\":\"https:\/\/swissbaker.ch\/fr\/#organization\"},\"potentialAction\":[{\"@type\":\"SearchAction\",\"target\":{\"@type\":\"EntryPoint\",\"urlTemplate\":\"https:\/\/swissbaker.ch\/fr\/?s={search_term_string}\"},\"query-input\":{\"@type\":\"PropertyValueSpecification\",\"valueRequired\":true,\"valueName\":\"search_term_string\"}}],\"inLanguage\":\"fr-FR\"},{\"@type\":\"Organization\",\"@id\":\"https:\/\/swissbaker.ch\/fr\/#organization\",\"name\":\"Schweizerischer B\u00e4cker-Confiseurmeister-Verband\",\"url\":\"https:\/\/swissbaker.ch\/fr\/\",\"logo\":{\"@type\":\"ImageObject\",\"inLanguage\":\"fr-FR\",\"@id\":\"https:\/\/swissbaker.ch\/fr\/#\/schema\/logo\/image\/\",\"url\":\"https:\/\/swissbaker.ch\/wp-content\/uploads\/2022\/04\/sbc-logo-yoast.jpg\",\"contentUrl\":\"https:\/\/swissbaker.ch\/wp-content\/uploads\/2022\/04\/sbc-logo-yoast.jpg\",\"width\":512,\"height\":512,\"caption\":\"Schweizerischer B\u00e4cker-Confiseurmeister-Verband\"},\"image\":{\"@id\":\"https:\/\/swissbaker.ch\/fr\/#\/schema\/logo\/image\/\"},\"sameAs\":[\"https:\/\/www.facebook.com\/swissbaker.ch\",\"https:\/\/x.com\/ch_swissbaker\"]},{\"@type\":\"Person\",\"@id\":\"https:\/\/swissbaker.ch\/fr\/#\/schema\/person\/058ac47619f7da53df62aba60f939b78\",\"name\":\"azureart\",\"image\":{\"@type\":\"ImageObject\",\"inLanguage\":\"fr-FR\",\"@id\":\"https:\/\/swissbaker.ch\/fr\/#\/schema\/person\/image\/\",\"url\":\"https:\/\/secure.gravatar.com\/avatar\/be04dd3098fd612c83067af4f7a295384c93cb6a9112f51beb9d2f477d25da61?s=96&d=mm&r=g\",\"contentUrl\":\"https:\/\/secure.gravatar.com\/avatar\/be04dd3098fd612c83067af4f7a295384c93cb6a9112f51beb9d2f477d25da61?s=96&d=mm&r=g\",\"caption\":\"azureart\"},\"sameAs\":[\"https:\/\/swissbaker.ch\"],\"url\":\"https:\/\/swissbaker.ch\/fr\/panissimo-news\/author\/pixel-ahoi\/\"}]}<\/script>\n<!-- \/ Yoast SEO Premium plugin. -->","yoast_head_json":{"title":"Brunch du 1er ao\u00fbt au tea-room, \u00e0 l\u2019emporter ou livr\u00e9 | SBC","robots":{"index":"index","follow":"follow","max-snippet":"max-snippet:-1","max-image-preview":"max-image-preview:large","max-video-preview":"max-video-preview:-1"},"canonical":"https:\/\/swissbaker.ch\/fr\/panissimo-news\/brunch-du-1er-aout-au-tea-room-a-lemporter-ou-livre\/","og_locale":"fr_FR","og_type":"article","og_title":"Brunch du 1er ao\u00fbt au tea-room, \u00e0 l\u2019emporter ou livr\u00e9","og_description":"Le 1er ao\u00fbt, la Suisse f\u00eate son anniversaire. Toute la population se joint aux c\u00e9l\u00e9brations. Un d\u00e9licieux petit-pain du 1er ao\u00fbt d\u2019un artisan boulanger-confiseur est tout simplement un must en ce jour. Pourquoi ne pas inviter des clients \u00e0 un brunch sp\u00e9cial le 1er ao\u00fbt ? Et pour ceux qui pr\u00e9f\u00e8rent prendre leur petit-d\u00e9jeuner \u00e0 la maison, un petit-d\u00e9j\u2019 \u00e0 [&hellip;]","og_url":"https:\/\/swissbaker.ch\/fr\/panissimo-news\/brunch-du-1er-aout-au-tea-room-a-lemporter-ou-livre\/","og_site_name":"SBC","article_publisher":"https:\/\/www.facebook.com\/swissbaker.ch","article_published_time":"2020-07-15T07:34:00+00:00","article_modified_time":"2022-05-12T09:42:23+00:00","og_image":[{"width":800,"height":474,"url":"https:\/\/swissbaker.ch\/wp-content\/uploads\/2022\/03\/Anriss_1_augustweggen.jpeg","type":"image\/jpeg"}],"author":"azureart","twitter_card":"summary_large_image","twitter_creator":"@ch_swissbaker","twitter_site":"@ch_swissbaker","twitter_misc":{"Written by":"azureart","Est. reading time":"1 minute"},"schema":{"@context":"https:\/\/schema.org","@graph":[{"@type":"Article","@id":"https:\/\/swissbaker.ch\/fr\/panissimo-news\/brunch-du-1er-aout-au-tea-room-a-lemporter-ou-livre\/#article","isPartOf":{"@id":"https:\/\/swissbaker.ch\/fr\/panissimo-news\/brunch-du-1er-aout-au-tea-room-a-lemporter-ou-livre\/"},"author":{"name":"azureart","@id":"https:\/\/swissbaker.ch\/fr\/#\/schema\/person\/058ac47619f7da53df62aba60f939b78"},"headline":"Brunch du 1er ao\u00fbt au tea-room, \u00e0 l\u2019emporter ou livr\u00e9","datePublished":"2020-07-15T07:34:00+00:00","dateModified":"2022-05-12T09:42:23+00:00","mainEntityOfPage":{"@id":"https:\/\/swissbaker.ch\/fr\/panissimo-news\/brunch-du-1er-aout-au-tea-room-a-lemporter-ou-livre\/"},"wordCount":123,"commentCount":0,"publisher":{"@id":"https:\/\/swissbaker.ch\/fr\/#organization"},"image":{"@id":"https:\/\/swissbaker.ch\/fr\/panissimo-news\/brunch-du-1er-aout-au-tea-room-a-lemporter-ou-livre\/#primaryimage"},"thumbnailUrl":"https:\/\/swissbaker.ch\/wp-content\/uploads\/2022\/03\/Anriss_1_augustweggen.jpeg","articleSection":["Boulangeries\/Confiseries","Vente\/Marketing"],"inLanguage":"fr-FR","potentialAction":[{"@type":"CommentAction","name":"Comment","target":["https:\/\/swissbaker.ch\/fr\/panissimo-news\/brunch-du-1er-aout-au-tea-room-a-lemporter-ou-livre\/#respond"]}]},{"@type":"WebPage","@id":"https:\/\/swissbaker.ch\/fr\/panissimo-news\/brunch-du-1er-aout-au-tea-room-a-lemporter-ou-livre\/","url":"https:\/\/swissbaker.ch\/fr\/panissimo-news\/brunch-du-1er-aout-au-tea-room-a-lemporter-ou-livre\/","name":"Brunch du 1er ao\u00fbt au tea-room, \u00e0 l\u2019emporter ou livr\u00e9 | SBC","isPartOf":{"@id":"https:\/\/swissbaker.ch\/fr\/#website"},"primaryImageOfPage":{"@id":"https:\/\/swissbaker.ch\/fr\/panissimo-news\/brunch-du-1er-aout-au-tea-room-a-lemporter-ou-livre\/#primaryimage"},"image":{"@id":"https:\/\/swissbaker.ch\/fr\/panissimo-news\/brunch-du-1er-aout-au-tea-room-a-lemporter-ou-livre\/#primaryimage"},"thumbnailUrl":"https:\/\/swissbaker.ch\/wp-content\/uploads\/2022\/03\/Anriss_1_augustweggen.jpeg","datePublished":"2020-07-15T07:34:00+00:00","dateModified":"2022-05-12T09:42:23+00:00","breadcrumb":{"@id":"https:\/\/swissbaker.ch\/fr\/panissimo-news\/brunch-du-1er-aout-au-tea-room-a-lemporter-ou-livre\/#breadcrumb"},"inLanguage":"fr-FR","potentialAction":[{"@type":"ReadAction","target":["https:\/\/swissbaker.ch\/fr\/panissimo-news\/brunch-du-1er-aout-au-tea-room-a-lemporter-ou-livre\/"]}]},{"@type":"ImageObject","inLanguage":"fr-FR","@id":"https:\/\/swissbaker.ch\/fr\/panissimo-news\/brunch-du-1er-aout-au-tea-room-a-lemporter-ou-livre\/#primaryimage","url":"https:\/\/swissbaker.ch\/wp-content\/uploads\/2022\/03\/Anriss_1_augustweggen.jpeg","contentUrl":"https:\/\/swissbaker.ch\/wp-content\/uploads\/2022\/03\/Anriss_1_augustweggen.jpeg","width":800,"height":474,"caption":"Brunch du 1er ao\u00fbt au tea-room, \u00e0 l\u2019emporter ou livr\u00e9"},{"@type":"BreadcrumbList","@id":"https:\/\/swissbaker.ch\/fr\/panissimo-news\/brunch-du-1er-aout-au-tea-room-a-lemporter-ou-livre\/#breadcrumb","itemListElement":[{"@type":"ListItem","position":1,"name":"","item":"https:\/\/swissbaker.ch\/fr\/"},{"@type":"ListItem","position":2,"name":"Vente\/Marketing","item":"https:\/\/swissbaker.ch\/fr\/panissimo-news\/category\/vente-marketing\/"},{"@type":"ListItem","position":3,"name":"Brunch du 1er ao\u00fbt au tea-room, \u00e0 l\u2019emporter ou livr\u00e9"}]},{"@type":"WebSite","@id":"https:\/\/swissbaker.ch\/fr\/#website","url":"https:\/\/swissbaker.ch\/fr\/","name":"SBC","description":"","publisher":{"@id":"https:\/\/swissbaker.ch\/fr\/#organization"},"potentialAction":[{"@type":"SearchAction","target":{"@type":"EntryPoint","urlTemplate":"https:\/\/swissbaker.ch\/fr\/?s={search_term_string}"},"query-input":{"@type":"PropertyValueSpecification","valueRequired":true,"valueName":"search_term_string"}}],"inLanguage":"fr-FR"},{"@type":"Organization","@id":"https:\/\/swissbaker.ch\/fr\/#organization","name":"Schweizerischer B\u00e4cker-Confiseurmeister-Verband","url":"https:\/\/swissbaker.ch\/fr\/","logo":{"@type":"ImageObject","inLanguage":"fr-FR","@id":"https:\/\/swissbaker.ch\/fr\/#\/schema\/logo\/image\/","url":"https:\/\/swissbaker.ch\/wp-content\/uploads\/2022\/04\/sbc-logo-yoast.jpg","contentUrl":"https:\/\/swissbaker.ch\/wp-content\/uploads\/2022\/04\/sbc-logo-yoast.jpg","width":512,"height":512,"caption":"Schweizerischer B\u00e4cker-Confiseurmeister-Verband"},"image":{"@id":"https:\/\/swissbaker.ch\/fr\/#\/schema\/logo\/image\/"},"sameAs":["https:\/\/www.facebook.com\/swissbaker.ch","https:\/\/x.com\/ch_swissbaker"]},{"@type":"Person","@id":"https:\/\/swissbaker.ch\/fr\/#\/schema\/person\/058ac47619f7da53df62aba60f939b78","name":"azureart","image":{"@type":"ImageObject","inLanguage":"fr-FR","@id":"https:\/\/swissbaker.ch\/fr\/#\/schema\/person\/image\/","url":"https:\/\/secure.gravatar.com\/avatar\/be04dd3098fd612c83067af4f7a295384c93cb6a9112f51beb9d2f477d25da61?s=96&d=mm&r=g","contentUrl":"https:\/\/secure.gravatar.com\/avatar\/be04dd3098fd612c83067af4f7a295384c93cb6a9112f51beb9d2f477d25da61?s=96&d=mm&r=g","caption":"azureart"},"sameAs":["https:\/\/swissbaker.ch"],"url":"https:\/\/swissbaker.ch\/fr\/panissimo-news\/author\/pixel-ahoi\/"}]}},"_links":{"self":[{"href":"https:\/\/swissbaker.ch\/fr\/wp-json\/wp\/v2\/posts\/9544","targetHints":{"allow":["GET"]}}],"collection":[{"href":"https:\/\/swissbaker.ch\/fr\/wp-json\/wp\/v2\/posts"}],"about":[{"href":"https:\/\/swissbaker.ch\/fr\/wp-json\/wp\/v2\/types\/post"}],"author":[{"embeddable":true,"href":"https:\/\/swissbaker.ch\/fr\/wp-json\/wp\/v2\/users\/1"}],"replies":[{"embeddable":true,"href":"https:\/\/swissbaker.ch\/fr\/wp-json\/wp\/v2\/comments?post=9544"}],"version-history":[{"count":0,"href":"https:\/\/swissbaker.ch\/fr\/wp-json\/wp\/v2\/posts\/9544\/revisions"}],"wp:featuredmedia":[{"embeddable":true,"href":"https:\/\/swissbaker.ch\/fr\/wp-json\/wp\/v2\/media\/5753"}],"wp:attachment":[{"href":"https:\/\/swissbaker.ch\/fr\/wp-json\/wp\/v2\/media?parent=9544"}],"wp:term":[{"taxonomy":"category","embeddable":true,"href":"https:\/\/swissbaker.ch\/fr\/wp-json\/wp\/v2\/categories?post=9544"},{"taxonomy":"post_tag","embeddable":true,"href":"https:\/\/swissbaker.ch\/fr\/wp-json\/wp\/v2\/tags?post=9544"}],"curies":[{"name":"wp","href":"https:\/\/api.w.org\/{rel}","templated":true}]}}