{"id":9525,"date":"2020-07-21T16:42:00","date_gmt":"2020-07-21T14:42:00","guid":{"rendered":"https:\/\/swissbaker.ch\/?p=9525"},"modified":"2022-05-12T11:29:38","modified_gmt":"2022-05-12T09:29:38","slug":"pitec-ag-des-bons-de-la-bcs-pour-les-employes","status":"publish","type":"post","link":"https:\/\/swissbaker.ch\/fr\/panissimo-news\/pitec-ag-des-bons-de-la-bcs-pour-les-employes\/","title":{"rendered":"Pitec AG\u2009: des bons de la BCS pour les employ\u00e9s"},"content":{"rendered":"\n<p><strong>En raison de la pand\u00e9mie de coronavirus, Pitec AG, le fournisseur national de produits de boulangerie et de restauration, a \u00e9t\u00e9 oblig\u00e9 d\u2019abandonner cette ann\u00e9e sa traditionnelle grill-party destin\u00e9e \u00e0 ses collaborateurs. Au lieu de cela, Pitec a offert \u00e0 chacun de ses 160 employ\u00e9s des bons de la BCS en guise de cadeau<\/strong><\/p>\n\n\n\n<p>Le directeur g\u00e9n\u00e9ral, Gerhard Gau, a d\u00e9clar\u00e9\u2009: \u00ab\u2009Il est bien s\u00fbr dommage que nous devions nous passer de cette agr\u00e9able rencontre pour le moment.<\/p>\n\n\n\n<p>N\u00e9anmoins, nous avons voulu remercier nos employ\u00e9s pour leur important engagement. L\u2019\u00e9quipe Pitec a toujours \u00e9t\u00e9 au service des clients, et m\u00eame en ces temps difficiles, nous avons pu maintenir le service habituel 24\u202fheures sur 24, 7 jours sur 7. Nous tenons \u00e0 exprimer nos sinc\u00e8res remerciements \u00e0 nos employ\u00e9s pour cela.\u2009\u00bb<\/p>\n\n\n\n<p>\u00ab\u2009Nous sommes particuli\u00e8rement heureux d\u2019avoir pu le faire non seulement pour faire plaisir aux employ\u00e9s, mais aussi pour soutenir nos clients, les boulangers et confiseurs suisses.\u2009\u00bb<br>Gerhard Gau<br><\/p>\n\n\n\n<h2 class=\"wp-block-heading\" id=\"h-faire-plaisir-et-soutenir\">Faire plaisir et soutenir<\/h2>\n\n\n\n<p>Les employ\u00e9s d\u2019Oberriet (SG), Buchs (SG), Gr\u00e4nichen (AG) et Villars (VD) ont \u00e9t\u00e9 tr\u00e8s heureux de la surprise. Chacun d\u2019entre eux peut \u00e0 pr\u00e9sent d\u00e9guster ses sp\u00e9cialit\u00e9s pr\u00e9f\u00e9r\u00e9es aupr\u00e8s d\u2019un boulanger ou d\u2019un confiseur.<\/p>\n","protected":false},"excerpt":{"rendered":"<p>En raison de la pand\u00e9mie de coronavirus, Pitec AG, le fournisseur national de produits de boulangerie et de restauration, a \u00e9t\u00e9 oblig\u00e9 d\u2019abandonner cette ann\u00e9e sa traditionnelle grill-party destin\u00e9e \u00e0 ses collaborateurs. Au lieu de cela, Pitec a offert \u00e0 chacun de ses 160 employ\u00e9s des bons de la BCS en guise de cadeau Le directeur g\u00e9n\u00e9ral, Gerhard Gau, a [&hellip;]<\/p>\n","protected":false},"author":1,"featured_media":5747,"comment_status":"open","ping_status":"closed","sticky":false,"template":"","format":"standard","meta":{"_acf_changed":false,"footnotes":""},"categories":[45],"tags":[],"class_list":["post-9525","post","type-post","status-publish","format-standard","has-post-thumbnail","hentry","category-environnement-professionnel"],"acf":[],"yoast_head":"<!-- This site is optimized with the Yoast SEO Premium plugin v26.8 (Yoast SEO v26.8) - https:\/\/yoast.com\/product\/yoast-seo-premium-wordpress\/ -->\n<title>Pitec AG\u2009: des bons de la BCS pour les employ\u00e9s | SBC<\/title>\n<meta name=\"robots\" content=\"index, follow, max-snippet:-1, max-image-preview:large, max-video-preview:-1\" \/>\n<link rel=\"canonical\" href=\"https:\/\/swissbaker.ch\/fr\/panissimo-news\/pitec-ag-des-bons-de-la-bcs-pour-les-employes\/\" \/>\n<meta property=\"og:locale\" content=\"fr_FR\" \/>\n<meta property=\"og:type\" content=\"article\" \/>\n<meta property=\"og:title\" content=\"Pitec AG\u2009: des bons de la BCS pour les employ\u00e9s\" \/>\n<meta property=\"og:description\" content=\"En raison de la pand\u00e9mie de coronavirus, Pitec AG, le fournisseur national de produits de boulangerie et de restauration, a \u00e9t\u00e9 oblig\u00e9 d\u2019abandonner cette ann\u00e9e sa traditionnelle grill-party destin\u00e9e \u00e0 ses collaborateurs. Au lieu de cela, Pitec a offert \u00e0 chacun de ses 160 employ\u00e9s des bons de la BCS en guise de cadeau Le directeur g\u00e9n\u00e9ral, Gerhard Gau, a [&hellip;]\" \/>\n<meta property=\"og:url\" content=\"https:\/\/swissbaker.ch\/fr\/panissimo-news\/pitec-ag-des-bons-de-la-bcs-pour-les-employes\/\" \/>\n<meta property=\"og:site_name\" content=\"SBC\" \/>\n<meta property=\"article:publisher\" content=\"https:\/\/www.facebook.com\/swissbaker.ch\" \/>\n<meta property=\"article:published_time\" content=\"2020-07-21T14:42:00+00:00\" \/>\n<meta property=\"article:modified_time\" content=\"2022-05-12T09:29:38+00:00\" \/>\n<meta property=\"og:image\" content=\"https:\/\/swissbaker.ch\/wp-content\/uploads\/2022\/03\/15_1_pitec_gutscheine.jpeg\" \/>\n\t<meta property=\"og:image:width\" content=\"800\" \/>\n\t<meta property=\"og:image:height\" content=\"474\" \/>\n\t<meta property=\"og:image:type\" content=\"image\/jpeg\" \/>\n<meta name=\"author\" content=\"azureart\" \/>\n<meta name=\"twitter:card\" content=\"summary_large_image\" \/>\n<meta name=\"twitter:creator\" content=\"@ch_swissbaker\" \/>\n<meta name=\"twitter:site\" content=\"@ch_swissbaker\" \/>\n<meta name=\"twitter:label1\" content=\"Written by\" \/>\n\t<meta name=\"twitter:data1\" content=\"azureart\" \/>\n\t<meta name=\"twitter:label2\" content=\"Est. reading time\" \/>\n\t<meta name=\"twitter:data2\" content=\"2 minutes\" \/>\n<script type=\"application\/ld+json\" class=\"yoast-schema-graph\">{\"@context\":\"https:\/\/schema.org\",\"@graph\":[{\"@type\":\"Article\",\"@id\":\"https:\/\/swissbaker.ch\/fr\/panissimo-news\/pitec-ag-des-bons-de-la-bcs-pour-les-employes\/#article\",\"isPartOf\":{\"@id\":\"https:\/\/swissbaker.ch\/fr\/panissimo-news\/pitec-ag-des-bons-de-la-bcs-pour-les-employes\/\"},\"author\":{\"name\":\"azureart\",\"@id\":\"https:\/\/swissbaker.ch\/fr\/#\/schema\/person\/058ac47619f7da53df62aba60f939b78\"},\"headline\":\"Pitec AG\u2009: des bons de la BCS pour les employ\u00e9s\",\"datePublished\":\"2020-07-21T14:42:00+00:00\",\"dateModified\":\"2022-05-12T09:29:38+00:00\",\"mainEntityOfPage\":{\"@id\":\"https:\/\/swissbaker.ch\/fr\/panissimo-news\/pitec-ag-des-bons-de-la-bcs-pour-les-employes\/\"},\"wordCount\":232,\"commentCount\":0,\"publisher\":{\"@id\":\"https:\/\/swissbaker.ch\/fr\/#organization\"},\"image\":{\"@id\":\"https:\/\/swissbaker.ch\/fr\/panissimo-news\/pitec-ag-des-bons-de-la-bcs-pour-les-employes\/#primaryimage\"},\"thumbnailUrl\":\"https:\/\/swissbaker.ch\/wp-content\/uploads\/2022\/03\/15_1_pitec_gutscheine.jpeg\",\"articleSection\":[\"Environnement professionnel\"],\"inLanguage\":\"fr-FR\",\"potentialAction\":[{\"@type\":\"CommentAction\",\"name\":\"Comment\",\"target\":[\"https:\/\/swissbaker.ch\/fr\/panissimo-news\/pitec-ag-des-bons-de-la-bcs-pour-les-employes\/#respond\"]}]},{\"@type\":\"WebPage\",\"@id\":\"https:\/\/swissbaker.ch\/fr\/panissimo-news\/pitec-ag-des-bons-de-la-bcs-pour-les-employes\/\",\"url\":\"https:\/\/swissbaker.ch\/fr\/panissimo-news\/pitec-ag-des-bons-de-la-bcs-pour-les-employes\/\",\"name\":\"Pitec AG\u2009: des bons de la BCS pour les employ\u00e9s | SBC\",\"isPartOf\":{\"@id\":\"https:\/\/swissbaker.ch\/fr\/#website\"},\"primaryImageOfPage\":{\"@id\":\"https:\/\/swissbaker.ch\/fr\/panissimo-news\/pitec-ag-des-bons-de-la-bcs-pour-les-employes\/#primaryimage\"},\"image\":{\"@id\":\"https:\/\/swissbaker.ch\/fr\/panissimo-news\/pitec-ag-des-bons-de-la-bcs-pour-les-employes\/#primaryimage\"},\"thumbnailUrl\":\"https:\/\/swissbaker.ch\/wp-content\/uploads\/2022\/03\/15_1_pitec_gutscheine.jpeg\",\"datePublished\":\"2020-07-21T14:42:00+00:00\",\"dateModified\":\"2022-05-12T09:29:38+00:00\",\"breadcrumb\":{\"@id\":\"https:\/\/swissbaker.ch\/fr\/panissimo-news\/pitec-ag-des-bons-de-la-bcs-pour-les-employes\/#breadcrumb\"},\"inLanguage\":\"fr-FR\",\"potentialAction\":[{\"@type\":\"ReadAction\",\"target\":[\"https:\/\/swissbaker.ch\/fr\/panissimo-news\/pitec-ag-des-bons-de-la-bcs-pour-les-employes\/\"]}]},{\"@type\":\"ImageObject\",\"inLanguage\":\"fr-FR\",\"@id\":\"https:\/\/swissbaker.ch\/fr\/panissimo-news\/pitec-ag-des-bons-de-la-bcs-pour-les-employes\/#primaryimage\",\"url\":\"https:\/\/swissbaker.ch\/wp-content\/uploads\/2022\/03\/15_1_pitec_gutscheine.jpeg\",\"contentUrl\":\"https:\/\/swissbaker.ch\/wp-content\/uploads\/2022\/03\/15_1_pitec_gutscheine.jpeg\",\"width\":800,\"height\":474,\"caption\":\"Pitec AG\u2009: des bons de la BCS pour les employ\u00e9s\"},{\"@type\":\"BreadcrumbList\",\"@id\":\"https:\/\/swissbaker.ch\/fr\/panissimo-news\/pitec-ag-des-bons-de-la-bcs-pour-les-employes\/#breadcrumb\",\"itemListElement\":[{\"@type\":\"ListItem\",\"position\":1,\"name\":\"\",\"item\":\"https:\/\/swissbaker.ch\/fr\/\"},{\"@type\":\"ListItem\",\"position\":2,\"name\":\"Environnement professionnel\",\"item\":\"https:\/\/swissbaker.ch\/fr\/panissimo-news\/category\/environnement-professionnel\/\"},{\"@type\":\"ListItem\",\"position\":3,\"name\":\"Pitec AG\u2009: des bons de la BCS pour les employ\u00e9s\"}]},{\"@type\":\"WebSite\",\"@id\":\"https:\/\/swissbaker.ch\/fr\/#website\",\"url\":\"https:\/\/swissbaker.ch\/fr\/\",\"name\":\"SBC\",\"description\":\"\",\"publisher\":{\"@id\":\"https:\/\/swissbaker.ch\/fr\/#organization\"},\"potentialAction\":[{\"@type\":\"SearchAction\",\"target\":{\"@type\":\"EntryPoint\",\"urlTemplate\":\"https:\/\/swissbaker.ch\/fr\/?s={search_term_string}\"},\"query-input\":{\"@type\":\"PropertyValueSpecification\",\"valueRequired\":true,\"valueName\":\"search_term_string\"}}],\"inLanguage\":\"fr-FR\"},{\"@type\":\"Organization\",\"@id\":\"https:\/\/swissbaker.ch\/fr\/#organization\",\"name\":\"Schweizerischer B\u00e4cker-Confiseurmeister-Verband\",\"url\":\"https:\/\/swissbaker.ch\/fr\/\",\"logo\":{\"@type\":\"ImageObject\",\"inLanguage\":\"fr-FR\",\"@id\":\"https:\/\/swissbaker.ch\/fr\/#\/schema\/logo\/image\/\",\"url\":\"https:\/\/swissbaker.ch\/wp-content\/uploads\/2022\/04\/sbc-logo-yoast.jpg\",\"contentUrl\":\"https:\/\/swissbaker.ch\/wp-content\/uploads\/2022\/04\/sbc-logo-yoast.jpg\",\"width\":512,\"height\":512,\"caption\":\"Schweizerischer B\u00e4cker-Confiseurmeister-Verband\"},\"image\":{\"@id\":\"https:\/\/swissbaker.ch\/fr\/#\/schema\/logo\/image\/\"},\"sameAs\":[\"https:\/\/www.facebook.com\/swissbaker.ch\",\"https:\/\/x.com\/ch_swissbaker\"]},{\"@type\":\"Person\",\"@id\":\"https:\/\/swissbaker.ch\/fr\/#\/schema\/person\/058ac47619f7da53df62aba60f939b78\",\"name\":\"azureart\",\"image\":{\"@type\":\"ImageObject\",\"inLanguage\":\"fr-FR\",\"@id\":\"https:\/\/swissbaker.ch\/fr\/#\/schema\/person\/image\/\",\"url\":\"https:\/\/secure.gravatar.com\/avatar\/be04dd3098fd612c83067af4f7a295384c93cb6a9112f51beb9d2f477d25da61?s=96&d=mm&r=g\",\"contentUrl\":\"https:\/\/secure.gravatar.com\/avatar\/be04dd3098fd612c83067af4f7a295384c93cb6a9112f51beb9d2f477d25da61?s=96&d=mm&r=g\",\"caption\":\"azureart\"},\"sameAs\":[\"https:\/\/swissbaker.ch\"],\"url\":\"https:\/\/swissbaker.ch\/fr\/panissimo-news\/author\/pixel-ahoi\/\"}]}<\/script>\n<!-- \/ Yoast SEO Premium plugin. -->","yoast_head_json":{"title":"Pitec AG\u2009: des bons de la BCS pour les employ\u00e9s | SBC","robots":{"index":"index","follow":"follow","max-snippet":"max-snippet:-1","max-image-preview":"max-image-preview:large","max-video-preview":"max-video-preview:-1"},"canonical":"https:\/\/swissbaker.ch\/fr\/panissimo-news\/pitec-ag-des-bons-de-la-bcs-pour-les-employes\/","og_locale":"fr_FR","og_type":"article","og_title":"Pitec AG\u2009: des bons de la BCS pour les employ\u00e9s","og_description":"En raison de la pand\u00e9mie de coronavirus, Pitec AG, le fournisseur national de produits de boulangerie et de restauration, a \u00e9t\u00e9 oblig\u00e9 d\u2019abandonner cette ann\u00e9e sa traditionnelle grill-party destin\u00e9e \u00e0 ses collaborateurs. Au lieu de cela, Pitec a offert \u00e0 chacun de ses 160 employ\u00e9s des bons de la BCS en guise de cadeau Le directeur g\u00e9n\u00e9ral, Gerhard Gau, a [&hellip;]","og_url":"https:\/\/swissbaker.ch\/fr\/panissimo-news\/pitec-ag-des-bons-de-la-bcs-pour-les-employes\/","og_site_name":"SBC","article_publisher":"https:\/\/www.facebook.com\/swissbaker.ch","article_published_time":"2020-07-21T14:42:00+00:00","article_modified_time":"2022-05-12T09:29:38+00:00","og_image":[{"width":800,"height":474,"url":"https:\/\/swissbaker.ch\/wp-content\/uploads\/2022\/03\/15_1_pitec_gutscheine.jpeg","type":"image\/jpeg"}],"author":"azureart","twitter_card":"summary_large_image","twitter_creator":"@ch_swissbaker","twitter_site":"@ch_swissbaker","twitter_misc":{"Written by":"azureart","Est. reading time":"2 minutes"},"schema":{"@context":"https:\/\/schema.org","@graph":[{"@type":"Article","@id":"https:\/\/swissbaker.ch\/fr\/panissimo-news\/pitec-ag-des-bons-de-la-bcs-pour-les-employes\/#article","isPartOf":{"@id":"https:\/\/swissbaker.ch\/fr\/panissimo-news\/pitec-ag-des-bons-de-la-bcs-pour-les-employes\/"},"author":{"name":"azureart","@id":"https:\/\/swissbaker.ch\/fr\/#\/schema\/person\/058ac47619f7da53df62aba60f939b78"},"headline":"Pitec AG\u2009: des bons de la BCS pour les employ\u00e9s","datePublished":"2020-07-21T14:42:00+00:00","dateModified":"2022-05-12T09:29:38+00:00","mainEntityOfPage":{"@id":"https:\/\/swissbaker.ch\/fr\/panissimo-news\/pitec-ag-des-bons-de-la-bcs-pour-les-employes\/"},"wordCount":232,"commentCount":0,"publisher":{"@id":"https:\/\/swissbaker.ch\/fr\/#organization"},"image":{"@id":"https:\/\/swissbaker.ch\/fr\/panissimo-news\/pitec-ag-des-bons-de-la-bcs-pour-les-employes\/#primaryimage"},"thumbnailUrl":"https:\/\/swissbaker.ch\/wp-content\/uploads\/2022\/03\/15_1_pitec_gutscheine.jpeg","articleSection":["Environnement professionnel"],"inLanguage":"fr-FR","potentialAction":[{"@type":"CommentAction","name":"Comment","target":["https:\/\/swissbaker.ch\/fr\/panissimo-news\/pitec-ag-des-bons-de-la-bcs-pour-les-employes\/#respond"]}]},{"@type":"WebPage","@id":"https:\/\/swissbaker.ch\/fr\/panissimo-news\/pitec-ag-des-bons-de-la-bcs-pour-les-employes\/","url":"https:\/\/swissbaker.ch\/fr\/panissimo-news\/pitec-ag-des-bons-de-la-bcs-pour-les-employes\/","name":"Pitec AG\u2009: des bons de la BCS pour les employ\u00e9s | SBC","isPartOf":{"@id":"https:\/\/swissbaker.ch\/fr\/#website"},"primaryImageOfPage":{"@id":"https:\/\/swissbaker.ch\/fr\/panissimo-news\/pitec-ag-des-bons-de-la-bcs-pour-les-employes\/#primaryimage"},"image":{"@id":"https:\/\/swissbaker.ch\/fr\/panissimo-news\/pitec-ag-des-bons-de-la-bcs-pour-les-employes\/#primaryimage"},"thumbnailUrl":"https:\/\/swissbaker.ch\/wp-content\/uploads\/2022\/03\/15_1_pitec_gutscheine.jpeg","datePublished":"2020-07-21T14:42:00+00:00","dateModified":"2022-05-12T09:29:38+00:00","breadcrumb":{"@id":"https:\/\/swissbaker.ch\/fr\/panissimo-news\/pitec-ag-des-bons-de-la-bcs-pour-les-employes\/#breadcrumb"},"inLanguage":"fr-FR","potentialAction":[{"@type":"ReadAction","target":["https:\/\/swissbaker.ch\/fr\/panissimo-news\/pitec-ag-des-bons-de-la-bcs-pour-les-employes\/"]}]},{"@type":"ImageObject","inLanguage":"fr-FR","@id":"https:\/\/swissbaker.ch\/fr\/panissimo-news\/pitec-ag-des-bons-de-la-bcs-pour-les-employes\/#primaryimage","url":"https:\/\/swissbaker.ch\/wp-content\/uploads\/2022\/03\/15_1_pitec_gutscheine.jpeg","contentUrl":"https:\/\/swissbaker.ch\/wp-content\/uploads\/2022\/03\/15_1_pitec_gutscheine.jpeg","width":800,"height":474,"caption":"Pitec AG\u2009: des bons de la BCS pour les employ\u00e9s"},{"@type":"BreadcrumbList","@id":"https:\/\/swissbaker.ch\/fr\/panissimo-news\/pitec-ag-des-bons-de-la-bcs-pour-les-employes\/#breadcrumb","itemListElement":[{"@type":"ListItem","position":1,"name":"","item":"https:\/\/swissbaker.ch\/fr\/"},{"@type":"ListItem","position":2,"name":"Environnement professionnel","item":"https:\/\/swissbaker.ch\/fr\/panissimo-news\/category\/environnement-professionnel\/"},{"@type":"ListItem","position":3,"name":"Pitec AG\u2009: des bons de la BCS pour les employ\u00e9s"}]},{"@type":"WebSite","@id":"https:\/\/swissbaker.ch\/fr\/#website","url":"https:\/\/swissbaker.ch\/fr\/","name":"SBC","description":"","publisher":{"@id":"https:\/\/swissbaker.ch\/fr\/#organization"},"potentialAction":[{"@type":"SearchAction","target":{"@type":"EntryPoint","urlTemplate":"https:\/\/swissbaker.ch\/fr\/?s={search_term_string}"},"query-input":{"@type":"PropertyValueSpecification","valueRequired":true,"valueName":"search_term_string"}}],"inLanguage":"fr-FR"},{"@type":"Organization","@id":"https:\/\/swissbaker.ch\/fr\/#organization","name":"Schweizerischer B\u00e4cker-Confiseurmeister-Verband","url":"https:\/\/swissbaker.ch\/fr\/","logo":{"@type":"ImageObject","inLanguage":"fr-FR","@id":"https:\/\/swissbaker.ch\/fr\/#\/schema\/logo\/image\/","url":"https:\/\/swissbaker.ch\/wp-content\/uploads\/2022\/04\/sbc-logo-yoast.jpg","contentUrl":"https:\/\/swissbaker.ch\/wp-content\/uploads\/2022\/04\/sbc-logo-yoast.jpg","width":512,"height":512,"caption":"Schweizerischer B\u00e4cker-Confiseurmeister-Verband"},"image":{"@id":"https:\/\/swissbaker.ch\/fr\/#\/schema\/logo\/image\/"},"sameAs":["https:\/\/www.facebook.com\/swissbaker.ch","https:\/\/x.com\/ch_swissbaker"]},{"@type":"Person","@id":"https:\/\/swissbaker.ch\/fr\/#\/schema\/person\/058ac47619f7da53df62aba60f939b78","name":"azureart","image":{"@type":"ImageObject","inLanguage":"fr-FR","@id":"https:\/\/swissbaker.ch\/fr\/#\/schema\/person\/image\/","url":"https:\/\/secure.gravatar.com\/avatar\/be04dd3098fd612c83067af4f7a295384c93cb6a9112f51beb9d2f477d25da61?s=96&d=mm&r=g","contentUrl":"https:\/\/secure.gravatar.com\/avatar\/be04dd3098fd612c83067af4f7a295384c93cb6a9112f51beb9d2f477d25da61?s=96&d=mm&r=g","caption":"azureart"},"sameAs":["https:\/\/swissbaker.ch"],"url":"https:\/\/swissbaker.ch\/fr\/panissimo-news\/author\/pixel-ahoi\/"}]}},"_links":{"self":[{"href":"https:\/\/swissbaker.ch\/fr\/wp-json\/wp\/v2\/posts\/9525","targetHints":{"allow":["GET"]}}],"collection":[{"href":"https:\/\/swissbaker.ch\/fr\/wp-json\/wp\/v2\/posts"}],"about":[{"href":"https:\/\/swissbaker.ch\/fr\/wp-json\/wp\/v2\/types\/post"}],"author":[{"embeddable":true,"href":"https:\/\/swissbaker.ch\/fr\/wp-json\/wp\/v2\/users\/1"}],"replies":[{"embeddable":true,"href":"https:\/\/swissbaker.ch\/fr\/wp-json\/wp\/v2\/comments?post=9525"}],"version-history":[{"count":0,"href":"https:\/\/swissbaker.ch\/fr\/wp-json\/wp\/v2\/posts\/9525\/revisions"}],"wp:featuredmedia":[{"embeddable":true,"href":"https:\/\/swissbaker.ch\/fr\/wp-json\/wp\/v2\/media\/5747"}],"wp:attachment":[{"href":"https:\/\/swissbaker.ch\/fr\/wp-json\/wp\/v2\/media?parent=9525"}],"wp:term":[{"taxonomy":"category","embeddable":true,"href":"https:\/\/swissbaker.ch\/fr\/wp-json\/wp\/v2\/categories?post=9525"},{"taxonomy":"post_tag","embeddable":true,"href":"https:\/\/swissbaker.ch\/fr\/wp-json\/wp\/v2\/tags?post=9525"}],"curies":[{"name":"wp","href":"https:\/\/api.w.org\/{rel}","templated":true}]}}