{"id":9444,"date":"2020-08-26T15:02:00","date_gmt":"2020-08-26T13:02:00","guid":{"rendered":"https:\/\/swissbaker.ch\/?p=9444"},"modified":"2022-05-12T10:25:34","modified_gmt":"2022-05-12T08:25:34","slug":"retour-au-systeme-initial","status":"publish","type":"post","link":"https:\/\/swissbaker.ch\/fr\/panissimo-news\/retour-au-systeme-initial\/","title":{"rendered":"Retour au syst\u00e8me initial"},"content":{"rendered":"\n<p><strong>A compter du 1er\u202fseptembre, la majorit\u00e9 des mesures extraordinaires du r\u00e9gime des indemnit\u00e9s de ch\u00f4mage partiel (extension du groupe des ayants droit, all\u00e9gements financiers suppl\u00e9mentaires pour les entreprises) sera supprim\u00e9e et le syst\u00e8me initial s\u2019appliquera \u00e0 nouveau.<\/strong><\/p>\n\n\n\n<p>e Conseil f\u00e9d\u00e9ral a d\u00e9cid\u00e9 de modifier et de prolonger l\u2019ordonnance Covid-19 Assurance-ch\u00f4mage. L\u2019ordonnance r\u00e9git encore aujourd\u2019hui\u2009:<\/p>\n\n\n\n<ul class=\"wp-block-list\"><li>l\u2019extension des d\u00e9lais cadres des personnes assur\u00e9es\u2009;<\/li><li>la non prise en compte des p\u00e9riodes de d\u00e9compte avec un arr\u00eat de travail de plus de 85\u202f% entre le 1er\u202fmars et le 31\u202fao\u00fbt 2020 dans le cadre du ch\u00f4mage partiel\u2009;<\/li><li>le droit \u00e0 des indemnit\u00e9s de ch\u00f4mage partiel pour les formateurs professionnels charg\u00e9s de la formation des apprentis\u2009;<\/li><li>la proc\u00e9dure sommaire pour le ch\u00f4mage partiel.<\/li><\/ul>\n\n\n\n<p><br>Les modifications entreront en vigueur le 1er\u202fseptembre. A cette date, la majorit\u00e9 des mesures extraordinaires (extension du groupe des ayants droit, all\u00e9gements financiers suppl\u00e9mentaires pour les entreprises) sera supprim\u00e9e et le syst\u00e8me initial d\u2019indemnisation du ch\u00f4mage partiel sera r\u00e9tabli. La proc\u00e9dure sommaire et simplifi\u00e9e d\u2019indemnit\u00e9 en cas de ch\u00f4mage partiel sera prolong\u00e9e au-del\u00e0 du 31\u202fao\u00fbt jusqu\u2019\u00e0 la fin d\u00e9cembre\u202f2020. Le d\u00e9lai de pr\u00e9avis de dix jours s\u2019applique \u00e0 nouveau. Si des indemnit\u00e9s de ch\u00f4mage partiel doivent \u00eatre demand\u00e9es \u00e0 partir du 1er\u202fseptembre, le pr\u00e9avis doit \u00eatre effectu\u00e9 avant le 21\u202fao\u00fbt 2020. Toutes les dispositions pr\u00e9cisent la date d\u2019entr\u00e9e en vigueur de l\u2019autorisation. Une entreprise doit pr\u00e9senter un nouveau pr\u00e9avis si cette date est ant\u00e9rieure au 1er\u202fjuin 2020 et si elle souhaite continuer \u00e0 demander des indemnit\u00e9s de ch\u00f4mage partiel \u00e0 partir du 1er\u202fseptembre.<\/p>\n\n\n\n<p>En outre, une p\u00e9riode d\u2019autorisation maximale de trois mois pour le ch\u00f4mage partiel s\u2019appliquera \u00e0 nouveau \u00e0 partir du 1er\u202fseptembre. Les autorisations qui ont plus de trois mois \u00e0 cette date perdent leur validit\u00e9. A partir du 1er\u202fseptembre, la p\u00e9riode maximale d\u2019indemnisation du ch\u00f4mage partiel sera de 18 mois (au lieu de 12 mois).<\/p>\n\n\n\n<h2 class=\"wp-block-heading\" id=\"h-en-bref\">En bref<\/h2>\n\n\n\n<ul class=\"wp-block-list\"><li>A partir du 1er\u202fseptembre 2020, la dur\u00e9e maximale du ch\u00f4mage partiel sera \u00e0 nouveau de 3 mois. Par cons\u00e9quent, les autorisations qui ont plus de trois mois \u00e0 ce moment-l\u00e0 perdent leur validit\u00e9. Les entreprises concern\u00e9es doivent pr\u00e9senter un nouveau pr\u00e9avis de ch\u00f4mage partiel.<br><\/li><li>A partir du 1er\u202fseptembre 2020, la nouvelle dur\u00e9e maximale de perception des indemnit\u00e9s de ch\u00f4mage partiel sera de 18 mois(et non plus de 12).<br><\/li><li>La proc\u00e9dure simplifi\u00e9e de pr\u00e9avis et la proc\u00e9dure sommaire pour le d\u00e9compte continueront \u00e0 s\u2019appliquer jusqu\u2019\u00e0 la fin d\u00e9cembre\u202f2020.<\/li><\/ul>\n\n\n\n<p><br><strong>Pour plus d\u2019informations\u2009:<\/strong><br><a href=\"https:\/\/www.arbeit.swiss\/secoalv\/fr\/home\/menue\/unternehmen\/versicherungsleistungen\/kurzarbeit-covid-19.html\">www.travail.swiss<\/a><\/p>\n","protected":false},"excerpt":{"rendered":"<p>A compter du 1er\u202fseptembre, la majorit\u00e9 des mesures extraordinaires du r\u00e9gime des indemnit\u00e9s de ch\u00f4mage partiel (extension du groupe des ayants droit, all\u00e9gements financiers suppl\u00e9mentaires pour les entreprises) sera supprim\u00e9e et le syst\u00e8me initial s\u2019appliquera \u00e0 nouveau. e Conseil f\u00e9d\u00e9ral a d\u00e9cid\u00e9 de modifier et de prolonger l\u2019ordonnance Covid-19 Assurance-ch\u00f4mage. L\u2019ordonnance r\u00e9git encore aujourd\u2019hui\u2009: l\u2019extension des d\u00e9lais cadres des personnes [&hellip;]<\/p>\n","protected":false},"author":1,"featured_media":9445,"comment_status":"open","ping_status":"closed","sticky":false,"template":"","format":"standard","meta":{"_acf_changed":false,"footnotes":""},"categories":[44],"tags":[],"class_list":["post-9444","post","type-post","status-publish","format-standard","has-post-thumbnail","hentry","category-droit-politique"],"acf":[],"yoast_head":"<!-- This site is optimized with the Yoast SEO Premium plugin v26.8 (Yoast SEO v26.8) - https:\/\/yoast.com\/product\/yoast-seo-premium-wordpress\/ -->\n<title>Retour au syst\u00e8me initial | SBC<\/title>\n<meta name=\"robots\" content=\"index, follow, max-snippet:-1, max-image-preview:large, max-video-preview:-1\" \/>\n<link rel=\"canonical\" href=\"https:\/\/swissbaker.ch\/fr\/panissimo-news\/retour-au-systeme-initial\/\" \/>\n<meta property=\"og:locale\" content=\"fr_FR\" \/>\n<meta property=\"og:type\" content=\"article\" \/>\n<meta property=\"og:title\" content=\"Retour au syst\u00e8me initial\" \/>\n<meta property=\"og:description\" content=\"A compter du 1er\u202fseptembre, la majorit\u00e9 des mesures extraordinaires du r\u00e9gime des indemnit\u00e9s de ch\u00f4mage partiel (extension du groupe des ayants droit, all\u00e9gements financiers suppl\u00e9mentaires pour les entreprises) sera supprim\u00e9e et le syst\u00e8me initial s\u2019appliquera \u00e0 nouveau. e Conseil f\u00e9d\u00e9ral a d\u00e9cid\u00e9 de modifier et de prolonger l\u2019ordonnance Covid-19 Assurance-ch\u00f4mage. L\u2019ordonnance r\u00e9git encore aujourd\u2019hui\u2009: l\u2019extension des d\u00e9lais cadres des personnes [&hellip;]\" \/>\n<meta property=\"og:url\" content=\"https:\/\/swissbaker.ch\/fr\/panissimo-news\/retour-au-systeme-initial\/\" \/>\n<meta property=\"og:site_name\" content=\"SBC\" \/>\n<meta property=\"article:publisher\" content=\"https:\/\/www.facebook.com\/swissbaker.ch\" \/>\n<meta property=\"article:published_time\" content=\"2020-08-26T13:02:00+00:00\" \/>\n<meta property=\"article:modified_time\" content=\"2022-05-12T08:25:34+00:00\" \/>\n<meta property=\"og:image\" content=\"https:\/\/swissbaker.ch\/wp-content\/uploads\/2022\/05\/csm_17_1_kurzarbeit_f_74b575bed7.jpeg\" \/>\n\t<meta property=\"og:image:width\" content=\"551\" \/>\n\t<meta property=\"og:image:height\" content=\"327\" \/>\n\t<meta property=\"og:image:type\" content=\"image\/jpeg\" \/>\n<meta name=\"author\" content=\"azureart\" \/>\n<meta name=\"twitter:card\" content=\"summary_large_image\" \/>\n<meta name=\"twitter:creator\" content=\"@ch_swissbaker\" \/>\n<meta name=\"twitter:site\" content=\"@ch_swissbaker\" \/>\n<meta name=\"twitter:label1\" content=\"Written by\" \/>\n\t<meta name=\"twitter:data1\" content=\"azureart\" \/>\n\t<meta name=\"twitter:label2\" content=\"Est. reading time\" \/>\n\t<meta name=\"twitter:data2\" content=\"3 minutes\" \/>\n<script type=\"application\/ld+json\" class=\"yoast-schema-graph\">{\"@context\":\"https:\/\/schema.org\",\"@graph\":[{\"@type\":\"Article\",\"@id\":\"https:\/\/swissbaker.ch\/fr\/panissimo-news\/retour-au-systeme-initial\/#article\",\"isPartOf\":{\"@id\":\"https:\/\/swissbaker.ch\/fr\/panissimo-news\/retour-au-systeme-initial\/\"},\"author\":{\"name\":\"azureart\",\"@id\":\"https:\/\/swissbaker.ch\/fr\/#\/schema\/person\/058ac47619f7da53df62aba60f939b78\"},\"headline\":\"Retour au syst\u00e8me initial\",\"datePublished\":\"2020-08-26T13:02:00+00:00\",\"dateModified\":\"2022-05-12T08:25:34+00:00\",\"mainEntityOfPage\":{\"@id\":\"https:\/\/swissbaker.ch\/fr\/panissimo-news\/retour-au-systeme-initial\/\"},\"wordCount\":477,\"commentCount\":0,\"publisher\":{\"@id\":\"https:\/\/swissbaker.ch\/fr\/#organization\"},\"image\":{\"@id\":\"https:\/\/swissbaker.ch\/fr\/panissimo-news\/retour-au-systeme-initial\/#primaryimage\"},\"thumbnailUrl\":\"https:\/\/swissbaker.ch\/wp-content\/uploads\/2022\/05\/csm_17_1_kurzarbeit_f_74b575bed7.jpeg\",\"articleSection\":[\"Droit &amp; politique\"],\"inLanguage\":\"fr-FR\",\"potentialAction\":[{\"@type\":\"CommentAction\",\"name\":\"Comment\",\"target\":[\"https:\/\/swissbaker.ch\/fr\/panissimo-news\/retour-au-systeme-initial\/#respond\"]}]},{\"@type\":\"WebPage\",\"@id\":\"https:\/\/swissbaker.ch\/fr\/panissimo-news\/retour-au-systeme-initial\/\",\"url\":\"https:\/\/swissbaker.ch\/fr\/panissimo-news\/retour-au-systeme-initial\/\",\"name\":\"Retour au syst\u00e8me initial | SBC\",\"isPartOf\":{\"@id\":\"https:\/\/swissbaker.ch\/fr\/#website\"},\"primaryImageOfPage\":{\"@id\":\"https:\/\/swissbaker.ch\/fr\/panissimo-news\/retour-au-systeme-initial\/#primaryimage\"},\"image\":{\"@id\":\"https:\/\/swissbaker.ch\/fr\/panissimo-news\/retour-au-systeme-initial\/#primaryimage\"},\"thumbnailUrl\":\"https:\/\/swissbaker.ch\/wp-content\/uploads\/2022\/05\/csm_17_1_kurzarbeit_f_74b575bed7.jpeg\",\"datePublished\":\"2020-08-26T13:02:00+00:00\",\"dateModified\":\"2022-05-12T08:25:34+00:00\",\"breadcrumb\":{\"@id\":\"https:\/\/swissbaker.ch\/fr\/panissimo-news\/retour-au-systeme-initial\/#breadcrumb\"},\"inLanguage\":\"fr-FR\",\"potentialAction\":[{\"@type\":\"ReadAction\",\"target\":[\"https:\/\/swissbaker.ch\/fr\/panissimo-news\/retour-au-systeme-initial\/\"]}]},{\"@type\":\"ImageObject\",\"inLanguage\":\"fr-FR\",\"@id\":\"https:\/\/swissbaker.ch\/fr\/panissimo-news\/retour-au-systeme-initial\/#primaryimage\",\"url\":\"https:\/\/swissbaker.ch\/wp-content\/uploads\/2022\/05\/csm_17_1_kurzarbeit_f_74b575bed7.jpeg\",\"contentUrl\":\"https:\/\/swissbaker.ch\/wp-content\/uploads\/2022\/05\/csm_17_1_kurzarbeit_f_74b575bed7.jpeg\",\"width\":551,\"height\":327,\"caption\":\"Retour au syst\u00e8me initial\"},{\"@type\":\"BreadcrumbList\",\"@id\":\"https:\/\/swissbaker.ch\/fr\/panissimo-news\/retour-au-systeme-initial\/#breadcrumb\",\"itemListElement\":[{\"@type\":\"ListItem\",\"position\":1,\"name\":\"\",\"item\":\"https:\/\/swissbaker.ch\/fr\/\"},{\"@type\":\"ListItem\",\"position\":2,\"name\":\"Droit &amp; politique\",\"item\":\"https:\/\/swissbaker.ch\/fr\/panissimo-news\/category\/droit-politique\/\"},{\"@type\":\"ListItem\",\"position\":3,\"name\":\"Retour au syst\u00e8me initial\"}]},{\"@type\":\"WebSite\",\"@id\":\"https:\/\/swissbaker.ch\/fr\/#website\",\"url\":\"https:\/\/swissbaker.ch\/fr\/\",\"name\":\"SBC\",\"description\":\"\",\"publisher\":{\"@id\":\"https:\/\/swissbaker.ch\/fr\/#organization\"},\"potentialAction\":[{\"@type\":\"SearchAction\",\"target\":{\"@type\":\"EntryPoint\",\"urlTemplate\":\"https:\/\/swissbaker.ch\/fr\/?s={search_term_string}\"},\"query-input\":{\"@type\":\"PropertyValueSpecification\",\"valueRequired\":true,\"valueName\":\"search_term_string\"}}],\"inLanguage\":\"fr-FR\"},{\"@type\":\"Organization\",\"@id\":\"https:\/\/swissbaker.ch\/fr\/#organization\",\"name\":\"Schweizerischer B\u00e4cker-Confiseurmeister-Verband\",\"url\":\"https:\/\/swissbaker.ch\/fr\/\",\"logo\":{\"@type\":\"ImageObject\",\"inLanguage\":\"fr-FR\",\"@id\":\"https:\/\/swissbaker.ch\/fr\/#\/schema\/logo\/image\/\",\"url\":\"https:\/\/swissbaker.ch\/wp-content\/uploads\/2022\/04\/sbc-logo-yoast.jpg\",\"contentUrl\":\"https:\/\/swissbaker.ch\/wp-content\/uploads\/2022\/04\/sbc-logo-yoast.jpg\",\"width\":512,\"height\":512,\"caption\":\"Schweizerischer B\u00e4cker-Confiseurmeister-Verband\"},\"image\":{\"@id\":\"https:\/\/swissbaker.ch\/fr\/#\/schema\/logo\/image\/\"},\"sameAs\":[\"https:\/\/www.facebook.com\/swissbaker.ch\",\"https:\/\/x.com\/ch_swissbaker\"]},{\"@type\":\"Person\",\"@id\":\"https:\/\/swissbaker.ch\/fr\/#\/schema\/person\/058ac47619f7da53df62aba60f939b78\",\"name\":\"azureart\",\"image\":{\"@type\":\"ImageObject\",\"inLanguage\":\"fr-FR\",\"@id\":\"https:\/\/swissbaker.ch\/fr\/#\/schema\/person\/image\/\",\"url\":\"https:\/\/secure.gravatar.com\/avatar\/be04dd3098fd612c83067af4f7a295384c93cb6a9112f51beb9d2f477d25da61?s=96&d=mm&r=g\",\"contentUrl\":\"https:\/\/secure.gravatar.com\/avatar\/be04dd3098fd612c83067af4f7a295384c93cb6a9112f51beb9d2f477d25da61?s=96&d=mm&r=g\",\"caption\":\"azureart\"},\"sameAs\":[\"https:\/\/swissbaker.ch\"],\"url\":\"https:\/\/swissbaker.ch\/fr\/panissimo-news\/author\/pixel-ahoi\/\"}]}<\/script>\n<!-- \/ Yoast SEO Premium plugin. -->","yoast_head_json":{"title":"Retour au syst\u00e8me initial | SBC","robots":{"index":"index","follow":"follow","max-snippet":"max-snippet:-1","max-image-preview":"max-image-preview:large","max-video-preview":"max-video-preview:-1"},"canonical":"https:\/\/swissbaker.ch\/fr\/panissimo-news\/retour-au-systeme-initial\/","og_locale":"fr_FR","og_type":"article","og_title":"Retour au syst\u00e8me initial","og_description":"A compter du 1er\u202fseptembre, la majorit\u00e9 des mesures extraordinaires du r\u00e9gime des indemnit\u00e9s de ch\u00f4mage partiel (extension du groupe des ayants droit, all\u00e9gements financiers suppl\u00e9mentaires pour les entreprises) sera supprim\u00e9e et le syst\u00e8me initial s\u2019appliquera \u00e0 nouveau. e Conseil f\u00e9d\u00e9ral a d\u00e9cid\u00e9 de modifier et de prolonger l\u2019ordonnance Covid-19 Assurance-ch\u00f4mage. L\u2019ordonnance r\u00e9git encore aujourd\u2019hui\u2009: l\u2019extension des d\u00e9lais cadres des personnes [&hellip;]","og_url":"https:\/\/swissbaker.ch\/fr\/panissimo-news\/retour-au-systeme-initial\/","og_site_name":"SBC","article_publisher":"https:\/\/www.facebook.com\/swissbaker.ch","article_published_time":"2020-08-26T13:02:00+00:00","article_modified_time":"2022-05-12T08:25:34+00:00","og_image":[{"width":551,"height":327,"url":"https:\/\/swissbaker.ch\/wp-content\/uploads\/2022\/05\/csm_17_1_kurzarbeit_f_74b575bed7.jpeg","type":"image\/jpeg"}],"author":"azureart","twitter_card":"summary_large_image","twitter_creator":"@ch_swissbaker","twitter_site":"@ch_swissbaker","twitter_misc":{"Written by":"azureart","Est. reading time":"3 minutes"},"schema":{"@context":"https:\/\/schema.org","@graph":[{"@type":"Article","@id":"https:\/\/swissbaker.ch\/fr\/panissimo-news\/retour-au-systeme-initial\/#article","isPartOf":{"@id":"https:\/\/swissbaker.ch\/fr\/panissimo-news\/retour-au-systeme-initial\/"},"author":{"name":"azureart","@id":"https:\/\/swissbaker.ch\/fr\/#\/schema\/person\/058ac47619f7da53df62aba60f939b78"},"headline":"Retour au syst\u00e8me initial","datePublished":"2020-08-26T13:02:00+00:00","dateModified":"2022-05-12T08:25:34+00:00","mainEntityOfPage":{"@id":"https:\/\/swissbaker.ch\/fr\/panissimo-news\/retour-au-systeme-initial\/"},"wordCount":477,"commentCount":0,"publisher":{"@id":"https:\/\/swissbaker.ch\/fr\/#organization"},"image":{"@id":"https:\/\/swissbaker.ch\/fr\/panissimo-news\/retour-au-systeme-initial\/#primaryimage"},"thumbnailUrl":"https:\/\/swissbaker.ch\/wp-content\/uploads\/2022\/05\/csm_17_1_kurzarbeit_f_74b575bed7.jpeg","articleSection":["Droit &amp; politique"],"inLanguage":"fr-FR","potentialAction":[{"@type":"CommentAction","name":"Comment","target":["https:\/\/swissbaker.ch\/fr\/panissimo-news\/retour-au-systeme-initial\/#respond"]}]},{"@type":"WebPage","@id":"https:\/\/swissbaker.ch\/fr\/panissimo-news\/retour-au-systeme-initial\/","url":"https:\/\/swissbaker.ch\/fr\/panissimo-news\/retour-au-systeme-initial\/","name":"Retour au syst\u00e8me initial | SBC","isPartOf":{"@id":"https:\/\/swissbaker.ch\/fr\/#website"},"primaryImageOfPage":{"@id":"https:\/\/swissbaker.ch\/fr\/panissimo-news\/retour-au-systeme-initial\/#primaryimage"},"image":{"@id":"https:\/\/swissbaker.ch\/fr\/panissimo-news\/retour-au-systeme-initial\/#primaryimage"},"thumbnailUrl":"https:\/\/swissbaker.ch\/wp-content\/uploads\/2022\/05\/csm_17_1_kurzarbeit_f_74b575bed7.jpeg","datePublished":"2020-08-26T13:02:00+00:00","dateModified":"2022-05-12T08:25:34+00:00","breadcrumb":{"@id":"https:\/\/swissbaker.ch\/fr\/panissimo-news\/retour-au-systeme-initial\/#breadcrumb"},"inLanguage":"fr-FR","potentialAction":[{"@type":"ReadAction","target":["https:\/\/swissbaker.ch\/fr\/panissimo-news\/retour-au-systeme-initial\/"]}]},{"@type":"ImageObject","inLanguage":"fr-FR","@id":"https:\/\/swissbaker.ch\/fr\/panissimo-news\/retour-au-systeme-initial\/#primaryimage","url":"https:\/\/swissbaker.ch\/wp-content\/uploads\/2022\/05\/csm_17_1_kurzarbeit_f_74b575bed7.jpeg","contentUrl":"https:\/\/swissbaker.ch\/wp-content\/uploads\/2022\/05\/csm_17_1_kurzarbeit_f_74b575bed7.jpeg","width":551,"height":327,"caption":"Retour au syst\u00e8me initial"},{"@type":"BreadcrumbList","@id":"https:\/\/swissbaker.ch\/fr\/panissimo-news\/retour-au-systeme-initial\/#breadcrumb","itemListElement":[{"@type":"ListItem","position":1,"name":"","item":"https:\/\/swissbaker.ch\/fr\/"},{"@type":"ListItem","position":2,"name":"Droit &amp; politique","item":"https:\/\/swissbaker.ch\/fr\/panissimo-news\/category\/droit-politique\/"},{"@type":"ListItem","position":3,"name":"Retour au syst\u00e8me initial"}]},{"@type":"WebSite","@id":"https:\/\/swissbaker.ch\/fr\/#website","url":"https:\/\/swissbaker.ch\/fr\/","name":"SBC","description":"","publisher":{"@id":"https:\/\/swissbaker.ch\/fr\/#organization"},"potentialAction":[{"@type":"SearchAction","target":{"@type":"EntryPoint","urlTemplate":"https:\/\/swissbaker.ch\/fr\/?s={search_term_string}"},"query-input":{"@type":"PropertyValueSpecification","valueRequired":true,"valueName":"search_term_string"}}],"inLanguage":"fr-FR"},{"@type":"Organization","@id":"https:\/\/swissbaker.ch\/fr\/#organization","name":"Schweizerischer B\u00e4cker-Confiseurmeister-Verband","url":"https:\/\/swissbaker.ch\/fr\/","logo":{"@type":"ImageObject","inLanguage":"fr-FR","@id":"https:\/\/swissbaker.ch\/fr\/#\/schema\/logo\/image\/","url":"https:\/\/swissbaker.ch\/wp-content\/uploads\/2022\/04\/sbc-logo-yoast.jpg","contentUrl":"https:\/\/swissbaker.ch\/wp-content\/uploads\/2022\/04\/sbc-logo-yoast.jpg","width":512,"height":512,"caption":"Schweizerischer B\u00e4cker-Confiseurmeister-Verband"},"image":{"@id":"https:\/\/swissbaker.ch\/fr\/#\/schema\/logo\/image\/"},"sameAs":["https:\/\/www.facebook.com\/swissbaker.ch","https:\/\/x.com\/ch_swissbaker"]},{"@type":"Person","@id":"https:\/\/swissbaker.ch\/fr\/#\/schema\/person\/058ac47619f7da53df62aba60f939b78","name":"azureart","image":{"@type":"ImageObject","inLanguage":"fr-FR","@id":"https:\/\/swissbaker.ch\/fr\/#\/schema\/person\/image\/","url":"https:\/\/secure.gravatar.com\/avatar\/be04dd3098fd612c83067af4f7a295384c93cb6a9112f51beb9d2f477d25da61?s=96&d=mm&r=g","contentUrl":"https:\/\/secure.gravatar.com\/avatar\/be04dd3098fd612c83067af4f7a295384c93cb6a9112f51beb9d2f477d25da61?s=96&d=mm&r=g","caption":"azureart"},"sameAs":["https:\/\/swissbaker.ch"],"url":"https:\/\/swissbaker.ch\/fr\/panissimo-news\/author\/pixel-ahoi\/"}]}},"_links":{"self":[{"href":"https:\/\/swissbaker.ch\/fr\/wp-json\/wp\/v2\/posts\/9444","targetHints":{"allow":["GET"]}}],"collection":[{"href":"https:\/\/swissbaker.ch\/fr\/wp-json\/wp\/v2\/posts"}],"about":[{"href":"https:\/\/swissbaker.ch\/fr\/wp-json\/wp\/v2\/types\/post"}],"author":[{"embeddable":true,"href":"https:\/\/swissbaker.ch\/fr\/wp-json\/wp\/v2\/users\/1"}],"replies":[{"embeddable":true,"href":"https:\/\/swissbaker.ch\/fr\/wp-json\/wp\/v2\/comments?post=9444"}],"version-history":[{"count":0,"href":"https:\/\/swissbaker.ch\/fr\/wp-json\/wp\/v2\/posts\/9444\/revisions"}],"wp:featuredmedia":[{"embeddable":true,"href":"https:\/\/swissbaker.ch\/fr\/wp-json\/wp\/v2\/media\/9445"}],"wp:attachment":[{"href":"https:\/\/swissbaker.ch\/fr\/wp-json\/wp\/v2\/media?parent=9444"}],"wp:term":[{"taxonomy":"category","embeddable":true,"href":"https:\/\/swissbaker.ch\/fr\/wp-json\/wp\/v2\/categories?post=9444"},{"taxonomy":"post_tag","embeddable":true,"href":"https:\/\/swissbaker.ch\/fr\/wp-json\/wp\/v2\/tags?post=9444"}],"curies":[{"name":"wp","href":"https:\/\/api.w.org\/{rel}","templated":true}]}}