{"id":9428,"date":"2020-09-03T14:18:00","date_gmt":"2020-09-03T12:18:00","guid":{"rendered":"https:\/\/swissbaker.ch\/?p=9428"},"modified":"2022-05-12T10:09:43","modified_gmt":"2022-05-12T08:09:43","slug":"trop-de-cuisiniers-gatent-la-sauce","status":"publish","type":"post","link":"https:\/\/swissbaker.ch\/fr\/panissimo-news\/trop-de-cuisiniers-gatent-la-sauce\/","title":{"rendered":"Trop de cuisiniers \u00abg\u00e2tent la sauce\u00bb"},"content":{"rendered":"\n<p><strong>La situation actuelle dans notre branche, dans le monde entier, est difficile en raison du coronavirus. Pour ne rien arranger, une \u00absalade de masques\u00bb se pr\u00e9pare dans toute la Suisse: chaque canton pr\u00e9pare sa propre petite soupe, en y ajoutant des \u00e9pices ici et l\u00e0.<\/strong><\/p>\n\n\n\n<p>Le commerce est confront\u00e9 pratiquement quotidiennement \u00e0 la n\u00e9cessit\u00e9 de se conformer \u00e0 de nouvelles directives, ce qui rend encore plus difficile le travail des entrepreneurs sur un march\u00e9 d\u00e9j\u00e0 tr\u00e8s concurrentiel. Si les magasins ou les succursales sont situ\u00e9s dans diff\u00e9rents cantons, la situation est compliqu\u00e9e et tout sauf \u00e9conomique en raison des diverses consignes \u00e0 respecter. Ce \u00abcantonalisme\u00bb ne facilite pas le maintien d\u2019une vue d\u2019ensemble. &nbsp;<\/p>\n\n\n\n<p><strong>Porter un masque&nbsp;de protection, oui ou non?&nbsp;<\/strong><br>L\u2019employeur doit s\u2019assurer que les employ\u00e9s puissent se conformer aux recommandations de l\u2019Office f\u00e9d\u00e9ral de la sant\u00e9 publique (OFSP) en mati\u00e8re d\u2019hygi\u00e8ne et de distanciation. Il est donc de son devoir de prendre toutes les mesures n\u00e9cessaires et appropri\u00e9es pour prot\u00e9ger la sant\u00e9 des collaborateurs. Les masques d\u2019hygi\u00e8ne en font partie, sont consid\u00e9r\u00e9s comme des \u00e9quipements de protection individuelle (EPI) et sont fournis gratuitement aux employ\u00e9s. En principe, les employ\u00e9s peuvent d\u00e9cider eux-m\u00eames s\u2019ils veulent ou non porter un masque. Sauf si l\u2019employeur ou les autorit\u00e9s stipulent que le port du masque est obligatoire.<\/p>\n\n\n\n<p><strong>Restrictions cantonales<\/strong><br>Sur la&nbsp;<a href=\"https:\/\/service.swissbaker.ch\/sbcpub\/de\/login.html?mgnlReturnTo=https%3A%2F%2Fservice.swissbaker.ch%2Fsbc-as%2Ffr#\/area\/as\/topic\/Gesundheitsvorsorge_0\/Pandemievorsorge\/downloads\" target=\"_blank\" rel=\"noreferrer noopener\">plate-forme MSST&nbsp;(Chapitre 6.8 \u00abPr\u00e9vention de la pand\u00e9mie\u00bb)<\/a>&nbsp;vous trouverez le concept de protection pour la branche suisse de la boulangerie-confiserie. Entre-temps, l\u2019obligation du port d\u2019un masque a \u00e9t\u00e9 introduite dans certains cantons, et la r\u00e9glementation a \u00e9t\u00e9 partiellement renforc\u00e9e. Depuis, les lignes de t\u00e9l\u00e9phone du bureau de la BCS sont souvent occup\u00e9es. Il est impossible de garder une vue d\u2019ensemble des 26 cantons et d\u2019activer 26 concepts de protection diff\u00e9rents. Il appartient aux associations cantonales d\u2019adapter notre concept de protection en fonction des r\u00e9glementations cantonales et d\u2019informer leurs membres.<\/p>\n\n\n\n<h3 class=\"wp-block-heading\" id=\"h-obligation-d-enregistrement-tracing\">Obligation d&#8217;enregistrement (tracing) \u00a0<\/h3>\n\n\n\n<p>La loi f\u00e9d\u00e9rale ne pr\u00e9voit l\u2019enregistrement obligatoire que lorsque la distance de 1,5 m\u00e8tre ne peut \u00eatre respect\u00e9e. Toutefois, certains cantons ont d\u00e9j\u00e0 consid\u00e9rablement renforc\u00e9 le champ d\u2019application de l\u2019ordonnance \u00e0 cet \u00e9gard. &nbsp;<br>Les exploitants de restaurants et de caf\u00e9s doivent enregistrer les coordonn\u00e9es de leurs clients. Cela se fait souvent \u00e0 la main, plus rarement avec un code QR. Outre le nom, le num\u00e9ro de t\u00e9l\u00e9phone portable et l\u2019adresse \u00e9lectronique, la date de naissance et l\u2019adresse compl\u00e8te doivent \u00e9galement \u00eatre indiqu\u00e9es. Comme les donn\u00e9es doivent \u00eatre transmises num\u00e9riquement, c\u2019est-\u00e0-dire par voie \u00e9lectronique, aux \u00abpoints de collecte\u00bb responsables, les entreprises se voient confront\u00e9es \u00e0 un travail suppl\u00e9mentaire important. En outre, les entrepreneurs doivent recommander aux clients du caf\u00e9 d\u2019utiliser l\u2019application SwissCovid.&nbsp;<br>Avec le passage \u00e0 la \u00absituation sp\u00e9ciale\u00bb, la situation n\u2019est pas devenue plus facile pour la population et les entrepreneurs. Il semble qu\u2019il ait \u00e9t\u00e9 plus facile d\u2019imposer un Lockdown que de s\u2019en sortir raisonnablement.<\/p>\n\n\n\n<h3 class=\"wp-block-heading\" id=\"h-questions-et-reponses-sur-l-obligation-de-porter-un-masque\">Questions et r\u00e9ponses sur l\u2019obligation de porter un masque<\/h3>\n\n\n\n<p>Vous trouverez ci-dessous les questions et r\u00e9ponses les plus importantes trait\u00e9es par le bureau de la BCS concernant l\u2019obligation du port d\u2019un masque introduite dans certains cantons:<\/p>\n\n\n\n<p><strong>Le personnel de vente doit-il aussi porter un masque d\u2019hygi\u00e8ne suite \u00e0 la r\u00e9cente d\u00e9cision de l\u2019obligatoire du port d\u2019un masque dans les magasins?&nbsp;<\/strong><br>Oui\u2009\/non, cela peut \u00eatre le cas selon les cantons!&nbsp;Si les r\u00e8gles de distanciation peuvent \u00eatre respect\u00e9es, il n\u2019y a aucune raison \u00e9vidente de porter ce que l\u2019on appelle un \u00abprotection anti-germes\u00bb.&nbsp;<\/p>\n\n\n\n<p>Toutefois, si les r\u00e8gles de la distanciation ne peuvent \u00eatre respect\u00e9es par le personnel, c\u2019est une \u00abroulette russe\u00bb pour l\u2019exploitation et peut avoir des cons\u00e9quences plus importantes: si une personne de la vente est test\u00e9e positive au coronavirus, tous ceux qui ont travaill\u00e9 \u00e0 proximit\u00e9 de la personne malade sans masque d\u2019hygi\u00e8ne sont envoy\u00e9s en quarantaine. Cela vaut \u00e9galement pour la production!<\/p>\n\n\n\n<p>Le probl\u00e8me, c\u2019est l\u2019autre point de vue, celui des clients. Pendant des semaines et des mois, les m\u00e9dias n\u2019ont fait qu\u2019effrayer la population, ce qui n\u2019est pas sans cons\u00e9quences pour le psychisme. Si un client entre dans le magasin avec un masque d\u2019hygi\u00e8ne, mais que le personnel de vente se tient derri\u00e8re le comptoir sans masque, cela peut inciter le client \u00e0 quitter le magasin.&nbsp;<\/p>\n\n\n\n<p><strong>L\u2019entreprise est-elle tenue de veiller \u00e0 ce que les clients portent un masque?&nbsp;<\/strong><br>Non, le propri\u00e9taire de l\u2019exploitation n\u2019a pas \u00e0 jouer les policiers. Peut-\u00eatre y a-t-il des raisons m\u00e9dicales pour lesquelles le client ne porte pas de masque (asthmatiques, personnes souffrant d\u2019anxi\u00e9t\u00e9 ou d\u2019un handicap).<\/p>\n\n\n\n<p><strong>Les enfants doivent-ils porter un masque?&nbsp;<\/strong><br>Non, les enfants jusqu\u2019\u00e0 12 ans ne doivent pas porter de masque.<\/p>\n\n\n\n<p><strong>L\u2019exploitation doit-elle fournir des masques \u00e0 ses clients?&nbsp;<\/strong><br>Non. L\u2019exploitation n\u2019est pas oblig\u00e9e de fournir des \u00abmasques\u00bb aux clients.&nbsp;<br>Si le canton impose une obligation de porter un masque, chaque personne doit se procurer ses masques et, l\u00e0 o\u00f9 il est obligatoire, les porter.<\/p>\n\n\n\n<h3 class=\"wp-block-heading\" id=\"h-autres-questions-et-reponses-juridiques\">Autres questions\u00a0et r\u00e9ponses (juridiques)&#8230;<\/h3>\n\n\n\n<p><strong>Une personne qui a pass\u00e9 des vacances dans un Etat ou une zone pr\u00e9sentant un risque \u00e9lev\u00e9 d\u2019infection et se sent en bonne sant\u00e9 peut-elle reprendre le travail imm\u00e9diatement apr\u00e8s son retour de voyage en \u00e9tant tenue de porter un masque de protection hygi\u00e9nique et de respecter les r\u00e8gles de distanciation de 1,5 m\u00e8tre pendant 10&nbsp;jours<\/strong><strong>?<\/strong><\/p>\n\n\n\n<p>Non: ces mesures&nbsp;<strong>ne remplacent pas l\u2019obligation de quarantaine obligatoire.<\/strong>&nbsp;Infos compl\u00e9mentaires sous: &nbsp;<a href=\"https:\/\/www.bag.admin.ch\/bag\/fr\/home\/krankheiten\/ausbrueche-epidemien-pandemien\/aktuelle-ausbrueche-epidemien\/novel-cov\/empfehlungen-fuer-reisende\/quarantaene-einreisende.html\" target=\"_blank\" rel=\"noreferrer noopener\">https:\/\/www.bag.admin.ch\/bag\/fr\/home\/krankheiten\/ausbrueche-epidemien-pandemien\/aktuelle-ausbrueche-epidemien\/novel-cov\/empfehlungen-fuer-reisende\/quarantaene-einreisende.html<\/a><\/p>\n\n\n\n<p><strong>Que se passe-t-il en cas de test positif dans l\u2019entreprise<\/strong><strong>?<\/strong><br>Le m\u00e9decin cantonal doit \u00eatre inform\u00e9. Il doit envisager une obligation de quarantaine de ceux qui ont \u00e9t\u00e9&nbsp;<strong>en contact \u00e9troit<\/strong>&nbsp;avec la personne malade pendant la phase d\u2019infection. Un contact est consid\u00e9r\u00e9 comme \u00e9troit si une personne a pass\u00e9 \u00e0 proximit\u00e9 de la personne malade (<strong>distance inf\u00e9rieure \u00e0 1,5 m\u00e8tre<\/strong>)&nbsp;<strong>plus de 15&nbsp;minutes<\/strong><strong>et sans protection&nbsp;<\/strong>(masque hygi\u00e9nique ou barri\u00e8re telle que plexiglas).<\/p>\n\n\n\n<p><strong>Une fermeture temporaire de la production est-elle n\u00e9cessaire jusqu\u2019\u00e0 ce que les autres collaborateurs aient un test n\u00e9gatif?<\/strong><br>Les collaborateurs qui n\u2019ont pas \u00e9t\u00e9 en contact \u00e9troit avec la personne malade peuvent continuer \u00e0 faire fonctionner l\u2019entreprise. Le plan de protection doit \u00eatre strictement respect\u00e9. Il n\u2019est pas absolument n\u00e9cessaire de tester syst\u00e9matiquement ces collaborateurs. Un test n\u00e9gatif ne signifie pas n\u00e9cessairement qu\u2019il n\u2019y a pas eu d\u2019infection (p\u00e9riode d\u2019incubation).<\/p>\n\n\n\n<p>Si le travail a \u00e9t\u00e9 effectu\u00e9 par des&nbsp;<strong>\u00e9quipes<\/strong>&nbsp;n\u2019\u00e9tant pas engag\u00e9es simultan\u00e9ment, le risque d\u2019une fermeture compl\u00e8te peut \u00eatre largement r\u00e9duit, voire exclu. Si tel n\u2019a pas \u00e9t\u00e9 le cas, il appartient au m\u00e9decin cantonal d\u2019ordonner l\u2019obligation de quarantaine pour d\u2019autres personnes. &nbsp;<\/p>\n\n\n\n<p><strong>L\u2019obligation g\u00e9n\u00e9rale de porter le masque est-elle judicieuse pour l\u2019entreprise, en vue de minimiser le risque de fermeture de cette derni\u00e8re?&nbsp;<\/strong><br>Les r\u00e8gles de distanciation ne pouvant pas toujours \u00eatre respect\u00e9es dans la plupart des entreprises, l\u2019<strong>obligation g\u00e9n\u00e9rale de porter le masque<\/strong>&nbsp;est la seule alternative &nbsp;pour \u00e9viter de devoir fermer l\u2019entreprise suite \u00e0 un test positif!<\/p>\n\n\n\n<p><strong>Attention!<\/strong>&nbsp;Une entreprise peut \u00eatre ferm\u00e9e par la police du commerce m\u00eame sans test positif si les r\u00e8gles de distanciation ne sont pas respect\u00e9es et si le masque de protection n\u2019est pas port\u00e9!&nbsp;&nbsp;&nbsp;<\/p>\n\n\n\n<p><strong>Si en tant qu\u2019employeur j\u2019ai connaissance du fait qu\u2019un collaborateur test\u00e9 positif a une relation secr\u00e8te avec l\u2019une de mes vendeuses, que dois-je faire? &nbsp;&nbsp;<\/strong><br>Pour ne pas mettre en danger d\u2019autres personnes&nbsp;<strong>(devoir de pr\u00e9voyance envers les travailleurs)<\/strong>, la vendeuse ne peut plus \u00eatre employ\u00e9e et doit passer 10&nbsp;jours en quarantaine.<\/p>\n\n\n\n<p><strong>Important!<\/strong>&nbsp;Si l\u2019employeur&nbsp;<strong>ne veut pas employer<\/strong>&nbsp;un travailleur&nbsp;<strong>de sa propre initiative,&nbsp;<\/strong>l\u2018entreprise est tenue de continuer \u00e0 payer son salaire (ordonner une compensation des heures suppl\u00e9mentaires pouvant \u00eatre une solution \u00e9conomiquement viable). Si&nbsp;<strong>le m\u00e9decin cantonal<\/strong>&nbsp;ordonne la quarantaine, on peut en principe supposer une demeure du travailleur (durant laquelle il n\u2019y a pas d\u2019obligation de payer le salaire). Le travailleur a n\u00e9anmoins droit \u00e0 une indemnisation de la perte de gain par la caisse de compensation comp\u00e9tente. Le droit d\u00e9bute d\u00e8s que la quarantaine est ordonn\u00e9e et dure au maximum 10&nbsp;jours .<\/p>\n\n\n\n<p><strong>Quand une personne malade peut-elle reprendre le travail?&nbsp;&nbsp;<\/strong><br>D\u2019un point de vue m\u00e9dical, on suppose actuellement que la transmission est peu probable 48&nbsp;heures apr\u00e8s les derniers sympt\u00f4mes (attention: des tests peuvent parfois continuer \u00e0 pr\u00e9senter un r\u00e9sultat positif, imputable \u00e0 des virus n\u2019\u00e9tant plus actifs). Cette r\u00e8gle ne s\u2019applique pas aux personnes asymptomatiques test\u00e9es positives. Il est recommand\u00e9 de demander l\u2019avis du m\u00e9decin traitant des collaborateurs concern\u00e9s.<\/p>\n\n\n\n<p><strong>Comme on le sait, les rhumes, toux et autres refroidissements sont plus nombreux en hiver. Une personne se rendant chez le m\u00e9decin avec ce genre de sympt\u00f4mes devrait rapidement se voir recommander un test de d\u00e9pistage du coronavirus, or il faut attendre 24&nbsp;heures avant que les r\u00e9sultats ne soient disponibles.<\/strong><\/p>\n\n\n\n<p><strong>La personne doit-elle d\u00e8s lors rester chez elle ou peut-elle continuer \u00e0 travailler?&nbsp;<\/strong><br>Pour ne pas risquer de nouvelles infections, la personne ne devrait pas \u00eatre employ\u00e9e tant que les r\u00e9sultats du test ne sont pas disponibles. S\u2019il n\u2019y a pas de risque d\u2019infection (ce qui n\u2019est pratiquement le cas qu\u2019en cas de t\u00e9l\u00e9travail), la personne peut continuer \u00e0 travailler.<\/p>\n\n\n\n<p><strong>L\u2019employeur est-il tenu de payer?<\/strong><br>Si la personne est d\u00e9j\u00e0 inapte au travail, l\u2019obligation de continuer \u00e0 payer le salaire s\u2019applique comme pour toute autre maladie. Mais si la personne est apte au travail et d\u00e9sireuse de travailler, elle a droit \u00e0 un salaire pour le temps tombant sur un jour de travail. Le cas \u00e9ch\u00e9ant, des heures suppl\u00e9mentaires peuvent \u00eatre compens\u00e9es, ou des jours de repos pris.<strong><\/strong><\/p>\n\n\n\n<p><strong>Une travailleuse doit s\u2019occuper de son enfant \u00e0 la maison parce que la structure d\u2018accueil a \u00e9t\u00e9 ferm\u00e9e par les autorit\u00e9s en raison d\u2019un cas de coronavirus. L\u2019employeur doit-il payer le salaire pour cette p\u00e9riode?<\/strong><br>Si la garde de l\u2019enfant ne peut pas \u00eatre organis\u00e9e diff\u00e9remment (partenaire, autres parents), l\u2019employeur doit verser le salaire jusqu\u2019\u00e0 concurrence de 3&nbsp;jours.<\/p>\n\n\n\n<p>Si la garde n\u2019est toujours pas garantie ensuite, la travailleuse peut demander une allocation pour perte de gain \u00e0 la caisse de compensation. Les indemnit\u00e9s journali\u00e8res ne sont vers\u00e9es qu\u2019\u00e0 l\u2019expiration du d\u00e9lai d\u2019attente de 3&nbsp;jours (pendant lequel l\u2019employeur doit payer le salaire).<\/p>\n\n\n\n<p><strong>Qui doit demander l\u2019allocation pour perte de gain?<\/strong><br>Il est en principe du ressort des travailleurs de demander l\u2019allocation pour perte de gain \u00e0 la caisse de compensation comp\u00e9tente. Si l\u2019employeur a pay\u00e9 le salaire, il peut demander l\u2019allocation pour perte de gain pour le travailleur concern\u00e9.<\/p>\n","protected":false},"excerpt":{"rendered":"<p>La situation actuelle dans notre branche, dans le monde entier, est difficile en raison du coronavirus. Pour ne rien arranger, une \u00absalade de masques\u00bb se pr\u00e9pare dans toute la Suisse: chaque canton pr\u00e9pare sa propre petite soupe, en y ajoutant des \u00e9pices ici et l\u00e0. Le commerce est confront\u00e9 pratiquement quotidiennement \u00e0 la n\u00e9cessit\u00e9 de se conformer \u00e0 de nouvelles [&hellip;]<\/p>\n","protected":false},"author":1,"featured_media":5696,"comment_status":"open","ping_status":"closed","sticky":false,"template":"","format":"standard","meta":{"_acf_changed":false,"footnotes":""},"categories":[49],"tags":[],"class_list":["post-9428","post","type-post","status-publish","format-standard","has-post-thumbnail","hentry","category-sante-securite"],"acf":[],"yoast_head":"<!-- This site is optimized with the Yoast SEO Premium plugin v26.8 (Yoast SEO v26.8) - https:\/\/yoast.com\/product\/yoast-seo-premium-wordpress\/ -->\n<title>Trop de cuisiniers \u00abg\u00e2tent la sauce\u00bb | SBC<\/title>\n<meta name=\"robots\" content=\"index, follow, max-snippet:-1, max-image-preview:large, max-video-preview:-1\" \/>\n<link rel=\"canonical\" href=\"https:\/\/swissbaker.ch\/fr\/panissimo-news\/trop-de-cuisiniers-gatent-la-sauce\/\" \/>\n<meta property=\"og:locale\" content=\"fr_FR\" \/>\n<meta property=\"og:type\" content=\"article\" \/>\n<meta property=\"og:title\" content=\"Trop de cuisiniers \u00abg\u00e2tent la sauce\u00bb\" \/>\n<meta property=\"og:description\" content=\"La situation actuelle dans notre branche, dans le monde entier, est difficile en raison du coronavirus. Pour ne rien arranger, une \u00absalade de masques\u00bb se pr\u00e9pare dans toute la Suisse: chaque canton pr\u00e9pare sa propre petite soupe, en y ajoutant des \u00e9pices ici et l\u00e0. Le commerce est confront\u00e9 pratiquement quotidiennement \u00e0 la n\u00e9cessit\u00e9 de se conformer \u00e0 de nouvelles [&hellip;]\" \/>\n<meta property=\"og:url\" content=\"https:\/\/swissbaker.ch\/fr\/panissimo-news\/trop-de-cuisiniers-gatent-la-sauce\/\" \/>\n<meta property=\"og:site_name\" content=\"SBC\" \/>\n<meta property=\"article:publisher\" content=\"https:\/\/www.facebook.com\/swissbaker.ch\" \/>\n<meta property=\"article:published_time\" content=\"2020-09-03T12:18:00+00:00\" \/>\n<meta property=\"article:modified_time\" content=\"2022-05-12T08:09:43+00:00\" \/>\n<meta property=\"og:image\" content=\"https:\/\/swissbaker.ch\/wp-content\/uploads\/2022\/03\/17_2_maskenpflicht.jpeg\" \/>\n\t<meta property=\"og:image:width\" content=\"800\" \/>\n\t<meta property=\"og:image:height\" content=\"474\" \/>\n\t<meta property=\"og:image:type\" content=\"image\/jpeg\" \/>\n<meta name=\"author\" content=\"azureart\" \/>\n<meta name=\"twitter:card\" content=\"summary_large_image\" \/>\n<meta name=\"twitter:creator\" content=\"@ch_swissbaker\" \/>\n<meta name=\"twitter:site\" content=\"@ch_swissbaker\" \/>\n<meta name=\"twitter:label1\" content=\"Written by\" \/>\n\t<meta name=\"twitter:data1\" content=\"azureart\" \/>\n\t<meta name=\"twitter:label2\" content=\"Est. reading time\" \/>\n\t<meta name=\"twitter:data2\" content=\"10 minutes\" \/>\n<script type=\"application\/ld+json\" class=\"yoast-schema-graph\">{\"@context\":\"https:\/\/schema.org\",\"@graph\":[{\"@type\":\"Article\",\"@id\":\"https:\/\/swissbaker.ch\/fr\/panissimo-news\/trop-de-cuisiniers-gatent-la-sauce\/#article\",\"isPartOf\":{\"@id\":\"https:\/\/swissbaker.ch\/fr\/panissimo-news\/trop-de-cuisiniers-gatent-la-sauce\/\"},\"author\":{\"name\":\"azureart\",\"@id\":\"https:\/\/swissbaker.ch\/fr\/#\/schema\/person\/058ac47619f7da53df62aba60f939b78\"},\"headline\":\"Trop de cuisiniers \u00abg\u00e2tent la sauce\u00bb\",\"datePublished\":\"2020-09-03T12:18:00+00:00\",\"dateModified\":\"2022-05-12T08:09:43+00:00\",\"mainEntityOfPage\":{\"@id\":\"https:\/\/swissbaker.ch\/fr\/panissimo-news\/trop-de-cuisiniers-gatent-la-sauce\/\"},\"wordCount\":1993,\"commentCount\":0,\"publisher\":{\"@id\":\"https:\/\/swissbaker.ch\/fr\/#organization\"},\"image\":{\"@id\":\"https:\/\/swissbaker.ch\/fr\/panissimo-news\/trop-de-cuisiniers-gatent-la-sauce\/#primaryimage\"},\"thumbnailUrl\":\"https:\/\/swissbaker.ch\/wp-content\/uploads\/2022\/03\/17_2_maskenpflicht.jpeg\",\"articleSection\":[\"Sant\u00e9\/S\u00e9curit\u00e9\"],\"inLanguage\":\"fr-FR\",\"potentialAction\":[{\"@type\":\"CommentAction\",\"name\":\"Comment\",\"target\":[\"https:\/\/swissbaker.ch\/fr\/panissimo-news\/trop-de-cuisiniers-gatent-la-sauce\/#respond\"]}]},{\"@type\":\"WebPage\",\"@id\":\"https:\/\/swissbaker.ch\/fr\/panissimo-news\/trop-de-cuisiniers-gatent-la-sauce\/\",\"url\":\"https:\/\/swissbaker.ch\/fr\/panissimo-news\/trop-de-cuisiniers-gatent-la-sauce\/\",\"name\":\"Trop de cuisiniers \u00abg\u00e2tent la sauce\u00bb | SBC\",\"isPartOf\":{\"@id\":\"https:\/\/swissbaker.ch\/fr\/#website\"},\"primaryImageOfPage\":{\"@id\":\"https:\/\/swissbaker.ch\/fr\/panissimo-news\/trop-de-cuisiniers-gatent-la-sauce\/#primaryimage\"},\"image\":{\"@id\":\"https:\/\/swissbaker.ch\/fr\/panissimo-news\/trop-de-cuisiniers-gatent-la-sauce\/#primaryimage\"},\"thumbnailUrl\":\"https:\/\/swissbaker.ch\/wp-content\/uploads\/2022\/03\/17_2_maskenpflicht.jpeg\",\"datePublished\":\"2020-09-03T12:18:00+00:00\",\"dateModified\":\"2022-05-12T08:09:43+00:00\",\"breadcrumb\":{\"@id\":\"https:\/\/swissbaker.ch\/fr\/panissimo-news\/trop-de-cuisiniers-gatent-la-sauce\/#breadcrumb\"},\"inLanguage\":\"fr-FR\",\"potentialAction\":[{\"@type\":\"ReadAction\",\"target\":[\"https:\/\/swissbaker.ch\/fr\/panissimo-news\/trop-de-cuisiniers-gatent-la-sauce\/\"]}]},{\"@type\":\"ImageObject\",\"inLanguage\":\"fr-FR\",\"@id\":\"https:\/\/swissbaker.ch\/fr\/panissimo-news\/trop-de-cuisiniers-gatent-la-sauce\/#primaryimage\",\"url\":\"https:\/\/swissbaker.ch\/wp-content\/uploads\/2022\/03\/17_2_maskenpflicht.jpeg\",\"contentUrl\":\"https:\/\/swissbaker.ch\/wp-content\/uploads\/2022\/03\/17_2_maskenpflicht.jpeg\",\"width\":800,\"height\":474,\"caption\":\"Trop de cuisiniers \u00abg\u00e2tent la sauce\u00bb\"},{\"@type\":\"BreadcrumbList\",\"@id\":\"https:\/\/swissbaker.ch\/fr\/panissimo-news\/trop-de-cuisiniers-gatent-la-sauce\/#breadcrumb\",\"itemListElement\":[{\"@type\":\"ListItem\",\"position\":1,\"name\":\"\",\"item\":\"https:\/\/swissbaker.ch\/fr\/\"},{\"@type\":\"ListItem\",\"position\":2,\"name\":\"Sant\u00e9\/S\u00e9curit\u00e9\",\"item\":\"https:\/\/swissbaker.ch\/fr\/panissimo-news\/category\/sante-securite\/\"},{\"@type\":\"ListItem\",\"position\":3,\"name\":\"Trop de cuisiniers \u00abg\u00e2tent la sauce\u00bb\"}]},{\"@type\":\"WebSite\",\"@id\":\"https:\/\/swissbaker.ch\/fr\/#website\",\"url\":\"https:\/\/swissbaker.ch\/fr\/\",\"name\":\"SBC\",\"description\":\"\",\"publisher\":{\"@id\":\"https:\/\/swissbaker.ch\/fr\/#organization\"},\"potentialAction\":[{\"@type\":\"SearchAction\",\"target\":{\"@type\":\"EntryPoint\",\"urlTemplate\":\"https:\/\/swissbaker.ch\/fr\/?s={search_term_string}\"},\"query-input\":{\"@type\":\"PropertyValueSpecification\",\"valueRequired\":true,\"valueName\":\"search_term_string\"}}],\"inLanguage\":\"fr-FR\"},{\"@type\":\"Organization\",\"@id\":\"https:\/\/swissbaker.ch\/fr\/#organization\",\"name\":\"Schweizerischer B\u00e4cker-Confiseurmeister-Verband\",\"url\":\"https:\/\/swissbaker.ch\/fr\/\",\"logo\":{\"@type\":\"ImageObject\",\"inLanguage\":\"fr-FR\",\"@id\":\"https:\/\/swissbaker.ch\/fr\/#\/schema\/logo\/image\/\",\"url\":\"https:\/\/swissbaker.ch\/wp-content\/uploads\/2022\/04\/sbc-logo-yoast.jpg\",\"contentUrl\":\"https:\/\/swissbaker.ch\/wp-content\/uploads\/2022\/04\/sbc-logo-yoast.jpg\",\"width\":512,\"height\":512,\"caption\":\"Schweizerischer B\u00e4cker-Confiseurmeister-Verband\"},\"image\":{\"@id\":\"https:\/\/swissbaker.ch\/fr\/#\/schema\/logo\/image\/\"},\"sameAs\":[\"https:\/\/www.facebook.com\/swissbaker.ch\",\"https:\/\/x.com\/ch_swissbaker\"]},{\"@type\":\"Person\",\"@id\":\"https:\/\/swissbaker.ch\/fr\/#\/schema\/person\/058ac47619f7da53df62aba60f939b78\",\"name\":\"azureart\",\"image\":{\"@type\":\"ImageObject\",\"inLanguage\":\"fr-FR\",\"@id\":\"https:\/\/swissbaker.ch\/fr\/#\/schema\/person\/image\/\",\"url\":\"https:\/\/secure.gravatar.com\/avatar\/be04dd3098fd612c83067af4f7a295384c93cb6a9112f51beb9d2f477d25da61?s=96&d=mm&r=g\",\"contentUrl\":\"https:\/\/secure.gravatar.com\/avatar\/be04dd3098fd612c83067af4f7a295384c93cb6a9112f51beb9d2f477d25da61?s=96&d=mm&r=g\",\"caption\":\"azureart\"},\"sameAs\":[\"https:\/\/swissbaker.ch\"],\"url\":\"https:\/\/swissbaker.ch\/fr\/panissimo-news\/author\/pixel-ahoi\/\"}]}<\/script>\n<!-- \/ Yoast SEO Premium plugin. -->","yoast_head_json":{"title":"Trop de cuisiniers \u00abg\u00e2tent la sauce\u00bb | SBC","robots":{"index":"index","follow":"follow","max-snippet":"max-snippet:-1","max-image-preview":"max-image-preview:large","max-video-preview":"max-video-preview:-1"},"canonical":"https:\/\/swissbaker.ch\/fr\/panissimo-news\/trop-de-cuisiniers-gatent-la-sauce\/","og_locale":"fr_FR","og_type":"article","og_title":"Trop de cuisiniers \u00abg\u00e2tent la sauce\u00bb","og_description":"La situation actuelle dans notre branche, dans le monde entier, est difficile en raison du coronavirus. Pour ne rien arranger, une \u00absalade de masques\u00bb se pr\u00e9pare dans toute la Suisse: chaque canton pr\u00e9pare sa propre petite soupe, en y ajoutant des \u00e9pices ici et l\u00e0. Le commerce est confront\u00e9 pratiquement quotidiennement \u00e0 la n\u00e9cessit\u00e9 de se conformer \u00e0 de nouvelles [&hellip;]","og_url":"https:\/\/swissbaker.ch\/fr\/panissimo-news\/trop-de-cuisiniers-gatent-la-sauce\/","og_site_name":"SBC","article_publisher":"https:\/\/www.facebook.com\/swissbaker.ch","article_published_time":"2020-09-03T12:18:00+00:00","article_modified_time":"2022-05-12T08:09:43+00:00","og_image":[{"width":800,"height":474,"url":"https:\/\/swissbaker.ch\/wp-content\/uploads\/2022\/03\/17_2_maskenpflicht.jpeg","type":"image\/jpeg"}],"author":"azureart","twitter_card":"summary_large_image","twitter_creator":"@ch_swissbaker","twitter_site":"@ch_swissbaker","twitter_misc":{"Written by":"azureart","Est. reading time":"10 minutes"},"schema":{"@context":"https:\/\/schema.org","@graph":[{"@type":"Article","@id":"https:\/\/swissbaker.ch\/fr\/panissimo-news\/trop-de-cuisiniers-gatent-la-sauce\/#article","isPartOf":{"@id":"https:\/\/swissbaker.ch\/fr\/panissimo-news\/trop-de-cuisiniers-gatent-la-sauce\/"},"author":{"name":"azureart","@id":"https:\/\/swissbaker.ch\/fr\/#\/schema\/person\/058ac47619f7da53df62aba60f939b78"},"headline":"Trop de cuisiniers \u00abg\u00e2tent la sauce\u00bb","datePublished":"2020-09-03T12:18:00+00:00","dateModified":"2022-05-12T08:09:43+00:00","mainEntityOfPage":{"@id":"https:\/\/swissbaker.ch\/fr\/panissimo-news\/trop-de-cuisiniers-gatent-la-sauce\/"},"wordCount":1993,"commentCount":0,"publisher":{"@id":"https:\/\/swissbaker.ch\/fr\/#organization"},"image":{"@id":"https:\/\/swissbaker.ch\/fr\/panissimo-news\/trop-de-cuisiniers-gatent-la-sauce\/#primaryimage"},"thumbnailUrl":"https:\/\/swissbaker.ch\/wp-content\/uploads\/2022\/03\/17_2_maskenpflicht.jpeg","articleSection":["Sant\u00e9\/S\u00e9curit\u00e9"],"inLanguage":"fr-FR","potentialAction":[{"@type":"CommentAction","name":"Comment","target":["https:\/\/swissbaker.ch\/fr\/panissimo-news\/trop-de-cuisiniers-gatent-la-sauce\/#respond"]}]},{"@type":"WebPage","@id":"https:\/\/swissbaker.ch\/fr\/panissimo-news\/trop-de-cuisiniers-gatent-la-sauce\/","url":"https:\/\/swissbaker.ch\/fr\/panissimo-news\/trop-de-cuisiniers-gatent-la-sauce\/","name":"Trop de cuisiniers \u00abg\u00e2tent la sauce\u00bb | SBC","isPartOf":{"@id":"https:\/\/swissbaker.ch\/fr\/#website"},"primaryImageOfPage":{"@id":"https:\/\/swissbaker.ch\/fr\/panissimo-news\/trop-de-cuisiniers-gatent-la-sauce\/#primaryimage"},"image":{"@id":"https:\/\/swissbaker.ch\/fr\/panissimo-news\/trop-de-cuisiniers-gatent-la-sauce\/#primaryimage"},"thumbnailUrl":"https:\/\/swissbaker.ch\/wp-content\/uploads\/2022\/03\/17_2_maskenpflicht.jpeg","datePublished":"2020-09-03T12:18:00+00:00","dateModified":"2022-05-12T08:09:43+00:00","breadcrumb":{"@id":"https:\/\/swissbaker.ch\/fr\/panissimo-news\/trop-de-cuisiniers-gatent-la-sauce\/#breadcrumb"},"inLanguage":"fr-FR","potentialAction":[{"@type":"ReadAction","target":["https:\/\/swissbaker.ch\/fr\/panissimo-news\/trop-de-cuisiniers-gatent-la-sauce\/"]}]},{"@type":"ImageObject","inLanguage":"fr-FR","@id":"https:\/\/swissbaker.ch\/fr\/panissimo-news\/trop-de-cuisiniers-gatent-la-sauce\/#primaryimage","url":"https:\/\/swissbaker.ch\/wp-content\/uploads\/2022\/03\/17_2_maskenpflicht.jpeg","contentUrl":"https:\/\/swissbaker.ch\/wp-content\/uploads\/2022\/03\/17_2_maskenpflicht.jpeg","width":800,"height":474,"caption":"Trop de cuisiniers \u00abg\u00e2tent la sauce\u00bb"},{"@type":"BreadcrumbList","@id":"https:\/\/swissbaker.ch\/fr\/panissimo-news\/trop-de-cuisiniers-gatent-la-sauce\/#breadcrumb","itemListElement":[{"@type":"ListItem","position":1,"name":"","item":"https:\/\/swissbaker.ch\/fr\/"},{"@type":"ListItem","position":2,"name":"Sant\u00e9\/S\u00e9curit\u00e9","item":"https:\/\/swissbaker.ch\/fr\/panissimo-news\/category\/sante-securite\/"},{"@type":"ListItem","position":3,"name":"Trop de cuisiniers \u00abg\u00e2tent la sauce\u00bb"}]},{"@type":"WebSite","@id":"https:\/\/swissbaker.ch\/fr\/#website","url":"https:\/\/swissbaker.ch\/fr\/","name":"SBC","description":"","publisher":{"@id":"https:\/\/swissbaker.ch\/fr\/#organization"},"potentialAction":[{"@type":"SearchAction","target":{"@type":"EntryPoint","urlTemplate":"https:\/\/swissbaker.ch\/fr\/?s={search_term_string}"},"query-input":{"@type":"PropertyValueSpecification","valueRequired":true,"valueName":"search_term_string"}}],"inLanguage":"fr-FR"},{"@type":"Organization","@id":"https:\/\/swissbaker.ch\/fr\/#organization","name":"Schweizerischer B\u00e4cker-Confiseurmeister-Verband","url":"https:\/\/swissbaker.ch\/fr\/","logo":{"@type":"ImageObject","inLanguage":"fr-FR","@id":"https:\/\/swissbaker.ch\/fr\/#\/schema\/logo\/image\/","url":"https:\/\/swissbaker.ch\/wp-content\/uploads\/2022\/04\/sbc-logo-yoast.jpg","contentUrl":"https:\/\/swissbaker.ch\/wp-content\/uploads\/2022\/04\/sbc-logo-yoast.jpg","width":512,"height":512,"caption":"Schweizerischer B\u00e4cker-Confiseurmeister-Verband"},"image":{"@id":"https:\/\/swissbaker.ch\/fr\/#\/schema\/logo\/image\/"},"sameAs":["https:\/\/www.facebook.com\/swissbaker.ch","https:\/\/x.com\/ch_swissbaker"]},{"@type":"Person","@id":"https:\/\/swissbaker.ch\/fr\/#\/schema\/person\/058ac47619f7da53df62aba60f939b78","name":"azureart","image":{"@type":"ImageObject","inLanguage":"fr-FR","@id":"https:\/\/swissbaker.ch\/fr\/#\/schema\/person\/image\/","url":"https:\/\/secure.gravatar.com\/avatar\/be04dd3098fd612c83067af4f7a295384c93cb6a9112f51beb9d2f477d25da61?s=96&d=mm&r=g","contentUrl":"https:\/\/secure.gravatar.com\/avatar\/be04dd3098fd612c83067af4f7a295384c93cb6a9112f51beb9d2f477d25da61?s=96&d=mm&r=g","caption":"azureart"},"sameAs":["https:\/\/swissbaker.ch"],"url":"https:\/\/swissbaker.ch\/fr\/panissimo-news\/author\/pixel-ahoi\/"}]}},"_links":{"self":[{"href":"https:\/\/swissbaker.ch\/fr\/wp-json\/wp\/v2\/posts\/9428","targetHints":{"allow":["GET"]}}],"collection":[{"href":"https:\/\/swissbaker.ch\/fr\/wp-json\/wp\/v2\/posts"}],"about":[{"href":"https:\/\/swissbaker.ch\/fr\/wp-json\/wp\/v2\/types\/post"}],"author":[{"embeddable":true,"href":"https:\/\/swissbaker.ch\/fr\/wp-json\/wp\/v2\/users\/1"}],"replies":[{"embeddable":true,"href":"https:\/\/swissbaker.ch\/fr\/wp-json\/wp\/v2\/comments?post=9428"}],"version-history":[{"count":0,"href":"https:\/\/swissbaker.ch\/fr\/wp-json\/wp\/v2\/posts\/9428\/revisions"}],"wp:featuredmedia":[{"embeddable":true,"href":"https:\/\/swissbaker.ch\/fr\/wp-json\/wp\/v2\/media\/5696"}],"wp:attachment":[{"href":"https:\/\/swissbaker.ch\/fr\/wp-json\/wp\/v2\/media?parent=9428"}],"wp:term":[{"taxonomy":"category","embeddable":true,"href":"https:\/\/swissbaker.ch\/fr\/wp-json\/wp\/v2\/categories?post=9428"},{"taxonomy":"post_tag","embeddable":true,"href":"https:\/\/swissbaker.ch\/fr\/wp-json\/wp\/v2\/tags?post=9428"}],"curies":[{"name":"wp","href":"https:\/\/api.w.org\/{rel}","templated":true}]}}