{"id":9422,"date":"2018-03-07T17:10:00","date_gmt":"2018-03-07T16:10:00","guid":{"rendered":"https:\/\/swissbaker.ch\/?p=9422"},"modified":"2022-05-12T10:12:55","modified_gmt":"2022-05-12T08:12:55","slug":"un-calendrier-qui-prend-en-compte-toutes-les-parties-prenantes","status":"publish","type":"post","link":"https:\/\/swissbaker.ch\/fr\/panissimo-news\/un-calendrier-qui-prend-en-compte-toutes-les-parties-prenantes\/","title":{"rendered":"Un calendrier qui prend en compte toutes les parties prenantes"},"content":{"rendered":"\n<p><strong>Suite \u00e0 la pr\u00e9sentation du projet \u00ab\u2009reload\u2009\u00bb, le pr\u00e9sident Silvan Hotz ou des repr\u00e9sentants du groupe de projet pr\u00e9senteront le projet et r\u00e9pondront aux questions sur le sujet lors des assembl\u00e9es g\u00e9n\u00e9rales cantonales \u00e0 venir.<\/strong><\/p>\n\n\n\n<p>Des informations d\u00e9taill\u00e9es sur le sujet seront fournies lors du congr\u00e8s pr\u00e9vu en juin prochain \u00e0 Berne. Ces derni\u00e8res auront trait \u00e0 ce qui suit\u2009:<\/p>\n\n\n\n<p>\u2013 objectifs, avancement des travaux et d\u00e9lais\u2009;<\/p>\n\n\n\n<p>\u2013 exercice financier BCS, Ecole professionnelle Richemont et SA de prestations Richemont (y compris un aper\u00e7u consolid\u00e9 des comptes)\u2009;<\/p>\n\n\n\n<p>\u2013 mesures imm\u00e9diates dans le domaine \u00ab\u2009organisation\u2009\u00bb.<\/p>\n\n\n\n<p>Les d\u00e9l\u00e9gu\u00e9s du congr\u00e8s auront par ailleurs la possibilit\u00e9 de poser des questions.<\/p>\n\n\n\n<p>Le projet \u00ab\u2009reload\u2009\u00bb de la BCS et de l\u2019Ecole professionnelle Richemont est pr\u00e9vu sur deux ans.<\/p>\n\n\n\n<h2 class=\"wp-block-heading\" id=\"h-demarrage-debut-2017\">D\u00e9marrage d\u00e9but 2017<\/h2>\n\n\n\n<p>Le projet \u00ab\u2009reload\u2009\u00bb a \u00e9t\u00e9 lanc\u00e9 d\u00e9but 2017 avec Manuel Ruchti, coordinateur externe au secteur (voir encadr\u00e9). Diff\u00e9rentes interviews de professionnels du secteur ont eu lieu au milieu de l\u2019ann\u00e9e en vue d\u2019une analyse de la situation. Des ateliers ont \u00e9t\u00e9 r\u00e9alis\u00e9s dans les diff\u00e9rents groupes de projet au cours du second semestre 2017.<\/p>\n\n\n\n<p>La phase 1 du projet pr\u00e9voyant l\u2019\u00e9laboration des \u00ab\u2009bases\u2009\u00bb et d\u2019un \u00ab\u2009concept\u2009\u00bb interviendra d\u2019ici au milieu de l\u2019ann\u00e9e. La phase 2 comprenant l\u2019\u00e9purement du concept et la planification de la mise en \u0153uvre est pr\u00e9vue d\u00e8s le deuxi\u00e8me trimestre.<\/p>\n\n\n\n<p>Les mod\u00e8les de d\u00e9cision pour les mesures juridiques et organisationnelles seront pr\u00e9sent\u00e9s lors du congr\u00e8s 2019. La mise en \u0153uvre de ces mesures interviendra ensuite.<\/p>\n\n\n\n<p>\u00ab\u2009Un travail de projet relativement d\u00e9taill\u00e9\u2009\u00bb, a comment\u00e9 Manuel Ruchti lors de sa pr\u00e9sentation devant le CC. \u00ab\u2009C\u2019est important, sachant que de nombreux diff\u00e9rents groupes d\u2019int\u00e9r\u00eat doivent \u00eatre inform\u00e9s et pris en consid\u00e9ration.\u2009\u00bb C\u2019est pourquoi on a \u00e9galement \u00e9labor\u00e9 un vaste plan de communication.<\/p>\n","protected":false},"excerpt":{"rendered":"<p>Suite \u00e0 la pr\u00e9sentation du projet \u00ab\u2009reload\u2009\u00bb, le pr\u00e9sident Silvan Hotz ou des repr\u00e9sentants du groupe de projet pr\u00e9senteront le projet et r\u00e9pondront aux questions sur le sujet lors des assembl\u00e9es g\u00e9n\u00e9rales cantonales \u00e0 venir. Des informations d\u00e9taill\u00e9es sur le sujet seront fournies lors du congr\u00e8s pr\u00e9vu en juin prochain \u00e0 Berne. Ces derni\u00e8res auront trait \u00e0 ce qui suit\u2009: [&hellip;]<\/p>\n","protected":false},"author":1,"featured_media":6671,"comment_status":"open","ping_status":"closed","sticky":false,"template":"","format":"standard","meta":{"_acf_changed":false,"footnotes":""},"categories":[41],"tags":[],"class_list":["post-9422","post","type-post","status-publish","format-standard","has-post-thumbnail","hentry","category-association"],"acf":[],"yoast_head":"<!-- This site is optimized with the Yoast SEO Premium plugin v26.8 (Yoast SEO v26.8) - https:\/\/yoast.com\/product\/yoast-seo-premium-wordpress\/ -->\n<title>Un calendrier qui prend en compte toutes les parties prenantes | SBC<\/title>\n<meta name=\"robots\" content=\"index, follow, max-snippet:-1, max-image-preview:large, max-video-preview:-1\" \/>\n<link rel=\"canonical\" href=\"https:\/\/swissbaker.ch\/fr\/panissimo-news\/un-calendrier-qui-prend-en-compte-toutes-les-parties-prenantes\/\" \/>\n<meta property=\"og:locale\" content=\"fr_FR\" \/>\n<meta property=\"og:type\" content=\"article\" \/>\n<meta property=\"og:title\" content=\"Un calendrier qui prend en compte toutes les parties prenantes\" \/>\n<meta property=\"og:description\" content=\"Suite \u00e0 la pr\u00e9sentation du projet \u00ab\u2009reload\u2009\u00bb, le pr\u00e9sident Silvan Hotz ou des repr\u00e9sentants du groupe de projet pr\u00e9senteront le projet et r\u00e9pondront aux questions sur le sujet lors des assembl\u00e9es g\u00e9n\u00e9rales cantonales \u00e0 venir. Des informations d\u00e9taill\u00e9es sur le sujet seront fournies lors du congr\u00e8s pr\u00e9vu en juin prochain \u00e0 Berne. Ces derni\u00e8res auront trait \u00e0 ce qui suit\u2009: [&hellip;]\" \/>\n<meta property=\"og:url\" content=\"https:\/\/swissbaker.ch\/fr\/panissimo-news\/un-calendrier-qui-prend-en-compte-toutes-les-parties-prenantes\/\" \/>\n<meta property=\"og:site_name\" content=\"SBC\" \/>\n<meta property=\"article:publisher\" content=\"https:\/\/www.facebook.com\/swissbaker.ch\" \/>\n<meta property=\"article:published_time\" content=\"2018-03-07T16:10:00+00:00\" \/>\n<meta property=\"article:modified_time\" content=\"2022-05-12T08:12:55+00:00\" \/>\n<meta property=\"og:image\" content=\"https:\/\/swissbaker.ch\/wp-content\/uploads\/2022\/04\/kalender_ver3.jpg\" \/>\n\t<meta property=\"og:image:width\" content=\"600\" \/>\n\t<meta property=\"og:image:height\" content=\"600\" \/>\n\t<meta property=\"og:image:type\" content=\"image\/jpeg\" \/>\n<meta name=\"author\" content=\"azureart\" \/>\n<meta name=\"twitter:card\" content=\"summary_large_image\" \/>\n<meta name=\"twitter:creator\" content=\"@ch_swissbaker\" \/>\n<meta name=\"twitter:site\" content=\"@ch_swissbaker\" \/>\n<meta name=\"twitter:label1\" content=\"Written by\" \/>\n\t<meta name=\"twitter:data1\" content=\"azureart\" \/>\n\t<meta name=\"twitter:label2\" content=\"Est. reading time\" \/>\n\t<meta name=\"twitter:data2\" content=\"2 minutes\" \/>\n<script type=\"application\/ld+json\" class=\"yoast-schema-graph\">{\"@context\":\"https:\/\/schema.org\",\"@graph\":[{\"@type\":\"Article\",\"@id\":\"https:\/\/swissbaker.ch\/fr\/panissimo-news\/un-calendrier-qui-prend-en-compte-toutes-les-parties-prenantes\/#article\",\"isPartOf\":{\"@id\":\"https:\/\/swissbaker.ch\/fr\/panissimo-news\/un-calendrier-qui-prend-en-compte-toutes-les-parties-prenantes\/\"},\"author\":{\"name\":\"azureart\",\"@id\":\"https:\/\/swissbaker.ch\/fr\/#\/schema\/person\/058ac47619f7da53df62aba60f939b78\"},\"headline\":\"Un calendrier qui prend en compte toutes les parties prenantes\",\"datePublished\":\"2018-03-07T16:10:00+00:00\",\"dateModified\":\"2022-05-12T08:12:55+00:00\",\"mainEntityOfPage\":{\"@id\":\"https:\/\/swissbaker.ch\/fr\/panissimo-news\/un-calendrier-qui-prend-en-compte-toutes-les-parties-prenantes\/\"},\"wordCount\":341,\"commentCount\":0,\"publisher\":{\"@id\":\"https:\/\/swissbaker.ch\/fr\/#organization\"},\"image\":{\"@id\":\"https:\/\/swissbaker.ch\/fr\/panissimo-news\/un-calendrier-qui-prend-en-compte-toutes-les-parties-prenantes\/#primaryimage\"},\"thumbnailUrl\":\"https:\/\/swissbaker.ch\/wp-content\/uploads\/2022\/04\/kalender_ver3.jpg\",\"articleSection\":[\"Association\"],\"inLanguage\":\"fr-FR\",\"potentialAction\":[{\"@type\":\"CommentAction\",\"name\":\"Comment\",\"target\":[\"https:\/\/swissbaker.ch\/fr\/panissimo-news\/un-calendrier-qui-prend-en-compte-toutes-les-parties-prenantes\/#respond\"]}]},{\"@type\":\"WebPage\",\"@id\":\"https:\/\/swissbaker.ch\/fr\/panissimo-news\/un-calendrier-qui-prend-en-compte-toutes-les-parties-prenantes\/\",\"url\":\"https:\/\/swissbaker.ch\/fr\/panissimo-news\/un-calendrier-qui-prend-en-compte-toutes-les-parties-prenantes\/\",\"name\":\"Un calendrier qui prend en compte toutes les parties prenantes | SBC\",\"isPartOf\":{\"@id\":\"https:\/\/swissbaker.ch\/fr\/#website\"},\"primaryImageOfPage\":{\"@id\":\"https:\/\/swissbaker.ch\/fr\/panissimo-news\/un-calendrier-qui-prend-en-compte-toutes-les-parties-prenantes\/#primaryimage\"},\"image\":{\"@id\":\"https:\/\/swissbaker.ch\/fr\/panissimo-news\/un-calendrier-qui-prend-en-compte-toutes-les-parties-prenantes\/#primaryimage\"},\"thumbnailUrl\":\"https:\/\/swissbaker.ch\/wp-content\/uploads\/2022\/04\/kalender_ver3.jpg\",\"datePublished\":\"2018-03-07T16:10:00+00:00\",\"dateModified\":\"2022-05-12T08:12:55+00:00\",\"breadcrumb\":{\"@id\":\"https:\/\/swissbaker.ch\/fr\/panissimo-news\/un-calendrier-qui-prend-en-compte-toutes-les-parties-prenantes\/#breadcrumb\"},\"inLanguage\":\"fr-FR\",\"potentialAction\":[{\"@type\":\"ReadAction\",\"target\":[\"https:\/\/swissbaker.ch\/fr\/panissimo-news\/un-calendrier-qui-prend-en-compte-toutes-les-parties-prenantes\/\"]}]},{\"@type\":\"ImageObject\",\"inLanguage\":\"fr-FR\",\"@id\":\"https:\/\/swissbaker.ch\/fr\/panissimo-news\/un-calendrier-qui-prend-en-compte-toutes-les-parties-prenantes\/#primaryimage\",\"url\":\"https:\/\/swissbaker.ch\/wp-content\/uploads\/2022\/04\/kalender_ver3.jpg\",\"contentUrl\":\"https:\/\/swissbaker.ch\/wp-content\/uploads\/2022\/04\/kalender_ver3.jpg\",\"width\":600,\"height\":600,\"caption\":\"Un calendrier qui prend en compte toutes les parties prenantes\"},{\"@type\":\"BreadcrumbList\",\"@id\":\"https:\/\/swissbaker.ch\/fr\/panissimo-news\/un-calendrier-qui-prend-en-compte-toutes-les-parties-prenantes\/#breadcrumb\",\"itemListElement\":[{\"@type\":\"ListItem\",\"position\":1,\"name\":\"\",\"item\":\"https:\/\/swissbaker.ch\/fr\/\"},{\"@type\":\"ListItem\",\"position\":2,\"name\":\"Association\",\"item\":\"https:\/\/swissbaker.ch\/fr\/panissimo-news\/category\/association\/\"},{\"@type\":\"ListItem\",\"position\":3,\"name\":\"Un calendrier qui prend en compte toutes les parties prenantes\"}]},{\"@type\":\"WebSite\",\"@id\":\"https:\/\/swissbaker.ch\/fr\/#website\",\"url\":\"https:\/\/swissbaker.ch\/fr\/\",\"name\":\"SBC\",\"description\":\"\",\"publisher\":{\"@id\":\"https:\/\/swissbaker.ch\/fr\/#organization\"},\"potentialAction\":[{\"@type\":\"SearchAction\",\"target\":{\"@type\":\"EntryPoint\",\"urlTemplate\":\"https:\/\/swissbaker.ch\/fr\/?s={search_term_string}\"},\"query-input\":{\"@type\":\"PropertyValueSpecification\",\"valueRequired\":true,\"valueName\":\"search_term_string\"}}],\"inLanguage\":\"fr-FR\"},{\"@type\":\"Organization\",\"@id\":\"https:\/\/swissbaker.ch\/fr\/#organization\",\"name\":\"Schweizerischer B\u00e4cker-Confiseurmeister-Verband\",\"url\":\"https:\/\/swissbaker.ch\/fr\/\",\"logo\":{\"@type\":\"ImageObject\",\"inLanguage\":\"fr-FR\",\"@id\":\"https:\/\/swissbaker.ch\/fr\/#\/schema\/logo\/image\/\",\"url\":\"https:\/\/swissbaker.ch\/wp-content\/uploads\/2022\/04\/sbc-logo-yoast.jpg\",\"contentUrl\":\"https:\/\/swissbaker.ch\/wp-content\/uploads\/2022\/04\/sbc-logo-yoast.jpg\",\"width\":512,\"height\":512,\"caption\":\"Schweizerischer B\u00e4cker-Confiseurmeister-Verband\"},\"image\":{\"@id\":\"https:\/\/swissbaker.ch\/fr\/#\/schema\/logo\/image\/\"},\"sameAs\":[\"https:\/\/www.facebook.com\/swissbaker.ch\",\"https:\/\/x.com\/ch_swissbaker\"]},{\"@type\":\"Person\",\"@id\":\"https:\/\/swissbaker.ch\/fr\/#\/schema\/person\/058ac47619f7da53df62aba60f939b78\",\"name\":\"azureart\",\"image\":{\"@type\":\"ImageObject\",\"inLanguage\":\"fr-FR\",\"@id\":\"https:\/\/swissbaker.ch\/fr\/#\/schema\/person\/image\/\",\"url\":\"https:\/\/secure.gravatar.com\/avatar\/be04dd3098fd612c83067af4f7a295384c93cb6a9112f51beb9d2f477d25da61?s=96&d=mm&r=g\",\"contentUrl\":\"https:\/\/secure.gravatar.com\/avatar\/be04dd3098fd612c83067af4f7a295384c93cb6a9112f51beb9d2f477d25da61?s=96&d=mm&r=g\",\"caption\":\"azureart\"},\"sameAs\":[\"https:\/\/swissbaker.ch\"],\"url\":\"https:\/\/swissbaker.ch\/fr\/panissimo-news\/author\/pixel-ahoi\/\"}]}<\/script>\n<!-- \/ Yoast SEO Premium plugin. -->","yoast_head_json":{"title":"Un calendrier qui prend en compte toutes les parties prenantes | SBC","robots":{"index":"index","follow":"follow","max-snippet":"max-snippet:-1","max-image-preview":"max-image-preview:large","max-video-preview":"max-video-preview:-1"},"canonical":"https:\/\/swissbaker.ch\/fr\/panissimo-news\/un-calendrier-qui-prend-en-compte-toutes-les-parties-prenantes\/","og_locale":"fr_FR","og_type":"article","og_title":"Un calendrier qui prend en compte toutes les parties prenantes","og_description":"Suite \u00e0 la pr\u00e9sentation du projet \u00ab\u2009reload\u2009\u00bb, le pr\u00e9sident Silvan Hotz ou des repr\u00e9sentants du groupe de projet pr\u00e9senteront le projet et r\u00e9pondront aux questions sur le sujet lors des assembl\u00e9es g\u00e9n\u00e9rales cantonales \u00e0 venir. Des informations d\u00e9taill\u00e9es sur le sujet seront fournies lors du congr\u00e8s pr\u00e9vu en juin prochain \u00e0 Berne. Ces derni\u00e8res auront trait \u00e0 ce qui suit\u2009: [&hellip;]","og_url":"https:\/\/swissbaker.ch\/fr\/panissimo-news\/un-calendrier-qui-prend-en-compte-toutes-les-parties-prenantes\/","og_site_name":"SBC","article_publisher":"https:\/\/www.facebook.com\/swissbaker.ch","article_published_time":"2018-03-07T16:10:00+00:00","article_modified_time":"2022-05-12T08:12:55+00:00","og_image":[{"width":600,"height":600,"url":"https:\/\/swissbaker.ch\/wp-content\/uploads\/2022\/04\/kalender_ver3.jpg","type":"image\/jpeg"}],"author":"azureart","twitter_card":"summary_large_image","twitter_creator":"@ch_swissbaker","twitter_site":"@ch_swissbaker","twitter_misc":{"Written by":"azureart","Est. reading time":"2 minutes"},"schema":{"@context":"https:\/\/schema.org","@graph":[{"@type":"Article","@id":"https:\/\/swissbaker.ch\/fr\/panissimo-news\/un-calendrier-qui-prend-en-compte-toutes-les-parties-prenantes\/#article","isPartOf":{"@id":"https:\/\/swissbaker.ch\/fr\/panissimo-news\/un-calendrier-qui-prend-en-compte-toutes-les-parties-prenantes\/"},"author":{"name":"azureart","@id":"https:\/\/swissbaker.ch\/fr\/#\/schema\/person\/058ac47619f7da53df62aba60f939b78"},"headline":"Un calendrier qui prend en compte toutes les parties prenantes","datePublished":"2018-03-07T16:10:00+00:00","dateModified":"2022-05-12T08:12:55+00:00","mainEntityOfPage":{"@id":"https:\/\/swissbaker.ch\/fr\/panissimo-news\/un-calendrier-qui-prend-en-compte-toutes-les-parties-prenantes\/"},"wordCount":341,"commentCount":0,"publisher":{"@id":"https:\/\/swissbaker.ch\/fr\/#organization"},"image":{"@id":"https:\/\/swissbaker.ch\/fr\/panissimo-news\/un-calendrier-qui-prend-en-compte-toutes-les-parties-prenantes\/#primaryimage"},"thumbnailUrl":"https:\/\/swissbaker.ch\/wp-content\/uploads\/2022\/04\/kalender_ver3.jpg","articleSection":["Association"],"inLanguage":"fr-FR","potentialAction":[{"@type":"CommentAction","name":"Comment","target":["https:\/\/swissbaker.ch\/fr\/panissimo-news\/un-calendrier-qui-prend-en-compte-toutes-les-parties-prenantes\/#respond"]}]},{"@type":"WebPage","@id":"https:\/\/swissbaker.ch\/fr\/panissimo-news\/un-calendrier-qui-prend-en-compte-toutes-les-parties-prenantes\/","url":"https:\/\/swissbaker.ch\/fr\/panissimo-news\/un-calendrier-qui-prend-en-compte-toutes-les-parties-prenantes\/","name":"Un calendrier qui prend en compte toutes les parties prenantes | SBC","isPartOf":{"@id":"https:\/\/swissbaker.ch\/fr\/#website"},"primaryImageOfPage":{"@id":"https:\/\/swissbaker.ch\/fr\/panissimo-news\/un-calendrier-qui-prend-en-compte-toutes-les-parties-prenantes\/#primaryimage"},"image":{"@id":"https:\/\/swissbaker.ch\/fr\/panissimo-news\/un-calendrier-qui-prend-en-compte-toutes-les-parties-prenantes\/#primaryimage"},"thumbnailUrl":"https:\/\/swissbaker.ch\/wp-content\/uploads\/2022\/04\/kalender_ver3.jpg","datePublished":"2018-03-07T16:10:00+00:00","dateModified":"2022-05-12T08:12:55+00:00","breadcrumb":{"@id":"https:\/\/swissbaker.ch\/fr\/panissimo-news\/un-calendrier-qui-prend-en-compte-toutes-les-parties-prenantes\/#breadcrumb"},"inLanguage":"fr-FR","potentialAction":[{"@type":"ReadAction","target":["https:\/\/swissbaker.ch\/fr\/panissimo-news\/un-calendrier-qui-prend-en-compte-toutes-les-parties-prenantes\/"]}]},{"@type":"ImageObject","inLanguage":"fr-FR","@id":"https:\/\/swissbaker.ch\/fr\/panissimo-news\/un-calendrier-qui-prend-en-compte-toutes-les-parties-prenantes\/#primaryimage","url":"https:\/\/swissbaker.ch\/wp-content\/uploads\/2022\/04\/kalender_ver3.jpg","contentUrl":"https:\/\/swissbaker.ch\/wp-content\/uploads\/2022\/04\/kalender_ver3.jpg","width":600,"height":600,"caption":"Un calendrier qui prend en compte toutes les parties prenantes"},{"@type":"BreadcrumbList","@id":"https:\/\/swissbaker.ch\/fr\/panissimo-news\/un-calendrier-qui-prend-en-compte-toutes-les-parties-prenantes\/#breadcrumb","itemListElement":[{"@type":"ListItem","position":1,"name":"","item":"https:\/\/swissbaker.ch\/fr\/"},{"@type":"ListItem","position":2,"name":"Association","item":"https:\/\/swissbaker.ch\/fr\/panissimo-news\/category\/association\/"},{"@type":"ListItem","position":3,"name":"Un calendrier qui prend en compte toutes les parties prenantes"}]},{"@type":"WebSite","@id":"https:\/\/swissbaker.ch\/fr\/#website","url":"https:\/\/swissbaker.ch\/fr\/","name":"SBC","description":"","publisher":{"@id":"https:\/\/swissbaker.ch\/fr\/#organization"},"potentialAction":[{"@type":"SearchAction","target":{"@type":"EntryPoint","urlTemplate":"https:\/\/swissbaker.ch\/fr\/?s={search_term_string}"},"query-input":{"@type":"PropertyValueSpecification","valueRequired":true,"valueName":"search_term_string"}}],"inLanguage":"fr-FR"},{"@type":"Organization","@id":"https:\/\/swissbaker.ch\/fr\/#organization","name":"Schweizerischer B\u00e4cker-Confiseurmeister-Verband","url":"https:\/\/swissbaker.ch\/fr\/","logo":{"@type":"ImageObject","inLanguage":"fr-FR","@id":"https:\/\/swissbaker.ch\/fr\/#\/schema\/logo\/image\/","url":"https:\/\/swissbaker.ch\/wp-content\/uploads\/2022\/04\/sbc-logo-yoast.jpg","contentUrl":"https:\/\/swissbaker.ch\/wp-content\/uploads\/2022\/04\/sbc-logo-yoast.jpg","width":512,"height":512,"caption":"Schweizerischer B\u00e4cker-Confiseurmeister-Verband"},"image":{"@id":"https:\/\/swissbaker.ch\/fr\/#\/schema\/logo\/image\/"},"sameAs":["https:\/\/www.facebook.com\/swissbaker.ch","https:\/\/x.com\/ch_swissbaker"]},{"@type":"Person","@id":"https:\/\/swissbaker.ch\/fr\/#\/schema\/person\/058ac47619f7da53df62aba60f939b78","name":"azureart","image":{"@type":"ImageObject","inLanguage":"fr-FR","@id":"https:\/\/swissbaker.ch\/fr\/#\/schema\/person\/image\/","url":"https:\/\/secure.gravatar.com\/avatar\/be04dd3098fd612c83067af4f7a295384c93cb6a9112f51beb9d2f477d25da61?s=96&d=mm&r=g","contentUrl":"https:\/\/secure.gravatar.com\/avatar\/be04dd3098fd612c83067af4f7a295384c93cb6a9112f51beb9d2f477d25da61?s=96&d=mm&r=g","caption":"azureart"},"sameAs":["https:\/\/swissbaker.ch"],"url":"https:\/\/swissbaker.ch\/fr\/panissimo-news\/author\/pixel-ahoi\/"}]}},"_links":{"self":[{"href":"https:\/\/swissbaker.ch\/fr\/wp-json\/wp\/v2\/posts\/9422","targetHints":{"allow":["GET"]}}],"collection":[{"href":"https:\/\/swissbaker.ch\/fr\/wp-json\/wp\/v2\/posts"}],"about":[{"href":"https:\/\/swissbaker.ch\/fr\/wp-json\/wp\/v2\/types\/post"}],"author":[{"embeddable":true,"href":"https:\/\/swissbaker.ch\/fr\/wp-json\/wp\/v2\/users\/1"}],"replies":[{"embeddable":true,"href":"https:\/\/swissbaker.ch\/fr\/wp-json\/wp\/v2\/comments?post=9422"}],"version-history":[{"count":0,"href":"https:\/\/swissbaker.ch\/fr\/wp-json\/wp\/v2\/posts\/9422\/revisions"}],"wp:featuredmedia":[{"embeddable":true,"href":"https:\/\/swissbaker.ch\/fr\/wp-json\/wp\/v2\/media\/6671"}],"wp:attachment":[{"href":"https:\/\/swissbaker.ch\/fr\/wp-json\/wp\/v2\/media?parent=9422"}],"wp:term":[{"taxonomy":"category","embeddable":true,"href":"https:\/\/swissbaker.ch\/fr\/wp-json\/wp\/v2\/categories?post=9422"},{"taxonomy":"post_tag","embeddable":true,"href":"https:\/\/swissbaker.ch\/fr\/wp-json\/wp\/v2\/tags?post=9422"}],"curies":[{"name":"wp","href":"https:\/\/api.w.org\/{rel}","templated":true}]}}