{"id":9400,"date":"2020-09-16T13:36:00","date_gmt":"2020-09-16T11:36:00","guid":{"rendered":"https:\/\/swissbaker.ch\/?p=9400"},"modified":"2022-05-12T09:39:53","modified_gmt":"2022-05-12T07:39:53","slug":"proposition-pour-un-assouplissement-de-lobligation-de-porter-un-masque","status":"publish","type":"post","link":"https:\/\/swissbaker.ch\/fr\/panissimo-news\/proposition-pour-un-assouplissement-de-lobligation-de-porter-un-masque\/","title":{"rendered":"Proposition pour un assouplissement de l&#8217;obligation de porter un masque"},"content":{"rendered":"\n<p><strong>Il est \u00e0 craindre que les cons\u00e9quences de l&#8217;obligation de porter un masque touchent en premier lieu les PME. C&#8217;est pourquoi l&#8217;Union suisse des arts et m\u00e9tiers (usam) a \u00e9labor\u00e9 une proposition mod\u00e8le pour les parlements cantonaux, demandant un assouplissement de l&#8217;obligation de porter un masque.<\/strong><\/p>\n\n\n\n<p>Pendant le confinement et les semaines qui ont suivi, la gestion de la crise du coronavirus relevait de la comp\u00e9tence de la Conf\u00e9d\u00e9ration. Avec le passage de la situation extraordinaire \u00e0 la situation sp\u00e9ciale le 19 juin 2020, la loi sur les \u00e9pid\u00e9mies a confi\u00e9 la responsabilit\u00e9 principale aux cantons. Par cons\u00e9quent, l&#8217;obligation de porter un masque est r\u00e9glement\u00e9e diff\u00e9remment d&#8217;un canton \u00e0 l&#8217;autre, voire d\u2019une ville \u00e0 l\u2019autre. Dans le cas extr\u00eame, il peut y avoir 26 r\u00e9glementations cantonales diff\u00e9rentes et encore plus de r\u00e9glementations sp\u00e9ciales dans les villes.<\/p>\n\n\n\n<p>Outre les centres d\u2019achat, l&#8217;obligation de porter un masque affecte particuli\u00e8rement le commerce de d\u00e9tail et donc \u00e9galement notre branche. Malheureusement, ces lieux publics sont regroup\u00e9s dans la cat\u00e9gorie des moyens et grands magasins du commerce de d\u00e9tail. Il est \u00e0 craindre que les cons\u00e9quences de l&#8217;obligation de porter un masque touchent en premier lieu les PME. C&#8217;est pourquoi <a href=\"https:\/\/www.sgv-usam.ch\/fr\/news-m%C3%A9dias\/communiqu%C3%A9s-de-presse\/obligation-g%C3%A9n%C3%A9rale-de-porter-le-masque-disproportionn%C3%A9e-et-pure-politique-des-symboles\">l&#8217;Union suisse des arts et m\u00e9tiers (usam)<\/a> a \u00e9labor\u00e9 une proposition mod\u00e8le pour les parlements cantonaux, demandant un assouplissement de l&#8217;obligation de porter un masque.<\/p>\n\n\n\n<p>Le mod\u00e8le de proposition devant \u00eatre adapt\u00e9 aux sp\u00e9cificit\u00e9s cantonales respectives, a \u00e9t\u00e9 envoy\u00e9 aux unions cantonales des arts et m\u00e9tiers. La BCS soutient ces initiatives cantonales, notre branche ayant prouv\u00e9 pendant la p\u00e9riode de crise du coronavirus que les concepts de protection mis en place assurent la s\u00e9curit\u00e9 des clients et des employ\u00e9s.<\/p>\n\n\n\n<p>Que l\u2019on fasse ses achats dans une boulangerie-confiserie ou dans un centre commercial, cela fait une grande diff\u00e9rence. En effet, selon notre concept de protection, la distance de s\u00e9curit\u00e9 dans la zone clients doit pouvoir \u00eatre maintenue dans le magasin de vente. Les autres clients attendent patiemment devant l&#8217;entr\u00e9e. Le port d&#8217;un masque n&#8217;est donc qu&#8217;une chicane et une complication suppl\u00e9mentaire pour une petite et moyenne entreprise, et ce dans une p\u00e9riode d\u00e9j\u00e0 difficile. La situation est diff\u00e9rente dans les grands magasins du commerce de d\u00e9tail o\u00f9, dans les ventes en libre-service, se trouvent des points n\u00e9vralgiques comme par exemple les \u00e9tals de fruits et l\u00e9gumes, et o\u00f9 l&#8217;on peut observer un grand afflux de clients.<\/p>\n","protected":false},"excerpt":{"rendered":"<p>Il est \u00e0 craindre que les cons\u00e9quences de l&#8217;obligation de porter un masque touchent en premier lieu les PME. C&#8217;est pourquoi l&#8217;Union suisse des arts et m\u00e9tiers (usam) a \u00e9labor\u00e9 une proposition mod\u00e8le pour les parlements cantonaux, demandant un assouplissement de l&#8217;obligation de porter un masque. Pendant le confinement et les semaines qui ont suivi, la gestion de la crise [&hellip;]<\/p>\n","protected":false},"author":1,"featured_media":5677,"comment_status":"open","ping_status":"closed","sticky":false,"template":"","format":"standard","meta":{"_acf_changed":false,"footnotes":""},"categories":[44,49],"tags":[],"class_list":["post-9400","post","type-post","status-publish","format-standard","has-post-thumbnail","hentry","category-droit-politique","category-sante-securite"],"acf":[],"yoast_head":"<!-- This site is optimized with the Yoast SEO Premium plugin v26.8 (Yoast SEO v26.8) - https:\/\/yoast.com\/product\/yoast-seo-premium-wordpress\/ -->\n<title>Proposition pour un assouplissement de l&#039;obligation de porter un masque | SBC<\/title>\n<meta name=\"robots\" content=\"index, follow, max-snippet:-1, max-image-preview:large, max-video-preview:-1\" \/>\n<link rel=\"canonical\" href=\"https:\/\/swissbaker.ch\/fr\/panissimo-news\/proposition-pour-un-assouplissement-de-lobligation-de-porter-un-masque\/\" \/>\n<meta property=\"og:locale\" content=\"fr_FR\" \/>\n<meta property=\"og:type\" content=\"article\" \/>\n<meta property=\"og:title\" content=\"Proposition pour un assouplissement de l&#039;obligation de porter un masque\" \/>\n<meta property=\"og:description\" content=\"Il est \u00e0 craindre que les cons\u00e9quences de l&#8217;obligation de porter un masque touchent en premier lieu les PME. C&#8217;est pourquoi l&#8217;Union suisse des arts et m\u00e9tiers (usam) a \u00e9labor\u00e9 une proposition mod\u00e8le pour les parlements cantonaux, demandant un assouplissement de l&#8217;obligation de porter un masque. Pendant le confinement et les semaines qui ont suivi, la gestion de la crise [&hellip;]\" \/>\n<meta property=\"og:url\" content=\"https:\/\/swissbaker.ch\/fr\/panissimo-news\/proposition-pour-un-assouplissement-de-lobligation-de-porter-un-masque\/\" \/>\n<meta property=\"og:site_name\" content=\"SBC\" \/>\n<meta property=\"article:publisher\" content=\"https:\/\/www.facebook.com\/swissbaker.ch\" \/>\n<meta property=\"article:published_time\" content=\"2020-09-16T11:36:00+00:00\" \/>\n<meta property=\"article:modified_time\" content=\"2022-05-12T07:39:53+00:00\" \/>\n<meta property=\"og:image\" content=\"https:\/\/swissbaker.ch\/wp-content\/uploads\/2022\/03\/18_2_maske_verkauf.jpeg\" \/>\n\t<meta property=\"og:image:width\" content=\"800\" \/>\n\t<meta property=\"og:image:height\" content=\"474\" \/>\n\t<meta property=\"og:image:type\" content=\"image\/jpeg\" \/>\n<meta name=\"author\" content=\"azureart\" \/>\n<meta name=\"twitter:card\" content=\"summary_large_image\" \/>\n<meta name=\"twitter:creator\" content=\"@ch_swissbaker\" \/>\n<meta name=\"twitter:site\" content=\"@ch_swissbaker\" \/>\n<meta name=\"twitter:label1\" content=\"Written by\" \/>\n\t<meta name=\"twitter:data1\" content=\"azureart\" \/>\n\t<meta name=\"twitter:label2\" content=\"Est. reading time\" \/>\n\t<meta name=\"twitter:data2\" content=\"3 minutes\" \/>\n<script type=\"application\/ld+json\" class=\"yoast-schema-graph\">{\"@context\":\"https:\/\/schema.org\",\"@graph\":[{\"@type\":\"Article\",\"@id\":\"https:\/\/swissbaker.ch\/fr\/panissimo-news\/proposition-pour-un-assouplissement-de-lobligation-de-porter-un-masque\/#article\",\"isPartOf\":{\"@id\":\"https:\/\/swissbaker.ch\/fr\/panissimo-news\/proposition-pour-un-assouplissement-de-lobligation-de-porter-un-masque\/\"},\"author\":{\"name\":\"azureart\",\"@id\":\"https:\/\/swissbaker.ch\/fr\/#\/schema\/person\/058ac47619f7da53df62aba60f939b78\"},\"headline\":\"Proposition pour un assouplissement de l&#8217;obligation de porter un masque\",\"datePublished\":\"2020-09-16T11:36:00+00:00\",\"dateModified\":\"2022-05-12T07:39:53+00:00\",\"mainEntityOfPage\":{\"@id\":\"https:\/\/swissbaker.ch\/fr\/panissimo-news\/proposition-pour-un-assouplissement-de-lobligation-de-porter-un-masque\/\"},\"wordCount\":456,\"commentCount\":0,\"publisher\":{\"@id\":\"https:\/\/swissbaker.ch\/fr\/#organization\"},\"image\":{\"@id\":\"https:\/\/swissbaker.ch\/fr\/panissimo-news\/proposition-pour-un-assouplissement-de-lobligation-de-porter-un-masque\/#primaryimage\"},\"thumbnailUrl\":\"https:\/\/swissbaker.ch\/wp-content\/uploads\/2022\/03\/18_2_maske_verkauf.jpeg\",\"articleSection\":[\"Droit &amp; politique\",\"Sant\u00e9\/S\u00e9curit\u00e9\"],\"inLanguage\":\"fr-FR\",\"potentialAction\":[{\"@type\":\"CommentAction\",\"name\":\"Comment\",\"target\":[\"https:\/\/swissbaker.ch\/fr\/panissimo-news\/proposition-pour-un-assouplissement-de-lobligation-de-porter-un-masque\/#respond\"]}]},{\"@type\":\"WebPage\",\"@id\":\"https:\/\/swissbaker.ch\/fr\/panissimo-news\/proposition-pour-un-assouplissement-de-lobligation-de-porter-un-masque\/\",\"url\":\"https:\/\/swissbaker.ch\/fr\/panissimo-news\/proposition-pour-un-assouplissement-de-lobligation-de-porter-un-masque\/\",\"name\":\"Proposition pour un assouplissement de l'obligation de porter un masque | SBC\",\"isPartOf\":{\"@id\":\"https:\/\/swissbaker.ch\/fr\/#website\"},\"primaryImageOfPage\":{\"@id\":\"https:\/\/swissbaker.ch\/fr\/panissimo-news\/proposition-pour-un-assouplissement-de-lobligation-de-porter-un-masque\/#primaryimage\"},\"image\":{\"@id\":\"https:\/\/swissbaker.ch\/fr\/panissimo-news\/proposition-pour-un-assouplissement-de-lobligation-de-porter-un-masque\/#primaryimage\"},\"thumbnailUrl\":\"https:\/\/swissbaker.ch\/wp-content\/uploads\/2022\/03\/18_2_maske_verkauf.jpeg\",\"datePublished\":\"2020-09-16T11:36:00+00:00\",\"dateModified\":\"2022-05-12T07:39:53+00:00\",\"breadcrumb\":{\"@id\":\"https:\/\/swissbaker.ch\/fr\/panissimo-news\/proposition-pour-un-assouplissement-de-lobligation-de-porter-un-masque\/#breadcrumb\"},\"inLanguage\":\"fr-FR\",\"potentialAction\":[{\"@type\":\"ReadAction\",\"target\":[\"https:\/\/swissbaker.ch\/fr\/panissimo-news\/proposition-pour-un-assouplissement-de-lobligation-de-porter-un-masque\/\"]}]},{\"@type\":\"ImageObject\",\"inLanguage\":\"fr-FR\",\"@id\":\"https:\/\/swissbaker.ch\/fr\/panissimo-news\/proposition-pour-un-assouplissement-de-lobligation-de-porter-un-masque\/#primaryimage\",\"url\":\"https:\/\/swissbaker.ch\/wp-content\/uploads\/2022\/03\/18_2_maske_verkauf.jpeg\",\"contentUrl\":\"https:\/\/swissbaker.ch\/wp-content\/uploads\/2022\/03\/18_2_maske_verkauf.jpeg\",\"width\":800,\"height\":474,\"caption\":\"Proposition pour un assouplissement de l'obligation de porter un masque\"},{\"@type\":\"BreadcrumbList\",\"@id\":\"https:\/\/swissbaker.ch\/fr\/panissimo-news\/proposition-pour-un-assouplissement-de-lobligation-de-porter-un-masque\/#breadcrumb\",\"itemListElement\":[{\"@type\":\"ListItem\",\"position\":1,\"name\":\"\",\"item\":\"https:\/\/swissbaker.ch\/fr\/\"},{\"@type\":\"ListItem\",\"position\":2,\"name\":\"Droit &amp; politique\",\"item\":\"https:\/\/swissbaker.ch\/fr\/panissimo-news\/category\/droit-politique\/\"},{\"@type\":\"ListItem\",\"position\":3,\"name\":\"Proposition pour un assouplissement de l&rsquo;obligation de porter un masque\"}]},{\"@type\":\"WebSite\",\"@id\":\"https:\/\/swissbaker.ch\/fr\/#website\",\"url\":\"https:\/\/swissbaker.ch\/fr\/\",\"name\":\"SBC\",\"description\":\"\",\"publisher\":{\"@id\":\"https:\/\/swissbaker.ch\/fr\/#organization\"},\"potentialAction\":[{\"@type\":\"SearchAction\",\"target\":{\"@type\":\"EntryPoint\",\"urlTemplate\":\"https:\/\/swissbaker.ch\/fr\/?s={search_term_string}\"},\"query-input\":{\"@type\":\"PropertyValueSpecification\",\"valueRequired\":true,\"valueName\":\"search_term_string\"}}],\"inLanguage\":\"fr-FR\"},{\"@type\":\"Organization\",\"@id\":\"https:\/\/swissbaker.ch\/fr\/#organization\",\"name\":\"Schweizerischer B\u00e4cker-Confiseurmeister-Verband\",\"url\":\"https:\/\/swissbaker.ch\/fr\/\",\"logo\":{\"@type\":\"ImageObject\",\"inLanguage\":\"fr-FR\",\"@id\":\"https:\/\/swissbaker.ch\/fr\/#\/schema\/logo\/image\/\",\"url\":\"https:\/\/swissbaker.ch\/wp-content\/uploads\/2022\/04\/sbc-logo-yoast.jpg\",\"contentUrl\":\"https:\/\/swissbaker.ch\/wp-content\/uploads\/2022\/04\/sbc-logo-yoast.jpg\",\"width\":512,\"height\":512,\"caption\":\"Schweizerischer B\u00e4cker-Confiseurmeister-Verband\"},\"image\":{\"@id\":\"https:\/\/swissbaker.ch\/fr\/#\/schema\/logo\/image\/\"},\"sameAs\":[\"https:\/\/www.facebook.com\/swissbaker.ch\",\"https:\/\/x.com\/ch_swissbaker\"]},{\"@type\":\"Person\",\"@id\":\"https:\/\/swissbaker.ch\/fr\/#\/schema\/person\/058ac47619f7da53df62aba60f939b78\",\"name\":\"azureart\",\"image\":{\"@type\":\"ImageObject\",\"inLanguage\":\"fr-FR\",\"@id\":\"https:\/\/swissbaker.ch\/fr\/#\/schema\/person\/image\/\",\"url\":\"https:\/\/secure.gravatar.com\/avatar\/be04dd3098fd612c83067af4f7a295384c93cb6a9112f51beb9d2f477d25da61?s=96&d=mm&r=g\",\"contentUrl\":\"https:\/\/secure.gravatar.com\/avatar\/be04dd3098fd612c83067af4f7a295384c93cb6a9112f51beb9d2f477d25da61?s=96&d=mm&r=g\",\"caption\":\"azureart\"},\"sameAs\":[\"https:\/\/swissbaker.ch\"],\"url\":\"https:\/\/swissbaker.ch\/fr\/panissimo-news\/author\/pixel-ahoi\/\"}]}<\/script>\n<!-- \/ Yoast SEO Premium plugin. -->","yoast_head_json":{"title":"Proposition pour un assouplissement de l'obligation de porter un masque | SBC","robots":{"index":"index","follow":"follow","max-snippet":"max-snippet:-1","max-image-preview":"max-image-preview:large","max-video-preview":"max-video-preview:-1"},"canonical":"https:\/\/swissbaker.ch\/fr\/panissimo-news\/proposition-pour-un-assouplissement-de-lobligation-de-porter-un-masque\/","og_locale":"fr_FR","og_type":"article","og_title":"Proposition pour un assouplissement de l'obligation de porter un masque","og_description":"Il est \u00e0 craindre que les cons\u00e9quences de l&#8217;obligation de porter un masque touchent en premier lieu les PME. C&#8217;est pourquoi l&#8217;Union suisse des arts et m\u00e9tiers (usam) a \u00e9labor\u00e9 une proposition mod\u00e8le pour les parlements cantonaux, demandant un assouplissement de l&#8217;obligation de porter un masque. Pendant le confinement et les semaines qui ont suivi, la gestion de la crise [&hellip;]","og_url":"https:\/\/swissbaker.ch\/fr\/panissimo-news\/proposition-pour-un-assouplissement-de-lobligation-de-porter-un-masque\/","og_site_name":"SBC","article_publisher":"https:\/\/www.facebook.com\/swissbaker.ch","article_published_time":"2020-09-16T11:36:00+00:00","article_modified_time":"2022-05-12T07:39:53+00:00","og_image":[{"width":800,"height":474,"url":"https:\/\/swissbaker.ch\/wp-content\/uploads\/2022\/03\/18_2_maske_verkauf.jpeg","type":"image\/jpeg"}],"author":"azureart","twitter_card":"summary_large_image","twitter_creator":"@ch_swissbaker","twitter_site":"@ch_swissbaker","twitter_misc":{"Written by":"azureart","Est. reading time":"3 minutes"},"schema":{"@context":"https:\/\/schema.org","@graph":[{"@type":"Article","@id":"https:\/\/swissbaker.ch\/fr\/panissimo-news\/proposition-pour-un-assouplissement-de-lobligation-de-porter-un-masque\/#article","isPartOf":{"@id":"https:\/\/swissbaker.ch\/fr\/panissimo-news\/proposition-pour-un-assouplissement-de-lobligation-de-porter-un-masque\/"},"author":{"name":"azureart","@id":"https:\/\/swissbaker.ch\/fr\/#\/schema\/person\/058ac47619f7da53df62aba60f939b78"},"headline":"Proposition pour un assouplissement de l&#8217;obligation de porter un masque","datePublished":"2020-09-16T11:36:00+00:00","dateModified":"2022-05-12T07:39:53+00:00","mainEntityOfPage":{"@id":"https:\/\/swissbaker.ch\/fr\/panissimo-news\/proposition-pour-un-assouplissement-de-lobligation-de-porter-un-masque\/"},"wordCount":456,"commentCount":0,"publisher":{"@id":"https:\/\/swissbaker.ch\/fr\/#organization"},"image":{"@id":"https:\/\/swissbaker.ch\/fr\/panissimo-news\/proposition-pour-un-assouplissement-de-lobligation-de-porter-un-masque\/#primaryimage"},"thumbnailUrl":"https:\/\/swissbaker.ch\/wp-content\/uploads\/2022\/03\/18_2_maske_verkauf.jpeg","articleSection":["Droit &amp; politique","Sant\u00e9\/S\u00e9curit\u00e9"],"inLanguage":"fr-FR","potentialAction":[{"@type":"CommentAction","name":"Comment","target":["https:\/\/swissbaker.ch\/fr\/panissimo-news\/proposition-pour-un-assouplissement-de-lobligation-de-porter-un-masque\/#respond"]}]},{"@type":"WebPage","@id":"https:\/\/swissbaker.ch\/fr\/panissimo-news\/proposition-pour-un-assouplissement-de-lobligation-de-porter-un-masque\/","url":"https:\/\/swissbaker.ch\/fr\/panissimo-news\/proposition-pour-un-assouplissement-de-lobligation-de-porter-un-masque\/","name":"Proposition pour un assouplissement de l'obligation de porter un masque | SBC","isPartOf":{"@id":"https:\/\/swissbaker.ch\/fr\/#website"},"primaryImageOfPage":{"@id":"https:\/\/swissbaker.ch\/fr\/panissimo-news\/proposition-pour-un-assouplissement-de-lobligation-de-porter-un-masque\/#primaryimage"},"image":{"@id":"https:\/\/swissbaker.ch\/fr\/panissimo-news\/proposition-pour-un-assouplissement-de-lobligation-de-porter-un-masque\/#primaryimage"},"thumbnailUrl":"https:\/\/swissbaker.ch\/wp-content\/uploads\/2022\/03\/18_2_maske_verkauf.jpeg","datePublished":"2020-09-16T11:36:00+00:00","dateModified":"2022-05-12T07:39:53+00:00","breadcrumb":{"@id":"https:\/\/swissbaker.ch\/fr\/panissimo-news\/proposition-pour-un-assouplissement-de-lobligation-de-porter-un-masque\/#breadcrumb"},"inLanguage":"fr-FR","potentialAction":[{"@type":"ReadAction","target":["https:\/\/swissbaker.ch\/fr\/panissimo-news\/proposition-pour-un-assouplissement-de-lobligation-de-porter-un-masque\/"]}]},{"@type":"ImageObject","inLanguage":"fr-FR","@id":"https:\/\/swissbaker.ch\/fr\/panissimo-news\/proposition-pour-un-assouplissement-de-lobligation-de-porter-un-masque\/#primaryimage","url":"https:\/\/swissbaker.ch\/wp-content\/uploads\/2022\/03\/18_2_maske_verkauf.jpeg","contentUrl":"https:\/\/swissbaker.ch\/wp-content\/uploads\/2022\/03\/18_2_maske_verkauf.jpeg","width":800,"height":474,"caption":"Proposition pour un assouplissement de l'obligation de porter un masque"},{"@type":"BreadcrumbList","@id":"https:\/\/swissbaker.ch\/fr\/panissimo-news\/proposition-pour-un-assouplissement-de-lobligation-de-porter-un-masque\/#breadcrumb","itemListElement":[{"@type":"ListItem","position":1,"name":"","item":"https:\/\/swissbaker.ch\/fr\/"},{"@type":"ListItem","position":2,"name":"Droit &amp; politique","item":"https:\/\/swissbaker.ch\/fr\/panissimo-news\/category\/droit-politique\/"},{"@type":"ListItem","position":3,"name":"Proposition pour un assouplissement de l&rsquo;obligation de porter un masque"}]},{"@type":"WebSite","@id":"https:\/\/swissbaker.ch\/fr\/#website","url":"https:\/\/swissbaker.ch\/fr\/","name":"SBC","description":"","publisher":{"@id":"https:\/\/swissbaker.ch\/fr\/#organization"},"potentialAction":[{"@type":"SearchAction","target":{"@type":"EntryPoint","urlTemplate":"https:\/\/swissbaker.ch\/fr\/?s={search_term_string}"},"query-input":{"@type":"PropertyValueSpecification","valueRequired":true,"valueName":"search_term_string"}}],"inLanguage":"fr-FR"},{"@type":"Organization","@id":"https:\/\/swissbaker.ch\/fr\/#organization","name":"Schweizerischer B\u00e4cker-Confiseurmeister-Verband","url":"https:\/\/swissbaker.ch\/fr\/","logo":{"@type":"ImageObject","inLanguage":"fr-FR","@id":"https:\/\/swissbaker.ch\/fr\/#\/schema\/logo\/image\/","url":"https:\/\/swissbaker.ch\/wp-content\/uploads\/2022\/04\/sbc-logo-yoast.jpg","contentUrl":"https:\/\/swissbaker.ch\/wp-content\/uploads\/2022\/04\/sbc-logo-yoast.jpg","width":512,"height":512,"caption":"Schweizerischer B\u00e4cker-Confiseurmeister-Verband"},"image":{"@id":"https:\/\/swissbaker.ch\/fr\/#\/schema\/logo\/image\/"},"sameAs":["https:\/\/www.facebook.com\/swissbaker.ch","https:\/\/x.com\/ch_swissbaker"]},{"@type":"Person","@id":"https:\/\/swissbaker.ch\/fr\/#\/schema\/person\/058ac47619f7da53df62aba60f939b78","name":"azureart","image":{"@type":"ImageObject","inLanguage":"fr-FR","@id":"https:\/\/swissbaker.ch\/fr\/#\/schema\/person\/image\/","url":"https:\/\/secure.gravatar.com\/avatar\/be04dd3098fd612c83067af4f7a295384c93cb6a9112f51beb9d2f477d25da61?s=96&d=mm&r=g","contentUrl":"https:\/\/secure.gravatar.com\/avatar\/be04dd3098fd612c83067af4f7a295384c93cb6a9112f51beb9d2f477d25da61?s=96&d=mm&r=g","caption":"azureart"},"sameAs":["https:\/\/swissbaker.ch"],"url":"https:\/\/swissbaker.ch\/fr\/panissimo-news\/author\/pixel-ahoi\/"}]}},"_links":{"self":[{"href":"https:\/\/swissbaker.ch\/fr\/wp-json\/wp\/v2\/posts\/9400","targetHints":{"allow":["GET"]}}],"collection":[{"href":"https:\/\/swissbaker.ch\/fr\/wp-json\/wp\/v2\/posts"}],"about":[{"href":"https:\/\/swissbaker.ch\/fr\/wp-json\/wp\/v2\/types\/post"}],"author":[{"embeddable":true,"href":"https:\/\/swissbaker.ch\/fr\/wp-json\/wp\/v2\/users\/1"}],"replies":[{"embeddable":true,"href":"https:\/\/swissbaker.ch\/fr\/wp-json\/wp\/v2\/comments?post=9400"}],"version-history":[{"count":0,"href":"https:\/\/swissbaker.ch\/fr\/wp-json\/wp\/v2\/posts\/9400\/revisions"}],"wp:featuredmedia":[{"embeddable":true,"href":"https:\/\/swissbaker.ch\/fr\/wp-json\/wp\/v2\/media\/5677"}],"wp:attachment":[{"href":"https:\/\/swissbaker.ch\/fr\/wp-json\/wp\/v2\/media?parent=9400"}],"wp:term":[{"taxonomy":"category","embeddable":true,"href":"https:\/\/swissbaker.ch\/fr\/wp-json\/wp\/v2\/categories?post=9400"},{"taxonomy":"post_tag","embeddable":true,"href":"https:\/\/swissbaker.ch\/fr\/wp-json\/wp\/v2\/tags?post=9400"}],"curies":[{"name":"wp","href":"https:\/\/api.w.org\/{rel}","templated":true}]}}