{"id":9398,"date":"2018-03-07T17:06:00","date_gmt":"2018-03-07T16:06:00","guid":{"rendered":"https:\/\/swissbaker.ch\/?p=9398"},"modified":"2022-05-12T10:02:35","modified_gmt":"2022-05-12T08:02:35","slug":"rabais-pour-reservation-anticipee-jusquau-30-avril","status":"publish","type":"post","link":"https:\/\/swissbaker.ch\/fr\/panissimo-news\/rabais-pour-reservation-anticipee-jusquau-30-avril\/","title":{"rendered":"Rabais pour r\u00e9servation anticip\u00e9e jusqu\u2019au 30\u202favril"},"content":{"rendered":"\n<p><strong>La prochaine FBK aura lieu du 17 au 20\u202fmars 2019 \u00e0 Berne. Les exposants peuvent profiter d\u2019un rabais pour r\u00e9servation anticip\u00e9e de 10\u202ffrancs par m2 de stand en cas d\u2019inscription d\u2019ici au 30\u202favril 2018.<\/strong><\/p>\n\n\n\n<p>Le team de la FBK est fier d\u2019accueillir \u00e0 la Foire sp\u00e9cialis\u00e9e suisse en mat\u00e9riel de boulangerie, p\u00e2tisserie et confiserie (FBK) pr\u00e8s de 25\u2009000 visiteurs, soit plus de 80\u202f% des quelque 30\u2009000 collaborateurs et leaders directement ou indirectement li\u00e9s \u00e0 la boulangerie-confiserie artisanale.<\/p>\n\n\n\n<h2 class=\"wp-block-heading\" id=\"h-nouvelles-dates\">Nouvelles dates<\/h2>\n\n\n\n<p>Le report de la FBK 2019 de janvier \u00e0 mars (du 17 au 20\u202fmars) permet d\u2019\u00e9viter tout chevauchement avec des salons internationaux (Sigep et Sirha), sans pour autant faire co\u00efncider l\u2019\u00e9dition 2019 avec P\u00e2ques. Les exposants de l\u2019\u00e9dition 2017 ont approuv\u00e9 la r\u00e9duction \u00e0 quatre jours de la dur\u00e9e du salon. A la demande g\u00e9n\u00e9rale, les horaires d\u2019ouverture quotidiens seront n\u00e9anmoins \u00e0 nouveau raccourcis d\u2019une heure \u00e0 l\u2019avenir\u2009; jusqu\u2019\u00e0 17 heures. Le team de la FBK est d\u00e9j\u00e0 en train de d\u00e9terminer des dates qui conviennent pour l\u2019\u00e9dition de 2021.<\/p>\n\n\n\n<h2 class=\"wp-block-heading\">Inscription en ligne<\/h2>\n\n\n\n<p>L\u2019inscription se fait en ligne sous <a href=\"http:\/\/www.fbk-2019.ch\/\">www.fbk-2019.ch<\/a> , rubrique \u00ab\u2009exposants\u2009\u00bb. Les anciens exposants de la FBK ont re\u00e7u d\u00e9but f\u00e9vrier l\u2019offre comprenant leurs donn\u00e9es de connexion. Les informations relatives au stand de la FBK 2017 \u00e9tant consign\u00e9es, seuls les changements doivent \u00eatre notifi\u00e9s. Le team de la FBK se tient \u00e0 disposition en cas de questions ou de probl\u00e8mes (t\u00e9l. 031 340 11 11, <a href=\"javascript:linkTo_UnCryptMailto('ocknvq,hdmBdgtpgzrq0ej');\">fbk(at)bernexpo.ch ).<\/a><\/p>\n\n\n\n<h2 class=\"wp-block-heading\">S\u2019inscrire d\u00e8s maintenant<\/h2>\n\n\n\n<p>Les exposants peuvent profiter d\u2019un rabais pour r\u00e9servation anticip\u00e9e en cas d\u2019inscription d\u2019ici au 30\u202favril 2018. Le team de la FBK est heureux de pouvoir maintenir le rabais de 10\u202ffrancs par m2 de stand, augment\u00e9 la derni\u00e8re fois.<\/p>\n\n\n\n<h2 class=\"wp-block-heading\">Rendez-vous sectoriel<\/h2>\n\n\n\n<p>Les r\u00e9sultats du sondage 2017 des exposants et des visiteurs confirment le bien-fond\u00e9 de la voie emprunt\u00e9e dans le cadre du rendez-vous sectoriel. Le \u00ab\u2009Forum FBK\u2009\u00bb pr\u00e9sentera \u00e0 nouveau des d\u00e9monstrations professionnelles et des interventions sur des tendances et des th\u00e8mes d\u2019actualit\u00e9 dans le secteur. Le deuxi\u00e8me \u00ab\u2009Rendez-vous FBK\u2009\u00bb aura lieu le lundi 18\u202fmars 2019, d\u00e8s 17 heures.<\/p>\n","protected":false},"excerpt":{"rendered":"<p>La prochaine FBK aura lieu du 17 au 20\u202fmars 2019 \u00e0 Berne. Les exposants peuvent profiter d\u2019un rabais pour r\u00e9servation anticip\u00e9e de 10\u202ffrancs par m2 de stand en cas d\u2019inscription d\u2019ici au 30\u202favril 2018. Le team de la FBK est fier d\u2019accueillir \u00e0 la Foire sp\u00e9cialis\u00e9e suisse en mat\u00e9riel de boulangerie, p\u00e2tisserie et confiserie (FBK) pr\u00e8s de 25\u2009000 visiteurs, soit [&hellip;]<\/p>\n","protected":false},"author":1,"featured_media":6667,"comment_status":"open","ping_status":"closed","sticky":false,"template":"","format":"standard","meta":{"_acf_changed":false,"footnotes":""},"categories":[41,46],"tags":[],"class_list":["post-9398","post","type-post","status-publish","format-standard","has-post-thumbnail","hentry","category-association","category-evenement"],"acf":[],"yoast_head":"<!-- This site is optimized with the Yoast SEO Premium plugin v26.8 (Yoast SEO v26.8) - https:\/\/yoast.com\/product\/yoast-seo-premium-wordpress\/ -->\n<title>Rabais pour r\u00e9servation anticip\u00e9e jusqu\u2019au 30\u202favril | SBC<\/title>\n<meta name=\"robots\" content=\"index, follow, max-snippet:-1, max-image-preview:large, max-video-preview:-1\" \/>\n<link rel=\"canonical\" href=\"https:\/\/swissbaker.ch\/fr\/panissimo-news\/rabais-pour-reservation-anticipee-jusquau-30-avril\/\" \/>\n<meta property=\"og:locale\" content=\"fr_FR\" \/>\n<meta property=\"og:type\" content=\"article\" \/>\n<meta property=\"og:title\" content=\"Rabais pour r\u00e9servation anticip\u00e9e jusqu\u2019au 30\u202favril\" \/>\n<meta property=\"og:description\" content=\"La prochaine FBK aura lieu du 17 au 20\u202fmars 2019 \u00e0 Berne. Les exposants peuvent profiter d\u2019un rabais pour r\u00e9servation anticip\u00e9e de 10\u202ffrancs par m2 de stand en cas d\u2019inscription d\u2019ici au 30\u202favril 2018. Le team de la FBK est fier d\u2019accueillir \u00e0 la Foire sp\u00e9cialis\u00e9e suisse en mat\u00e9riel de boulangerie, p\u00e2tisserie et confiserie (FBK) pr\u00e8s de 25\u2009000 visiteurs, soit [&hellip;]\" \/>\n<meta property=\"og:url\" content=\"https:\/\/swissbaker.ch\/fr\/panissimo-news\/rabais-pour-reservation-anticipee-jusquau-30-avril\/\" \/>\n<meta property=\"og:site_name\" content=\"SBC\" \/>\n<meta property=\"article:publisher\" content=\"https:\/\/www.facebook.com\/swissbaker.ch\" \/>\n<meta property=\"article:published_time\" content=\"2018-03-07T16:06:00+00:00\" \/>\n<meta property=\"article:modified_time\" content=\"2022-05-12T08:02:35+00:00\" \/>\n<meta property=\"og:image\" content=\"https:\/\/swissbaker.ch\/wp-content\/uploads\/2022\/04\/csm_plakat_fbk2019_A4_d_fb_rabatt_web_9f90dc4f26.jpg\" \/>\n\t<meta property=\"og:image:width\" content=\"427\" \/>\n\t<meta property=\"og:image:height\" content=\"600\" \/>\n\t<meta property=\"og:image:type\" content=\"image\/jpeg\" \/>\n<meta name=\"author\" content=\"azureart\" \/>\n<meta name=\"twitter:card\" content=\"summary_large_image\" \/>\n<meta name=\"twitter:creator\" content=\"@ch_swissbaker\" \/>\n<meta name=\"twitter:site\" content=\"@ch_swissbaker\" \/>\n<meta name=\"twitter:label1\" content=\"Written by\" \/>\n\t<meta name=\"twitter:data1\" content=\"azureart\" \/>\n\t<meta name=\"twitter:label2\" content=\"Est. reading time\" \/>\n\t<meta name=\"twitter:data2\" content=\"2 minutes\" \/>\n<script type=\"application\/ld+json\" class=\"yoast-schema-graph\">{\"@context\":\"https:\/\/schema.org\",\"@graph\":[{\"@type\":\"Article\",\"@id\":\"https:\/\/swissbaker.ch\/fr\/panissimo-news\/rabais-pour-reservation-anticipee-jusquau-30-avril\/#article\",\"isPartOf\":{\"@id\":\"https:\/\/swissbaker.ch\/fr\/panissimo-news\/rabais-pour-reservation-anticipee-jusquau-30-avril\/\"},\"author\":{\"name\":\"azureart\",\"@id\":\"https:\/\/swissbaker.ch\/fr\/#\/schema\/person\/058ac47619f7da53df62aba60f939b78\"},\"headline\":\"Rabais pour r\u00e9servation anticip\u00e9e jusqu\u2019au 30\u202favril\",\"datePublished\":\"2018-03-07T16:06:00+00:00\",\"dateModified\":\"2022-05-12T08:02:35+00:00\",\"mainEntityOfPage\":{\"@id\":\"https:\/\/swissbaker.ch\/fr\/panissimo-news\/rabais-pour-reservation-anticipee-jusquau-30-avril\/\"},\"wordCount\":375,\"commentCount\":0,\"publisher\":{\"@id\":\"https:\/\/swissbaker.ch\/fr\/#organization\"},\"image\":{\"@id\":\"https:\/\/swissbaker.ch\/fr\/panissimo-news\/rabais-pour-reservation-anticipee-jusquau-30-avril\/#primaryimage\"},\"thumbnailUrl\":\"https:\/\/swissbaker.ch\/wp-content\/uploads\/2022\/04\/csm_plakat_fbk2019_A4_d_fb_rabatt_web_9f90dc4f26.jpg\",\"articleSection\":[\"Association\",\"Ev\u00e9nement\"],\"inLanguage\":\"fr-FR\",\"potentialAction\":[{\"@type\":\"CommentAction\",\"name\":\"Comment\",\"target\":[\"https:\/\/swissbaker.ch\/fr\/panissimo-news\/rabais-pour-reservation-anticipee-jusquau-30-avril\/#respond\"]}]},{\"@type\":\"WebPage\",\"@id\":\"https:\/\/swissbaker.ch\/fr\/panissimo-news\/rabais-pour-reservation-anticipee-jusquau-30-avril\/\",\"url\":\"https:\/\/swissbaker.ch\/fr\/panissimo-news\/rabais-pour-reservation-anticipee-jusquau-30-avril\/\",\"name\":\"Rabais pour r\u00e9servation anticip\u00e9e jusqu\u2019au 30\u202favril | SBC\",\"isPartOf\":{\"@id\":\"https:\/\/swissbaker.ch\/fr\/#website\"},\"primaryImageOfPage\":{\"@id\":\"https:\/\/swissbaker.ch\/fr\/panissimo-news\/rabais-pour-reservation-anticipee-jusquau-30-avril\/#primaryimage\"},\"image\":{\"@id\":\"https:\/\/swissbaker.ch\/fr\/panissimo-news\/rabais-pour-reservation-anticipee-jusquau-30-avril\/#primaryimage\"},\"thumbnailUrl\":\"https:\/\/swissbaker.ch\/wp-content\/uploads\/2022\/04\/csm_plakat_fbk2019_A4_d_fb_rabatt_web_9f90dc4f26.jpg\",\"datePublished\":\"2018-03-07T16:06:00+00:00\",\"dateModified\":\"2022-05-12T08:02:35+00:00\",\"breadcrumb\":{\"@id\":\"https:\/\/swissbaker.ch\/fr\/panissimo-news\/rabais-pour-reservation-anticipee-jusquau-30-avril\/#breadcrumb\"},\"inLanguage\":\"fr-FR\",\"potentialAction\":[{\"@type\":\"ReadAction\",\"target\":[\"https:\/\/swissbaker.ch\/fr\/panissimo-news\/rabais-pour-reservation-anticipee-jusquau-30-avril\/\"]}]},{\"@type\":\"ImageObject\",\"inLanguage\":\"fr-FR\",\"@id\":\"https:\/\/swissbaker.ch\/fr\/panissimo-news\/rabais-pour-reservation-anticipee-jusquau-30-avril\/#primaryimage\",\"url\":\"https:\/\/swissbaker.ch\/wp-content\/uploads\/2022\/04\/csm_plakat_fbk2019_A4_d_fb_rabatt_web_9f90dc4f26.jpg\",\"contentUrl\":\"https:\/\/swissbaker.ch\/wp-content\/uploads\/2022\/04\/csm_plakat_fbk2019_A4_d_fb_rabatt_web_9f90dc4f26.jpg\",\"width\":427,\"height\":600,\"caption\":\"Rabais pour r\u00e9servation anticip\u00e9e jusqu\u2019au 30\u202favril\"},{\"@type\":\"BreadcrumbList\",\"@id\":\"https:\/\/swissbaker.ch\/fr\/panissimo-news\/rabais-pour-reservation-anticipee-jusquau-30-avril\/#breadcrumb\",\"itemListElement\":[{\"@type\":\"ListItem\",\"position\":1,\"name\":\"\",\"item\":\"https:\/\/swissbaker.ch\/fr\/\"},{\"@type\":\"ListItem\",\"position\":2,\"name\":\"Association\",\"item\":\"https:\/\/swissbaker.ch\/fr\/panissimo-news\/category\/association\/\"},{\"@type\":\"ListItem\",\"position\":3,\"name\":\"Rabais pour r\u00e9servation anticip\u00e9e jusqu\u2019au 30\u202favril\"}]},{\"@type\":\"WebSite\",\"@id\":\"https:\/\/swissbaker.ch\/fr\/#website\",\"url\":\"https:\/\/swissbaker.ch\/fr\/\",\"name\":\"SBC\",\"description\":\"\",\"publisher\":{\"@id\":\"https:\/\/swissbaker.ch\/fr\/#organization\"},\"potentialAction\":[{\"@type\":\"SearchAction\",\"target\":{\"@type\":\"EntryPoint\",\"urlTemplate\":\"https:\/\/swissbaker.ch\/fr\/?s={search_term_string}\"},\"query-input\":{\"@type\":\"PropertyValueSpecification\",\"valueRequired\":true,\"valueName\":\"search_term_string\"}}],\"inLanguage\":\"fr-FR\"},{\"@type\":\"Organization\",\"@id\":\"https:\/\/swissbaker.ch\/fr\/#organization\",\"name\":\"Schweizerischer B\u00e4cker-Confiseurmeister-Verband\",\"url\":\"https:\/\/swissbaker.ch\/fr\/\",\"logo\":{\"@type\":\"ImageObject\",\"inLanguage\":\"fr-FR\",\"@id\":\"https:\/\/swissbaker.ch\/fr\/#\/schema\/logo\/image\/\",\"url\":\"https:\/\/swissbaker.ch\/wp-content\/uploads\/2022\/04\/sbc-logo-yoast.jpg\",\"contentUrl\":\"https:\/\/swissbaker.ch\/wp-content\/uploads\/2022\/04\/sbc-logo-yoast.jpg\",\"width\":512,\"height\":512,\"caption\":\"Schweizerischer B\u00e4cker-Confiseurmeister-Verband\"},\"image\":{\"@id\":\"https:\/\/swissbaker.ch\/fr\/#\/schema\/logo\/image\/\"},\"sameAs\":[\"https:\/\/www.facebook.com\/swissbaker.ch\",\"https:\/\/x.com\/ch_swissbaker\"]},{\"@type\":\"Person\",\"@id\":\"https:\/\/swissbaker.ch\/fr\/#\/schema\/person\/058ac47619f7da53df62aba60f939b78\",\"name\":\"azureart\",\"image\":{\"@type\":\"ImageObject\",\"inLanguage\":\"fr-FR\",\"@id\":\"https:\/\/swissbaker.ch\/fr\/#\/schema\/person\/image\/\",\"url\":\"https:\/\/secure.gravatar.com\/avatar\/be04dd3098fd612c83067af4f7a295384c93cb6a9112f51beb9d2f477d25da61?s=96&d=mm&r=g\",\"contentUrl\":\"https:\/\/secure.gravatar.com\/avatar\/be04dd3098fd612c83067af4f7a295384c93cb6a9112f51beb9d2f477d25da61?s=96&d=mm&r=g\",\"caption\":\"azureart\"},\"sameAs\":[\"https:\/\/swissbaker.ch\"],\"url\":\"https:\/\/swissbaker.ch\/fr\/panissimo-news\/author\/pixel-ahoi\/\"}]}<\/script>\n<!-- \/ Yoast SEO Premium plugin. -->","yoast_head_json":{"title":"Rabais pour r\u00e9servation anticip\u00e9e jusqu\u2019au 30\u202favril | SBC","robots":{"index":"index","follow":"follow","max-snippet":"max-snippet:-1","max-image-preview":"max-image-preview:large","max-video-preview":"max-video-preview:-1"},"canonical":"https:\/\/swissbaker.ch\/fr\/panissimo-news\/rabais-pour-reservation-anticipee-jusquau-30-avril\/","og_locale":"fr_FR","og_type":"article","og_title":"Rabais pour r\u00e9servation anticip\u00e9e jusqu\u2019au 30\u202favril","og_description":"La prochaine FBK aura lieu du 17 au 20\u202fmars 2019 \u00e0 Berne. Les exposants peuvent profiter d\u2019un rabais pour r\u00e9servation anticip\u00e9e de 10\u202ffrancs par m2 de stand en cas d\u2019inscription d\u2019ici au 30\u202favril 2018. Le team de la FBK est fier d\u2019accueillir \u00e0 la Foire sp\u00e9cialis\u00e9e suisse en mat\u00e9riel de boulangerie, p\u00e2tisserie et confiserie (FBK) pr\u00e8s de 25\u2009000 visiteurs, soit [&hellip;]","og_url":"https:\/\/swissbaker.ch\/fr\/panissimo-news\/rabais-pour-reservation-anticipee-jusquau-30-avril\/","og_site_name":"SBC","article_publisher":"https:\/\/www.facebook.com\/swissbaker.ch","article_published_time":"2018-03-07T16:06:00+00:00","article_modified_time":"2022-05-12T08:02:35+00:00","og_image":[{"width":427,"height":600,"url":"https:\/\/swissbaker.ch\/wp-content\/uploads\/2022\/04\/csm_plakat_fbk2019_A4_d_fb_rabatt_web_9f90dc4f26.jpg","type":"image\/jpeg"}],"author":"azureart","twitter_card":"summary_large_image","twitter_creator":"@ch_swissbaker","twitter_site":"@ch_swissbaker","twitter_misc":{"Written by":"azureart","Est. reading time":"2 minutes"},"schema":{"@context":"https:\/\/schema.org","@graph":[{"@type":"Article","@id":"https:\/\/swissbaker.ch\/fr\/panissimo-news\/rabais-pour-reservation-anticipee-jusquau-30-avril\/#article","isPartOf":{"@id":"https:\/\/swissbaker.ch\/fr\/panissimo-news\/rabais-pour-reservation-anticipee-jusquau-30-avril\/"},"author":{"name":"azureart","@id":"https:\/\/swissbaker.ch\/fr\/#\/schema\/person\/058ac47619f7da53df62aba60f939b78"},"headline":"Rabais pour r\u00e9servation anticip\u00e9e jusqu\u2019au 30\u202favril","datePublished":"2018-03-07T16:06:00+00:00","dateModified":"2022-05-12T08:02:35+00:00","mainEntityOfPage":{"@id":"https:\/\/swissbaker.ch\/fr\/panissimo-news\/rabais-pour-reservation-anticipee-jusquau-30-avril\/"},"wordCount":375,"commentCount":0,"publisher":{"@id":"https:\/\/swissbaker.ch\/fr\/#organization"},"image":{"@id":"https:\/\/swissbaker.ch\/fr\/panissimo-news\/rabais-pour-reservation-anticipee-jusquau-30-avril\/#primaryimage"},"thumbnailUrl":"https:\/\/swissbaker.ch\/wp-content\/uploads\/2022\/04\/csm_plakat_fbk2019_A4_d_fb_rabatt_web_9f90dc4f26.jpg","articleSection":["Association","Ev\u00e9nement"],"inLanguage":"fr-FR","potentialAction":[{"@type":"CommentAction","name":"Comment","target":["https:\/\/swissbaker.ch\/fr\/panissimo-news\/rabais-pour-reservation-anticipee-jusquau-30-avril\/#respond"]}]},{"@type":"WebPage","@id":"https:\/\/swissbaker.ch\/fr\/panissimo-news\/rabais-pour-reservation-anticipee-jusquau-30-avril\/","url":"https:\/\/swissbaker.ch\/fr\/panissimo-news\/rabais-pour-reservation-anticipee-jusquau-30-avril\/","name":"Rabais pour r\u00e9servation anticip\u00e9e jusqu\u2019au 30\u202favril | SBC","isPartOf":{"@id":"https:\/\/swissbaker.ch\/fr\/#website"},"primaryImageOfPage":{"@id":"https:\/\/swissbaker.ch\/fr\/panissimo-news\/rabais-pour-reservation-anticipee-jusquau-30-avril\/#primaryimage"},"image":{"@id":"https:\/\/swissbaker.ch\/fr\/panissimo-news\/rabais-pour-reservation-anticipee-jusquau-30-avril\/#primaryimage"},"thumbnailUrl":"https:\/\/swissbaker.ch\/wp-content\/uploads\/2022\/04\/csm_plakat_fbk2019_A4_d_fb_rabatt_web_9f90dc4f26.jpg","datePublished":"2018-03-07T16:06:00+00:00","dateModified":"2022-05-12T08:02:35+00:00","breadcrumb":{"@id":"https:\/\/swissbaker.ch\/fr\/panissimo-news\/rabais-pour-reservation-anticipee-jusquau-30-avril\/#breadcrumb"},"inLanguage":"fr-FR","potentialAction":[{"@type":"ReadAction","target":["https:\/\/swissbaker.ch\/fr\/panissimo-news\/rabais-pour-reservation-anticipee-jusquau-30-avril\/"]}]},{"@type":"ImageObject","inLanguage":"fr-FR","@id":"https:\/\/swissbaker.ch\/fr\/panissimo-news\/rabais-pour-reservation-anticipee-jusquau-30-avril\/#primaryimage","url":"https:\/\/swissbaker.ch\/wp-content\/uploads\/2022\/04\/csm_plakat_fbk2019_A4_d_fb_rabatt_web_9f90dc4f26.jpg","contentUrl":"https:\/\/swissbaker.ch\/wp-content\/uploads\/2022\/04\/csm_plakat_fbk2019_A4_d_fb_rabatt_web_9f90dc4f26.jpg","width":427,"height":600,"caption":"Rabais pour r\u00e9servation anticip\u00e9e jusqu\u2019au 30\u202favril"},{"@type":"BreadcrumbList","@id":"https:\/\/swissbaker.ch\/fr\/panissimo-news\/rabais-pour-reservation-anticipee-jusquau-30-avril\/#breadcrumb","itemListElement":[{"@type":"ListItem","position":1,"name":"","item":"https:\/\/swissbaker.ch\/fr\/"},{"@type":"ListItem","position":2,"name":"Association","item":"https:\/\/swissbaker.ch\/fr\/panissimo-news\/category\/association\/"},{"@type":"ListItem","position":3,"name":"Rabais pour r\u00e9servation anticip\u00e9e jusqu\u2019au 30\u202favril"}]},{"@type":"WebSite","@id":"https:\/\/swissbaker.ch\/fr\/#website","url":"https:\/\/swissbaker.ch\/fr\/","name":"SBC","description":"","publisher":{"@id":"https:\/\/swissbaker.ch\/fr\/#organization"},"potentialAction":[{"@type":"SearchAction","target":{"@type":"EntryPoint","urlTemplate":"https:\/\/swissbaker.ch\/fr\/?s={search_term_string}"},"query-input":{"@type":"PropertyValueSpecification","valueRequired":true,"valueName":"search_term_string"}}],"inLanguage":"fr-FR"},{"@type":"Organization","@id":"https:\/\/swissbaker.ch\/fr\/#organization","name":"Schweizerischer B\u00e4cker-Confiseurmeister-Verband","url":"https:\/\/swissbaker.ch\/fr\/","logo":{"@type":"ImageObject","inLanguage":"fr-FR","@id":"https:\/\/swissbaker.ch\/fr\/#\/schema\/logo\/image\/","url":"https:\/\/swissbaker.ch\/wp-content\/uploads\/2022\/04\/sbc-logo-yoast.jpg","contentUrl":"https:\/\/swissbaker.ch\/wp-content\/uploads\/2022\/04\/sbc-logo-yoast.jpg","width":512,"height":512,"caption":"Schweizerischer B\u00e4cker-Confiseurmeister-Verband"},"image":{"@id":"https:\/\/swissbaker.ch\/fr\/#\/schema\/logo\/image\/"},"sameAs":["https:\/\/www.facebook.com\/swissbaker.ch","https:\/\/x.com\/ch_swissbaker"]},{"@type":"Person","@id":"https:\/\/swissbaker.ch\/fr\/#\/schema\/person\/058ac47619f7da53df62aba60f939b78","name":"azureart","image":{"@type":"ImageObject","inLanguage":"fr-FR","@id":"https:\/\/swissbaker.ch\/fr\/#\/schema\/person\/image\/","url":"https:\/\/secure.gravatar.com\/avatar\/be04dd3098fd612c83067af4f7a295384c93cb6a9112f51beb9d2f477d25da61?s=96&d=mm&r=g","contentUrl":"https:\/\/secure.gravatar.com\/avatar\/be04dd3098fd612c83067af4f7a295384c93cb6a9112f51beb9d2f477d25da61?s=96&d=mm&r=g","caption":"azureart"},"sameAs":["https:\/\/swissbaker.ch"],"url":"https:\/\/swissbaker.ch\/fr\/panissimo-news\/author\/pixel-ahoi\/"}]}},"_links":{"self":[{"href":"https:\/\/swissbaker.ch\/fr\/wp-json\/wp\/v2\/posts\/9398","targetHints":{"allow":["GET"]}}],"collection":[{"href":"https:\/\/swissbaker.ch\/fr\/wp-json\/wp\/v2\/posts"}],"about":[{"href":"https:\/\/swissbaker.ch\/fr\/wp-json\/wp\/v2\/types\/post"}],"author":[{"embeddable":true,"href":"https:\/\/swissbaker.ch\/fr\/wp-json\/wp\/v2\/users\/1"}],"replies":[{"embeddable":true,"href":"https:\/\/swissbaker.ch\/fr\/wp-json\/wp\/v2\/comments?post=9398"}],"version-history":[{"count":0,"href":"https:\/\/swissbaker.ch\/fr\/wp-json\/wp\/v2\/posts\/9398\/revisions"}],"wp:featuredmedia":[{"embeddable":true,"href":"https:\/\/swissbaker.ch\/fr\/wp-json\/wp\/v2\/media\/6667"}],"wp:attachment":[{"href":"https:\/\/swissbaker.ch\/fr\/wp-json\/wp\/v2\/media?parent=9398"}],"wp:term":[{"taxonomy":"category","embeddable":true,"href":"https:\/\/swissbaker.ch\/fr\/wp-json\/wp\/v2\/categories?post=9398"},{"taxonomy":"post_tag","embeddable":true,"href":"https:\/\/swissbaker.ch\/fr\/wp-json\/wp\/v2\/tags?post=9398"}],"curies":[{"name":"wp","href":"https:\/\/api.w.org\/{rel}","templated":true}]}}