{"id":9373,"date":"2020-09-23T12:08:00","date_gmt":"2020-09-23T10:08:00","guid":{"rendered":"https:\/\/swissbaker.ch\/?p=9373"},"modified":"2022-05-12T09:15:04","modified_gmt":"2022-05-12T07:15:04","slug":"obligation-de-declaration-pour-le-pain-et-les-produits-de-boulangerie","status":"publish","type":"post","link":"https:\/\/swissbaker.ch\/fr\/panissimo-news\/obligation-de-declaration-pour-le-pain-et-les-produits-de-boulangerie\/","title":{"rendered":"Obligation de d\u00e9claration pour le pain et les produits de boulangerie"},"content":{"rendered":"\n<p><strong>Le Conseil des Etats veut introduire une obligation de d\u00e9claration du pain et des produits de boulangerie. Le pays de production doit \u00eatre indiqu\u00e9 dans un endroit clairement visible par la client\u00e8le.<\/strong><\/p>\n\n\n\n<p>La petite chambre a adopt\u00e9 une proposition correspondante lundi. Elle a vot\u00e9 tacitement en faveur d\u2019une motion de ses Commissions de la science, de l\u2019\u00e9ducation et de la culture. Le Conseil f\u00e9d\u00e9ral est \u00e9galement d\u2019accord avec cela, tout comme la BCS et les associations professionnelles. La prochaine d\u00e9cision sera prise par le Conseil national.<\/p>\n","protected":false},"excerpt":{"rendered":"<p>Le Conseil des Etats veut introduire une obligation de d\u00e9claration du pain et des produits de boulangerie. Le pays de production doit \u00eatre indiqu\u00e9 dans un endroit clairement visible par la client\u00e8le. La petite chambre a adopt\u00e9 une proposition correspondante lundi. Elle a vot\u00e9 tacitement en faveur d\u2019une motion de ses Commissions de la science, de l\u2019\u00e9ducation et de la [&hellip;]<\/p>\n","protected":false},"author":1,"featured_media":5668,"comment_status":"open","ping_status":"closed","sticky":false,"template":"","format":"standard","meta":{"_acf_changed":false,"footnotes":""},"categories":[44],"tags":[],"class_list":["post-9373","post","type-post","status-publish","format-standard","has-post-thumbnail","hentry","category-droit-politique"],"acf":[],"yoast_head":"<!-- This site is optimized with the Yoast SEO Premium plugin v26.8 (Yoast SEO v26.8) - https:\/\/yoast.com\/product\/yoast-seo-premium-wordpress\/ -->\n<title>Obligation de d\u00e9claration pour le pain et les produits de boulangerie | SBC<\/title>\n<meta name=\"robots\" content=\"index, follow, max-snippet:-1, max-image-preview:large, max-video-preview:-1\" \/>\n<link rel=\"canonical\" href=\"https:\/\/swissbaker.ch\/fr\/panissimo-news\/obligation-de-declaration-pour-le-pain-et-les-produits-de-boulangerie\/\" \/>\n<meta property=\"og:locale\" content=\"fr_FR\" \/>\n<meta property=\"og:type\" content=\"article\" \/>\n<meta property=\"og:title\" content=\"Obligation de d\u00e9claration pour le pain et les produits de boulangerie\" \/>\n<meta property=\"og:description\" content=\"Le Conseil des Etats veut introduire une obligation de d\u00e9claration du pain et des produits de boulangerie. Le pays de production doit \u00eatre indiqu\u00e9 dans un endroit clairement visible par la client\u00e8le. La petite chambre a adopt\u00e9 une proposition correspondante lundi. Elle a vot\u00e9 tacitement en faveur d\u2019une motion de ses Commissions de la science, de l\u2019\u00e9ducation et de la [&hellip;]\" \/>\n<meta property=\"og:url\" content=\"https:\/\/swissbaker.ch\/fr\/panissimo-news\/obligation-de-declaration-pour-le-pain-et-les-produits-de-boulangerie\/\" \/>\n<meta property=\"og:site_name\" content=\"SBC\" \/>\n<meta property=\"article:publisher\" content=\"https:\/\/www.facebook.com\/swissbaker.ch\" \/>\n<meta property=\"article:published_time\" content=\"2020-09-23T10:08:00+00:00\" \/>\n<meta property=\"article:modified_time\" content=\"2022-05-12T07:15:04+00:00\" \/>\n<meta property=\"og:image\" content=\"https:\/\/swissbaker.ch\/wp-content\/uploads\/2022\/03\/13_2_schweizerbrot_neu.jpeg\" \/>\n\t<meta property=\"og:image:width\" content=\"800\" \/>\n\t<meta property=\"og:image:height\" content=\"474\" \/>\n\t<meta property=\"og:image:type\" content=\"image\/jpeg\" \/>\n<meta name=\"author\" content=\"azureart\" \/>\n<meta name=\"twitter:card\" content=\"summary_large_image\" \/>\n<meta name=\"twitter:creator\" content=\"@ch_swissbaker\" \/>\n<meta name=\"twitter:site\" content=\"@ch_swissbaker\" \/>\n<meta name=\"twitter:label1\" content=\"Written by\" \/>\n\t<meta name=\"twitter:data1\" content=\"azureart\" \/>\n\t<meta name=\"twitter:label2\" content=\"Est. reading time\" \/>\n\t<meta name=\"twitter:data2\" content=\"1 minute\" \/>\n<script type=\"application\/ld+json\" class=\"yoast-schema-graph\">{\"@context\":\"https:\/\/schema.org\",\"@graph\":[{\"@type\":\"Article\",\"@id\":\"https:\/\/swissbaker.ch\/fr\/panissimo-news\/obligation-de-declaration-pour-le-pain-et-les-produits-de-boulangerie\/#article\",\"isPartOf\":{\"@id\":\"https:\/\/swissbaker.ch\/fr\/panissimo-news\/obligation-de-declaration-pour-le-pain-et-les-produits-de-boulangerie\/\"},\"author\":{\"name\":\"azureart\",\"@id\":\"https:\/\/swissbaker.ch\/fr\/#\/schema\/person\/058ac47619f7da53df62aba60f939b78\"},\"headline\":\"Obligation de d\u00e9claration pour le pain et les produits de boulangerie\",\"datePublished\":\"2020-09-23T10:08:00+00:00\",\"dateModified\":\"2022-05-12T07:15:04+00:00\",\"mainEntityOfPage\":{\"@id\":\"https:\/\/swissbaker.ch\/fr\/panissimo-news\/obligation-de-declaration-pour-le-pain-et-les-produits-de-boulangerie\/\"},\"wordCount\":106,\"commentCount\":0,\"publisher\":{\"@id\":\"https:\/\/swissbaker.ch\/fr\/#organization\"},\"image\":{\"@id\":\"https:\/\/swissbaker.ch\/fr\/panissimo-news\/obligation-de-declaration-pour-le-pain-et-les-produits-de-boulangerie\/#primaryimage\"},\"thumbnailUrl\":\"https:\/\/swissbaker.ch\/wp-content\/uploads\/2022\/03\/13_2_schweizerbrot_neu.jpeg\",\"articleSection\":[\"Droit &amp; politique\"],\"inLanguage\":\"fr-FR\",\"potentialAction\":[{\"@type\":\"CommentAction\",\"name\":\"Comment\",\"target\":[\"https:\/\/swissbaker.ch\/fr\/panissimo-news\/obligation-de-declaration-pour-le-pain-et-les-produits-de-boulangerie\/#respond\"]}]},{\"@type\":\"WebPage\",\"@id\":\"https:\/\/swissbaker.ch\/fr\/panissimo-news\/obligation-de-declaration-pour-le-pain-et-les-produits-de-boulangerie\/\",\"url\":\"https:\/\/swissbaker.ch\/fr\/panissimo-news\/obligation-de-declaration-pour-le-pain-et-les-produits-de-boulangerie\/\",\"name\":\"Obligation de d\u00e9claration pour le pain et les produits de boulangerie | SBC\",\"isPartOf\":{\"@id\":\"https:\/\/swissbaker.ch\/fr\/#website\"},\"primaryImageOfPage\":{\"@id\":\"https:\/\/swissbaker.ch\/fr\/panissimo-news\/obligation-de-declaration-pour-le-pain-et-les-produits-de-boulangerie\/#primaryimage\"},\"image\":{\"@id\":\"https:\/\/swissbaker.ch\/fr\/panissimo-news\/obligation-de-declaration-pour-le-pain-et-les-produits-de-boulangerie\/#primaryimage\"},\"thumbnailUrl\":\"https:\/\/swissbaker.ch\/wp-content\/uploads\/2022\/03\/13_2_schweizerbrot_neu.jpeg\",\"datePublished\":\"2020-09-23T10:08:00+00:00\",\"dateModified\":\"2022-05-12T07:15:04+00:00\",\"breadcrumb\":{\"@id\":\"https:\/\/swissbaker.ch\/fr\/panissimo-news\/obligation-de-declaration-pour-le-pain-et-les-produits-de-boulangerie\/#breadcrumb\"},\"inLanguage\":\"fr-FR\",\"potentialAction\":[{\"@type\":\"ReadAction\",\"target\":[\"https:\/\/swissbaker.ch\/fr\/panissimo-news\/obligation-de-declaration-pour-le-pain-et-les-produits-de-boulangerie\/\"]}]},{\"@type\":\"ImageObject\",\"inLanguage\":\"fr-FR\",\"@id\":\"https:\/\/swissbaker.ch\/fr\/panissimo-news\/obligation-de-declaration-pour-le-pain-et-les-produits-de-boulangerie\/#primaryimage\",\"url\":\"https:\/\/swissbaker.ch\/wp-content\/uploads\/2022\/03\/13_2_schweizerbrot_neu.jpeg\",\"contentUrl\":\"https:\/\/swissbaker.ch\/wp-content\/uploads\/2022\/03\/13_2_schweizerbrot_neu.jpeg\",\"width\":800,\"height\":474,\"caption\":\"Obligation de d\u00e9claration pour le pain et les produits de boulangerie\"},{\"@type\":\"BreadcrumbList\",\"@id\":\"https:\/\/swissbaker.ch\/fr\/panissimo-news\/obligation-de-declaration-pour-le-pain-et-les-produits-de-boulangerie\/#breadcrumb\",\"itemListElement\":[{\"@type\":\"ListItem\",\"position\":1,\"name\":\"\",\"item\":\"https:\/\/swissbaker.ch\/fr\/\"},{\"@type\":\"ListItem\",\"position\":2,\"name\":\"Droit &amp; politique\",\"item\":\"https:\/\/swissbaker.ch\/fr\/panissimo-news\/category\/droit-politique\/\"},{\"@type\":\"ListItem\",\"position\":3,\"name\":\"Obligation de d\u00e9claration pour le pain et les produits de boulangerie\"}]},{\"@type\":\"WebSite\",\"@id\":\"https:\/\/swissbaker.ch\/fr\/#website\",\"url\":\"https:\/\/swissbaker.ch\/fr\/\",\"name\":\"SBC\",\"description\":\"\",\"publisher\":{\"@id\":\"https:\/\/swissbaker.ch\/fr\/#organization\"},\"potentialAction\":[{\"@type\":\"SearchAction\",\"target\":{\"@type\":\"EntryPoint\",\"urlTemplate\":\"https:\/\/swissbaker.ch\/fr\/?s={search_term_string}\"},\"query-input\":{\"@type\":\"PropertyValueSpecification\",\"valueRequired\":true,\"valueName\":\"search_term_string\"}}],\"inLanguage\":\"fr-FR\"},{\"@type\":\"Organization\",\"@id\":\"https:\/\/swissbaker.ch\/fr\/#organization\",\"name\":\"Schweizerischer B\u00e4cker-Confiseurmeister-Verband\",\"url\":\"https:\/\/swissbaker.ch\/fr\/\",\"logo\":{\"@type\":\"ImageObject\",\"inLanguage\":\"fr-FR\",\"@id\":\"https:\/\/swissbaker.ch\/fr\/#\/schema\/logo\/image\/\",\"url\":\"https:\/\/swissbaker.ch\/wp-content\/uploads\/2022\/04\/sbc-logo-yoast.jpg\",\"contentUrl\":\"https:\/\/swissbaker.ch\/wp-content\/uploads\/2022\/04\/sbc-logo-yoast.jpg\",\"width\":512,\"height\":512,\"caption\":\"Schweizerischer B\u00e4cker-Confiseurmeister-Verband\"},\"image\":{\"@id\":\"https:\/\/swissbaker.ch\/fr\/#\/schema\/logo\/image\/\"},\"sameAs\":[\"https:\/\/www.facebook.com\/swissbaker.ch\",\"https:\/\/x.com\/ch_swissbaker\"]},{\"@type\":\"Person\",\"@id\":\"https:\/\/swissbaker.ch\/fr\/#\/schema\/person\/058ac47619f7da53df62aba60f939b78\",\"name\":\"azureart\",\"image\":{\"@type\":\"ImageObject\",\"inLanguage\":\"fr-FR\",\"@id\":\"https:\/\/swissbaker.ch\/fr\/#\/schema\/person\/image\/\",\"url\":\"https:\/\/secure.gravatar.com\/avatar\/be04dd3098fd612c83067af4f7a295384c93cb6a9112f51beb9d2f477d25da61?s=96&d=mm&r=g\",\"contentUrl\":\"https:\/\/secure.gravatar.com\/avatar\/be04dd3098fd612c83067af4f7a295384c93cb6a9112f51beb9d2f477d25da61?s=96&d=mm&r=g\",\"caption\":\"azureart\"},\"sameAs\":[\"https:\/\/swissbaker.ch\"],\"url\":\"https:\/\/swissbaker.ch\/fr\/panissimo-news\/author\/pixel-ahoi\/\"}]}<\/script>\n<!-- \/ Yoast SEO Premium plugin. -->","yoast_head_json":{"title":"Obligation de d\u00e9claration pour le pain et les produits de boulangerie | SBC","robots":{"index":"index","follow":"follow","max-snippet":"max-snippet:-1","max-image-preview":"max-image-preview:large","max-video-preview":"max-video-preview:-1"},"canonical":"https:\/\/swissbaker.ch\/fr\/panissimo-news\/obligation-de-declaration-pour-le-pain-et-les-produits-de-boulangerie\/","og_locale":"fr_FR","og_type":"article","og_title":"Obligation de d\u00e9claration pour le pain et les produits de boulangerie","og_description":"Le Conseil des Etats veut introduire une obligation de d\u00e9claration du pain et des produits de boulangerie. Le pays de production doit \u00eatre indiqu\u00e9 dans un endroit clairement visible par la client\u00e8le. La petite chambre a adopt\u00e9 une proposition correspondante lundi. Elle a vot\u00e9 tacitement en faveur d\u2019une motion de ses Commissions de la science, de l\u2019\u00e9ducation et de la [&hellip;]","og_url":"https:\/\/swissbaker.ch\/fr\/panissimo-news\/obligation-de-declaration-pour-le-pain-et-les-produits-de-boulangerie\/","og_site_name":"SBC","article_publisher":"https:\/\/www.facebook.com\/swissbaker.ch","article_published_time":"2020-09-23T10:08:00+00:00","article_modified_time":"2022-05-12T07:15:04+00:00","og_image":[{"width":800,"height":474,"url":"https:\/\/swissbaker.ch\/wp-content\/uploads\/2022\/03\/13_2_schweizerbrot_neu.jpeg","type":"image\/jpeg"}],"author":"azureart","twitter_card":"summary_large_image","twitter_creator":"@ch_swissbaker","twitter_site":"@ch_swissbaker","twitter_misc":{"Written by":"azureart","Est. reading time":"1 minute"},"schema":{"@context":"https:\/\/schema.org","@graph":[{"@type":"Article","@id":"https:\/\/swissbaker.ch\/fr\/panissimo-news\/obligation-de-declaration-pour-le-pain-et-les-produits-de-boulangerie\/#article","isPartOf":{"@id":"https:\/\/swissbaker.ch\/fr\/panissimo-news\/obligation-de-declaration-pour-le-pain-et-les-produits-de-boulangerie\/"},"author":{"name":"azureart","@id":"https:\/\/swissbaker.ch\/fr\/#\/schema\/person\/058ac47619f7da53df62aba60f939b78"},"headline":"Obligation de d\u00e9claration pour le pain et les produits de boulangerie","datePublished":"2020-09-23T10:08:00+00:00","dateModified":"2022-05-12T07:15:04+00:00","mainEntityOfPage":{"@id":"https:\/\/swissbaker.ch\/fr\/panissimo-news\/obligation-de-declaration-pour-le-pain-et-les-produits-de-boulangerie\/"},"wordCount":106,"commentCount":0,"publisher":{"@id":"https:\/\/swissbaker.ch\/fr\/#organization"},"image":{"@id":"https:\/\/swissbaker.ch\/fr\/panissimo-news\/obligation-de-declaration-pour-le-pain-et-les-produits-de-boulangerie\/#primaryimage"},"thumbnailUrl":"https:\/\/swissbaker.ch\/wp-content\/uploads\/2022\/03\/13_2_schweizerbrot_neu.jpeg","articleSection":["Droit &amp; politique"],"inLanguage":"fr-FR","potentialAction":[{"@type":"CommentAction","name":"Comment","target":["https:\/\/swissbaker.ch\/fr\/panissimo-news\/obligation-de-declaration-pour-le-pain-et-les-produits-de-boulangerie\/#respond"]}]},{"@type":"WebPage","@id":"https:\/\/swissbaker.ch\/fr\/panissimo-news\/obligation-de-declaration-pour-le-pain-et-les-produits-de-boulangerie\/","url":"https:\/\/swissbaker.ch\/fr\/panissimo-news\/obligation-de-declaration-pour-le-pain-et-les-produits-de-boulangerie\/","name":"Obligation de d\u00e9claration pour le pain et les produits de boulangerie | SBC","isPartOf":{"@id":"https:\/\/swissbaker.ch\/fr\/#website"},"primaryImageOfPage":{"@id":"https:\/\/swissbaker.ch\/fr\/panissimo-news\/obligation-de-declaration-pour-le-pain-et-les-produits-de-boulangerie\/#primaryimage"},"image":{"@id":"https:\/\/swissbaker.ch\/fr\/panissimo-news\/obligation-de-declaration-pour-le-pain-et-les-produits-de-boulangerie\/#primaryimage"},"thumbnailUrl":"https:\/\/swissbaker.ch\/wp-content\/uploads\/2022\/03\/13_2_schweizerbrot_neu.jpeg","datePublished":"2020-09-23T10:08:00+00:00","dateModified":"2022-05-12T07:15:04+00:00","breadcrumb":{"@id":"https:\/\/swissbaker.ch\/fr\/panissimo-news\/obligation-de-declaration-pour-le-pain-et-les-produits-de-boulangerie\/#breadcrumb"},"inLanguage":"fr-FR","potentialAction":[{"@type":"ReadAction","target":["https:\/\/swissbaker.ch\/fr\/panissimo-news\/obligation-de-declaration-pour-le-pain-et-les-produits-de-boulangerie\/"]}]},{"@type":"ImageObject","inLanguage":"fr-FR","@id":"https:\/\/swissbaker.ch\/fr\/panissimo-news\/obligation-de-declaration-pour-le-pain-et-les-produits-de-boulangerie\/#primaryimage","url":"https:\/\/swissbaker.ch\/wp-content\/uploads\/2022\/03\/13_2_schweizerbrot_neu.jpeg","contentUrl":"https:\/\/swissbaker.ch\/wp-content\/uploads\/2022\/03\/13_2_schweizerbrot_neu.jpeg","width":800,"height":474,"caption":"Obligation de d\u00e9claration pour le pain et les produits de boulangerie"},{"@type":"BreadcrumbList","@id":"https:\/\/swissbaker.ch\/fr\/panissimo-news\/obligation-de-declaration-pour-le-pain-et-les-produits-de-boulangerie\/#breadcrumb","itemListElement":[{"@type":"ListItem","position":1,"name":"","item":"https:\/\/swissbaker.ch\/fr\/"},{"@type":"ListItem","position":2,"name":"Droit &amp; politique","item":"https:\/\/swissbaker.ch\/fr\/panissimo-news\/category\/droit-politique\/"},{"@type":"ListItem","position":3,"name":"Obligation de d\u00e9claration pour le pain et les produits de boulangerie"}]},{"@type":"WebSite","@id":"https:\/\/swissbaker.ch\/fr\/#website","url":"https:\/\/swissbaker.ch\/fr\/","name":"SBC","description":"","publisher":{"@id":"https:\/\/swissbaker.ch\/fr\/#organization"},"potentialAction":[{"@type":"SearchAction","target":{"@type":"EntryPoint","urlTemplate":"https:\/\/swissbaker.ch\/fr\/?s={search_term_string}"},"query-input":{"@type":"PropertyValueSpecification","valueRequired":true,"valueName":"search_term_string"}}],"inLanguage":"fr-FR"},{"@type":"Organization","@id":"https:\/\/swissbaker.ch\/fr\/#organization","name":"Schweizerischer B\u00e4cker-Confiseurmeister-Verband","url":"https:\/\/swissbaker.ch\/fr\/","logo":{"@type":"ImageObject","inLanguage":"fr-FR","@id":"https:\/\/swissbaker.ch\/fr\/#\/schema\/logo\/image\/","url":"https:\/\/swissbaker.ch\/wp-content\/uploads\/2022\/04\/sbc-logo-yoast.jpg","contentUrl":"https:\/\/swissbaker.ch\/wp-content\/uploads\/2022\/04\/sbc-logo-yoast.jpg","width":512,"height":512,"caption":"Schweizerischer B\u00e4cker-Confiseurmeister-Verband"},"image":{"@id":"https:\/\/swissbaker.ch\/fr\/#\/schema\/logo\/image\/"},"sameAs":["https:\/\/www.facebook.com\/swissbaker.ch","https:\/\/x.com\/ch_swissbaker"]},{"@type":"Person","@id":"https:\/\/swissbaker.ch\/fr\/#\/schema\/person\/058ac47619f7da53df62aba60f939b78","name":"azureart","image":{"@type":"ImageObject","inLanguage":"fr-FR","@id":"https:\/\/swissbaker.ch\/fr\/#\/schema\/person\/image\/","url":"https:\/\/secure.gravatar.com\/avatar\/be04dd3098fd612c83067af4f7a295384c93cb6a9112f51beb9d2f477d25da61?s=96&d=mm&r=g","contentUrl":"https:\/\/secure.gravatar.com\/avatar\/be04dd3098fd612c83067af4f7a295384c93cb6a9112f51beb9d2f477d25da61?s=96&d=mm&r=g","caption":"azureart"},"sameAs":["https:\/\/swissbaker.ch"],"url":"https:\/\/swissbaker.ch\/fr\/panissimo-news\/author\/pixel-ahoi\/"}]}},"_links":{"self":[{"href":"https:\/\/swissbaker.ch\/fr\/wp-json\/wp\/v2\/posts\/9373","targetHints":{"allow":["GET"]}}],"collection":[{"href":"https:\/\/swissbaker.ch\/fr\/wp-json\/wp\/v2\/posts"}],"about":[{"href":"https:\/\/swissbaker.ch\/fr\/wp-json\/wp\/v2\/types\/post"}],"author":[{"embeddable":true,"href":"https:\/\/swissbaker.ch\/fr\/wp-json\/wp\/v2\/users\/1"}],"replies":[{"embeddable":true,"href":"https:\/\/swissbaker.ch\/fr\/wp-json\/wp\/v2\/comments?post=9373"}],"version-history":[{"count":0,"href":"https:\/\/swissbaker.ch\/fr\/wp-json\/wp\/v2\/posts\/9373\/revisions"}],"wp:featuredmedia":[{"embeddable":true,"href":"https:\/\/swissbaker.ch\/fr\/wp-json\/wp\/v2\/media\/5668"}],"wp:attachment":[{"href":"https:\/\/swissbaker.ch\/fr\/wp-json\/wp\/v2\/media?parent=9373"}],"wp:term":[{"taxonomy":"category","embeddable":true,"href":"https:\/\/swissbaker.ch\/fr\/wp-json\/wp\/v2\/categories?post=9373"},{"taxonomy":"post_tag","embeddable":true,"href":"https:\/\/swissbaker.ch\/fr\/wp-json\/wp\/v2\/tags?post=9373"}],"curies":[{"name":"wp","href":"https:\/\/api.w.org\/{rel}","templated":true}]}}