{"id":9363,"date":"2018-02-28T17:32:00","date_gmt":"2018-02-28T16:32:00","guid":{"rendered":"https:\/\/swissbaker.ch\/?p=9363"},"modified":"2022-05-12T09:08:51","modified_gmt":"2022-05-12T07:08:51","slug":"une-vitrine-formidable-pour-la-formation-professionnelle","status":"publish","type":"post","link":"https:\/\/swissbaker.ch\/fr\/panissimo-news\/une-vitrine-formidable-pour-la-formation-professionnelle\/","title":{"rendered":"Une vitrine formidable pour la formation professionnelle"},"content":{"rendered":"\n<p><strong>Du 12 au 16 septembre, les SwissSkills 2018 donneront l\u2019occasion de plonger dans le monde fascinant de la formation professionnelle suisse : 135 professions dont celles de la boulangerie-confiserie seront \u00e0 d\u00e9couvrir en direct, dans le cadre du deuxi\u00e8me Concours suisse des m\u00e9tiers \u00e0 Berne.<\/strong><\/p>\n\n\n\n<p>\u00ab SwissSkills est une vitrine formidable pour la formation professionnelle \u00bb, a d\u00e9clar\u00e9 le conseiller f\u00e9d\u00e9ral Johann Schneider-Ammann lors de la conf\u00e9rence m\u00e9diatique du SwissSkills Day. \u00ab Apr\u00e8s le franc succ\u00e8s rencontr\u00e9 par le SwissSkills Team l\u2019automne pass\u00e9, les SwissSkills 2018 prendront la rel\u00e8ve cette ann\u00e9e, permettant \u00e0 chacun de d\u00e9couvrir la qualit\u00e9 de notre syst\u00e8me dual de la formation professionnelle et les nombreuses possibilit\u00e9s qu\u2019il offre. \u00bb<\/p>\n\n\n\n<h2 class=\"wp-block-heading\" id=\"h-plus-grand-spectacle-professionnel-du-monde\">Plus grand spectacle professionnel du monde<\/h2>\n\n\n\n<p>En vue des championnats des m\u00e9tiers, on construira une \u00e9norme \u00ab usine temporaire \u00bb pour accueillir 135 m\u00e9tiers et 1100 participants sur le site de Bernexpo. Les SwissSkills 2018 constituent le plus grand spectacle professionnel au monde. Les chiffres parlent d\u2019ailleurs d\u2019eux-m\u00eames :<\/p>\n\n\n\n<ul class=\"wp-block-list\"><li>75 championnats des m\u00e9tiers et 60 d\u00e9monstrations de professions ;<\/li><li>plus de 1100 participants aux championnats des m\u00e9tiers ;<\/li><li>plus de 150 000 visiteurs, dont 45 000 \u00e9coliers ;<\/li><li>une surface \u00e9quivalente \u00e0 celle de 14 terrains de football (env. 100000m2) pour pr\u00e9senter 135 m\u00e9tiers en live ;<\/li><li>dans le cadre de MySkills, les visiteurs pourront s\u2019essayer \u00e0 une centaine de m\u00e9tiers.<\/li><\/ul>\n\n\n\n<h2 class=\"wp-block-heading\">Un budget de 16,5 millions de francs<\/h2>\n\n\n\n<p>\u00ab Les pr\u00e9paratifs battent leur plein et ont bien progress\u00e9 \u00bb, explique Ruedi Fl\u00fcckiger, vice-pr\u00e9sident de l\u2019association SwissSkills Berne. Le chef des finances de l\u2019\u00e9v\u00e9nement salue la participation exemplaire des parties : \u00ab Le financement du budget pour l\u2019organisation de cet \u00e9v\u00e9nement, qui s\u2019\u00e9l\u00e8ve \u00e0 16,5 millions de francs, est en grande partie assur\u00e9 par le secteur public (la Conf\u00e9d\u00e9ration, le canton de Berne et la ville de Berne). Mais les SwissSkills 2018 b\u00e9n\u00e9ficient aussi du soutien du secteur priv\u00e9. Environ 27 % de ce budget est couvert par les sponsors priv\u00e9s et les subventions de fondations \u00bb. Cette contribution priv\u00e9e est encore plus consid\u00e9rable si l\u2019on compte les co\u00fbts des associations professionnelles rien que pour l\u2019organisation des comp\u00e9titions et des d\u00e9monstrations, couverts principalement par des sponsors et des donateurs priv\u00e9s. Ruedi Fl\u00fcckiger estime que ce montant se situe entre 20 et 25 millions de francs. Il salue donc l\u2019initiative et l\u2019engagement des associations professionnelles.<\/p>\n\n\n\n<h2 class=\"wp-block-heading\">L\u2019initiative SwissSkills : un bilan positif apr\u00e8s la premi\u00e8re ann\u00e9e<\/h2>\n\n\n\n<p>Les SwissSkills 2018 font partie de l\u2019initiative SwissSkills, lanc\u00e9e il y a une ann\u00e9e, et notamment soutenue par la Conf\u00e9d\u00e9ration. Cette initiative s\u2019appuie sur trois piliers : le SwissSkills Team (\u00e9quipe nationale de m\u00e9tiers), SwissSkills 2018 et SwissSkills Career. \u00ab Nous nous sommes fix\u00e9s comme objectif de nous appuyer encore plus sur les championnats des m\u00e9tiers nationaux et internationaux pour promouvoir davantage la formation professionnelle suisse \u00bb, explique Reto Wyss, pr\u00e9sident de la fondation SwissSkills.<\/p>\n","protected":false},"excerpt":{"rendered":"<p>Du 12 au 16 septembre, les SwissSkills 2018 donneront l\u2019occasion de plonger dans le monde fascinant de la formation professionnelle suisse : 135 professions dont celles de la boulangerie-confiserie seront \u00e0 d\u00e9couvrir en direct, dans le cadre du deuxi\u00e8me Concours suisse des m\u00e9tiers \u00e0 Berne. \u00ab SwissSkills est une vitrine formidable pour la formation professionnelle \u00bb, a d\u00e9clar\u00e9 le conseiller [&hellip;]<\/p>\n","protected":false},"author":1,"featured_media":6687,"comment_status":"open","ping_status":"closed","sticky":false,"template":"","format":"standard","meta":{"_acf_changed":false,"footnotes":""},"categories":[46],"tags":[],"class_list":["post-9363","post","type-post","status-publish","format-standard","has-post-thumbnail","hentry","category-evenement"],"acf":[],"yoast_head":"<!-- This site is optimized with the Yoast SEO Premium plugin v26.8 (Yoast SEO v26.8) - https:\/\/yoast.com\/product\/yoast-seo-premium-wordpress\/ -->\n<title>Une vitrine formidable pour la formation professionnelle | SBC<\/title>\n<meta name=\"robots\" content=\"index, follow, max-snippet:-1, max-image-preview:large, max-video-preview:-1\" \/>\n<link rel=\"canonical\" href=\"https:\/\/swissbaker.ch\/fr\/panissimo-news\/une-vitrine-formidable-pour-la-formation-professionnelle\/\" \/>\n<meta property=\"og:locale\" content=\"fr_FR\" \/>\n<meta property=\"og:type\" content=\"article\" \/>\n<meta property=\"og:title\" content=\"Une vitrine formidable pour la formation professionnelle\" \/>\n<meta property=\"og:description\" content=\"Du 12 au 16 septembre, les SwissSkills 2018 donneront l\u2019occasion de plonger dans le monde fascinant de la formation professionnelle suisse : 135 professions dont celles de la boulangerie-confiserie seront \u00e0 d\u00e9couvrir en direct, dans le cadre du deuxi\u00e8me Concours suisse des m\u00e9tiers \u00e0 Berne. \u00ab SwissSkills est une vitrine formidable pour la formation professionnelle \u00bb, a d\u00e9clar\u00e9 le conseiller [&hellip;]\" \/>\n<meta property=\"og:url\" content=\"https:\/\/swissbaker.ch\/fr\/panissimo-news\/une-vitrine-formidable-pour-la-formation-professionnelle\/\" \/>\n<meta property=\"og:site_name\" content=\"SBC\" \/>\n<meta property=\"article:publisher\" content=\"https:\/\/www.facebook.com\/swissbaker.ch\" \/>\n<meta property=\"article:published_time\" content=\"2018-02-28T16:32:00+00:00\" \/>\n<meta property=\"article:modified_time\" content=\"2022-05-12T07:08:51+00:00\" \/>\n<meta property=\"og:image\" content=\"https:\/\/swissbaker.ch\/wp-content\/uploads\/2022\/04\/SwissSkills2018_CMYK_web2.jpg\" \/>\n\t<meta property=\"og:image:width\" content=\"800\" \/>\n\t<meta property=\"og:image:height\" content=\"474\" \/>\n\t<meta property=\"og:image:type\" content=\"image\/jpeg\" \/>\n<meta name=\"author\" content=\"azureart\" \/>\n<meta name=\"twitter:card\" content=\"summary_large_image\" \/>\n<meta name=\"twitter:creator\" content=\"@ch_swissbaker\" \/>\n<meta name=\"twitter:site\" content=\"@ch_swissbaker\" \/>\n<meta name=\"twitter:label1\" content=\"Written by\" \/>\n\t<meta name=\"twitter:data1\" content=\"azureart\" \/>\n\t<meta name=\"twitter:label2\" content=\"Est. reading time\" \/>\n\t<meta name=\"twitter:data2\" content=\"3 minutes\" \/>\n<script type=\"application\/ld+json\" class=\"yoast-schema-graph\">{\"@context\":\"https:\/\/schema.org\",\"@graph\":[{\"@type\":\"Article\",\"@id\":\"https:\/\/swissbaker.ch\/fr\/panissimo-news\/une-vitrine-formidable-pour-la-formation-professionnelle\/#article\",\"isPartOf\":{\"@id\":\"https:\/\/swissbaker.ch\/fr\/panissimo-news\/une-vitrine-formidable-pour-la-formation-professionnelle\/\"},\"author\":{\"name\":\"azureart\",\"@id\":\"https:\/\/swissbaker.ch\/fr\/#\/schema\/person\/058ac47619f7da53df62aba60f939b78\"},\"headline\":\"Une vitrine formidable pour la formation professionnelle\",\"datePublished\":\"2018-02-28T16:32:00+00:00\",\"dateModified\":\"2022-05-12T07:08:51+00:00\",\"mainEntityOfPage\":{\"@id\":\"https:\/\/swissbaker.ch\/fr\/panissimo-news\/une-vitrine-formidable-pour-la-formation-professionnelle\/\"},\"wordCount\":495,\"commentCount\":0,\"publisher\":{\"@id\":\"https:\/\/swissbaker.ch\/fr\/#organization\"},\"image\":{\"@id\":\"https:\/\/swissbaker.ch\/fr\/panissimo-news\/une-vitrine-formidable-pour-la-formation-professionnelle\/#primaryimage\"},\"thumbnailUrl\":\"https:\/\/swissbaker.ch\/wp-content\/uploads\/2022\/04\/SwissSkills2018_CMYK_web2.jpg\",\"articleSection\":[\"Ev\u00e9nement\"],\"inLanguage\":\"fr-FR\",\"potentialAction\":[{\"@type\":\"CommentAction\",\"name\":\"Comment\",\"target\":[\"https:\/\/swissbaker.ch\/fr\/panissimo-news\/une-vitrine-formidable-pour-la-formation-professionnelle\/#respond\"]}]},{\"@type\":\"WebPage\",\"@id\":\"https:\/\/swissbaker.ch\/fr\/panissimo-news\/une-vitrine-formidable-pour-la-formation-professionnelle\/\",\"url\":\"https:\/\/swissbaker.ch\/fr\/panissimo-news\/une-vitrine-formidable-pour-la-formation-professionnelle\/\",\"name\":\"Une vitrine formidable pour la formation professionnelle | SBC\",\"isPartOf\":{\"@id\":\"https:\/\/swissbaker.ch\/fr\/#website\"},\"primaryImageOfPage\":{\"@id\":\"https:\/\/swissbaker.ch\/fr\/panissimo-news\/une-vitrine-formidable-pour-la-formation-professionnelle\/#primaryimage\"},\"image\":{\"@id\":\"https:\/\/swissbaker.ch\/fr\/panissimo-news\/une-vitrine-formidable-pour-la-formation-professionnelle\/#primaryimage\"},\"thumbnailUrl\":\"https:\/\/swissbaker.ch\/wp-content\/uploads\/2022\/04\/SwissSkills2018_CMYK_web2.jpg\",\"datePublished\":\"2018-02-28T16:32:00+00:00\",\"dateModified\":\"2022-05-12T07:08:51+00:00\",\"breadcrumb\":{\"@id\":\"https:\/\/swissbaker.ch\/fr\/panissimo-news\/une-vitrine-formidable-pour-la-formation-professionnelle\/#breadcrumb\"},\"inLanguage\":\"fr-FR\",\"potentialAction\":[{\"@type\":\"ReadAction\",\"target\":[\"https:\/\/swissbaker.ch\/fr\/panissimo-news\/une-vitrine-formidable-pour-la-formation-professionnelle\/\"]}]},{\"@type\":\"ImageObject\",\"inLanguage\":\"fr-FR\",\"@id\":\"https:\/\/swissbaker.ch\/fr\/panissimo-news\/une-vitrine-formidable-pour-la-formation-professionnelle\/#primaryimage\",\"url\":\"https:\/\/swissbaker.ch\/wp-content\/uploads\/2022\/04\/SwissSkills2018_CMYK_web2.jpg\",\"contentUrl\":\"https:\/\/swissbaker.ch\/wp-content\/uploads\/2022\/04\/SwissSkills2018_CMYK_web2.jpg\",\"width\":800,\"height\":474,\"caption\":\"Une vitrine formidable pour la formation professionnelle\"},{\"@type\":\"BreadcrumbList\",\"@id\":\"https:\/\/swissbaker.ch\/fr\/panissimo-news\/une-vitrine-formidable-pour-la-formation-professionnelle\/#breadcrumb\",\"itemListElement\":[{\"@type\":\"ListItem\",\"position\":1,\"name\":\"\",\"item\":\"https:\/\/swissbaker.ch\/fr\/\"},{\"@type\":\"ListItem\",\"position\":2,\"name\":\"Ev\u00e9nement\",\"item\":\"https:\/\/swissbaker.ch\/fr\/panissimo-news\/category\/evenement\/\"},{\"@type\":\"ListItem\",\"position\":3,\"name\":\"Une vitrine formidable pour la formation professionnelle\"}]},{\"@type\":\"WebSite\",\"@id\":\"https:\/\/swissbaker.ch\/fr\/#website\",\"url\":\"https:\/\/swissbaker.ch\/fr\/\",\"name\":\"SBC\",\"description\":\"\",\"publisher\":{\"@id\":\"https:\/\/swissbaker.ch\/fr\/#organization\"},\"potentialAction\":[{\"@type\":\"SearchAction\",\"target\":{\"@type\":\"EntryPoint\",\"urlTemplate\":\"https:\/\/swissbaker.ch\/fr\/?s={search_term_string}\"},\"query-input\":{\"@type\":\"PropertyValueSpecification\",\"valueRequired\":true,\"valueName\":\"search_term_string\"}}],\"inLanguage\":\"fr-FR\"},{\"@type\":\"Organization\",\"@id\":\"https:\/\/swissbaker.ch\/fr\/#organization\",\"name\":\"Schweizerischer B\u00e4cker-Confiseurmeister-Verband\",\"url\":\"https:\/\/swissbaker.ch\/fr\/\",\"logo\":{\"@type\":\"ImageObject\",\"inLanguage\":\"fr-FR\",\"@id\":\"https:\/\/swissbaker.ch\/fr\/#\/schema\/logo\/image\/\",\"url\":\"https:\/\/swissbaker.ch\/wp-content\/uploads\/2022\/04\/sbc-logo-yoast.jpg\",\"contentUrl\":\"https:\/\/swissbaker.ch\/wp-content\/uploads\/2022\/04\/sbc-logo-yoast.jpg\",\"width\":512,\"height\":512,\"caption\":\"Schweizerischer B\u00e4cker-Confiseurmeister-Verband\"},\"image\":{\"@id\":\"https:\/\/swissbaker.ch\/fr\/#\/schema\/logo\/image\/\"},\"sameAs\":[\"https:\/\/www.facebook.com\/swissbaker.ch\",\"https:\/\/x.com\/ch_swissbaker\"]},{\"@type\":\"Person\",\"@id\":\"https:\/\/swissbaker.ch\/fr\/#\/schema\/person\/058ac47619f7da53df62aba60f939b78\",\"name\":\"azureart\",\"image\":{\"@type\":\"ImageObject\",\"inLanguage\":\"fr-FR\",\"@id\":\"https:\/\/swissbaker.ch\/fr\/#\/schema\/person\/image\/\",\"url\":\"https:\/\/secure.gravatar.com\/avatar\/be04dd3098fd612c83067af4f7a295384c93cb6a9112f51beb9d2f477d25da61?s=96&d=mm&r=g\",\"contentUrl\":\"https:\/\/secure.gravatar.com\/avatar\/be04dd3098fd612c83067af4f7a295384c93cb6a9112f51beb9d2f477d25da61?s=96&d=mm&r=g\",\"caption\":\"azureart\"},\"sameAs\":[\"https:\/\/swissbaker.ch\"],\"url\":\"https:\/\/swissbaker.ch\/fr\/panissimo-news\/author\/pixel-ahoi\/\"}]}<\/script>\n<!-- \/ Yoast SEO Premium plugin. -->","yoast_head_json":{"title":"Une vitrine formidable pour la formation professionnelle | SBC","robots":{"index":"index","follow":"follow","max-snippet":"max-snippet:-1","max-image-preview":"max-image-preview:large","max-video-preview":"max-video-preview:-1"},"canonical":"https:\/\/swissbaker.ch\/fr\/panissimo-news\/une-vitrine-formidable-pour-la-formation-professionnelle\/","og_locale":"fr_FR","og_type":"article","og_title":"Une vitrine formidable pour la formation professionnelle","og_description":"Du 12 au 16 septembre, les SwissSkills 2018 donneront l\u2019occasion de plonger dans le monde fascinant de la formation professionnelle suisse : 135 professions dont celles de la boulangerie-confiserie seront \u00e0 d\u00e9couvrir en direct, dans le cadre du deuxi\u00e8me Concours suisse des m\u00e9tiers \u00e0 Berne. \u00ab SwissSkills est une vitrine formidable pour la formation professionnelle \u00bb, a d\u00e9clar\u00e9 le conseiller [&hellip;]","og_url":"https:\/\/swissbaker.ch\/fr\/panissimo-news\/une-vitrine-formidable-pour-la-formation-professionnelle\/","og_site_name":"SBC","article_publisher":"https:\/\/www.facebook.com\/swissbaker.ch","article_published_time":"2018-02-28T16:32:00+00:00","article_modified_time":"2022-05-12T07:08:51+00:00","og_image":[{"width":800,"height":474,"url":"https:\/\/swissbaker.ch\/wp-content\/uploads\/2022\/04\/SwissSkills2018_CMYK_web2.jpg","type":"image\/jpeg"}],"author":"azureart","twitter_card":"summary_large_image","twitter_creator":"@ch_swissbaker","twitter_site":"@ch_swissbaker","twitter_misc":{"Written by":"azureart","Est. reading time":"3 minutes"},"schema":{"@context":"https:\/\/schema.org","@graph":[{"@type":"Article","@id":"https:\/\/swissbaker.ch\/fr\/panissimo-news\/une-vitrine-formidable-pour-la-formation-professionnelle\/#article","isPartOf":{"@id":"https:\/\/swissbaker.ch\/fr\/panissimo-news\/une-vitrine-formidable-pour-la-formation-professionnelle\/"},"author":{"name":"azureart","@id":"https:\/\/swissbaker.ch\/fr\/#\/schema\/person\/058ac47619f7da53df62aba60f939b78"},"headline":"Une vitrine formidable pour la formation professionnelle","datePublished":"2018-02-28T16:32:00+00:00","dateModified":"2022-05-12T07:08:51+00:00","mainEntityOfPage":{"@id":"https:\/\/swissbaker.ch\/fr\/panissimo-news\/une-vitrine-formidable-pour-la-formation-professionnelle\/"},"wordCount":495,"commentCount":0,"publisher":{"@id":"https:\/\/swissbaker.ch\/fr\/#organization"},"image":{"@id":"https:\/\/swissbaker.ch\/fr\/panissimo-news\/une-vitrine-formidable-pour-la-formation-professionnelle\/#primaryimage"},"thumbnailUrl":"https:\/\/swissbaker.ch\/wp-content\/uploads\/2022\/04\/SwissSkills2018_CMYK_web2.jpg","articleSection":["Ev\u00e9nement"],"inLanguage":"fr-FR","potentialAction":[{"@type":"CommentAction","name":"Comment","target":["https:\/\/swissbaker.ch\/fr\/panissimo-news\/une-vitrine-formidable-pour-la-formation-professionnelle\/#respond"]}]},{"@type":"WebPage","@id":"https:\/\/swissbaker.ch\/fr\/panissimo-news\/une-vitrine-formidable-pour-la-formation-professionnelle\/","url":"https:\/\/swissbaker.ch\/fr\/panissimo-news\/une-vitrine-formidable-pour-la-formation-professionnelle\/","name":"Une vitrine formidable pour la formation professionnelle | SBC","isPartOf":{"@id":"https:\/\/swissbaker.ch\/fr\/#website"},"primaryImageOfPage":{"@id":"https:\/\/swissbaker.ch\/fr\/panissimo-news\/une-vitrine-formidable-pour-la-formation-professionnelle\/#primaryimage"},"image":{"@id":"https:\/\/swissbaker.ch\/fr\/panissimo-news\/une-vitrine-formidable-pour-la-formation-professionnelle\/#primaryimage"},"thumbnailUrl":"https:\/\/swissbaker.ch\/wp-content\/uploads\/2022\/04\/SwissSkills2018_CMYK_web2.jpg","datePublished":"2018-02-28T16:32:00+00:00","dateModified":"2022-05-12T07:08:51+00:00","breadcrumb":{"@id":"https:\/\/swissbaker.ch\/fr\/panissimo-news\/une-vitrine-formidable-pour-la-formation-professionnelle\/#breadcrumb"},"inLanguage":"fr-FR","potentialAction":[{"@type":"ReadAction","target":["https:\/\/swissbaker.ch\/fr\/panissimo-news\/une-vitrine-formidable-pour-la-formation-professionnelle\/"]}]},{"@type":"ImageObject","inLanguage":"fr-FR","@id":"https:\/\/swissbaker.ch\/fr\/panissimo-news\/une-vitrine-formidable-pour-la-formation-professionnelle\/#primaryimage","url":"https:\/\/swissbaker.ch\/wp-content\/uploads\/2022\/04\/SwissSkills2018_CMYK_web2.jpg","contentUrl":"https:\/\/swissbaker.ch\/wp-content\/uploads\/2022\/04\/SwissSkills2018_CMYK_web2.jpg","width":800,"height":474,"caption":"Une vitrine formidable pour la formation professionnelle"},{"@type":"BreadcrumbList","@id":"https:\/\/swissbaker.ch\/fr\/panissimo-news\/une-vitrine-formidable-pour-la-formation-professionnelle\/#breadcrumb","itemListElement":[{"@type":"ListItem","position":1,"name":"","item":"https:\/\/swissbaker.ch\/fr\/"},{"@type":"ListItem","position":2,"name":"Ev\u00e9nement","item":"https:\/\/swissbaker.ch\/fr\/panissimo-news\/category\/evenement\/"},{"@type":"ListItem","position":3,"name":"Une vitrine formidable pour la formation professionnelle"}]},{"@type":"WebSite","@id":"https:\/\/swissbaker.ch\/fr\/#website","url":"https:\/\/swissbaker.ch\/fr\/","name":"SBC","description":"","publisher":{"@id":"https:\/\/swissbaker.ch\/fr\/#organization"},"potentialAction":[{"@type":"SearchAction","target":{"@type":"EntryPoint","urlTemplate":"https:\/\/swissbaker.ch\/fr\/?s={search_term_string}"},"query-input":{"@type":"PropertyValueSpecification","valueRequired":true,"valueName":"search_term_string"}}],"inLanguage":"fr-FR"},{"@type":"Organization","@id":"https:\/\/swissbaker.ch\/fr\/#organization","name":"Schweizerischer B\u00e4cker-Confiseurmeister-Verband","url":"https:\/\/swissbaker.ch\/fr\/","logo":{"@type":"ImageObject","inLanguage":"fr-FR","@id":"https:\/\/swissbaker.ch\/fr\/#\/schema\/logo\/image\/","url":"https:\/\/swissbaker.ch\/wp-content\/uploads\/2022\/04\/sbc-logo-yoast.jpg","contentUrl":"https:\/\/swissbaker.ch\/wp-content\/uploads\/2022\/04\/sbc-logo-yoast.jpg","width":512,"height":512,"caption":"Schweizerischer B\u00e4cker-Confiseurmeister-Verband"},"image":{"@id":"https:\/\/swissbaker.ch\/fr\/#\/schema\/logo\/image\/"},"sameAs":["https:\/\/www.facebook.com\/swissbaker.ch","https:\/\/x.com\/ch_swissbaker"]},{"@type":"Person","@id":"https:\/\/swissbaker.ch\/fr\/#\/schema\/person\/058ac47619f7da53df62aba60f939b78","name":"azureart","image":{"@type":"ImageObject","inLanguage":"fr-FR","@id":"https:\/\/swissbaker.ch\/fr\/#\/schema\/person\/image\/","url":"https:\/\/secure.gravatar.com\/avatar\/be04dd3098fd612c83067af4f7a295384c93cb6a9112f51beb9d2f477d25da61?s=96&d=mm&r=g","contentUrl":"https:\/\/secure.gravatar.com\/avatar\/be04dd3098fd612c83067af4f7a295384c93cb6a9112f51beb9d2f477d25da61?s=96&d=mm&r=g","caption":"azureart"},"sameAs":["https:\/\/swissbaker.ch"],"url":"https:\/\/swissbaker.ch\/fr\/panissimo-news\/author\/pixel-ahoi\/"}]}},"_links":{"self":[{"href":"https:\/\/swissbaker.ch\/fr\/wp-json\/wp\/v2\/posts\/9363","targetHints":{"allow":["GET"]}}],"collection":[{"href":"https:\/\/swissbaker.ch\/fr\/wp-json\/wp\/v2\/posts"}],"about":[{"href":"https:\/\/swissbaker.ch\/fr\/wp-json\/wp\/v2\/types\/post"}],"author":[{"embeddable":true,"href":"https:\/\/swissbaker.ch\/fr\/wp-json\/wp\/v2\/users\/1"}],"replies":[{"embeddable":true,"href":"https:\/\/swissbaker.ch\/fr\/wp-json\/wp\/v2\/comments?post=9363"}],"version-history":[{"count":0,"href":"https:\/\/swissbaker.ch\/fr\/wp-json\/wp\/v2\/posts\/9363\/revisions"}],"wp:featuredmedia":[{"embeddable":true,"href":"https:\/\/swissbaker.ch\/fr\/wp-json\/wp\/v2\/media\/6687"}],"wp:attachment":[{"href":"https:\/\/swissbaker.ch\/fr\/wp-json\/wp\/v2\/media?parent=9363"}],"wp:term":[{"taxonomy":"category","embeddable":true,"href":"https:\/\/swissbaker.ch\/fr\/wp-json\/wp\/v2\/categories?post=9363"},{"taxonomy":"post_tag","embeddable":true,"href":"https:\/\/swissbaker.ch\/fr\/wp-json\/wp\/v2\/tags?post=9363"}],"curies":[{"name":"wp","href":"https:\/\/api.w.org\/{rel}","templated":true}]}}