{"id":9306,"date":"2020-10-07T08:36:00","date_gmt":"2020-10-07T06:36:00","guid":{"rendered":"https:\/\/swissbaker.ch\/?p=9306"},"modified":"2022-06-27T16:08:51","modified_gmt":"2022-06-27T14:08:51","slug":"baptiste-debons-nouveau-pain-dor-du-valais","status":"publish","type":"post","link":"https:\/\/swissbaker.ch\/fr\/panissimo-news\/baptiste-debons-nouveau-pain-dor-du-valais\/","title":{"rendered":"Baptiste Debons, nouveau Pain d\u2019or du Valais"},"content":{"rendered":"\n<p><strong>A l\u2019occasion de leur Chapitre bisannuel, les Chevaliers valaisans du bon pain ont attribu\u00e9 le troph\u00e9e du Pain d\u2019or \u00e0 Baptiste Debons, patron de DB Les Artisans \u00e0 Savi\u00e8se. Ils ont \u00e9galement remis sept \u00e9toiles.<\/strong><\/p>\n\n\n\n<p>La Confr\u00e9rie valaisanne des Chevaliers du Bon Pain a tenu son Chapitre bisannuel dans le cadre de la r\u00e9union d\u2019automne de l\u2019Ordre suisse, le lundi, 5\u202foctobre, \u00e0 la Chapelle du Beulet, \u00e0 St-L\u00e9onard (VS). Le Grand Ma\u00eetre valaisan, Albert Salamin de Grimentz, a pr\u00e9sid\u00e9 la c\u00e9r\u00e9monie, en la pr\u00e9sence du Grand Ma\u00eetre de l\u2019Ordre suisse, Robert Porchet.<br>Les chevaliers sont soumis obligatoirement aux \u00e9valuations bisannuelles. Lorsqu\u2019ils obtiennent \u00e0 nouveau le total de 270 points lors de trois \u00e9valuations, ils re\u00e7oivent une \u00e9toile. Ont re\u00e7u cette ann\u00e9e\u2009:<\/p>\n\n\n\n<ul class=\"wp-block-list\"><li>une 5e \u00e9toile\u2009: Alphonse Pellet (St-L\u00e9onard)\u2009;<\/li><li>une 2e \u00e9toile\u2009: Claude Gaillard (Sion) Nicolas Taillens (Crans-Montana) et Werner Moreillon (Sierre)\u2009;<\/li><li>une 1\u00e8re \u00e9toile\u2009: Paul Mathieu, (Lo\u00e8che), Albert Michellod (Leytron) et Alexander Zuber (Stalden).<\/li><\/ul>\n\n\n\n<h2 class=\"wp-block-heading\" id=\"h-de-sembrancher-a-saviese\">De Sembrancher \u00e0 Savi\u00e8se<\/h2>\n\n\n\n<p>L\u2019artisan qui a obtenu le meilleur r\u00e9sultat lors de l\u2019\u00e9valuation re\u00e7oit le Pain d\u2019or. L\u2019ancien laur\u00e9at, Didier Michellod (Sembrancher) a transmis cette ann\u00e9e le troph\u00e9e \u00e0 Baptiste Debons. Le boulanger-p\u00e2tissier de Savi\u00e8se portera ce titre pendant deux ans.<\/p>\n","protected":false},"excerpt":{"rendered":"<p>A l\u2019occasion de leur Chapitre bisannuel, les Chevaliers valaisans du bon pain ont attribu\u00e9 le troph\u00e9e du Pain d\u2019or \u00e0 Baptiste Debons, patron de DB Les Artisans \u00e0 Savi\u00e8se. Ils ont \u00e9galement remis sept \u00e9toiles. La Confr\u00e9rie valaisanne des Chevaliers du Bon Pain a tenu son Chapitre bisannuel dans le cadre de la r\u00e9union d\u2019automne de l\u2019Ordre suisse, le lundi, [&hellip;]<\/p>\n","protected":false},"author":1,"featured_media":9307,"comment_status":"open","ping_status":"closed","sticky":false,"template":"","format":"standard","meta":{"_acf_changed":false,"footnotes":""},"categories":[47],"tags":[],"class_list":["post-9306","post","type-post","status-publish","format-standard","has-post-thumbnail","hentry","category-formation-releve"],"acf":[],"yoast_head":"<!-- This site is optimized with the Yoast SEO Premium plugin v26.8 (Yoast SEO v26.8) - https:\/\/yoast.com\/product\/yoast-seo-premium-wordpress\/ -->\n<title>Baptiste Debons, nouveau Pain d\u2019or du Valais | SBC<\/title>\n<meta name=\"robots\" content=\"index, follow, max-snippet:-1, max-image-preview:large, max-video-preview:-1\" \/>\n<link rel=\"canonical\" href=\"https:\/\/swissbaker.ch\/fr\/panissimo-news\/baptiste-debons-nouveau-pain-dor-du-valais\/\" \/>\n<meta property=\"og:locale\" content=\"fr_FR\" \/>\n<meta property=\"og:type\" content=\"article\" \/>\n<meta property=\"og:title\" content=\"Baptiste Debons, nouveau Pain d\u2019or du Valais\" \/>\n<meta property=\"og:description\" content=\"A l\u2019occasion de leur Chapitre bisannuel, les Chevaliers valaisans du bon pain ont attribu\u00e9 le troph\u00e9e du Pain d\u2019or \u00e0 Baptiste Debons, patron de DB Les Artisans \u00e0 Savi\u00e8se. Ils ont \u00e9galement remis sept \u00e9toiles. La Confr\u00e9rie valaisanne des Chevaliers du Bon Pain a tenu son Chapitre bisannuel dans le cadre de la r\u00e9union d\u2019automne de l\u2019Ordre suisse, le lundi, [&hellip;]\" \/>\n<meta property=\"og:url\" content=\"https:\/\/swissbaker.ch\/fr\/panissimo-news\/baptiste-debons-nouveau-pain-dor-du-valais\/\" \/>\n<meta property=\"og:site_name\" content=\"SBC\" \/>\n<meta property=\"article:publisher\" content=\"https:\/\/www.facebook.com\/swissbaker.ch\" \/>\n<meta property=\"article:published_time\" content=\"2020-10-07T06:36:00+00:00\" \/>\n<meta property=\"article:modified_time\" content=\"2022-06-27T14:08:51+00:00\" \/>\n<meta property=\"og:image\" content=\"https:\/\/swissbaker.ch\/wp-content\/uploads\/2022\/05\/chevaliers_neu.jpeg\" \/>\n\t<meta property=\"og:image:width\" content=\"800\" \/>\n\t<meta property=\"og:image:height\" content=\"474\" \/>\n\t<meta property=\"og:image:type\" content=\"image\/jpeg\" \/>\n<meta name=\"author\" content=\"azureart\" \/>\n<meta name=\"twitter:card\" content=\"summary_large_image\" \/>\n<meta name=\"twitter:creator\" content=\"@ch_swissbaker\" \/>\n<meta name=\"twitter:site\" content=\"@ch_swissbaker\" \/>\n<meta name=\"twitter:label1\" content=\"Written by\" \/>\n\t<meta name=\"twitter:data1\" content=\"azureart\" \/>\n\t<meta name=\"twitter:label2\" content=\"Est. reading time\" \/>\n\t<meta name=\"twitter:data2\" content=\"2 minutes\" \/>\n<script type=\"application\/ld+json\" class=\"yoast-schema-graph\">{\"@context\":\"https:\/\/schema.org\",\"@graph\":[{\"@type\":\"Article\",\"@id\":\"https:\/\/swissbaker.ch\/fr\/panissimo-news\/baptiste-debons-nouveau-pain-dor-du-valais\/#article\",\"isPartOf\":{\"@id\":\"https:\/\/swissbaker.ch\/fr\/panissimo-news\/baptiste-debons-nouveau-pain-dor-du-valais\/\"},\"author\":{\"name\":\"azureart\",\"@id\":\"https:\/\/swissbaker.ch\/fr\/#\/schema\/person\/058ac47619f7da53df62aba60f939b78\"},\"headline\":\"Baptiste Debons, nouveau Pain d\u2019or du Valais\",\"datePublished\":\"2020-10-07T06:36:00+00:00\",\"dateModified\":\"2022-06-27T14:08:51+00:00\",\"mainEntityOfPage\":{\"@id\":\"https:\/\/swissbaker.ch\/fr\/panissimo-news\/baptiste-debons-nouveau-pain-dor-du-valais\/\"},\"wordCount\":229,\"commentCount\":0,\"publisher\":{\"@id\":\"https:\/\/swissbaker.ch\/fr\/#organization\"},\"image\":{\"@id\":\"https:\/\/swissbaker.ch\/fr\/panissimo-news\/baptiste-debons-nouveau-pain-dor-du-valais\/#primaryimage\"},\"thumbnailUrl\":\"https:\/\/swissbaker.ch\/wp-content\/uploads\/2022\/05\/chevaliers_neu.jpeg\",\"articleSection\":[\"Formation\/Rel\u00e8ve\"],\"inLanguage\":\"fr-FR\",\"potentialAction\":[{\"@type\":\"CommentAction\",\"name\":\"Comment\",\"target\":[\"https:\/\/swissbaker.ch\/fr\/panissimo-news\/baptiste-debons-nouveau-pain-dor-du-valais\/#respond\"]}]},{\"@type\":\"WebPage\",\"@id\":\"https:\/\/swissbaker.ch\/fr\/panissimo-news\/baptiste-debons-nouveau-pain-dor-du-valais\/\",\"url\":\"https:\/\/swissbaker.ch\/fr\/panissimo-news\/baptiste-debons-nouveau-pain-dor-du-valais\/\",\"name\":\"Baptiste Debons, nouveau Pain d\u2019or du Valais | SBC\",\"isPartOf\":{\"@id\":\"https:\/\/swissbaker.ch\/fr\/#website\"},\"primaryImageOfPage\":{\"@id\":\"https:\/\/swissbaker.ch\/fr\/panissimo-news\/baptiste-debons-nouveau-pain-dor-du-valais\/#primaryimage\"},\"image\":{\"@id\":\"https:\/\/swissbaker.ch\/fr\/panissimo-news\/baptiste-debons-nouveau-pain-dor-du-valais\/#primaryimage\"},\"thumbnailUrl\":\"https:\/\/swissbaker.ch\/wp-content\/uploads\/2022\/05\/chevaliers_neu.jpeg\",\"datePublished\":\"2020-10-07T06:36:00+00:00\",\"dateModified\":\"2022-06-27T14:08:51+00:00\",\"breadcrumb\":{\"@id\":\"https:\/\/swissbaker.ch\/fr\/panissimo-news\/baptiste-debons-nouveau-pain-dor-du-valais\/#breadcrumb\"},\"inLanguage\":\"fr-FR\",\"potentialAction\":[{\"@type\":\"ReadAction\",\"target\":[\"https:\/\/swissbaker.ch\/fr\/panissimo-news\/baptiste-debons-nouveau-pain-dor-du-valais\/\"]}]},{\"@type\":\"ImageObject\",\"inLanguage\":\"fr-FR\",\"@id\":\"https:\/\/swissbaker.ch\/fr\/panissimo-news\/baptiste-debons-nouveau-pain-dor-du-valais\/#primaryimage\",\"url\":\"https:\/\/swissbaker.ch\/wp-content\/uploads\/2022\/05\/chevaliers_neu.jpeg\",\"contentUrl\":\"https:\/\/swissbaker.ch\/wp-content\/uploads\/2022\/05\/chevaliers_neu.jpeg\",\"width\":800,\"height\":474,\"caption\":\"Baptiste Debons, nouveau Pain d\u2019or du Valais\"},{\"@type\":\"BreadcrumbList\",\"@id\":\"https:\/\/swissbaker.ch\/fr\/panissimo-news\/baptiste-debons-nouveau-pain-dor-du-valais\/#breadcrumb\",\"itemListElement\":[{\"@type\":\"ListItem\",\"position\":1,\"name\":\"\",\"item\":\"https:\/\/swissbaker.ch\/fr\/\"},{\"@type\":\"ListItem\",\"position\":2,\"name\":\"Formation\/Rel\u00e8ve\",\"item\":\"https:\/\/swissbaker.ch\/fr\/panissimo-news\/category\/formation-releve\/\"},{\"@type\":\"ListItem\",\"position\":3,\"name\":\"Baptiste Debons, nouveau Pain d\u2019or du Valais\"}]},{\"@type\":\"WebSite\",\"@id\":\"https:\/\/swissbaker.ch\/fr\/#website\",\"url\":\"https:\/\/swissbaker.ch\/fr\/\",\"name\":\"SBC\",\"description\":\"\",\"publisher\":{\"@id\":\"https:\/\/swissbaker.ch\/fr\/#organization\"},\"potentialAction\":[{\"@type\":\"SearchAction\",\"target\":{\"@type\":\"EntryPoint\",\"urlTemplate\":\"https:\/\/swissbaker.ch\/fr\/?s={search_term_string}\"},\"query-input\":{\"@type\":\"PropertyValueSpecification\",\"valueRequired\":true,\"valueName\":\"search_term_string\"}}],\"inLanguage\":\"fr-FR\"},{\"@type\":\"Organization\",\"@id\":\"https:\/\/swissbaker.ch\/fr\/#organization\",\"name\":\"Schweizerischer B\u00e4cker-Confiseurmeister-Verband\",\"url\":\"https:\/\/swissbaker.ch\/fr\/\",\"logo\":{\"@type\":\"ImageObject\",\"inLanguage\":\"fr-FR\",\"@id\":\"https:\/\/swissbaker.ch\/fr\/#\/schema\/logo\/image\/\",\"url\":\"https:\/\/swissbaker.ch\/wp-content\/uploads\/2022\/04\/sbc-logo-yoast.jpg\",\"contentUrl\":\"https:\/\/swissbaker.ch\/wp-content\/uploads\/2022\/04\/sbc-logo-yoast.jpg\",\"width\":512,\"height\":512,\"caption\":\"Schweizerischer B\u00e4cker-Confiseurmeister-Verband\"},\"image\":{\"@id\":\"https:\/\/swissbaker.ch\/fr\/#\/schema\/logo\/image\/\"},\"sameAs\":[\"https:\/\/www.facebook.com\/swissbaker.ch\",\"https:\/\/x.com\/ch_swissbaker\"]},{\"@type\":\"Person\",\"@id\":\"https:\/\/swissbaker.ch\/fr\/#\/schema\/person\/058ac47619f7da53df62aba60f939b78\",\"name\":\"azureart\",\"image\":{\"@type\":\"ImageObject\",\"inLanguage\":\"fr-FR\",\"@id\":\"https:\/\/swissbaker.ch\/fr\/#\/schema\/person\/image\/\",\"url\":\"https:\/\/secure.gravatar.com\/avatar\/be04dd3098fd612c83067af4f7a295384c93cb6a9112f51beb9d2f477d25da61?s=96&d=mm&r=g\",\"contentUrl\":\"https:\/\/secure.gravatar.com\/avatar\/be04dd3098fd612c83067af4f7a295384c93cb6a9112f51beb9d2f477d25da61?s=96&d=mm&r=g\",\"caption\":\"azureart\"},\"sameAs\":[\"https:\/\/swissbaker.ch\"],\"url\":\"https:\/\/swissbaker.ch\/fr\/panissimo-news\/author\/pixel-ahoi\/\"}]}<\/script>\n<!-- \/ Yoast SEO Premium plugin. -->","yoast_head_json":{"title":"Baptiste Debons, nouveau Pain d\u2019or du Valais | SBC","robots":{"index":"index","follow":"follow","max-snippet":"max-snippet:-1","max-image-preview":"max-image-preview:large","max-video-preview":"max-video-preview:-1"},"canonical":"https:\/\/swissbaker.ch\/fr\/panissimo-news\/baptiste-debons-nouveau-pain-dor-du-valais\/","og_locale":"fr_FR","og_type":"article","og_title":"Baptiste Debons, nouveau Pain d\u2019or du Valais","og_description":"A l\u2019occasion de leur Chapitre bisannuel, les Chevaliers valaisans du bon pain ont attribu\u00e9 le troph\u00e9e du Pain d\u2019or \u00e0 Baptiste Debons, patron de DB Les Artisans \u00e0 Savi\u00e8se. Ils ont \u00e9galement remis sept \u00e9toiles. La Confr\u00e9rie valaisanne des Chevaliers du Bon Pain a tenu son Chapitre bisannuel dans le cadre de la r\u00e9union d\u2019automne de l\u2019Ordre suisse, le lundi, [&hellip;]","og_url":"https:\/\/swissbaker.ch\/fr\/panissimo-news\/baptiste-debons-nouveau-pain-dor-du-valais\/","og_site_name":"SBC","article_publisher":"https:\/\/www.facebook.com\/swissbaker.ch","article_published_time":"2020-10-07T06:36:00+00:00","article_modified_time":"2022-06-27T14:08:51+00:00","og_image":[{"width":800,"height":474,"url":"https:\/\/swissbaker.ch\/wp-content\/uploads\/2022\/05\/chevaliers_neu.jpeg","type":"image\/jpeg"}],"author":"azureart","twitter_card":"summary_large_image","twitter_creator":"@ch_swissbaker","twitter_site":"@ch_swissbaker","twitter_misc":{"Written by":"azureart","Est. reading time":"2 minutes"},"schema":{"@context":"https:\/\/schema.org","@graph":[{"@type":"Article","@id":"https:\/\/swissbaker.ch\/fr\/panissimo-news\/baptiste-debons-nouveau-pain-dor-du-valais\/#article","isPartOf":{"@id":"https:\/\/swissbaker.ch\/fr\/panissimo-news\/baptiste-debons-nouveau-pain-dor-du-valais\/"},"author":{"name":"azureart","@id":"https:\/\/swissbaker.ch\/fr\/#\/schema\/person\/058ac47619f7da53df62aba60f939b78"},"headline":"Baptiste Debons, nouveau Pain d\u2019or du Valais","datePublished":"2020-10-07T06:36:00+00:00","dateModified":"2022-06-27T14:08:51+00:00","mainEntityOfPage":{"@id":"https:\/\/swissbaker.ch\/fr\/panissimo-news\/baptiste-debons-nouveau-pain-dor-du-valais\/"},"wordCount":229,"commentCount":0,"publisher":{"@id":"https:\/\/swissbaker.ch\/fr\/#organization"},"image":{"@id":"https:\/\/swissbaker.ch\/fr\/panissimo-news\/baptiste-debons-nouveau-pain-dor-du-valais\/#primaryimage"},"thumbnailUrl":"https:\/\/swissbaker.ch\/wp-content\/uploads\/2022\/05\/chevaliers_neu.jpeg","articleSection":["Formation\/Rel\u00e8ve"],"inLanguage":"fr-FR","potentialAction":[{"@type":"CommentAction","name":"Comment","target":["https:\/\/swissbaker.ch\/fr\/panissimo-news\/baptiste-debons-nouveau-pain-dor-du-valais\/#respond"]}]},{"@type":"WebPage","@id":"https:\/\/swissbaker.ch\/fr\/panissimo-news\/baptiste-debons-nouveau-pain-dor-du-valais\/","url":"https:\/\/swissbaker.ch\/fr\/panissimo-news\/baptiste-debons-nouveau-pain-dor-du-valais\/","name":"Baptiste Debons, nouveau Pain d\u2019or du Valais | SBC","isPartOf":{"@id":"https:\/\/swissbaker.ch\/fr\/#website"},"primaryImageOfPage":{"@id":"https:\/\/swissbaker.ch\/fr\/panissimo-news\/baptiste-debons-nouveau-pain-dor-du-valais\/#primaryimage"},"image":{"@id":"https:\/\/swissbaker.ch\/fr\/panissimo-news\/baptiste-debons-nouveau-pain-dor-du-valais\/#primaryimage"},"thumbnailUrl":"https:\/\/swissbaker.ch\/wp-content\/uploads\/2022\/05\/chevaliers_neu.jpeg","datePublished":"2020-10-07T06:36:00+00:00","dateModified":"2022-06-27T14:08:51+00:00","breadcrumb":{"@id":"https:\/\/swissbaker.ch\/fr\/panissimo-news\/baptiste-debons-nouveau-pain-dor-du-valais\/#breadcrumb"},"inLanguage":"fr-FR","potentialAction":[{"@type":"ReadAction","target":["https:\/\/swissbaker.ch\/fr\/panissimo-news\/baptiste-debons-nouveau-pain-dor-du-valais\/"]}]},{"@type":"ImageObject","inLanguage":"fr-FR","@id":"https:\/\/swissbaker.ch\/fr\/panissimo-news\/baptiste-debons-nouveau-pain-dor-du-valais\/#primaryimage","url":"https:\/\/swissbaker.ch\/wp-content\/uploads\/2022\/05\/chevaliers_neu.jpeg","contentUrl":"https:\/\/swissbaker.ch\/wp-content\/uploads\/2022\/05\/chevaliers_neu.jpeg","width":800,"height":474,"caption":"Baptiste Debons, nouveau Pain d\u2019or du Valais"},{"@type":"BreadcrumbList","@id":"https:\/\/swissbaker.ch\/fr\/panissimo-news\/baptiste-debons-nouveau-pain-dor-du-valais\/#breadcrumb","itemListElement":[{"@type":"ListItem","position":1,"name":"","item":"https:\/\/swissbaker.ch\/fr\/"},{"@type":"ListItem","position":2,"name":"Formation\/Rel\u00e8ve","item":"https:\/\/swissbaker.ch\/fr\/panissimo-news\/category\/formation-releve\/"},{"@type":"ListItem","position":3,"name":"Baptiste Debons, nouveau Pain d\u2019or du Valais"}]},{"@type":"WebSite","@id":"https:\/\/swissbaker.ch\/fr\/#website","url":"https:\/\/swissbaker.ch\/fr\/","name":"SBC","description":"","publisher":{"@id":"https:\/\/swissbaker.ch\/fr\/#organization"},"potentialAction":[{"@type":"SearchAction","target":{"@type":"EntryPoint","urlTemplate":"https:\/\/swissbaker.ch\/fr\/?s={search_term_string}"},"query-input":{"@type":"PropertyValueSpecification","valueRequired":true,"valueName":"search_term_string"}}],"inLanguage":"fr-FR"},{"@type":"Organization","@id":"https:\/\/swissbaker.ch\/fr\/#organization","name":"Schweizerischer B\u00e4cker-Confiseurmeister-Verband","url":"https:\/\/swissbaker.ch\/fr\/","logo":{"@type":"ImageObject","inLanguage":"fr-FR","@id":"https:\/\/swissbaker.ch\/fr\/#\/schema\/logo\/image\/","url":"https:\/\/swissbaker.ch\/wp-content\/uploads\/2022\/04\/sbc-logo-yoast.jpg","contentUrl":"https:\/\/swissbaker.ch\/wp-content\/uploads\/2022\/04\/sbc-logo-yoast.jpg","width":512,"height":512,"caption":"Schweizerischer B\u00e4cker-Confiseurmeister-Verband"},"image":{"@id":"https:\/\/swissbaker.ch\/fr\/#\/schema\/logo\/image\/"},"sameAs":["https:\/\/www.facebook.com\/swissbaker.ch","https:\/\/x.com\/ch_swissbaker"]},{"@type":"Person","@id":"https:\/\/swissbaker.ch\/fr\/#\/schema\/person\/058ac47619f7da53df62aba60f939b78","name":"azureart","image":{"@type":"ImageObject","inLanguage":"fr-FR","@id":"https:\/\/swissbaker.ch\/fr\/#\/schema\/person\/image\/","url":"https:\/\/secure.gravatar.com\/avatar\/be04dd3098fd612c83067af4f7a295384c93cb6a9112f51beb9d2f477d25da61?s=96&d=mm&r=g","contentUrl":"https:\/\/secure.gravatar.com\/avatar\/be04dd3098fd612c83067af4f7a295384c93cb6a9112f51beb9d2f477d25da61?s=96&d=mm&r=g","caption":"azureart"},"sameAs":["https:\/\/swissbaker.ch"],"url":"https:\/\/swissbaker.ch\/fr\/panissimo-news\/author\/pixel-ahoi\/"}]}},"_links":{"self":[{"href":"https:\/\/swissbaker.ch\/fr\/wp-json\/wp\/v2\/posts\/9306","targetHints":{"allow":["GET"]}}],"collection":[{"href":"https:\/\/swissbaker.ch\/fr\/wp-json\/wp\/v2\/posts"}],"about":[{"href":"https:\/\/swissbaker.ch\/fr\/wp-json\/wp\/v2\/types\/post"}],"author":[{"embeddable":true,"href":"https:\/\/swissbaker.ch\/fr\/wp-json\/wp\/v2\/users\/1"}],"replies":[{"embeddable":true,"href":"https:\/\/swissbaker.ch\/fr\/wp-json\/wp\/v2\/comments?post=9306"}],"version-history":[{"count":0,"href":"https:\/\/swissbaker.ch\/fr\/wp-json\/wp\/v2\/posts\/9306\/revisions"}],"wp:featuredmedia":[{"embeddable":true,"href":"https:\/\/swissbaker.ch\/fr\/wp-json\/wp\/v2\/media\/9307"}],"wp:attachment":[{"href":"https:\/\/swissbaker.ch\/fr\/wp-json\/wp\/v2\/media?parent=9306"}],"wp:term":[{"taxonomy":"category","embeddable":true,"href":"https:\/\/swissbaker.ch\/fr\/wp-json\/wp\/v2\/categories?post=9306"},{"taxonomy":"post_tag","embeddable":true,"href":"https:\/\/swissbaker.ch\/fr\/wp-json\/wp\/v2\/tags?post=9306"}],"curies":[{"name":"wp","href":"https:\/\/api.w.org\/{rel}","templated":true}]}}