{"id":9279,"date":"2020-10-21T10:55:00","date_gmt":"2020-10-21T08:55:00","guid":{"rendered":"https:\/\/swissbaker.ch\/?p=9279"},"modified":"2022-05-12T08:23:42","modified_gmt":"2022-05-12T06:23:42","slug":"la-selection-pour-la-suisse-a-commence","status":"publish","type":"post","link":"https:\/\/swissbaker.ch\/fr\/panissimo-news\/la-selection-pour-la-suisse-a-commence\/","title":{"rendered":"La s\u00e9lection pour la Suisse a commenc\u00e9"},"content":{"rendered":"\n<p><strong>Les boulangers-confiseurs suisses peuvent d\u00e9sormais s\u2019inscrire \u00e0 la deuxi\u00e8me Championnat du monde du panettone du 5 au 7 novembre 2021 \u00e0 Lugano. La date limite d\u2019inscription est fix\u00e9e au 7 novembre 2020 et le jury d\u2019experts se r\u00e9unira le 5 d\u00e9cembre pour s\u00e9lectionner les trois finalistes suisses.<\/strong><\/p>\n\n\n\n<p>La Coppa del mondo del panettone est organis\u00e9e par l\u2019Association cantonale du Tes-sin (SMPPC). \u00abLa situation actuelle avec le Covid-19 nous met malheureusement \u00e0 rude \u00e9preuve\u00bb, explique \u00e0 \u00abpanissimo\u00bb l\u2019initiateur de la Coppa del mondo del panettone, Giuseppe Piffaretti, membre du conseil d\u2019administration de la SMPPC. Mais il est confiant: \u00abNous allons r\u00e9ussir ensemble! L\u2019aventure continue! Nous n\u2019abandonnerons pas!\u00bb<\/p>\n\n\n\n<h2 class=\"wp-block-heading\" id=\"h-selection-internationale\">S\u00e9lection internationale<\/h2>\n\n\n\n<p>Les s\u00e9lections italiennes sont actuellement en cours avec environ 90 participants. Elles ont lieu \u00e0 trois dates et lieux diff\u00e9rents. En Italie, les jurys sont compos\u00e9s de personnalit\u00e9s \u00e9minentes: le chef \u00e9toil\u00e9 Carlo Cracco, le sommelier Paolo Basso, champion du monde 2013 et champion d\u2019Europe 2010, et Paolo Loraschi, le coach de renomm\u00e9e internationale, Debora Massari, fille du ma\u00eetre confiseur Iginio Massari, Davide Malizia, le nouveau laur\u00e9at du prix, qui est d\u00e9cern\u00e9 tous les 10 ans au meilleur artiste sucrier du monde. D\u2019autres s\u00e9lections auront lieu en France, en Espagne et aux \u00c9tats-Unis.<\/p>\n\n\n\n<h2 class=\"wp-block-heading\" id=\"h-inscription-et-information\">Inscription et information<\/h2>\n\n\n\n<p>Les boulangers-confiseurs int\u00e9ress\u00e9s peuvent se porter candidats \u00e0 la proc\u00e9dure de s\u00e9lection en remplissant un formulaire de candidature \u00e0 t\u00e9l\u00e9charger sur le site web du SMPPC. La date limite d\u2019inscription est fix\u00e9e au 7 novembre.<\/p>\n\n\n\n<p><strong>Inscription \u00e0 la \u00abS\u00e9lection nationale\u00bb du 2\u00e8me Championnat du monde du panettone \u00e0 Lugano<\/strong><\/p>\n\n\n\n<ul class=\"wp-block-list\"><li>Organisateur: SMPPC \u2013 Societ\u00e0 Mastri Panettieri-Pasticcieri-Confettieri del Canton Ticino, Lugano, Tel. 091 923 38 28<\/li><li>Date et lieu: samedi, 5.\u200912.\u20092020, Villa Ciani, Lugano<\/li><li>Admissibles \u00e0 participer: exploitations membres de la BCS<\/li><li>Formulaire d\u2019inscription et conditions: smppc.ch\u2009\/coppa-del-mondo-2021<\/li><li>Date limite d\u2019inscription: samedi, 7.\u200911.\u20092020 \u2013 info(at)smppc.ch<\/li><li>Coppa del mondo del panettone: 5\u2009\u2013\u20097.\u200911.\u20092021 \u00e0 Lugano<\/li><\/ul>\n","protected":false},"excerpt":{"rendered":"<p>Les boulangers-confiseurs suisses peuvent d\u00e9sormais s\u2019inscrire \u00e0 la deuxi\u00e8me Championnat du monde du panettone du 5 au 7 novembre 2021 \u00e0 Lugano. La date limite d\u2019inscription est fix\u00e9e au 7 novembre 2020 et le jury d\u2019experts se r\u00e9unira le 5 d\u00e9cembre pour s\u00e9lectionner les trois finalistes suisses. La Coppa del mondo del panettone est organis\u00e9e par l\u2019Association cantonale du Tes-sin [&hellip;]<\/p>\n","protected":false},"author":1,"featured_media":5640,"comment_status":"open","ping_status":"closed","sticky":false,"template":"","format":"standard","meta":{"_acf_changed":false,"footnotes":""},"categories":[41,43],"tags":[],"class_list":["post-9279","post","type-post","status-publish","format-standard","has-post-thumbnail","hentry","category-association","category-concours"],"acf":[],"yoast_head":"<!-- This site is optimized with the Yoast SEO Premium plugin v26.8 (Yoast SEO v26.8) - https:\/\/yoast.com\/product\/yoast-seo-premium-wordpress\/ -->\n<title>La s\u00e9lection pour la Suisse a commenc\u00e9 | SBC<\/title>\n<meta name=\"robots\" content=\"index, follow, max-snippet:-1, max-image-preview:large, max-video-preview:-1\" \/>\n<link rel=\"canonical\" href=\"https:\/\/swissbaker.ch\/fr\/panissimo-news\/la-selection-pour-la-suisse-a-commence\/\" \/>\n<meta property=\"og:locale\" content=\"fr_FR\" \/>\n<meta property=\"og:type\" content=\"article\" \/>\n<meta property=\"og:title\" content=\"La s\u00e9lection pour la Suisse a commenc\u00e9\" \/>\n<meta property=\"og:description\" content=\"Les boulangers-confiseurs suisses peuvent d\u00e9sormais s\u2019inscrire \u00e0 la deuxi\u00e8me Championnat du monde du panettone du 5 au 7 novembre 2021 \u00e0 Lugano. La date limite d\u2019inscription est fix\u00e9e au 7 novembre 2020 et le jury d\u2019experts se r\u00e9unira le 5 d\u00e9cembre pour s\u00e9lectionner les trois finalistes suisses. La Coppa del mondo del panettone est organis\u00e9e par l\u2019Association cantonale du Tes-sin [&hellip;]\" \/>\n<meta property=\"og:url\" content=\"https:\/\/swissbaker.ch\/fr\/panissimo-news\/la-selection-pour-la-suisse-a-commence\/\" \/>\n<meta property=\"og:site_name\" content=\"SBC\" \/>\n<meta property=\"article:publisher\" content=\"https:\/\/www.facebook.com\/swissbaker.ch\" \/>\n<meta property=\"article:published_time\" content=\"2020-10-21T08:55:00+00:00\" \/>\n<meta property=\"article:modified_time\" content=\"2022-05-12T06:23:42+00:00\" \/>\n<meta property=\"og:image\" content=\"https:\/\/swissbaker.ch\/wp-content\/uploads\/2022\/03\/21_1_panettone.jpeg\" \/>\n\t<meta property=\"og:image:width\" content=\"800\" \/>\n\t<meta property=\"og:image:height\" content=\"474\" \/>\n\t<meta property=\"og:image:type\" content=\"image\/jpeg\" \/>\n<meta name=\"author\" content=\"azureart\" \/>\n<meta name=\"twitter:card\" content=\"summary_large_image\" \/>\n<meta name=\"twitter:creator\" content=\"@ch_swissbaker\" \/>\n<meta name=\"twitter:site\" content=\"@ch_swissbaker\" \/>\n<meta name=\"twitter:label1\" content=\"Written by\" \/>\n\t<meta name=\"twitter:data1\" content=\"azureart\" \/>\n\t<meta name=\"twitter:label2\" content=\"Est. reading time\" \/>\n\t<meta name=\"twitter:data2\" content=\"2 minutes\" \/>\n<script type=\"application\/ld+json\" class=\"yoast-schema-graph\">{\"@context\":\"https:\/\/schema.org\",\"@graph\":[{\"@type\":\"Article\",\"@id\":\"https:\/\/swissbaker.ch\/fr\/panissimo-news\/la-selection-pour-la-suisse-a-commence\/#article\",\"isPartOf\":{\"@id\":\"https:\/\/swissbaker.ch\/fr\/panissimo-news\/la-selection-pour-la-suisse-a-commence\/\"},\"author\":{\"name\":\"azureart\",\"@id\":\"https:\/\/swissbaker.ch\/fr\/#\/schema\/person\/058ac47619f7da53df62aba60f939b78\"},\"headline\":\"La s\u00e9lection pour la Suisse a commenc\u00e9\",\"datePublished\":\"2020-10-21T08:55:00+00:00\",\"dateModified\":\"2022-05-12T06:23:42+00:00\",\"mainEntityOfPage\":{\"@id\":\"https:\/\/swissbaker.ch\/fr\/panissimo-news\/la-selection-pour-la-suisse-a-commence\/\"},\"wordCount\":325,\"commentCount\":0,\"publisher\":{\"@id\":\"https:\/\/swissbaker.ch\/fr\/#organization\"},\"image\":{\"@id\":\"https:\/\/swissbaker.ch\/fr\/panissimo-news\/la-selection-pour-la-suisse-a-commence\/#primaryimage\"},\"thumbnailUrl\":\"https:\/\/swissbaker.ch\/wp-content\/uploads\/2022\/03\/21_1_panettone.jpeg\",\"articleSection\":[\"Association\",\"Concours\"],\"inLanguage\":\"fr-FR\",\"potentialAction\":[{\"@type\":\"CommentAction\",\"name\":\"Comment\",\"target\":[\"https:\/\/swissbaker.ch\/fr\/panissimo-news\/la-selection-pour-la-suisse-a-commence\/#respond\"]}]},{\"@type\":\"WebPage\",\"@id\":\"https:\/\/swissbaker.ch\/fr\/panissimo-news\/la-selection-pour-la-suisse-a-commence\/\",\"url\":\"https:\/\/swissbaker.ch\/fr\/panissimo-news\/la-selection-pour-la-suisse-a-commence\/\",\"name\":\"La s\u00e9lection pour la Suisse a commenc\u00e9 | SBC\",\"isPartOf\":{\"@id\":\"https:\/\/swissbaker.ch\/fr\/#website\"},\"primaryImageOfPage\":{\"@id\":\"https:\/\/swissbaker.ch\/fr\/panissimo-news\/la-selection-pour-la-suisse-a-commence\/#primaryimage\"},\"image\":{\"@id\":\"https:\/\/swissbaker.ch\/fr\/panissimo-news\/la-selection-pour-la-suisse-a-commence\/#primaryimage\"},\"thumbnailUrl\":\"https:\/\/swissbaker.ch\/wp-content\/uploads\/2022\/03\/21_1_panettone.jpeg\",\"datePublished\":\"2020-10-21T08:55:00+00:00\",\"dateModified\":\"2022-05-12T06:23:42+00:00\",\"breadcrumb\":{\"@id\":\"https:\/\/swissbaker.ch\/fr\/panissimo-news\/la-selection-pour-la-suisse-a-commence\/#breadcrumb\"},\"inLanguage\":\"fr-FR\",\"potentialAction\":[{\"@type\":\"ReadAction\",\"target\":[\"https:\/\/swissbaker.ch\/fr\/panissimo-news\/la-selection-pour-la-suisse-a-commence\/\"]}]},{\"@type\":\"ImageObject\",\"inLanguage\":\"fr-FR\",\"@id\":\"https:\/\/swissbaker.ch\/fr\/panissimo-news\/la-selection-pour-la-suisse-a-commence\/#primaryimage\",\"url\":\"https:\/\/swissbaker.ch\/wp-content\/uploads\/2022\/03\/21_1_panettone.jpeg\",\"contentUrl\":\"https:\/\/swissbaker.ch\/wp-content\/uploads\/2022\/03\/21_1_panettone.jpeg\",\"width\":800,\"height\":474,\"caption\":\"La s\u00e9lection pour la Suisse a commenc\u00e9\"},{\"@type\":\"BreadcrumbList\",\"@id\":\"https:\/\/swissbaker.ch\/fr\/panissimo-news\/la-selection-pour-la-suisse-a-commence\/#breadcrumb\",\"itemListElement\":[{\"@type\":\"ListItem\",\"position\":1,\"name\":\"\",\"item\":\"https:\/\/swissbaker.ch\/fr\/\"},{\"@type\":\"ListItem\",\"position\":2,\"name\":\"Association\",\"item\":\"https:\/\/swissbaker.ch\/fr\/panissimo-news\/category\/association\/\"},{\"@type\":\"ListItem\",\"position\":3,\"name\":\"La s\u00e9lection pour la Suisse a commenc\u00e9\"}]},{\"@type\":\"WebSite\",\"@id\":\"https:\/\/swissbaker.ch\/fr\/#website\",\"url\":\"https:\/\/swissbaker.ch\/fr\/\",\"name\":\"SBC\",\"description\":\"\",\"publisher\":{\"@id\":\"https:\/\/swissbaker.ch\/fr\/#organization\"},\"potentialAction\":[{\"@type\":\"SearchAction\",\"target\":{\"@type\":\"EntryPoint\",\"urlTemplate\":\"https:\/\/swissbaker.ch\/fr\/?s={search_term_string}\"},\"query-input\":{\"@type\":\"PropertyValueSpecification\",\"valueRequired\":true,\"valueName\":\"search_term_string\"}}],\"inLanguage\":\"fr-FR\"},{\"@type\":\"Organization\",\"@id\":\"https:\/\/swissbaker.ch\/fr\/#organization\",\"name\":\"Schweizerischer B\u00e4cker-Confiseurmeister-Verband\",\"url\":\"https:\/\/swissbaker.ch\/fr\/\",\"logo\":{\"@type\":\"ImageObject\",\"inLanguage\":\"fr-FR\",\"@id\":\"https:\/\/swissbaker.ch\/fr\/#\/schema\/logo\/image\/\",\"url\":\"https:\/\/swissbaker.ch\/wp-content\/uploads\/2022\/04\/sbc-logo-yoast.jpg\",\"contentUrl\":\"https:\/\/swissbaker.ch\/wp-content\/uploads\/2022\/04\/sbc-logo-yoast.jpg\",\"width\":512,\"height\":512,\"caption\":\"Schweizerischer B\u00e4cker-Confiseurmeister-Verband\"},\"image\":{\"@id\":\"https:\/\/swissbaker.ch\/fr\/#\/schema\/logo\/image\/\"},\"sameAs\":[\"https:\/\/www.facebook.com\/swissbaker.ch\",\"https:\/\/x.com\/ch_swissbaker\"]},{\"@type\":\"Person\",\"@id\":\"https:\/\/swissbaker.ch\/fr\/#\/schema\/person\/058ac47619f7da53df62aba60f939b78\",\"name\":\"azureart\",\"image\":{\"@type\":\"ImageObject\",\"inLanguage\":\"fr-FR\",\"@id\":\"https:\/\/swissbaker.ch\/fr\/#\/schema\/person\/image\/\",\"url\":\"https:\/\/secure.gravatar.com\/avatar\/be04dd3098fd612c83067af4f7a295384c93cb6a9112f51beb9d2f477d25da61?s=96&d=mm&r=g\",\"contentUrl\":\"https:\/\/secure.gravatar.com\/avatar\/be04dd3098fd612c83067af4f7a295384c93cb6a9112f51beb9d2f477d25da61?s=96&d=mm&r=g\",\"caption\":\"azureart\"},\"sameAs\":[\"https:\/\/swissbaker.ch\"],\"url\":\"https:\/\/swissbaker.ch\/fr\/panissimo-news\/author\/pixel-ahoi\/\"}]}<\/script>\n<!-- \/ Yoast SEO Premium plugin. -->","yoast_head_json":{"title":"La s\u00e9lection pour la Suisse a commenc\u00e9 | SBC","robots":{"index":"index","follow":"follow","max-snippet":"max-snippet:-1","max-image-preview":"max-image-preview:large","max-video-preview":"max-video-preview:-1"},"canonical":"https:\/\/swissbaker.ch\/fr\/panissimo-news\/la-selection-pour-la-suisse-a-commence\/","og_locale":"fr_FR","og_type":"article","og_title":"La s\u00e9lection pour la Suisse a commenc\u00e9","og_description":"Les boulangers-confiseurs suisses peuvent d\u00e9sormais s\u2019inscrire \u00e0 la deuxi\u00e8me Championnat du monde du panettone du 5 au 7 novembre 2021 \u00e0 Lugano. La date limite d\u2019inscription est fix\u00e9e au 7 novembre 2020 et le jury d\u2019experts se r\u00e9unira le 5 d\u00e9cembre pour s\u00e9lectionner les trois finalistes suisses. La Coppa del mondo del panettone est organis\u00e9e par l\u2019Association cantonale du Tes-sin [&hellip;]","og_url":"https:\/\/swissbaker.ch\/fr\/panissimo-news\/la-selection-pour-la-suisse-a-commence\/","og_site_name":"SBC","article_publisher":"https:\/\/www.facebook.com\/swissbaker.ch","article_published_time":"2020-10-21T08:55:00+00:00","article_modified_time":"2022-05-12T06:23:42+00:00","og_image":[{"width":800,"height":474,"url":"https:\/\/swissbaker.ch\/wp-content\/uploads\/2022\/03\/21_1_panettone.jpeg","type":"image\/jpeg"}],"author":"azureart","twitter_card":"summary_large_image","twitter_creator":"@ch_swissbaker","twitter_site":"@ch_swissbaker","twitter_misc":{"Written by":"azureart","Est. reading time":"2 minutes"},"schema":{"@context":"https:\/\/schema.org","@graph":[{"@type":"Article","@id":"https:\/\/swissbaker.ch\/fr\/panissimo-news\/la-selection-pour-la-suisse-a-commence\/#article","isPartOf":{"@id":"https:\/\/swissbaker.ch\/fr\/panissimo-news\/la-selection-pour-la-suisse-a-commence\/"},"author":{"name":"azureart","@id":"https:\/\/swissbaker.ch\/fr\/#\/schema\/person\/058ac47619f7da53df62aba60f939b78"},"headline":"La s\u00e9lection pour la Suisse a commenc\u00e9","datePublished":"2020-10-21T08:55:00+00:00","dateModified":"2022-05-12T06:23:42+00:00","mainEntityOfPage":{"@id":"https:\/\/swissbaker.ch\/fr\/panissimo-news\/la-selection-pour-la-suisse-a-commence\/"},"wordCount":325,"commentCount":0,"publisher":{"@id":"https:\/\/swissbaker.ch\/fr\/#organization"},"image":{"@id":"https:\/\/swissbaker.ch\/fr\/panissimo-news\/la-selection-pour-la-suisse-a-commence\/#primaryimage"},"thumbnailUrl":"https:\/\/swissbaker.ch\/wp-content\/uploads\/2022\/03\/21_1_panettone.jpeg","articleSection":["Association","Concours"],"inLanguage":"fr-FR","potentialAction":[{"@type":"CommentAction","name":"Comment","target":["https:\/\/swissbaker.ch\/fr\/panissimo-news\/la-selection-pour-la-suisse-a-commence\/#respond"]}]},{"@type":"WebPage","@id":"https:\/\/swissbaker.ch\/fr\/panissimo-news\/la-selection-pour-la-suisse-a-commence\/","url":"https:\/\/swissbaker.ch\/fr\/panissimo-news\/la-selection-pour-la-suisse-a-commence\/","name":"La s\u00e9lection pour la Suisse a commenc\u00e9 | SBC","isPartOf":{"@id":"https:\/\/swissbaker.ch\/fr\/#website"},"primaryImageOfPage":{"@id":"https:\/\/swissbaker.ch\/fr\/panissimo-news\/la-selection-pour-la-suisse-a-commence\/#primaryimage"},"image":{"@id":"https:\/\/swissbaker.ch\/fr\/panissimo-news\/la-selection-pour-la-suisse-a-commence\/#primaryimage"},"thumbnailUrl":"https:\/\/swissbaker.ch\/wp-content\/uploads\/2022\/03\/21_1_panettone.jpeg","datePublished":"2020-10-21T08:55:00+00:00","dateModified":"2022-05-12T06:23:42+00:00","breadcrumb":{"@id":"https:\/\/swissbaker.ch\/fr\/panissimo-news\/la-selection-pour-la-suisse-a-commence\/#breadcrumb"},"inLanguage":"fr-FR","potentialAction":[{"@type":"ReadAction","target":["https:\/\/swissbaker.ch\/fr\/panissimo-news\/la-selection-pour-la-suisse-a-commence\/"]}]},{"@type":"ImageObject","inLanguage":"fr-FR","@id":"https:\/\/swissbaker.ch\/fr\/panissimo-news\/la-selection-pour-la-suisse-a-commence\/#primaryimage","url":"https:\/\/swissbaker.ch\/wp-content\/uploads\/2022\/03\/21_1_panettone.jpeg","contentUrl":"https:\/\/swissbaker.ch\/wp-content\/uploads\/2022\/03\/21_1_panettone.jpeg","width":800,"height":474,"caption":"La s\u00e9lection pour la Suisse a commenc\u00e9"},{"@type":"BreadcrumbList","@id":"https:\/\/swissbaker.ch\/fr\/panissimo-news\/la-selection-pour-la-suisse-a-commence\/#breadcrumb","itemListElement":[{"@type":"ListItem","position":1,"name":"","item":"https:\/\/swissbaker.ch\/fr\/"},{"@type":"ListItem","position":2,"name":"Association","item":"https:\/\/swissbaker.ch\/fr\/panissimo-news\/category\/association\/"},{"@type":"ListItem","position":3,"name":"La s\u00e9lection pour la Suisse a commenc\u00e9"}]},{"@type":"WebSite","@id":"https:\/\/swissbaker.ch\/fr\/#website","url":"https:\/\/swissbaker.ch\/fr\/","name":"SBC","description":"","publisher":{"@id":"https:\/\/swissbaker.ch\/fr\/#organization"},"potentialAction":[{"@type":"SearchAction","target":{"@type":"EntryPoint","urlTemplate":"https:\/\/swissbaker.ch\/fr\/?s={search_term_string}"},"query-input":{"@type":"PropertyValueSpecification","valueRequired":true,"valueName":"search_term_string"}}],"inLanguage":"fr-FR"},{"@type":"Organization","@id":"https:\/\/swissbaker.ch\/fr\/#organization","name":"Schweizerischer B\u00e4cker-Confiseurmeister-Verband","url":"https:\/\/swissbaker.ch\/fr\/","logo":{"@type":"ImageObject","inLanguage":"fr-FR","@id":"https:\/\/swissbaker.ch\/fr\/#\/schema\/logo\/image\/","url":"https:\/\/swissbaker.ch\/wp-content\/uploads\/2022\/04\/sbc-logo-yoast.jpg","contentUrl":"https:\/\/swissbaker.ch\/wp-content\/uploads\/2022\/04\/sbc-logo-yoast.jpg","width":512,"height":512,"caption":"Schweizerischer B\u00e4cker-Confiseurmeister-Verband"},"image":{"@id":"https:\/\/swissbaker.ch\/fr\/#\/schema\/logo\/image\/"},"sameAs":["https:\/\/www.facebook.com\/swissbaker.ch","https:\/\/x.com\/ch_swissbaker"]},{"@type":"Person","@id":"https:\/\/swissbaker.ch\/fr\/#\/schema\/person\/058ac47619f7da53df62aba60f939b78","name":"azureart","image":{"@type":"ImageObject","inLanguage":"fr-FR","@id":"https:\/\/swissbaker.ch\/fr\/#\/schema\/person\/image\/","url":"https:\/\/secure.gravatar.com\/avatar\/be04dd3098fd612c83067af4f7a295384c93cb6a9112f51beb9d2f477d25da61?s=96&d=mm&r=g","contentUrl":"https:\/\/secure.gravatar.com\/avatar\/be04dd3098fd612c83067af4f7a295384c93cb6a9112f51beb9d2f477d25da61?s=96&d=mm&r=g","caption":"azureart"},"sameAs":["https:\/\/swissbaker.ch"],"url":"https:\/\/swissbaker.ch\/fr\/panissimo-news\/author\/pixel-ahoi\/"}]}},"_links":{"self":[{"href":"https:\/\/swissbaker.ch\/fr\/wp-json\/wp\/v2\/posts\/9279","targetHints":{"allow":["GET"]}}],"collection":[{"href":"https:\/\/swissbaker.ch\/fr\/wp-json\/wp\/v2\/posts"}],"about":[{"href":"https:\/\/swissbaker.ch\/fr\/wp-json\/wp\/v2\/types\/post"}],"author":[{"embeddable":true,"href":"https:\/\/swissbaker.ch\/fr\/wp-json\/wp\/v2\/users\/1"}],"replies":[{"embeddable":true,"href":"https:\/\/swissbaker.ch\/fr\/wp-json\/wp\/v2\/comments?post=9279"}],"version-history":[{"count":0,"href":"https:\/\/swissbaker.ch\/fr\/wp-json\/wp\/v2\/posts\/9279\/revisions"}],"wp:featuredmedia":[{"embeddable":true,"href":"https:\/\/swissbaker.ch\/fr\/wp-json\/wp\/v2\/media\/5640"}],"wp:attachment":[{"href":"https:\/\/swissbaker.ch\/fr\/wp-json\/wp\/v2\/media?parent=9279"}],"wp:term":[{"taxonomy":"category","embeddable":true,"href":"https:\/\/swissbaker.ch\/fr\/wp-json\/wp\/v2\/categories?post=9279"},{"taxonomy":"post_tag","embeddable":true,"href":"https:\/\/swissbaker.ch\/fr\/wp-json\/wp\/v2\/tags?post=9279"}],"curies":[{"name":"wp","href":"https:\/\/api.w.org\/{rel}","templated":true}]}}