{"id":9277,"date":"2018-02-07T15:43:00","date_gmt":"2018-02-07T14:43:00","guid":{"rendered":"https:\/\/swissbaker.ch\/?p=9277"},"modified":"2022-05-12T08:25:46","modified_gmt":"2022-05-12T06:25:46","slug":"europain-lartisanat-en-force","status":"publish","type":"post","link":"https:\/\/swissbaker.ch\/fr\/panissimo-news\/europain-lartisanat-en-force\/","title":{"rendered":"Europain\u2009: l\u2019artisanat en force"},"content":{"rendered":"\n<p><strong>Durant quatre jours \u00e0 Paris, le salon de la boulangerie-confiserie a accueilli des professionnels des quatre coins de la plan\u00e8te. Les 45000 m2 d\u2019exposition r\u00e9organis\u00e9s en trois secteurs, Je fabrique \/ Je vends \/ Je g\u00e8re, ont fait la part belle \u00e0 l\u2019artisanat. La majorit\u00e9 des stands y \u00e9tait consacr\u00e9e. Tour d\u2019horizon de quelques tendances\u2026<\/strong><\/p>\n\n\n\n<p>En arpentant les all\u00e9es <strong><a href=\"https:\/\/www.swissbaker.ch\/fr\/news-panissimo\/galeries-de-photos\/galeries-2018\/europain-a-paris-2018-218\/\">d\u2019Europain<\/a><\/strong>, les visiteurs ont pu pressentir la boulangerie-confiserie de demain. Les \u00e9volutions technologiques et la digitalisation s\u2019invitent de plus en plus dans les fournils et les magasins. Toutefois, et peut-\u00eatre plus que jamais, le savoir-faire et la tradition sont mis en avant. De nombreux stands ont fait la part belle aux produits d\u2019exception et \u00e0 l\u2019artisanat. Au forum, des conf\u00e9renciers ont abord\u00e9 les bl\u00e9s anciens, la qualit\u00e9 du bl\u00e9, le levain\u2026 Et, \u00e0 voir le nombre de professionnels assistant aux d\u00e9monstrations, au Masters de la boulangerie ou au Mondial des arts sucr\u00e9s, la demande est au rendez-vous. Du c\u00f4t\u00e9 de la grosse industrie, bien que pr\u00e9sente, elle \u00e9tait plus discr\u00e8te qu\u2019il y a quelques ann\u00e9es.<\/p>\n\n\n\n<h2 class=\"wp-block-heading\" id=\"h-tendance-positive\">Tendance positive<\/h2>\n\n\n\n<p>Ce n\u2019est pas un secret, de nombreux commerces connaissent des difficult\u00e9s. Toutefois, la boulangerie-confiserie a une belle carte \u00e0 jouer. C\u2019est du moins ce que laisse entrevoir une \u00e9tude men\u00e9e dans cinq pays europ\u00e9ens (Allemagne, Angleterre, Espagne, France et Italie) en 2017. Pr\u00e9sent\u00e9e au salon, elle rel\u00e8ve une hausse du nombre de repas pris hors domicile. \u00ab\u2009Tous types d\u2019\u00e9tablissement confondus, le mouvement amorc\u00e9 en 2016 s\u2019est confirm\u00e9e. Les consommateurs sont plus nombreux \u00e0 se nourrir \u00e0 l\u2019ext\u00e9rieur. (\u2026) Le nombre de visites en boulangerie est \u00e9galement port\u00e9 par la progression du march\u00e9\u2009\u00bb, a relev\u00e9 Maria Bertoch, experte en restauration hors domicile chez NPD Group.<\/p>\n\n\n\n<p>Au sein des boulangeries-confiseries, le pic de fr\u00e9quentation observ\u00e9 dans les cinq panels se situe entre 12 et 13 heures. La profession se rapproche petit \u00e0 petit du m\u00e9tier de cuisinier. Un glissement qui se ressent dans les offres des stands.<\/p>\n\n\n\n<p>Les nations sond\u00e9es connaissent aussi une hausse du nombre d\u2019ouverture de commerce avec tea-room. \u00ab\u2009Par rapport \u00e0 une consommation \u00e0 l\u2019emporter, manger sur place impacte la d\u00e9pense moyenne. Elle est plus \u00e9lev\u00e9e de 40\u202f%. Le nombre d\u2019articles consomm\u00e9s est plus important, et la satisfaction de la visite est multipli\u00e9e par deux.\u2009\u00bb<\/p>\n\n\n\n<p>A noter que la France se d\u00e9marque des autres pays avec un second pic de fr\u00e9quentation\u2009: entre 16 et 17 heures. Ce dernier est directement en lien avec la tradition du go\u00fbter. Une pr\u00e9cision int\u00e9ressante pour la Suisse romande, au vu de sa proximit\u00e9 g\u00e9ographique.<\/p>\n\n\n\n<p>En comparaison avec les autres types de restauration rapide, les enseignes de la branche sont tr\u00e8s fortes le matin. En revanche, elles le sont moins \u00e0 midi, en raison d\u2019un nombre \u00e9lev\u00e9 de concurrents, et quasi inexistantes le soir. Cependant, Mme\u202fBertoch pr\u00e9cise que tant le petit-d\u00e9jeuner, que le repas de midi et celui du soir ont progress\u00e9 depuis 2012. Un rythme de vie effr\u00e9n\u00e9 et une offre qui s\u2019\u00e9toffe l\u2019expliquent en partie. \u00ab\u2009Concernant le d\u00e9but de soir\u00e9e, on ne peut pas encore affirmer que c\u2019est le potentiel de demain. Il est tout de m\u00eame int\u00e9ressant de signaler qu\u2019une des plus grandes cha\u00eenes de boulangerie anglaise, Greggs, a lanc\u00e9 un menu du soir. Il est vendu d\u00e8s 18 heures et jusqu\u2019\u00e0 la fermeture\u2009\u00bb, pr\u00e9cise l\u2019experte.<\/p>\n\n\n\n<figure class=\"wp-block-image size-full\"><img decoding=\"async\" width=\"551\" height=\"368\" src=\"https:\/\/swissbaker.ch\/wp-content\/uploads\/2022\/05\/csm_europain7227_47b3644cdb.jpg\" alt=\"\" class=\"wp-image-9282\" srcset=\"https:\/\/swissbaker.ch\/wp-content\/uploads\/2022\/05\/csm_europain7227_47b3644cdb.jpg 551w, https:\/\/swissbaker.ch\/wp-content\/uploads\/2022\/05\/csm_europain7227_47b3644cdb-300x200.jpg 300w\" sizes=\"(max-width: 551px) 100vw, 551px\" \/><\/figure>\n\n\n\n<figure class=\"wp-block-image size-full\"><img decoding=\"async\" width=\"551\" height=\"368\" src=\"https:\/\/swissbaker.ch\/wp-content\/uploads\/2022\/05\/csm_europain7393_d7bad384f6.jpg\" alt=\"\" class=\"wp-image-9280\" srcset=\"https:\/\/swissbaker.ch\/wp-content\/uploads\/2022\/05\/csm_europain7393_d7bad384f6.jpg 551w, https:\/\/swissbaker.ch\/wp-content\/uploads\/2022\/05\/csm_europain7393_d7bad384f6-300x200.jpg 300w\" sizes=\"(max-width: 551px) 100vw, 551px\" \/><\/figure>\n\n\n\n<figure class=\"wp-block-image size-full\"><img decoding=\"async\" width=\"551\" height=\"368\" src=\"https:\/\/swissbaker.ch\/wp-content\/uploads\/2022\/05\/csm_europain7447_0db05bf20c.jpg\" alt=\"\" class=\"wp-image-9284\" srcset=\"https:\/\/swissbaker.ch\/wp-content\/uploads\/2022\/05\/csm_europain7447_0db05bf20c.jpg 551w, https:\/\/swissbaker.ch\/wp-content\/uploads\/2022\/05\/csm_europain7447_0db05bf20c-300x200.jpg 300w\" sizes=\"(max-width: 551px) 100vw, 551px\" \/><\/figure>\n\n\n\n<h2 class=\"wp-block-heading\">Bagels, wraps et p\u00e2tes sur le podium<\/h2>\n\n\n\n<p>Dans le top 5 des produits qui connaissent une croissance \u00e0 midi, se trouvent dans l\u2019ordre\u2009: les bagels, les wraps, les p\u00e2tes, les salades et les burgers. Autant de sp\u00e9cialit\u00e9s qui correspondent aux budgets et aux pratiques alimentaires des 18-34 ans. Ils ont l\u2019habitude de manger avec les doigts et ont souvent peu de temps \u00e0 disposition. Cette client\u00e8le n\u2019est toutefois pas pour autant insensible \u00e0 la qualit\u00e9, qu\u2019elle soit visuelle ou gustative, bien au contraire. La recherche du vrai go\u00fbt des ingr\u00e9dients est une autre tendance per\u00e7ue \u00e0 Europain.<\/p>\n\n\n\n<p>Les mill\u00e9niums, la g\u00e9n\u00e9ration n\u00e9e avec internet, font partie de cette tranche d\u2019\u00e2ge. N\u2019ayant connu le monde que connect\u00e9, la majorit\u00e9 d\u2019entre eux est coutumi\u00e8re du web et des r\u00e9seaux sociaux. Maria Bertoch a soulign\u00e9 que 20\u202f% des consommateurs sur le march\u00e9 am\u00e9ricain ont au moins une application de cha\u00eene de fast-food sur leur t\u00e9l\u00e9phone intelligent. Quasiment 60\u202f% paient leurs achats via une app.<\/p>\n\n\n\n<h2 class=\"wp-block-heading\">Cliquer, commander, ramasser<\/h2>\n\n\n\n<p>Le \u00ab\u2009click and collect\u2009\u00bb, clique et ramasse en fran\u00e7ais, est l\u2019un des outils num\u00e9riques qui a le vent en poupe. La client\u00e8le commande ses produits et les paie en ligne. Elle passe ensuite chercher sa commande \u00e0 l\u2019heure indiqu\u00e9e et \u00e9vite ainsi les files d\u2019attente.<\/p>\n\n\n\n<p>\u00ab\u2009C\u2019est un ph\u00e9nom\u00e8ne qui progresse beaucoup par rapport aux visites traditionnelles.\u2009\u00bb Ce syst\u00e8me s\u2019adresse \u00e0 toutes les tailles d\u2019entreprise, a indiqu\u00e9 Steeve Broutin, patron de Rapidle. Quelques pr\u00e9requis sont n\u00e9cessaires \u00e0 son bon fonctionnement\u2009: \u00ab\u2009Premi\u00e8rement, l\u2019artisan doit vouloir d\u00e9velopper son activit\u00e9 commerciale. Deuxi\u00e8mement, sa zone d\u2019activit\u00e9 doit le permettre. Finalement, la solution doit r\u00e9pondre \u00e0 une probl\u00e9matique.\u2009\u00bb<\/p>\n\n\n\n<p>Concr\u00e8tement, le boulanger-confiseur est inform\u00e9 sur une tablette de la commande, par une alerte. Celle-ci ne s\u2019\u00e9teint qu\u2019une fois le bon quittanc\u00e9. Ce dernier est alors imprim\u00e9.<\/p>\n\n\n\n<p>Les avantages seraient multiples\u2009: adaptabilit\u00e9 aux horaires des clients, fluidification des commandes au moment du d\u00e9jeuner, meilleure gestion des stocks, possibilit\u00e9 de recruter de nouveaux clients, collecte d\u2019un grand nombre de donn\u00e9es sur la client\u00e8le. Autre aspect positif des commandes m\u00e9diacommand\u00e9es, comme le pr\u00e9cise Mme\u202fBertoch\u2009: \u00ab\u2009On remarque que le taux de boisson est 20\u202f% plus important, idem pour montant du ticket moyen.\u2009\u00bb L\u2019explication provient de l\u2019utilisation d\u2019applications. D\u2019une part, elles permettent une pr\u00e9sentation plus \u00e9labor\u00e9e des produits. D\u2019autre part, elle offre davantage de temps aux clients pour choisir leurs mets.<\/p>\n\n\n\n<p>Bien que difficilement pr\u00e9visible, la digitalisation devrait r\u00e9volutionner le march\u00e9 ces prochaines ann\u00e9es, conclut-elle. A c\u00f4t\u00e9 du savoir-faire et de la qualit\u00e9, les boulangers-confiseurs doivent donc d\u00e9sormais prendre en compte la ma\u00eetrise des outils num\u00e9riques et de la communication.<\/p>\n\n\n\n<p><a href=\"https:\/\/www.swissbaker.ch\/fr\/news-panissimo\/galeries-de-photos\/galeries-2018\/europain-a-paris-2018-218\/\">Galeries de photos<\/a><\/p>\n","protected":false},"excerpt":{"rendered":"<p>Durant quatre jours \u00e0 Paris, le salon de la boulangerie-confiserie a accueilli des professionnels des quatre coins de la plan\u00e8te. Les 45000 m2 d\u2019exposition r\u00e9organis\u00e9s en trois secteurs, Je fabrique \/ Je vends \/ Je g\u00e8re, ont fait la part belle \u00e0 l\u2019artisanat. La majorit\u00e9 des stands y \u00e9tait consacr\u00e9e. Tour d\u2019horizon de quelques tendances\u2026 En arpentant les all\u00e9es d\u2019Europain, [&hellip;]<\/p>\n","protected":false},"author":1,"featured_media":6551,"comment_status":"open","ping_status":"closed","sticky":false,"template":"","format":"standard","meta":{"_acf_changed":false,"footnotes":""},"categories":[46],"tags":[],"class_list":["post-9277","post","type-post","status-publish","format-standard","has-post-thumbnail","hentry","category-evenement"],"acf":[],"yoast_head":"<!-- This site is optimized with the Yoast SEO Premium plugin v26.8 (Yoast SEO v26.8) - https:\/\/yoast.com\/product\/yoast-seo-premium-wordpress\/ -->\n<title>Europain\u2009: l\u2019artisanat en force | SBC<\/title>\n<meta name=\"robots\" content=\"index, follow, max-snippet:-1, max-image-preview:large, max-video-preview:-1\" \/>\n<link rel=\"canonical\" href=\"https:\/\/swissbaker.ch\/fr\/panissimo-news\/europain-lartisanat-en-force\/\" \/>\n<meta property=\"og:locale\" content=\"fr_FR\" \/>\n<meta property=\"og:type\" content=\"article\" \/>\n<meta property=\"og:title\" content=\"Europain\u2009: l\u2019artisanat en force\" \/>\n<meta property=\"og:description\" content=\"Durant quatre jours \u00e0 Paris, le salon de la boulangerie-confiserie a accueilli des professionnels des quatre coins de la plan\u00e8te. Les 45000 m2 d\u2019exposition r\u00e9organis\u00e9s en trois secteurs, Je fabrique \/ Je vends \/ Je g\u00e8re, ont fait la part belle \u00e0 l\u2019artisanat. La majorit\u00e9 des stands y \u00e9tait consacr\u00e9e. Tour d\u2019horizon de quelques tendances\u2026 En arpentant les all\u00e9es d\u2019Europain, [&hellip;]\" \/>\n<meta property=\"og:url\" content=\"https:\/\/swissbaker.ch\/fr\/panissimo-news\/europain-lartisanat-en-force\/\" \/>\n<meta property=\"og:site_name\" content=\"SBC\" \/>\n<meta property=\"article:publisher\" content=\"https:\/\/www.facebook.com\/swissbaker.ch\" \/>\n<meta property=\"article:published_time\" content=\"2018-02-07T14:43:00+00:00\" \/>\n<meta property=\"article:modified_time\" content=\"2022-05-12T06:25:46+00:00\" \/>\n<meta property=\"og:image\" content=\"https:\/\/swissbaker.ch\/wp-content\/uploads\/2022\/04\/Europain.jpg\" \/>\n\t<meta property=\"og:image:width\" content=\"600\" \/>\n\t<meta property=\"og:image:height\" content=\"600\" \/>\n\t<meta property=\"og:image:type\" content=\"image\/jpeg\" \/>\n<meta name=\"author\" content=\"azureart\" \/>\n<meta name=\"twitter:card\" content=\"summary_large_image\" \/>\n<meta name=\"twitter:creator\" content=\"@ch_swissbaker\" \/>\n<meta name=\"twitter:site\" content=\"@ch_swissbaker\" \/>\n<meta name=\"twitter:label1\" content=\"Written by\" \/>\n\t<meta name=\"twitter:data1\" content=\"azureart\" \/>\n\t<meta name=\"twitter:label2\" content=\"Est. reading time\" \/>\n\t<meta name=\"twitter:data2\" content=\"7 minutes\" \/>\n<script type=\"application\/ld+json\" class=\"yoast-schema-graph\">{\"@context\":\"https:\/\/schema.org\",\"@graph\":[{\"@type\":\"Article\",\"@id\":\"https:\/\/swissbaker.ch\/fr\/panissimo-news\/europain-lartisanat-en-force\/#article\",\"isPartOf\":{\"@id\":\"https:\/\/swissbaker.ch\/fr\/panissimo-news\/europain-lartisanat-en-force\/\"},\"author\":{\"name\":\"azureart\",\"@id\":\"https:\/\/swissbaker.ch\/fr\/#\/schema\/person\/058ac47619f7da53df62aba60f939b78\"},\"headline\":\"Europain\u2009: l\u2019artisanat en force\",\"datePublished\":\"2018-02-07T14:43:00+00:00\",\"dateModified\":\"2022-05-12T06:25:46+00:00\",\"mainEntityOfPage\":{\"@id\":\"https:\/\/swissbaker.ch\/fr\/panissimo-news\/europain-lartisanat-en-force\/\"},\"wordCount\":1077,\"commentCount\":0,\"publisher\":{\"@id\":\"https:\/\/swissbaker.ch\/fr\/#organization\"},\"image\":{\"@id\":\"https:\/\/swissbaker.ch\/fr\/panissimo-news\/europain-lartisanat-en-force\/#primaryimage\"},\"thumbnailUrl\":\"https:\/\/swissbaker.ch\/wp-content\/uploads\/2022\/04\/Europain.jpg\",\"articleSection\":[\"Ev\u00e9nement\"],\"inLanguage\":\"fr-FR\",\"potentialAction\":[{\"@type\":\"CommentAction\",\"name\":\"Comment\",\"target\":[\"https:\/\/swissbaker.ch\/fr\/panissimo-news\/europain-lartisanat-en-force\/#respond\"]}]},{\"@type\":\"WebPage\",\"@id\":\"https:\/\/swissbaker.ch\/fr\/panissimo-news\/europain-lartisanat-en-force\/\",\"url\":\"https:\/\/swissbaker.ch\/fr\/panissimo-news\/europain-lartisanat-en-force\/\",\"name\":\"Europain\u2009: l\u2019artisanat en force | SBC\",\"isPartOf\":{\"@id\":\"https:\/\/swissbaker.ch\/fr\/#website\"},\"primaryImageOfPage\":{\"@id\":\"https:\/\/swissbaker.ch\/fr\/panissimo-news\/europain-lartisanat-en-force\/#primaryimage\"},\"image\":{\"@id\":\"https:\/\/swissbaker.ch\/fr\/panissimo-news\/europain-lartisanat-en-force\/#primaryimage\"},\"thumbnailUrl\":\"https:\/\/swissbaker.ch\/wp-content\/uploads\/2022\/04\/Europain.jpg\",\"datePublished\":\"2018-02-07T14:43:00+00:00\",\"dateModified\":\"2022-05-12T06:25:46+00:00\",\"breadcrumb\":{\"@id\":\"https:\/\/swissbaker.ch\/fr\/panissimo-news\/europain-lartisanat-en-force\/#breadcrumb\"},\"inLanguage\":\"fr-FR\",\"potentialAction\":[{\"@type\":\"ReadAction\",\"target\":[\"https:\/\/swissbaker.ch\/fr\/panissimo-news\/europain-lartisanat-en-force\/\"]}]},{\"@type\":\"ImageObject\",\"inLanguage\":\"fr-FR\",\"@id\":\"https:\/\/swissbaker.ch\/fr\/panissimo-news\/europain-lartisanat-en-force\/#primaryimage\",\"url\":\"https:\/\/swissbaker.ch\/wp-content\/uploads\/2022\/04\/Europain.jpg\",\"contentUrl\":\"https:\/\/swissbaker.ch\/wp-content\/uploads\/2022\/04\/Europain.jpg\",\"width\":600,\"height\":600,\"caption\":\"Europain\u2009: l\u2019artisanat en force\"},{\"@type\":\"BreadcrumbList\",\"@id\":\"https:\/\/swissbaker.ch\/fr\/panissimo-news\/europain-lartisanat-en-force\/#breadcrumb\",\"itemListElement\":[{\"@type\":\"ListItem\",\"position\":1,\"name\":\"\",\"item\":\"https:\/\/swissbaker.ch\/fr\/\"},{\"@type\":\"ListItem\",\"position\":2,\"name\":\"Ev\u00e9nement\",\"item\":\"https:\/\/swissbaker.ch\/fr\/panissimo-news\/category\/evenement\/\"},{\"@type\":\"ListItem\",\"position\":3,\"name\":\"Europain\u2009: l\u2019artisanat en force\"}]},{\"@type\":\"WebSite\",\"@id\":\"https:\/\/swissbaker.ch\/fr\/#website\",\"url\":\"https:\/\/swissbaker.ch\/fr\/\",\"name\":\"SBC\",\"description\":\"\",\"publisher\":{\"@id\":\"https:\/\/swissbaker.ch\/fr\/#organization\"},\"potentialAction\":[{\"@type\":\"SearchAction\",\"target\":{\"@type\":\"EntryPoint\",\"urlTemplate\":\"https:\/\/swissbaker.ch\/fr\/?s={search_term_string}\"},\"query-input\":{\"@type\":\"PropertyValueSpecification\",\"valueRequired\":true,\"valueName\":\"search_term_string\"}}],\"inLanguage\":\"fr-FR\"},{\"@type\":\"Organization\",\"@id\":\"https:\/\/swissbaker.ch\/fr\/#organization\",\"name\":\"Schweizerischer B\u00e4cker-Confiseurmeister-Verband\",\"url\":\"https:\/\/swissbaker.ch\/fr\/\",\"logo\":{\"@type\":\"ImageObject\",\"inLanguage\":\"fr-FR\",\"@id\":\"https:\/\/swissbaker.ch\/fr\/#\/schema\/logo\/image\/\",\"url\":\"https:\/\/swissbaker.ch\/wp-content\/uploads\/2022\/04\/sbc-logo-yoast.jpg\",\"contentUrl\":\"https:\/\/swissbaker.ch\/wp-content\/uploads\/2022\/04\/sbc-logo-yoast.jpg\",\"width\":512,\"height\":512,\"caption\":\"Schweizerischer B\u00e4cker-Confiseurmeister-Verband\"},\"image\":{\"@id\":\"https:\/\/swissbaker.ch\/fr\/#\/schema\/logo\/image\/\"},\"sameAs\":[\"https:\/\/www.facebook.com\/swissbaker.ch\",\"https:\/\/x.com\/ch_swissbaker\"]},{\"@type\":\"Person\",\"@id\":\"https:\/\/swissbaker.ch\/fr\/#\/schema\/person\/058ac47619f7da53df62aba60f939b78\",\"name\":\"azureart\",\"image\":{\"@type\":\"ImageObject\",\"inLanguage\":\"fr-FR\",\"@id\":\"https:\/\/swissbaker.ch\/fr\/#\/schema\/person\/image\/\",\"url\":\"https:\/\/secure.gravatar.com\/avatar\/be04dd3098fd612c83067af4f7a295384c93cb6a9112f51beb9d2f477d25da61?s=96&d=mm&r=g\",\"contentUrl\":\"https:\/\/secure.gravatar.com\/avatar\/be04dd3098fd612c83067af4f7a295384c93cb6a9112f51beb9d2f477d25da61?s=96&d=mm&r=g\",\"caption\":\"azureart\"},\"sameAs\":[\"https:\/\/swissbaker.ch\"],\"url\":\"https:\/\/swissbaker.ch\/fr\/panissimo-news\/author\/pixel-ahoi\/\"}]}<\/script>\n<!-- \/ Yoast SEO Premium plugin. -->","yoast_head_json":{"title":"Europain\u2009: l\u2019artisanat en force | SBC","robots":{"index":"index","follow":"follow","max-snippet":"max-snippet:-1","max-image-preview":"max-image-preview:large","max-video-preview":"max-video-preview:-1"},"canonical":"https:\/\/swissbaker.ch\/fr\/panissimo-news\/europain-lartisanat-en-force\/","og_locale":"fr_FR","og_type":"article","og_title":"Europain\u2009: l\u2019artisanat en force","og_description":"Durant quatre jours \u00e0 Paris, le salon de la boulangerie-confiserie a accueilli des professionnels des quatre coins de la plan\u00e8te. Les 45000 m2 d\u2019exposition r\u00e9organis\u00e9s en trois secteurs, Je fabrique \/ Je vends \/ Je g\u00e8re, ont fait la part belle \u00e0 l\u2019artisanat. La majorit\u00e9 des stands y \u00e9tait consacr\u00e9e. Tour d\u2019horizon de quelques tendances\u2026 En arpentant les all\u00e9es d\u2019Europain, [&hellip;]","og_url":"https:\/\/swissbaker.ch\/fr\/panissimo-news\/europain-lartisanat-en-force\/","og_site_name":"SBC","article_publisher":"https:\/\/www.facebook.com\/swissbaker.ch","article_published_time":"2018-02-07T14:43:00+00:00","article_modified_time":"2022-05-12T06:25:46+00:00","og_image":[{"width":600,"height":600,"url":"https:\/\/swissbaker.ch\/wp-content\/uploads\/2022\/04\/Europain.jpg","type":"image\/jpeg"}],"author":"azureart","twitter_card":"summary_large_image","twitter_creator":"@ch_swissbaker","twitter_site":"@ch_swissbaker","twitter_misc":{"Written by":"azureart","Est. reading time":"7 minutes"},"schema":{"@context":"https:\/\/schema.org","@graph":[{"@type":"Article","@id":"https:\/\/swissbaker.ch\/fr\/panissimo-news\/europain-lartisanat-en-force\/#article","isPartOf":{"@id":"https:\/\/swissbaker.ch\/fr\/panissimo-news\/europain-lartisanat-en-force\/"},"author":{"name":"azureart","@id":"https:\/\/swissbaker.ch\/fr\/#\/schema\/person\/058ac47619f7da53df62aba60f939b78"},"headline":"Europain\u2009: l\u2019artisanat en force","datePublished":"2018-02-07T14:43:00+00:00","dateModified":"2022-05-12T06:25:46+00:00","mainEntityOfPage":{"@id":"https:\/\/swissbaker.ch\/fr\/panissimo-news\/europain-lartisanat-en-force\/"},"wordCount":1077,"commentCount":0,"publisher":{"@id":"https:\/\/swissbaker.ch\/fr\/#organization"},"image":{"@id":"https:\/\/swissbaker.ch\/fr\/panissimo-news\/europain-lartisanat-en-force\/#primaryimage"},"thumbnailUrl":"https:\/\/swissbaker.ch\/wp-content\/uploads\/2022\/04\/Europain.jpg","articleSection":["Ev\u00e9nement"],"inLanguage":"fr-FR","potentialAction":[{"@type":"CommentAction","name":"Comment","target":["https:\/\/swissbaker.ch\/fr\/panissimo-news\/europain-lartisanat-en-force\/#respond"]}]},{"@type":"WebPage","@id":"https:\/\/swissbaker.ch\/fr\/panissimo-news\/europain-lartisanat-en-force\/","url":"https:\/\/swissbaker.ch\/fr\/panissimo-news\/europain-lartisanat-en-force\/","name":"Europain\u2009: l\u2019artisanat en force | SBC","isPartOf":{"@id":"https:\/\/swissbaker.ch\/fr\/#website"},"primaryImageOfPage":{"@id":"https:\/\/swissbaker.ch\/fr\/panissimo-news\/europain-lartisanat-en-force\/#primaryimage"},"image":{"@id":"https:\/\/swissbaker.ch\/fr\/panissimo-news\/europain-lartisanat-en-force\/#primaryimage"},"thumbnailUrl":"https:\/\/swissbaker.ch\/wp-content\/uploads\/2022\/04\/Europain.jpg","datePublished":"2018-02-07T14:43:00+00:00","dateModified":"2022-05-12T06:25:46+00:00","breadcrumb":{"@id":"https:\/\/swissbaker.ch\/fr\/panissimo-news\/europain-lartisanat-en-force\/#breadcrumb"},"inLanguage":"fr-FR","potentialAction":[{"@type":"ReadAction","target":["https:\/\/swissbaker.ch\/fr\/panissimo-news\/europain-lartisanat-en-force\/"]}]},{"@type":"ImageObject","inLanguage":"fr-FR","@id":"https:\/\/swissbaker.ch\/fr\/panissimo-news\/europain-lartisanat-en-force\/#primaryimage","url":"https:\/\/swissbaker.ch\/wp-content\/uploads\/2022\/04\/Europain.jpg","contentUrl":"https:\/\/swissbaker.ch\/wp-content\/uploads\/2022\/04\/Europain.jpg","width":600,"height":600,"caption":"Europain\u2009: l\u2019artisanat en force"},{"@type":"BreadcrumbList","@id":"https:\/\/swissbaker.ch\/fr\/panissimo-news\/europain-lartisanat-en-force\/#breadcrumb","itemListElement":[{"@type":"ListItem","position":1,"name":"","item":"https:\/\/swissbaker.ch\/fr\/"},{"@type":"ListItem","position":2,"name":"Ev\u00e9nement","item":"https:\/\/swissbaker.ch\/fr\/panissimo-news\/category\/evenement\/"},{"@type":"ListItem","position":3,"name":"Europain\u2009: l\u2019artisanat en force"}]},{"@type":"WebSite","@id":"https:\/\/swissbaker.ch\/fr\/#website","url":"https:\/\/swissbaker.ch\/fr\/","name":"SBC","description":"","publisher":{"@id":"https:\/\/swissbaker.ch\/fr\/#organization"},"potentialAction":[{"@type":"SearchAction","target":{"@type":"EntryPoint","urlTemplate":"https:\/\/swissbaker.ch\/fr\/?s={search_term_string}"},"query-input":{"@type":"PropertyValueSpecification","valueRequired":true,"valueName":"search_term_string"}}],"inLanguage":"fr-FR"},{"@type":"Organization","@id":"https:\/\/swissbaker.ch\/fr\/#organization","name":"Schweizerischer B\u00e4cker-Confiseurmeister-Verband","url":"https:\/\/swissbaker.ch\/fr\/","logo":{"@type":"ImageObject","inLanguage":"fr-FR","@id":"https:\/\/swissbaker.ch\/fr\/#\/schema\/logo\/image\/","url":"https:\/\/swissbaker.ch\/wp-content\/uploads\/2022\/04\/sbc-logo-yoast.jpg","contentUrl":"https:\/\/swissbaker.ch\/wp-content\/uploads\/2022\/04\/sbc-logo-yoast.jpg","width":512,"height":512,"caption":"Schweizerischer B\u00e4cker-Confiseurmeister-Verband"},"image":{"@id":"https:\/\/swissbaker.ch\/fr\/#\/schema\/logo\/image\/"},"sameAs":["https:\/\/www.facebook.com\/swissbaker.ch","https:\/\/x.com\/ch_swissbaker"]},{"@type":"Person","@id":"https:\/\/swissbaker.ch\/fr\/#\/schema\/person\/058ac47619f7da53df62aba60f939b78","name":"azureart","image":{"@type":"ImageObject","inLanguage":"fr-FR","@id":"https:\/\/swissbaker.ch\/fr\/#\/schema\/person\/image\/","url":"https:\/\/secure.gravatar.com\/avatar\/be04dd3098fd612c83067af4f7a295384c93cb6a9112f51beb9d2f477d25da61?s=96&d=mm&r=g","contentUrl":"https:\/\/secure.gravatar.com\/avatar\/be04dd3098fd612c83067af4f7a295384c93cb6a9112f51beb9d2f477d25da61?s=96&d=mm&r=g","caption":"azureart"},"sameAs":["https:\/\/swissbaker.ch"],"url":"https:\/\/swissbaker.ch\/fr\/panissimo-news\/author\/pixel-ahoi\/"}]}},"_links":{"self":[{"href":"https:\/\/swissbaker.ch\/fr\/wp-json\/wp\/v2\/posts\/9277","targetHints":{"allow":["GET"]}}],"collection":[{"href":"https:\/\/swissbaker.ch\/fr\/wp-json\/wp\/v2\/posts"}],"about":[{"href":"https:\/\/swissbaker.ch\/fr\/wp-json\/wp\/v2\/types\/post"}],"author":[{"embeddable":true,"href":"https:\/\/swissbaker.ch\/fr\/wp-json\/wp\/v2\/users\/1"}],"replies":[{"embeddable":true,"href":"https:\/\/swissbaker.ch\/fr\/wp-json\/wp\/v2\/comments?post=9277"}],"version-history":[{"count":0,"href":"https:\/\/swissbaker.ch\/fr\/wp-json\/wp\/v2\/posts\/9277\/revisions"}],"wp:featuredmedia":[{"embeddable":true,"href":"https:\/\/swissbaker.ch\/fr\/wp-json\/wp\/v2\/media\/6551"}],"wp:attachment":[{"href":"https:\/\/swissbaker.ch\/fr\/wp-json\/wp\/v2\/media?parent=9277"}],"wp:term":[{"taxonomy":"category","embeddable":true,"href":"https:\/\/swissbaker.ch\/fr\/wp-json\/wp\/v2\/categories?post=9277"},{"taxonomy":"post_tag","embeddable":true,"href":"https:\/\/swissbaker.ch\/fr\/wp-json\/wp\/v2\/tags?post=9277"}],"curies":[{"name":"wp","href":"https:\/\/api.w.org\/{rel}","templated":true}]}}