{"id":9263,"date":"2020-10-21T10:45:00","date_gmt":"2020-10-21T08:45:00","guid":{"rendered":"https:\/\/swissbaker.ch\/?p=9263"},"modified":"2022-05-11T17:03:00","modified_gmt":"2022-05-11T15:03:00","slug":"les-concepts-et-les-affiches-ont-ete-mis-a-jour","status":"publish","type":"post","link":"https:\/\/swissbaker.ch\/fr\/panissimo-news\/les-concepts-et-les-affiches-ont-ete-mis-a-jour\/","title":{"rendered":"Les concepts et les affiches ont \u00e9t\u00e9 mis \u00e0 jour"},"content":{"rendered":"\n<p><strong>Depuis lundi 19 octobre, des mesures plus strictes contre la propagation du coronavirus sont en vigueur dans toute la Suisse. C\u2019est la r\u00e9ponse du Conseil f\u00e9d\u00e9ral au nombre croissant d\u2019infections et au patchwork cantonal dont il est difficile de suivre l\u2019\u00e9volution.<\/strong><\/p>\n\n\n\n<p>Parmi les mesures les plus im\u00adportantes figurent l\u2019extension de l\u2019obligation de porter un masque \u00e0 l\u2019ensemble de la Suisse et la fixation d\u2019une limite sup\u00e9rieure pour le rassemblement de personnes. Les cantons sont libres d\u2019imposer des r\u00e9glementations plus strictes. Berne, par exemple, a \u00e9t\u00e9 le premier canton \u00e0 interdire les \u00e9v\u00e9nements de grande envergure impliquant plus de 1000 personnes.<\/p>\n\n\n\n<p>Les concepts de protection ont \u00e9t\u00e9 r\u00e9vis\u00e9s et les affiches adapt\u00e9es. Ils se trouvent sur service.swissbaker.ch (avec login) en allemand, fran\u00e7ais et italien:<\/p>\n\n\n\n<p><a href=\"https:\/\/service.swissbaker.ch\/sbcpub\/de\/login.html?mgnlReturnTo=https%3A%2F%2Fservice.swissbaker.ch%2Fsbc-as%2Ffr#\/area\/as\/topic\/Gesundheitsvorsorge_0\/Pandemievorsorge\/downloads\">service.swissbaker.ch > 6.8 Pr\u00e9vention de la pand\u00e9mie > Aides \u00e0 mis en oeuvre<\/a><\/p>\n","protected":false},"excerpt":{"rendered":"<p>Depuis lundi 19 octobre, des mesures plus strictes contre la propagation du coronavirus sont en vigueur dans toute la Suisse. C\u2019est la r\u00e9ponse du Conseil f\u00e9d\u00e9ral au nombre croissant d\u2019infections et au patchwork cantonal dont il est difficile de suivre l\u2019\u00e9volution. Parmi les mesures les plus im\u00adportantes figurent l\u2019extension de l\u2019obligation de porter un masque \u00e0 l\u2019ensemble de la Suisse [&hellip;]<\/p>\n","protected":false},"author":1,"featured_media":9264,"comment_status":"open","ping_status":"closed","sticky":false,"template":"","format":"standard","meta":{"_acf_changed":false,"footnotes":""},"categories":[49],"tags":[],"class_list":["post-9263","post","type-post","status-publish","format-standard","has-post-thumbnail","hentry","category-sante-securite"],"acf":[],"yoast_head":"<!-- This site is optimized with the Yoast SEO Premium plugin v26.8 (Yoast SEO v26.8) - https:\/\/yoast.com\/product\/yoast-seo-premium-wordpress\/ -->\n<title>Les concepts et les affiches ont \u00e9t\u00e9 mis \u00e0 jour | SBC<\/title>\n<meta name=\"robots\" content=\"index, follow, max-snippet:-1, max-image-preview:large, max-video-preview:-1\" \/>\n<link rel=\"canonical\" href=\"https:\/\/swissbaker.ch\/fr\/panissimo-news\/les-concepts-et-les-affiches-ont-ete-mis-a-jour\/\" \/>\n<meta property=\"og:locale\" content=\"fr_FR\" \/>\n<meta property=\"og:type\" content=\"article\" \/>\n<meta property=\"og:title\" content=\"Les concepts et les affiches ont \u00e9t\u00e9 mis \u00e0 jour\" \/>\n<meta property=\"og:description\" content=\"Depuis lundi 19 octobre, des mesures plus strictes contre la propagation du coronavirus sont en vigueur dans toute la Suisse. C\u2019est la r\u00e9ponse du Conseil f\u00e9d\u00e9ral au nombre croissant d\u2019infections et au patchwork cantonal dont il est difficile de suivre l\u2019\u00e9volution. Parmi les mesures les plus im\u00adportantes figurent l\u2019extension de l\u2019obligation de porter un masque \u00e0 l\u2019ensemble de la Suisse [&hellip;]\" \/>\n<meta property=\"og:url\" content=\"https:\/\/swissbaker.ch\/fr\/panissimo-news\/les-concepts-et-les-affiches-ont-ete-mis-a-jour\/\" \/>\n<meta property=\"og:site_name\" content=\"SBC\" \/>\n<meta property=\"article:publisher\" content=\"https:\/\/www.facebook.com\/swissbaker.ch\" \/>\n<meta property=\"article:published_time\" content=\"2020-10-21T08:45:00+00:00\" \/>\n<meta property=\"article:modified_time\" content=\"2022-05-11T15:03:00+00:00\" \/>\n<meta property=\"og:image\" content=\"https:\/\/swissbaker.ch\/wp-content\/uploads\/2022\/05\/21_1_covid_orange_f.jpeg\" \/>\n\t<meta property=\"og:image:width\" content=\"800\" \/>\n\t<meta property=\"og:image:height\" content=\"474\" \/>\n\t<meta property=\"og:image:type\" content=\"image\/jpeg\" \/>\n<meta name=\"author\" content=\"azureart\" \/>\n<meta name=\"twitter:card\" content=\"summary_large_image\" \/>\n<meta name=\"twitter:creator\" content=\"@ch_swissbaker\" \/>\n<meta name=\"twitter:site\" content=\"@ch_swissbaker\" \/>\n<meta name=\"twitter:label1\" content=\"Written by\" \/>\n\t<meta name=\"twitter:data1\" content=\"azureart\" \/>\n\t<meta name=\"twitter:label2\" content=\"Est. reading time\" \/>\n\t<meta name=\"twitter:data2\" content=\"1 minute\" \/>\n<script type=\"application\/ld+json\" class=\"yoast-schema-graph\">{\"@context\":\"https:\/\/schema.org\",\"@graph\":[{\"@type\":\"Article\",\"@id\":\"https:\/\/swissbaker.ch\/fr\/panissimo-news\/les-concepts-et-les-affiches-ont-ete-mis-a-jour\/#article\",\"isPartOf\":{\"@id\":\"https:\/\/swissbaker.ch\/fr\/panissimo-news\/les-concepts-et-les-affiches-ont-ete-mis-a-jour\/\"},\"author\":{\"name\":\"azureart\",\"@id\":\"https:\/\/swissbaker.ch\/fr\/#\/schema\/person\/058ac47619f7da53df62aba60f939b78\"},\"headline\":\"Les concepts et les affiches ont \u00e9t\u00e9 mis \u00e0 jour\",\"datePublished\":\"2020-10-21T08:45:00+00:00\",\"dateModified\":\"2022-05-11T15:03:00+00:00\",\"mainEntityOfPage\":{\"@id\":\"https:\/\/swissbaker.ch\/fr\/panissimo-news\/les-concepts-et-les-affiches-ont-ete-mis-a-jour\/\"},\"wordCount\":162,\"commentCount\":0,\"publisher\":{\"@id\":\"https:\/\/swissbaker.ch\/fr\/#organization\"},\"image\":{\"@id\":\"https:\/\/swissbaker.ch\/fr\/panissimo-news\/les-concepts-et-les-affiches-ont-ete-mis-a-jour\/#primaryimage\"},\"thumbnailUrl\":\"https:\/\/swissbaker.ch\/wp-content\/uploads\/2022\/05\/21_1_covid_orange_f.jpeg\",\"articleSection\":[\"Sant\u00e9\/S\u00e9curit\u00e9\"],\"inLanguage\":\"fr-FR\",\"potentialAction\":[{\"@type\":\"CommentAction\",\"name\":\"Comment\",\"target\":[\"https:\/\/swissbaker.ch\/fr\/panissimo-news\/les-concepts-et-les-affiches-ont-ete-mis-a-jour\/#respond\"]}]},{\"@type\":\"WebPage\",\"@id\":\"https:\/\/swissbaker.ch\/fr\/panissimo-news\/les-concepts-et-les-affiches-ont-ete-mis-a-jour\/\",\"url\":\"https:\/\/swissbaker.ch\/fr\/panissimo-news\/les-concepts-et-les-affiches-ont-ete-mis-a-jour\/\",\"name\":\"Les concepts et les affiches ont \u00e9t\u00e9 mis \u00e0 jour | SBC\",\"isPartOf\":{\"@id\":\"https:\/\/swissbaker.ch\/fr\/#website\"},\"primaryImageOfPage\":{\"@id\":\"https:\/\/swissbaker.ch\/fr\/panissimo-news\/les-concepts-et-les-affiches-ont-ete-mis-a-jour\/#primaryimage\"},\"image\":{\"@id\":\"https:\/\/swissbaker.ch\/fr\/panissimo-news\/les-concepts-et-les-affiches-ont-ete-mis-a-jour\/#primaryimage\"},\"thumbnailUrl\":\"https:\/\/swissbaker.ch\/wp-content\/uploads\/2022\/05\/21_1_covid_orange_f.jpeg\",\"datePublished\":\"2020-10-21T08:45:00+00:00\",\"dateModified\":\"2022-05-11T15:03:00+00:00\",\"breadcrumb\":{\"@id\":\"https:\/\/swissbaker.ch\/fr\/panissimo-news\/les-concepts-et-les-affiches-ont-ete-mis-a-jour\/#breadcrumb\"},\"inLanguage\":\"fr-FR\",\"potentialAction\":[{\"@type\":\"ReadAction\",\"target\":[\"https:\/\/swissbaker.ch\/fr\/panissimo-news\/les-concepts-et-les-affiches-ont-ete-mis-a-jour\/\"]}]},{\"@type\":\"ImageObject\",\"inLanguage\":\"fr-FR\",\"@id\":\"https:\/\/swissbaker.ch\/fr\/panissimo-news\/les-concepts-et-les-affiches-ont-ete-mis-a-jour\/#primaryimage\",\"url\":\"https:\/\/swissbaker.ch\/wp-content\/uploads\/2022\/05\/21_1_covid_orange_f.jpeg\",\"contentUrl\":\"https:\/\/swissbaker.ch\/wp-content\/uploads\/2022\/05\/21_1_covid_orange_f.jpeg\",\"width\":800,\"height\":474,\"caption\":\"Les concepts et les affiches ont \u00e9t\u00e9 mis \u00e0 jour\"},{\"@type\":\"BreadcrumbList\",\"@id\":\"https:\/\/swissbaker.ch\/fr\/panissimo-news\/les-concepts-et-les-affiches-ont-ete-mis-a-jour\/#breadcrumb\",\"itemListElement\":[{\"@type\":\"ListItem\",\"position\":1,\"name\":\"\",\"item\":\"https:\/\/swissbaker.ch\/fr\/\"},{\"@type\":\"ListItem\",\"position\":2,\"name\":\"Sant\u00e9\/S\u00e9curit\u00e9\",\"item\":\"https:\/\/swissbaker.ch\/fr\/panissimo-news\/category\/sante-securite\/\"},{\"@type\":\"ListItem\",\"position\":3,\"name\":\"Les concepts et les affiches ont \u00e9t\u00e9 mis \u00e0 jour\"}]},{\"@type\":\"WebSite\",\"@id\":\"https:\/\/swissbaker.ch\/fr\/#website\",\"url\":\"https:\/\/swissbaker.ch\/fr\/\",\"name\":\"SBC\",\"description\":\"\",\"publisher\":{\"@id\":\"https:\/\/swissbaker.ch\/fr\/#organization\"},\"potentialAction\":[{\"@type\":\"SearchAction\",\"target\":{\"@type\":\"EntryPoint\",\"urlTemplate\":\"https:\/\/swissbaker.ch\/fr\/?s={search_term_string}\"},\"query-input\":{\"@type\":\"PropertyValueSpecification\",\"valueRequired\":true,\"valueName\":\"search_term_string\"}}],\"inLanguage\":\"fr-FR\"},{\"@type\":\"Organization\",\"@id\":\"https:\/\/swissbaker.ch\/fr\/#organization\",\"name\":\"Schweizerischer B\u00e4cker-Confiseurmeister-Verband\",\"url\":\"https:\/\/swissbaker.ch\/fr\/\",\"logo\":{\"@type\":\"ImageObject\",\"inLanguage\":\"fr-FR\",\"@id\":\"https:\/\/swissbaker.ch\/fr\/#\/schema\/logo\/image\/\",\"url\":\"https:\/\/swissbaker.ch\/wp-content\/uploads\/2022\/04\/sbc-logo-yoast.jpg\",\"contentUrl\":\"https:\/\/swissbaker.ch\/wp-content\/uploads\/2022\/04\/sbc-logo-yoast.jpg\",\"width\":512,\"height\":512,\"caption\":\"Schweizerischer B\u00e4cker-Confiseurmeister-Verband\"},\"image\":{\"@id\":\"https:\/\/swissbaker.ch\/fr\/#\/schema\/logo\/image\/\"},\"sameAs\":[\"https:\/\/www.facebook.com\/swissbaker.ch\",\"https:\/\/x.com\/ch_swissbaker\"]},{\"@type\":\"Person\",\"@id\":\"https:\/\/swissbaker.ch\/fr\/#\/schema\/person\/058ac47619f7da53df62aba60f939b78\",\"name\":\"azureart\",\"image\":{\"@type\":\"ImageObject\",\"inLanguage\":\"fr-FR\",\"@id\":\"https:\/\/swissbaker.ch\/fr\/#\/schema\/person\/image\/\",\"url\":\"https:\/\/secure.gravatar.com\/avatar\/be04dd3098fd612c83067af4f7a295384c93cb6a9112f51beb9d2f477d25da61?s=96&d=mm&r=g\",\"contentUrl\":\"https:\/\/secure.gravatar.com\/avatar\/be04dd3098fd612c83067af4f7a295384c93cb6a9112f51beb9d2f477d25da61?s=96&d=mm&r=g\",\"caption\":\"azureart\"},\"sameAs\":[\"https:\/\/swissbaker.ch\"],\"url\":\"https:\/\/swissbaker.ch\/fr\/panissimo-news\/author\/pixel-ahoi\/\"}]}<\/script>\n<!-- \/ Yoast SEO Premium plugin. -->","yoast_head_json":{"title":"Les concepts et les affiches ont \u00e9t\u00e9 mis \u00e0 jour | SBC","robots":{"index":"index","follow":"follow","max-snippet":"max-snippet:-1","max-image-preview":"max-image-preview:large","max-video-preview":"max-video-preview:-1"},"canonical":"https:\/\/swissbaker.ch\/fr\/panissimo-news\/les-concepts-et-les-affiches-ont-ete-mis-a-jour\/","og_locale":"fr_FR","og_type":"article","og_title":"Les concepts et les affiches ont \u00e9t\u00e9 mis \u00e0 jour","og_description":"Depuis lundi 19 octobre, des mesures plus strictes contre la propagation du coronavirus sont en vigueur dans toute la Suisse. C\u2019est la r\u00e9ponse du Conseil f\u00e9d\u00e9ral au nombre croissant d\u2019infections et au patchwork cantonal dont il est difficile de suivre l\u2019\u00e9volution. Parmi les mesures les plus im\u00adportantes figurent l\u2019extension de l\u2019obligation de porter un masque \u00e0 l\u2019ensemble de la Suisse [&hellip;]","og_url":"https:\/\/swissbaker.ch\/fr\/panissimo-news\/les-concepts-et-les-affiches-ont-ete-mis-a-jour\/","og_site_name":"SBC","article_publisher":"https:\/\/www.facebook.com\/swissbaker.ch","article_published_time":"2020-10-21T08:45:00+00:00","article_modified_time":"2022-05-11T15:03:00+00:00","og_image":[{"width":800,"height":474,"url":"https:\/\/swissbaker.ch\/wp-content\/uploads\/2022\/05\/21_1_covid_orange_f.jpeg","type":"image\/jpeg"}],"author":"azureart","twitter_card":"summary_large_image","twitter_creator":"@ch_swissbaker","twitter_site":"@ch_swissbaker","twitter_misc":{"Written by":"azureart","Est. reading time":"1 minute"},"schema":{"@context":"https:\/\/schema.org","@graph":[{"@type":"Article","@id":"https:\/\/swissbaker.ch\/fr\/panissimo-news\/les-concepts-et-les-affiches-ont-ete-mis-a-jour\/#article","isPartOf":{"@id":"https:\/\/swissbaker.ch\/fr\/panissimo-news\/les-concepts-et-les-affiches-ont-ete-mis-a-jour\/"},"author":{"name":"azureart","@id":"https:\/\/swissbaker.ch\/fr\/#\/schema\/person\/058ac47619f7da53df62aba60f939b78"},"headline":"Les concepts et les affiches ont \u00e9t\u00e9 mis \u00e0 jour","datePublished":"2020-10-21T08:45:00+00:00","dateModified":"2022-05-11T15:03:00+00:00","mainEntityOfPage":{"@id":"https:\/\/swissbaker.ch\/fr\/panissimo-news\/les-concepts-et-les-affiches-ont-ete-mis-a-jour\/"},"wordCount":162,"commentCount":0,"publisher":{"@id":"https:\/\/swissbaker.ch\/fr\/#organization"},"image":{"@id":"https:\/\/swissbaker.ch\/fr\/panissimo-news\/les-concepts-et-les-affiches-ont-ete-mis-a-jour\/#primaryimage"},"thumbnailUrl":"https:\/\/swissbaker.ch\/wp-content\/uploads\/2022\/05\/21_1_covid_orange_f.jpeg","articleSection":["Sant\u00e9\/S\u00e9curit\u00e9"],"inLanguage":"fr-FR","potentialAction":[{"@type":"CommentAction","name":"Comment","target":["https:\/\/swissbaker.ch\/fr\/panissimo-news\/les-concepts-et-les-affiches-ont-ete-mis-a-jour\/#respond"]}]},{"@type":"WebPage","@id":"https:\/\/swissbaker.ch\/fr\/panissimo-news\/les-concepts-et-les-affiches-ont-ete-mis-a-jour\/","url":"https:\/\/swissbaker.ch\/fr\/panissimo-news\/les-concepts-et-les-affiches-ont-ete-mis-a-jour\/","name":"Les concepts et les affiches ont \u00e9t\u00e9 mis \u00e0 jour | SBC","isPartOf":{"@id":"https:\/\/swissbaker.ch\/fr\/#website"},"primaryImageOfPage":{"@id":"https:\/\/swissbaker.ch\/fr\/panissimo-news\/les-concepts-et-les-affiches-ont-ete-mis-a-jour\/#primaryimage"},"image":{"@id":"https:\/\/swissbaker.ch\/fr\/panissimo-news\/les-concepts-et-les-affiches-ont-ete-mis-a-jour\/#primaryimage"},"thumbnailUrl":"https:\/\/swissbaker.ch\/wp-content\/uploads\/2022\/05\/21_1_covid_orange_f.jpeg","datePublished":"2020-10-21T08:45:00+00:00","dateModified":"2022-05-11T15:03:00+00:00","breadcrumb":{"@id":"https:\/\/swissbaker.ch\/fr\/panissimo-news\/les-concepts-et-les-affiches-ont-ete-mis-a-jour\/#breadcrumb"},"inLanguage":"fr-FR","potentialAction":[{"@type":"ReadAction","target":["https:\/\/swissbaker.ch\/fr\/panissimo-news\/les-concepts-et-les-affiches-ont-ete-mis-a-jour\/"]}]},{"@type":"ImageObject","inLanguage":"fr-FR","@id":"https:\/\/swissbaker.ch\/fr\/panissimo-news\/les-concepts-et-les-affiches-ont-ete-mis-a-jour\/#primaryimage","url":"https:\/\/swissbaker.ch\/wp-content\/uploads\/2022\/05\/21_1_covid_orange_f.jpeg","contentUrl":"https:\/\/swissbaker.ch\/wp-content\/uploads\/2022\/05\/21_1_covid_orange_f.jpeg","width":800,"height":474,"caption":"Les concepts et les affiches ont \u00e9t\u00e9 mis \u00e0 jour"},{"@type":"BreadcrumbList","@id":"https:\/\/swissbaker.ch\/fr\/panissimo-news\/les-concepts-et-les-affiches-ont-ete-mis-a-jour\/#breadcrumb","itemListElement":[{"@type":"ListItem","position":1,"name":"","item":"https:\/\/swissbaker.ch\/fr\/"},{"@type":"ListItem","position":2,"name":"Sant\u00e9\/S\u00e9curit\u00e9","item":"https:\/\/swissbaker.ch\/fr\/panissimo-news\/category\/sante-securite\/"},{"@type":"ListItem","position":3,"name":"Les concepts et les affiches ont \u00e9t\u00e9 mis \u00e0 jour"}]},{"@type":"WebSite","@id":"https:\/\/swissbaker.ch\/fr\/#website","url":"https:\/\/swissbaker.ch\/fr\/","name":"SBC","description":"","publisher":{"@id":"https:\/\/swissbaker.ch\/fr\/#organization"},"potentialAction":[{"@type":"SearchAction","target":{"@type":"EntryPoint","urlTemplate":"https:\/\/swissbaker.ch\/fr\/?s={search_term_string}"},"query-input":{"@type":"PropertyValueSpecification","valueRequired":true,"valueName":"search_term_string"}}],"inLanguage":"fr-FR"},{"@type":"Organization","@id":"https:\/\/swissbaker.ch\/fr\/#organization","name":"Schweizerischer B\u00e4cker-Confiseurmeister-Verband","url":"https:\/\/swissbaker.ch\/fr\/","logo":{"@type":"ImageObject","inLanguage":"fr-FR","@id":"https:\/\/swissbaker.ch\/fr\/#\/schema\/logo\/image\/","url":"https:\/\/swissbaker.ch\/wp-content\/uploads\/2022\/04\/sbc-logo-yoast.jpg","contentUrl":"https:\/\/swissbaker.ch\/wp-content\/uploads\/2022\/04\/sbc-logo-yoast.jpg","width":512,"height":512,"caption":"Schweizerischer B\u00e4cker-Confiseurmeister-Verband"},"image":{"@id":"https:\/\/swissbaker.ch\/fr\/#\/schema\/logo\/image\/"},"sameAs":["https:\/\/www.facebook.com\/swissbaker.ch","https:\/\/x.com\/ch_swissbaker"]},{"@type":"Person","@id":"https:\/\/swissbaker.ch\/fr\/#\/schema\/person\/058ac47619f7da53df62aba60f939b78","name":"azureart","image":{"@type":"ImageObject","inLanguage":"fr-FR","@id":"https:\/\/swissbaker.ch\/fr\/#\/schema\/person\/image\/","url":"https:\/\/secure.gravatar.com\/avatar\/be04dd3098fd612c83067af4f7a295384c93cb6a9112f51beb9d2f477d25da61?s=96&d=mm&r=g","contentUrl":"https:\/\/secure.gravatar.com\/avatar\/be04dd3098fd612c83067af4f7a295384c93cb6a9112f51beb9d2f477d25da61?s=96&d=mm&r=g","caption":"azureart"},"sameAs":["https:\/\/swissbaker.ch"],"url":"https:\/\/swissbaker.ch\/fr\/panissimo-news\/author\/pixel-ahoi\/"}]}},"_links":{"self":[{"href":"https:\/\/swissbaker.ch\/fr\/wp-json\/wp\/v2\/posts\/9263","targetHints":{"allow":["GET"]}}],"collection":[{"href":"https:\/\/swissbaker.ch\/fr\/wp-json\/wp\/v2\/posts"}],"about":[{"href":"https:\/\/swissbaker.ch\/fr\/wp-json\/wp\/v2\/types\/post"}],"author":[{"embeddable":true,"href":"https:\/\/swissbaker.ch\/fr\/wp-json\/wp\/v2\/users\/1"}],"replies":[{"embeddable":true,"href":"https:\/\/swissbaker.ch\/fr\/wp-json\/wp\/v2\/comments?post=9263"}],"version-history":[{"count":0,"href":"https:\/\/swissbaker.ch\/fr\/wp-json\/wp\/v2\/posts\/9263\/revisions"}],"wp:featuredmedia":[{"embeddable":true,"href":"https:\/\/swissbaker.ch\/fr\/wp-json\/wp\/v2\/media\/9264"}],"wp:attachment":[{"href":"https:\/\/swissbaker.ch\/fr\/wp-json\/wp\/v2\/media?parent=9263"}],"wp:term":[{"taxonomy":"category","embeddable":true,"href":"https:\/\/swissbaker.ch\/fr\/wp-json\/wp\/v2\/categories?post=9263"},{"taxonomy":"post_tag","embeddable":true,"href":"https:\/\/swissbaker.ch\/fr\/wp-json\/wp\/v2\/tags?post=9263"}],"curies":[{"name":"wp","href":"https:\/\/api.w.org\/{rel}","templated":true}]}}