{"id":9236,"date":"2018-01-31T15:01:00","date_gmt":"2018-01-31T14:01:00","guid":{"rendered":"https:\/\/swissbaker.ch\/?p=9236"},"modified":"2022-05-11T16:51:03","modified_gmt":"2022-05-11T14:51:03","slug":"chiffres-daffaires-la-tendance-a-la-baisse-persiste","status":"publish","type":"post","link":"https:\/\/swissbaker.ch\/fr\/panissimo-news\/chiffres-daffaires-la-tendance-a-la-baisse-persiste\/","title":{"rendered":"Chiffres d\u2019affaires\u2009: la tendance \u00e0 la baisse persiste"},"content":{"rendered":"\n<p><strong>La SBC Fiduciaire SA s\u2019est pench\u00e9e sur les chiffres d\u2019affaires de ces cinq derni\u00e8res ann\u00e9es dans le secteur de la boulangerie-confiserie. C\u2019est l\u2019heure du bilan. Les chiffres sont en baisse.<\/strong><\/p>\n\n\n\n<p>Les chiffres d\u2019affaires moyens par entreprise sur 5 ans dans le secteur de la boulangerie-confiserie montrent que les r\u00e9sultats en 2016 sont contrast\u00e9s. Malheureusement, les chiffres d\u2019affaires de l\u2019ann\u00e9e pr\u00e9c\u00e9dente n\u2019ont pu \u00eatre maintenus dans l\u2019ensemble des entreprises. D\u2019une part, l\u2019effet des ajustements de prix ne s\u2019est g\u00e9n\u00e9ralement pas fait sentir. D\u2019autre part, la concurrence que repr\u00e9sente l\u2019arriv\u00e9e de nouveaux acteurs a continu\u00e9 de s\u2019intensifier. En outre, les comportements d\u2019achat des consommateurs continuent d\u2019avoir des r\u00e9percussions n\u00e9gatives sur les entreprises artisanales.<\/p>\n\n\n\n<p>Il est int\u00e9ressant de comparer les chiffres d\u2019affaires des diff\u00e9rents types d\u2019entreprises.<\/p>\n\n\n\n<figure class=\"wp-block-image size-full\"><img decoding=\"async\" width=\"800\" height=\"340\" src=\"https:\/\/swissbaker.ch\/wp-content\/uploads\/2022\/05\/csm_sbc_branchenspiegel_2017_f-11_98620e7110.jpg\" alt=\"\" class=\"wp-image-9238\" srcset=\"https:\/\/swissbaker.ch\/wp-content\/uploads\/2022\/05\/csm_sbc_branchenspiegel_2017_f-11_98620e7110.jpg 800w, https:\/\/swissbaker.ch\/wp-content\/uploads\/2022\/05\/csm_sbc_branchenspiegel_2017_f-11_98620e7110-300x128.jpg 300w, https:\/\/swissbaker.ch\/wp-content\/uploads\/2022\/05\/csm_sbc_branchenspiegel_2017_f-11_98620e7110-768x326.jpg 768w\" sizes=\"(max-width: 800px) 100vw, 800px\" \/><\/figure>\n\n\n\n<h2 class=\"wp-block-heading\" id=\"h-avec-et-sans-salon-de-the-pertes-financieres\">Avec et sans salon de th\u00e9\u2009: pertes financi\u00e8res<\/h2>\n\n\n\n<p>Contrairement aux ann\u00e9es pr\u00e9c\u00e9dentes, les chiffres d\u2019affaires n\u2019ont pu \u00eatre accrus dans tous les secteurs. Le secteur traditionnel de la boulangerie-confiserie et de la boulangerie-confiserie avec salon de th\u00e9 a \u00e9t\u00e9 particuli\u00e8rement touch\u00e9\u2009: Apr\u00e8s l\u2019augmentation qu\u2019avaient enregistr\u00e9e les deux types d\u2019entreprises ces quatre derni\u00e8res ann\u00e9es, ils ont subi des pertes s\u2019\u00e9levant \u00e0 respectivement 4,7\u202f% et 10,6\u202f%. Cette \u00e9volution a ramen\u00e9 les chiffres d\u2019affaires \u00e0 leur niveau de l\u2019ann\u00e9e 2013, c\u2019est-\u00e0-dire d\u2019avant le dernier ajustement significatif des prix.<\/p>\n\n\n\n<h2 class=\"wp-block-heading\">Avec succursale\u2009: augmentation<\/h2>\n\n\n\n<p>A l\u2019inverse, le chiffre d\u2019affaires des entreprises de type boulangerie-confiserie avec une ou plusieurs succursales a poursuivi son augmentation. Un r\u00e9sultat qui s\u2019explique n\u00e9anmoins essentiellement par l\u2019existence de succursales plus nombreuses et, surtout, qui g\u00e9n\u00e8rent plus de chiffre d\u2019affaires.<\/p>\n\n\n\n<h2 class=\"wp-block-heading\">Avec marchandises\u2009: un chiffre d\u2019affaires plus \u00e9lev\u00e9<\/h2>\n\n\n\n<p>Le chiffre d\u2019affaires des entreprises avec marchandises a lui aussi connu une nouvelle augmentation. Seules les plus grandes entreprises alimentaires ont une chance de survie, tandis que les petites entreprises arrivent \u00e0 peine \u00e0 supporter la concurrence de la grande distribution.<\/p>\n\n\n\n<h2 class=\"wp-block-heading\">Fermetures d\u2019entreprises\u2009: pas de changement<\/h2>\n\n\n\n<p>En ce qui concerne les fermetures d\u2019entreprises, la tendance est inchang\u00e9e par rapport aux ann\u00e9es pr\u00e9c\u00e9dentes. En 2016 encore, quelques petites et moyennes entreprises ont disparu du march\u00e9.<\/p>\n\n\n\n<p>Les points de vente, et donc les ventes, ne sont maintenus que partiellement sous forme de succursales.<\/p>\n\n\n\n<p>Le potentiel de vente qui r\u00e9sulte de ces fermetures d\u2019entreprises ne profite malheureusement que tr\u00e8s marginalement aux entreprises artisanales. La majeure partie de ce potentiel est r\u00e9cup\u00e9r\u00e9e par la grande distribution et les shops de stations-service.<\/p>\n\n\n\n<h2 class=\"wp-block-heading\">Livraisons\u2009: concurrence accrue<\/h2>\n\n\n\n<p>La concurrence dans le domaine de l\u2019approvisionnement des gros clients continue d\u2019augmenter et repr\u00e9sente un probl\u00e8me. Les h\u00f4tels, les restaurants et les h\u00f4pitaux recourent de plus en plus \u00e0 la livraison de p\u00e2tons surgel\u00e9s qu\u2019ils font cuire eux-m\u00eames.<\/p>\n","protected":false},"excerpt":{"rendered":"<p>La SBC Fiduciaire SA s\u2019est pench\u00e9e sur les chiffres d\u2019affaires de ces cinq derni\u00e8res ann\u00e9es dans le secteur de la boulangerie-confiserie. C\u2019est l\u2019heure du bilan. Les chiffres sont en baisse. Les chiffres d\u2019affaires moyens par entreprise sur 5 ans dans le secteur de la boulangerie-confiserie montrent que les r\u00e9sultats en 2016 sont contrast\u00e9s. Malheureusement, les chiffres d\u2019affaires de l\u2019ann\u00e9e pr\u00e9c\u00e9dente [&hellip;]<\/p>\n","protected":false},"author":1,"featured_media":6557,"comment_status":"open","ping_status":"closed","sticky":false,"template":"","format":"standard","meta":{"_acf_changed":false,"footnotes":""},"categories":[41],"tags":[],"class_list":["post-9236","post","type-post","status-publish","format-standard","has-post-thumbnail","hentry","category-association"],"acf":[],"yoast_head":"<!-- This site is optimized with the Yoast SEO Premium plugin v26.8 (Yoast SEO v26.8) - https:\/\/yoast.com\/product\/yoast-seo-premium-wordpress\/ -->\n<title>Chiffres d\u2019affaires\u2009: la tendance \u00e0 la baisse persiste | SBC<\/title>\n<meta name=\"robots\" content=\"index, follow, max-snippet:-1, max-image-preview:large, max-video-preview:-1\" \/>\n<link rel=\"canonical\" href=\"https:\/\/swissbaker.ch\/fr\/panissimo-news\/chiffres-daffaires-la-tendance-a-la-baisse-persiste\/\" \/>\n<meta property=\"og:locale\" content=\"fr_FR\" \/>\n<meta property=\"og:type\" content=\"article\" \/>\n<meta property=\"og:title\" content=\"Chiffres d\u2019affaires\u2009: la tendance \u00e0 la baisse persiste\" \/>\n<meta property=\"og:description\" content=\"La SBC Fiduciaire SA s\u2019est pench\u00e9e sur les chiffres d\u2019affaires de ces cinq derni\u00e8res ann\u00e9es dans le secteur de la boulangerie-confiserie. C\u2019est l\u2019heure du bilan. Les chiffres sont en baisse. Les chiffres d\u2019affaires moyens par entreprise sur 5 ans dans le secteur de la boulangerie-confiserie montrent que les r\u00e9sultats en 2016 sont contrast\u00e9s. Malheureusement, les chiffres d\u2019affaires de l\u2019ann\u00e9e pr\u00e9c\u00e9dente [&hellip;]\" \/>\n<meta property=\"og:url\" content=\"https:\/\/swissbaker.ch\/fr\/panissimo-news\/chiffres-daffaires-la-tendance-a-la-baisse-persiste\/\" \/>\n<meta property=\"og:site_name\" content=\"SBC\" \/>\n<meta property=\"article:publisher\" content=\"https:\/\/www.facebook.com\/swissbaker.ch\" \/>\n<meta property=\"article:published_time\" content=\"2018-01-31T14:01:00+00:00\" \/>\n<meta property=\"article:modified_time\" content=\"2022-05-11T14:51:03+00:00\" \/>\n<meta property=\"og:image\" content=\"https:\/\/swissbaker.ch\/wp-content\/uploads\/2022\/04\/csm_Kasse_Roethlisberger_9118_56f35d6500.jpg\" \/>\n\t<meta property=\"og:image:width\" content=\"664\" \/>\n\t<meta property=\"og:image:height\" content=\"600\" \/>\n\t<meta property=\"og:image:type\" content=\"image\/jpeg\" \/>\n<meta name=\"author\" content=\"azureart\" \/>\n<meta name=\"twitter:card\" content=\"summary_large_image\" \/>\n<meta name=\"twitter:creator\" content=\"@ch_swissbaker\" \/>\n<meta name=\"twitter:site\" content=\"@ch_swissbaker\" \/>\n<meta name=\"twitter:label1\" content=\"Written by\" \/>\n\t<meta name=\"twitter:data1\" content=\"azureart\" \/>\n\t<meta name=\"twitter:label2\" content=\"Est. reading time\" \/>\n\t<meta name=\"twitter:data2\" content=\"3 minutes\" \/>\n<script type=\"application\/ld+json\" class=\"yoast-schema-graph\">{\"@context\":\"https:\/\/schema.org\",\"@graph\":[{\"@type\":\"Article\",\"@id\":\"https:\/\/swissbaker.ch\/fr\/panissimo-news\/chiffres-daffaires-la-tendance-a-la-baisse-persiste\/#article\",\"isPartOf\":{\"@id\":\"https:\/\/swissbaker.ch\/fr\/panissimo-news\/chiffres-daffaires-la-tendance-a-la-baisse-persiste\/\"},\"author\":{\"name\":\"azureart\",\"@id\":\"https:\/\/swissbaker.ch\/fr\/#\/schema\/person\/058ac47619f7da53df62aba60f939b78\"},\"headline\":\"Chiffres d\u2019affaires\u2009: la tendance \u00e0 la baisse persiste\",\"datePublished\":\"2018-01-31T14:01:00+00:00\",\"dateModified\":\"2022-05-11T14:51:03+00:00\",\"mainEntityOfPage\":{\"@id\":\"https:\/\/swissbaker.ch\/fr\/panissimo-news\/chiffres-daffaires-la-tendance-a-la-baisse-persiste\/\"},\"wordCount\":511,\"commentCount\":0,\"publisher\":{\"@id\":\"https:\/\/swissbaker.ch\/fr\/#organization\"},\"image\":{\"@id\":\"https:\/\/swissbaker.ch\/fr\/panissimo-news\/chiffres-daffaires-la-tendance-a-la-baisse-persiste\/#primaryimage\"},\"thumbnailUrl\":\"https:\/\/swissbaker.ch\/wp-content\/uploads\/2022\/04\/csm_Kasse_Roethlisberger_9118_56f35d6500.jpg\",\"articleSection\":[\"Association\"],\"inLanguage\":\"fr-FR\",\"potentialAction\":[{\"@type\":\"CommentAction\",\"name\":\"Comment\",\"target\":[\"https:\/\/swissbaker.ch\/fr\/panissimo-news\/chiffres-daffaires-la-tendance-a-la-baisse-persiste\/#respond\"]}]},{\"@type\":\"WebPage\",\"@id\":\"https:\/\/swissbaker.ch\/fr\/panissimo-news\/chiffres-daffaires-la-tendance-a-la-baisse-persiste\/\",\"url\":\"https:\/\/swissbaker.ch\/fr\/panissimo-news\/chiffres-daffaires-la-tendance-a-la-baisse-persiste\/\",\"name\":\"Chiffres d\u2019affaires\u2009: la tendance \u00e0 la baisse persiste | SBC\",\"isPartOf\":{\"@id\":\"https:\/\/swissbaker.ch\/fr\/#website\"},\"primaryImageOfPage\":{\"@id\":\"https:\/\/swissbaker.ch\/fr\/panissimo-news\/chiffres-daffaires-la-tendance-a-la-baisse-persiste\/#primaryimage\"},\"image\":{\"@id\":\"https:\/\/swissbaker.ch\/fr\/panissimo-news\/chiffres-daffaires-la-tendance-a-la-baisse-persiste\/#primaryimage\"},\"thumbnailUrl\":\"https:\/\/swissbaker.ch\/wp-content\/uploads\/2022\/04\/csm_Kasse_Roethlisberger_9118_56f35d6500.jpg\",\"datePublished\":\"2018-01-31T14:01:00+00:00\",\"dateModified\":\"2022-05-11T14:51:03+00:00\",\"breadcrumb\":{\"@id\":\"https:\/\/swissbaker.ch\/fr\/panissimo-news\/chiffres-daffaires-la-tendance-a-la-baisse-persiste\/#breadcrumb\"},\"inLanguage\":\"fr-FR\",\"potentialAction\":[{\"@type\":\"ReadAction\",\"target\":[\"https:\/\/swissbaker.ch\/fr\/panissimo-news\/chiffres-daffaires-la-tendance-a-la-baisse-persiste\/\"]}]},{\"@type\":\"ImageObject\",\"inLanguage\":\"fr-FR\",\"@id\":\"https:\/\/swissbaker.ch\/fr\/panissimo-news\/chiffres-daffaires-la-tendance-a-la-baisse-persiste\/#primaryimage\",\"url\":\"https:\/\/swissbaker.ch\/wp-content\/uploads\/2022\/04\/csm_Kasse_Roethlisberger_9118_56f35d6500.jpg\",\"contentUrl\":\"https:\/\/swissbaker.ch\/wp-content\/uploads\/2022\/04\/csm_Kasse_Roethlisberger_9118_56f35d6500.jpg\",\"width\":664,\"height\":600,\"caption\":\"Chiffres d\u2019affaires\u2009: la tendance \u00e0 la baisse persiste\"},{\"@type\":\"BreadcrumbList\",\"@id\":\"https:\/\/swissbaker.ch\/fr\/panissimo-news\/chiffres-daffaires-la-tendance-a-la-baisse-persiste\/#breadcrumb\",\"itemListElement\":[{\"@type\":\"ListItem\",\"position\":1,\"name\":\"\",\"item\":\"https:\/\/swissbaker.ch\/fr\/\"},{\"@type\":\"ListItem\",\"position\":2,\"name\":\"Association\",\"item\":\"https:\/\/swissbaker.ch\/fr\/panissimo-news\/category\/association\/\"},{\"@type\":\"ListItem\",\"position\":3,\"name\":\"Chiffres d\u2019affaires\u2009: la tendance \u00e0 la baisse persiste\"}]},{\"@type\":\"WebSite\",\"@id\":\"https:\/\/swissbaker.ch\/fr\/#website\",\"url\":\"https:\/\/swissbaker.ch\/fr\/\",\"name\":\"SBC\",\"description\":\"\",\"publisher\":{\"@id\":\"https:\/\/swissbaker.ch\/fr\/#organization\"},\"potentialAction\":[{\"@type\":\"SearchAction\",\"target\":{\"@type\":\"EntryPoint\",\"urlTemplate\":\"https:\/\/swissbaker.ch\/fr\/?s={search_term_string}\"},\"query-input\":{\"@type\":\"PropertyValueSpecification\",\"valueRequired\":true,\"valueName\":\"search_term_string\"}}],\"inLanguage\":\"fr-FR\"},{\"@type\":\"Organization\",\"@id\":\"https:\/\/swissbaker.ch\/fr\/#organization\",\"name\":\"Schweizerischer B\u00e4cker-Confiseurmeister-Verband\",\"url\":\"https:\/\/swissbaker.ch\/fr\/\",\"logo\":{\"@type\":\"ImageObject\",\"inLanguage\":\"fr-FR\",\"@id\":\"https:\/\/swissbaker.ch\/fr\/#\/schema\/logo\/image\/\",\"url\":\"https:\/\/swissbaker.ch\/wp-content\/uploads\/2022\/04\/sbc-logo-yoast.jpg\",\"contentUrl\":\"https:\/\/swissbaker.ch\/wp-content\/uploads\/2022\/04\/sbc-logo-yoast.jpg\",\"width\":512,\"height\":512,\"caption\":\"Schweizerischer B\u00e4cker-Confiseurmeister-Verband\"},\"image\":{\"@id\":\"https:\/\/swissbaker.ch\/fr\/#\/schema\/logo\/image\/\"},\"sameAs\":[\"https:\/\/www.facebook.com\/swissbaker.ch\",\"https:\/\/x.com\/ch_swissbaker\"]},{\"@type\":\"Person\",\"@id\":\"https:\/\/swissbaker.ch\/fr\/#\/schema\/person\/058ac47619f7da53df62aba60f939b78\",\"name\":\"azureart\",\"image\":{\"@type\":\"ImageObject\",\"inLanguage\":\"fr-FR\",\"@id\":\"https:\/\/swissbaker.ch\/fr\/#\/schema\/person\/image\/\",\"url\":\"https:\/\/secure.gravatar.com\/avatar\/be04dd3098fd612c83067af4f7a295384c93cb6a9112f51beb9d2f477d25da61?s=96&d=mm&r=g\",\"contentUrl\":\"https:\/\/secure.gravatar.com\/avatar\/be04dd3098fd612c83067af4f7a295384c93cb6a9112f51beb9d2f477d25da61?s=96&d=mm&r=g\",\"caption\":\"azureart\"},\"sameAs\":[\"https:\/\/swissbaker.ch\"],\"url\":\"https:\/\/swissbaker.ch\/fr\/panissimo-news\/author\/pixel-ahoi\/\"}]}<\/script>\n<!-- \/ Yoast SEO Premium plugin. -->","yoast_head_json":{"title":"Chiffres d\u2019affaires\u2009: la tendance \u00e0 la baisse persiste | SBC","robots":{"index":"index","follow":"follow","max-snippet":"max-snippet:-1","max-image-preview":"max-image-preview:large","max-video-preview":"max-video-preview:-1"},"canonical":"https:\/\/swissbaker.ch\/fr\/panissimo-news\/chiffres-daffaires-la-tendance-a-la-baisse-persiste\/","og_locale":"fr_FR","og_type":"article","og_title":"Chiffres d\u2019affaires\u2009: la tendance \u00e0 la baisse persiste","og_description":"La SBC Fiduciaire SA s\u2019est pench\u00e9e sur les chiffres d\u2019affaires de ces cinq derni\u00e8res ann\u00e9es dans le secteur de la boulangerie-confiserie. C\u2019est l\u2019heure du bilan. Les chiffres sont en baisse. Les chiffres d\u2019affaires moyens par entreprise sur 5 ans dans le secteur de la boulangerie-confiserie montrent que les r\u00e9sultats en 2016 sont contrast\u00e9s. Malheureusement, les chiffres d\u2019affaires de l\u2019ann\u00e9e pr\u00e9c\u00e9dente [&hellip;]","og_url":"https:\/\/swissbaker.ch\/fr\/panissimo-news\/chiffres-daffaires-la-tendance-a-la-baisse-persiste\/","og_site_name":"SBC","article_publisher":"https:\/\/www.facebook.com\/swissbaker.ch","article_published_time":"2018-01-31T14:01:00+00:00","article_modified_time":"2022-05-11T14:51:03+00:00","og_image":[{"width":664,"height":600,"url":"https:\/\/swissbaker.ch\/wp-content\/uploads\/2022\/04\/csm_Kasse_Roethlisberger_9118_56f35d6500.jpg","type":"image\/jpeg"}],"author":"azureart","twitter_card":"summary_large_image","twitter_creator":"@ch_swissbaker","twitter_site":"@ch_swissbaker","twitter_misc":{"Written by":"azureart","Est. reading time":"3 minutes"},"schema":{"@context":"https:\/\/schema.org","@graph":[{"@type":"Article","@id":"https:\/\/swissbaker.ch\/fr\/panissimo-news\/chiffres-daffaires-la-tendance-a-la-baisse-persiste\/#article","isPartOf":{"@id":"https:\/\/swissbaker.ch\/fr\/panissimo-news\/chiffres-daffaires-la-tendance-a-la-baisse-persiste\/"},"author":{"name":"azureart","@id":"https:\/\/swissbaker.ch\/fr\/#\/schema\/person\/058ac47619f7da53df62aba60f939b78"},"headline":"Chiffres d\u2019affaires\u2009: la tendance \u00e0 la baisse persiste","datePublished":"2018-01-31T14:01:00+00:00","dateModified":"2022-05-11T14:51:03+00:00","mainEntityOfPage":{"@id":"https:\/\/swissbaker.ch\/fr\/panissimo-news\/chiffres-daffaires-la-tendance-a-la-baisse-persiste\/"},"wordCount":511,"commentCount":0,"publisher":{"@id":"https:\/\/swissbaker.ch\/fr\/#organization"},"image":{"@id":"https:\/\/swissbaker.ch\/fr\/panissimo-news\/chiffres-daffaires-la-tendance-a-la-baisse-persiste\/#primaryimage"},"thumbnailUrl":"https:\/\/swissbaker.ch\/wp-content\/uploads\/2022\/04\/csm_Kasse_Roethlisberger_9118_56f35d6500.jpg","articleSection":["Association"],"inLanguage":"fr-FR","potentialAction":[{"@type":"CommentAction","name":"Comment","target":["https:\/\/swissbaker.ch\/fr\/panissimo-news\/chiffres-daffaires-la-tendance-a-la-baisse-persiste\/#respond"]}]},{"@type":"WebPage","@id":"https:\/\/swissbaker.ch\/fr\/panissimo-news\/chiffres-daffaires-la-tendance-a-la-baisse-persiste\/","url":"https:\/\/swissbaker.ch\/fr\/panissimo-news\/chiffres-daffaires-la-tendance-a-la-baisse-persiste\/","name":"Chiffres d\u2019affaires\u2009: la tendance \u00e0 la baisse persiste | SBC","isPartOf":{"@id":"https:\/\/swissbaker.ch\/fr\/#website"},"primaryImageOfPage":{"@id":"https:\/\/swissbaker.ch\/fr\/panissimo-news\/chiffres-daffaires-la-tendance-a-la-baisse-persiste\/#primaryimage"},"image":{"@id":"https:\/\/swissbaker.ch\/fr\/panissimo-news\/chiffres-daffaires-la-tendance-a-la-baisse-persiste\/#primaryimage"},"thumbnailUrl":"https:\/\/swissbaker.ch\/wp-content\/uploads\/2022\/04\/csm_Kasse_Roethlisberger_9118_56f35d6500.jpg","datePublished":"2018-01-31T14:01:00+00:00","dateModified":"2022-05-11T14:51:03+00:00","breadcrumb":{"@id":"https:\/\/swissbaker.ch\/fr\/panissimo-news\/chiffres-daffaires-la-tendance-a-la-baisse-persiste\/#breadcrumb"},"inLanguage":"fr-FR","potentialAction":[{"@type":"ReadAction","target":["https:\/\/swissbaker.ch\/fr\/panissimo-news\/chiffres-daffaires-la-tendance-a-la-baisse-persiste\/"]}]},{"@type":"ImageObject","inLanguage":"fr-FR","@id":"https:\/\/swissbaker.ch\/fr\/panissimo-news\/chiffres-daffaires-la-tendance-a-la-baisse-persiste\/#primaryimage","url":"https:\/\/swissbaker.ch\/wp-content\/uploads\/2022\/04\/csm_Kasse_Roethlisberger_9118_56f35d6500.jpg","contentUrl":"https:\/\/swissbaker.ch\/wp-content\/uploads\/2022\/04\/csm_Kasse_Roethlisberger_9118_56f35d6500.jpg","width":664,"height":600,"caption":"Chiffres d\u2019affaires\u2009: la tendance \u00e0 la baisse persiste"},{"@type":"BreadcrumbList","@id":"https:\/\/swissbaker.ch\/fr\/panissimo-news\/chiffres-daffaires-la-tendance-a-la-baisse-persiste\/#breadcrumb","itemListElement":[{"@type":"ListItem","position":1,"name":"","item":"https:\/\/swissbaker.ch\/fr\/"},{"@type":"ListItem","position":2,"name":"Association","item":"https:\/\/swissbaker.ch\/fr\/panissimo-news\/category\/association\/"},{"@type":"ListItem","position":3,"name":"Chiffres d\u2019affaires\u2009: la tendance \u00e0 la baisse persiste"}]},{"@type":"WebSite","@id":"https:\/\/swissbaker.ch\/fr\/#website","url":"https:\/\/swissbaker.ch\/fr\/","name":"SBC","description":"","publisher":{"@id":"https:\/\/swissbaker.ch\/fr\/#organization"},"potentialAction":[{"@type":"SearchAction","target":{"@type":"EntryPoint","urlTemplate":"https:\/\/swissbaker.ch\/fr\/?s={search_term_string}"},"query-input":{"@type":"PropertyValueSpecification","valueRequired":true,"valueName":"search_term_string"}}],"inLanguage":"fr-FR"},{"@type":"Organization","@id":"https:\/\/swissbaker.ch\/fr\/#organization","name":"Schweizerischer B\u00e4cker-Confiseurmeister-Verband","url":"https:\/\/swissbaker.ch\/fr\/","logo":{"@type":"ImageObject","inLanguage":"fr-FR","@id":"https:\/\/swissbaker.ch\/fr\/#\/schema\/logo\/image\/","url":"https:\/\/swissbaker.ch\/wp-content\/uploads\/2022\/04\/sbc-logo-yoast.jpg","contentUrl":"https:\/\/swissbaker.ch\/wp-content\/uploads\/2022\/04\/sbc-logo-yoast.jpg","width":512,"height":512,"caption":"Schweizerischer B\u00e4cker-Confiseurmeister-Verband"},"image":{"@id":"https:\/\/swissbaker.ch\/fr\/#\/schema\/logo\/image\/"},"sameAs":["https:\/\/www.facebook.com\/swissbaker.ch","https:\/\/x.com\/ch_swissbaker"]},{"@type":"Person","@id":"https:\/\/swissbaker.ch\/fr\/#\/schema\/person\/058ac47619f7da53df62aba60f939b78","name":"azureart","image":{"@type":"ImageObject","inLanguage":"fr-FR","@id":"https:\/\/swissbaker.ch\/fr\/#\/schema\/person\/image\/","url":"https:\/\/secure.gravatar.com\/avatar\/be04dd3098fd612c83067af4f7a295384c93cb6a9112f51beb9d2f477d25da61?s=96&d=mm&r=g","contentUrl":"https:\/\/secure.gravatar.com\/avatar\/be04dd3098fd612c83067af4f7a295384c93cb6a9112f51beb9d2f477d25da61?s=96&d=mm&r=g","caption":"azureart"},"sameAs":["https:\/\/swissbaker.ch"],"url":"https:\/\/swissbaker.ch\/fr\/panissimo-news\/author\/pixel-ahoi\/"}]}},"_links":{"self":[{"href":"https:\/\/swissbaker.ch\/fr\/wp-json\/wp\/v2\/posts\/9236","targetHints":{"allow":["GET"]}}],"collection":[{"href":"https:\/\/swissbaker.ch\/fr\/wp-json\/wp\/v2\/posts"}],"about":[{"href":"https:\/\/swissbaker.ch\/fr\/wp-json\/wp\/v2\/types\/post"}],"author":[{"embeddable":true,"href":"https:\/\/swissbaker.ch\/fr\/wp-json\/wp\/v2\/users\/1"}],"replies":[{"embeddable":true,"href":"https:\/\/swissbaker.ch\/fr\/wp-json\/wp\/v2\/comments?post=9236"}],"version-history":[{"count":0,"href":"https:\/\/swissbaker.ch\/fr\/wp-json\/wp\/v2\/posts\/9236\/revisions"}],"wp:featuredmedia":[{"embeddable":true,"href":"https:\/\/swissbaker.ch\/fr\/wp-json\/wp\/v2\/media\/6557"}],"wp:attachment":[{"href":"https:\/\/swissbaker.ch\/fr\/wp-json\/wp\/v2\/media?parent=9236"}],"wp:term":[{"taxonomy":"category","embeddable":true,"href":"https:\/\/swissbaker.ch\/fr\/wp-json\/wp\/v2\/categories?post=9236"},{"taxonomy":"post_tag","embeddable":true,"href":"https:\/\/swissbaker.ch\/fr\/wp-json\/wp\/v2\/tags?post=9236"}],"curies":[{"name":"wp","href":"https:\/\/api.w.org\/{rel}","templated":true}]}}