{"id":9213,"date":"2020-11-09T09:34:00","date_gmt":"2020-11-09T08:34:00","guid":{"rendered":"https:\/\/swissbaker.ch\/?p=9213"},"modified":"2022-05-11T16:29:01","modified_gmt":"2022-05-11T14:29:01","slug":"le-comite-central-dit-clairement-non","status":"publish","type":"post","link":"https:\/\/swissbaker.ch\/fr\/panissimo-news\/le-comite-central-dit-clairement-non\/","title":{"rendered":"Le comit\u00e9 central dit clairement non"},"content":{"rendered":"\n<p><strong>Le peuple suisse se prononcera le 29\u202fnovembre sur l\u2019initiative pour des multinationales responsables. Le comit\u00e9 central recommande \u00e0 l\u2019unanimit\u00e9 de rejeter l\u2019objet.<\/strong><\/p>\n\n\n\n<p>L\u2019initiative populaire f\u00e9d\u00e9rale \u00ab\u2009Entreprises responsables \u2013 pour prot\u00e9ger l\u2019\u00eatre humain et l\u2019environnement\u2009\u00bb, l\u2019initiative pour des multinationales responsables, exige que les entreprises qui ont leur si\u00e8ge en Suisse respectent les droits de l\u2019homme et les normes environnementales \u00e0 l\u2019\u00e9tranger. A cet effet, ces derni\u00e8res devraient \u00eatre tenues pour responsables de violations de droits humains ou d\u2019atteintes \u00e0 l\u2019environnement, quel que soit le lieu o\u00f9 elles exercent leurs activit\u00e9s.<\/p>\n\n\n\n<h2 class=\"wp-block-heading\" id=\"h-petites-pme-concernees\">Petites PME concern\u00e9es<\/h2>\n\n\n\n<p>Le comit\u00e9 central (CC) de l\u2019Association suisse des patrons boulangers-confiseurs reconna\u00eet les pr\u00e9occupations des initiants, mais n\u2019approuve pas la voie choisie. L\u2019un des motifs de rejet a \u00e9t\u00e9 exprim\u00e9 en ces termes lors de la s\u00e9ance du CC\u2009: \u00ab\u2009L\u2019initiative repr\u00e9sente une menace non seulement pour les multinationales, mais aussi pour nous autres petites PME\u2009\u00bb, sachant que m\u00eame si elles sont exclues du champ d\u2019application de l\u2019initiative, les PME pourraient \u00eatre concern\u00e9es en tant que sous-traitantes des grandes entreprises.<\/p>\n\n\n\n<h2 class=\"wp-block-heading\" id=\"h-contre-projet\">Contre-projet<\/h2>\n\n\n\n<p>Le Parlement a \u00e9labor\u00e9 une meilleure alternative\u2009: le contre-projet adopt\u00e9 renforce les obligations des entreprises, sans pour autant les exposer \u00e0 un risque de poursuites abusives. La proposition est en phase avec d\u2019autres mesures internationales et pourra \u00eatre d\u00e9velopp\u00e9e en fonction de l\u2019\u00e9volution internationale, contrairement \u00e0 l\u2019initiative, qui repr\u00e9senterait un cavalier seul de la Suisse, au d\u00e9triment de son \u00e9conomie.<br>L\u2019initiative entraverait le progr\u00e8s \u00e9conomique et m\u00e8nerait dans une impasse qui desservirait plut\u00f4t qu\u2019elle ne servirait son objectif. Elle entra\u00eenerait le report par voie contractuelle des nouvelles exigences et des risques de responsabilit\u00e9 sur les fournisseurs.<\/p>\n\n\n\n<h2 class=\"wp-block-heading\" id=\"h-menace-de-plaintes-abusives\">Menace de plaintes abusives<\/h2>\n\n\n\n<p>Le moment est malvenu pour se lancer dans des exp\u00e9rimentations. L\u2019initiative d\u00e9savantagerait d\u2019une part les entreprises suisses par rapport \u00e0 la concurrence internationale. Ces derni\u00e8res seraient sans d\u00e9fense contre les plaintes abusives et le chantage. La charge bureaucratique pour s\u2019assurer que les fournisseurs et les sous-traitants respectent les droits de l\u2019homme et les normes environnementales serait d\u2019autre part \u00e9norme, notamment pour les PME. Les entreprises seraient jug\u00e9es par des tribunaux suisses, conform\u00e9ment au droit suisse, or ces derniers seraient amen\u00e9s \u00e0 prononcer des jugements sur des responsabilit\u00e9s et des d\u00e9lits survenus \u00e0 l\u2019\u00e9tranger.<\/p>\n\n\n\n<p>Le Conseil f\u00e9d\u00e9ral et les Chambres f\u00e9d\u00e9rales recommandent \u00e9galement de rejeter l\u2019initiative pour des multinationales responsables.<\/p>\n","protected":false},"excerpt":{"rendered":"<p>Le peuple suisse se prononcera le 29\u202fnovembre sur l\u2019initiative pour des multinationales responsables. Le comit\u00e9 central recommande \u00e0 l\u2019unanimit\u00e9 de rejeter l\u2019objet. L\u2019initiative populaire f\u00e9d\u00e9rale \u00ab\u2009Entreprises responsables \u2013 pour prot\u00e9ger l\u2019\u00eatre humain et l\u2019environnement\u2009\u00bb, l\u2019initiative pour des multinationales responsables, exige que les entreprises qui ont leur si\u00e8ge en Suisse respectent les droits de l\u2019homme et les normes environnementales \u00e0 l\u2019\u00e9tranger. [&hellip;]<\/p>\n","protected":false},"author":1,"featured_media":5598,"comment_status":"open","ping_status":"closed","sticky":false,"template":"","format":"standard","meta":{"_acf_changed":false,"footnotes":""},"categories":[44],"tags":[],"class_list":["post-9213","post","type-post","status-publish","format-standard","has-post-thumbnail","hentry","category-droit-politique"],"acf":[],"yoast_head":"<!-- This site is optimized with the Yoast SEO Premium plugin v26.8 (Yoast SEO v26.8) - https:\/\/yoast.com\/product\/yoast-seo-premium-wordpress\/ -->\n<title>Le comit\u00e9 central dit clairement non | SBC<\/title>\n<meta name=\"robots\" content=\"index, follow, max-snippet:-1, max-image-preview:large, max-video-preview:-1\" \/>\n<link rel=\"canonical\" href=\"https:\/\/swissbaker.ch\/fr\/panissimo-news\/le-comite-central-dit-clairement-non\/\" \/>\n<meta property=\"og:locale\" content=\"fr_FR\" \/>\n<meta property=\"og:type\" content=\"article\" \/>\n<meta property=\"og:title\" content=\"Le comit\u00e9 central dit clairement non\" \/>\n<meta property=\"og:description\" content=\"Le peuple suisse se prononcera le 29\u202fnovembre sur l\u2019initiative pour des multinationales responsables. Le comit\u00e9 central recommande \u00e0 l\u2019unanimit\u00e9 de rejeter l\u2019objet. L\u2019initiative populaire f\u00e9d\u00e9rale \u00ab\u2009Entreprises responsables \u2013 pour prot\u00e9ger l\u2019\u00eatre humain et l\u2019environnement\u2009\u00bb, l\u2019initiative pour des multinationales responsables, exige que les entreprises qui ont leur si\u00e8ge en Suisse respectent les droits de l\u2019homme et les normes environnementales \u00e0 l\u2019\u00e9tranger. [&hellip;]\" \/>\n<meta property=\"og:url\" content=\"https:\/\/swissbaker.ch\/fr\/panissimo-news\/le-comite-central-dit-clairement-non\/\" \/>\n<meta property=\"og:site_name\" content=\"SBC\" \/>\n<meta property=\"article:publisher\" content=\"https:\/\/www.facebook.com\/swissbaker.ch\" \/>\n<meta property=\"article:published_time\" content=\"2020-11-09T08:34:00+00:00\" \/>\n<meta property=\"article:modified_time\" content=\"2022-05-11T14:29:01+00:00\" \/>\n<meta property=\"og:image\" content=\"https:\/\/swissbaker.ch\/wp-content\/uploads\/2022\/03\/22_2_konzernverantwortung.jpeg\" \/>\n\t<meta property=\"og:image:width\" content=\"800\" \/>\n\t<meta property=\"og:image:height\" content=\"474\" \/>\n\t<meta property=\"og:image:type\" content=\"image\/jpeg\" \/>\n<meta name=\"author\" content=\"azureart\" \/>\n<meta name=\"twitter:card\" content=\"summary_large_image\" \/>\n<meta name=\"twitter:creator\" content=\"@ch_swissbaker\" \/>\n<meta name=\"twitter:site\" content=\"@ch_swissbaker\" \/>\n<meta name=\"twitter:label1\" content=\"Written by\" \/>\n\t<meta name=\"twitter:data1\" content=\"azureart\" \/>\n\t<meta name=\"twitter:label2\" content=\"Est. reading time\" \/>\n\t<meta name=\"twitter:data2\" content=\"3 minutes\" \/>\n<script type=\"application\/ld+json\" class=\"yoast-schema-graph\">{\"@context\":\"https:\/\/schema.org\",\"@graph\":[{\"@type\":\"Article\",\"@id\":\"https:\/\/swissbaker.ch\/fr\/panissimo-news\/le-comite-central-dit-clairement-non\/#article\",\"isPartOf\":{\"@id\":\"https:\/\/swissbaker.ch\/fr\/panissimo-news\/le-comite-central-dit-clairement-non\/\"},\"author\":{\"name\":\"azureart\",\"@id\":\"https:\/\/swissbaker.ch\/fr\/#\/schema\/person\/058ac47619f7da53df62aba60f939b78\"},\"headline\":\"Le comit\u00e9 central dit clairement non\",\"datePublished\":\"2020-11-09T08:34:00+00:00\",\"dateModified\":\"2022-05-11T14:29:01+00:00\",\"mainEntityOfPage\":{\"@id\":\"https:\/\/swissbaker.ch\/fr\/panissimo-news\/le-comite-central-dit-clairement-non\/\"},\"wordCount\":440,\"commentCount\":0,\"publisher\":{\"@id\":\"https:\/\/swissbaker.ch\/fr\/#organization\"},\"image\":{\"@id\":\"https:\/\/swissbaker.ch\/fr\/panissimo-news\/le-comite-central-dit-clairement-non\/#primaryimage\"},\"thumbnailUrl\":\"https:\/\/swissbaker.ch\/wp-content\/uploads\/2022\/03\/22_2_konzernverantwortung.jpeg\",\"articleSection\":[\"Droit &amp; politique\"],\"inLanguage\":\"fr-FR\",\"potentialAction\":[{\"@type\":\"CommentAction\",\"name\":\"Comment\",\"target\":[\"https:\/\/swissbaker.ch\/fr\/panissimo-news\/le-comite-central-dit-clairement-non\/#respond\"]}]},{\"@type\":\"WebPage\",\"@id\":\"https:\/\/swissbaker.ch\/fr\/panissimo-news\/le-comite-central-dit-clairement-non\/\",\"url\":\"https:\/\/swissbaker.ch\/fr\/panissimo-news\/le-comite-central-dit-clairement-non\/\",\"name\":\"Le comit\u00e9 central dit clairement non | SBC\",\"isPartOf\":{\"@id\":\"https:\/\/swissbaker.ch\/fr\/#website\"},\"primaryImageOfPage\":{\"@id\":\"https:\/\/swissbaker.ch\/fr\/panissimo-news\/le-comite-central-dit-clairement-non\/#primaryimage\"},\"image\":{\"@id\":\"https:\/\/swissbaker.ch\/fr\/panissimo-news\/le-comite-central-dit-clairement-non\/#primaryimage\"},\"thumbnailUrl\":\"https:\/\/swissbaker.ch\/wp-content\/uploads\/2022\/03\/22_2_konzernverantwortung.jpeg\",\"datePublished\":\"2020-11-09T08:34:00+00:00\",\"dateModified\":\"2022-05-11T14:29:01+00:00\",\"breadcrumb\":{\"@id\":\"https:\/\/swissbaker.ch\/fr\/panissimo-news\/le-comite-central-dit-clairement-non\/#breadcrumb\"},\"inLanguage\":\"fr-FR\",\"potentialAction\":[{\"@type\":\"ReadAction\",\"target\":[\"https:\/\/swissbaker.ch\/fr\/panissimo-news\/le-comite-central-dit-clairement-non\/\"]}]},{\"@type\":\"ImageObject\",\"inLanguage\":\"fr-FR\",\"@id\":\"https:\/\/swissbaker.ch\/fr\/panissimo-news\/le-comite-central-dit-clairement-non\/#primaryimage\",\"url\":\"https:\/\/swissbaker.ch\/wp-content\/uploads\/2022\/03\/22_2_konzernverantwortung.jpeg\",\"contentUrl\":\"https:\/\/swissbaker.ch\/wp-content\/uploads\/2022\/03\/22_2_konzernverantwortung.jpeg\",\"width\":800,\"height\":474,\"caption\":\"Le comit\u00e9 central dit clairement non\"},{\"@type\":\"BreadcrumbList\",\"@id\":\"https:\/\/swissbaker.ch\/fr\/panissimo-news\/le-comite-central-dit-clairement-non\/#breadcrumb\",\"itemListElement\":[{\"@type\":\"ListItem\",\"position\":1,\"name\":\"\",\"item\":\"https:\/\/swissbaker.ch\/fr\/\"},{\"@type\":\"ListItem\",\"position\":2,\"name\":\"Droit &amp; politique\",\"item\":\"https:\/\/swissbaker.ch\/fr\/panissimo-news\/category\/droit-politique\/\"},{\"@type\":\"ListItem\",\"position\":3,\"name\":\"Le comit\u00e9 central dit clairement non\"}]},{\"@type\":\"WebSite\",\"@id\":\"https:\/\/swissbaker.ch\/fr\/#website\",\"url\":\"https:\/\/swissbaker.ch\/fr\/\",\"name\":\"SBC\",\"description\":\"\",\"publisher\":{\"@id\":\"https:\/\/swissbaker.ch\/fr\/#organization\"},\"potentialAction\":[{\"@type\":\"SearchAction\",\"target\":{\"@type\":\"EntryPoint\",\"urlTemplate\":\"https:\/\/swissbaker.ch\/fr\/?s={search_term_string}\"},\"query-input\":{\"@type\":\"PropertyValueSpecification\",\"valueRequired\":true,\"valueName\":\"search_term_string\"}}],\"inLanguage\":\"fr-FR\"},{\"@type\":\"Organization\",\"@id\":\"https:\/\/swissbaker.ch\/fr\/#organization\",\"name\":\"Schweizerischer B\u00e4cker-Confiseurmeister-Verband\",\"url\":\"https:\/\/swissbaker.ch\/fr\/\",\"logo\":{\"@type\":\"ImageObject\",\"inLanguage\":\"fr-FR\",\"@id\":\"https:\/\/swissbaker.ch\/fr\/#\/schema\/logo\/image\/\",\"url\":\"https:\/\/swissbaker.ch\/wp-content\/uploads\/2022\/04\/sbc-logo-yoast.jpg\",\"contentUrl\":\"https:\/\/swissbaker.ch\/wp-content\/uploads\/2022\/04\/sbc-logo-yoast.jpg\",\"width\":512,\"height\":512,\"caption\":\"Schweizerischer B\u00e4cker-Confiseurmeister-Verband\"},\"image\":{\"@id\":\"https:\/\/swissbaker.ch\/fr\/#\/schema\/logo\/image\/\"},\"sameAs\":[\"https:\/\/www.facebook.com\/swissbaker.ch\",\"https:\/\/x.com\/ch_swissbaker\"]},{\"@type\":\"Person\",\"@id\":\"https:\/\/swissbaker.ch\/fr\/#\/schema\/person\/058ac47619f7da53df62aba60f939b78\",\"name\":\"azureart\",\"image\":{\"@type\":\"ImageObject\",\"inLanguage\":\"fr-FR\",\"@id\":\"https:\/\/swissbaker.ch\/fr\/#\/schema\/person\/image\/\",\"url\":\"https:\/\/secure.gravatar.com\/avatar\/be04dd3098fd612c83067af4f7a295384c93cb6a9112f51beb9d2f477d25da61?s=96&d=mm&r=g\",\"contentUrl\":\"https:\/\/secure.gravatar.com\/avatar\/be04dd3098fd612c83067af4f7a295384c93cb6a9112f51beb9d2f477d25da61?s=96&d=mm&r=g\",\"caption\":\"azureart\"},\"sameAs\":[\"https:\/\/swissbaker.ch\"],\"url\":\"https:\/\/swissbaker.ch\/fr\/panissimo-news\/author\/pixel-ahoi\/\"}]}<\/script>\n<!-- \/ Yoast SEO Premium plugin. -->","yoast_head_json":{"title":"Le comit\u00e9 central dit clairement non | SBC","robots":{"index":"index","follow":"follow","max-snippet":"max-snippet:-1","max-image-preview":"max-image-preview:large","max-video-preview":"max-video-preview:-1"},"canonical":"https:\/\/swissbaker.ch\/fr\/panissimo-news\/le-comite-central-dit-clairement-non\/","og_locale":"fr_FR","og_type":"article","og_title":"Le comit\u00e9 central dit clairement non","og_description":"Le peuple suisse se prononcera le 29\u202fnovembre sur l\u2019initiative pour des multinationales responsables. Le comit\u00e9 central recommande \u00e0 l\u2019unanimit\u00e9 de rejeter l\u2019objet. L\u2019initiative populaire f\u00e9d\u00e9rale \u00ab\u2009Entreprises responsables \u2013 pour prot\u00e9ger l\u2019\u00eatre humain et l\u2019environnement\u2009\u00bb, l\u2019initiative pour des multinationales responsables, exige que les entreprises qui ont leur si\u00e8ge en Suisse respectent les droits de l\u2019homme et les normes environnementales \u00e0 l\u2019\u00e9tranger. [&hellip;]","og_url":"https:\/\/swissbaker.ch\/fr\/panissimo-news\/le-comite-central-dit-clairement-non\/","og_site_name":"SBC","article_publisher":"https:\/\/www.facebook.com\/swissbaker.ch","article_published_time":"2020-11-09T08:34:00+00:00","article_modified_time":"2022-05-11T14:29:01+00:00","og_image":[{"width":800,"height":474,"url":"https:\/\/swissbaker.ch\/wp-content\/uploads\/2022\/03\/22_2_konzernverantwortung.jpeg","type":"image\/jpeg"}],"author":"azureart","twitter_card":"summary_large_image","twitter_creator":"@ch_swissbaker","twitter_site":"@ch_swissbaker","twitter_misc":{"Written by":"azureart","Est. reading time":"3 minutes"},"schema":{"@context":"https:\/\/schema.org","@graph":[{"@type":"Article","@id":"https:\/\/swissbaker.ch\/fr\/panissimo-news\/le-comite-central-dit-clairement-non\/#article","isPartOf":{"@id":"https:\/\/swissbaker.ch\/fr\/panissimo-news\/le-comite-central-dit-clairement-non\/"},"author":{"name":"azureart","@id":"https:\/\/swissbaker.ch\/fr\/#\/schema\/person\/058ac47619f7da53df62aba60f939b78"},"headline":"Le comit\u00e9 central dit clairement non","datePublished":"2020-11-09T08:34:00+00:00","dateModified":"2022-05-11T14:29:01+00:00","mainEntityOfPage":{"@id":"https:\/\/swissbaker.ch\/fr\/panissimo-news\/le-comite-central-dit-clairement-non\/"},"wordCount":440,"commentCount":0,"publisher":{"@id":"https:\/\/swissbaker.ch\/fr\/#organization"},"image":{"@id":"https:\/\/swissbaker.ch\/fr\/panissimo-news\/le-comite-central-dit-clairement-non\/#primaryimage"},"thumbnailUrl":"https:\/\/swissbaker.ch\/wp-content\/uploads\/2022\/03\/22_2_konzernverantwortung.jpeg","articleSection":["Droit &amp; politique"],"inLanguage":"fr-FR","potentialAction":[{"@type":"CommentAction","name":"Comment","target":["https:\/\/swissbaker.ch\/fr\/panissimo-news\/le-comite-central-dit-clairement-non\/#respond"]}]},{"@type":"WebPage","@id":"https:\/\/swissbaker.ch\/fr\/panissimo-news\/le-comite-central-dit-clairement-non\/","url":"https:\/\/swissbaker.ch\/fr\/panissimo-news\/le-comite-central-dit-clairement-non\/","name":"Le comit\u00e9 central dit clairement non | SBC","isPartOf":{"@id":"https:\/\/swissbaker.ch\/fr\/#website"},"primaryImageOfPage":{"@id":"https:\/\/swissbaker.ch\/fr\/panissimo-news\/le-comite-central-dit-clairement-non\/#primaryimage"},"image":{"@id":"https:\/\/swissbaker.ch\/fr\/panissimo-news\/le-comite-central-dit-clairement-non\/#primaryimage"},"thumbnailUrl":"https:\/\/swissbaker.ch\/wp-content\/uploads\/2022\/03\/22_2_konzernverantwortung.jpeg","datePublished":"2020-11-09T08:34:00+00:00","dateModified":"2022-05-11T14:29:01+00:00","breadcrumb":{"@id":"https:\/\/swissbaker.ch\/fr\/panissimo-news\/le-comite-central-dit-clairement-non\/#breadcrumb"},"inLanguage":"fr-FR","potentialAction":[{"@type":"ReadAction","target":["https:\/\/swissbaker.ch\/fr\/panissimo-news\/le-comite-central-dit-clairement-non\/"]}]},{"@type":"ImageObject","inLanguage":"fr-FR","@id":"https:\/\/swissbaker.ch\/fr\/panissimo-news\/le-comite-central-dit-clairement-non\/#primaryimage","url":"https:\/\/swissbaker.ch\/wp-content\/uploads\/2022\/03\/22_2_konzernverantwortung.jpeg","contentUrl":"https:\/\/swissbaker.ch\/wp-content\/uploads\/2022\/03\/22_2_konzernverantwortung.jpeg","width":800,"height":474,"caption":"Le comit\u00e9 central dit clairement non"},{"@type":"BreadcrumbList","@id":"https:\/\/swissbaker.ch\/fr\/panissimo-news\/le-comite-central-dit-clairement-non\/#breadcrumb","itemListElement":[{"@type":"ListItem","position":1,"name":"","item":"https:\/\/swissbaker.ch\/fr\/"},{"@type":"ListItem","position":2,"name":"Droit &amp; politique","item":"https:\/\/swissbaker.ch\/fr\/panissimo-news\/category\/droit-politique\/"},{"@type":"ListItem","position":3,"name":"Le comit\u00e9 central dit clairement non"}]},{"@type":"WebSite","@id":"https:\/\/swissbaker.ch\/fr\/#website","url":"https:\/\/swissbaker.ch\/fr\/","name":"SBC","description":"","publisher":{"@id":"https:\/\/swissbaker.ch\/fr\/#organization"},"potentialAction":[{"@type":"SearchAction","target":{"@type":"EntryPoint","urlTemplate":"https:\/\/swissbaker.ch\/fr\/?s={search_term_string}"},"query-input":{"@type":"PropertyValueSpecification","valueRequired":true,"valueName":"search_term_string"}}],"inLanguage":"fr-FR"},{"@type":"Organization","@id":"https:\/\/swissbaker.ch\/fr\/#organization","name":"Schweizerischer B\u00e4cker-Confiseurmeister-Verband","url":"https:\/\/swissbaker.ch\/fr\/","logo":{"@type":"ImageObject","inLanguage":"fr-FR","@id":"https:\/\/swissbaker.ch\/fr\/#\/schema\/logo\/image\/","url":"https:\/\/swissbaker.ch\/wp-content\/uploads\/2022\/04\/sbc-logo-yoast.jpg","contentUrl":"https:\/\/swissbaker.ch\/wp-content\/uploads\/2022\/04\/sbc-logo-yoast.jpg","width":512,"height":512,"caption":"Schweizerischer B\u00e4cker-Confiseurmeister-Verband"},"image":{"@id":"https:\/\/swissbaker.ch\/fr\/#\/schema\/logo\/image\/"},"sameAs":["https:\/\/www.facebook.com\/swissbaker.ch","https:\/\/x.com\/ch_swissbaker"]},{"@type":"Person","@id":"https:\/\/swissbaker.ch\/fr\/#\/schema\/person\/058ac47619f7da53df62aba60f939b78","name":"azureart","image":{"@type":"ImageObject","inLanguage":"fr-FR","@id":"https:\/\/swissbaker.ch\/fr\/#\/schema\/person\/image\/","url":"https:\/\/secure.gravatar.com\/avatar\/be04dd3098fd612c83067af4f7a295384c93cb6a9112f51beb9d2f477d25da61?s=96&d=mm&r=g","contentUrl":"https:\/\/secure.gravatar.com\/avatar\/be04dd3098fd612c83067af4f7a295384c93cb6a9112f51beb9d2f477d25da61?s=96&d=mm&r=g","caption":"azureart"},"sameAs":["https:\/\/swissbaker.ch"],"url":"https:\/\/swissbaker.ch\/fr\/panissimo-news\/author\/pixel-ahoi\/"}]}},"_links":{"self":[{"href":"https:\/\/swissbaker.ch\/fr\/wp-json\/wp\/v2\/posts\/9213","targetHints":{"allow":["GET"]}}],"collection":[{"href":"https:\/\/swissbaker.ch\/fr\/wp-json\/wp\/v2\/posts"}],"about":[{"href":"https:\/\/swissbaker.ch\/fr\/wp-json\/wp\/v2\/types\/post"}],"author":[{"embeddable":true,"href":"https:\/\/swissbaker.ch\/fr\/wp-json\/wp\/v2\/users\/1"}],"replies":[{"embeddable":true,"href":"https:\/\/swissbaker.ch\/fr\/wp-json\/wp\/v2\/comments?post=9213"}],"version-history":[{"count":0,"href":"https:\/\/swissbaker.ch\/fr\/wp-json\/wp\/v2\/posts\/9213\/revisions"}],"wp:featuredmedia":[{"embeddable":true,"href":"https:\/\/swissbaker.ch\/fr\/wp-json\/wp\/v2\/media\/5598"}],"wp:attachment":[{"href":"https:\/\/swissbaker.ch\/fr\/wp-json\/wp\/v2\/media?parent=9213"}],"wp:term":[{"taxonomy":"category","embeddable":true,"href":"https:\/\/swissbaker.ch\/fr\/wp-json\/wp\/v2\/categories?post=9213"},{"taxonomy":"post_tag","embeddable":true,"href":"https:\/\/swissbaker.ch\/fr\/wp-json\/wp\/v2\/tags?post=9213"}],"curies":[{"name":"wp","href":"https:\/\/api.w.org\/{rel}","templated":true}]}}