{"id":9211,"date":"2020-11-11T16:21:00","date_gmt":"2020-11-11T15:21:00","guid":{"rendered":"https:\/\/swissbaker.ch\/?p=9211"},"modified":"2022-05-11T16:25:36","modified_gmt":"2022-05-11T14:25:36","slug":"la-fbkplus-a-quand-meme-lieu-mais-differemment-2","status":"publish","type":"post","link":"https:\/\/swissbaker.ch\/fr\/panissimo-news\/la-fbkplus-a-quand-meme-lieu-mais-differemment-2\/","title":{"rendered":"La FBKplus a quand m\u00eame lieu \u2013 mais diff\u00e9remment"},"content":{"rendered":"\n<p><strong>La premi\u00e8re du nouveau salon FBKplus a d\u00fb \u00eatre report\u00e9e en 2022 en raison du coronavirus. Une solution int\u00e9ressante pour le secteur a n\u00e9anmoins \u00e9t\u00e9 trouv\u00e9e en guise de consolation.<\/strong><\/p>\n\n\n\n<p>La premi\u00e8re du nouveau salon de la production de denr\u00e9es alimentaires et de boissons FBKplus aurait d\u00fb avoir lieu en janvier\u202f2021, mais le coronavirus a malheureusement mis \u00e0 mal ce projet, comme bien d\u2019autres. La FBKplus a donc \u00e9t\u00e9 report\u00e9e en 2022.<\/p>\n\n\n\n<p>Les deux publications associatives que sont \u00ab\u2009panissimo\u2009\u00bb (Association suisse des patrons boulangers-confiseurs) et \u00ab\u2009Viande et traiteurs\u2009\u00bb (Union professionnelle suisse de la viande) vont d\u00e8s lors proposer \u00e0 la mi-janvier 2021 une FBKplus sous forme de suppl\u00e9ment imprim\u00e9 en lieu et place du rendez-vous sectoriel \u00e0 Berne. Les fournisseurs du secteur pourront donc ainsi d\u00e9buter la nouvelle ann\u00e9e avec le vent en poupe.<\/p>\n\n\n\n<p>Informations compl\u00e9mentaires\u2009:<br>panissimo(at)staempfli.com<br>ou t\u00e9l. 031 300 63 81<\/p>\n","protected":false},"excerpt":{"rendered":"<p>La premi\u00e8re du nouveau salon FBKplus a d\u00fb \u00eatre report\u00e9e en 2022 en raison du coronavirus. Une solution int\u00e9ressante pour le secteur a n\u00e9anmoins \u00e9t\u00e9 trouv\u00e9e en guise de consolation. La premi\u00e8re du nouveau salon de la production de denr\u00e9es alimentaires et de boissons FBKplus aurait d\u00fb avoir lieu en janvier\u202f2021, mais le coronavirus a malheureusement mis \u00e0 mal ce [&hellip;]<\/p>\n","protected":false},"author":1,"featured_media":5597,"comment_status":"open","ping_status":"closed","sticky":false,"template":"","format":"standard","meta":{"_acf_changed":false,"footnotes":""},"categories":[45],"tags":[],"class_list":["post-9211","post","type-post","status-publish","format-standard","has-post-thumbnail","hentry","category-environnement-professionnel"],"acf":[],"yoast_head":"<!-- This site is optimized with the Yoast SEO Premium plugin v26.8 (Yoast SEO v26.8) - https:\/\/yoast.com\/product\/yoast-seo-premium-wordpress\/ -->\n<title>La FBKplus a quand m\u00eame lieu \u2013 mais diff\u00e9remment | SBC<\/title>\n<meta name=\"robots\" content=\"index, follow, max-snippet:-1, max-image-preview:large, max-video-preview:-1\" \/>\n<link rel=\"canonical\" href=\"https:\/\/swissbaker.ch\/fr\/panissimo-news\/la-fbkplus-a-quand-meme-lieu-mais-differemment-2\/\" \/>\n<meta property=\"og:locale\" content=\"fr_FR\" \/>\n<meta property=\"og:type\" content=\"article\" \/>\n<meta property=\"og:title\" content=\"La FBKplus a quand m\u00eame lieu \u2013 mais diff\u00e9remment\" \/>\n<meta property=\"og:description\" content=\"La premi\u00e8re du nouveau salon FBKplus a d\u00fb \u00eatre report\u00e9e en 2022 en raison du coronavirus. Une solution int\u00e9ressante pour le secteur a n\u00e9anmoins \u00e9t\u00e9 trouv\u00e9e en guise de consolation. La premi\u00e8re du nouveau salon de la production de denr\u00e9es alimentaires et de boissons FBKplus aurait d\u00fb avoir lieu en janvier\u202f2021, mais le coronavirus a malheureusement mis \u00e0 mal ce [&hellip;]\" \/>\n<meta property=\"og:url\" content=\"https:\/\/swissbaker.ch\/fr\/panissimo-news\/la-fbkplus-a-quand-meme-lieu-mais-differemment-2\/\" \/>\n<meta property=\"og:site_name\" content=\"SBC\" \/>\n<meta property=\"article:publisher\" content=\"https:\/\/www.facebook.com\/swissbaker.ch\" \/>\n<meta property=\"article:published_time\" content=\"2020-11-11T15:21:00+00:00\" \/>\n<meta property=\"article:modified_time\" content=\"2022-05-11T14:25:36+00:00\" \/>\n<meta property=\"og:image\" content=\"https:\/\/swissbaker.ch\/wp-content\/uploads\/2022\/03\/22_2_fbk_spezial.jpeg\" \/>\n\t<meta property=\"og:image:width\" content=\"800\" \/>\n\t<meta property=\"og:image:height\" content=\"474\" \/>\n\t<meta property=\"og:image:type\" content=\"image\/jpeg\" \/>\n<meta name=\"author\" content=\"azureart\" \/>\n<meta name=\"twitter:card\" content=\"summary_large_image\" \/>\n<meta name=\"twitter:creator\" content=\"@ch_swissbaker\" \/>\n<meta name=\"twitter:site\" content=\"@ch_swissbaker\" \/>\n<meta name=\"twitter:label1\" content=\"Written by\" \/>\n\t<meta name=\"twitter:data1\" content=\"azureart\" \/>\n\t<meta name=\"twitter:label2\" content=\"Est. reading time\" \/>\n\t<meta name=\"twitter:data2\" content=\"1 minute\" \/>\n<script type=\"application\/ld+json\" class=\"yoast-schema-graph\">{\"@context\":\"https:\/\/schema.org\",\"@graph\":[{\"@type\":\"Article\",\"@id\":\"https:\/\/swissbaker.ch\/fr\/panissimo-news\/la-fbkplus-a-quand-meme-lieu-mais-differemment-2\/#article\",\"isPartOf\":{\"@id\":\"https:\/\/swissbaker.ch\/fr\/panissimo-news\/la-fbkplus-a-quand-meme-lieu-mais-differemment-2\/\"},\"author\":{\"name\":\"azureart\",\"@id\":\"https:\/\/swissbaker.ch\/fr\/#\/schema\/person\/058ac47619f7da53df62aba60f939b78\"},\"headline\":\"La FBKplus a quand m\u00eame lieu \u2013 mais diff\u00e9remment\",\"datePublished\":\"2020-11-11T15:21:00+00:00\",\"dateModified\":\"2022-05-11T14:25:36+00:00\",\"mainEntityOfPage\":{\"@id\":\"https:\/\/swissbaker.ch\/fr\/panissimo-news\/la-fbkplus-a-quand-meme-lieu-mais-differemment-2\/\"},\"wordCount\":160,\"commentCount\":0,\"publisher\":{\"@id\":\"https:\/\/swissbaker.ch\/fr\/#organization\"},\"image\":{\"@id\":\"https:\/\/swissbaker.ch\/fr\/panissimo-news\/la-fbkplus-a-quand-meme-lieu-mais-differemment-2\/#primaryimage\"},\"thumbnailUrl\":\"https:\/\/swissbaker.ch\/wp-content\/uploads\/2022\/03\/22_2_fbk_spezial.jpeg\",\"articleSection\":[\"Environnement professionnel\"],\"inLanguage\":\"fr-FR\",\"potentialAction\":[{\"@type\":\"CommentAction\",\"name\":\"Comment\",\"target\":[\"https:\/\/swissbaker.ch\/fr\/panissimo-news\/la-fbkplus-a-quand-meme-lieu-mais-differemment-2\/#respond\"]}]},{\"@type\":\"WebPage\",\"@id\":\"https:\/\/swissbaker.ch\/fr\/panissimo-news\/la-fbkplus-a-quand-meme-lieu-mais-differemment-2\/\",\"url\":\"https:\/\/swissbaker.ch\/fr\/panissimo-news\/la-fbkplus-a-quand-meme-lieu-mais-differemment-2\/\",\"name\":\"La FBKplus a quand m\u00eame lieu \u2013 mais diff\u00e9remment | SBC\",\"isPartOf\":{\"@id\":\"https:\/\/swissbaker.ch\/fr\/#website\"},\"primaryImageOfPage\":{\"@id\":\"https:\/\/swissbaker.ch\/fr\/panissimo-news\/la-fbkplus-a-quand-meme-lieu-mais-differemment-2\/#primaryimage\"},\"image\":{\"@id\":\"https:\/\/swissbaker.ch\/fr\/panissimo-news\/la-fbkplus-a-quand-meme-lieu-mais-differemment-2\/#primaryimage\"},\"thumbnailUrl\":\"https:\/\/swissbaker.ch\/wp-content\/uploads\/2022\/03\/22_2_fbk_spezial.jpeg\",\"datePublished\":\"2020-11-11T15:21:00+00:00\",\"dateModified\":\"2022-05-11T14:25:36+00:00\",\"breadcrumb\":{\"@id\":\"https:\/\/swissbaker.ch\/fr\/panissimo-news\/la-fbkplus-a-quand-meme-lieu-mais-differemment-2\/#breadcrumb\"},\"inLanguage\":\"fr-FR\",\"potentialAction\":[{\"@type\":\"ReadAction\",\"target\":[\"https:\/\/swissbaker.ch\/fr\/panissimo-news\/la-fbkplus-a-quand-meme-lieu-mais-differemment-2\/\"]}]},{\"@type\":\"ImageObject\",\"inLanguage\":\"fr-FR\",\"@id\":\"https:\/\/swissbaker.ch\/fr\/panissimo-news\/la-fbkplus-a-quand-meme-lieu-mais-differemment-2\/#primaryimage\",\"url\":\"https:\/\/swissbaker.ch\/wp-content\/uploads\/2022\/03\/22_2_fbk_spezial.jpeg\",\"contentUrl\":\"https:\/\/swissbaker.ch\/wp-content\/uploads\/2022\/03\/22_2_fbk_spezial.jpeg\",\"width\":800,\"height\":474,\"caption\":\"La FBKplus a quand m\u00eame lieu \u2013 mais diff\u00e9remment\"},{\"@type\":\"BreadcrumbList\",\"@id\":\"https:\/\/swissbaker.ch\/fr\/panissimo-news\/la-fbkplus-a-quand-meme-lieu-mais-differemment-2\/#breadcrumb\",\"itemListElement\":[{\"@type\":\"ListItem\",\"position\":1,\"name\":\"\",\"item\":\"https:\/\/swissbaker.ch\/fr\/\"},{\"@type\":\"ListItem\",\"position\":2,\"name\":\"Non classifi\u00e9(e)\",\"item\":\"https:\/\/swissbaker.ch\/fr\/panissimo-news\/category\/non-classifiee\/\"},{\"@type\":\"ListItem\",\"position\":3,\"name\":\"La FBKplus a quand m\u00eame lieu \u2013 mais diff\u00e9remment\"}]},{\"@type\":\"WebSite\",\"@id\":\"https:\/\/swissbaker.ch\/fr\/#website\",\"url\":\"https:\/\/swissbaker.ch\/fr\/\",\"name\":\"SBC\",\"description\":\"\",\"publisher\":{\"@id\":\"https:\/\/swissbaker.ch\/fr\/#organization\"},\"potentialAction\":[{\"@type\":\"SearchAction\",\"target\":{\"@type\":\"EntryPoint\",\"urlTemplate\":\"https:\/\/swissbaker.ch\/fr\/?s={search_term_string}\"},\"query-input\":{\"@type\":\"PropertyValueSpecification\",\"valueRequired\":true,\"valueName\":\"search_term_string\"}}],\"inLanguage\":\"fr-FR\"},{\"@type\":\"Organization\",\"@id\":\"https:\/\/swissbaker.ch\/fr\/#organization\",\"name\":\"Schweizerischer B\u00e4cker-Confiseurmeister-Verband\",\"url\":\"https:\/\/swissbaker.ch\/fr\/\",\"logo\":{\"@type\":\"ImageObject\",\"inLanguage\":\"fr-FR\",\"@id\":\"https:\/\/swissbaker.ch\/fr\/#\/schema\/logo\/image\/\",\"url\":\"https:\/\/swissbaker.ch\/wp-content\/uploads\/2022\/04\/sbc-logo-yoast.jpg\",\"contentUrl\":\"https:\/\/swissbaker.ch\/wp-content\/uploads\/2022\/04\/sbc-logo-yoast.jpg\",\"width\":512,\"height\":512,\"caption\":\"Schweizerischer B\u00e4cker-Confiseurmeister-Verband\"},\"image\":{\"@id\":\"https:\/\/swissbaker.ch\/fr\/#\/schema\/logo\/image\/\"},\"sameAs\":[\"https:\/\/www.facebook.com\/swissbaker.ch\",\"https:\/\/x.com\/ch_swissbaker\"]},{\"@type\":\"Person\",\"@id\":\"https:\/\/swissbaker.ch\/fr\/#\/schema\/person\/058ac47619f7da53df62aba60f939b78\",\"name\":\"azureart\",\"image\":{\"@type\":\"ImageObject\",\"inLanguage\":\"fr-FR\",\"@id\":\"https:\/\/swissbaker.ch\/fr\/#\/schema\/person\/image\/\",\"url\":\"https:\/\/secure.gravatar.com\/avatar\/be04dd3098fd612c83067af4f7a295384c93cb6a9112f51beb9d2f477d25da61?s=96&d=mm&r=g\",\"contentUrl\":\"https:\/\/secure.gravatar.com\/avatar\/be04dd3098fd612c83067af4f7a295384c93cb6a9112f51beb9d2f477d25da61?s=96&d=mm&r=g\",\"caption\":\"azureart\"},\"sameAs\":[\"https:\/\/swissbaker.ch\"],\"url\":\"https:\/\/swissbaker.ch\/fr\/panissimo-news\/author\/pixel-ahoi\/\"}]}<\/script>\n<!-- \/ Yoast SEO Premium plugin. -->","yoast_head_json":{"title":"La FBKplus a quand m\u00eame lieu \u2013 mais diff\u00e9remment | SBC","robots":{"index":"index","follow":"follow","max-snippet":"max-snippet:-1","max-image-preview":"max-image-preview:large","max-video-preview":"max-video-preview:-1"},"canonical":"https:\/\/swissbaker.ch\/fr\/panissimo-news\/la-fbkplus-a-quand-meme-lieu-mais-differemment-2\/","og_locale":"fr_FR","og_type":"article","og_title":"La FBKplus a quand m\u00eame lieu \u2013 mais diff\u00e9remment","og_description":"La premi\u00e8re du nouveau salon FBKplus a d\u00fb \u00eatre report\u00e9e en 2022 en raison du coronavirus. Une solution int\u00e9ressante pour le secteur a n\u00e9anmoins \u00e9t\u00e9 trouv\u00e9e en guise de consolation. La premi\u00e8re du nouveau salon de la production de denr\u00e9es alimentaires et de boissons FBKplus aurait d\u00fb avoir lieu en janvier\u202f2021, mais le coronavirus a malheureusement mis \u00e0 mal ce [&hellip;]","og_url":"https:\/\/swissbaker.ch\/fr\/panissimo-news\/la-fbkplus-a-quand-meme-lieu-mais-differemment-2\/","og_site_name":"SBC","article_publisher":"https:\/\/www.facebook.com\/swissbaker.ch","article_published_time":"2020-11-11T15:21:00+00:00","article_modified_time":"2022-05-11T14:25:36+00:00","og_image":[{"width":800,"height":474,"url":"https:\/\/swissbaker.ch\/wp-content\/uploads\/2022\/03\/22_2_fbk_spezial.jpeg","type":"image\/jpeg"}],"author":"azureart","twitter_card":"summary_large_image","twitter_creator":"@ch_swissbaker","twitter_site":"@ch_swissbaker","twitter_misc":{"Written by":"azureart","Est. reading time":"1 minute"},"schema":{"@context":"https:\/\/schema.org","@graph":[{"@type":"Article","@id":"https:\/\/swissbaker.ch\/fr\/panissimo-news\/la-fbkplus-a-quand-meme-lieu-mais-differemment-2\/#article","isPartOf":{"@id":"https:\/\/swissbaker.ch\/fr\/panissimo-news\/la-fbkplus-a-quand-meme-lieu-mais-differemment-2\/"},"author":{"name":"azureart","@id":"https:\/\/swissbaker.ch\/fr\/#\/schema\/person\/058ac47619f7da53df62aba60f939b78"},"headline":"La FBKplus a quand m\u00eame lieu \u2013 mais diff\u00e9remment","datePublished":"2020-11-11T15:21:00+00:00","dateModified":"2022-05-11T14:25:36+00:00","mainEntityOfPage":{"@id":"https:\/\/swissbaker.ch\/fr\/panissimo-news\/la-fbkplus-a-quand-meme-lieu-mais-differemment-2\/"},"wordCount":160,"commentCount":0,"publisher":{"@id":"https:\/\/swissbaker.ch\/fr\/#organization"},"image":{"@id":"https:\/\/swissbaker.ch\/fr\/panissimo-news\/la-fbkplus-a-quand-meme-lieu-mais-differemment-2\/#primaryimage"},"thumbnailUrl":"https:\/\/swissbaker.ch\/wp-content\/uploads\/2022\/03\/22_2_fbk_spezial.jpeg","articleSection":["Environnement professionnel"],"inLanguage":"fr-FR","potentialAction":[{"@type":"CommentAction","name":"Comment","target":["https:\/\/swissbaker.ch\/fr\/panissimo-news\/la-fbkplus-a-quand-meme-lieu-mais-differemment-2\/#respond"]}]},{"@type":"WebPage","@id":"https:\/\/swissbaker.ch\/fr\/panissimo-news\/la-fbkplus-a-quand-meme-lieu-mais-differemment-2\/","url":"https:\/\/swissbaker.ch\/fr\/panissimo-news\/la-fbkplus-a-quand-meme-lieu-mais-differemment-2\/","name":"La FBKplus a quand m\u00eame lieu \u2013 mais diff\u00e9remment | SBC","isPartOf":{"@id":"https:\/\/swissbaker.ch\/fr\/#website"},"primaryImageOfPage":{"@id":"https:\/\/swissbaker.ch\/fr\/panissimo-news\/la-fbkplus-a-quand-meme-lieu-mais-differemment-2\/#primaryimage"},"image":{"@id":"https:\/\/swissbaker.ch\/fr\/panissimo-news\/la-fbkplus-a-quand-meme-lieu-mais-differemment-2\/#primaryimage"},"thumbnailUrl":"https:\/\/swissbaker.ch\/wp-content\/uploads\/2022\/03\/22_2_fbk_spezial.jpeg","datePublished":"2020-11-11T15:21:00+00:00","dateModified":"2022-05-11T14:25:36+00:00","breadcrumb":{"@id":"https:\/\/swissbaker.ch\/fr\/panissimo-news\/la-fbkplus-a-quand-meme-lieu-mais-differemment-2\/#breadcrumb"},"inLanguage":"fr-FR","potentialAction":[{"@type":"ReadAction","target":["https:\/\/swissbaker.ch\/fr\/panissimo-news\/la-fbkplus-a-quand-meme-lieu-mais-differemment-2\/"]}]},{"@type":"ImageObject","inLanguage":"fr-FR","@id":"https:\/\/swissbaker.ch\/fr\/panissimo-news\/la-fbkplus-a-quand-meme-lieu-mais-differemment-2\/#primaryimage","url":"https:\/\/swissbaker.ch\/wp-content\/uploads\/2022\/03\/22_2_fbk_spezial.jpeg","contentUrl":"https:\/\/swissbaker.ch\/wp-content\/uploads\/2022\/03\/22_2_fbk_spezial.jpeg","width":800,"height":474,"caption":"La FBKplus a quand m\u00eame lieu \u2013 mais diff\u00e9remment"},{"@type":"BreadcrumbList","@id":"https:\/\/swissbaker.ch\/fr\/panissimo-news\/la-fbkplus-a-quand-meme-lieu-mais-differemment-2\/#breadcrumb","itemListElement":[{"@type":"ListItem","position":1,"name":"","item":"https:\/\/swissbaker.ch\/fr\/"},{"@type":"ListItem","position":2,"name":"Non classifi\u00e9(e)","item":"https:\/\/swissbaker.ch\/fr\/panissimo-news\/category\/non-classifiee\/"},{"@type":"ListItem","position":3,"name":"La FBKplus a quand m\u00eame lieu \u2013 mais diff\u00e9remment"}]},{"@type":"WebSite","@id":"https:\/\/swissbaker.ch\/fr\/#website","url":"https:\/\/swissbaker.ch\/fr\/","name":"SBC","description":"","publisher":{"@id":"https:\/\/swissbaker.ch\/fr\/#organization"},"potentialAction":[{"@type":"SearchAction","target":{"@type":"EntryPoint","urlTemplate":"https:\/\/swissbaker.ch\/fr\/?s={search_term_string}"},"query-input":{"@type":"PropertyValueSpecification","valueRequired":true,"valueName":"search_term_string"}}],"inLanguage":"fr-FR"},{"@type":"Organization","@id":"https:\/\/swissbaker.ch\/fr\/#organization","name":"Schweizerischer B\u00e4cker-Confiseurmeister-Verband","url":"https:\/\/swissbaker.ch\/fr\/","logo":{"@type":"ImageObject","inLanguage":"fr-FR","@id":"https:\/\/swissbaker.ch\/fr\/#\/schema\/logo\/image\/","url":"https:\/\/swissbaker.ch\/wp-content\/uploads\/2022\/04\/sbc-logo-yoast.jpg","contentUrl":"https:\/\/swissbaker.ch\/wp-content\/uploads\/2022\/04\/sbc-logo-yoast.jpg","width":512,"height":512,"caption":"Schweizerischer B\u00e4cker-Confiseurmeister-Verband"},"image":{"@id":"https:\/\/swissbaker.ch\/fr\/#\/schema\/logo\/image\/"},"sameAs":["https:\/\/www.facebook.com\/swissbaker.ch","https:\/\/x.com\/ch_swissbaker"]},{"@type":"Person","@id":"https:\/\/swissbaker.ch\/fr\/#\/schema\/person\/058ac47619f7da53df62aba60f939b78","name":"azureart","image":{"@type":"ImageObject","inLanguage":"fr-FR","@id":"https:\/\/swissbaker.ch\/fr\/#\/schema\/person\/image\/","url":"https:\/\/secure.gravatar.com\/avatar\/be04dd3098fd612c83067af4f7a295384c93cb6a9112f51beb9d2f477d25da61?s=96&d=mm&r=g","contentUrl":"https:\/\/secure.gravatar.com\/avatar\/be04dd3098fd612c83067af4f7a295384c93cb6a9112f51beb9d2f477d25da61?s=96&d=mm&r=g","caption":"azureart"},"sameAs":["https:\/\/swissbaker.ch"],"url":"https:\/\/swissbaker.ch\/fr\/panissimo-news\/author\/pixel-ahoi\/"}]}},"_links":{"self":[{"href":"https:\/\/swissbaker.ch\/fr\/wp-json\/wp\/v2\/posts\/9211","targetHints":{"allow":["GET"]}}],"collection":[{"href":"https:\/\/swissbaker.ch\/fr\/wp-json\/wp\/v2\/posts"}],"about":[{"href":"https:\/\/swissbaker.ch\/fr\/wp-json\/wp\/v2\/types\/post"}],"author":[{"embeddable":true,"href":"https:\/\/swissbaker.ch\/fr\/wp-json\/wp\/v2\/users\/1"}],"replies":[{"embeddable":true,"href":"https:\/\/swissbaker.ch\/fr\/wp-json\/wp\/v2\/comments?post=9211"}],"version-history":[{"count":0,"href":"https:\/\/swissbaker.ch\/fr\/wp-json\/wp\/v2\/posts\/9211\/revisions"}],"wp:featuredmedia":[{"embeddable":true,"href":"https:\/\/swissbaker.ch\/fr\/wp-json\/wp\/v2\/media\/5597"}],"wp:attachment":[{"href":"https:\/\/swissbaker.ch\/fr\/wp-json\/wp\/v2\/media?parent=9211"}],"wp:term":[{"taxonomy":"category","embeddable":true,"href":"https:\/\/swissbaker.ch\/fr\/wp-json\/wp\/v2\/categories?post=9211"},{"taxonomy":"post_tag","embeddable":true,"href":"https:\/\/swissbaker.ch\/fr\/wp-json\/wp\/v2\/tags?post=9211"}],"curies":[{"name":"wp","href":"https:\/\/api.w.org\/{rel}","templated":true}]}}