{"id":9194,"date":"2018-01-25T16:02:00","date_gmt":"2018-01-25T15:02:00","guid":{"rendered":"https:\/\/swissbaker.ch\/?p=9194"},"modified":"2022-05-11T16:05:53","modified_gmt":"2022-05-11T14:05:53","slug":"quatre-spots-pour-lutter-contre-la-grande-distribution","status":"publish","type":"post","link":"https:\/\/swissbaker.ch\/fr\/panissimo-news\/quatre-spots-pour-lutter-contre-la-grande-distribution\/","title":{"rendered":"Quatre spots pour lutter contre la grande distribution"},"content":{"rendered":"\n<p><strong>Comment sont n\u00e9es les nouvelles pubs de l\u2019Association romande des artisans boulangers-p\u00e2tissiers-confiseurs (ARABPC)\u2009? Quel investissement repr\u00e9sentent-elles\u2009? Quelles sont les retomb\u00e9es\u2009? Laure Jacquat, responsable de la communication de l\u2019association et co-initiatrice du projet, r\u00e9pond \u00e0 ces questions et \u00e0 d\u2019autres\u2026<\/strong><\/p>\n\n\n\n<p>Depuis d\u00e9cembre, les t\u00e9l\u00e9spectateurs et les internautes peuvent d\u00e9couvrir quatre nouvelles publicit\u00e9s de l\u2019ARABPC. Ces sayn\u00e8tes promeuvent les professions de la branche, en quelques secondes. Un accent particulier a \u00e9t\u00e9 mis sur le savoir-faire et la passion des artisans.<\/p>\n\n\n\n<h2 class=\"wp-block-heading\" id=\"h-laure-jacquat-quelle-est-cette-nouvelle-campagne-publicitaire\">Laure Jacquat, quelle est cette nouvelle campagne publicitaire\u2009?<\/h2>\n\n\n\n<p>Faite avec humour, cette campagne pr\u00e9sente notre artisanat au travers de spots ayant pour sujet les m\u00e9tiers de boulanger, de p\u00e2tissier et de confiseur. Nous ne voulions oublier personne\u2009! L\u2019objectif est de dynamiser, de mettre en valeur notre artisanat et de lui donner une image sympathique et moderne.<\/p>\n\n\n\n<h2 class=\"wp-block-heading\">Quel est son message\u2009?<\/h2>\n\n\n\n<p>Il s\u2019agit de faire comprendre aux gens que notre m\u00e9tier est fait avec beaucoup de savoir-faire et de passion, et que toute notre production est faite \u00e0 la main par des personnes et non des machines. Dans nos m\u00e9tiers, rien ne se fait par magie. Derri\u00e8re les produits des artisans, ce n\u2019est pas du congel\u00e9 que l\u2019on r\u00e9chauffe, mais bien un produit confectionn\u00e9 avec comp\u00e9tences et passion.<\/p>\n\n\n\n<h2 class=\"wp-block-heading\">Sur quels m\u00e9dias sont diffus\u00e9s les films\u2009?<\/h2>\n\n\n\n<p>Ils sont diffus\u00e9s sur les r\u00e9seaux sociaux (Youtube, Facebook), des plates-formes en ligne (\u00abLe Matin\u2009\u00bb, \u00ab\u200924\u202fheures\u2009\u00bb, \u00ab\u200920\u202fminutes\u2009\u00bb, etc.), sur<a href=\"http:\/\/www.lepain.ch\/\"> www.lepain.c<\/a>h et sur M6. Pour la t\u00e9l\u00e9vision, nous avons r\u00e9alis\u00e9 une version concentr\u00e9e des trois spots. Nous avons aussi ajout\u00e9 des enfants pour le capital sympathique. Une seconde programmation est pr\u00e9vue du 1er au 28\u202ff\u00e9vrier, pour environ 96 passages.<\/p>\n\n\n\n<h2 class=\"wp-block-heading\">Pourquoi avoir choisi M6 et pas une autre cha\u00eene\u2009?<\/h2>\n\n\n\n<p>Le rapport prix\u2009\/\u2009nombre de diffusions et impact sur les t\u00e9l\u00e9spectateurs romands \u00e9tait le meilleur.<\/p>\n\n\n\n<h2 class=\"wp-block-heading\">Comment est n\u00e9 le projet\u2009?<\/h2>\n\n\n\n<p>Les diff\u00e9rentes campagnes faites par notre association s\u2019adressaient toujours directement \u00e0 nos clients soit par des messages sur nos sachets, soit par des concours dans nos boulangeries\u2009: la Quinzaine saine, par exemple. L\u2019id\u00e9e \u00e9tait alors de toucher un plus large public\u2026<\/p>\n\n\n\n<p>\u2026 la suite dans l\u2019\u00e9dition n\u00b02\/18 du 26 janvier de \u00abpanissimo\u00bb.<\/p>\n","protected":false},"excerpt":{"rendered":"<p>Comment sont n\u00e9es les nouvelles pubs de l\u2019Association romande des artisans boulangers-p\u00e2tissiers-confiseurs (ARABPC)\u2009? Quel investissement repr\u00e9sentent-elles\u2009? Quelles sont les retomb\u00e9es\u2009? Laure Jacquat, responsable de la communication de l\u2019association et co-initiatrice du projet, r\u00e9pond \u00e0 ces questions et \u00e0 d\u2019autres\u2026 Depuis d\u00e9cembre, les t\u00e9l\u00e9spectateurs et les internautes peuvent d\u00e9couvrir quatre nouvelles publicit\u00e9s de l\u2019ARABPC. Ces sayn\u00e8tes promeuvent les professions de la [&hellip;]<\/p>\n","protected":false},"author":1,"featured_media":9195,"comment_status":"open","ping_status":"closed","sticky":false,"template":"","format":"standard","meta":{"_acf_changed":false,"footnotes":""},"categories":[41],"tags":[],"class_list":["post-9194","post","type-post","status-publish","format-standard","has-post-thumbnail","hentry","category-association"],"acf":[],"yoast_head":"<!-- This site is optimized with the Yoast SEO Premium plugin v26.8 (Yoast SEO v26.8) - https:\/\/yoast.com\/product\/yoast-seo-premium-wordpress\/ -->\n<title>Quatre spots pour lutter contre la grande distribution | SBC<\/title>\n<meta name=\"robots\" content=\"index, follow, max-snippet:-1, max-image-preview:large, max-video-preview:-1\" \/>\n<link rel=\"canonical\" href=\"https:\/\/swissbaker.ch\/fr\/panissimo-news\/quatre-spots-pour-lutter-contre-la-grande-distribution\/\" \/>\n<meta property=\"og:locale\" content=\"fr_FR\" \/>\n<meta property=\"og:type\" content=\"article\" \/>\n<meta property=\"og:title\" content=\"Quatre spots pour lutter contre la grande distribution\" \/>\n<meta property=\"og:description\" content=\"Comment sont n\u00e9es les nouvelles pubs de l\u2019Association romande des artisans boulangers-p\u00e2tissiers-confiseurs (ARABPC)\u2009? Quel investissement repr\u00e9sentent-elles\u2009? Quelles sont les retomb\u00e9es\u2009? Laure Jacquat, responsable de la communication de l\u2019association et co-initiatrice du projet, r\u00e9pond \u00e0 ces questions et \u00e0 d\u2019autres\u2026 Depuis d\u00e9cembre, les t\u00e9l\u00e9spectateurs et les internautes peuvent d\u00e9couvrir quatre nouvelles publicit\u00e9s de l\u2019ARABPC. Ces sayn\u00e8tes promeuvent les professions de la [&hellip;]\" \/>\n<meta property=\"og:url\" content=\"https:\/\/swissbaker.ch\/fr\/panissimo-news\/quatre-spots-pour-lutter-contre-la-grande-distribution\/\" \/>\n<meta property=\"og:site_name\" content=\"SBC\" \/>\n<meta property=\"article:publisher\" content=\"https:\/\/www.facebook.com\/swissbaker.ch\" \/>\n<meta property=\"article:published_time\" content=\"2018-01-25T15:02:00+00:00\" \/>\n<meta property=\"article:modified_time\" content=\"2022-05-11T14:05:53+00:00\" \/>\n<meta property=\"og:image\" content=\"https:\/\/swissbaker.ch\/wp-content\/uploads\/2022\/05\/spots_publiditaires.jpg\" \/>\n\t<meta property=\"og:image:width\" content=\"600\" \/>\n\t<meta property=\"og:image:height\" content=\"600\" \/>\n\t<meta property=\"og:image:type\" content=\"image\/jpeg\" \/>\n<meta name=\"author\" content=\"azureart\" \/>\n<meta name=\"twitter:card\" content=\"summary_large_image\" \/>\n<meta name=\"twitter:creator\" content=\"@ch_swissbaker\" \/>\n<meta name=\"twitter:site\" content=\"@ch_swissbaker\" \/>\n<meta name=\"twitter:label1\" content=\"Written by\" \/>\n\t<meta name=\"twitter:data1\" content=\"azureart\" \/>\n\t<meta name=\"twitter:label2\" content=\"Est. reading time\" \/>\n\t<meta name=\"twitter:data2\" content=\"2 minutes\" \/>\n<script type=\"application\/ld+json\" class=\"yoast-schema-graph\">{\"@context\":\"https:\/\/schema.org\",\"@graph\":[{\"@type\":\"Article\",\"@id\":\"https:\/\/swissbaker.ch\/fr\/panissimo-news\/quatre-spots-pour-lutter-contre-la-grande-distribution\/#article\",\"isPartOf\":{\"@id\":\"https:\/\/swissbaker.ch\/fr\/panissimo-news\/quatre-spots-pour-lutter-contre-la-grande-distribution\/\"},\"author\":{\"name\":\"azureart\",\"@id\":\"https:\/\/swissbaker.ch\/fr\/#\/schema\/person\/058ac47619f7da53df62aba60f939b78\"},\"headline\":\"Quatre spots pour lutter contre la grande distribution\",\"datePublished\":\"2018-01-25T15:02:00+00:00\",\"dateModified\":\"2022-05-11T14:05:53+00:00\",\"mainEntityOfPage\":{\"@id\":\"https:\/\/swissbaker.ch\/fr\/panissimo-news\/quatre-spots-pour-lutter-contre-la-grande-distribution\/\"},\"wordCount\":399,\"commentCount\":0,\"publisher\":{\"@id\":\"https:\/\/swissbaker.ch\/fr\/#organization\"},\"image\":{\"@id\":\"https:\/\/swissbaker.ch\/fr\/panissimo-news\/quatre-spots-pour-lutter-contre-la-grande-distribution\/#primaryimage\"},\"thumbnailUrl\":\"https:\/\/swissbaker.ch\/wp-content\/uploads\/2022\/05\/spots_publiditaires.jpg\",\"articleSection\":[\"Association\"],\"inLanguage\":\"fr-FR\",\"potentialAction\":[{\"@type\":\"CommentAction\",\"name\":\"Comment\",\"target\":[\"https:\/\/swissbaker.ch\/fr\/panissimo-news\/quatre-spots-pour-lutter-contre-la-grande-distribution\/#respond\"]}]},{\"@type\":\"WebPage\",\"@id\":\"https:\/\/swissbaker.ch\/fr\/panissimo-news\/quatre-spots-pour-lutter-contre-la-grande-distribution\/\",\"url\":\"https:\/\/swissbaker.ch\/fr\/panissimo-news\/quatre-spots-pour-lutter-contre-la-grande-distribution\/\",\"name\":\"Quatre spots pour lutter contre la grande distribution | SBC\",\"isPartOf\":{\"@id\":\"https:\/\/swissbaker.ch\/fr\/#website\"},\"primaryImageOfPage\":{\"@id\":\"https:\/\/swissbaker.ch\/fr\/panissimo-news\/quatre-spots-pour-lutter-contre-la-grande-distribution\/#primaryimage\"},\"image\":{\"@id\":\"https:\/\/swissbaker.ch\/fr\/panissimo-news\/quatre-spots-pour-lutter-contre-la-grande-distribution\/#primaryimage\"},\"thumbnailUrl\":\"https:\/\/swissbaker.ch\/wp-content\/uploads\/2022\/05\/spots_publiditaires.jpg\",\"datePublished\":\"2018-01-25T15:02:00+00:00\",\"dateModified\":\"2022-05-11T14:05:53+00:00\",\"breadcrumb\":{\"@id\":\"https:\/\/swissbaker.ch\/fr\/panissimo-news\/quatre-spots-pour-lutter-contre-la-grande-distribution\/#breadcrumb\"},\"inLanguage\":\"fr-FR\",\"potentialAction\":[{\"@type\":\"ReadAction\",\"target\":[\"https:\/\/swissbaker.ch\/fr\/panissimo-news\/quatre-spots-pour-lutter-contre-la-grande-distribution\/\"]}]},{\"@type\":\"ImageObject\",\"inLanguage\":\"fr-FR\",\"@id\":\"https:\/\/swissbaker.ch\/fr\/panissimo-news\/quatre-spots-pour-lutter-contre-la-grande-distribution\/#primaryimage\",\"url\":\"https:\/\/swissbaker.ch\/wp-content\/uploads\/2022\/05\/spots_publiditaires.jpg\",\"contentUrl\":\"https:\/\/swissbaker.ch\/wp-content\/uploads\/2022\/05\/spots_publiditaires.jpg\",\"width\":600,\"height\":600,\"caption\":\"Quatre spots pour lutter contre la grande distribution\"},{\"@type\":\"BreadcrumbList\",\"@id\":\"https:\/\/swissbaker.ch\/fr\/panissimo-news\/quatre-spots-pour-lutter-contre-la-grande-distribution\/#breadcrumb\",\"itemListElement\":[{\"@type\":\"ListItem\",\"position\":1,\"name\":\"\",\"item\":\"https:\/\/swissbaker.ch\/fr\/\"},{\"@type\":\"ListItem\",\"position\":2,\"name\":\"Association\",\"item\":\"https:\/\/swissbaker.ch\/fr\/panissimo-news\/category\/association\/\"},{\"@type\":\"ListItem\",\"position\":3,\"name\":\"Quatre spots pour lutter contre la grande distribution\"}]},{\"@type\":\"WebSite\",\"@id\":\"https:\/\/swissbaker.ch\/fr\/#website\",\"url\":\"https:\/\/swissbaker.ch\/fr\/\",\"name\":\"SBC\",\"description\":\"\",\"publisher\":{\"@id\":\"https:\/\/swissbaker.ch\/fr\/#organization\"},\"potentialAction\":[{\"@type\":\"SearchAction\",\"target\":{\"@type\":\"EntryPoint\",\"urlTemplate\":\"https:\/\/swissbaker.ch\/fr\/?s={search_term_string}\"},\"query-input\":{\"@type\":\"PropertyValueSpecification\",\"valueRequired\":true,\"valueName\":\"search_term_string\"}}],\"inLanguage\":\"fr-FR\"},{\"@type\":\"Organization\",\"@id\":\"https:\/\/swissbaker.ch\/fr\/#organization\",\"name\":\"Schweizerischer B\u00e4cker-Confiseurmeister-Verband\",\"url\":\"https:\/\/swissbaker.ch\/fr\/\",\"logo\":{\"@type\":\"ImageObject\",\"inLanguage\":\"fr-FR\",\"@id\":\"https:\/\/swissbaker.ch\/fr\/#\/schema\/logo\/image\/\",\"url\":\"https:\/\/swissbaker.ch\/wp-content\/uploads\/2022\/04\/sbc-logo-yoast.jpg\",\"contentUrl\":\"https:\/\/swissbaker.ch\/wp-content\/uploads\/2022\/04\/sbc-logo-yoast.jpg\",\"width\":512,\"height\":512,\"caption\":\"Schweizerischer B\u00e4cker-Confiseurmeister-Verband\"},\"image\":{\"@id\":\"https:\/\/swissbaker.ch\/fr\/#\/schema\/logo\/image\/\"},\"sameAs\":[\"https:\/\/www.facebook.com\/swissbaker.ch\",\"https:\/\/x.com\/ch_swissbaker\"]},{\"@type\":\"Person\",\"@id\":\"https:\/\/swissbaker.ch\/fr\/#\/schema\/person\/058ac47619f7da53df62aba60f939b78\",\"name\":\"azureart\",\"image\":{\"@type\":\"ImageObject\",\"inLanguage\":\"fr-FR\",\"@id\":\"https:\/\/swissbaker.ch\/fr\/#\/schema\/person\/image\/\",\"url\":\"https:\/\/secure.gravatar.com\/avatar\/be04dd3098fd612c83067af4f7a295384c93cb6a9112f51beb9d2f477d25da61?s=96&d=mm&r=g\",\"contentUrl\":\"https:\/\/secure.gravatar.com\/avatar\/be04dd3098fd612c83067af4f7a295384c93cb6a9112f51beb9d2f477d25da61?s=96&d=mm&r=g\",\"caption\":\"azureart\"},\"sameAs\":[\"https:\/\/swissbaker.ch\"],\"url\":\"https:\/\/swissbaker.ch\/fr\/panissimo-news\/author\/pixel-ahoi\/\"}]}<\/script>\n<!-- \/ Yoast SEO Premium plugin. -->","yoast_head_json":{"title":"Quatre spots pour lutter contre la grande distribution | SBC","robots":{"index":"index","follow":"follow","max-snippet":"max-snippet:-1","max-image-preview":"max-image-preview:large","max-video-preview":"max-video-preview:-1"},"canonical":"https:\/\/swissbaker.ch\/fr\/panissimo-news\/quatre-spots-pour-lutter-contre-la-grande-distribution\/","og_locale":"fr_FR","og_type":"article","og_title":"Quatre spots pour lutter contre la grande distribution","og_description":"Comment sont n\u00e9es les nouvelles pubs de l\u2019Association romande des artisans boulangers-p\u00e2tissiers-confiseurs (ARABPC)\u2009? Quel investissement repr\u00e9sentent-elles\u2009? Quelles sont les retomb\u00e9es\u2009? Laure Jacquat, responsable de la communication de l\u2019association et co-initiatrice du projet, r\u00e9pond \u00e0 ces questions et \u00e0 d\u2019autres\u2026 Depuis d\u00e9cembre, les t\u00e9l\u00e9spectateurs et les internautes peuvent d\u00e9couvrir quatre nouvelles publicit\u00e9s de l\u2019ARABPC. Ces sayn\u00e8tes promeuvent les professions de la [&hellip;]","og_url":"https:\/\/swissbaker.ch\/fr\/panissimo-news\/quatre-spots-pour-lutter-contre-la-grande-distribution\/","og_site_name":"SBC","article_publisher":"https:\/\/www.facebook.com\/swissbaker.ch","article_published_time":"2018-01-25T15:02:00+00:00","article_modified_time":"2022-05-11T14:05:53+00:00","og_image":[{"width":600,"height":600,"url":"https:\/\/swissbaker.ch\/wp-content\/uploads\/2022\/05\/spots_publiditaires.jpg","type":"image\/jpeg"}],"author":"azureart","twitter_card":"summary_large_image","twitter_creator":"@ch_swissbaker","twitter_site":"@ch_swissbaker","twitter_misc":{"Written by":"azureart","Est. reading time":"2 minutes"},"schema":{"@context":"https:\/\/schema.org","@graph":[{"@type":"Article","@id":"https:\/\/swissbaker.ch\/fr\/panissimo-news\/quatre-spots-pour-lutter-contre-la-grande-distribution\/#article","isPartOf":{"@id":"https:\/\/swissbaker.ch\/fr\/panissimo-news\/quatre-spots-pour-lutter-contre-la-grande-distribution\/"},"author":{"name":"azureart","@id":"https:\/\/swissbaker.ch\/fr\/#\/schema\/person\/058ac47619f7da53df62aba60f939b78"},"headline":"Quatre spots pour lutter contre la grande distribution","datePublished":"2018-01-25T15:02:00+00:00","dateModified":"2022-05-11T14:05:53+00:00","mainEntityOfPage":{"@id":"https:\/\/swissbaker.ch\/fr\/panissimo-news\/quatre-spots-pour-lutter-contre-la-grande-distribution\/"},"wordCount":399,"commentCount":0,"publisher":{"@id":"https:\/\/swissbaker.ch\/fr\/#organization"},"image":{"@id":"https:\/\/swissbaker.ch\/fr\/panissimo-news\/quatre-spots-pour-lutter-contre-la-grande-distribution\/#primaryimage"},"thumbnailUrl":"https:\/\/swissbaker.ch\/wp-content\/uploads\/2022\/05\/spots_publiditaires.jpg","articleSection":["Association"],"inLanguage":"fr-FR","potentialAction":[{"@type":"CommentAction","name":"Comment","target":["https:\/\/swissbaker.ch\/fr\/panissimo-news\/quatre-spots-pour-lutter-contre-la-grande-distribution\/#respond"]}]},{"@type":"WebPage","@id":"https:\/\/swissbaker.ch\/fr\/panissimo-news\/quatre-spots-pour-lutter-contre-la-grande-distribution\/","url":"https:\/\/swissbaker.ch\/fr\/panissimo-news\/quatre-spots-pour-lutter-contre-la-grande-distribution\/","name":"Quatre spots pour lutter contre la grande distribution | SBC","isPartOf":{"@id":"https:\/\/swissbaker.ch\/fr\/#website"},"primaryImageOfPage":{"@id":"https:\/\/swissbaker.ch\/fr\/panissimo-news\/quatre-spots-pour-lutter-contre-la-grande-distribution\/#primaryimage"},"image":{"@id":"https:\/\/swissbaker.ch\/fr\/panissimo-news\/quatre-spots-pour-lutter-contre-la-grande-distribution\/#primaryimage"},"thumbnailUrl":"https:\/\/swissbaker.ch\/wp-content\/uploads\/2022\/05\/spots_publiditaires.jpg","datePublished":"2018-01-25T15:02:00+00:00","dateModified":"2022-05-11T14:05:53+00:00","breadcrumb":{"@id":"https:\/\/swissbaker.ch\/fr\/panissimo-news\/quatre-spots-pour-lutter-contre-la-grande-distribution\/#breadcrumb"},"inLanguage":"fr-FR","potentialAction":[{"@type":"ReadAction","target":["https:\/\/swissbaker.ch\/fr\/panissimo-news\/quatre-spots-pour-lutter-contre-la-grande-distribution\/"]}]},{"@type":"ImageObject","inLanguage":"fr-FR","@id":"https:\/\/swissbaker.ch\/fr\/panissimo-news\/quatre-spots-pour-lutter-contre-la-grande-distribution\/#primaryimage","url":"https:\/\/swissbaker.ch\/wp-content\/uploads\/2022\/05\/spots_publiditaires.jpg","contentUrl":"https:\/\/swissbaker.ch\/wp-content\/uploads\/2022\/05\/spots_publiditaires.jpg","width":600,"height":600,"caption":"Quatre spots pour lutter contre la grande distribution"},{"@type":"BreadcrumbList","@id":"https:\/\/swissbaker.ch\/fr\/panissimo-news\/quatre-spots-pour-lutter-contre-la-grande-distribution\/#breadcrumb","itemListElement":[{"@type":"ListItem","position":1,"name":"","item":"https:\/\/swissbaker.ch\/fr\/"},{"@type":"ListItem","position":2,"name":"Association","item":"https:\/\/swissbaker.ch\/fr\/panissimo-news\/category\/association\/"},{"@type":"ListItem","position":3,"name":"Quatre spots pour lutter contre la grande distribution"}]},{"@type":"WebSite","@id":"https:\/\/swissbaker.ch\/fr\/#website","url":"https:\/\/swissbaker.ch\/fr\/","name":"SBC","description":"","publisher":{"@id":"https:\/\/swissbaker.ch\/fr\/#organization"},"potentialAction":[{"@type":"SearchAction","target":{"@type":"EntryPoint","urlTemplate":"https:\/\/swissbaker.ch\/fr\/?s={search_term_string}"},"query-input":{"@type":"PropertyValueSpecification","valueRequired":true,"valueName":"search_term_string"}}],"inLanguage":"fr-FR"},{"@type":"Organization","@id":"https:\/\/swissbaker.ch\/fr\/#organization","name":"Schweizerischer B\u00e4cker-Confiseurmeister-Verband","url":"https:\/\/swissbaker.ch\/fr\/","logo":{"@type":"ImageObject","inLanguage":"fr-FR","@id":"https:\/\/swissbaker.ch\/fr\/#\/schema\/logo\/image\/","url":"https:\/\/swissbaker.ch\/wp-content\/uploads\/2022\/04\/sbc-logo-yoast.jpg","contentUrl":"https:\/\/swissbaker.ch\/wp-content\/uploads\/2022\/04\/sbc-logo-yoast.jpg","width":512,"height":512,"caption":"Schweizerischer B\u00e4cker-Confiseurmeister-Verband"},"image":{"@id":"https:\/\/swissbaker.ch\/fr\/#\/schema\/logo\/image\/"},"sameAs":["https:\/\/www.facebook.com\/swissbaker.ch","https:\/\/x.com\/ch_swissbaker"]},{"@type":"Person","@id":"https:\/\/swissbaker.ch\/fr\/#\/schema\/person\/058ac47619f7da53df62aba60f939b78","name":"azureart","image":{"@type":"ImageObject","inLanguage":"fr-FR","@id":"https:\/\/swissbaker.ch\/fr\/#\/schema\/person\/image\/","url":"https:\/\/secure.gravatar.com\/avatar\/be04dd3098fd612c83067af4f7a295384c93cb6a9112f51beb9d2f477d25da61?s=96&d=mm&r=g","contentUrl":"https:\/\/secure.gravatar.com\/avatar\/be04dd3098fd612c83067af4f7a295384c93cb6a9112f51beb9d2f477d25da61?s=96&d=mm&r=g","caption":"azureart"},"sameAs":["https:\/\/swissbaker.ch"],"url":"https:\/\/swissbaker.ch\/fr\/panissimo-news\/author\/pixel-ahoi\/"}]}},"_links":{"self":[{"href":"https:\/\/swissbaker.ch\/fr\/wp-json\/wp\/v2\/posts\/9194","targetHints":{"allow":["GET"]}}],"collection":[{"href":"https:\/\/swissbaker.ch\/fr\/wp-json\/wp\/v2\/posts"}],"about":[{"href":"https:\/\/swissbaker.ch\/fr\/wp-json\/wp\/v2\/types\/post"}],"author":[{"embeddable":true,"href":"https:\/\/swissbaker.ch\/fr\/wp-json\/wp\/v2\/users\/1"}],"replies":[{"embeddable":true,"href":"https:\/\/swissbaker.ch\/fr\/wp-json\/wp\/v2\/comments?post=9194"}],"version-history":[{"count":0,"href":"https:\/\/swissbaker.ch\/fr\/wp-json\/wp\/v2\/posts\/9194\/revisions"}],"wp:featuredmedia":[{"embeddable":true,"href":"https:\/\/swissbaker.ch\/fr\/wp-json\/wp\/v2\/media\/9195"}],"wp:attachment":[{"href":"https:\/\/swissbaker.ch\/fr\/wp-json\/wp\/v2\/media?parent=9194"}],"wp:term":[{"taxonomy":"category","embeddable":true,"href":"https:\/\/swissbaker.ch\/fr\/wp-json\/wp\/v2\/categories?post=9194"},{"taxonomy":"post_tag","embeddable":true,"href":"https:\/\/swissbaker.ch\/fr\/wp-json\/wp\/v2\/tags?post=9194"}],"curies":[{"name":"wp","href":"https:\/\/api.w.org\/{rel}","templated":true}]}}