{"id":9065,"date":"2018-01-10T14:45:00","date_gmt":"2018-01-10T13:45:00","guid":{"rendered":"https:\/\/swissbaker.ch\/?p=9065"},"modified":"2022-05-11T14:52:00","modified_gmt":"2022-05-11T12:52:00","slug":"lannee-2018-sannonce-passionnante","status":"publish","type":"post","link":"https:\/\/swissbaker.ch\/fr\/panissimo-news\/lannee-2018-sannonce-passionnante\/","title":{"rendered":"L\u2019ann\u00e9e 2018 s\u2019annonce passionnante"},"content":{"rendered":"\n<p><strong>Les v\u0153ux de Didier Ecoffey, pr\u00e9sident de l\u2019ARABPC.<\/strong><\/p>\n\n\n\n<p>Passionnante parce que, comme tous les deux ans, les boulangers-p\u00e2tissiers-confiseurs de Suisse pourront faire \u00e9talage de tout leur savoir-faire, leur talent et leur cr\u00e9ativit\u00e9 \u00e0 l\u2019occasion du Swiss Bakery Trophy (SBT) dans le cadre du Salon suisse des go\u00fbts et terroirs \u00e0 Bulle, du 31\u202foctobre au 4\u202fnovembre. Je vous encourage \u00e0 vous inscrire pour ce SBT qui repr\u00e9sente une vitrine unique pour notre artisanat, et l\u2019occasion de d\u00e9crocher une ou plusieurs m\u00e9dailles, outils marketing de choix pour les deux ann\u00e9es suivantes.<\/p>\n\n\n\n<p>Vous ne raterez pas non plus la campagne publicitaire qui a d\u00e9marr\u00e9 en fin d\u2019ann\u00e9e derni\u00e8re sur les r\u00e9seaux sociaux et sur les \u00e9crans de t\u00e9l\u00e9vision de Suisse romande. La campagne\u2009? Une s\u00e9rie de spots vid\u00e9o qui rappellent que le savoir-faire de l\u2019artisan boulanger-p\u00e2tissier-confiseur est une histoire d\u2019amour, de passion et de pratique.<\/p>\n\n\n\n<p>Vous l\u2019aurez compris, la p\u00e9rennit\u00e9 de notre artisanat passe par la promotion de notre savoir-faire pour se d\u00e9marquer de la concurrence de la grande distribution qui ne rel\u00e2che jamais la pression. Ce savoir-faire qui fait notre singularit\u00e9, notre corporation doit le cultiver sans rel\u00e2chement, notamment par le soutien de la rel\u00e8ve et la promotion de la formation continue. Dans cette id\u00e9e, l\u2019Association romande des artisans boulangers-p\u00e2tissiers-confiseurs (ARABPC) va mettre toute son \u00e9nergie \u00e0 la r\u00e9alisation du projet de nouveau centre de formation pour la Suisse romande. Cette r\u00e9alisation \u00e0 venir est un outil indispensable pour inscrire les m\u00e9tiers de la boulangerie-p\u00e2tisserie-confiserie dans le temps et offrir \u00e0 nos membres des conditions de formation modernes et attractives.<\/p>\n\n\n\n<p>Je me r\u00e9jouis de vivre avec vous cette ann\u00e9e 2018 passionnante. <\/p>\n","protected":false},"excerpt":{"rendered":"<p>Les v\u0153ux de Didier Ecoffey, pr\u00e9sident de l\u2019ARABPC. Passionnante parce que, comme tous les deux ans, les boulangers-p\u00e2tissiers-confiseurs de Suisse pourront faire \u00e9talage de tout leur savoir-faire, leur talent et leur cr\u00e9ativit\u00e9 \u00e0 l\u2019occasion du Swiss Bakery Trophy (SBT) dans le cadre du Salon suisse des go\u00fbts et terroirs \u00e0 Bulle, du 31\u202foctobre au 4\u202fnovembre. Je vous encourage \u00e0 vous [&hellip;]<\/p>\n","protected":false},"author":1,"featured_media":9067,"comment_status":"open","ping_status":"closed","sticky":false,"template":"","format":"standard","meta":{"_acf_changed":false,"footnotes":""},"categories":[41],"tags":[],"class_list":["post-9065","post","type-post","status-publish","format-standard","has-post-thumbnail","hentry","category-association"],"acf":[],"yoast_head":"<!-- This site is optimized with the Yoast SEO Premium plugin v26.8 (Yoast SEO v26.8) - https:\/\/yoast.com\/product\/yoast-seo-premium-wordpress\/ -->\n<title>L\u2019ann\u00e9e 2018 s\u2019annonce passionnante | SBC<\/title>\n<meta name=\"robots\" content=\"index, follow, max-snippet:-1, max-image-preview:large, max-video-preview:-1\" \/>\n<link rel=\"canonical\" href=\"https:\/\/swissbaker.ch\/fr\/panissimo-news\/lannee-2018-sannonce-passionnante\/\" \/>\n<meta property=\"og:locale\" content=\"fr_FR\" \/>\n<meta property=\"og:type\" content=\"article\" \/>\n<meta property=\"og:title\" content=\"L\u2019ann\u00e9e 2018 s\u2019annonce passionnante\" \/>\n<meta property=\"og:description\" content=\"Les v\u0153ux de Didier Ecoffey, pr\u00e9sident de l\u2019ARABPC. Passionnante parce que, comme tous les deux ans, les boulangers-p\u00e2tissiers-confiseurs de Suisse pourront faire \u00e9talage de tout leur savoir-faire, leur talent et leur cr\u00e9ativit\u00e9 \u00e0 l\u2019occasion du Swiss Bakery Trophy (SBT) dans le cadre du Salon suisse des go\u00fbts et terroirs \u00e0 Bulle, du 31\u202foctobre au 4\u202fnovembre. Je vous encourage \u00e0 vous [&hellip;]\" \/>\n<meta property=\"og:url\" content=\"https:\/\/swissbaker.ch\/fr\/panissimo-news\/lannee-2018-sannonce-passionnante\/\" \/>\n<meta property=\"og:site_name\" content=\"SBC\" \/>\n<meta property=\"article:publisher\" content=\"https:\/\/www.facebook.com\/swissbaker.ch\" \/>\n<meta property=\"article:published_time\" content=\"2018-01-10T13:45:00+00:00\" \/>\n<meta property=\"article:modified_time\" content=\"2022-05-11T12:52:00+00:00\" \/>\n<meta property=\"og:image\" content=\"https:\/\/swissbaker.ch\/wp-content\/uploads\/2022\/05\/didier_ecoffey_terroir-fribourg.jpg\" \/>\n\t<meta property=\"og:image:width\" content=\"600\" \/>\n\t<meta property=\"og:image:height\" content=\"600\" \/>\n\t<meta property=\"og:image:type\" content=\"image\/jpeg\" \/>\n<meta name=\"author\" content=\"azureart\" \/>\n<meta name=\"twitter:card\" content=\"summary_large_image\" \/>\n<meta name=\"twitter:creator\" content=\"@ch_swissbaker\" \/>\n<meta name=\"twitter:site\" content=\"@ch_swissbaker\" \/>\n<meta name=\"twitter:label1\" content=\"Written by\" \/>\n\t<meta name=\"twitter:data1\" content=\"azureart\" \/>\n\t<meta name=\"twitter:label2\" content=\"Est. reading time\" \/>\n\t<meta name=\"twitter:data2\" content=\"2 minutes\" \/>\n<script type=\"application\/ld+json\" class=\"yoast-schema-graph\">{\"@context\":\"https:\/\/schema.org\",\"@graph\":[{\"@type\":\"Article\",\"@id\":\"https:\/\/swissbaker.ch\/fr\/panissimo-news\/lannee-2018-sannonce-passionnante\/#article\",\"isPartOf\":{\"@id\":\"https:\/\/swissbaker.ch\/fr\/panissimo-news\/lannee-2018-sannonce-passionnante\/\"},\"author\":{\"name\":\"azureart\",\"@id\":\"https:\/\/swissbaker.ch\/fr\/#\/schema\/person\/058ac47619f7da53df62aba60f939b78\"},\"headline\":\"L\u2019ann\u00e9e 2018 s\u2019annonce passionnante\",\"datePublished\":\"2018-01-10T13:45:00+00:00\",\"dateModified\":\"2022-05-11T12:52:00+00:00\",\"mainEntityOfPage\":{\"@id\":\"https:\/\/swissbaker.ch\/fr\/panissimo-news\/lannee-2018-sannonce-passionnante\/\"},\"wordCount\":307,\"commentCount\":0,\"publisher\":{\"@id\":\"https:\/\/swissbaker.ch\/fr\/#organization\"},\"image\":{\"@id\":\"https:\/\/swissbaker.ch\/fr\/panissimo-news\/lannee-2018-sannonce-passionnante\/#primaryimage\"},\"thumbnailUrl\":\"https:\/\/swissbaker.ch\/wp-content\/uploads\/2022\/05\/didier_ecoffey_terroir-fribourg.jpg\",\"articleSection\":[\"Association\"],\"inLanguage\":\"fr-FR\",\"potentialAction\":[{\"@type\":\"CommentAction\",\"name\":\"Comment\",\"target\":[\"https:\/\/swissbaker.ch\/fr\/panissimo-news\/lannee-2018-sannonce-passionnante\/#respond\"]}]},{\"@type\":\"WebPage\",\"@id\":\"https:\/\/swissbaker.ch\/fr\/panissimo-news\/lannee-2018-sannonce-passionnante\/\",\"url\":\"https:\/\/swissbaker.ch\/fr\/panissimo-news\/lannee-2018-sannonce-passionnante\/\",\"name\":\"L\u2019ann\u00e9e 2018 s\u2019annonce passionnante | SBC\",\"isPartOf\":{\"@id\":\"https:\/\/swissbaker.ch\/fr\/#website\"},\"primaryImageOfPage\":{\"@id\":\"https:\/\/swissbaker.ch\/fr\/panissimo-news\/lannee-2018-sannonce-passionnante\/#primaryimage\"},\"image\":{\"@id\":\"https:\/\/swissbaker.ch\/fr\/panissimo-news\/lannee-2018-sannonce-passionnante\/#primaryimage\"},\"thumbnailUrl\":\"https:\/\/swissbaker.ch\/wp-content\/uploads\/2022\/05\/didier_ecoffey_terroir-fribourg.jpg\",\"datePublished\":\"2018-01-10T13:45:00+00:00\",\"dateModified\":\"2022-05-11T12:52:00+00:00\",\"breadcrumb\":{\"@id\":\"https:\/\/swissbaker.ch\/fr\/panissimo-news\/lannee-2018-sannonce-passionnante\/#breadcrumb\"},\"inLanguage\":\"fr-FR\",\"potentialAction\":[{\"@type\":\"ReadAction\",\"target\":[\"https:\/\/swissbaker.ch\/fr\/panissimo-news\/lannee-2018-sannonce-passionnante\/\"]}]},{\"@type\":\"ImageObject\",\"inLanguage\":\"fr-FR\",\"@id\":\"https:\/\/swissbaker.ch\/fr\/panissimo-news\/lannee-2018-sannonce-passionnante\/#primaryimage\",\"url\":\"https:\/\/swissbaker.ch\/wp-content\/uploads\/2022\/05\/didier_ecoffey_terroir-fribourg.jpg\",\"contentUrl\":\"https:\/\/swissbaker.ch\/wp-content\/uploads\/2022\/05\/didier_ecoffey_terroir-fribourg.jpg\",\"width\":600,\"height\":600,\"caption\":\"L\u2019ann\u00e9e 2018 s\u2019annonce passionnante\"},{\"@type\":\"BreadcrumbList\",\"@id\":\"https:\/\/swissbaker.ch\/fr\/panissimo-news\/lannee-2018-sannonce-passionnante\/#breadcrumb\",\"itemListElement\":[{\"@type\":\"ListItem\",\"position\":1,\"name\":\"\",\"item\":\"https:\/\/swissbaker.ch\/fr\/\"},{\"@type\":\"ListItem\",\"position\":2,\"name\":\"Association\",\"item\":\"https:\/\/swissbaker.ch\/fr\/panissimo-news\/category\/association\/\"},{\"@type\":\"ListItem\",\"position\":3,\"name\":\"L\u2019ann\u00e9e 2018 s\u2019annonce passionnante\"}]},{\"@type\":\"WebSite\",\"@id\":\"https:\/\/swissbaker.ch\/fr\/#website\",\"url\":\"https:\/\/swissbaker.ch\/fr\/\",\"name\":\"SBC\",\"description\":\"\",\"publisher\":{\"@id\":\"https:\/\/swissbaker.ch\/fr\/#organization\"},\"potentialAction\":[{\"@type\":\"SearchAction\",\"target\":{\"@type\":\"EntryPoint\",\"urlTemplate\":\"https:\/\/swissbaker.ch\/fr\/?s={search_term_string}\"},\"query-input\":{\"@type\":\"PropertyValueSpecification\",\"valueRequired\":true,\"valueName\":\"search_term_string\"}}],\"inLanguage\":\"fr-FR\"},{\"@type\":\"Organization\",\"@id\":\"https:\/\/swissbaker.ch\/fr\/#organization\",\"name\":\"Schweizerischer B\u00e4cker-Confiseurmeister-Verband\",\"url\":\"https:\/\/swissbaker.ch\/fr\/\",\"logo\":{\"@type\":\"ImageObject\",\"inLanguage\":\"fr-FR\",\"@id\":\"https:\/\/swissbaker.ch\/fr\/#\/schema\/logo\/image\/\",\"url\":\"https:\/\/swissbaker.ch\/wp-content\/uploads\/2022\/04\/sbc-logo-yoast.jpg\",\"contentUrl\":\"https:\/\/swissbaker.ch\/wp-content\/uploads\/2022\/04\/sbc-logo-yoast.jpg\",\"width\":512,\"height\":512,\"caption\":\"Schweizerischer B\u00e4cker-Confiseurmeister-Verband\"},\"image\":{\"@id\":\"https:\/\/swissbaker.ch\/fr\/#\/schema\/logo\/image\/\"},\"sameAs\":[\"https:\/\/www.facebook.com\/swissbaker.ch\",\"https:\/\/x.com\/ch_swissbaker\"]},{\"@type\":\"Person\",\"@id\":\"https:\/\/swissbaker.ch\/fr\/#\/schema\/person\/058ac47619f7da53df62aba60f939b78\",\"name\":\"azureart\",\"image\":{\"@type\":\"ImageObject\",\"inLanguage\":\"fr-FR\",\"@id\":\"https:\/\/swissbaker.ch\/fr\/#\/schema\/person\/image\/\",\"url\":\"https:\/\/secure.gravatar.com\/avatar\/be04dd3098fd612c83067af4f7a295384c93cb6a9112f51beb9d2f477d25da61?s=96&d=mm&r=g\",\"contentUrl\":\"https:\/\/secure.gravatar.com\/avatar\/be04dd3098fd612c83067af4f7a295384c93cb6a9112f51beb9d2f477d25da61?s=96&d=mm&r=g\",\"caption\":\"azureart\"},\"sameAs\":[\"https:\/\/swissbaker.ch\"],\"url\":\"https:\/\/swissbaker.ch\/fr\/panissimo-news\/author\/pixel-ahoi\/\"}]}<\/script>\n<!-- \/ Yoast SEO Premium plugin. -->","yoast_head_json":{"title":"L\u2019ann\u00e9e 2018 s\u2019annonce passionnante | SBC","robots":{"index":"index","follow":"follow","max-snippet":"max-snippet:-1","max-image-preview":"max-image-preview:large","max-video-preview":"max-video-preview:-1"},"canonical":"https:\/\/swissbaker.ch\/fr\/panissimo-news\/lannee-2018-sannonce-passionnante\/","og_locale":"fr_FR","og_type":"article","og_title":"L\u2019ann\u00e9e 2018 s\u2019annonce passionnante","og_description":"Les v\u0153ux de Didier Ecoffey, pr\u00e9sident de l\u2019ARABPC. Passionnante parce que, comme tous les deux ans, les boulangers-p\u00e2tissiers-confiseurs de Suisse pourront faire \u00e9talage de tout leur savoir-faire, leur talent et leur cr\u00e9ativit\u00e9 \u00e0 l\u2019occasion du Swiss Bakery Trophy (SBT) dans le cadre du Salon suisse des go\u00fbts et terroirs \u00e0 Bulle, du 31\u202foctobre au 4\u202fnovembre. Je vous encourage \u00e0 vous [&hellip;]","og_url":"https:\/\/swissbaker.ch\/fr\/panissimo-news\/lannee-2018-sannonce-passionnante\/","og_site_name":"SBC","article_publisher":"https:\/\/www.facebook.com\/swissbaker.ch","article_published_time":"2018-01-10T13:45:00+00:00","article_modified_time":"2022-05-11T12:52:00+00:00","og_image":[{"width":600,"height":600,"url":"https:\/\/swissbaker.ch\/wp-content\/uploads\/2022\/05\/didier_ecoffey_terroir-fribourg.jpg","type":"image\/jpeg"}],"author":"azureart","twitter_card":"summary_large_image","twitter_creator":"@ch_swissbaker","twitter_site":"@ch_swissbaker","twitter_misc":{"Written by":"azureart","Est. reading time":"2 minutes"},"schema":{"@context":"https:\/\/schema.org","@graph":[{"@type":"Article","@id":"https:\/\/swissbaker.ch\/fr\/panissimo-news\/lannee-2018-sannonce-passionnante\/#article","isPartOf":{"@id":"https:\/\/swissbaker.ch\/fr\/panissimo-news\/lannee-2018-sannonce-passionnante\/"},"author":{"name":"azureart","@id":"https:\/\/swissbaker.ch\/fr\/#\/schema\/person\/058ac47619f7da53df62aba60f939b78"},"headline":"L\u2019ann\u00e9e 2018 s\u2019annonce passionnante","datePublished":"2018-01-10T13:45:00+00:00","dateModified":"2022-05-11T12:52:00+00:00","mainEntityOfPage":{"@id":"https:\/\/swissbaker.ch\/fr\/panissimo-news\/lannee-2018-sannonce-passionnante\/"},"wordCount":307,"commentCount":0,"publisher":{"@id":"https:\/\/swissbaker.ch\/fr\/#organization"},"image":{"@id":"https:\/\/swissbaker.ch\/fr\/panissimo-news\/lannee-2018-sannonce-passionnante\/#primaryimage"},"thumbnailUrl":"https:\/\/swissbaker.ch\/wp-content\/uploads\/2022\/05\/didier_ecoffey_terroir-fribourg.jpg","articleSection":["Association"],"inLanguage":"fr-FR","potentialAction":[{"@type":"CommentAction","name":"Comment","target":["https:\/\/swissbaker.ch\/fr\/panissimo-news\/lannee-2018-sannonce-passionnante\/#respond"]}]},{"@type":"WebPage","@id":"https:\/\/swissbaker.ch\/fr\/panissimo-news\/lannee-2018-sannonce-passionnante\/","url":"https:\/\/swissbaker.ch\/fr\/panissimo-news\/lannee-2018-sannonce-passionnante\/","name":"L\u2019ann\u00e9e 2018 s\u2019annonce passionnante | SBC","isPartOf":{"@id":"https:\/\/swissbaker.ch\/fr\/#website"},"primaryImageOfPage":{"@id":"https:\/\/swissbaker.ch\/fr\/panissimo-news\/lannee-2018-sannonce-passionnante\/#primaryimage"},"image":{"@id":"https:\/\/swissbaker.ch\/fr\/panissimo-news\/lannee-2018-sannonce-passionnante\/#primaryimage"},"thumbnailUrl":"https:\/\/swissbaker.ch\/wp-content\/uploads\/2022\/05\/didier_ecoffey_terroir-fribourg.jpg","datePublished":"2018-01-10T13:45:00+00:00","dateModified":"2022-05-11T12:52:00+00:00","breadcrumb":{"@id":"https:\/\/swissbaker.ch\/fr\/panissimo-news\/lannee-2018-sannonce-passionnante\/#breadcrumb"},"inLanguage":"fr-FR","potentialAction":[{"@type":"ReadAction","target":["https:\/\/swissbaker.ch\/fr\/panissimo-news\/lannee-2018-sannonce-passionnante\/"]}]},{"@type":"ImageObject","inLanguage":"fr-FR","@id":"https:\/\/swissbaker.ch\/fr\/panissimo-news\/lannee-2018-sannonce-passionnante\/#primaryimage","url":"https:\/\/swissbaker.ch\/wp-content\/uploads\/2022\/05\/didier_ecoffey_terroir-fribourg.jpg","contentUrl":"https:\/\/swissbaker.ch\/wp-content\/uploads\/2022\/05\/didier_ecoffey_terroir-fribourg.jpg","width":600,"height":600,"caption":"L\u2019ann\u00e9e 2018 s\u2019annonce passionnante"},{"@type":"BreadcrumbList","@id":"https:\/\/swissbaker.ch\/fr\/panissimo-news\/lannee-2018-sannonce-passionnante\/#breadcrumb","itemListElement":[{"@type":"ListItem","position":1,"name":"","item":"https:\/\/swissbaker.ch\/fr\/"},{"@type":"ListItem","position":2,"name":"Association","item":"https:\/\/swissbaker.ch\/fr\/panissimo-news\/category\/association\/"},{"@type":"ListItem","position":3,"name":"L\u2019ann\u00e9e 2018 s\u2019annonce passionnante"}]},{"@type":"WebSite","@id":"https:\/\/swissbaker.ch\/fr\/#website","url":"https:\/\/swissbaker.ch\/fr\/","name":"SBC","description":"","publisher":{"@id":"https:\/\/swissbaker.ch\/fr\/#organization"},"potentialAction":[{"@type":"SearchAction","target":{"@type":"EntryPoint","urlTemplate":"https:\/\/swissbaker.ch\/fr\/?s={search_term_string}"},"query-input":{"@type":"PropertyValueSpecification","valueRequired":true,"valueName":"search_term_string"}}],"inLanguage":"fr-FR"},{"@type":"Organization","@id":"https:\/\/swissbaker.ch\/fr\/#organization","name":"Schweizerischer B\u00e4cker-Confiseurmeister-Verband","url":"https:\/\/swissbaker.ch\/fr\/","logo":{"@type":"ImageObject","inLanguage":"fr-FR","@id":"https:\/\/swissbaker.ch\/fr\/#\/schema\/logo\/image\/","url":"https:\/\/swissbaker.ch\/wp-content\/uploads\/2022\/04\/sbc-logo-yoast.jpg","contentUrl":"https:\/\/swissbaker.ch\/wp-content\/uploads\/2022\/04\/sbc-logo-yoast.jpg","width":512,"height":512,"caption":"Schweizerischer B\u00e4cker-Confiseurmeister-Verband"},"image":{"@id":"https:\/\/swissbaker.ch\/fr\/#\/schema\/logo\/image\/"},"sameAs":["https:\/\/www.facebook.com\/swissbaker.ch","https:\/\/x.com\/ch_swissbaker"]},{"@type":"Person","@id":"https:\/\/swissbaker.ch\/fr\/#\/schema\/person\/058ac47619f7da53df62aba60f939b78","name":"azureart","image":{"@type":"ImageObject","inLanguage":"fr-FR","@id":"https:\/\/swissbaker.ch\/fr\/#\/schema\/person\/image\/","url":"https:\/\/secure.gravatar.com\/avatar\/be04dd3098fd612c83067af4f7a295384c93cb6a9112f51beb9d2f477d25da61?s=96&d=mm&r=g","contentUrl":"https:\/\/secure.gravatar.com\/avatar\/be04dd3098fd612c83067af4f7a295384c93cb6a9112f51beb9d2f477d25da61?s=96&d=mm&r=g","caption":"azureart"},"sameAs":["https:\/\/swissbaker.ch"],"url":"https:\/\/swissbaker.ch\/fr\/panissimo-news\/author\/pixel-ahoi\/"}]}},"_links":{"self":[{"href":"https:\/\/swissbaker.ch\/fr\/wp-json\/wp\/v2\/posts\/9065","targetHints":{"allow":["GET"]}}],"collection":[{"href":"https:\/\/swissbaker.ch\/fr\/wp-json\/wp\/v2\/posts"}],"about":[{"href":"https:\/\/swissbaker.ch\/fr\/wp-json\/wp\/v2\/types\/post"}],"author":[{"embeddable":true,"href":"https:\/\/swissbaker.ch\/fr\/wp-json\/wp\/v2\/users\/1"}],"replies":[{"embeddable":true,"href":"https:\/\/swissbaker.ch\/fr\/wp-json\/wp\/v2\/comments?post=9065"}],"version-history":[{"count":0,"href":"https:\/\/swissbaker.ch\/fr\/wp-json\/wp\/v2\/posts\/9065\/revisions"}],"wp:featuredmedia":[{"embeddable":true,"href":"https:\/\/swissbaker.ch\/fr\/wp-json\/wp\/v2\/media\/9067"}],"wp:attachment":[{"href":"https:\/\/swissbaker.ch\/fr\/wp-json\/wp\/v2\/media?parent=9065"}],"wp:term":[{"taxonomy":"category","embeddable":true,"href":"https:\/\/swissbaker.ch\/fr\/wp-json\/wp\/v2\/categories?post=9065"},{"taxonomy":"post_tag","embeddable":true,"href":"https:\/\/swissbaker.ch\/fr\/wp-json\/wp\/v2\/tags?post=9065"}],"curies":[{"name":"wp","href":"https:\/\/api.w.org\/{rel}","templated":true}]}}