{"id":9061,"date":"2018-01-10T11:29:00","date_gmt":"2018-01-10T10:29:00","guid":{"rendered":"https:\/\/swissbaker.ch\/?p=9061"},"modified":"2022-05-11T14:45:01","modified_gmt":"2022-05-11T12:45:01","slug":"merci-pour-votre-engagement-quotidien","status":"publish","type":"post","link":"https:\/\/swissbaker.ch\/fr\/panissimo-news\/merci-pour-votre-engagement-quotidien\/","title":{"rendered":"Merci pour votre engagement quotidien"},"content":{"rendered":"\n<p><strong>La Confr\u00e9rie vaudoise des Chevaliers du Bon Pain nous a fait honneur en c\u00e9l\u00e9brant le 23e chapitre d\u2019intronisation et la c\u00e9l\u00e9bration de son 50e anniversaire \u00e0 Vevey. Un demi-si\u00e8cle au service du pain de qualit\u00e9 et des artisans, voil\u00e0 qui m\u00e9ritait d\u2019\u00eatre f\u00eat\u00e9\u2009!<\/strong><\/p>\n\n\n\n<p>Je tiens tout particuli\u00e8rement \u00e0 f\u00e9liciter, au nom des autorit\u00e9s veveysannes, toutes celles et ceux qui se sont vu d\u00e9cerner un titre des mains de la Confr\u00e9rie. Merci pour votre engagement quotidien au service du bon pain.<\/p>\n\n\n\n<p>On l\u2019a entendu ou lu dans les m\u00e9dias, 130\u2009000 tonnes de produits industriels \u00e9trangers envahissent chaque ann\u00e9e le march\u00e9 suisse. Face \u00e0 ce ph\u00e9nom\u00e8ne pr\u00e9occupant, il est plus que jamais n\u00e9cessaire d\u2019encourager celles et ceux qui continuent \u00e0 nous proposer du pain de proximit\u00e9 et de qualit\u00e9.<\/p>\n\n\n\n<p>A Vevey, nous avons la chance de b\u00e9n\u00e9ficier du talent de v\u00e9ritables artisans boulangers. Tout comme nous b\u00e9n\u00e9ficions du savoir de bouchers artisanaux et de commerces sp\u00e9cialis\u00e9s dans la vente de produits r\u00e9gionaux. Vevey est \u00e9galement connue loin \u00e0 la ronde pour son march\u00e9\u2009: tous les mardis et samedis, notre place du March\u00e9 se transforme en lieu de rencontres chaleureux et anim\u00e9.<\/p>\n\n\n\n<p>Cette m\u00eame place accueille, une fois par g\u00e9n\u00e9ration, la tr\u00e8s attendue F\u00eate des Vignerons dont la prochaine \u00e9dition aura lieu du 18\u202fjuillet au 11\u202fao\u00fbt 2019. Encore une occasion de c\u00e9l\u00e9brer le partage et de mettre en avant les traditions qui nous r\u00e9unissent.<\/p>\n\n\n\n<p>Forte d\u2019une carri\u00e8re professionnelle diversifi\u00e9e, Elina Leimgruber est entr\u00e9e \u00e0 la Municipalit\u00e9 de Vevey en 2011. Depuis 2016, elle est la premi\u00e8re femme syndique de la ville.<\/p>\n\n\n\n<p><\/p>\n","protected":false},"excerpt":{"rendered":"<p>La Confr\u00e9rie vaudoise des Chevaliers du Bon Pain nous a fait honneur en c\u00e9l\u00e9brant le 23e chapitre d\u2019intronisation et la c\u00e9l\u00e9bration de son 50e anniversaire \u00e0 Vevey. Un demi-si\u00e8cle au service du pain de qualit\u00e9 et des artisans, voil\u00e0 qui m\u00e9ritait d\u2019\u00eatre f\u00eat\u00e9\u2009! Je tiens tout particuli\u00e8rement \u00e0 f\u00e9liciter, au nom des autorit\u00e9s veveysannes, toutes celles et ceux qui se [&hellip;]<\/p>\n","protected":false},"author":1,"featured_media":6480,"comment_status":"open","ping_status":"closed","sticky":false,"template":"","format":"standard","meta":{"_acf_changed":false,"footnotes":""},"categories":[58],"tags":[],"class_list":["post-9061","post","type-post","status-publish","format-standard","has-post-thumbnail","hentry","category-swissbaker-blog-fr"],"acf":[],"yoast_head":"<!-- This site is optimized with the Yoast SEO Premium plugin v26.8 (Yoast SEO v26.8) - https:\/\/yoast.com\/product\/yoast-seo-premium-wordpress\/ -->\n<title>Merci pour votre engagement quotidien | SBC<\/title>\n<meta name=\"robots\" content=\"index, follow, max-snippet:-1, max-image-preview:large, max-video-preview:-1\" \/>\n<link rel=\"canonical\" href=\"https:\/\/swissbaker.ch\/fr\/panissimo-news\/merci-pour-votre-engagement-quotidien\/\" \/>\n<meta property=\"og:locale\" content=\"fr_FR\" \/>\n<meta property=\"og:type\" content=\"article\" \/>\n<meta property=\"og:title\" content=\"Merci pour votre engagement quotidien\" \/>\n<meta property=\"og:description\" content=\"La Confr\u00e9rie vaudoise des Chevaliers du Bon Pain nous a fait honneur en c\u00e9l\u00e9brant le 23e chapitre d\u2019intronisation et la c\u00e9l\u00e9bration de son 50e anniversaire \u00e0 Vevey. Un demi-si\u00e8cle au service du pain de qualit\u00e9 et des artisans, voil\u00e0 qui m\u00e9ritait d\u2019\u00eatre f\u00eat\u00e9\u2009! Je tiens tout particuli\u00e8rement \u00e0 f\u00e9liciter, au nom des autorit\u00e9s veveysannes, toutes celles et ceux qui se [&hellip;]\" \/>\n<meta property=\"og:url\" content=\"https:\/\/swissbaker.ch\/fr\/panissimo-news\/merci-pour-votre-engagement-quotidien\/\" \/>\n<meta property=\"og:site_name\" content=\"SBC\" \/>\n<meta property=\"article:publisher\" content=\"https:\/\/www.facebook.com\/swissbaker.ch\" \/>\n<meta property=\"article:published_time\" content=\"2018-01-10T10:29:00+00:00\" \/>\n<meta property=\"article:modified_time\" content=\"2022-05-11T12:45:01+00:00\" \/>\n<meta property=\"og:image\" content=\"https:\/\/swissbaker.ch\/wp-content\/uploads\/2022\/04\/ElinaLeimgruber_PRINT.jpg\" \/>\n\t<meta property=\"og:image:width\" content=\"600\" \/>\n\t<meta property=\"og:image:height\" content=\"600\" \/>\n\t<meta property=\"og:image:type\" content=\"image\/jpeg\" \/>\n<meta name=\"author\" content=\"azureart\" \/>\n<meta name=\"twitter:card\" content=\"summary_large_image\" \/>\n<meta name=\"twitter:creator\" content=\"@ch_swissbaker\" \/>\n<meta name=\"twitter:site\" content=\"@ch_swissbaker\" \/>\n<meta name=\"twitter:label1\" content=\"Written by\" \/>\n\t<meta name=\"twitter:data1\" content=\"azureart\" \/>\n\t<meta name=\"twitter:label2\" content=\"Est. reading time\" \/>\n\t<meta name=\"twitter:data2\" content=\"2 minutes\" \/>\n<script type=\"application\/ld+json\" class=\"yoast-schema-graph\">{\"@context\":\"https:\/\/schema.org\",\"@graph\":[{\"@type\":\"Article\",\"@id\":\"https:\/\/swissbaker.ch\/fr\/panissimo-news\/merci-pour-votre-engagement-quotidien\/#article\",\"isPartOf\":{\"@id\":\"https:\/\/swissbaker.ch\/fr\/panissimo-news\/merci-pour-votre-engagement-quotidien\/\"},\"author\":{\"name\":\"azureart\",\"@id\":\"https:\/\/swissbaker.ch\/fr\/#\/schema\/person\/058ac47619f7da53df62aba60f939b78\"},\"headline\":\"Merci pour votre engagement quotidien\",\"datePublished\":\"2018-01-10T10:29:00+00:00\",\"dateModified\":\"2022-05-11T12:45:01+00:00\",\"mainEntityOfPage\":{\"@id\":\"https:\/\/swissbaker.ch\/fr\/panissimo-news\/merci-pour-votre-engagement-quotidien\/\"},\"wordCount\":298,\"commentCount\":0,\"publisher\":{\"@id\":\"https:\/\/swissbaker.ch\/fr\/#organization\"},\"image\":{\"@id\":\"https:\/\/swissbaker.ch\/fr\/panissimo-news\/merci-pour-votre-engagement-quotidien\/#primaryimage\"},\"thumbnailUrl\":\"https:\/\/swissbaker.ch\/wp-content\/uploads\/2022\/04\/ElinaLeimgruber_PRINT.jpg\",\"articleSection\":[\"swissbaker-blog\"],\"inLanguage\":\"fr-FR\",\"potentialAction\":[{\"@type\":\"CommentAction\",\"name\":\"Comment\",\"target\":[\"https:\/\/swissbaker.ch\/fr\/panissimo-news\/merci-pour-votre-engagement-quotidien\/#respond\"]}]},{\"@type\":\"WebPage\",\"@id\":\"https:\/\/swissbaker.ch\/fr\/panissimo-news\/merci-pour-votre-engagement-quotidien\/\",\"url\":\"https:\/\/swissbaker.ch\/fr\/panissimo-news\/merci-pour-votre-engagement-quotidien\/\",\"name\":\"Merci pour votre engagement quotidien | SBC\",\"isPartOf\":{\"@id\":\"https:\/\/swissbaker.ch\/fr\/#website\"},\"primaryImageOfPage\":{\"@id\":\"https:\/\/swissbaker.ch\/fr\/panissimo-news\/merci-pour-votre-engagement-quotidien\/#primaryimage\"},\"image\":{\"@id\":\"https:\/\/swissbaker.ch\/fr\/panissimo-news\/merci-pour-votre-engagement-quotidien\/#primaryimage\"},\"thumbnailUrl\":\"https:\/\/swissbaker.ch\/wp-content\/uploads\/2022\/04\/ElinaLeimgruber_PRINT.jpg\",\"datePublished\":\"2018-01-10T10:29:00+00:00\",\"dateModified\":\"2022-05-11T12:45:01+00:00\",\"breadcrumb\":{\"@id\":\"https:\/\/swissbaker.ch\/fr\/panissimo-news\/merci-pour-votre-engagement-quotidien\/#breadcrumb\"},\"inLanguage\":\"fr-FR\",\"potentialAction\":[{\"@type\":\"ReadAction\",\"target\":[\"https:\/\/swissbaker.ch\/fr\/panissimo-news\/merci-pour-votre-engagement-quotidien\/\"]}]},{\"@type\":\"ImageObject\",\"inLanguage\":\"fr-FR\",\"@id\":\"https:\/\/swissbaker.ch\/fr\/panissimo-news\/merci-pour-votre-engagement-quotidien\/#primaryimage\",\"url\":\"https:\/\/swissbaker.ch\/wp-content\/uploads\/2022\/04\/ElinaLeimgruber_PRINT.jpg\",\"contentUrl\":\"https:\/\/swissbaker.ch\/wp-content\/uploads\/2022\/04\/ElinaLeimgruber_PRINT.jpg\",\"width\":600,\"height\":600,\"caption\":\"Merci pour votre engagement quotidien\"},{\"@type\":\"BreadcrumbList\",\"@id\":\"https:\/\/swissbaker.ch\/fr\/panissimo-news\/merci-pour-votre-engagement-quotidien\/#breadcrumb\",\"itemListElement\":[{\"@type\":\"ListItem\",\"position\":1,\"name\":\"\",\"item\":\"https:\/\/swissbaker.ch\/fr\/\"},{\"@type\":\"ListItem\",\"position\":2,\"name\":\"swissbaker-blog\",\"item\":\"https:\/\/swissbaker.ch\/fr\/panissimo-news\/category\/swissbaker-blog-fr\/\"},{\"@type\":\"ListItem\",\"position\":3,\"name\":\"Merci pour votre engagement quotidien\"}]},{\"@type\":\"WebSite\",\"@id\":\"https:\/\/swissbaker.ch\/fr\/#website\",\"url\":\"https:\/\/swissbaker.ch\/fr\/\",\"name\":\"SBC\",\"description\":\"\",\"publisher\":{\"@id\":\"https:\/\/swissbaker.ch\/fr\/#organization\"},\"potentialAction\":[{\"@type\":\"SearchAction\",\"target\":{\"@type\":\"EntryPoint\",\"urlTemplate\":\"https:\/\/swissbaker.ch\/fr\/?s={search_term_string}\"},\"query-input\":{\"@type\":\"PropertyValueSpecification\",\"valueRequired\":true,\"valueName\":\"search_term_string\"}}],\"inLanguage\":\"fr-FR\"},{\"@type\":\"Organization\",\"@id\":\"https:\/\/swissbaker.ch\/fr\/#organization\",\"name\":\"Schweizerischer B\u00e4cker-Confiseurmeister-Verband\",\"url\":\"https:\/\/swissbaker.ch\/fr\/\",\"logo\":{\"@type\":\"ImageObject\",\"inLanguage\":\"fr-FR\",\"@id\":\"https:\/\/swissbaker.ch\/fr\/#\/schema\/logo\/image\/\",\"url\":\"https:\/\/swissbaker.ch\/wp-content\/uploads\/2022\/04\/sbc-logo-yoast.jpg\",\"contentUrl\":\"https:\/\/swissbaker.ch\/wp-content\/uploads\/2022\/04\/sbc-logo-yoast.jpg\",\"width\":512,\"height\":512,\"caption\":\"Schweizerischer B\u00e4cker-Confiseurmeister-Verband\"},\"image\":{\"@id\":\"https:\/\/swissbaker.ch\/fr\/#\/schema\/logo\/image\/\"},\"sameAs\":[\"https:\/\/www.facebook.com\/swissbaker.ch\",\"https:\/\/x.com\/ch_swissbaker\"]},{\"@type\":\"Person\",\"@id\":\"https:\/\/swissbaker.ch\/fr\/#\/schema\/person\/058ac47619f7da53df62aba60f939b78\",\"name\":\"azureart\",\"image\":{\"@type\":\"ImageObject\",\"inLanguage\":\"fr-FR\",\"@id\":\"https:\/\/swissbaker.ch\/fr\/#\/schema\/person\/image\/\",\"url\":\"https:\/\/secure.gravatar.com\/avatar\/be04dd3098fd612c83067af4f7a295384c93cb6a9112f51beb9d2f477d25da61?s=96&d=mm&r=g\",\"contentUrl\":\"https:\/\/secure.gravatar.com\/avatar\/be04dd3098fd612c83067af4f7a295384c93cb6a9112f51beb9d2f477d25da61?s=96&d=mm&r=g\",\"caption\":\"azureart\"},\"sameAs\":[\"https:\/\/swissbaker.ch\"],\"url\":\"https:\/\/swissbaker.ch\/fr\/panissimo-news\/author\/pixel-ahoi\/\"}]}<\/script>\n<!-- \/ Yoast SEO Premium plugin. -->","yoast_head_json":{"title":"Merci pour votre engagement quotidien | SBC","robots":{"index":"index","follow":"follow","max-snippet":"max-snippet:-1","max-image-preview":"max-image-preview:large","max-video-preview":"max-video-preview:-1"},"canonical":"https:\/\/swissbaker.ch\/fr\/panissimo-news\/merci-pour-votre-engagement-quotidien\/","og_locale":"fr_FR","og_type":"article","og_title":"Merci pour votre engagement quotidien","og_description":"La Confr\u00e9rie vaudoise des Chevaliers du Bon Pain nous a fait honneur en c\u00e9l\u00e9brant le 23e chapitre d\u2019intronisation et la c\u00e9l\u00e9bration de son 50e anniversaire \u00e0 Vevey. Un demi-si\u00e8cle au service du pain de qualit\u00e9 et des artisans, voil\u00e0 qui m\u00e9ritait d\u2019\u00eatre f\u00eat\u00e9\u2009! Je tiens tout particuli\u00e8rement \u00e0 f\u00e9liciter, au nom des autorit\u00e9s veveysannes, toutes celles et ceux qui se [&hellip;]","og_url":"https:\/\/swissbaker.ch\/fr\/panissimo-news\/merci-pour-votre-engagement-quotidien\/","og_site_name":"SBC","article_publisher":"https:\/\/www.facebook.com\/swissbaker.ch","article_published_time":"2018-01-10T10:29:00+00:00","article_modified_time":"2022-05-11T12:45:01+00:00","og_image":[{"width":600,"height":600,"url":"https:\/\/swissbaker.ch\/wp-content\/uploads\/2022\/04\/ElinaLeimgruber_PRINT.jpg","type":"image\/jpeg"}],"author":"azureart","twitter_card":"summary_large_image","twitter_creator":"@ch_swissbaker","twitter_site":"@ch_swissbaker","twitter_misc":{"Written by":"azureart","Est. reading time":"2 minutes"},"schema":{"@context":"https:\/\/schema.org","@graph":[{"@type":"Article","@id":"https:\/\/swissbaker.ch\/fr\/panissimo-news\/merci-pour-votre-engagement-quotidien\/#article","isPartOf":{"@id":"https:\/\/swissbaker.ch\/fr\/panissimo-news\/merci-pour-votre-engagement-quotidien\/"},"author":{"name":"azureart","@id":"https:\/\/swissbaker.ch\/fr\/#\/schema\/person\/058ac47619f7da53df62aba60f939b78"},"headline":"Merci pour votre engagement quotidien","datePublished":"2018-01-10T10:29:00+00:00","dateModified":"2022-05-11T12:45:01+00:00","mainEntityOfPage":{"@id":"https:\/\/swissbaker.ch\/fr\/panissimo-news\/merci-pour-votre-engagement-quotidien\/"},"wordCount":298,"commentCount":0,"publisher":{"@id":"https:\/\/swissbaker.ch\/fr\/#organization"},"image":{"@id":"https:\/\/swissbaker.ch\/fr\/panissimo-news\/merci-pour-votre-engagement-quotidien\/#primaryimage"},"thumbnailUrl":"https:\/\/swissbaker.ch\/wp-content\/uploads\/2022\/04\/ElinaLeimgruber_PRINT.jpg","articleSection":["swissbaker-blog"],"inLanguage":"fr-FR","potentialAction":[{"@type":"CommentAction","name":"Comment","target":["https:\/\/swissbaker.ch\/fr\/panissimo-news\/merci-pour-votre-engagement-quotidien\/#respond"]}]},{"@type":"WebPage","@id":"https:\/\/swissbaker.ch\/fr\/panissimo-news\/merci-pour-votre-engagement-quotidien\/","url":"https:\/\/swissbaker.ch\/fr\/panissimo-news\/merci-pour-votre-engagement-quotidien\/","name":"Merci pour votre engagement quotidien | SBC","isPartOf":{"@id":"https:\/\/swissbaker.ch\/fr\/#website"},"primaryImageOfPage":{"@id":"https:\/\/swissbaker.ch\/fr\/panissimo-news\/merci-pour-votre-engagement-quotidien\/#primaryimage"},"image":{"@id":"https:\/\/swissbaker.ch\/fr\/panissimo-news\/merci-pour-votre-engagement-quotidien\/#primaryimage"},"thumbnailUrl":"https:\/\/swissbaker.ch\/wp-content\/uploads\/2022\/04\/ElinaLeimgruber_PRINT.jpg","datePublished":"2018-01-10T10:29:00+00:00","dateModified":"2022-05-11T12:45:01+00:00","breadcrumb":{"@id":"https:\/\/swissbaker.ch\/fr\/panissimo-news\/merci-pour-votre-engagement-quotidien\/#breadcrumb"},"inLanguage":"fr-FR","potentialAction":[{"@type":"ReadAction","target":["https:\/\/swissbaker.ch\/fr\/panissimo-news\/merci-pour-votre-engagement-quotidien\/"]}]},{"@type":"ImageObject","inLanguage":"fr-FR","@id":"https:\/\/swissbaker.ch\/fr\/panissimo-news\/merci-pour-votre-engagement-quotidien\/#primaryimage","url":"https:\/\/swissbaker.ch\/wp-content\/uploads\/2022\/04\/ElinaLeimgruber_PRINT.jpg","contentUrl":"https:\/\/swissbaker.ch\/wp-content\/uploads\/2022\/04\/ElinaLeimgruber_PRINT.jpg","width":600,"height":600,"caption":"Merci pour votre engagement quotidien"},{"@type":"BreadcrumbList","@id":"https:\/\/swissbaker.ch\/fr\/panissimo-news\/merci-pour-votre-engagement-quotidien\/#breadcrumb","itemListElement":[{"@type":"ListItem","position":1,"name":"","item":"https:\/\/swissbaker.ch\/fr\/"},{"@type":"ListItem","position":2,"name":"swissbaker-blog","item":"https:\/\/swissbaker.ch\/fr\/panissimo-news\/category\/swissbaker-blog-fr\/"},{"@type":"ListItem","position":3,"name":"Merci pour votre engagement quotidien"}]},{"@type":"WebSite","@id":"https:\/\/swissbaker.ch\/fr\/#website","url":"https:\/\/swissbaker.ch\/fr\/","name":"SBC","description":"","publisher":{"@id":"https:\/\/swissbaker.ch\/fr\/#organization"},"potentialAction":[{"@type":"SearchAction","target":{"@type":"EntryPoint","urlTemplate":"https:\/\/swissbaker.ch\/fr\/?s={search_term_string}"},"query-input":{"@type":"PropertyValueSpecification","valueRequired":true,"valueName":"search_term_string"}}],"inLanguage":"fr-FR"},{"@type":"Organization","@id":"https:\/\/swissbaker.ch\/fr\/#organization","name":"Schweizerischer B\u00e4cker-Confiseurmeister-Verband","url":"https:\/\/swissbaker.ch\/fr\/","logo":{"@type":"ImageObject","inLanguage":"fr-FR","@id":"https:\/\/swissbaker.ch\/fr\/#\/schema\/logo\/image\/","url":"https:\/\/swissbaker.ch\/wp-content\/uploads\/2022\/04\/sbc-logo-yoast.jpg","contentUrl":"https:\/\/swissbaker.ch\/wp-content\/uploads\/2022\/04\/sbc-logo-yoast.jpg","width":512,"height":512,"caption":"Schweizerischer B\u00e4cker-Confiseurmeister-Verband"},"image":{"@id":"https:\/\/swissbaker.ch\/fr\/#\/schema\/logo\/image\/"},"sameAs":["https:\/\/www.facebook.com\/swissbaker.ch","https:\/\/x.com\/ch_swissbaker"]},{"@type":"Person","@id":"https:\/\/swissbaker.ch\/fr\/#\/schema\/person\/058ac47619f7da53df62aba60f939b78","name":"azureart","image":{"@type":"ImageObject","inLanguage":"fr-FR","@id":"https:\/\/swissbaker.ch\/fr\/#\/schema\/person\/image\/","url":"https:\/\/secure.gravatar.com\/avatar\/be04dd3098fd612c83067af4f7a295384c93cb6a9112f51beb9d2f477d25da61?s=96&d=mm&r=g","contentUrl":"https:\/\/secure.gravatar.com\/avatar\/be04dd3098fd612c83067af4f7a295384c93cb6a9112f51beb9d2f477d25da61?s=96&d=mm&r=g","caption":"azureart"},"sameAs":["https:\/\/swissbaker.ch"],"url":"https:\/\/swissbaker.ch\/fr\/panissimo-news\/author\/pixel-ahoi\/"}]}},"_links":{"self":[{"href":"https:\/\/swissbaker.ch\/fr\/wp-json\/wp\/v2\/posts\/9061","targetHints":{"allow":["GET"]}}],"collection":[{"href":"https:\/\/swissbaker.ch\/fr\/wp-json\/wp\/v2\/posts"}],"about":[{"href":"https:\/\/swissbaker.ch\/fr\/wp-json\/wp\/v2\/types\/post"}],"author":[{"embeddable":true,"href":"https:\/\/swissbaker.ch\/fr\/wp-json\/wp\/v2\/users\/1"}],"replies":[{"embeddable":true,"href":"https:\/\/swissbaker.ch\/fr\/wp-json\/wp\/v2\/comments?post=9061"}],"version-history":[{"count":0,"href":"https:\/\/swissbaker.ch\/fr\/wp-json\/wp\/v2\/posts\/9061\/revisions"}],"wp:featuredmedia":[{"embeddable":true,"href":"https:\/\/swissbaker.ch\/fr\/wp-json\/wp\/v2\/media\/6480"}],"wp:attachment":[{"href":"https:\/\/swissbaker.ch\/fr\/wp-json\/wp\/v2\/media?parent=9061"}],"wp:term":[{"taxonomy":"category","embeddable":true,"href":"https:\/\/swissbaker.ch\/fr\/wp-json\/wp\/v2\/categories?post=9061"},{"taxonomy":"post_tag","embeddable":true,"href":"https:\/\/swissbaker.ch\/fr\/wp-json\/wp\/v2\/tags?post=9061"}],"curies":[{"name":"wp","href":"https:\/\/api.w.org\/{rel}","templated":true}]}}