{"id":9048,"date":"2020-12-09T16:43:00","date_gmt":"2020-12-09T15:43:00","guid":{"rendered":"https:\/\/swissbaker.ch\/?p=9048"},"modified":"2022-05-11T14:36:52","modified_gmt":"2022-05-11T12:36:52","slug":"comite-central-en-bref-5","status":"publish","type":"post","link":"https:\/\/swissbaker.ch\/fr\/panissimo-news\/comite-central-en-bref-5\/","title":{"rendered":"Comit\u00e9 central en bref"},"content":{"rendered":"\n<p><strong>En fin d\u2019ann\u00e9e, le comit\u00e9 central de l\u2019Association suisse des patrons boulangers-confiseurs (BCS) se r\u00e9unit g\u00e9n\u00e9ralement pour une s\u00e9ance de deux jours \u00e0 l\u2019Ecole professionnelle Richemont de Lucerne. La s\u00e9ance en question n\u2019a pas eu lieu en raison de la situation actuelle li\u00e9e au coronavirus; une vid\u00e9oconf\u00e9rence a \u00e9t\u00e9 r\u00e9alis\u00e9e avec un programme r\u00e9duit, la r\u00e9union de deux jours \u00e9tant reprogramm\u00e9e en mars 2021. Ci-apr\u00e8s les points trait\u00e9s lors de la s\u00e9ance du CC.<\/strong><\/p>\n\n\n\n<h2 class=\"wp-block-heading\" id=\"h-politique\">Politique<\/h2>\n\n\n\n<p><strong>Taxe sur le sucre<\/strong><br>Le directeur de la BCS Urs Wellauer a inform\u00e9 le CC sur la situation actuelle en mati\u00e8re de taxe sur le sucre. Pour l\u2019heure, il n\u2019y a pas de taxe de ce genre en Suisse. La strat\u00e9gie alimentaire de la Conf\u00e9d\u00e9ration repose sur la coop\u00e9ration volontaire entre l\u2019\u00e9conomie et l\u2019Etat. Diff\u00e9rents cantons et organisations aspirent toutefois \u00e0 introduire une taxe sur le sucre, de m\u00eame que plusieurs interventions au niveau f\u00e9d\u00e9ral. La population suisse adh\u00e8re \u00e0 cette strat\u00e9gie: elle exige certes un \u00e9tiquetage simple, mais manifestement pas une taxe sur le sucre. Une telle taxe ne fait pas non plus l\u2019unanimit\u00e9 au niveau de la Berne f\u00e9d\u00e9rale. Des appels politiques en faveur d\u2019une r\u00e9glementation \u00e9tatique accrue \u00e9manent n\u00e9anmoins r\u00e9guli\u00e8rement notamment de la Suisse romande. La BCS combat avec v\u00e9h\u00e9mence les r\u00e9glementations \u00e9tatiques, en collaboration avec des associations partenaires.<\/p>\n\n\n\n<p><strong>Importations de beurre et hausse des prix<\/strong><br>En avril, le Conseil f\u00e9d\u00e9ral a approuv\u00e9 la demande d\u2019importation de plus de 3000&nbsp;tonnes de beurre de l\u2019Interprofession du lait (IP Lait), en vue de garantir l\u2019approvisionnement tout au long de l\u2019ann\u00e9e. En novembre, le Conseil f\u00e9d\u00e9ral a de nouveau accept\u00e9 une augmentation du contingent tarifaire de 2000&nbsp;tonnes pour le beurre. Le prix par kilo de beurre a \u00e9t\u00e9 augment\u00e9 de 50&nbsp;centimes au 1<sup>er<\/sup>&nbsp;juillet. Vu les quantit\u00e9s de beurre transform\u00e9es chaque jour par les boulangers-confiseurs, cela repr\u00e9sente une augmentation significative pour cette mati\u00e8re premi\u00e8re importante. \u00abLa hausse des prix, pour du beurre \u00e9tranger en plus, n\u2019est pas une bonne chose\u00bb, a relev\u00e9 le directeur de la BCS dans le journal 24heures. Le CC a \u00e9t\u00e9 inform\u00e9 de la situation actuelle et des m\u00e9canismes de r\u00e9gulation.<\/p>\n\n\n\n<p><strong>Initiative pour des prix \u00e9quitables<\/strong><br>Le directeur de la BCS Urs Wellauer a inform\u00e9 le comit\u00e9 central sur l\u2019\u00e9tat actuel de l\u2019initiative pour des prix \u00e9quitables. Le Conseil des Etats discutera de l\u2019objet lors de la session d\u2019hiver et des informations compl\u00e9mentaires seront fournies dans le rapport de session (\u00abpanissimo\u00bb n\u00b0 25).<\/p>\n\n\n\n<p><strong>R\u00e9union de session<\/strong><br>La traditionnelle r\u00e9union de session des artisans boulangers-confiseurs suisses g\u00e9n\u00e9ralement organis\u00e9e pendant la session d\u2019hiver a d\u00fb \u00eatre annul\u00e9e en raison du coronavirus. La prochaine aura lieu en 2021, \u00e0 nouveau en fin d\u2019ann\u00e9e.&nbsp;<\/p>\n\n\n\n<p><strong>Prolongation du moratoire sur les OGM<\/strong><br>La position de l\u2019Association suisse des patrons boulangers-confiseurs n\u2019a pas chang\u00e9 en ce qui concerne le moratoire sur les OGM. La BCS va maintenir sa position dans le cadre d\u2019une consultation f\u00e9d\u00e9rale sur la prolongation de ce moratoire. \u00abNous d\u00e9fendons des mati\u00e8res premi\u00e8res sans OGM\u00bb, a d\u00e9clar\u00e9 le comit\u00e9 central.<\/p>\n\n\n\n<p><strong>Initiatives sur les pesticides et l\u2019eau potable&nbsp;&nbsp;&nbsp;&nbsp;&nbsp;<\/strong><br>\u00abLes initiatives sont bien intentionn\u00e9es, mais vont au-del\u00e0 du but vis\u00e9\u00bb, a d\u00e9clar\u00e9 le directeur de la BCS Urs Wellauer lors de la pr\u00e9sentation des initiatives sur l\u2019interdiction des pesticides et sur l\u2019eau potable. La pression politique et sociale est forte. Le Parlement est impliqu\u00e9, tout comme dans le cadre de l\u2019initiative pour des entreprises responsables. Un contre-projet indirect est en cours d\u2019\u00e9laboration.&nbsp;<\/p>\n\n\n\n<p>Le comit\u00e9 central rejette les deux initiatives, et est favorable \u00e0 un contre-projet indirect. Des informations compl\u00e9mentaires suivront dans le rapport de session.<\/p>\n\n\n\n<h2 class=\"wp-block-heading\" id=\"h-elections-dans-les-commissions\">Elections dans les commissions<\/h2>\n\n\n\n<p>Le comit\u00e9 central a approuv\u00e9 l\u2019\u00e9lection des nouveaux membres suivants dans les commissions:<\/p>\n\n\n\n<ul class=\"wp-block-list\"><li><strong>commission pour le d\u00e9veloppement professionnel et la qualit\u00e9:&nbsp;<\/strong>repr\u00e9sentante dans l\u2019orientation boulangerie: Christian Huwiler, Jowa AG, Volketswil; repr\u00e9sentante des ma\u00eetres de cours: Gabriela Meier.<\/li><li><strong>commission du comit\u00e9 de la caisse de compensation panvica<\/strong>: Wilhelm Ohnmacht, Montreux, Roland R\u00e4ber, Jona.<\/li><li><strong>commission d\u2019assurance de la caisse de pensions panvica<\/strong>: Roland R\u00e4ber, Jona<\/li><li><strong>conseil de fondation de la caisse de pensions panvica<\/strong>: Roland R\u00e4ber, Jona.<\/li><li><strong>swiss granum<\/strong>: il n\u2019y a toujours pas de successeur au d\u00e9missionnaire Jean-Louis Ackermann. &nbsp;<\/li><\/ul>\n\n\n\n<h2 class=\"wp-block-heading\" id=\"h-marketing-communication-events\">Marketing \/ Communication \/ Events<\/h2>\n\n\n\n<p><strong>FBKplus 2022 (du 22 au 25 janvier)<\/strong><br>Une table ronde FBKplus \u2013 avec Bernexpo, la BCS et les exposants \u2013 aurait d\u00fb avoir lieu en pr\u00e9sentiel en octobre dernier, mais le coronavirus a emp\u00each\u00e9 sa r\u00e9alisation. La BCS a donc men\u00e9 une enqu\u00eate en ligne en collaboration avec Bernexpo en vue notamment de sonder les exposants de la FBKplus sur leurs attentes, souhaits et critiques. Apr\u00e8s examen et discussions approfondies, Bernexpo et la BCS ont d\u00e9cid\u00e9 de r\u00e9aliser la FBKplus en janvier&nbsp;2022. Principal changement: sa dur\u00e9e sera r\u00e9duite de quatre \u00e0 trois jours. L\u2019appel d\u2019offres pour la FBKplus d\u00e9butera en f\u00e9vrier 2021. La table ronde en pr\u00e9sentiel sera reprogramm\u00e9e au printemps 2021.<\/p>\n\n\n\n<p><strong>Magazine FBKplus<\/strong><br>La premi\u00e8re du nouveau salon de la production de denr\u00e9es alimentaires et de boissons FBKplus ne pourra pas avoir lieu en janvier&nbsp;2021 en raison de la pand\u00e9mie. Elle a donc \u00e9t\u00e9 report\u00e9e en 2022. Les deux publications associatives que sont \u00abpanissimo\u00bb (Association suisse des patrons boulangers-confiseurs, BCS) et \u00abViande et traiteurs\u00bb (Union professionnelle suisse de la viande, UPSV) vont d\u00e8s lors proposer \u00e0 la mi-janvier&nbsp;2021 une FBKplus sous forme de suppl\u00e9ment imprim\u00e9 en lieu et place du rendez-vous sectoriel \u00e0 Berne. Les fournisseurs du secteur pourront donc ainsi d\u00e9buter la nouvelle ann\u00e9e avec le vent en poupe.<\/p>\n\n\n\n<p>Informations compl\u00e9mentaires:&nbsp;<a href=\"javascript:linkTo_UnCryptMailto('ocknvq,rcpkuukoqBuvcgorhnk0eqo');\">panissimo(at)staempfli.com<\/a>&nbsp;ou 031 300 63 81 ou responsable de r\u00e9daction de \u00abpanissimo\u00bb Claudia Vernocchi&nbsp;<a href=\"javascript:linkTo_UnCryptMailto('ocknvq,encwfkc0xgtpqeejkBuykuudcmgt0e');\">claudia.vernocchi(at)swissbaker.ch<\/a>, 031 388 14 16<\/p>\n\n\n\n<p><strong>Too Good To Go<\/strong><br>Un tiers de l\u2019ensemble des boulangeries-confiseries de Suisse coop\u00e8re avec Too good to go, le mouvement contre le gaspillage alimentaire. Avec les utilisatrices et utilisateurs de l\u2019application du m\u00eame nom, quelque 1000&nbsp;entreprises ont sauv\u00e9 du gaspillage alimentaire plus de 630&#8217;000&nbsp;repas. L\u2019Association suisse des patrons boulangers-confiseurs se r\u00e9jouit de l\u2019engagement durable de ses membres, qui utilisent l\u2019application ou m\u00e8nent \u00e0 bien d\u2019autres mesures pour r\u00e9duire le gaspillage alimentaire.&nbsp;<strong><a href=\"https:\/\/www.swissbaker.ch\/inhalte\/07_medien\/fr\/Communique_de_presse_Un_tiers_des_boulangeries-confiseries_suisses_sauvent_de_la_nourriture_avec_Too_Good_To_Go.pdf\" target=\"_blank\" rel=\"noreferrer noopener\">Communique<\/a><\/strong><\/p>\n\n\n\n<p><strong>Rapport sur les tendances<\/strong><br>Le quatri\u00e8me et dernier rapport sur les tendances de l\u2019Association suisse des patrons boulangers-confiseurs (BCS) \u2013 abordant le th\u00e8me de la convenience \u2013 sera publi\u00e9 le 13&nbsp;janvier en exclusivit\u00e9 pour les membres de la BCS.&nbsp;<\/p>\n\n\n\n<p><strong>Lorsque le repas de No\u00ebl est annul\u00e9\u2026<\/strong><br>Les repas de No\u00ebl des entreprises sont pratiquement tous annul\u00e9s en raison du coronavirus. La BCS fait de la publicit\u00e9 pour les boulangeries-confiseries artisanales sur Instagram, Facebook et LinkedIn: \u00abPourquoi pas \u00e0 la place un bon d\u2019achat dans une boulangerie-confiserie artisanale? Une surprise sucr\u00e9e \u2013 un bonhomme en p\u00e2te, un pain d\u2019\u00e9pices, des biscuits de No\u00ebl, un panettone, une b\u00fbche\u2026mmmh!\u00bb&nbsp;<a href=\"https:\/\/www.swissbaker.ch\/bon\" target=\"_blank\" rel=\"noreferrer noopener\">swissbaker.ch\/bon<\/a><\/p>\n\n\n\n<h2 class=\"wp-block-heading\" id=\"h-formation-professionnelle-et-continue\">Formation professionnelle et continue<\/h2>\n\n\n\n<p><strong>R\u00e8glement sur la taxe de formation, publicit\u00e9 et rel\u00e8ve<\/strong><br>La SA de prestations Richemont va verser \u00e0 l\u2019Association suisse des patrons boulangers-confiseurs (BCS) une taxe annuelle intitul\u00e9e \u00abtaxe de formation, publicit\u00e9 et rel\u00e8ve\u00bb, qui indemnisera ses d\u00e9penses annuelles dans le domaine de la rel\u00e8ve, notamment des ordonnances sur la formation, des concours nationaux et internationaux et de la publicit\u00e9, pouvant s\u2019av\u00e9rer utiles pour la SA de Richemont. L\u2019argent sera vers\u00e9 \u00e0 la BCS, dans les trois fonds du m\u00eame nom, le fonds de rel\u00e8ve, le fonds de publicit\u00e9 et le fonds de concours. L\u2019indemnit\u00e9 minimale est fix\u00e9e \u00e0 50&#8217;000&nbsp;francs. Le comit\u00e9 central a approuv\u00e9 le r\u00e8glement sans opposition.<\/p>\n\n\n\n<p><strong>Learndoc<\/strong><br>Les premiers webinaires pour le nouveau Learndoc ont eu lieu. \u00abPlusieurs dates encore disponibles ou de nouvelles peuvent nous \u00eatre demand\u00e9es en tout temps\u00bb, a expliqu\u00e9 le directeur de Richemont Fries. Les informations en fran\u00e7ais et en italien sont d\u00e9sormais \u00e9galement en ligne.&nbsp;<a href=\"https:\/\/learndoc.swiss\/login\/\" target=\"_blank\" rel=\"noreferrer noopener\">Lien<\/a><\/p>\n\n\n\n<p><strong>SwissSkills<\/strong><br>Les SwissSkills Championships des boulangers-confiseurs et du commerce de d\u00e9tail qui ont eu lieu en novembre \u00e0 l\u2019Ecole professionnelle Richemont de Lucerne ont \u00e9t\u00e9 un succ\u00e8s. Le pr\u00e9sident Silvan Hotz et plusieurs membres du CC ont f\u00e9licit\u00e9 les candidates et candidats pour leurs prestations, et remerci\u00e9 les expertes et experts, et les collaborateurs de la BCS et de Richemont pour leur grand engagement. La remise des prix a \u00e9t\u00e9 retransmise en direct:&nbsp;<a href=\"https:\/\/www.swissbaker.ch\/fr\/professions\/concours-professionnels\/swissskills\/swissskills-2020\/\" target=\"_blank\" rel=\"noreferrer noopener\">vid\u00e9o, galerie photos et textes.<\/a><\/p>\n\n\n\n<p><strong>Nouvelle blouse dans le commerce de d\u00e9tail<\/strong><br>Lors de la s\u00e9ance en ligne du comit\u00e9 central, Lisa Frunz, responsable du commerce de d\u00e9tail, a montr\u00e9 la nouvelle blouse pr\u00e9vue pour ledit secteur. La pr\u00e9sentation homog\u00e8ne et le logo de la BCS sur la blouse permettent d\u2019afficher comp\u00e9tence et solidarit\u00e9 avec l\u2019association. Cette blouse sera pr\u00e9sent\u00e9e lors de la prochaine conf\u00e9rence des pr\u00e9sidents et des secr\u00e9taires.<\/p>\n\n\n\n<p><strong>Calculation articles boutique<\/strong><br>Les informations sur le calcul du prix des articles boutique sont d\u00e9sormais \u00e9galement disponibles en fran\u00e7ais et en italien sur<a href=\"https:\/\/forme-ton-avenir.ch\/fr\/\" target=\"_blank\" rel=\"noreferrer noopener\">&nbsp;forme-ton-avenir.ch.<\/a><\/p>\n\n\n\n<p>&nbsp;<br><strong>CSDPQ<\/strong><br>La s\u00e9ance a notamment port\u00e9 sur le printemps du coronavirus. Le nouveau Learndoc \u00e9tait \u00e9galement \u00e0 l\u2019ordre du jour. Ce dernier servira de base \u00e0 l\u2019examen oral sur les connaissances professionnelles d\u00e8s la PdQ 2023. La date de l\u2019\u00e9preuve commune est le 10&nbsp;juin&nbsp;2021 pour la PdQ&nbsp;2021, et le 9&nbsp;juin&nbsp;2022 pour la PdQ&nbsp;2022.<\/p>\n\n\n\n<p><br><strong>Projet pilote CI<\/strong><strong>3 AFP \/ 4 CFC<\/strong><br>Un projet pilote sera lanc\u00e9 en 2021 \u00e0 la demande du canton de Saint-Gall. Les groupes seront plus petits. L\u2019objectif est de renforcer la collaboration. &nbsp;<\/p>\n\n\n\n<p><strong>Epreuve commune 2021<\/strong><br>La date d\u2019\u00e9preuve commune du 10&nbsp;juin a \u00e9t\u00e9 accept\u00e9e \u00e0 l\u2019unanimit\u00e9 lors de la s\u00e9ance des chefs experts. Lors de la s\u00e9ance du CC, Peter Signer, responsable de la formation professionnelle et continue en production, s\u2019est dit quelque peu surpris de la mani\u00e8re de proc\u00e9der des Bernois, qui ont d\u00e9cid\u00e9 d\u2019organiser la PdQ 14&nbsp;jours plus tard.&nbsp; Les apprentis pourront ainsi continuer \u00e0 s\u2019\u00e9changer les questions d\u2019examen.<\/p>\n\n\n\n<p><strong>Commission EPS<\/strong><br>Lors de sa derni\u00e8re s\u00e9ance, la commission de l\u2019examen professionnel sup\u00e9rieur a approuv\u00e9 les r\u00e9sultats des sp\u00e9cialistes de branche et des personnes r\u00e9p\u00e9tant l\u2019examen. Six candidates ont \u00e9t\u00e9 examin\u00e9es au niveau des sp\u00e9cialistes de branche. Cinq d\u2019entre elles ont r\u00e9ussi l\u2019examen. Au niveau des personnes r\u00e9p\u00e9tant l\u2019examen, une candidate a r\u00e9ussi l\u2019examen.<\/p>\n\n\n\n<h2 class=\"wp-block-heading\" id=\"h-divers\">Divers<\/h2>\n\n\n\n<p><strong>Conf\u00e9rence des pr\u00e9sidents et des secr\u00e9taires d\u00e9sormais \u00e0 Lucerne<\/strong><br>La conf\u00e9rence des pr\u00e9sidents et des secr\u00e9taires pr\u00e9vue le 19&nbsp;janvier&nbsp;2021 a \u00e9t\u00e9 d\u00e9plac\u00e9e \u00e0 l\u2019Ecole professionnelle Richemont de Lucerne, aucune s\u00e9ance de cette envergure n\u2019\u00e9tant actuellement autoris\u00e9e \u00e0 Berne. Les pr\u00e9sidents et secr\u00e9taires cantonaux ont&nbsp;<strong>jusqu\u2019au 31&nbsp;d\u00e9cembre<\/strong>&nbsp;pour faire part au pr\u00e9sident de la BCS Silvan Hotz de leurs questions ou des sujets qu\u2019ils souhaiteraient aborder.&nbsp;<\/p>\n\n\n\n<p><strong>Autres dates importantes<\/strong><\/p>\n\n\n\n<p><strong>8\/9&nbsp;mars 2021:&nbsp;<\/strong>s\u00e9ance du CC sur deux jours au nouveau centre romand de comp\u00e9tences \u00e0 Yverdon-les-Bains (VD).<\/p>\n\n\n\n<p><strong>31&nbsp;mai 2021:<\/strong>&nbsp;Grand Prix des artisans boulangers-confiseurs sur le site de Bernexpo \u00e0 Berne<\/p>\n\n\n\n<p><strong>1<sup>er<\/sup>&nbsp;juin 2021<\/strong>: congr\u00e8s de l\u2019Association suisse des patrons boulangers-confiseurs sur le site de Bernexpo \u00e0 Berne<\/p>\n\n\n\n<p><strong>12 + 13 juin 2022:&nbsp;<\/strong>Grand Prix des artisans boulangers-confiseurs + congr\u00e8s de l\u2019Association suisse des patrons boulangers-confiseurs sur le site de Bernexpo \u00e0 Berne<\/p>\n\n\n\n<h2 class=\"wp-block-heading\" id=\"h-heures-d-ouverture-pendant-les-fetes\">Heures d\u2019ouverture pendant les f\u00eates<\/h2>\n\n\n\n<p><strong>Secr\u00e9tariat central de la BCS:&nbsp;<\/strong>le secr\u00e9tariat central de la BCS restera ferm\u00e9 du 24&nbsp;d\u00e9cembre au 3&nbsp;janvier. &nbsp; &nbsp; &nbsp; &nbsp; &nbsp; &nbsp; &nbsp; &nbsp; &nbsp; &nbsp; &nbsp; &nbsp; &nbsp; &nbsp; &nbsp; &nbsp; &nbsp; &nbsp; &nbsp; &nbsp; &nbsp; &nbsp; &nbsp; &nbsp; &nbsp; &nbsp; &nbsp; &nbsp; &nbsp; &nbsp; &nbsp; &nbsp; &nbsp;&nbsp;<\/p>\n\n\n\n<p><strong>Ecole professionnelle Richemont:&nbsp;<\/strong>l\u2019Ecole professionnelle Richemont, secr\u00e9tariat compris, sera ferm\u00e9e du 23&nbsp;d\u00e9cembre&nbsp;2020 au 4&nbsp;janvier&nbsp;2021 \u2013 l\u2019h\u00f4tel du 1<sup>er<\/sup>&nbsp;d\u00e9cembre au 8&nbsp;janvier&nbsp;2021, et la restauration du 21&nbsp;d\u00e9cembre au 8&nbsp;janvier&nbsp;2021.<\/p>\n","protected":false},"excerpt":{"rendered":"<p>En fin d\u2019ann\u00e9e, le comit\u00e9 central de l\u2019Association suisse des patrons boulangers-confiseurs (BCS) se r\u00e9unit g\u00e9n\u00e9ralement pour une s\u00e9ance de deux jours \u00e0 l\u2019Ecole professionnelle Richemont de Lucerne. La s\u00e9ance en question n\u2019a pas eu lieu en raison de la situation actuelle li\u00e9e au coronavirus; une vid\u00e9oconf\u00e9rence a \u00e9t\u00e9 r\u00e9alis\u00e9e avec un programme r\u00e9duit, la r\u00e9union de deux jours \u00e9tant [&hellip;]<\/p>\n","protected":false},"author":1,"featured_media":5615,"comment_status":"open","ping_status":"closed","sticky":false,"template":"","format":"standard","meta":{"_acf_changed":false,"footnotes":""},"categories":[41],"tags":[],"class_list":["post-9048","post","type-post","status-publish","format-standard","has-post-thumbnail","hentry","category-association"],"acf":[],"yoast_head":"<!-- This site is optimized with the Yoast SEO Premium plugin v26.8 (Yoast SEO v26.8) - https:\/\/yoast.com\/product\/yoast-seo-premium-wordpress\/ -->\n<title>Comit\u00e9 central en bref | SBC<\/title>\n<meta name=\"robots\" content=\"index, follow, max-snippet:-1, max-image-preview:large, max-video-preview:-1\" \/>\n<link rel=\"canonical\" href=\"https:\/\/swissbaker.ch\/fr\/panissimo-news\/comite-central-en-bref-5\/\" \/>\n<meta property=\"og:locale\" content=\"fr_FR\" \/>\n<meta property=\"og:type\" content=\"article\" \/>\n<meta property=\"og:title\" content=\"Comit\u00e9 central en bref\" \/>\n<meta property=\"og:description\" content=\"En fin d\u2019ann\u00e9e, le comit\u00e9 central de l\u2019Association suisse des patrons boulangers-confiseurs (BCS) se r\u00e9unit g\u00e9n\u00e9ralement pour une s\u00e9ance de deux jours \u00e0 l\u2019Ecole professionnelle Richemont de Lucerne. La s\u00e9ance en question n\u2019a pas eu lieu en raison de la situation actuelle li\u00e9e au coronavirus; une vid\u00e9oconf\u00e9rence a \u00e9t\u00e9 r\u00e9alis\u00e9e avec un programme r\u00e9duit, la r\u00e9union de deux jours \u00e9tant [&hellip;]\" \/>\n<meta property=\"og:url\" content=\"https:\/\/swissbaker.ch\/fr\/panissimo-news\/comite-central-en-bref-5\/\" \/>\n<meta property=\"og:site_name\" content=\"SBC\" \/>\n<meta property=\"article:publisher\" content=\"https:\/\/www.facebook.com\/swissbaker.ch\" \/>\n<meta property=\"article:published_time\" content=\"2020-12-09T15:43:00+00:00\" \/>\n<meta property=\"article:modified_time\" content=\"2022-05-11T12:36:52+00:00\" \/>\n<meta property=\"og:image\" content=\"https:\/\/swissbaker.ch\/wp-content\/uploads\/2022\/03\/zentralvorstand_in_kuerze-5.jpeg\" \/>\n\t<meta property=\"og:image:width\" content=\"800\" \/>\n\t<meta property=\"og:image:height\" content=\"474\" \/>\n\t<meta property=\"og:image:type\" content=\"image\/jpeg\" \/>\n<meta name=\"author\" content=\"azureart\" \/>\n<meta name=\"twitter:card\" content=\"summary_large_image\" \/>\n<meta name=\"twitter:creator\" content=\"@ch_swissbaker\" \/>\n<meta name=\"twitter:site\" content=\"@ch_swissbaker\" \/>\n<meta name=\"twitter:label1\" content=\"Written by\" \/>\n\t<meta name=\"twitter:data1\" content=\"azureart\" \/>\n\t<meta name=\"twitter:label2\" content=\"Est. reading time\" \/>\n\t<meta name=\"twitter:data2\" content=\"11 minutes\" \/>\n<script type=\"application\/ld+json\" class=\"yoast-schema-graph\">{\"@context\":\"https:\/\/schema.org\",\"@graph\":[{\"@type\":\"Article\",\"@id\":\"https:\/\/swissbaker.ch\/fr\/panissimo-news\/comite-central-en-bref-5\/#article\",\"isPartOf\":{\"@id\":\"https:\/\/swissbaker.ch\/fr\/panissimo-news\/comite-central-en-bref-5\/\"},\"author\":{\"name\":\"azureart\",\"@id\":\"https:\/\/swissbaker.ch\/fr\/#\/schema\/person\/058ac47619f7da53df62aba60f939b78\"},\"headline\":\"Comit\u00e9 central en bref\",\"datePublished\":\"2020-12-09T15:43:00+00:00\",\"dateModified\":\"2022-05-11T12:36:52+00:00\",\"mainEntityOfPage\":{\"@id\":\"https:\/\/swissbaker.ch\/fr\/panissimo-news\/comite-central-en-bref-5\/\"},\"wordCount\":2143,\"commentCount\":0,\"publisher\":{\"@id\":\"https:\/\/swissbaker.ch\/fr\/#organization\"},\"image\":{\"@id\":\"https:\/\/swissbaker.ch\/fr\/panissimo-news\/comite-central-en-bref-5\/#primaryimage\"},\"thumbnailUrl\":\"https:\/\/swissbaker.ch\/wp-content\/uploads\/2022\/03\/zentralvorstand_in_kuerze-5.jpeg\",\"articleSection\":[\"Association\"],\"inLanguage\":\"fr-FR\",\"potentialAction\":[{\"@type\":\"CommentAction\",\"name\":\"Comment\",\"target\":[\"https:\/\/swissbaker.ch\/fr\/panissimo-news\/comite-central-en-bref-5\/#respond\"]}]},{\"@type\":\"WebPage\",\"@id\":\"https:\/\/swissbaker.ch\/fr\/panissimo-news\/comite-central-en-bref-5\/\",\"url\":\"https:\/\/swissbaker.ch\/fr\/panissimo-news\/comite-central-en-bref-5\/\",\"name\":\"Comit\u00e9 central en bref | SBC\",\"isPartOf\":{\"@id\":\"https:\/\/swissbaker.ch\/fr\/#website\"},\"primaryImageOfPage\":{\"@id\":\"https:\/\/swissbaker.ch\/fr\/panissimo-news\/comite-central-en-bref-5\/#primaryimage\"},\"image\":{\"@id\":\"https:\/\/swissbaker.ch\/fr\/panissimo-news\/comite-central-en-bref-5\/#primaryimage\"},\"thumbnailUrl\":\"https:\/\/swissbaker.ch\/wp-content\/uploads\/2022\/03\/zentralvorstand_in_kuerze-5.jpeg\",\"datePublished\":\"2020-12-09T15:43:00+00:00\",\"dateModified\":\"2022-05-11T12:36:52+00:00\",\"breadcrumb\":{\"@id\":\"https:\/\/swissbaker.ch\/fr\/panissimo-news\/comite-central-en-bref-5\/#breadcrumb\"},\"inLanguage\":\"fr-FR\",\"potentialAction\":[{\"@type\":\"ReadAction\",\"target\":[\"https:\/\/swissbaker.ch\/fr\/panissimo-news\/comite-central-en-bref-5\/\"]}]},{\"@type\":\"ImageObject\",\"inLanguage\":\"fr-FR\",\"@id\":\"https:\/\/swissbaker.ch\/fr\/panissimo-news\/comite-central-en-bref-5\/#primaryimage\",\"url\":\"https:\/\/swissbaker.ch\/wp-content\/uploads\/2022\/03\/zentralvorstand_in_kuerze-5.jpeg\",\"contentUrl\":\"https:\/\/swissbaker.ch\/wp-content\/uploads\/2022\/03\/zentralvorstand_in_kuerze-5.jpeg\",\"width\":800,\"height\":474,\"caption\":\"Comit\u00e9 central en bref\"},{\"@type\":\"BreadcrumbList\",\"@id\":\"https:\/\/swissbaker.ch\/fr\/panissimo-news\/comite-central-en-bref-5\/#breadcrumb\",\"itemListElement\":[{\"@type\":\"ListItem\",\"position\":1,\"name\":\"\",\"item\":\"https:\/\/swissbaker.ch\/fr\/\"},{\"@type\":\"ListItem\",\"position\":2,\"name\":\"Association\",\"item\":\"https:\/\/swissbaker.ch\/fr\/panissimo-news\/category\/association\/\"},{\"@type\":\"ListItem\",\"position\":3,\"name\":\"Comit\u00e9 central en bref\"}]},{\"@type\":\"WebSite\",\"@id\":\"https:\/\/swissbaker.ch\/fr\/#website\",\"url\":\"https:\/\/swissbaker.ch\/fr\/\",\"name\":\"SBC\",\"description\":\"\",\"publisher\":{\"@id\":\"https:\/\/swissbaker.ch\/fr\/#organization\"},\"potentialAction\":[{\"@type\":\"SearchAction\",\"target\":{\"@type\":\"EntryPoint\",\"urlTemplate\":\"https:\/\/swissbaker.ch\/fr\/?s={search_term_string}\"},\"query-input\":{\"@type\":\"PropertyValueSpecification\",\"valueRequired\":true,\"valueName\":\"search_term_string\"}}],\"inLanguage\":\"fr-FR\"},{\"@type\":\"Organization\",\"@id\":\"https:\/\/swissbaker.ch\/fr\/#organization\",\"name\":\"Schweizerischer B\u00e4cker-Confiseurmeister-Verband\",\"url\":\"https:\/\/swissbaker.ch\/fr\/\",\"logo\":{\"@type\":\"ImageObject\",\"inLanguage\":\"fr-FR\",\"@id\":\"https:\/\/swissbaker.ch\/fr\/#\/schema\/logo\/image\/\",\"url\":\"https:\/\/swissbaker.ch\/wp-content\/uploads\/2022\/04\/sbc-logo-yoast.jpg\",\"contentUrl\":\"https:\/\/swissbaker.ch\/wp-content\/uploads\/2022\/04\/sbc-logo-yoast.jpg\",\"width\":512,\"height\":512,\"caption\":\"Schweizerischer B\u00e4cker-Confiseurmeister-Verband\"},\"image\":{\"@id\":\"https:\/\/swissbaker.ch\/fr\/#\/schema\/logo\/image\/\"},\"sameAs\":[\"https:\/\/www.facebook.com\/swissbaker.ch\",\"https:\/\/x.com\/ch_swissbaker\"]},{\"@type\":\"Person\",\"@id\":\"https:\/\/swissbaker.ch\/fr\/#\/schema\/person\/058ac47619f7da53df62aba60f939b78\",\"name\":\"azureart\",\"image\":{\"@type\":\"ImageObject\",\"inLanguage\":\"fr-FR\",\"@id\":\"https:\/\/swissbaker.ch\/fr\/#\/schema\/person\/image\/\",\"url\":\"https:\/\/secure.gravatar.com\/avatar\/be04dd3098fd612c83067af4f7a295384c93cb6a9112f51beb9d2f477d25da61?s=96&d=mm&r=g\",\"contentUrl\":\"https:\/\/secure.gravatar.com\/avatar\/be04dd3098fd612c83067af4f7a295384c93cb6a9112f51beb9d2f477d25da61?s=96&d=mm&r=g\",\"caption\":\"azureart\"},\"sameAs\":[\"https:\/\/swissbaker.ch\"],\"url\":\"https:\/\/swissbaker.ch\/fr\/panissimo-news\/author\/pixel-ahoi\/\"}]}<\/script>\n<!-- \/ Yoast SEO Premium plugin. -->","yoast_head_json":{"title":"Comit\u00e9 central en bref | SBC","robots":{"index":"index","follow":"follow","max-snippet":"max-snippet:-1","max-image-preview":"max-image-preview:large","max-video-preview":"max-video-preview:-1"},"canonical":"https:\/\/swissbaker.ch\/fr\/panissimo-news\/comite-central-en-bref-5\/","og_locale":"fr_FR","og_type":"article","og_title":"Comit\u00e9 central en bref","og_description":"En fin d\u2019ann\u00e9e, le comit\u00e9 central de l\u2019Association suisse des patrons boulangers-confiseurs (BCS) se r\u00e9unit g\u00e9n\u00e9ralement pour une s\u00e9ance de deux jours \u00e0 l\u2019Ecole professionnelle Richemont de Lucerne. La s\u00e9ance en question n\u2019a pas eu lieu en raison de la situation actuelle li\u00e9e au coronavirus; une vid\u00e9oconf\u00e9rence a \u00e9t\u00e9 r\u00e9alis\u00e9e avec un programme r\u00e9duit, la r\u00e9union de deux jours \u00e9tant [&hellip;]","og_url":"https:\/\/swissbaker.ch\/fr\/panissimo-news\/comite-central-en-bref-5\/","og_site_name":"SBC","article_publisher":"https:\/\/www.facebook.com\/swissbaker.ch","article_published_time":"2020-12-09T15:43:00+00:00","article_modified_time":"2022-05-11T12:36:52+00:00","og_image":[{"width":800,"height":474,"url":"https:\/\/swissbaker.ch\/wp-content\/uploads\/2022\/03\/zentralvorstand_in_kuerze-5.jpeg","type":"image\/jpeg"}],"author":"azureart","twitter_card":"summary_large_image","twitter_creator":"@ch_swissbaker","twitter_site":"@ch_swissbaker","twitter_misc":{"Written by":"azureart","Est. reading time":"11 minutes"},"schema":{"@context":"https:\/\/schema.org","@graph":[{"@type":"Article","@id":"https:\/\/swissbaker.ch\/fr\/panissimo-news\/comite-central-en-bref-5\/#article","isPartOf":{"@id":"https:\/\/swissbaker.ch\/fr\/panissimo-news\/comite-central-en-bref-5\/"},"author":{"name":"azureart","@id":"https:\/\/swissbaker.ch\/fr\/#\/schema\/person\/058ac47619f7da53df62aba60f939b78"},"headline":"Comit\u00e9 central en bref","datePublished":"2020-12-09T15:43:00+00:00","dateModified":"2022-05-11T12:36:52+00:00","mainEntityOfPage":{"@id":"https:\/\/swissbaker.ch\/fr\/panissimo-news\/comite-central-en-bref-5\/"},"wordCount":2143,"commentCount":0,"publisher":{"@id":"https:\/\/swissbaker.ch\/fr\/#organization"},"image":{"@id":"https:\/\/swissbaker.ch\/fr\/panissimo-news\/comite-central-en-bref-5\/#primaryimage"},"thumbnailUrl":"https:\/\/swissbaker.ch\/wp-content\/uploads\/2022\/03\/zentralvorstand_in_kuerze-5.jpeg","articleSection":["Association"],"inLanguage":"fr-FR","potentialAction":[{"@type":"CommentAction","name":"Comment","target":["https:\/\/swissbaker.ch\/fr\/panissimo-news\/comite-central-en-bref-5\/#respond"]}]},{"@type":"WebPage","@id":"https:\/\/swissbaker.ch\/fr\/panissimo-news\/comite-central-en-bref-5\/","url":"https:\/\/swissbaker.ch\/fr\/panissimo-news\/comite-central-en-bref-5\/","name":"Comit\u00e9 central en bref | SBC","isPartOf":{"@id":"https:\/\/swissbaker.ch\/fr\/#website"},"primaryImageOfPage":{"@id":"https:\/\/swissbaker.ch\/fr\/panissimo-news\/comite-central-en-bref-5\/#primaryimage"},"image":{"@id":"https:\/\/swissbaker.ch\/fr\/panissimo-news\/comite-central-en-bref-5\/#primaryimage"},"thumbnailUrl":"https:\/\/swissbaker.ch\/wp-content\/uploads\/2022\/03\/zentralvorstand_in_kuerze-5.jpeg","datePublished":"2020-12-09T15:43:00+00:00","dateModified":"2022-05-11T12:36:52+00:00","breadcrumb":{"@id":"https:\/\/swissbaker.ch\/fr\/panissimo-news\/comite-central-en-bref-5\/#breadcrumb"},"inLanguage":"fr-FR","potentialAction":[{"@type":"ReadAction","target":["https:\/\/swissbaker.ch\/fr\/panissimo-news\/comite-central-en-bref-5\/"]}]},{"@type":"ImageObject","inLanguage":"fr-FR","@id":"https:\/\/swissbaker.ch\/fr\/panissimo-news\/comite-central-en-bref-5\/#primaryimage","url":"https:\/\/swissbaker.ch\/wp-content\/uploads\/2022\/03\/zentralvorstand_in_kuerze-5.jpeg","contentUrl":"https:\/\/swissbaker.ch\/wp-content\/uploads\/2022\/03\/zentralvorstand_in_kuerze-5.jpeg","width":800,"height":474,"caption":"Comit\u00e9 central en bref"},{"@type":"BreadcrumbList","@id":"https:\/\/swissbaker.ch\/fr\/panissimo-news\/comite-central-en-bref-5\/#breadcrumb","itemListElement":[{"@type":"ListItem","position":1,"name":"","item":"https:\/\/swissbaker.ch\/fr\/"},{"@type":"ListItem","position":2,"name":"Association","item":"https:\/\/swissbaker.ch\/fr\/panissimo-news\/category\/association\/"},{"@type":"ListItem","position":3,"name":"Comit\u00e9 central en bref"}]},{"@type":"WebSite","@id":"https:\/\/swissbaker.ch\/fr\/#website","url":"https:\/\/swissbaker.ch\/fr\/","name":"SBC","description":"","publisher":{"@id":"https:\/\/swissbaker.ch\/fr\/#organization"},"potentialAction":[{"@type":"SearchAction","target":{"@type":"EntryPoint","urlTemplate":"https:\/\/swissbaker.ch\/fr\/?s={search_term_string}"},"query-input":{"@type":"PropertyValueSpecification","valueRequired":true,"valueName":"search_term_string"}}],"inLanguage":"fr-FR"},{"@type":"Organization","@id":"https:\/\/swissbaker.ch\/fr\/#organization","name":"Schweizerischer B\u00e4cker-Confiseurmeister-Verband","url":"https:\/\/swissbaker.ch\/fr\/","logo":{"@type":"ImageObject","inLanguage":"fr-FR","@id":"https:\/\/swissbaker.ch\/fr\/#\/schema\/logo\/image\/","url":"https:\/\/swissbaker.ch\/wp-content\/uploads\/2022\/04\/sbc-logo-yoast.jpg","contentUrl":"https:\/\/swissbaker.ch\/wp-content\/uploads\/2022\/04\/sbc-logo-yoast.jpg","width":512,"height":512,"caption":"Schweizerischer B\u00e4cker-Confiseurmeister-Verband"},"image":{"@id":"https:\/\/swissbaker.ch\/fr\/#\/schema\/logo\/image\/"},"sameAs":["https:\/\/www.facebook.com\/swissbaker.ch","https:\/\/x.com\/ch_swissbaker"]},{"@type":"Person","@id":"https:\/\/swissbaker.ch\/fr\/#\/schema\/person\/058ac47619f7da53df62aba60f939b78","name":"azureart","image":{"@type":"ImageObject","inLanguage":"fr-FR","@id":"https:\/\/swissbaker.ch\/fr\/#\/schema\/person\/image\/","url":"https:\/\/secure.gravatar.com\/avatar\/be04dd3098fd612c83067af4f7a295384c93cb6a9112f51beb9d2f477d25da61?s=96&d=mm&r=g","contentUrl":"https:\/\/secure.gravatar.com\/avatar\/be04dd3098fd612c83067af4f7a295384c93cb6a9112f51beb9d2f477d25da61?s=96&d=mm&r=g","caption":"azureart"},"sameAs":["https:\/\/swissbaker.ch"],"url":"https:\/\/swissbaker.ch\/fr\/panissimo-news\/author\/pixel-ahoi\/"}]}},"_links":{"self":[{"href":"https:\/\/swissbaker.ch\/fr\/wp-json\/wp\/v2\/posts\/9048","targetHints":{"allow":["GET"]}}],"collection":[{"href":"https:\/\/swissbaker.ch\/fr\/wp-json\/wp\/v2\/posts"}],"about":[{"href":"https:\/\/swissbaker.ch\/fr\/wp-json\/wp\/v2\/types\/post"}],"author":[{"embeddable":true,"href":"https:\/\/swissbaker.ch\/fr\/wp-json\/wp\/v2\/users\/1"}],"replies":[{"embeddable":true,"href":"https:\/\/swissbaker.ch\/fr\/wp-json\/wp\/v2\/comments?post=9048"}],"version-history":[{"count":0,"href":"https:\/\/swissbaker.ch\/fr\/wp-json\/wp\/v2\/posts\/9048\/revisions"}],"wp:featuredmedia":[{"embeddable":true,"href":"https:\/\/swissbaker.ch\/fr\/wp-json\/wp\/v2\/media\/5615"}],"wp:attachment":[{"href":"https:\/\/swissbaker.ch\/fr\/wp-json\/wp\/v2\/media?parent=9048"}],"wp:term":[{"taxonomy":"category","embeddable":true,"href":"https:\/\/swissbaker.ch\/fr\/wp-json\/wp\/v2\/categories?post=9048"},{"taxonomy":"post_tag","embeddable":true,"href":"https:\/\/swissbaker.ch\/fr\/wp-json\/wp\/v2\/tags?post=9048"}],"curies":[{"name":"wp","href":"https:\/\/api.w.org\/{rel}","templated":true}]}}