{"id":9037,"date":"2017-12-20T11:08:00","date_gmt":"2017-12-20T10:08:00","guid":{"rendered":"https:\/\/swissbaker.ch\/?p=9037"},"modified":"2022-05-11T14:32:14","modified_gmt":"2022-05-11T12:32:14","slug":"notre-avenir-doit-etre-garanti","status":"publish","type":"post","link":"https:\/\/swissbaker.ch\/fr\/panissimo-news\/notre-avenir-doit-etre-garanti\/","title":{"rendered":"Notre avenir doit \u00eatre garanti"},"content":{"rendered":"\n<p><strong>Qu\u2019on le veuille ou non, le secteur de la boulangerie-confiserie suisse est en cours de r\u00e9orientation. Le march\u00e9 est en pleine mutation, 2\/3 des ventes du secteur se font par le biais de grands distributeurs, respectivement de canaux alternatifs.<\/strong><\/p>\n\n\n\n<p>Notre march\u00e9 est tr\u00e8s disput\u00e9, les produits \u00e9tant disponibles 7 jours sur 7, 24\u202fheures sur 24. Les consommateurs exigent en permanence un assortiment frais et complet, la \u00ab\u2009fra\u00eecheur\u2009\u00bb \u00e9tant assimil\u00e9e \u00e0 la \u00ab\u2009chaleur\u2009\u00bb. Notre association se trouve \u00e9galement au c\u0153ur de ces tensions\u2009!<\/p>\n\n\n\n<h2 class=\"wp-block-heading\" id=\"h-la-qualite-comme-priorite\">La qualit\u00e9 comme priorit\u00e9<\/h2>\n\n\n\n<p>Le positionnement des entreprises artisanales est bon\u2009: moyennant une strat\u00e9gie de qualit\u00e9, elles utilisent des mati\u00e8res premi\u00e8res r\u00e9gionales, confectionnent des produits frais plusieurs fois par jour sur site, privil\u00e9gient des circuits de distribution courts et misent sur la vente, le conseil et le service. Le processus de concentration se poursuit dans notre secteur, les entreprises s\u2019agrandissent et leur administration se complexifie. La gestion des processus de production et de vente tend \u00e0 s\u2019optimiser, tout comme l\u2019identification et la mise en \u0153uvre en temps utile des exigences des clients.<\/p>\n\n\n\n<h2 class=\"wp-block-heading\">Observation des changements<\/h2>\n\n\n\n<p>C\u2019est pourquoi nous nous posons les questions suivantes\u2009: comment les consommateurs vont-ils \u00e9voluer au cours des cinq \u00e0 sept prochaines ann\u00e9es\u2009? Quelles technologies pourraient s\u2019imposer dans notre vie quotidienne\u2009? Et bien \u00e9videmment aussi, quels changements sociaux influenceront nos habitudes de consommation\u2009?<\/p>\n\n\n\n<h2 class=\"wp-block-heading\">Chance pour notre secteur<\/h2>\n\n\n\n<p>Comme antidote \u00e0 la mondialisation et \u00e0 l\u2019avanc\u00e9e de la technologie, des notions comme la patrie, l\u2019origine et l\u2019artisanat gagnent du terrain. C\u2019est aussi une chance pour notre branche, nos professions et pour chaque boulangerie-confiserie qui dispose de connaissances techniques solides et ma\u00eetrise son artisanat.<\/p>\n\n\n\n<h2 class=\"wp-block-heading\">Mandat de l\u2019association<\/h2>\n\n\n\n<p>Comme toutes les autres associations sectorielles, la BCS est confront\u00e9e \u00e0 d\u2019importants d\u00e9fis. L\u2019association doit avant tout fournir des services aux membres. Elle doit n\u00e9anmoins aussi offrir un r\u00e9seau et faire le lien entre les diff\u00e9rents interlocuteurs internes et externes, de m\u00eame que d\u00e9fendre les int\u00e9r\u00eats politiques, \u00e9conomiques et publics. L\u2019objectif est de vous permettre de gagner votre vie tout en diminuant les frais administratifs.<\/p>\n\n\n\n<h2 class=\"wp-block-heading\">Gagner en efficacit\u00e9<\/h2>\n\n\n\n<p>L\u2019avenir nous r\u00e9serve des changements internes \u00e0 l\u2019association, sachant que nous voulons gagner en efficacit\u00e9 et exploiter les synergies. Les structures sont d\u2019un autre \u00e2ge. L\u2019association \u00e9tait alors plus grande, et les exigences \u00e9taient diff\u00e9rentes et moindres en mati\u00e8re d\u2019\u00e9conomie de march\u00e9 et de soci\u00e9t\u00e9. La r\u00e9ussite de notre action implique une identification pr\u00e9coce. Nous voulons faire preuve de pr\u00e9voyance, d\u00e9finir et identifier \u00e0 temps les opportunit\u00e9s et les mesures \u00e0 prendre, en vue de pr\u00e9senter des possibilit\u00e9s de solution. La r\u00e9ussite de notre action exige n\u00e9anmoins aussi de disposer d\u2019une base financi\u00e8re saine et d\u2019une certaine autonomie.<\/p>\n\n\n\n<h2 class=\"wp-block-heading\">Ouvrir les yeux<\/h2>\n\n\n\n<p>O\u00f9 que l\u2019on en soit, notre perception d\u00e9pend beaucoup de notre \u00e9tat d\u2019esprit \u2013 de notre attitude face aux circonstances qui nous entourent. Nous pouvons, si nous le voulons, voir le bien ou le mal dans presque tout \u2013 c\u2019est \u00e0 nous d\u2019en d\u00e9cider. Cela signifie-t-il qu\u2019il n\u2019y a pas de vrais probl\u00e8mes\u2009? Qu\u2019ils sont tous fabriqu\u00e9s de toutes pi\u00e8ces\u2009? S\u00fbrement pas\u2009! Mais les probl\u00e9matiques abord\u00e9es avec la bonne attitude r\u00e9v\u00e8lent souvent de nouvelles voies, des solutions non conventionnelles permettant de revenir \u00e0 du positif.<\/p>\n\n\n\n<p>Je nous souhaite \u00e0 nous tous de pouvoir choisir chaque jour de prendre la vie du bon c\u00f4t\u00e9. Car comme on le sait, on r\u00e9colte ce que l\u2019on s\u00e8me\u2009: soit le stress, la frustration et la critique, soit l\u2019estime, la gratitude et la joie.<\/p>\n\n\n\n<p>Pour 2018, je vous souhaite une excellente sant\u00e9, de nombreux succ\u00e8s commerciaux et beaucoup d\u2019agr\u00e9ables moments. Soyons positifs, nous avons dans nos mains les outils n\u00e9cessaires \u00e0 cet effet.<\/p>\n","protected":false},"excerpt":{"rendered":"<p>Qu\u2019on le veuille ou non, le secteur de la boulangerie-confiserie suisse est en cours de r\u00e9orientation. Le march\u00e9 est en pleine mutation, 2\/3 des ventes du secteur se font par le biais de grands distributeurs, respectivement de canaux alternatifs. Notre march\u00e9 est tr\u00e8s disput\u00e9, les produits \u00e9tant disponibles 7 jours sur 7, 24\u202fheures sur 24. Les consommateurs exigent en permanence [&hellip;]<\/p>\n","protected":false},"author":1,"featured_media":6463,"comment_status":"open","ping_status":"closed","sticky":false,"template":"","format":"standard","meta":{"_acf_changed":false,"footnotes":""},"categories":[41],"tags":[],"class_list":["post-9037","post","type-post","status-publish","format-standard","has-post-thumbnail","hentry","category-association"],"acf":[],"yoast_head":"<!-- This site is optimized with the Yoast SEO Premium plugin v26.8 (Yoast SEO v26.8) - https:\/\/yoast.com\/product\/yoast-seo-premium-wordpress\/ -->\n<title>Notre avenir doit \u00eatre garanti | SBC<\/title>\n<meta name=\"robots\" content=\"index, follow, max-snippet:-1, max-image-preview:large, max-video-preview:-1\" \/>\n<link rel=\"canonical\" href=\"https:\/\/swissbaker.ch\/fr\/panissimo-news\/notre-avenir-doit-etre-garanti\/\" \/>\n<meta property=\"og:locale\" content=\"fr_FR\" \/>\n<meta property=\"og:type\" content=\"article\" \/>\n<meta property=\"og:title\" content=\"Notre avenir doit \u00eatre garanti\" \/>\n<meta property=\"og:description\" content=\"Qu\u2019on le veuille ou non, le secteur de la boulangerie-confiserie suisse est en cours de r\u00e9orientation. Le march\u00e9 est en pleine mutation, 2\/3 des ventes du secteur se font par le biais de grands distributeurs, respectivement de canaux alternatifs. Notre march\u00e9 est tr\u00e8s disput\u00e9, les produits \u00e9tant disponibles 7 jours sur 7, 24\u202fheures sur 24. Les consommateurs exigent en permanence [&hellip;]\" \/>\n<meta property=\"og:url\" content=\"https:\/\/swissbaker.ch\/fr\/panissimo-news\/notre-avenir-doit-etre-garanti\/\" \/>\n<meta property=\"og:site_name\" content=\"SBC\" \/>\n<meta property=\"article:publisher\" content=\"https:\/\/www.facebook.com\/swissbaker.ch\" \/>\n<meta property=\"article:published_time\" content=\"2017-12-20T10:08:00+00:00\" \/>\n<meta property=\"article:modified_time\" content=\"2022-05-11T12:32:14+00:00\" \/>\n<meta property=\"og:image\" content=\"https:\/\/swissbaker.ch\/wp-content\/uploads\/2022\/04\/Urs_Wellauer_GA5B3655.jpg\" \/>\n\t<meta property=\"og:image:width\" content=\"800\" \/>\n\t<meta property=\"og:image:height\" content=\"474\" \/>\n\t<meta property=\"og:image:type\" content=\"image\/jpeg\" \/>\n<meta name=\"author\" content=\"azureart\" \/>\n<meta name=\"twitter:card\" content=\"summary_large_image\" \/>\n<meta name=\"twitter:creator\" content=\"@ch_swissbaker\" \/>\n<meta name=\"twitter:site\" content=\"@ch_swissbaker\" \/>\n<meta name=\"twitter:label1\" content=\"Written by\" \/>\n\t<meta name=\"twitter:data1\" content=\"azureart\" \/>\n\t<meta name=\"twitter:label2\" content=\"Est. reading time\" \/>\n\t<meta name=\"twitter:data2\" content=\"4 minutes\" \/>\n<script type=\"application\/ld+json\" class=\"yoast-schema-graph\">{\"@context\":\"https:\/\/schema.org\",\"@graph\":[{\"@type\":\"Article\",\"@id\":\"https:\/\/swissbaker.ch\/fr\/panissimo-news\/notre-avenir-doit-etre-garanti\/#article\",\"isPartOf\":{\"@id\":\"https:\/\/swissbaker.ch\/fr\/panissimo-news\/notre-avenir-doit-etre-garanti\/\"},\"author\":{\"name\":\"azureart\",\"@id\":\"https:\/\/swissbaker.ch\/fr\/#\/schema\/person\/058ac47619f7da53df62aba60f939b78\"},\"headline\":\"Notre avenir doit \u00eatre garanti\",\"datePublished\":\"2017-12-20T10:08:00+00:00\",\"dateModified\":\"2022-05-11T12:32:14+00:00\",\"mainEntityOfPage\":{\"@id\":\"https:\/\/swissbaker.ch\/fr\/panissimo-news\/notre-avenir-doit-etre-garanti\/\"},\"wordCount\":665,\"commentCount\":0,\"publisher\":{\"@id\":\"https:\/\/swissbaker.ch\/fr\/#organization\"},\"image\":{\"@id\":\"https:\/\/swissbaker.ch\/fr\/panissimo-news\/notre-avenir-doit-etre-garanti\/#primaryimage\"},\"thumbnailUrl\":\"https:\/\/swissbaker.ch\/wp-content\/uploads\/2022\/04\/Urs_Wellauer_GA5B3655.jpg\",\"articleSection\":[\"Association\"],\"inLanguage\":\"fr-FR\",\"potentialAction\":[{\"@type\":\"CommentAction\",\"name\":\"Comment\",\"target\":[\"https:\/\/swissbaker.ch\/fr\/panissimo-news\/notre-avenir-doit-etre-garanti\/#respond\"]}]},{\"@type\":\"WebPage\",\"@id\":\"https:\/\/swissbaker.ch\/fr\/panissimo-news\/notre-avenir-doit-etre-garanti\/\",\"url\":\"https:\/\/swissbaker.ch\/fr\/panissimo-news\/notre-avenir-doit-etre-garanti\/\",\"name\":\"Notre avenir doit \u00eatre garanti | SBC\",\"isPartOf\":{\"@id\":\"https:\/\/swissbaker.ch\/fr\/#website\"},\"primaryImageOfPage\":{\"@id\":\"https:\/\/swissbaker.ch\/fr\/panissimo-news\/notre-avenir-doit-etre-garanti\/#primaryimage\"},\"image\":{\"@id\":\"https:\/\/swissbaker.ch\/fr\/panissimo-news\/notre-avenir-doit-etre-garanti\/#primaryimage\"},\"thumbnailUrl\":\"https:\/\/swissbaker.ch\/wp-content\/uploads\/2022\/04\/Urs_Wellauer_GA5B3655.jpg\",\"datePublished\":\"2017-12-20T10:08:00+00:00\",\"dateModified\":\"2022-05-11T12:32:14+00:00\",\"breadcrumb\":{\"@id\":\"https:\/\/swissbaker.ch\/fr\/panissimo-news\/notre-avenir-doit-etre-garanti\/#breadcrumb\"},\"inLanguage\":\"fr-FR\",\"potentialAction\":[{\"@type\":\"ReadAction\",\"target\":[\"https:\/\/swissbaker.ch\/fr\/panissimo-news\/notre-avenir-doit-etre-garanti\/\"]}]},{\"@type\":\"ImageObject\",\"inLanguage\":\"fr-FR\",\"@id\":\"https:\/\/swissbaker.ch\/fr\/panissimo-news\/notre-avenir-doit-etre-garanti\/#primaryimage\",\"url\":\"https:\/\/swissbaker.ch\/wp-content\/uploads\/2022\/04\/Urs_Wellauer_GA5B3655.jpg\",\"contentUrl\":\"https:\/\/swissbaker.ch\/wp-content\/uploads\/2022\/04\/Urs_Wellauer_GA5B3655.jpg\",\"width\":800,\"height\":474,\"caption\":\"Notre avenir doit \u00eatre garanti\"},{\"@type\":\"BreadcrumbList\",\"@id\":\"https:\/\/swissbaker.ch\/fr\/panissimo-news\/notre-avenir-doit-etre-garanti\/#breadcrumb\",\"itemListElement\":[{\"@type\":\"ListItem\",\"position\":1,\"name\":\"\",\"item\":\"https:\/\/swissbaker.ch\/fr\/\"},{\"@type\":\"ListItem\",\"position\":2,\"name\":\"Association\",\"item\":\"https:\/\/swissbaker.ch\/fr\/panissimo-news\/category\/association\/\"},{\"@type\":\"ListItem\",\"position\":3,\"name\":\"Notre avenir doit \u00eatre garanti\"}]},{\"@type\":\"WebSite\",\"@id\":\"https:\/\/swissbaker.ch\/fr\/#website\",\"url\":\"https:\/\/swissbaker.ch\/fr\/\",\"name\":\"SBC\",\"description\":\"\",\"publisher\":{\"@id\":\"https:\/\/swissbaker.ch\/fr\/#organization\"},\"potentialAction\":[{\"@type\":\"SearchAction\",\"target\":{\"@type\":\"EntryPoint\",\"urlTemplate\":\"https:\/\/swissbaker.ch\/fr\/?s={search_term_string}\"},\"query-input\":{\"@type\":\"PropertyValueSpecification\",\"valueRequired\":true,\"valueName\":\"search_term_string\"}}],\"inLanguage\":\"fr-FR\"},{\"@type\":\"Organization\",\"@id\":\"https:\/\/swissbaker.ch\/fr\/#organization\",\"name\":\"Schweizerischer B\u00e4cker-Confiseurmeister-Verband\",\"url\":\"https:\/\/swissbaker.ch\/fr\/\",\"logo\":{\"@type\":\"ImageObject\",\"inLanguage\":\"fr-FR\",\"@id\":\"https:\/\/swissbaker.ch\/fr\/#\/schema\/logo\/image\/\",\"url\":\"https:\/\/swissbaker.ch\/wp-content\/uploads\/2022\/04\/sbc-logo-yoast.jpg\",\"contentUrl\":\"https:\/\/swissbaker.ch\/wp-content\/uploads\/2022\/04\/sbc-logo-yoast.jpg\",\"width\":512,\"height\":512,\"caption\":\"Schweizerischer B\u00e4cker-Confiseurmeister-Verband\"},\"image\":{\"@id\":\"https:\/\/swissbaker.ch\/fr\/#\/schema\/logo\/image\/\"},\"sameAs\":[\"https:\/\/www.facebook.com\/swissbaker.ch\",\"https:\/\/x.com\/ch_swissbaker\"]},{\"@type\":\"Person\",\"@id\":\"https:\/\/swissbaker.ch\/fr\/#\/schema\/person\/058ac47619f7da53df62aba60f939b78\",\"name\":\"azureart\",\"image\":{\"@type\":\"ImageObject\",\"inLanguage\":\"fr-FR\",\"@id\":\"https:\/\/swissbaker.ch\/fr\/#\/schema\/person\/image\/\",\"url\":\"https:\/\/secure.gravatar.com\/avatar\/be04dd3098fd612c83067af4f7a295384c93cb6a9112f51beb9d2f477d25da61?s=96&d=mm&r=g\",\"contentUrl\":\"https:\/\/secure.gravatar.com\/avatar\/be04dd3098fd612c83067af4f7a295384c93cb6a9112f51beb9d2f477d25da61?s=96&d=mm&r=g\",\"caption\":\"azureart\"},\"sameAs\":[\"https:\/\/swissbaker.ch\"],\"url\":\"https:\/\/swissbaker.ch\/fr\/panissimo-news\/author\/pixel-ahoi\/\"}]}<\/script>\n<!-- \/ Yoast SEO Premium plugin. -->","yoast_head_json":{"title":"Notre avenir doit \u00eatre garanti | SBC","robots":{"index":"index","follow":"follow","max-snippet":"max-snippet:-1","max-image-preview":"max-image-preview:large","max-video-preview":"max-video-preview:-1"},"canonical":"https:\/\/swissbaker.ch\/fr\/panissimo-news\/notre-avenir-doit-etre-garanti\/","og_locale":"fr_FR","og_type":"article","og_title":"Notre avenir doit \u00eatre garanti","og_description":"Qu\u2019on le veuille ou non, le secteur de la boulangerie-confiserie suisse est en cours de r\u00e9orientation. Le march\u00e9 est en pleine mutation, 2\/3 des ventes du secteur se font par le biais de grands distributeurs, respectivement de canaux alternatifs. Notre march\u00e9 est tr\u00e8s disput\u00e9, les produits \u00e9tant disponibles 7 jours sur 7, 24\u202fheures sur 24. Les consommateurs exigent en permanence [&hellip;]","og_url":"https:\/\/swissbaker.ch\/fr\/panissimo-news\/notre-avenir-doit-etre-garanti\/","og_site_name":"SBC","article_publisher":"https:\/\/www.facebook.com\/swissbaker.ch","article_published_time":"2017-12-20T10:08:00+00:00","article_modified_time":"2022-05-11T12:32:14+00:00","og_image":[{"width":800,"height":474,"url":"https:\/\/swissbaker.ch\/wp-content\/uploads\/2022\/04\/Urs_Wellauer_GA5B3655.jpg","type":"image\/jpeg"}],"author":"azureart","twitter_card":"summary_large_image","twitter_creator":"@ch_swissbaker","twitter_site":"@ch_swissbaker","twitter_misc":{"Written by":"azureart","Est. reading time":"4 minutes"},"schema":{"@context":"https:\/\/schema.org","@graph":[{"@type":"Article","@id":"https:\/\/swissbaker.ch\/fr\/panissimo-news\/notre-avenir-doit-etre-garanti\/#article","isPartOf":{"@id":"https:\/\/swissbaker.ch\/fr\/panissimo-news\/notre-avenir-doit-etre-garanti\/"},"author":{"name":"azureart","@id":"https:\/\/swissbaker.ch\/fr\/#\/schema\/person\/058ac47619f7da53df62aba60f939b78"},"headline":"Notre avenir doit \u00eatre garanti","datePublished":"2017-12-20T10:08:00+00:00","dateModified":"2022-05-11T12:32:14+00:00","mainEntityOfPage":{"@id":"https:\/\/swissbaker.ch\/fr\/panissimo-news\/notre-avenir-doit-etre-garanti\/"},"wordCount":665,"commentCount":0,"publisher":{"@id":"https:\/\/swissbaker.ch\/fr\/#organization"},"image":{"@id":"https:\/\/swissbaker.ch\/fr\/panissimo-news\/notre-avenir-doit-etre-garanti\/#primaryimage"},"thumbnailUrl":"https:\/\/swissbaker.ch\/wp-content\/uploads\/2022\/04\/Urs_Wellauer_GA5B3655.jpg","articleSection":["Association"],"inLanguage":"fr-FR","potentialAction":[{"@type":"CommentAction","name":"Comment","target":["https:\/\/swissbaker.ch\/fr\/panissimo-news\/notre-avenir-doit-etre-garanti\/#respond"]}]},{"@type":"WebPage","@id":"https:\/\/swissbaker.ch\/fr\/panissimo-news\/notre-avenir-doit-etre-garanti\/","url":"https:\/\/swissbaker.ch\/fr\/panissimo-news\/notre-avenir-doit-etre-garanti\/","name":"Notre avenir doit \u00eatre garanti | SBC","isPartOf":{"@id":"https:\/\/swissbaker.ch\/fr\/#website"},"primaryImageOfPage":{"@id":"https:\/\/swissbaker.ch\/fr\/panissimo-news\/notre-avenir-doit-etre-garanti\/#primaryimage"},"image":{"@id":"https:\/\/swissbaker.ch\/fr\/panissimo-news\/notre-avenir-doit-etre-garanti\/#primaryimage"},"thumbnailUrl":"https:\/\/swissbaker.ch\/wp-content\/uploads\/2022\/04\/Urs_Wellauer_GA5B3655.jpg","datePublished":"2017-12-20T10:08:00+00:00","dateModified":"2022-05-11T12:32:14+00:00","breadcrumb":{"@id":"https:\/\/swissbaker.ch\/fr\/panissimo-news\/notre-avenir-doit-etre-garanti\/#breadcrumb"},"inLanguage":"fr-FR","potentialAction":[{"@type":"ReadAction","target":["https:\/\/swissbaker.ch\/fr\/panissimo-news\/notre-avenir-doit-etre-garanti\/"]}]},{"@type":"ImageObject","inLanguage":"fr-FR","@id":"https:\/\/swissbaker.ch\/fr\/panissimo-news\/notre-avenir-doit-etre-garanti\/#primaryimage","url":"https:\/\/swissbaker.ch\/wp-content\/uploads\/2022\/04\/Urs_Wellauer_GA5B3655.jpg","contentUrl":"https:\/\/swissbaker.ch\/wp-content\/uploads\/2022\/04\/Urs_Wellauer_GA5B3655.jpg","width":800,"height":474,"caption":"Notre avenir doit \u00eatre garanti"},{"@type":"BreadcrumbList","@id":"https:\/\/swissbaker.ch\/fr\/panissimo-news\/notre-avenir-doit-etre-garanti\/#breadcrumb","itemListElement":[{"@type":"ListItem","position":1,"name":"","item":"https:\/\/swissbaker.ch\/fr\/"},{"@type":"ListItem","position":2,"name":"Association","item":"https:\/\/swissbaker.ch\/fr\/panissimo-news\/category\/association\/"},{"@type":"ListItem","position":3,"name":"Notre avenir doit \u00eatre garanti"}]},{"@type":"WebSite","@id":"https:\/\/swissbaker.ch\/fr\/#website","url":"https:\/\/swissbaker.ch\/fr\/","name":"SBC","description":"","publisher":{"@id":"https:\/\/swissbaker.ch\/fr\/#organization"},"potentialAction":[{"@type":"SearchAction","target":{"@type":"EntryPoint","urlTemplate":"https:\/\/swissbaker.ch\/fr\/?s={search_term_string}"},"query-input":{"@type":"PropertyValueSpecification","valueRequired":true,"valueName":"search_term_string"}}],"inLanguage":"fr-FR"},{"@type":"Organization","@id":"https:\/\/swissbaker.ch\/fr\/#organization","name":"Schweizerischer B\u00e4cker-Confiseurmeister-Verband","url":"https:\/\/swissbaker.ch\/fr\/","logo":{"@type":"ImageObject","inLanguage":"fr-FR","@id":"https:\/\/swissbaker.ch\/fr\/#\/schema\/logo\/image\/","url":"https:\/\/swissbaker.ch\/wp-content\/uploads\/2022\/04\/sbc-logo-yoast.jpg","contentUrl":"https:\/\/swissbaker.ch\/wp-content\/uploads\/2022\/04\/sbc-logo-yoast.jpg","width":512,"height":512,"caption":"Schweizerischer B\u00e4cker-Confiseurmeister-Verband"},"image":{"@id":"https:\/\/swissbaker.ch\/fr\/#\/schema\/logo\/image\/"},"sameAs":["https:\/\/www.facebook.com\/swissbaker.ch","https:\/\/x.com\/ch_swissbaker"]},{"@type":"Person","@id":"https:\/\/swissbaker.ch\/fr\/#\/schema\/person\/058ac47619f7da53df62aba60f939b78","name":"azureart","image":{"@type":"ImageObject","inLanguage":"fr-FR","@id":"https:\/\/swissbaker.ch\/fr\/#\/schema\/person\/image\/","url":"https:\/\/secure.gravatar.com\/avatar\/be04dd3098fd612c83067af4f7a295384c93cb6a9112f51beb9d2f477d25da61?s=96&d=mm&r=g","contentUrl":"https:\/\/secure.gravatar.com\/avatar\/be04dd3098fd612c83067af4f7a295384c93cb6a9112f51beb9d2f477d25da61?s=96&d=mm&r=g","caption":"azureart"},"sameAs":["https:\/\/swissbaker.ch"],"url":"https:\/\/swissbaker.ch\/fr\/panissimo-news\/author\/pixel-ahoi\/"}]}},"_links":{"self":[{"href":"https:\/\/swissbaker.ch\/fr\/wp-json\/wp\/v2\/posts\/9037","targetHints":{"allow":["GET"]}}],"collection":[{"href":"https:\/\/swissbaker.ch\/fr\/wp-json\/wp\/v2\/posts"}],"about":[{"href":"https:\/\/swissbaker.ch\/fr\/wp-json\/wp\/v2\/types\/post"}],"author":[{"embeddable":true,"href":"https:\/\/swissbaker.ch\/fr\/wp-json\/wp\/v2\/users\/1"}],"replies":[{"embeddable":true,"href":"https:\/\/swissbaker.ch\/fr\/wp-json\/wp\/v2\/comments?post=9037"}],"version-history":[{"count":0,"href":"https:\/\/swissbaker.ch\/fr\/wp-json\/wp\/v2\/posts\/9037\/revisions"}],"wp:featuredmedia":[{"embeddable":true,"href":"https:\/\/swissbaker.ch\/fr\/wp-json\/wp\/v2\/media\/6463"}],"wp:attachment":[{"href":"https:\/\/swissbaker.ch\/fr\/wp-json\/wp\/v2\/media?parent=9037"}],"wp:term":[{"taxonomy":"category","embeddable":true,"href":"https:\/\/swissbaker.ch\/fr\/wp-json\/wp\/v2\/categories?post=9037"},{"taxonomy":"post_tag","embeddable":true,"href":"https:\/\/swissbaker.ch\/fr\/wp-json\/wp\/v2\/tags?post=9037"}],"curies":[{"name":"wp","href":"https:\/\/api.w.org\/{rel}","templated":true}]}}