{"id":8998,"date":"2017-12-14T10:47:00","date_gmt":"2017-12-14T09:47:00","guid":{"rendered":"https:\/\/swissbaker.ch\/?p=8998"},"modified":"2022-05-11T14:04:45","modified_gmt":"2022-05-11T12:04:45","slug":"panettones-tessinois-au-palais-federal","status":"publish","type":"post","link":"https:\/\/swissbaker.ch\/fr\/panissimo-news\/panettones-tessinois-au-palais-federal\/","title":{"rendered":"Panettones tessinois au Palais f\u00e9d\u00e9ral"},"content":{"rendered":"\n<p><strong>Cela a constitu\u00e9 le point culminant du 100e anniversaire des boulangers-confiseurs tessinois : ce matin, au Caf\u00e9 des Alpes du Palais f\u00e9d\u00e9ral, ils ont distribu\u00e9 aux parlementaires environ soixante kilogrammes de panettone \u00ab tradizionale \u00bb et \u00ab nostrano \u00bb. Ils ont ainsi d\u00e9livr\u00e9 un message de qualit\u00e9 en faveur de leur canton et de notre artisanat.<\/strong><\/p>\n\n\n\n<p>\u00ab De plus, nous voulions dire merci d\u2019avoir \u00e0 nouveau un repr\u00e9sentant tessinois au palais f\u00e9d\u00e9ral en la personne d\u2019Ignazio Cassis \u00bb, a expliqu\u00e9 Massimo Turani, pr\u00e9sident des boulangers-confiseurs tessinois, et Giuseppe Piffaretti, Grand Ma\u00eetre de la Confr\u00e9rie tessinoise des chevaliers du bon pain. Chaque parlementaire a re\u00e7u un petit panettone emball\u00e9 dans une bo\u00eete d\u00e9cor\u00e9e du logo du 100e anniversaire. Ils semblaient heureux de cette douce attention venue du sud de la Suisse.<\/p>\n\n\n\n<p><a href=\"https:\/\/www.swissbaker.ch\/fr\/news-panissimo\/galeries-de-photos\/galeries-2017\/#c1971\">Galerie de photos<\/a><\/p>\n","protected":false},"excerpt":{"rendered":"<p>Cela a constitu\u00e9 le point culminant du 100e anniversaire des boulangers-confiseurs tessinois : ce matin, au Caf\u00e9 des Alpes du Palais f\u00e9d\u00e9ral, ils ont distribu\u00e9 aux parlementaires environ soixante kilogrammes de panettone \u00ab tradizionale \u00bb et \u00ab nostrano \u00bb. Ils ont ainsi d\u00e9livr\u00e9 un message de qualit\u00e9 en faveur de leur canton et de notre artisanat. \u00ab De plus, nous [&hellip;]<\/p>\n","protected":false},"author":1,"featured_media":6451,"comment_status":"open","ping_status":"closed","sticky":false,"template":"","format":"standard","meta":{"_acf_changed":false,"footnotes":""},"categories":[41],"tags":[],"class_list":["post-8998","post","type-post","status-publish","format-standard","has-post-thumbnail","hentry","category-association"],"acf":[],"yoast_head":"<!-- This site is optimized with the Yoast SEO Premium plugin v26.8 (Yoast SEO v26.8) - https:\/\/yoast.com\/product\/yoast-seo-premium-wordpress\/ -->\n<title>Panettones tessinois au Palais f\u00e9d\u00e9ral | SBC<\/title>\n<meta name=\"robots\" content=\"index, follow, max-snippet:-1, max-image-preview:large, max-video-preview:-1\" \/>\n<link rel=\"canonical\" href=\"https:\/\/swissbaker.ch\/fr\/panissimo-news\/panettones-tessinois-au-palais-federal\/\" \/>\n<meta property=\"og:locale\" content=\"fr_FR\" \/>\n<meta property=\"og:type\" content=\"article\" \/>\n<meta property=\"og:title\" content=\"Panettones tessinois au Palais f\u00e9d\u00e9ral\" \/>\n<meta property=\"og:description\" content=\"Cela a constitu\u00e9 le point culminant du 100e anniversaire des boulangers-confiseurs tessinois : ce matin, au Caf\u00e9 des Alpes du Palais f\u00e9d\u00e9ral, ils ont distribu\u00e9 aux parlementaires environ soixante kilogrammes de panettone \u00ab tradizionale \u00bb et \u00ab nostrano \u00bb. Ils ont ainsi d\u00e9livr\u00e9 un message de qualit\u00e9 en faveur de leur canton et de notre artisanat. \u00ab De plus, nous [&hellip;]\" \/>\n<meta property=\"og:url\" content=\"https:\/\/swissbaker.ch\/fr\/panissimo-news\/panettones-tessinois-au-palais-federal\/\" \/>\n<meta property=\"og:site_name\" content=\"SBC\" \/>\n<meta property=\"article:publisher\" content=\"https:\/\/www.facebook.com\/swissbaker.ch\" \/>\n<meta property=\"article:published_time\" content=\"2017-12-14T09:47:00+00:00\" \/>\n<meta property=\"article:modified_time\" content=\"2022-05-11T12:04:45+00:00\" \/>\n<meta property=\"og:image\" content=\"https:\/\/swissbaker.ch\/wp-content\/uploads\/2022\/04\/Tessiner_Panettone_im_Bundeshaus_140075_nl.jpg\" \/>\n\t<meta property=\"og:image:width\" content=\"600\" \/>\n\t<meta property=\"og:image:height\" content=\"600\" \/>\n\t<meta property=\"og:image:type\" content=\"image\/jpeg\" \/>\n<meta name=\"author\" content=\"azureart\" \/>\n<meta name=\"twitter:card\" content=\"summary_large_image\" \/>\n<meta name=\"twitter:creator\" content=\"@ch_swissbaker\" \/>\n<meta name=\"twitter:site\" content=\"@ch_swissbaker\" \/>\n<meta name=\"twitter:label1\" content=\"Written by\" \/>\n\t<meta name=\"twitter:data1\" content=\"azureart\" \/>\n\t<meta name=\"twitter:label2\" content=\"Est. reading time\" \/>\n\t<meta name=\"twitter:data2\" content=\"1 minute\" \/>\n<script type=\"application\/ld+json\" class=\"yoast-schema-graph\">{\"@context\":\"https:\/\/schema.org\",\"@graph\":[{\"@type\":\"Article\",\"@id\":\"https:\/\/swissbaker.ch\/fr\/panissimo-news\/panettones-tessinois-au-palais-federal\/#article\",\"isPartOf\":{\"@id\":\"https:\/\/swissbaker.ch\/fr\/panissimo-news\/panettones-tessinois-au-palais-federal\/\"},\"author\":{\"name\":\"azureart\",\"@id\":\"https:\/\/swissbaker.ch\/fr\/#\/schema\/person\/058ac47619f7da53df62aba60f939b78\"},\"headline\":\"Panettones tessinois au Palais f\u00e9d\u00e9ral\",\"datePublished\":\"2017-12-14T09:47:00+00:00\",\"dateModified\":\"2022-05-11T12:04:45+00:00\",\"mainEntityOfPage\":{\"@id\":\"https:\/\/swissbaker.ch\/fr\/panissimo-news\/panettones-tessinois-au-palais-federal\/\"},\"wordCount\":147,\"commentCount\":0,\"publisher\":{\"@id\":\"https:\/\/swissbaker.ch\/fr\/#organization\"},\"image\":{\"@id\":\"https:\/\/swissbaker.ch\/fr\/panissimo-news\/panettones-tessinois-au-palais-federal\/#primaryimage\"},\"thumbnailUrl\":\"https:\/\/swissbaker.ch\/wp-content\/uploads\/2022\/04\/Tessiner_Panettone_im_Bundeshaus_140075_nl.jpg\",\"articleSection\":[\"Association\"],\"inLanguage\":\"fr-FR\",\"potentialAction\":[{\"@type\":\"CommentAction\",\"name\":\"Comment\",\"target\":[\"https:\/\/swissbaker.ch\/fr\/panissimo-news\/panettones-tessinois-au-palais-federal\/#respond\"]}]},{\"@type\":\"WebPage\",\"@id\":\"https:\/\/swissbaker.ch\/fr\/panissimo-news\/panettones-tessinois-au-palais-federal\/\",\"url\":\"https:\/\/swissbaker.ch\/fr\/panissimo-news\/panettones-tessinois-au-palais-federal\/\",\"name\":\"Panettones tessinois au Palais f\u00e9d\u00e9ral | SBC\",\"isPartOf\":{\"@id\":\"https:\/\/swissbaker.ch\/fr\/#website\"},\"primaryImageOfPage\":{\"@id\":\"https:\/\/swissbaker.ch\/fr\/panissimo-news\/panettones-tessinois-au-palais-federal\/#primaryimage\"},\"image\":{\"@id\":\"https:\/\/swissbaker.ch\/fr\/panissimo-news\/panettones-tessinois-au-palais-federal\/#primaryimage\"},\"thumbnailUrl\":\"https:\/\/swissbaker.ch\/wp-content\/uploads\/2022\/04\/Tessiner_Panettone_im_Bundeshaus_140075_nl.jpg\",\"datePublished\":\"2017-12-14T09:47:00+00:00\",\"dateModified\":\"2022-05-11T12:04:45+00:00\",\"breadcrumb\":{\"@id\":\"https:\/\/swissbaker.ch\/fr\/panissimo-news\/panettones-tessinois-au-palais-federal\/#breadcrumb\"},\"inLanguage\":\"fr-FR\",\"potentialAction\":[{\"@type\":\"ReadAction\",\"target\":[\"https:\/\/swissbaker.ch\/fr\/panissimo-news\/panettones-tessinois-au-palais-federal\/\"]}]},{\"@type\":\"ImageObject\",\"inLanguage\":\"fr-FR\",\"@id\":\"https:\/\/swissbaker.ch\/fr\/panissimo-news\/panettones-tessinois-au-palais-federal\/#primaryimage\",\"url\":\"https:\/\/swissbaker.ch\/wp-content\/uploads\/2022\/04\/Tessiner_Panettone_im_Bundeshaus_140075_nl.jpg\",\"contentUrl\":\"https:\/\/swissbaker.ch\/wp-content\/uploads\/2022\/04\/Tessiner_Panettone_im_Bundeshaus_140075_nl.jpg\",\"width\":600,\"height\":600,\"caption\":\"Panettones tessinois au Palais f\u00e9d\u00e9ral\"},{\"@type\":\"BreadcrumbList\",\"@id\":\"https:\/\/swissbaker.ch\/fr\/panissimo-news\/panettones-tessinois-au-palais-federal\/#breadcrumb\",\"itemListElement\":[{\"@type\":\"ListItem\",\"position\":1,\"name\":\"\",\"item\":\"https:\/\/swissbaker.ch\/fr\/\"},{\"@type\":\"ListItem\",\"position\":2,\"name\":\"Association\",\"item\":\"https:\/\/swissbaker.ch\/fr\/panissimo-news\/category\/association\/\"},{\"@type\":\"ListItem\",\"position\":3,\"name\":\"Panettones tessinois au Palais f\u00e9d\u00e9ral\"}]},{\"@type\":\"WebSite\",\"@id\":\"https:\/\/swissbaker.ch\/fr\/#website\",\"url\":\"https:\/\/swissbaker.ch\/fr\/\",\"name\":\"SBC\",\"description\":\"\",\"publisher\":{\"@id\":\"https:\/\/swissbaker.ch\/fr\/#organization\"},\"potentialAction\":[{\"@type\":\"SearchAction\",\"target\":{\"@type\":\"EntryPoint\",\"urlTemplate\":\"https:\/\/swissbaker.ch\/fr\/?s={search_term_string}\"},\"query-input\":{\"@type\":\"PropertyValueSpecification\",\"valueRequired\":true,\"valueName\":\"search_term_string\"}}],\"inLanguage\":\"fr-FR\"},{\"@type\":\"Organization\",\"@id\":\"https:\/\/swissbaker.ch\/fr\/#organization\",\"name\":\"Schweizerischer B\u00e4cker-Confiseurmeister-Verband\",\"url\":\"https:\/\/swissbaker.ch\/fr\/\",\"logo\":{\"@type\":\"ImageObject\",\"inLanguage\":\"fr-FR\",\"@id\":\"https:\/\/swissbaker.ch\/fr\/#\/schema\/logo\/image\/\",\"url\":\"https:\/\/swissbaker.ch\/wp-content\/uploads\/2022\/04\/sbc-logo-yoast.jpg\",\"contentUrl\":\"https:\/\/swissbaker.ch\/wp-content\/uploads\/2022\/04\/sbc-logo-yoast.jpg\",\"width\":512,\"height\":512,\"caption\":\"Schweizerischer B\u00e4cker-Confiseurmeister-Verband\"},\"image\":{\"@id\":\"https:\/\/swissbaker.ch\/fr\/#\/schema\/logo\/image\/\"},\"sameAs\":[\"https:\/\/www.facebook.com\/swissbaker.ch\",\"https:\/\/x.com\/ch_swissbaker\"]},{\"@type\":\"Person\",\"@id\":\"https:\/\/swissbaker.ch\/fr\/#\/schema\/person\/058ac47619f7da53df62aba60f939b78\",\"name\":\"azureart\",\"image\":{\"@type\":\"ImageObject\",\"inLanguage\":\"fr-FR\",\"@id\":\"https:\/\/swissbaker.ch\/fr\/#\/schema\/person\/image\/\",\"url\":\"https:\/\/secure.gravatar.com\/avatar\/be04dd3098fd612c83067af4f7a295384c93cb6a9112f51beb9d2f477d25da61?s=96&d=mm&r=g\",\"contentUrl\":\"https:\/\/secure.gravatar.com\/avatar\/be04dd3098fd612c83067af4f7a295384c93cb6a9112f51beb9d2f477d25da61?s=96&d=mm&r=g\",\"caption\":\"azureart\"},\"sameAs\":[\"https:\/\/swissbaker.ch\"],\"url\":\"https:\/\/swissbaker.ch\/fr\/panissimo-news\/author\/pixel-ahoi\/\"}]}<\/script>\n<!-- \/ Yoast SEO Premium plugin. -->","yoast_head_json":{"title":"Panettones tessinois au Palais f\u00e9d\u00e9ral | SBC","robots":{"index":"index","follow":"follow","max-snippet":"max-snippet:-1","max-image-preview":"max-image-preview:large","max-video-preview":"max-video-preview:-1"},"canonical":"https:\/\/swissbaker.ch\/fr\/panissimo-news\/panettones-tessinois-au-palais-federal\/","og_locale":"fr_FR","og_type":"article","og_title":"Panettones tessinois au Palais f\u00e9d\u00e9ral","og_description":"Cela a constitu\u00e9 le point culminant du 100e anniversaire des boulangers-confiseurs tessinois : ce matin, au Caf\u00e9 des Alpes du Palais f\u00e9d\u00e9ral, ils ont distribu\u00e9 aux parlementaires environ soixante kilogrammes de panettone \u00ab tradizionale \u00bb et \u00ab nostrano \u00bb. Ils ont ainsi d\u00e9livr\u00e9 un message de qualit\u00e9 en faveur de leur canton et de notre artisanat. \u00ab De plus, nous [&hellip;]","og_url":"https:\/\/swissbaker.ch\/fr\/panissimo-news\/panettones-tessinois-au-palais-federal\/","og_site_name":"SBC","article_publisher":"https:\/\/www.facebook.com\/swissbaker.ch","article_published_time":"2017-12-14T09:47:00+00:00","article_modified_time":"2022-05-11T12:04:45+00:00","og_image":[{"width":600,"height":600,"url":"https:\/\/swissbaker.ch\/wp-content\/uploads\/2022\/04\/Tessiner_Panettone_im_Bundeshaus_140075_nl.jpg","type":"image\/jpeg"}],"author":"azureart","twitter_card":"summary_large_image","twitter_creator":"@ch_swissbaker","twitter_site":"@ch_swissbaker","twitter_misc":{"Written by":"azureart","Est. reading time":"1 minute"},"schema":{"@context":"https:\/\/schema.org","@graph":[{"@type":"Article","@id":"https:\/\/swissbaker.ch\/fr\/panissimo-news\/panettones-tessinois-au-palais-federal\/#article","isPartOf":{"@id":"https:\/\/swissbaker.ch\/fr\/panissimo-news\/panettones-tessinois-au-palais-federal\/"},"author":{"name":"azureart","@id":"https:\/\/swissbaker.ch\/fr\/#\/schema\/person\/058ac47619f7da53df62aba60f939b78"},"headline":"Panettones tessinois au Palais f\u00e9d\u00e9ral","datePublished":"2017-12-14T09:47:00+00:00","dateModified":"2022-05-11T12:04:45+00:00","mainEntityOfPage":{"@id":"https:\/\/swissbaker.ch\/fr\/panissimo-news\/panettones-tessinois-au-palais-federal\/"},"wordCount":147,"commentCount":0,"publisher":{"@id":"https:\/\/swissbaker.ch\/fr\/#organization"},"image":{"@id":"https:\/\/swissbaker.ch\/fr\/panissimo-news\/panettones-tessinois-au-palais-federal\/#primaryimage"},"thumbnailUrl":"https:\/\/swissbaker.ch\/wp-content\/uploads\/2022\/04\/Tessiner_Panettone_im_Bundeshaus_140075_nl.jpg","articleSection":["Association"],"inLanguage":"fr-FR","potentialAction":[{"@type":"CommentAction","name":"Comment","target":["https:\/\/swissbaker.ch\/fr\/panissimo-news\/panettones-tessinois-au-palais-federal\/#respond"]}]},{"@type":"WebPage","@id":"https:\/\/swissbaker.ch\/fr\/panissimo-news\/panettones-tessinois-au-palais-federal\/","url":"https:\/\/swissbaker.ch\/fr\/panissimo-news\/panettones-tessinois-au-palais-federal\/","name":"Panettones tessinois au Palais f\u00e9d\u00e9ral | SBC","isPartOf":{"@id":"https:\/\/swissbaker.ch\/fr\/#website"},"primaryImageOfPage":{"@id":"https:\/\/swissbaker.ch\/fr\/panissimo-news\/panettones-tessinois-au-palais-federal\/#primaryimage"},"image":{"@id":"https:\/\/swissbaker.ch\/fr\/panissimo-news\/panettones-tessinois-au-palais-federal\/#primaryimage"},"thumbnailUrl":"https:\/\/swissbaker.ch\/wp-content\/uploads\/2022\/04\/Tessiner_Panettone_im_Bundeshaus_140075_nl.jpg","datePublished":"2017-12-14T09:47:00+00:00","dateModified":"2022-05-11T12:04:45+00:00","breadcrumb":{"@id":"https:\/\/swissbaker.ch\/fr\/panissimo-news\/panettones-tessinois-au-palais-federal\/#breadcrumb"},"inLanguage":"fr-FR","potentialAction":[{"@type":"ReadAction","target":["https:\/\/swissbaker.ch\/fr\/panissimo-news\/panettones-tessinois-au-palais-federal\/"]}]},{"@type":"ImageObject","inLanguage":"fr-FR","@id":"https:\/\/swissbaker.ch\/fr\/panissimo-news\/panettones-tessinois-au-palais-federal\/#primaryimage","url":"https:\/\/swissbaker.ch\/wp-content\/uploads\/2022\/04\/Tessiner_Panettone_im_Bundeshaus_140075_nl.jpg","contentUrl":"https:\/\/swissbaker.ch\/wp-content\/uploads\/2022\/04\/Tessiner_Panettone_im_Bundeshaus_140075_nl.jpg","width":600,"height":600,"caption":"Panettones tessinois au Palais f\u00e9d\u00e9ral"},{"@type":"BreadcrumbList","@id":"https:\/\/swissbaker.ch\/fr\/panissimo-news\/panettones-tessinois-au-palais-federal\/#breadcrumb","itemListElement":[{"@type":"ListItem","position":1,"name":"","item":"https:\/\/swissbaker.ch\/fr\/"},{"@type":"ListItem","position":2,"name":"Association","item":"https:\/\/swissbaker.ch\/fr\/panissimo-news\/category\/association\/"},{"@type":"ListItem","position":3,"name":"Panettones tessinois au Palais f\u00e9d\u00e9ral"}]},{"@type":"WebSite","@id":"https:\/\/swissbaker.ch\/fr\/#website","url":"https:\/\/swissbaker.ch\/fr\/","name":"SBC","description":"","publisher":{"@id":"https:\/\/swissbaker.ch\/fr\/#organization"},"potentialAction":[{"@type":"SearchAction","target":{"@type":"EntryPoint","urlTemplate":"https:\/\/swissbaker.ch\/fr\/?s={search_term_string}"},"query-input":{"@type":"PropertyValueSpecification","valueRequired":true,"valueName":"search_term_string"}}],"inLanguage":"fr-FR"},{"@type":"Organization","@id":"https:\/\/swissbaker.ch\/fr\/#organization","name":"Schweizerischer B\u00e4cker-Confiseurmeister-Verband","url":"https:\/\/swissbaker.ch\/fr\/","logo":{"@type":"ImageObject","inLanguage":"fr-FR","@id":"https:\/\/swissbaker.ch\/fr\/#\/schema\/logo\/image\/","url":"https:\/\/swissbaker.ch\/wp-content\/uploads\/2022\/04\/sbc-logo-yoast.jpg","contentUrl":"https:\/\/swissbaker.ch\/wp-content\/uploads\/2022\/04\/sbc-logo-yoast.jpg","width":512,"height":512,"caption":"Schweizerischer B\u00e4cker-Confiseurmeister-Verband"},"image":{"@id":"https:\/\/swissbaker.ch\/fr\/#\/schema\/logo\/image\/"},"sameAs":["https:\/\/www.facebook.com\/swissbaker.ch","https:\/\/x.com\/ch_swissbaker"]},{"@type":"Person","@id":"https:\/\/swissbaker.ch\/fr\/#\/schema\/person\/058ac47619f7da53df62aba60f939b78","name":"azureart","image":{"@type":"ImageObject","inLanguage":"fr-FR","@id":"https:\/\/swissbaker.ch\/fr\/#\/schema\/person\/image\/","url":"https:\/\/secure.gravatar.com\/avatar\/be04dd3098fd612c83067af4f7a295384c93cb6a9112f51beb9d2f477d25da61?s=96&d=mm&r=g","contentUrl":"https:\/\/secure.gravatar.com\/avatar\/be04dd3098fd612c83067af4f7a295384c93cb6a9112f51beb9d2f477d25da61?s=96&d=mm&r=g","caption":"azureart"},"sameAs":["https:\/\/swissbaker.ch"],"url":"https:\/\/swissbaker.ch\/fr\/panissimo-news\/author\/pixel-ahoi\/"}]}},"_links":{"self":[{"href":"https:\/\/swissbaker.ch\/fr\/wp-json\/wp\/v2\/posts\/8998","targetHints":{"allow":["GET"]}}],"collection":[{"href":"https:\/\/swissbaker.ch\/fr\/wp-json\/wp\/v2\/posts"}],"about":[{"href":"https:\/\/swissbaker.ch\/fr\/wp-json\/wp\/v2\/types\/post"}],"author":[{"embeddable":true,"href":"https:\/\/swissbaker.ch\/fr\/wp-json\/wp\/v2\/users\/1"}],"replies":[{"embeddable":true,"href":"https:\/\/swissbaker.ch\/fr\/wp-json\/wp\/v2\/comments?post=8998"}],"version-history":[{"count":0,"href":"https:\/\/swissbaker.ch\/fr\/wp-json\/wp\/v2\/posts\/8998\/revisions"}],"wp:featuredmedia":[{"embeddable":true,"href":"https:\/\/swissbaker.ch\/fr\/wp-json\/wp\/v2\/media\/6451"}],"wp:attachment":[{"href":"https:\/\/swissbaker.ch\/fr\/wp-json\/wp\/v2\/media?parent=8998"}],"wp:term":[{"taxonomy":"category","embeddable":true,"href":"https:\/\/swissbaker.ch\/fr\/wp-json\/wp\/v2\/categories?post=8998"},{"taxonomy":"post_tag","embeddable":true,"href":"https:\/\/swissbaker.ch\/fr\/wp-json\/wp\/v2\/tags?post=8998"}],"curies":[{"name":"wp","href":"https:\/\/api.w.org\/{rel}","templated":true}]}}