{"id":8976,"date":"2017-11-08T08:41:00","date_gmt":"2017-11-08T07:41:00","guid":{"rendered":"https:\/\/swissbaker.ch\/?p=8976"},"modified":"2022-05-11T13:46:33","modified_gmt":"2022-05-11T11:46:33","slug":"transfert-a-panvicaplus","status":"publish","type":"post","link":"https:\/\/swissbaker.ch\/fr\/panissimo-news\/transfert-a-panvicaplus\/","title":{"rendered":"Transfert \u00e0 Panvicaplus"},"content":{"rendered":"\n<p><strong>\u00ab\u2009Le passage \u00e0 Panvicaplus au 1er\u202fjanvier 2018 a-t-il des r\u00e9percussions sur les d\u00e9comptes de fin d\u2019ann\u00e9e\u2009?\u2009\u00bb<\/strong><\/p>\n\n\n\n<p>La proc\u00e9dure relative aux d\u00e9comptes de fin d\u2019ann\u00e9e se d\u00e9roule en principe comme \u00e0 l\u2019accoutum\u00e9e. Les employeurs re\u00e7oivent au mois de d\u00e9cembre la liste des salaires \u00e0 compl\u00e9ter pour la caisse pour 2018. Il en va diff\u00e9remment de la d\u00e9claration des salaires pour l\u2019AVS qui concerne 2017. Apr\u00e8s r\u00e9ception, les salaires annonc\u00e9s pour 2018 seront saisis aupr\u00e8s de Panvicaplus. Les nouveaux salaires qui auront \u00e9t\u00e9 communiqu\u00e9s \u00e0 temps pourront \u00eatre pris en compte sur la premi\u00e8re facture \u00e9tablie en janvier\u202f2018. Dans le cas contraire, les cotisations \u00e0 la caisse de pensions de janvier\u202f2018 seront calcul\u00e9es et per\u00e7ues sur la base des salaires au 31\u202fd\u00e9cembre 2017. La correction des cotisations sera effectu\u00e9e avec la facture suivante. D\u00e8s que les montants des salaires 2018 auront \u00e9t\u00e9 saisis, les nouveaux certificats de pr\u00e9voyance au 1er janvier seront envoy\u00e9s par Panvicaplus.<\/p>\n\n\n\n<p>Avec la fin d\u2019ann\u00e9e qui approche, nombreux sont les assur\u00e9s qui envisagent d\u2019effectuer des rachats dans la caisse de pensions. L\u00e0 aussi, rien ne change. Tous les assur\u00e9s peuvent encore effectuer des rachats dans la caisse de pensions Panvica pour l\u2019ann\u00e9e en cours jusqu\u2019au 31\u202fd\u00e9cembre 2017. A compter du 1er\u202fjanvier 2018, les versements seront effectu\u00e9s \u00e0 Panvicaplus. L\u2019\u00e9quipe de la caisse de pensions de Panvica est \u00e0 votre disposition pour vous renseigner sur la proc\u00e9dure de rachat.<\/p>\n","protected":false},"excerpt":{"rendered":"<p>\u00ab\u2009Le passage \u00e0 Panvicaplus au 1er\u202fjanvier 2018 a-t-il des r\u00e9percussions sur les d\u00e9comptes de fin d\u2019ann\u00e9e\u2009?\u2009\u00bb La proc\u00e9dure relative aux d\u00e9comptes de fin d\u2019ann\u00e9e se d\u00e9roule en principe comme \u00e0 l\u2019accoutum\u00e9e. Les employeurs re\u00e7oivent au mois de d\u00e9cembre la liste des salaires \u00e0 compl\u00e9ter pour la caisse pour 2018. Il en va diff\u00e9remment de la d\u00e9claration des salaires pour l\u2019AVS [&hellip;]<\/p>\n","protected":false},"author":1,"featured_media":6386,"comment_status":"open","ping_status":"closed","sticky":false,"template":"","format":"standard","meta":{"_acf_changed":false,"footnotes":""},"categories":[54],"tags":[],"class_list":["post-8976","post","type-post","status-publish","format-standard","has-post-thumbnail","hentry","category-conseils"],"acf":[],"yoast_head":"<!-- This site is optimized with the Yoast SEO Premium plugin v26.8 (Yoast SEO v26.8) - https:\/\/yoast.com\/product\/yoast-seo-premium-wordpress\/ -->\n<title>Transfert \u00e0 Panvicaplus | SBC<\/title>\n<meta name=\"robots\" content=\"index, follow, max-snippet:-1, max-image-preview:large, max-video-preview:-1\" \/>\n<link rel=\"canonical\" href=\"https:\/\/swissbaker.ch\/fr\/panissimo-news\/transfert-a-panvicaplus\/\" \/>\n<meta property=\"og:locale\" content=\"fr_FR\" \/>\n<meta property=\"og:type\" content=\"article\" \/>\n<meta property=\"og:title\" content=\"Transfert \u00e0 Panvicaplus\" \/>\n<meta property=\"og:description\" content=\"\u00ab\u2009Le passage \u00e0 Panvicaplus au 1er\u202fjanvier 2018 a-t-il des r\u00e9percussions sur les d\u00e9comptes de fin d\u2019ann\u00e9e\u2009?\u2009\u00bb La proc\u00e9dure relative aux d\u00e9comptes de fin d\u2019ann\u00e9e se d\u00e9roule en principe comme \u00e0 l\u2019accoutum\u00e9e. Les employeurs re\u00e7oivent au mois de d\u00e9cembre la liste des salaires \u00e0 compl\u00e9ter pour la caisse pour 2018. Il en va diff\u00e9remment de la d\u00e9claration des salaires pour l\u2019AVS [&hellip;]\" \/>\n<meta property=\"og:url\" content=\"https:\/\/swissbaker.ch\/fr\/panissimo-news\/transfert-a-panvicaplus\/\" \/>\n<meta property=\"og:site_name\" content=\"SBC\" \/>\n<meta property=\"article:publisher\" content=\"https:\/\/www.facebook.com\/swissbaker.ch\" \/>\n<meta property=\"article:published_time\" content=\"2017-11-08T07:41:00+00:00\" \/>\n<meta property=\"article:modified_time\" content=\"2022-05-11T11:46:33+00:00\" \/>\n<meta property=\"og:image\" content=\"https:\/\/swissbaker.ch\/wp-content\/uploads\/2022\/04\/Remo-Keller_031_Ausschnitt_c-3.jpg\" \/>\n\t<meta property=\"og:image:width\" content=\"800\" \/>\n\t<meta property=\"og:image:height\" content=\"474\" \/>\n\t<meta property=\"og:image:type\" content=\"image\/jpeg\" \/>\n<meta name=\"author\" content=\"azureart\" \/>\n<meta name=\"twitter:card\" content=\"summary_large_image\" \/>\n<meta name=\"twitter:creator\" content=\"@ch_swissbaker\" \/>\n<meta name=\"twitter:site\" content=\"@ch_swissbaker\" \/>\n<meta name=\"twitter:label1\" content=\"Written by\" \/>\n\t<meta name=\"twitter:data1\" content=\"azureart\" \/>\n\t<meta name=\"twitter:label2\" content=\"Est. reading time\" \/>\n\t<meta name=\"twitter:data2\" content=\"2 minutes\" \/>\n<script type=\"application\/ld+json\" class=\"yoast-schema-graph\">{\"@context\":\"https:\/\/schema.org\",\"@graph\":[{\"@type\":\"Article\",\"@id\":\"https:\/\/swissbaker.ch\/fr\/panissimo-news\/transfert-a-panvicaplus\/#article\",\"isPartOf\":{\"@id\":\"https:\/\/swissbaker.ch\/fr\/panissimo-news\/transfert-a-panvicaplus\/\"},\"author\":{\"name\":\"azureart\",\"@id\":\"https:\/\/swissbaker.ch\/fr\/#\/schema\/person\/058ac47619f7da53df62aba60f939b78\"},\"headline\":\"Transfert \u00e0 Panvicaplus\",\"datePublished\":\"2017-11-08T07:41:00+00:00\",\"dateModified\":\"2022-05-11T11:46:33+00:00\",\"mainEntityOfPage\":{\"@id\":\"https:\/\/swissbaker.ch\/fr\/panissimo-news\/transfert-a-panvicaplus\/\"},\"wordCount\":261,\"commentCount\":0,\"publisher\":{\"@id\":\"https:\/\/swissbaker.ch\/fr\/#organization\"},\"image\":{\"@id\":\"https:\/\/swissbaker.ch\/fr\/panissimo-news\/transfert-a-panvicaplus\/#primaryimage\"},\"thumbnailUrl\":\"https:\/\/swissbaker.ch\/wp-content\/uploads\/2022\/04\/Remo-Keller_031_Ausschnitt_c-3.jpg\",\"articleSection\":[\"Conseils\"],\"inLanguage\":\"fr-FR\",\"potentialAction\":[{\"@type\":\"CommentAction\",\"name\":\"Comment\",\"target\":[\"https:\/\/swissbaker.ch\/fr\/panissimo-news\/transfert-a-panvicaplus\/#respond\"]}]},{\"@type\":\"WebPage\",\"@id\":\"https:\/\/swissbaker.ch\/fr\/panissimo-news\/transfert-a-panvicaplus\/\",\"url\":\"https:\/\/swissbaker.ch\/fr\/panissimo-news\/transfert-a-panvicaplus\/\",\"name\":\"Transfert \u00e0 Panvicaplus | SBC\",\"isPartOf\":{\"@id\":\"https:\/\/swissbaker.ch\/fr\/#website\"},\"primaryImageOfPage\":{\"@id\":\"https:\/\/swissbaker.ch\/fr\/panissimo-news\/transfert-a-panvicaplus\/#primaryimage\"},\"image\":{\"@id\":\"https:\/\/swissbaker.ch\/fr\/panissimo-news\/transfert-a-panvicaplus\/#primaryimage\"},\"thumbnailUrl\":\"https:\/\/swissbaker.ch\/wp-content\/uploads\/2022\/04\/Remo-Keller_031_Ausschnitt_c-3.jpg\",\"datePublished\":\"2017-11-08T07:41:00+00:00\",\"dateModified\":\"2022-05-11T11:46:33+00:00\",\"breadcrumb\":{\"@id\":\"https:\/\/swissbaker.ch\/fr\/panissimo-news\/transfert-a-panvicaplus\/#breadcrumb\"},\"inLanguage\":\"fr-FR\",\"potentialAction\":[{\"@type\":\"ReadAction\",\"target\":[\"https:\/\/swissbaker.ch\/fr\/panissimo-news\/transfert-a-panvicaplus\/\"]}]},{\"@type\":\"ImageObject\",\"inLanguage\":\"fr-FR\",\"@id\":\"https:\/\/swissbaker.ch\/fr\/panissimo-news\/transfert-a-panvicaplus\/#primaryimage\",\"url\":\"https:\/\/swissbaker.ch\/wp-content\/uploads\/2022\/04\/Remo-Keller_031_Ausschnitt_c-3.jpg\",\"contentUrl\":\"https:\/\/swissbaker.ch\/wp-content\/uploads\/2022\/04\/Remo-Keller_031_Ausschnitt_c-3.jpg\",\"width\":800,\"height\":474,\"caption\":\"Wechsel zur Panvicaplus Vorsorgestiftung\"},{\"@type\":\"BreadcrumbList\",\"@id\":\"https:\/\/swissbaker.ch\/fr\/panissimo-news\/transfert-a-panvicaplus\/#breadcrumb\",\"itemListElement\":[{\"@type\":\"ListItem\",\"position\":1,\"name\":\"\",\"item\":\"https:\/\/swissbaker.ch\/fr\/\"},{\"@type\":\"ListItem\",\"position\":2,\"name\":\"Conseils\",\"item\":\"https:\/\/swissbaker.ch\/fr\/panissimo-news\/category\/conseils\/\"},{\"@type\":\"ListItem\",\"position\":3,\"name\":\"Transfert \u00e0 Panvicaplus\"}]},{\"@type\":\"WebSite\",\"@id\":\"https:\/\/swissbaker.ch\/fr\/#website\",\"url\":\"https:\/\/swissbaker.ch\/fr\/\",\"name\":\"SBC\",\"description\":\"\",\"publisher\":{\"@id\":\"https:\/\/swissbaker.ch\/fr\/#organization\"},\"potentialAction\":[{\"@type\":\"SearchAction\",\"target\":{\"@type\":\"EntryPoint\",\"urlTemplate\":\"https:\/\/swissbaker.ch\/fr\/?s={search_term_string}\"},\"query-input\":{\"@type\":\"PropertyValueSpecification\",\"valueRequired\":true,\"valueName\":\"search_term_string\"}}],\"inLanguage\":\"fr-FR\"},{\"@type\":\"Organization\",\"@id\":\"https:\/\/swissbaker.ch\/fr\/#organization\",\"name\":\"Schweizerischer B\u00e4cker-Confiseurmeister-Verband\",\"url\":\"https:\/\/swissbaker.ch\/fr\/\",\"logo\":{\"@type\":\"ImageObject\",\"inLanguage\":\"fr-FR\",\"@id\":\"https:\/\/swissbaker.ch\/fr\/#\/schema\/logo\/image\/\",\"url\":\"https:\/\/swissbaker.ch\/wp-content\/uploads\/2022\/04\/sbc-logo-yoast.jpg\",\"contentUrl\":\"https:\/\/swissbaker.ch\/wp-content\/uploads\/2022\/04\/sbc-logo-yoast.jpg\",\"width\":512,\"height\":512,\"caption\":\"Schweizerischer B\u00e4cker-Confiseurmeister-Verband\"},\"image\":{\"@id\":\"https:\/\/swissbaker.ch\/fr\/#\/schema\/logo\/image\/\"},\"sameAs\":[\"https:\/\/www.facebook.com\/swissbaker.ch\",\"https:\/\/x.com\/ch_swissbaker\"]},{\"@type\":\"Person\",\"@id\":\"https:\/\/swissbaker.ch\/fr\/#\/schema\/person\/058ac47619f7da53df62aba60f939b78\",\"name\":\"azureart\",\"image\":{\"@type\":\"ImageObject\",\"inLanguage\":\"fr-FR\",\"@id\":\"https:\/\/swissbaker.ch\/fr\/#\/schema\/person\/image\/\",\"url\":\"https:\/\/secure.gravatar.com\/avatar\/be04dd3098fd612c83067af4f7a295384c93cb6a9112f51beb9d2f477d25da61?s=96&d=mm&r=g\",\"contentUrl\":\"https:\/\/secure.gravatar.com\/avatar\/be04dd3098fd612c83067af4f7a295384c93cb6a9112f51beb9d2f477d25da61?s=96&d=mm&r=g\",\"caption\":\"azureart\"},\"sameAs\":[\"https:\/\/swissbaker.ch\"],\"url\":\"https:\/\/swissbaker.ch\/fr\/panissimo-news\/author\/pixel-ahoi\/\"}]}<\/script>\n<!-- \/ Yoast SEO Premium plugin. -->","yoast_head_json":{"title":"Transfert \u00e0 Panvicaplus | SBC","robots":{"index":"index","follow":"follow","max-snippet":"max-snippet:-1","max-image-preview":"max-image-preview:large","max-video-preview":"max-video-preview:-1"},"canonical":"https:\/\/swissbaker.ch\/fr\/panissimo-news\/transfert-a-panvicaplus\/","og_locale":"fr_FR","og_type":"article","og_title":"Transfert \u00e0 Panvicaplus","og_description":"\u00ab\u2009Le passage \u00e0 Panvicaplus au 1er\u202fjanvier 2018 a-t-il des r\u00e9percussions sur les d\u00e9comptes de fin d\u2019ann\u00e9e\u2009?\u2009\u00bb La proc\u00e9dure relative aux d\u00e9comptes de fin d\u2019ann\u00e9e se d\u00e9roule en principe comme \u00e0 l\u2019accoutum\u00e9e. Les employeurs re\u00e7oivent au mois de d\u00e9cembre la liste des salaires \u00e0 compl\u00e9ter pour la caisse pour 2018. Il en va diff\u00e9remment de la d\u00e9claration des salaires pour l\u2019AVS [&hellip;]","og_url":"https:\/\/swissbaker.ch\/fr\/panissimo-news\/transfert-a-panvicaplus\/","og_site_name":"SBC","article_publisher":"https:\/\/www.facebook.com\/swissbaker.ch","article_published_time":"2017-11-08T07:41:00+00:00","article_modified_time":"2022-05-11T11:46:33+00:00","og_image":[{"width":800,"height":474,"url":"https:\/\/swissbaker.ch\/wp-content\/uploads\/2022\/04\/Remo-Keller_031_Ausschnitt_c-3.jpg","type":"image\/jpeg"}],"author":"azureart","twitter_card":"summary_large_image","twitter_creator":"@ch_swissbaker","twitter_site":"@ch_swissbaker","twitter_misc":{"Written by":"azureart","Est. reading time":"2 minutes"},"schema":{"@context":"https:\/\/schema.org","@graph":[{"@type":"Article","@id":"https:\/\/swissbaker.ch\/fr\/panissimo-news\/transfert-a-panvicaplus\/#article","isPartOf":{"@id":"https:\/\/swissbaker.ch\/fr\/panissimo-news\/transfert-a-panvicaplus\/"},"author":{"name":"azureart","@id":"https:\/\/swissbaker.ch\/fr\/#\/schema\/person\/058ac47619f7da53df62aba60f939b78"},"headline":"Transfert \u00e0 Panvicaplus","datePublished":"2017-11-08T07:41:00+00:00","dateModified":"2022-05-11T11:46:33+00:00","mainEntityOfPage":{"@id":"https:\/\/swissbaker.ch\/fr\/panissimo-news\/transfert-a-panvicaplus\/"},"wordCount":261,"commentCount":0,"publisher":{"@id":"https:\/\/swissbaker.ch\/fr\/#organization"},"image":{"@id":"https:\/\/swissbaker.ch\/fr\/panissimo-news\/transfert-a-panvicaplus\/#primaryimage"},"thumbnailUrl":"https:\/\/swissbaker.ch\/wp-content\/uploads\/2022\/04\/Remo-Keller_031_Ausschnitt_c-3.jpg","articleSection":["Conseils"],"inLanguage":"fr-FR","potentialAction":[{"@type":"CommentAction","name":"Comment","target":["https:\/\/swissbaker.ch\/fr\/panissimo-news\/transfert-a-panvicaplus\/#respond"]}]},{"@type":"WebPage","@id":"https:\/\/swissbaker.ch\/fr\/panissimo-news\/transfert-a-panvicaplus\/","url":"https:\/\/swissbaker.ch\/fr\/panissimo-news\/transfert-a-panvicaplus\/","name":"Transfert \u00e0 Panvicaplus | SBC","isPartOf":{"@id":"https:\/\/swissbaker.ch\/fr\/#website"},"primaryImageOfPage":{"@id":"https:\/\/swissbaker.ch\/fr\/panissimo-news\/transfert-a-panvicaplus\/#primaryimage"},"image":{"@id":"https:\/\/swissbaker.ch\/fr\/panissimo-news\/transfert-a-panvicaplus\/#primaryimage"},"thumbnailUrl":"https:\/\/swissbaker.ch\/wp-content\/uploads\/2022\/04\/Remo-Keller_031_Ausschnitt_c-3.jpg","datePublished":"2017-11-08T07:41:00+00:00","dateModified":"2022-05-11T11:46:33+00:00","breadcrumb":{"@id":"https:\/\/swissbaker.ch\/fr\/panissimo-news\/transfert-a-panvicaplus\/#breadcrumb"},"inLanguage":"fr-FR","potentialAction":[{"@type":"ReadAction","target":["https:\/\/swissbaker.ch\/fr\/panissimo-news\/transfert-a-panvicaplus\/"]}]},{"@type":"ImageObject","inLanguage":"fr-FR","@id":"https:\/\/swissbaker.ch\/fr\/panissimo-news\/transfert-a-panvicaplus\/#primaryimage","url":"https:\/\/swissbaker.ch\/wp-content\/uploads\/2022\/04\/Remo-Keller_031_Ausschnitt_c-3.jpg","contentUrl":"https:\/\/swissbaker.ch\/wp-content\/uploads\/2022\/04\/Remo-Keller_031_Ausschnitt_c-3.jpg","width":800,"height":474,"caption":"Wechsel zur Panvicaplus Vorsorgestiftung"},{"@type":"BreadcrumbList","@id":"https:\/\/swissbaker.ch\/fr\/panissimo-news\/transfert-a-panvicaplus\/#breadcrumb","itemListElement":[{"@type":"ListItem","position":1,"name":"","item":"https:\/\/swissbaker.ch\/fr\/"},{"@type":"ListItem","position":2,"name":"Conseils","item":"https:\/\/swissbaker.ch\/fr\/panissimo-news\/category\/conseils\/"},{"@type":"ListItem","position":3,"name":"Transfert \u00e0 Panvicaplus"}]},{"@type":"WebSite","@id":"https:\/\/swissbaker.ch\/fr\/#website","url":"https:\/\/swissbaker.ch\/fr\/","name":"SBC","description":"","publisher":{"@id":"https:\/\/swissbaker.ch\/fr\/#organization"},"potentialAction":[{"@type":"SearchAction","target":{"@type":"EntryPoint","urlTemplate":"https:\/\/swissbaker.ch\/fr\/?s={search_term_string}"},"query-input":{"@type":"PropertyValueSpecification","valueRequired":true,"valueName":"search_term_string"}}],"inLanguage":"fr-FR"},{"@type":"Organization","@id":"https:\/\/swissbaker.ch\/fr\/#organization","name":"Schweizerischer B\u00e4cker-Confiseurmeister-Verband","url":"https:\/\/swissbaker.ch\/fr\/","logo":{"@type":"ImageObject","inLanguage":"fr-FR","@id":"https:\/\/swissbaker.ch\/fr\/#\/schema\/logo\/image\/","url":"https:\/\/swissbaker.ch\/wp-content\/uploads\/2022\/04\/sbc-logo-yoast.jpg","contentUrl":"https:\/\/swissbaker.ch\/wp-content\/uploads\/2022\/04\/sbc-logo-yoast.jpg","width":512,"height":512,"caption":"Schweizerischer B\u00e4cker-Confiseurmeister-Verband"},"image":{"@id":"https:\/\/swissbaker.ch\/fr\/#\/schema\/logo\/image\/"},"sameAs":["https:\/\/www.facebook.com\/swissbaker.ch","https:\/\/x.com\/ch_swissbaker"]},{"@type":"Person","@id":"https:\/\/swissbaker.ch\/fr\/#\/schema\/person\/058ac47619f7da53df62aba60f939b78","name":"azureart","image":{"@type":"ImageObject","inLanguage":"fr-FR","@id":"https:\/\/swissbaker.ch\/fr\/#\/schema\/person\/image\/","url":"https:\/\/secure.gravatar.com\/avatar\/be04dd3098fd612c83067af4f7a295384c93cb6a9112f51beb9d2f477d25da61?s=96&d=mm&r=g","contentUrl":"https:\/\/secure.gravatar.com\/avatar\/be04dd3098fd612c83067af4f7a295384c93cb6a9112f51beb9d2f477d25da61?s=96&d=mm&r=g","caption":"azureart"},"sameAs":["https:\/\/swissbaker.ch"],"url":"https:\/\/swissbaker.ch\/fr\/panissimo-news\/author\/pixel-ahoi\/"}]}},"_links":{"self":[{"href":"https:\/\/swissbaker.ch\/fr\/wp-json\/wp\/v2\/posts\/8976","targetHints":{"allow":["GET"]}}],"collection":[{"href":"https:\/\/swissbaker.ch\/fr\/wp-json\/wp\/v2\/posts"}],"about":[{"href":"https:\/\/swissbaker.ch\/fr\/wp-json\/wp\/v2\/types\/post"}],"author":[{"embeddable":true,"href":"https:\/\/swissbaker.ch\/fr\/wp-json\/wp\/v2\/users\/1"}],"replies":[{"embeddable":true,"href":"https:\/\/swissbaker.ch\/fr\/wp-json\/wp\/v2\/comments?post=8976"}],"version-history":[{"count":0,"href":"https:\/\/swissbaker.ch\/fr\/wp-json\/wp\/v2\/posts\/8976\/revisions"}],"wp:featuredmedia":[{"embeddable":true,"href":"https:\/\/swissbaker.ch\/fr\/wp-json\/wp\/v2\/media\/6386"}],"wp:attachment":[{"href":"https:\/\/swissbaker.ch\/fr\/wp-json\/wp\/v2\/media?parent=8976"}],"wp:term":[{"taxonomy":"category","embeddable":true,"href":"https:\/\/swissbaker.ch\/fr\/wp-json\/wp\/v2\/categories?post=8976"},{"taxonomy":"post_tag","embeddable":true,"href":"https:\/\/swissbaker.ch\/fr\/wp-json\/wp\/v2\/tags?post=8976"}],"curies":[{"name":"wp","href":"https:\/\/api.w.org\/{rel}","templated":true}]}}