{"id":8955,"date":"2017-11-28T09:59:00","date_gmt":"2017-11-28T08:59:00","guid":{"rendered":"https:\/\/swissbaker.ch\/?p=8955"},"modified":"2022-05-11T13:35:15","modified_gmt":"2022-05-11T11:35:15","slug":"mieux-vaut-sy-prendre-trop-tot-que-trop-tard","status":"publish","type":"post","link":"https:\/\/swissbaker.ch\/fr\/panissimo-news\/mieux-vaut-sy-prendre-trop-tot-que-trop-tard\/","title":{"rendered":"Mieux vaut s\u2019y prendre trop t\u00f4t que trop tard"},"content":{"rendered":"\n<p><strong>Publireportage \u2013 Il est important de se pencher \u00e0 temps sur la planification pr\u00e9visionnelle, selon la devise \u00ab\u2009Mieux vaut s\u2019y prendre trop t\u00f4t que trop tard\u2009\u00bb.<\/strong><\/p>\n\n\n\n<p>Tout un chacun souhaite planifier et organiser sa pr\u00e9voyance vieillesse de mani\u00e8re optimale et compl\u00e8te selon ses d\u00e9sirs. Une pr\u00e9voyance vieillesse globale n\u2019implique pas uniquement la garantie d\u2019une pr\u00e9voyance financi\u00e8re, mais englobe \u00e9galement la clarification de questions l\u00e9gales ayant trait \u00e0 la pr\u00e9voyance.<\/p>\n\n\n\n<p>\u2013 En Suisse, la pr\u00e9voyance financi\u00e8re repose et est garantie par l\u2019AVS, la caisse de pension ainsi que le 3e pilier.<\/p>\n\n\n\n<p>\u2013 La pr\u00e9voyance juridique consiste \u00e0 d\u00e9terminer \u00e0 l\u2019avance qui est responsable de g\u00e9rer un cas d\u2019incapacit\u00e9 de discernement \u00e0 venir et comment.<\/p>\n\n\n\n<p>La perspective de perdre sa facult\u00e9 de discernement au moment de la vieillesse et de ne plus \u00eatre en mesure de d\u00e9terminer soi-m\u00eame le cours de sa propre vie est troublante, et il ne faut pas l\u2019oublier. Ci-dessous, vous trouverez des informations expliquant comment organiser de mani\u00e8re optimale et dans le respect des souhaits de la personne concern\u00e9e sa repr\u00e9sentation en cas d\u2019incapacit\u00e9 de discernement permanente ou temporaire. La d\u00e9fense des int\u00e9r\u00eats de la personne concern\u00e9e est r\u00e9gul\u00e9e par le mandat pour cause d\u2019inaptitude ainsi que par le testament de vie.<\/p>\n\n\n\n<h2 class=\"wp-block-heading\" id=\"h-un-instrument-important\">Un instrument important<\/h2>\n\n\n\n<p>Tant qu\u2019une personne est en possession de sa capacit\u00e9 juridique, elle peut charger une ou plusieurs personnes d\u2019un mandat pour cause d\u2019inaptitude qui leur permet de r\u00e9gler certaines questions en cas d\u2019incapacit\u00e9 de discernement. Le mandat pour cause d\u2019inaptitude entre en application lorsque la personne n\u2019est plus en mesure de se prendre elle-m\u00eame en charge \u00e0 la suite d\u2019une maladie, d\u2019un accident ou pour cause de s\u00e9nilit\u00e9. Le mandat pour cause d\u2019inaptitude est un instrument important qui vous permet de vous prot\u00e9ger et constitue une marque de confiance envers les autres. Il permet de d\u00e9terminer la marche \u00e0 suivre pour ce qui est de vos affaires personnelles, de la gestion de votre patrimoine et de vos contrats importants et de d\u00e9signer la personne responsable en cas d\u2019incapacit\u00e9 de discernement.<\/p>\n\n\n\n<h2 class=\"wp-block-heading\">Pas de contr\u00f4le des autorit\u00e9s<\/h2>\n\n\n\n<p>Si aucun mandat pour cause d\u2019inaptitude n\u2019est \u00e9tabli, les autorit\u00e9s de protection de l\u2019enfant et de l\u2019adulte (APEA) sont responsables du choix d\u2019une assistance appropri\u00e9e. Si un mandat pour cause d\u2019inaptitude a \u00e9t\u00e9 \u00e9tabli, l\u2019APEA fait appel \u00e0 la personne d\u00e9sign\u00e9e dans le mandat pour la prise en charge au lieu de choisir une assistance appropri\u00e9e apr\u00e8s la perte des facult\u00e9s de discernement. Ainsi, ces autorit\u00e9s ne doivent pas exercer un contr\u00f4le permanent.<\/p>\n\n\n\n<p>Le mandat pour cause d\u2019inaptitude peut par exemple r\u00e9guler les t\u00e2ches suivantes\u2009:<\/p>\n\n\n\n<p>\u2013\u2002autorisation des mesures m\u00e9dicales n\u00e9cessaires\u2009;<\/p>\n\n\n\n<p>\u2013\u2002d\u00e9fense des droits par rapport aux docteurs, au personnel de soin, aux h\u00f4pitaux\u2009;<\/p>\n\n\n\n<p>\u2013\u2002gestion du courrier\u2009;<\/p>\n\n\n\n<p>\u2013\u2002gestion des donn\u00e9es \u00e9lectroniques sur Internet\u2009;<\/p>\n\n\n\n<p>\u2013\u2002v\u00e9rification et paiement de toutes les factures\u2009;<\/p>\n\n\n\n<p>\u2013\u2002gestion du patrimoine et, en cas de participation financi\u00e8re \u00e0 une soci\u00e9t\u00e9, repr\u00e9sentation au sein du conseil d\u2019administration ou au sein de la haute direction.<\/p>\n\n\n\n<h2 class=\"wp-block-heading\">R\u00e9daction \u00e0 la main<\/h2>\n\n\n\n<p>Le mandat pour cause d\u2019inaptitude doit \u00eatre r\u00e9dig\u00e9 et sign\u00e9 ou authentifi\u00e9 aupr\u00e8s d\u2019un notaire \u00e0 la main. Apr\u00e8s l\u2019entr\u00e9e en application du mandat, la personne mandat\u00e9e doit agir conform\u00e9ment aux souhaits de la personne en incapacit\u00e9 de discernement. Le mandat pour cause d\u2019inaptitude garantit ainsi que les d\u00e9cisions \u00e0 prendre correspondent \u00e0 la volont\u00e9 de la personne en incapacit\u00e9 de discernement et que leur ex\u00e9cution correspond \u00e0 ses souhaits. Le mandat pour cause d\u2019inaptitude peut \u00eatre modifi\u00e9 ou r\u00e9voqu\u00e9 \u00e0 tout moment.<\/p>\n\n\n\n<p>Le testament de vie, pour sa part, est un mandat pour cause d\u2019inaptitude particulier qui a trait aux mesures m\u00e9dicales. Un testament de vie permet \u00e0 toute personne en pleine possession de sa capacit\u00e9 juridique de d\u00e9finir \u00e0 l\u2019avance pour quelles mesures m\u00e9dicales elle donne son accord et quelles mesures elle refuse de prendre. Il est \u00e9galement possible de d\u00e9signer un repr\u00e9sentant th\u00e9rapeutique qui peut discuter des mesures m\u00e9dicales avec les m\u00e9decins, ce qui peut par exemple \u00eatre tr\u00e8s utile en cas de famille recompos\u00e9e. Le testament de vie facilite aux docteurs la prise de d\u00e9cisions difficiles et all\u00e8ge ainsi le fardeau de vos proches. Le testament de vie doit lui aussi \u00eatre r\u00e9dig\u00e9 \u00e0 la main.<\/p>\n\n\n\n<p>Il est extr\u00eamement important de r\u00e9gler au plus t\u00f4t les questions de pr\u00e9voyance afin de permettre aux personnes responsables d\u2019agir rapidement et dans le respect des souhaits de la personne en incapacit\u00e9 de discernement. Les conseillers en pr\u00e9voyance de SBC Fiduciaire SA sont en mesure de vous apporter un soutien consultatif exhaustif et professionnel pour toutes les questions de pr\u00e9voyance. N\u2019h\u00e9sitez pas \u00e0 nous contacter.<\/p>\n","protected":false},"excerpt":{"rendered":"<p>Publireportage \u2013 Il est important de se pencher \u00e0 temps sur la planification pr\u00e9visionnelle, selon la devise \u00ab\u2009Mieux vaut s\u2019y prendre trop t\u00f4t que trop tard\u2009\u00bb. Tout un chacun souhaite planifier et organiser sa pr\u00e9voyance vieillesse de mani\u00e8re optimale et compl\u00e8te selon ses d\u00e9sirs. Une pr\u00e9voyance vieillesse globale n\u2019implique pas uniquement la garantie d\u2019une pr\u00e9voyance financi\u00e8re, mais englobe \u00e9galement la [&hellip;]<\/p>\n","protected":false},"author":1,"featured_media":6415,"comment_status":"open","ping_status":"closed","sticky":false,"template":"","format":"standard","meta":{"_acf_changed":false,"footnotes":""},"categories":[49],"tags":[],"class_list":["post-8955","post","type-post","status-publish","format-standard","has-post-thumbnail","hentry","category-sante-securite"],"acf":[],"yoast_head":"<!-- This site is optimized with the Yoast SEO Premium plugin v26.8 (Yoast SEO v26.8) - https:\/\/yoast.com\/product\/yoast-seo-premium-wordpress\/ -->\n<title>Mieux vaut s\u2019y prendre trop t\u00f4t que trop tard | SBC<\/title>\n<meta name=\"robots\" content=\"index, follow, max-snippet:-1, max-image-preview:large, max-video-preview:-1\" \/>\n<link rel=\"canonical\" href=\"https:\/\/swissbaker.ch\/fr\/panissimo-news\/mieux-vaut-sy-prendre-trop-tot-que-trop-tard\/\" \/>\n<meta property=\"og:locale\" content=\"fr_FR\" \/>\n<meta property=\"og:type\" content=\"article\" \/>\n<meta property=\"og:title\" content=\"Mieux vaut s\u2019y prendre trop t\u00f4t que trop tard\" \/>\n<meta property=\"og:description\" content=\"Publireportage \u2013 Il est important de se pencher \u00e0 temps sur la planification pr\u00e9visionnelle, selon la devise \u00ab\u2009Mieux vaut s\u2019y prendre trop t\u00f4t que trop tard\u2009\u00bb. Tout un chacun souhaite planifier et organiser sa pr\u00e9voyance vieillesse de mani\u00e8re optimale et compl\u00e8te selon ses d\u00e9sirs. Une pr\u00e9voyance vieillesse globale n\u2019implique pas uniquement la garantie d\u2019une pr\u00e9voyance financi\u00e8re, mais englobe \u00e9galement la [&hellip;]\" \/>\n<meta property=\"og:url\" content=\"https:\/\/swissbaker.ch\/fr\/panissimo-news\/mieux-vaut-sy-prendre-trop-tot-que-trop-tard\/\" \/>\n<meta property=\"og:site_name\" content=\"SBC\" \/>\n<meta property=\"article:publisher\" content=\"https:\/\/www.facebook.com\/swissbaker.ch\" \/>\n<meta property=\"article:published_time\" content=\"2017-11-28T08:59:00+00:00\" \/>\n<meta property=\"article:modified_time\" content=\"2022-05-11T11:35:15+00:00\" \/>\n<meta property=\"og:image\" content=\"https:\/\/swissbaker.ch\/wp-content\/uploads\/2022\/04\/csm_vorsorgeplanung_web_e39f65e518.jpg\" \/>\n\t<meta property=\"og:image:width\" content=\"600\" \/>\n\t<meta property=\"og:image:height\" content=\"600\" \/>\n\t<meta property=\"og:image:type\" content=\"image\/jpeg\" \/>\n<meta name=\"author\" content=\"azureart\" \/>\n<meta name=\"twitter:card\" content=\"summary_large_image\" \/>\n<meta name=\"twitter:creator\" content=\"@ch_swissbaker\" \/>\n<meta name=\"twitter:site\" content=\"@ch_swissbaker\" \/>\n<meta name=\"twitter:label1\" content=\"Written by\" \/>\n\t<meta name=\"twitter:data1\" content=\"azureart\" \/>\n\t<meta name=\"twitter:label2\" content=\"Est. reading time\" \/>\n\t<meta name=\"twitter:data2\" content=\"5 minutes\" \/>\n<script type=\"application\/ld+json\" class=\"yoast-schema-graph\">{\"@context\":\"https:\/\/schema.org\",\"@graph\":[{\"@type\":\"Article\",\"@id\":\"https:\/\/swissbaker.ch\/fr\/panissimo-news\/mieux-vaut-sy-prendre-trop-tot-que-trop-tard\/#article\",\"isPartOf\":{\"@id\":\"https:\/\/swissbaker.ch\/fr\/panissimo-news\/mieux-vaut-sy-prendre-trop-tot-que-trop-tard\/\"},\"author\":{\"name\":\"azureart\",\"@id\":\"https:\/\/swissbaker.ch\/fr\/#\/schema\/person\/058ac47619f7da53df62aba60f939b78\"},\"headline\":\"Mieux vaut s\u2019y prendre trop t\u00f4t que trop tard\",\"datePublished\":\"2017-11-28T08:59:00+00:00\",\"dateModified\":\"2022-05-11T11:35:15+00:00\",\"mainEntityOfPage\":{\"@id\":\"https:\/\/swissbaker.ch\/fr\/panissimo-news\/mieux-vaut-sy-prendre-trop-tot-que-trop-tard\/\"},\"wordCount\":865,\"commentCount\":0,\"publisher\":{\"@id\":\"https:\/\/swissbaker.ch\/fr\/#organization\"},\"image\":{\"@id\":\"https:\/\/swissbaker.ch\/fr\/panissimo-news\/mieux-vaut-sy-prendre-trop-tot-que-trop-tard\/#primaryimage\"},\"thumbnailUrl\":\"https:\/\/swissbaker.ch\/wp-content\/uploads\/2022\/04\/csm_vorsorgeplanung_web_e39f65e518.jpg\",\"articleSection\":[\"Sant\u00e9\/S\u00e9curit\u00e9\"],\"inLanguage\":\"fr-FR\",\"potentialAction\":[{\"@type\":\"CommentAction\",\"name\":\"Comment\",\"target\":[\"https:\/\/swissbaker.ch\/fr\/panissimo-news\/mieux-vaut-sy-prendre-trop-tot-que-trop-tard\/#respond\"]}]},{\"@type\":\"WebPage\",\"@id\":\"https:\/\/swissbaker.ch\/fr\/panissimo-news\/mieux-vaut-sy-prendre-trop-tot-que-trop-tard\/\",\"url\":\"https:\/\/swissbaker.ch\/fr\/panissimo-news\/mieux-vaut-sy-prendre-trop-tot-que-trop-tard\/\",\"name\":\"Mieux vaut s\u2019y prendre trop t\u00f4t que trop tard | SBC\",\"isPartOf\":{\"@id\":\"https:\/\/swissbaker.ch\/fr\/#website\"},\"primaryImageOfPage\":{\"@id\":\"https:\/\/swissbaker.ch\/fr\/panissimo-news\/mieux-vaut-sy-prendre-trop-tot-que-trop-tard\/#primaryimage\"},\"image\":{\"@id\":\"https:\/\/swissbaker.ch\/fr\/panissimo-news\/mieux-vaut-sy-prendre-trop-tot-que-trop-tard\/#primaryimage\"},\"thumbnailUrl\":\"https:\/\/swissbaker.ch\/wp-content\/uploads\/2022\/04\/csm_vorsorgeplanung_web_e39f65e518.jpg\",\"datePublished\":\"2017-11-28T08:59:00+00:00\",\"dateModified\":\"2022-05-11T11:35:15+00:00\",\"breadcrumb\":{\"@id\":\"https:\/\/swissbaker.ch\/fr\/panissimo-news\/mieux-vaut-sy-prendre-trop-tot-que-trop-tard\/#breadcrumb\"},\"inLanguage\":\"fr-FR\",\"potentialAction\":[{\"@type\":\"ReadAction\",\"target\":[\"https:\/\/swissbaker.ch\/fr\/panissimo-news\/mieux-vaut-sy-prendre-trop-tot-que-trop-tard\/\"]}]},{\"@type\":\"ImageObject\",\"inLanguage\":\"fr-FR\",\"@id\":\"https:\/\/swissbaker.ch\/fr\/panissimo-news\/mieux-vaut-sy-prendre-trop-tot-que-trop-tard\/#primaryimage\",\"url\":\"https:\/\/swissbaker.ch\/wp-content\/uploads\/2022\/04\/csm_vorsorgeplanung_web_e39f65e518.jpg\",\"contentUrl\":\"https:\/\/swissbaker.ch\/wp-content\/uploads\/2022\/04\/csm_vorsorgeplanung_web_e39f65e518.jpg\",\"width\":600,\"height\":600,\"caption\":\"Mieux vaut s\u2019y prendre trop t\u00f4t que trop tard\"},{\"@type\":\"BreadcrumbList\",\"@id\":\"https:\/\/swissbaker.ch\/fr\/panissimo-news\/mieux-vaut-sy-prendre-trop-tot-que-trop-tard\/#breadcrumb\",\"itemListElement\":[{\"@type\":\"ListItem\",\"position\":1,\"name\":\"\",\"item\":\"https:\/\/swissbaker.ch\/fr\/\"},{\"@type\":\"ListItem\",\"position\":2,\"name\":\"Sant\u00e9\/S\u00e9curit\u00e9\",\"item\":\"https:\/\/swissbaker.ch\/fr\/panissimo-news\/category\/sante-securite\/\"},{\"@type\":\"ListItem\",\"position\":3,\"name\":\"Mieux vaut s\u2019y prendre trop t\u00f4t que trop tard\"}]},{\"@type\":\"WebSite\",\"@id\":\"https:\/\/swissbaker.ch\/fr\/#website\",\"url\":\"https:\/\/swissbaker.ch\/fr\/\",\"name\":\"SBC\",\"description\":\"\",\"publisher\":{\"@id\":\"https:\/\/swissbaker.ch\/fr\/#organization\"},\"potentialAction\":[{\"@type\":\"SearchAction\",\"target\":{\"@type\":\"EntryPoint\",\"urlTemplate\":\"https:\/\/swissbaker.ch\/fr\/?s={search_term_string}\"},\"query-input\":{\"@type\":\"PropertyValueSpecification\",\"valueRequired\":true,\"valueName\":\"search_term_string\"}}],\"inLanguage\":\"fr-FR\"},{\"@type\":\"Organization\",\"@id\":\"https:\/\/swissbaker.ch\/fr\/#organization\",\"name\":\"Schweizerischer B\u00e4cker-Confiseurmeister-Verband\",\"url\":\"https:\/\/swissbaker.ch\/fr\/\",\"logo\":{\"@type\":\"ImageObject\",\"inLanguage\":\"fr-FR\",\"@id\":\"https:\/\/swissbaker.ch\/fr\/#\/schema\/logo\/image\/\",\"url\":\"https:\/\/swissbaker.ch\/wp-content\/uploads\/2022\/04\/sbc-logo-yoast.jpg\",\"contentUrl\":\"https:\/\/swissbaker.ch\/wp-content\/uploads\/2022\/04\/sbc-logo-yoast.jpg\",\"width\":512,\"height\":512,\"caption\":\"Schweizerischer B\u00e4cker-Confiseurmeister-Verband\"},\"image\":{\"@id\":\"https:\/\/swissbaker.ch\/fr\/#\/schema\/logo\/image\/\"},\"sameAs\":[\"https:\/\/www.facebook.com\/swissbaker.ch\",\"https:\/\/x.com\/ch_swissbaker\"]},{\"@type\":\"Person\",\"@id\":\"https:\/\/swissbaker.ch\/fr\/#\/schema\/person\/058ac47619f7da53df62aba60f939b78\",\"name\":\"azureart\",\"image\":{\"@type\":\"ImageObject\",\"inLanguage\":\"fr-FR\",\"@id\":\"https:\/\/swissbaker.ch\/fr\/#\/schema\/person\/image\/\",\"url\":\"https:\/\/secure.gravatar.com\/avatar\/be04dd3098fd612c83067af4f7a295384c93cb6a9112f51beb9d2f477d25da61?s=96&d=mm&r=g\",\"contentUrl\":\"https:\/\/secure.gravatar.com\/avatar\/be04dd3098fd612c83067af4f7a295384c93cb6a9112f51beb9d2f477d25da61?s=96&d=mm&r=g\",\"caption\":\"azureart\"},\"sameAs\":[\"https:\/\/swissbaker.ch\"],\"url\":\"https:\/\/swissbaker.ch\/fr\/panissimo-news\/author\/pixel-ahoi\/\"}]}<\/script>\n<!-- \/ Yoast SEO Premium plugin. -->","yoast_head_json":{"title":"Mieux vaut s\u2019y prendre trop t\u00f4t que trop tard | SBC","robots":{"index":"index","follow":"follow","max-snippet":"max-snippet:-1","max-image-preview":"max-image-preview:large","max-video-preview":"max-video-preview:-1"},"canonical":"https:\/\/swissbaker.ch\/fr\/panissimo-news\/mieux-vaut-sy-prendre-trop-tot-que-trop-tard\/","og_locale":"fr_FR","og_type":"article","og_title":"Mieux vaut s\u2019y prendre trop t\u00f4t que trop tard","og_description":"Publireportage \u2013 Il est important de se pencher \u00e0 temps sur la planification pr\u00e9visionnelle, selon la devise \u00ab\u2009Mieux vaut s\u2019y prendre trop t\u00f4t que trop tard\u2009\u00bb. Tout un chacun souhaite planifier et organiser sa pr\u00e9voyance vieillesse de mani\u00e8re optimale et compl\u00e8te selon ses d\u00e9sirs. Une pr\u00e9voyance vieillesse globale n\u2019implique pas uniquement la garantie d\u2019une pr\u00e9voyance financi\u00e8re, mais englobe \u00e9galement la [&hellip;]","og_url":"https:\/\/swissbaker.ch\/fr\/panissimo-news\/mieux-vaut-sy-prendre-trop-tot-que-trop-tard\/","og_site_name":"SBC","article_publisher":"https:\/\/www.facebook.com\/swissbaker.ch","article_published_time":"2017-11-28T08:59:00+00:00","article_modified_time":"2022-05-11T11:35:15+00:00","og_image":[{"width":600,"height":600,"url":"https:\/\/swissbaker.ch\/wp-content\/uploads\/2022\/04\/csm_vorsorgeplanung_web_e39f65e518.jpg","type":"image\/jpeg"}],"author":"azureart","twitter_card":"summary_large_image","twitter_creator":"@ch_swissbaker","twitter_site":"@ch_swissbaker","twitter_misc":{"Written by":"azureart","Est. reading time":"5 minutes"},"schema":{"@context":"https:\/\/schema.org","@graph":[{"@type":"Article","@id":"https:\/\/swissbaker.ch\/fr\/panissimo-news\/mieux-vaut-sy-prendre-trop-tot-que-trop-tard\/#article","isPartOf":{"@id":"https:\/\/swissbaker.ch\/fr\/panissimo-news\/mieux-vaut-sy-prendre-trop-tot-que-trop-tard\/"},"author":{"name":"azureart","@id":"https:\/\/swissbaker.ch\/fr\/#\/schema\/person\/058ac47619f7da53df62aba60f939b78"},"headline":"Mieux vaut s\u2019y prendre trop t\u00f4t que trop tard","datePublished":"2017-11-28T08:59:00+00:00","dateModified":"2022-05-11T11:35:15+00:00","mainEntityOfPage":{"@id":"https:\/\/swissbaker.ch\/fr\/panissimo-news\/mieux-vaut-sy-prendre-trop-tot-que-trop-tard\/"},"wordCount":865,"commentCount":0,"publisher":{"@id":"https:\/\/swissbaker.ch\/fr\/#organization"},"image":{"@id":"https:\/\/swissbaker.ch\/fr\/panissimo-news\/mieux-vaut-sy-prendre-trop-tot-que-trop-tard\/#primaryimage"},"thumbnailUrl":"https:\/\/swissbaker.ch\/wp-content\/uploads\/2022\/04\/csm_vorsorgeplanung_web_e39f65e518.jpg","articleSection":["Sant\u00e9\/S\u00e9curit\u00e9"],"inLanguage":"fr-FR","potentialAction":[{"@type":"CommentAction","name":"Comment","target":["https:\/\/swissbaker.ch\/fr\/panissimo-news\/mieux-vaut-sy-prendre-trop-tot-que-trop-tard\/#respond"]}]},{"@type":"WebPage","@id":"https:\/\/swissbaker.ch\/fr\/panissimo-news\/mieux-vaut-sy-prendre-trop-tot-que-trop-tard\/","url":"https:\/\/swissbaker.ch\/fr\/panissimo-news\/mieux-vaut-sy-prendre-trop-tot-que-trop-tard\/","name":"Mieux vaut s\u2019y prendre trop t\u00f4t que trop tard | SBC","isPartOf":{"@id":"https:\/\/swissbaker.ch\/fr\/#website"},"primaryImageOfPage":{"@id":"https:\/\/swissbaker.ch\/fr\/panissimo-news\/mieux-vaut-sy-prendre-trop-tot-que-trop-tard\/#primaryimage"},"image":{"@id":"https:\/\/swissbaker.ch\/fr\/panissimo-news\/mieux-vaut-sy-prendre-trop-tot-que-trop-tard\/#primaryimage"},"thumbnailUrl":"https:\/\/swissbaker.ch\/wp-content\/uploads\/2022\/04\/csm_vorsorgeplanung_web_e39f65e518.jpg","datePublished":"2017-11-28T08:59:00+00:00","dateModified":"2022-05-11T11:35:15+00:00","breadcrumb":{"@id":"https:\/\/swissbaker.ch\/fr\/panissimo-news\/mieux-vaut-sy-prendre-trop-tot-que-trop-tard\/#breadcrumb"},"inLanguage":"fr-FR","potentialAction":[{"@type":"ReadAction","target":["https:\/\/swissbaker.ch\/fr\/panissimo-news\/mieux-vaut-sy-prendre-trop-tot-que-trop-tard\/"]}]},{"@type":"ImageObject","inLanguage":"fr-FR","@id":"https:\/\/swissbaker.ch\/fr\/panissimo-news\/mieux-vaut-sy-prendre-trop-tot-que-trop-tard\/#primaryimage","url":"https:\/\/swissbaker.ch\/wp-content\/uploads\/2022\/04\/csm_vorsorgeplanung_web_e39f65e518.jpg","contentUrl":"https:\/\/swissbaker.ch\/wp-content\/uploads\/2022\/04\/csm_vorsorgeplanung_web_e39f65e518.jpg","width":600,"height":600,"caption":"Mieux vaut s\u2019y prendre trop t\u00f4t que trop tard"},{"@type":"BreadcrumbList","@id":"https:\/\/swissbaker.ch\/fr\/panissimo-news\/mieux-vaut-sy-prendre-trop-tot-que-trop-tard\/#breadcrumb","itemListElement":[{"@type":"ListItem","position":1,"name":"","item":"https:\/\/swissbaker.ch\/fr\/"},{"@type":"ListItem","position":2,"name":"Sant\u00e9\/S\u00e9curit\u00e9","item":"https:\/\/swissbaker.ch\/fr\/panissimo-news\/category\/sante-securite\/"},{"@type":"ListItem","position":3,"name":"Mieux vaut s\u2019y prendre trop t\u00f4t que trop tard"}]},{"@type":"WebSite","@id":"https:\/\/swissbaker.ch\/fr\/#website","url":"https:\/\/swissbaker.ch\/fr\/","name":"SBC","description":"","publisher":{"@id":"https:\/\/swissbaker.ch\/fr\/#organization"},"potentialAction":[{"@type":"SearchAction","target":{"@type":"EntryPoint","urlTemplate":"https:\/\/swissbaker.ch\/fr\/?s={search_term_string}"},"query-input":{"@type":"PropertyValueSpecification","valueRequired":true,"valueName":"search_term_string"}}],"inLanguage":"fr-FR"},{"@type":"Organization","@id":"https:\/\/swissbaker.ch\/fr\/#organization","name":"Schweizerischer B\u00e4cker-Confiseurmeister-Verband","url":"https:\/\/swissbaker.ch\/fr\/","logo":{"@type":"ImageObject","inLanguage":"fr-FR","@id":"https:\/\/swissbaker.ch\/fr\/#\/schema\/logo\/image\/","url":"https:\/\/swissbaker.ch\/wp-content\/uploads\/2022\/04\/sbc-logo-yoast.jpg","contentUrl":"https:\/\/swissbaker.ch\/wp-content\/uploads\/2022\/04\/sbc-logo-yoast.jpg","width":512,"height":512,"caption":"Schweizerischer B\u00e4cker-Confiseurmeister-Verband"},"image":{"@id":"https:\/\/swissbaker.ch\/fr\/#\/schema\/logo\/image\/"},"sameAs":["https:\/\/www.facebook.com\/swissbaker.ch","https:\/\/x.com\/ch_swissbaker"]},{"@type":"Person","@id":"https:\/\/swissbaker.ch\/fr\/#\/schema\/person\/058ac47619f7da53df62aba60f939b78","name":"azureart","image":{"@type":"ImageObject","inLanguage":"fr-FR","@id":"https:\/\/swissbaker.ch\/fr\/#\/schema\/person\/image\/","url":"https:\/\/secure.gravatar.com\/avatar\/be04dd3098fd612c83067af4f7a295384c93cb6a9112f51beb9d2f477d25da61?s=96&d=mm&r=g","contentUrl":"https:\/\/secure.gravatar.com\/avatar\/be04dd3098fd612c83067af4f7a295384c93cb6a9112f51beb9d2f477d25da61?s=96&d=mm&r=g","caption":"azureart"},"sameAs":["https:\/\/swissbaker.ch"],"url":"https:\/\/swissbaker.ch\/fr\/panissimo-news\/author\/pixel-ahoi\/"}]}},"_links":{"self":[{"href":"https:\/\/swissbaker.ch\/fr\/wp-json\/wp\/v2\/posts\/8955","targetHints":{"allow":["GET"]}}],"collection":[{"href":"https:\/\/swissbaker.ch\/fr\/wp-json\/wp\/v2\/posts"}],"about":[{"href":"https:\/\/swissbaker.ch\/fr\/wp-json\/wp\/v2\/types\/post"}],"author":[{"embeddable":true,"href":"https:\/\/swissbaker.ch\/fr\/wp-json\/wp\/v2\/users\/1"}],"replies":[{"embeddable":true,"href":"https:\/\/swissbaker.ch\/fr\/wp-json\/wp\/v2\/comments?post=8955"}],"version-history":[{"count":0,"href":"https:\/\/swissbaker.ch\/fr\/wp-json\/wp\/v2\/posts\/8955\/revisions"}],"wp:featuredmedia":[{"embeddable":true,"href":"https:\/\/swissbaker.ch\/fr\/wp-json\/wp\/v2\/media\/6415"}],"wp:attachment":[{"href":"https:\/\/swissbaker.ch\/fr\/wp-json\/wp\/v2\/media?parent=8955"}],"wp:term":[{"taxonomy":"category","embeddable":true,"href":"https:\/\/swissbaker.ch\/fr\/wp-json\/wp\/v2\/categories?post=8955"},{"taxonomy":"post_tag","embeddable":true,"href":"https:\/\/swissbaker.ch\/fr\/wp-json\/wp\/v2\/tags?post=8955"}],"curies":[{"name":"wp","href":"https:\/\/api.w.org\/{rel}","templated":true}]}}