{"id":8924,"date":"2021-01-20T13:15:00","date_gmt":"2021-01-20T12:15:00","guid":{"rendered":"https:\/\/swissbaker.ch\/?p=8924"},"modified":"2022-05-11T13:16:18","modified_gmt":"2022-05-11T11:16:18","slug":"resolument-optimiste-et-combatif","status":"publish","type":"post","link":"https:\/\/swissbaker.ch\/fr\/panissimo-news\/resolument-optimiste-et-combatif\/","title":{"rendered":"\u00ab\u2009R\u00e9solument optimiste et combatif\u2009\u00bb"},"content":{"rendered":"\n<p><strong>A Grolley (FR), Au Vieux Grenier SA a f\u00eat\u00e9 ses 20 ans, l\u2019ann\u00e9e derni\u00e8re. Le coronavirus a mis \u00e0 mal les festivit\u00e9s. L\u2019entreprise s\u2019est d\u2019ailleurs retrouv\u00e9e \u00e0 l\u2019arr\u00eat fin ao\u00fbt d\u00e9but septembre, \u00e0 la suite d\u2019un test positif. Retour sur cette fermeture et ses cons\u00e9quences avec son propri\u00e9taire Christian Audergon.<\/strong><\/p>\n\n\n\n<p>Christian Audergon, propri\u00e9taire et administrateur d\u2019Au Vieux Grenier SA \u00e0 Grolley, et son fils C\u00e9dric, directeur.<\/p>\n\n\n\n<p>Un laboratoire, quatre points de vente, dont deux tea-rooms et deux bars \u00e0 caf\u00e9, quarante-deux employ\u00e9s\u2026 Tel est l\u2019\u00e9tat des lieux d\u2019Au Vieux Grenier SA, d\u00e9but 2020. Une ann\u00e9e et une pand\u00e9mie plus tard\u2009: la boulangerie grolleysanne compte un magasin et sept collaborateurs de moins. Du c\u00f4t\u00e9 de la comptabilit\u00e9, les chiffres ne sont gu\u00e8re plus r\u00e9jouissants, comme le souligne le fondateur et administrateur Christian Audergon\u2009: \u00ab\u2009Nous avons perdu environ un tiers du chiffre d\u2019affaires, selon nos estimations.\u2009\u00bb<\/p>\n\n\n\n<p>Pourtant, l\u2019ann\u00e9e s\u2019annon\u00e7ait \u00ab\u2009plut\u00f4t radieuse\u2009\u00bb et festive\u2009: \u00ab\u2009Sans ce coronavirus, je n\u2019aurais plus eu de dette sur les investissements. En dehors du b\u00e2timent qui abrite le laboratoire, tout aurait \u00e9t\u00e9 quasiment pay\u00e9 au 1er\u202fd\u00e9cembre 2020.\u2009\u00bb La date n\u2019est pas anodine. Elle co\u00efncide avec les vingt ans de la soci\u00e9t\u00e9. \u00ab\u2009Evidemment, nous n\u2019avons rien organis\u00e9. Nous le ferons peut-\u00eatre cette ann\u00e9e.\u2009\u00bb<\/p>\n\n\n\n<h2 class=\"wp-block-heading\" id=\"h-vingt-francs-de-caisse\">\u00ab\u2009Vingt francs de caisse\u2009\u00bb<\/h2>\n\n\n\n<p>Tout a bascul\u00e9 le premier jour de la fermeture des \u00e9tablissements publics et de la mise en place des mesures barri\u00e8re de la Conf\u00e9d\u00e9ration. \u00ab\u2009Dans notre point de vente d\u2019Avry (FR), les effets ont \u00e9t\u00e9 quasiment imm\u00e9diats\u2009: le matin du 17\u202fmars, nous avons fait vingt francs de caisse. Auparavant, tout allait bien\u2009!\u2009\u00bb Le jour m\u00eame, le boulanger ferme son \u00e9tablissement. Les cinq vendeuses sont mises en ch\u00f4mage partiel. Un mois plus tard, M.\u202fAudergon n\u2019a pas d\u2019autre choix que de les licencier.<\/p>\n\n\n\n<p>Dans ses autres points de vente, la situation ne s\u2019av\u00e8re pas aussi catastrophique. Cependant, les annulations de livraisons accroissent le manque \u00e0 gagner. \u00ab\u2009Nous avions un partenariat avec un traiteur qui collaborait avec d\u2019importantes manifestations r\u00e9gionales, dont le festival Rock Oz\u2019Ar\u00e8nes \u00e0 Avenches (VD). (\u2026) Nous fournissions aussi un confr\u00e8re fribourgeois en produits de grosse boulangerie, lors des matchs du HC Frigourg-Gott\u00e9ron. Ces prestations n\u2019ont \u00e9videmment pas \u00e9t\u00e9 honor\u00e9es.\u2009\u00bb<\/p>\n\n\n\n<p>En raison de ces annulations \u00e0 la cha\u00eene, un poste de livreur n\u2019a pas \u00e9t\u00e9 renouvel\u00e9, bien qu\u2019initialement pr\u00e9vu, et un ouvrier n\u2019a pu \u00eatre gard\u00e9 en production. Les ventes dans les trois magasins restants n\u2019ont pas compens\u00e9 les pertes. \u00ab\u2009Il faut dire qu\u2019il existe plus d\u2019une trentaine de supermarch\u00e9s dans un rayon de douze kilom\u00e8tres autour du laboratoire. Nous restons des d\u00e9panneurs. Toutefois, d\u2019un autre point de vue, les ventes en magasin n\u2019ont pas diminu\u00e9\u2009; ce qui est plut\u00f4t r\u00e9jouissant\u2009\u00bb, relativise l\u2019artisan\u2026.<\/p>\n\n\n\n<p>La suite \u00e0 lire dans le \u00ab panissimo \u00bb du 22 janvier.<\/p>\n","protected":false},"excerpt":{"rendered":"<p>A Grolley (FR), Au Vieux Grenier SA a f\u00eat\u00e9 ses 20 ans, l\u2019ann\u00e9e derni\u00e8re. Le coronavirus a mis \u00e0 mal les festivit\u00e9s. L\u2019entreprise s\u2019est d\u2019ailleurs retrouv\u00e9e \u00e0 l\u2019arr\u00eat fin ao\u00fbt d\u00e9but septembre, \u00e0 la suite d\u2019un test positif. Retour sur cette fermeture et ses cons\u00e9quences avec son propri\u00e9taire Christian Audergon. Christian Audergon, propri\u00e9taire et administrateur d\u2019Au Vieux Grenier SA \u00e0 [&hellip;]<\/p>\n","protected":false},"author":1,"featured_media":8925,"comment_status":"open","ping_status":"closed","sticky":false,"template":"","format":"standard","meta":{"_acf_changed":false,"footnotes":""},"categories":[25],"tags":[],"class_list":["post-8924","post","type-post","status-publish","format-standard","has-post-thumbnail","hentry","category-non-classifiee"],"acf":[],"yoast_head":"<!-- This site is optimized with the Yoast SEO Premium plugin v26.8 (Yoast SEO v26.8) - https:\/\/yoast.com\/product\/yoast-seo-premium-wordpress\/ -->\n<title>\u00ab\u2009R\u00e9solument optimiste et combatif\u2009\u00bb | SBC<\/title>\n<meta name=\"robots\" content=\"index, follow, max-snippet:-1, max-image-preview:large, max-video-preview:-1\" \/>\n<link rel=\"canonical\" href=\"https:\/\/swissbaker.ch\/fr\/panissimo-news\/resolument-optimiste-et-combatif\/\" \/>\n<meta property=\"og:locale\" content=\"fr_FR\" \/>\n<meta property=\"og:type\" content=\"article\" \/>\n<meta property=\"og:title\" content=\"\u00ab\u2009R\u00e9solument optimiste et combatif\u2009\u00bb\" \/>\n<meta property=\"og:description\" content=\"A Grolley (FR), Au Vieux Grenier SA a f\u00eat\u00e9 ses 20 ans, l\u2019ann\u00e9e derni\u00e8re. Le coronavirus a mis \u00e0 mal les festivit\u00e9s. L\u2019entreprise s\u2019est d\u2019ailleurs retrouv\u00e9e \u00e0 l\u2019arr\u00eat fin ao\u00fbt d\u00e9but septembre, \u00e0 la suite d\u2019un test positif. Retour sur cette fermeture et ses cons\u00e9quences avec son propri\u00e9taire Christian Audergon. Christian Audergon, propri\u00e9taire et administrateur d\u2019Au Vieux Grenier SA \u00e0 [&hellip;]\" \/>\n<meta property=\"og:url\" content=\"https:\/\/swissbaker.ch\/fr\/panissimo-news\/resolument-optimiste-et-combatif\/\" \/>\n<meta property=\"og:site_name\" content=\"SBC\" \/>\n<meta property=\"article:publisher\" content=\"https:\/\/www.facebook.com\/swissbaker.ch\" \/>\n<meta property=\"article:published_time\" content=\"2021-01-20T12:15:00+00:00\" \/>\n<meta property=\"article:modified_time\" content=\"2022-05-11T11:16:18+00:00\" \/>\n<meta property=\"og:image\" content=\"https:\/\/swissbaker.ch\/wp-content\/uploads\/2022\/05\/2_1_audergon.jpeg\" \/>\n\t<meta property=\"og:image:width\" content=\"800\" \/>\n\t<meta property=\"og:image:height\" content=\"474\" \/>\n\t<meta property=\"og:image:type\" content=\"image\/jpeg\" \/>\n<meta name=\"author\" content=\"azureart\" \/>\n<meta name=\"twitter:card\" content=\"summary_large_image\" \/>\n<meta name=\"twitter:creator\" content=\"@ch_swissbaker\" \/>\n<meta name=\"twitter:site\" content=\"@ch_swissbaker\" \/>\n<meta name=\"twitter:label1\" content=\"Written by\" \/>\n\t<meta name=\"twitter:data1\" content=\"azureart\" \/>\n\t<meta name=\"twitter:label2\" content=\"Est. reading time\" \/>\n\t<meta name=\"twitter:data2\" content=\"3 minutes\" \/>\n<script type=\"application\/ld+json\" class=\"yoast-schema-graph\">{\"@context\":\"https:\/\/schema.org\",\"@graph\":[{\"@type\":\"Article\",\"@id\":\"https:\/\/swissbaker.ch\/fr\/panissimo-news\/resolument-optimiste-et-combatif\/#article\",\"isPartOf\":{\"@id\":\"https:\/\/swissbaker.ch\/fr\/panissimo-news\/resolument-optimiste-et-combatif\/\"},\"author\":{\"name\":\"azureart\",\"@id\":\"https:\/\/swissbaker.ch\/fr\/#\/schema\/person\/058ac47619f7da53df62aba60f939b78\"},\"headline\":\"\u00ab\u2009R\u00e9solument optimiste et combatif\u2009\u00bb\",\"datePublished\":\"2021-01-20T12:15:00+00:00\",\"dateModified\":\"2022-05-11T11:16:18+00:00\",\"mainEntityOfPage\":{\"@id\":\"https:\/\/swissbaker.ch\/fr\/panissimo-news\/resolument-optimiste-et-combatif\/\"},\"wordCount\":522,\"commentCount\":0,\"publisher\":{\"@id\":\"https:\/\/swissbaker.ch\/fr\/#organization\"},\"image\":{\"@id\":\"https:\/\/swissbaker.ch\/fr\/panissimo-news\/resolument-optimiste-et-combatif\/#primaryimage\"},\"thumbnailUrl\":\"https:\/\/swissbaker.ch\/wp-content\/uploads\/2022\/05\/2_1_audergon.jpeg\",\"articleSection\":[\"Non classifi\u00e9(e)\"],\"inLanguage\":\"fr-FR\",\"potentialAction\":[{\"@type\":\"CommentAction\",\"name\":\"Comment\",\"target\":[\"https:\/\/swissbaker.ch\/fr\/panissimo-news\/resolument-optimiste-et-combatif\/#respond\"]}]},{\"@type\":\"WebPage\",\"@id\":\"https:\/\/swissbaker.ch\/fr\/panissimo-news\/resolument-optimiste-et-combatif\/\",\"url\":\"https:\/\/swissbaker.ch\/fr\/panissimo-news\/resolument-optimiste-et-combatif\/\",\"name\":\"\u00ab\u2009R\u00e9solument optimiste et combatif\u2009\u00bb | SBC\",\"isPartOf\":{\"@id\":\"https:\/\/swissbaker.ch\/fr\/#website\"},\"primaryImageOfPage\":{\"@id\":\"https:\/\/swissbaker.ch\/fr\/panissimo-news\/resolument-optimiste-et-combatif\/#primaryimage\"},\"image\":{\"@id\":\"https:\/\/swissbaker.ch\/fr\/panissimo-news\/resolument-optimiste-et-combatif\/#primaryimage\"},\"thumbnailUrl\":\"https:\/\/swissbaker.ch\/wp-content\/uploads\/2022\/05\/2_1_audergon.jpeg\",\"datePublished\":\"2021-01-20T12:15:00+00:00\",\"dateModified\":\"2022-05-11T11:16:18+00:00\",\"breadcrumb\":{\"@id\":\"https:\/\/swissbaker.ch\/fr\/panissimo-news\/resolument-optimiste-et-combatif\/#breadcrumb\"},\"inLanguage\":\"fr-FR\",\"potentialAction\":[{\"@type\":\"ReadAction\",\"target\":[\"https:\/\/swissbaker.ch\/fr\/panissimo-news\/resolument-optimiste-et-combatif\/\"]}]},{\"@type\":\"ImageObject\",\"inLanguage\":\"fr-FR\",\"@id\":\"https:\/\/swissbaker.ch\/fr\/panissimo-news\/resolument-optimiste-et-combatif\/#primaryimage\",\"url\":\"https:\/\/swissbaker.ch\/wp-content\/uploads\/2022\/05\/2_1_audergon.jpeg\",\"contentUrl\":\"https:\/\/swissbaker.ch\/wp-content\/uploads\/2022\/05\/2_1_audergon.jpeg\",\"width\":800,\"height\":474,\"caption\":\"\u00ab\u2009R\u00e9solument optimiste et combatif\u2009\u00bb\"},{\"@type\":\"BreadcrumbList\",\"@id\":\"https:\/\/swissbaker.ch\/fr\/panissimo-news\/resolument-optimiste-et-combatif\/#breadcrumb\",\"itemListElement\":[{\"@type\":\"ListItem\",\"position\":1,\"name\":\"\",\"item\":\"https:\/\/swissbaker.ch\/fr\/\"},{\"@type\":\"ListItem\",\"position\":2,\"name\":\"Non classifi\u00e9(e)\",\"item\":\"https:\/\/swissbaker.ch\/fr\/panissimo-news\/category\/non-classifiee\/\"},{\"@type\":\"ListItem\",\"position\":3,\"name\":\"\u00ab\u2009R\u00e9solument optimiste et combatif\u2009\u00bb\"}]},{\"@type\":\"WebSite\",\"@id\":\"https:\/\/swissbaker.ch\/fr\/#website\",\"url\":\"https:\/\/swissbaker.ch\/fr\/\",\"name\":\"SBC\",\"description\":\"\",\"publisher\":{\"@id\":\"https:\/\/swissbaker.ch\/fr\/#organization\"},\"potentialAction\":[{\"@type\":\"SearchAction\",\"target\":{\"@type\":\"EntryPoint\",\"urlTemplate\":\"https:\/\/swissbaker.ch\/fr\/?s={search_term_string}\"},\"query-input\":{\"@type\":\"PropertyValueSpecification\",\"valueRequired\":true,\"valueName\":\"search_term_string\"}}],\"inLanguage\":\"fr-FR\"},{\"@type\":\"Organization\",\"@id\":\"https:\/\/swissbaker.ch\/fr\/#organization\",\"name\":\"Schweizerischer B\u00e4cker-Confiseurmeister-Verband\",\"url\":\"https:\/\/swissbaker.ch\/fr\/\",\"logo\":{\"@type\":\"ImageObject\",\"inLanguage\":\"fr-FR\",\"@id\":\"https:\/\/swissbaker.ch\/fr\/#\/schema\/logo\/image\/\",\"url\":\"https:\/\/swissbaker.ch\/wp-content\/uploads\/2022\/04\/sbc-logo-yoast.jpg\",\"contentUrl\":\"https:\/\/swissbaker.ch\/wp-content\/uploads\/2022\/04\/sbc-logo-yoast.jpg\",\"width\":512,\"height\":512,\"caption\":\"Schweizerischer B\u00e4cker-Confiseurmeister-Verband\"},\"image\":{\"@id\":\"https:\/\/swissbaker.ch\/fr\/#\/schema\/logo\/image\/\"},\"sameAs\":[\"https:\/\/www.facebook.com\/swissbaker.ch\",\"https:\/\/x.com\/ch_swissbaker\"]},{\"@type\":\"Person\",\"@id\":\"https:\/\/swissbaker.ch\/fr\/#\/schema\/person\/058ac47619f7da53df62aba60f939b78\",\"name\":\"azureart\",\"image\":{\"@type\":\"ImageObject\",\"inLanguage\":\"fr-FR\",\"@id\":\"https:\/\/swissbaker.ch\/fr\/#\/schema\/person\/image\/\",\"url\":\"https:\/\/secure.gravatar.com\/avatar\/be04dd3098fd612c83067af4f7a295384c93cb6a9112f51beb9d2f477d25da61?s=96&d=mm&r=g\",\"contentUrl\":\"https:\/\/secure.gravatar.com\/avatar\/be04dd3098fd612c83067af4f7a295384c93cb6a9112f51beb9d2f477d25da61?s=96&d=mm&r=g\",\"caption\":\"azureart\"},\"sameAs\":[\"https:\/\/swissbaker.ch\"],\"url\":\"https:\/\/swissbaker.ch\/fr\/panissimo-news\/author\/pixel-ahoi\/\"}]}<\/script>\n<!-- \/ Yoast SEO Premium plugin. -->","yoast_head_json":{"title":"\u00ab\u2009R\u00e9solument optimiste et combatif\u2009\u00bb | SBC","robots":{"index":"index","follow":"follow","max-snippet":"max-snippet:-1","max-image-preview":"max-image-preview:large","max-video-preview":"max-video-preview:-1"},"canonical":"https:\/\/swissbaker.ch\/fr\/panissimo-news\/resolument-optimiste-et-combatif\/","og_locale":"fr_FR","og_type":"article","og_title":"\u00ab\u2009R\u00e9solument optimiste et combatif\u2009\u00bb","og_description":"A Grolley (FR), Au Vieux Grenier SA a f\u00eat\u00e9 ses 20 ans, l\u2019ann\u00e9e derni\u00e8re. Le coronavirus a mis \u00e0 mal les festivit\u00e9s. L\u2019entreprise s\u2019est d\u2019ailleurs retrouv\u00e9e \u00e0 l\u2019arr\u00eat fin ao\u00fbt d\u00e9but septembre, \u00e0 la suite d\u2019un test positif. Retour sur cette fermeture et ses cons\u00e9quences avec son propri\u00e9taire Christian Audergon. Christian Audergon, propri\u00e9taire et administrateur d\u2019Au Vieux Grenier SA \u00e0 [&hellip;]","og_url":"https:\/\/swissbaker.ch\/fr\/panissimo-news\/resolument-optimiste-et-combatif\/","og_site_name":"SBC","article_publisher":"https:\/\/www.facebook.com\/swissbaker.ch","article_published_time":"2021-01-20T12:15:00+00:00","article_modified_time":"2022-05-11T11:16:18+00:00","og_image":[{"width":800,"height":474,"url":"https:\/\/swissbaker.ch\/wp-content\/uploads\/2022\/05\/2_1_audergon.jpeg","type":"image\/jpeg"}],"author":"azureart","twitter_card":"summary_large_image","twitter_creator":"@ch_swissbaker","twitter_site":"@ch_swissbaker","twitter_misc":{"Written by":"azureart","Est. reading time":"3 minutes"},"schema":{"@context":"https:\/\/schema.org","@graph":[{"@type":"Article","@id":"https:\/\/swissbaker.ch\/fr\/panissimo-news\/resolument-optimiste-et-combatif\/#article","isPartOf":{"@id":"https:\/\/swissbaker.ch\/fr\/panissimo-news\/resolument-optimiste-et-combatif\/"},"author":{"name":"azureart","@id":"https:\/\/swissbaker.ch\/fr\/#\/schema\/person\/058ac47619f7da53df62aba60f939b78"},"headline":"\u00ab\u2009R\u00e9solument optimiste et combatif\u2009\u00bb","datePublished":"2021-01-20T12:15:00+00:00","dateModified":"2022-05-11T11:16:18+00:00","mainEntityOfPage":{"@id":"https:\/\/swissbaker.ch\/fr\/panissimo-news\/resolument-optimiste-et-combatif\/"},"wordCount":522,"commentCount":0,"publisher":{"@id":"https:\/\/swissbaker.ch\/fr\/#organization"},"image":{"@id":"https:\/\/swissbaker.ch\/fr\/panissimo-news\/resolument-optimiste-et-combatif\/#primaryimage"},"thumbnailUrl":"https:\/\/swissbaker.ch\/wp-content\/uploads\/2022\/05\/2_1_audergon.jpeg","articleSection":["Non classifi\u00e9(e)"],"inLanguage":"fr-FR","potentialAction":[{"@type":"CommentAction","name":"Comment","target":["https:\/\/swissbaker.ch\/fr\/panissimo-news\/resolument-optimiste-et-combatif\/#respond"]}]},{"@type":"WebPage","@id":"https:\/\/swissbaker.ch\/fr\/panissimo-news\/resolument-optimiste-et-combatif\/","url":"https:\/\/swissbaker.ch\/fr\/panissimo-news\/resolument-optimiste-et-combatif\/","name":"\u00ab\u2009R\u00e9solument optimiste et combatif\u2009\u00bb | SBC","isPartOf":{"@id":"https:\/\/swissbaker.ch\/fr\/#website"},"primaryImageOfPage":{"@id":"https:\/\/swissbaker.ch\/fr\/panissimo-news\/resolument-optimiste-et-combatif\/#primaryimage"},"image":{"@id":"https:\/\/swissbaker.ch\/fr\/panissimo-news\/resolument-optimiste-et-combatif\/#primaryimage"},"thumbnailUrl":"https:\/\/swissbaker.ch\/wp-content\/uploads\/2022\/05\/2_1_audergon.jpeg","datePublished":"2021-01-20T12:15:00+00:00","dateModified":"2022-05-11T11:16:18+00:00","breadcrumb":{"@id":"https:\/\/swissbaker.ch\/fr\/panissimo-news\/resolument-optimiste-et-combatif\/#breadcrumb"},"inLanguage":"fr-FR","potentialAction":[{"@type":"ReadAction","target":["https:\/\/swissbaker.ch\/fr\/panissimo-news\/resolument-optimiste-et-combatif\/"]}]},{"@type":"ImageObject","inLanguage":"fr-FR","@id":"https:\/\/swissbaker.ch\/fr\/panissimo-news\/resolument-optimiste-et-combatif\/#primaryimage","url":"https:\/\/swissbaker.ch\/wp-content\/uploads\/2022\/05\/2_1_audergon.jpeg","contentUrl":"https:\/\/swissbaker.ch\/wp-content\/uploads\/2022\/05\/2_1_audergon.jpeg","width":800,"height":474,"caption":"\u00ab\u2009R\u00e9solument optimiste et combatif\u2009\u00bb"},{"@type":"BreadcrumbList","@id":"https:\/\/swissbaker.ch\/fr\/panissimo-news\/resolument-optimiste-et-combatif\/#breadcrumb","itemListElement":[{"@type":"ListItem","position":1,"name":"","item":"https:\/\/swissbaker.ch\/fr\/"},{"@type":"ListItem","position":2,"name":"Non classifi\u00e9(e)","item":"https:\/\/swissbaker.ch\/fr\/panissimo-news\/category\/non-classifiee\/"},{"@type":"ListItem","position":3,"name":"\u00ab\u2009R\u00e9solument optimiste et combatif\u2009\u00bb"}]},{"@type":"WebSite","@id":"https:\/\/swissbaker.ch\/fr\/#website","url":"https:\/\/swissbaker.ch\/fr\/","name":"SBC","description":"","publisher":{"@id":"https:\/\/swissbaker.ch\/fr\/#organization"},"potentialAction":[{"@type":"SearchAction","target":{"@type":"EntryPoint","urlTemplate":"https:\/\/swissbaker.ch\/fr\/?s={search_term_string}"},"query-input":{"@type":"PropertyValueSpecification","valueRequired":true,"valueName":"search_term_string"}}],"inLanguage":"fr-FR"},{"@type":"Organization","@id":"https:\/\/swissbaker.ch\/fr\/#organization","name":"Schweizerischer B\u00e4cker-Confiseurmeister-Verband","url":"https:\/\/swissbaker.ch\/fr\/","logo":{"@type":"ImageObject","inLanguage":"fr-FR","@id":"https:\/\/swissbaker.ch\/fr\/#\/schema\/logo\/image\/","url":"https:\/\/swissbaker.ch\/wp-content\/uploads\/2022\/04\/sbc-logo-yoast.jpg","contentUrl":"https:\/\/swissbaker.ch\/wp-content\/uploads\/2022\/04\/sbc-logo-yoast.jpg","width":512,"height":512,"caption":"Schweizerischer B\u00e4cker-Confiseurmeister-Verband"},"image":{"@id":"https:\/\/swissbaker.ch\/fr\/#\/schema\/logo\/image\/"},"sameAs":["https:\/\/www.facebook.com\/swissbaker.ch","https:\/\/x.com\/ch_swissbaker"]},{"@type":"Person","@id":"https:\/\/swissbaker.ch\/fr\/#\/schema\/person\/058ac47619f7da53df62aba60f939b78","name":"azureart","image":{"@type":"ImageObject","inLanguage":"fr-FR","@id":"https:\/\/swissbaker.ch\/fr\/#\/schema\/person\/image\/","url":"https:\/\/secure.gravatar.com\/avatar\/be04dd3098fd612c83067af4f7a295384c93cb6a9112f51beb9d2f477d25da61?s=96&d=mm&r=g","contentUrl":"https:\/\/secure.gravatar.com\/avatar\/be04dd3098fd612c83067af4f7a295384c93cb6a9112f51beb9d2f477d25da61?s=96&d=mm&r=g","caption":"azureart"},"sameAs":["https:\/\/swissbaker.ch"],"url":"https:\/\/swissbaker.ch\/fr\/panissimo-news\/author\/pixel-ahoi\/"}]}},"_links":{"self":[{"href":"https:\/\/swissbaker.ch\/fr\/wp-json\/wp\/v2\/posts\/8924","targetHints":{"allow":["GET"]}}],"collection":[{"href":"https:\/\/swissbaker.ch\/fr\/wp-json\/wp\/v2\/posts"}],"about":[{"href":"https:\/\/swissbaker.ch\/fr\/wp-json\/wp\/v2\/types\/post"}],"author":[{"embeddable":true,"href":"https:\/\/swissbaker.ch\/fr\/wp-json\/wp\/v2\/users\/1"}],"replies":[{"embeddable":true,"href":"https:\/\/swissbaker.ch\/fr\/wp-json\/wp\/v2\/comments?post=8924"}],"version-history":[{"count":0,"href":"https:\/\/swissbaker.ch\/fr\/wp-json\/wp\/v2\/posts\/8924\/revisions"}],"wp:featuredmedia":[{"embeddable":true,"href":"https:\/\/swissbaker.ch\/fr\/wp-json\/wp\/v2\/media\/8925"}],"wp:attachment":[{"href":"https:\/\/swissbaker.ch\/fr\/wp-json\/wp\/v2\/media?parent=8924"}],"wp:term":[{"taxonomy":"category","embeddable":true,"href":"https:\/\/swissbaker.ch\/fr\/wp-json\/wp\/v2\/categories?post=8924"},{"taxonomy":"post_tag","embeddable":true,"href":"https:\/\/swissbaker.ch\/fr\/wp-json\/wp\/v2\/tags?post=8924"}],"curies":[{"name":"wp","href":"https:\/\/api.w.org\/{rel}","templated":true}]}}