{"id":8908,"date":"2021-02-02T14:40:00","date_gmt":"2021-02-02T13:40:00","guid":{"rendered":"https:\/\/swissbaker.ch\/?p=8908"},"modified":"2022-05-11T13:01:25","modified_gmt":"2022-05-11T11:01:25","slug":"je-suis-heureuse-que-ces-femmes-se-soient-battues-avec-succes","status":"publish","type":"post","link":"https:\/\/swissbaker.ch\/fr\/panissimo-news\/je-suis-heureuse-que-ces-femmes-se-soient-battues-avec-succes\/","title":{"rendered":"\u00ab\u2009Je suis heureuse que ces femmes se soient battues avec succ\u00e8s\u2009\u00bb"},"content":{"rendered":"\n<p><strong>Le 5\u202ff\u00e9vrier marque les cinquante ans de droit de vote et d\u2019\u00e9ligibilit\u00e9 pour les femmes\u2009; un \u00e9v\u00e9nement historique. Deux femmes de diff\u00e9rentes g\u00e9n\u00e9rations travaillant dans la boulangerie-p\u00e2tisserie-confiserie artisanale se penchent sur le pass\u00e9 et l\u2019avenir. Entretien\u2026<\/strong><\/p>\n\n\n\n<p><strong>Que signifie pour vous le fait&nbsp;de pouvoir voter\u2009?<br>Jeanette M\u00fcller\u2009:<\/strong>&nbsp;Je suis heureuse et reconnaissante d\u2019\u00eatre n\u00e9e dans un pays d\u00e9mocratique. Cela signifie beaucoup pour moi de pouvoir participer aux prises de d\u00e9cision.<br>J\u2019ai v\u00e9cu deux changements de g\u00e9n\u00e9ration. Mon grand-p\u00e8re \u00e9tait un patriarche et ma grand-m\u00e8re s\u2019occupait exclusivement du m\u00e9nage et des enfants. Mes parents \u00e9taient int\u00e9ress\u00e9s par la politique et j\u2019ai v\u00e9cu de nombreux changements. Par exemple, ma m\u00e8re a pu passer son permis de conduire.<br><strong>Sidonia Signer\u2009:&nbsp;<\/strong>Jusqu\u2019\u00e0 pr\u00e9sent, je n\u2019ai jamais r\u00e9fl\u00e9chi consciemment \u00e0 ce que signifie le fait de pouvoir voter en tant que femme. Pour moi, pour ma g\u00e9n\u00e9ration, il est \u00e9vident que nous, les femmes, avons aussi le droit d\u2019aller aux urnes. Nous ne connaissons rien d\u2019autre.<br>Mais quand j\u2019y r\u00e9fl\u00e9chis bien et que je me rends compte qu\u2019il n\u2019est pas encore possible dans tous les pays de voter en tant que femme, je vois le droit de vote et d\u2019\u00e9ligibilit\u00e9 en Suisse comme un privil\u00e8ge. Je suis heureuse que nous, les femmes, puissions aussi apporter une contribution significative aux d\u00e9cisions prises en Suisse, m\u00eame si le quota de femmes n\u2019est pas encore de 50\u202f%.<\/p>\n\n\n\n<p><strong>Que signifierait pour vous de perdre ce droit\u2009?<br>J.\u202fM.\u2009:<\/strong>&nbsp;C\u2019est inimaginable pour moi. Et si j\u2019\u00e9tais plus jeune, j\u2019irais probablement manifester. Mais je pense qu\u2019aujourd\u2019hui, nous n\u2019avons plus \u00e0 nous inqui\u00e9ter de cela.<br>J\u2019ai travaill\u00e9 avec des coll\u00e8gues femmes et hommes et je n\u2019ai pas ressenti de grandes diff\u00e9rences. Je me suis toujours d\u00e9fendue et je savais d\u00e9j\u00e0 ce que je voulais quand j\u2019\u00e9tais \u00e0 l\u2019\u00e9cole. Chaque personne doit y contribuer. Il existe de merveilleux exemples de personnes qui ont accompli de grandes choses.<br><strong>S.\u202fS.\u2009:<\/strong>&nbsp;Du point de vue actuel, j\u2019ai vraiment de la peine \u00e0 l\u2019imaginer. Nous, les femmes, sommes un \u00e9l\u00e9ment fixe et important de la vie professionnelle quotidienne et nous sommes de plus en plus pr\u00e9sentes dans les postes de direction, o\u00f9 nous sommes toutes appel\u00e9es \u00e0 apporter notre contribution. Comment imaginer le fait que nous serions cens\u00e9es exprimer notre opinion et prendre des d\u00e9cisions dans notre vie professionnelle, sans \u00eatre autoris\u00e9es \u00e0 voter\u2009? C\u2019est pourquoi je ne peux pas imaginer ce que ce serait aujourd\u2019hui de perdre mon droit de vote et d\u2019\u00e9ligibilit\u00e9.<\/p>\n\n\n\n<p><strong>Sidonia Signer, pouvez-vous imaginer ce que c\u2019\u00e9tait pour les femmes de ne pas pouvoir voter\u2009?<br>S.\u202fS.\u2009:<\/strong>&nbsp;Je pense que beaucoup de femmes, qui \u00e9taient principalement des femmes au foyer et des m\u00e8res (surtout dans les zones plut\u00f4t rurales), auraient aim\u00e9 voter par le pass\u00e9. Mais elles ont accept\u00e9 la situation telle qu\u2019elle \u00e9tait. En revanche, les femmes qui travaillaient, qui venaient g\u00e9n\u00e9ralement des zones urbaines, se sont battues activement pour nos droits. Cela n\u2019a certainement pas \u00e9t\u00e9 facile et elles ont d\u00fb entendre beaucoup de choses de la part des hommes. Mais je suis tr\u00e8s heureuse que ces femmes se soient battues avec succ\u00e8s pour elles-m\u00eames, pour d\u2019autres Suissesses et surtout pour les g\u00e9n\u00e9rations futures.<br><br><strong>Jeanette M\u00fcller, comment avez-vous v\u00e9cu la p\u00e9riode pr\u00e9c\u00e9dant&nbsp;le 7\u202ff\u00e9vrier 1971\u2009?<\/strong><br><strong>J.\u202fM.\u2009:&nbsp;<\/strong>J\u2019avais 22 ans et je venais de terminer mon apprentissage. Je me souviens bien de l\u2019\u00e9poque &#8211; surtout des images des manifestations \u00e0 la t\u00e9l\u00e9vision. Judith Stamm et Emilie Lieberherr \u00e9taient des pionni\u00e8res \u00e0 l\u2019\u00e9poque.<br>Vous \u00eates-vous engag\u00e9e pour le droit de vote et d\u2019\u00e9ligibilit\u00e9 des femmes\u2009?<br><strong>J.\u202fM.\u2009:<\/strong>&nbsp;Le sujet n\u2019\u00e9tait pas d\u2019actualit\u00e9 \u00e0 l\u2019\u00e9poque. On n\u2019en parlait pas, seules les nouvelles en informaient.<\/p>\n\n\n\n<p><strong>Vous souvenez-vous du 7\u202ff\u00e9vrier 1971\u2009? Comment avez-vous v\u00e9cu cette journ\u00e9e\u2009?<br>J.\u202fM.\u2009:<\/strong>&nbsp;Je ne m\u2019en souviens pas, seulement des images. L\u2019exaltation de toute la nation et des femmes. Les hommes \u00e9taient toujours encore sceptiques.<\/p>\n\n\n\n<p><strong>Qu\u2019est-ce qui a chang\u00e9 depuis\u2009?<br>J.\u202fM.\u2009:<\/strong>&nbsp;Beaucoup de choses ont chang\u00e9, mais il faut encore faire bouger les choses dans le monde du travail.<br>En 1977, j\u2019ai vu une annonce dans le journal pour le poste de \u00ab\u2009chef d\u00e9corateur\u2009\u00bb chez G\u00fcbelin. J\u2019ai imm\u00e9diatement d\u00e9croch\u00e9 le t\u00e9l\u00e9phone et j\u2019ai demand\u00e9 \u00e0 M. G\u00fcbelin si les femmes avaient \u00e9galement une chance. Il m\u2019a dit de postuler. Six mois plus tard, j\u2019ai \u00e9t\u00e9 engag\u00e9e. Vingt personnes ont postul\u00e9, principalement des hommes, bien s\u00fbr, mais j\u2019ai obtenu le poste.<\/p>\n\n\n\n<p><strong>Que pensez-vous de la situation actuelle en mati\u00e8re d\u2019\u00e9galit\u00e9\u2009?<br>J.\u202fM.\u2009:<\/strong>&nbsp;Les femmes gagnent trop peu pour leur engagement. Personnellement, je n\u2019ai jamais \u00e9t\u00e9 d\u00e9savantag\u00e9e parce que je savais ce que je pouvais r\u00e9aliser et je me suis d\u00e9fendue.<br>Parfois, d\u2019autres femmes me disent qu\u2019elles ne sont pas assez prises au s\u00e9rieux et que leur travail n\u2019est pas appr\u00e9ci\u00e9 \u00e0 sa juste valeur. Chaque femme doit se d\u00e9fendre et avoir le courage de se d\u00e9fendre.<br><strong>S.\u202fS.\u2009:<\/strong>&nbsp;Le th\u00e8me de l\u2019\u00e9galit\u00e9 est plus que jamais d\u2019actualit\u00e9. Nous lisons et entendons partout que les femmes ne sont toujours pas \u00e9gales aux hommes. Mais est-ce vraiment le cas\u2009? Je pense qu\u2019en tant que jeune femme active dans la vie professionnelle, j\u2019ai au moins la m\u00eame position dans la soci\u00e9t\u00e9 que mes coll\u00e8gues masculins du m\u00eame \u00e2ge.<br>La mani\u00e8re dont une personne s\u2019int\u00e8gre dans la soci\u00e9t\u00e9 ou planifie sa carri\u00e8re d\u00e9pend dans de nombreux cas de l\u2019\u00e9ducation qu\u2019elle a re\u00e7ue \u00e0 la maison, de l\u2019attitude transmise par ses parents. Comme mes parents tiennent leur propre boulangerie, p\u00e2tisserie et confiserie, et parce que j\u2019ai appris d\u00e8s mon plus jeune \u00e2ge ce que signifie vivre et se battre pour ses valeurs, je peux dire que je suis au moins sur un pied d\u2019\u00e9galit\u00e9 avec \u00ab\u2009l\u2019homme\u2009\u00bb.<\/p>\n\n\n\n<p><strong>Sidonia Signer, vous \u00e9tudiez \u00e0 temps partiel. Comment vivez-vous&nbsp;cette exp\u00e9rience \u00e0 la haute \u00e9cole sp\u00e9cialis\u00e9e\u2009?<br>S.\u202fS.\u2009:<\/strong>&nbsp;Dans mes \u00e9tudes \u00e0 temps partiel, le quota de femmes dans ma classe est bien sup\u00e9rieur \u00e0 50\u202f%, ce qui refl\u00e8te mon image selon laquelle les femmes ont tendance \u00e0 \u00eatre encore plus ambitieuses que les hommes et le prouvent ensuite dans leur vie professionnelle quotidienne.<br>Mais il n\u2019y aura jamais une \u00e9galit\u00e9 totale entre les hommes et les femmes dans tous les aspects de la soci\u00e9t\u00e9. Les femmes et les hommes sont trop diff\u00e9rents pour cela, et c\u2019est une bonne chose.<br>Tant que les points les plus importants sont justes, comme l\u2019\u00e9valuation des performances, le salaire et la possibilit\u00e9 pour les hommes de r\u00e9duire leur charge de travail pour \u00e9lever leurs enfants, je peux dire que je me sens \u00e9gale.<br>Quel est votre souhait<br>pour l\u2019avenir\u2009?<br><strong>J.\u202fM.\u2009:&nbsp;<\/strong>Je souhaite le respect, l\u2019acceptation et la tol\u00e9rance. Chacun doit apporter sa contribution.<br><strong>S.\u202fS.\u2009:&nbsp;<\/strong>Mon souhait pour l\u2019avenir est qu\u2019encore plus de femmes \u00e9coutent leur voix int\u00e9rieure et qu\u2019elles poursuivent leurs objectifs. En tant que femmes, nous avons exactement les m\u00eames droits que les hommes et nous devrions d\u00e9fendre ces droits.<\/p>\n\n\n\n<p><em><strong>Jeanette M\u00fcller<\/strong>, 72 ans, a une formation de d\u00e9coratrice. Elle a travaill\u00e9 dans diff\u00e9rents magasins de mode et grands magasins de Lucerne, a \u00e9t\u00e9 d\u00e9coratrice en chef chez G\u00fcbelin et s\u2019est mise \u00e0 son compte. Elle a ensuite rejoint l\u2019\u00e9cole professionnelle Richemont \u00e0 Lucerne, o\u00f9 elle a travaill\u00e9 dans le domaine de la conception de vitrines et donn\u00e9 de nombreux cours d\u2019emballage et dirig\u00e9 des camps interentreprises \u00e0 Lucerne et Pully.<\/em><\/p>\n\n\n\n<p><em><strong>Sidonia Signer<\/strong>, 24 ans, a suivi une formation commerciale \u00e0 la Raiffeisenbank Sense-Oberland, puis a travaill\u00e9 comme conseill\u00e8re \u00e0 la client\u00e8le et assistante PME. Depuis le mois d\u2019ao\u00fbt, elle travaille \u00e0 60 % dans l\u2019administration de l\u2019entreprise de ses parents, la boulangerie-confiserie-caf\u00e9 P. Signer \u00e0 Zizers. A c\u00f4t\u00e9, elle \u00e9tudie l\u2019\u00e9conomie d\u2019entreprise \u00e0 la Haute \u00e9cole sp\u00e9cialis\u00e9e des Grisons.<\/em><\/p>\n","protected":false},"excerpt":{"rendered":"<p>Le 5\u202ff\u00e9vrier marque les cinquante ans de droit de vote et d\u2019\u00e9ligibilit\u00e9 pour les femmes\u2009; un \u00e9v\u00e9nement historique. Deux femmes de diff\u00e9rentes g\u00e9n\u00e9rations travaillant dans la boulangerie-p\u00e2tisserie-confiserie artisanale se penchent sur le pass\u00e9 et l\u2019avenir. Entretien\u2026 Que signifie pour vous le fait&nbsp;de pouvoir voter\u2009?Jeanette M\u00fcller\u2009:&nbsp;Je suis heureuse et reconnaissante d\u2019\u00eatre n\u00e9e dans un pays d\u00e9mocratique. Cela signifie beaucoup pour moi [&hellip;]<\/p>\n","protected":false},"author":1,"featured_media":5465,"comment_status":"open","ping_status":"closed","sticky":false,"template":"","format":"standard","meta":{"_acf_changed":false,"footnotes":""},"categories":[45],"tags":[],"class_list":["post-8908","post","type-post","status-publish","format-standard","has-post-thumbnail","hentry","category-environnement-professionnel"],"acf":[],"yoast_head":"<!-- This site is optimized with the Yoast SEO Premium plugin v26.8 (Yoast SEO v26.8) - https:\/\/yoast.com\/product\/yoast-seo-premium-wordpress\/ -->\n<title>\u00ab\u2009Je suis heureuse que ces femmes se soient battues avec succ\u00e8s\u2009\u00bb | SBC<\/title>\n<meta name=\"robots\" content=\"index, follow, max-snippet:-1, max-image-preview:large, max-video-preview:-1\" \/>\n<link rel=\"canonical\" href=\"https:\/\/swissbaker.ch\/fr\/panissimo-news\/je-suis-heureuse-que-ces-femmes-se-soient-battues-avec-succes\/\" \/>\n<meta property=\"og:locale\" content=\"fr_FR\" \/>\n<meta property=\"og:type\" content=\"article\" \/>\n<meta property=\"og:title\" content=\"\u00ab\u2009Je suis heureuse que ces femmes se soient battues avec succ\u00e8s\u2009\u00bb\" \/>\n<meta property=\"og:description\" content=\"Le 5\u202ff\u00e9vrier marque les cinquante ans de droit de vote et d\u2019\u00e9ligibilit\u00e9 pour les femmes\u2009; un \u00e9v\u00e9nement historique. Deux femmes de diff\u00e9rentes g\u00e9n\u00e9rations travaillant dans la boulangerie-p\u00e2tisserie-confiserie artisanale se penchent sur le pass\u00e9 et l\u2019avenir. Entretien\u2026 Que signifie pour vous le fait&nbsp;de pouvoir voter\u2009?Jeanette M\u00fcller\u2009:&nbsp;Je suis heureuse et reconnaissante d\u2019\u00eatre n\u00e9e dans un pays d\u00e9mocratique. Cela signifie beaucoup pour moi [&hellip;]\" \/>\n<meta property=\"og:url\" content=\"https:\/\/swissbaker.ch\/fr\/panissimo-news\/je-suis-heureuse-que-ces-femmes-se-soient-battues-avec-succes\/\" \/>\n<meta property=\"og:site_name\" content=\"SBC\" \/>\n<meta property=\"article:publisher\" content=\"https:\/\/www.facebook.com\/swissbaker.ch\" \/>\n<meta property=\"article:published_time\" content=\"2021-02-02T13:40:00+00:00\" \/>\n<meta property=\"article:modified_time\" content=\"2022-05-11T11:01:25+00:00\" \/>\n<meta property=\"og:image\" content=\"https:\/\/swissbaker.ch\/wp-content\/uploads\/2022\/03\/3.1_Interview_Frauenstimmrecht.jpg\" \/>\n\t<meta property=\"og:image:width\" content=\"800\" \/>\n\t<meta property=\"og:image:height\" content=\"474\" \/>\n\t<meta property=\"og:image:type\" content=\"image\/jpeg\" \/>\n<meta name=\"author\" content=\"azureart\" \/>\n<meta name=\"twitter:card\" content=\"summary_large_image\" \/>\n<meta name=\"twitter:creator\" content=\"@ch_swissbaker\" \/>\n<meta name=\"twitter:site\" content=\"@ch_swissbaker\" \/>\n<meta name=\"twitter:label1\" content=\"Written by\" \/>\n\t<meta name=\"twitter:data1\" content=\"azureart\" \/>\n\t<meta name=\"twitter:label2\" content=\"Est. reading time\" \/>\n\t<meta name=\"twitter:data2\" content=\"8 minutes\" \/>\n<script type=\"application\/ld+json\" class=\"yoast-schema-graph\">{\"@context\":\"https:\/\/schema.org\",\"@graph\":[{\"@type\":\"Article\",\"@id\":\"https:\/\/swissbaker.ch\/fr\/panissimo-news\/je-suis-heureuse-que-ces-femmes-se-soient-battues-avec-succes\/#article\",\"isPartOf\":{\"@id\":\"https:\/\/swissbaker.ch\/fr\/panissimo-news\/je-suis-heureuse-que-ces-femmes-se-soient-battues-avec-succes\/\"},\"author\":{\"name\":\"azureart\",\"@id\":\"https:\/\/swissbaker.ch\/fr\/#\/schema\/person\/058ac47619f7da53df62aba60f939b78\"},\"headline\":\"\u00ab\u2009Je suis heureuse que ces femmes se soient battues avec succ\u00e8s\u2009\u00bb\",\"datePublished\":\"2021-02-02T13:40:00+00:00\",\"dateModified\":\"2022-05-11T11:01:25+00:00\",\"mainEntityOfPage\":{\"@id\":\"https:\/\/swissbaker.ch\/fr\/panissimo-news\/je-suis-heureuse-que-ces-femmes-se-soient-battues-avec-succes\/\"},\"wordCount\":1453,\"commentCount\":0,\"publisher\":{\"@id\":\"https:\/\/swissbaker.ch\/fr\/#organization\"},\"image\":{\"@id\":\"https:\/\/swissbaker.ch\/fr\/panissimo-news\/je-suis-heureuse-que-ces-femmes-se-soient-battues-avec-succes\/#primaryimage\"},\"thumbnailUrl\":\"https:\/\/swissbaker.ch\/wp-content\/uploads\/2022\/03\/3.1_Interview_Frauenstimmrecht.jpg\",\"articleSection\":[\"Environnement professionnel\"],\"inLanguage\":\"fr-FR\",\"potentialAction\":[{\"@type\":\"CommentAction\",\"name\":\"Comment\",\"target\":[\"https:\/\/swissbaker.ch\/fr\/panissimo-news\/je-suis-heureuse-que-ces-femmes-se-soient-battues-avec-succes\/#respond\"]}]},{\"@type\":\"WebPage\",\"@id\":\"https:\/\/swissbaker.ch\/fr\/panissimo-news\/je-suis-heureuse-que-ces-femmes-se-soient-battues-avec-succes\/\",\"url\":\"https:\/\/swissbaker.ch\/fr\/panissimo-news\/je-suis-heureuse-que-ces-femmes-se-soient-battues-avec-succes\/\",\"name\":\"\u00ab\u2009Je suis heureuse que ces femmes se soient battues avec succ\u00e8s\u2009\u00bb | SBC\",\"isPartOf\":{\"@id\":\"https:\/\/swissbaker.ch\/fr\/#website\"},\"primaryImageOfPage\":{\"@id\":\"https:\/\/swissbaker.ch\/fr\/panissimo-news\/je-suis-heureuse-que-ces-femmes-se-soient-battues-avec-succes\/#primaryimage\"},\"image\":{\"@id\":\"https:\/\/swissbaker.ch\/fr\/panissimo-news\/je-suis-heureuse-que-ces-femmes-se-soient-battues-avec-succes\/#primaryimage\"},\"thumbnailUrl\":\"https:\/\/swissbaker.ch\/wp-content\/uploads\/2022\/03\/3.1_Interview_Frauenstimmrecht.jpg\",\"datePublished\":\"2021-02-02T13:40:00+00:00\",\"dateModified\":\"2022-05-11T11:01:25+00:00\",\"breadcrumb\":{\"@id\":\"https:\/\/swissbaker.ch\/fr\/panissimo-news\/je-suis-heureuse-que-ces-femmes-se-soient-battues-avec-succes\/#breadcrumb\"},\"inLanguage\":\"fr-FR\",\"potentialAction\":[{\"@type\":\"ReadAction\",\"target\":[\"https:\/\/swissbaker.ch\/fr\/panissimo-news\/je-suis-heureuse-que-ces-femmes-se-soient-battues-avec-succes\/\"]}]},{\"@type\":\"ImageObject\",\"inLanguage\":\"fr-FR\",\"@id\":\"https:\/\/swissbaker.ch\/fr\/panissimo-news\/je-suis-heureuse-que-ces-femmes-se-soient-battues-avec-succes\/#primaryimage\",\"url\":\"https:\/\/swissbaker.ch\/wp-content\/uploads\/2022\/03\/3.1_Interview_Frauenstimmrecht.jpg\",\"contentUrl\":\"https:\/\/swissbaker.ch\/wp-content\/uploads\/2022\/03\/3.1_Interview_Frauenstimmrecht.jpg\",\"width\":800,\"height\":474,\"caption\":\"\u00ab\u2009Je suis heureuse que ces femmes se soient battues avec succ\u00e8s\u2009\u00bb\"},{\"@type\":\"BreadcrumbList\",\"@id\":\"https:\/\/swissbaker.ch\/fr\/panissimo-news\/je-suis-heureuse-que-ces-femmes-se-soient-battues-avec-succes\/#breadcrumb\",\"itemListElement\":[{\"@type\":\"ListItem\",\"position\":1,\"name\":\"\",\"item\":\"https:\/\/swissbaker.ch\/fr\/\"},{\"@type\":\"ListItem\",\"position\":2,\"name\":\"Environnement professionnel\",\"item\":\"https:\/\/swissbaker.ch\/fr\/panissimo-news\/category\/environnement-professionnel\/\"},{\"@type\":\"ListItem\",\"position\":3,\"name\":\"\u00ab\u2009Je suis heureuse que ces femmes se soient battues avec succ\u00e8s\u2009\u00bb\"}]},{\"@type\":\"WebSite\",\"@id\":\"https:\/\/swissbaker.ch\/fr\/#website\",\"url\":\"https:\/\/swissbaker.ch\/fr\/\",\"name\":\"SBC\",\"description\":\"\",\"publisher\":{\"@id\":\"https:\/\/swissbaker.ch\/fr\/#organization\"},\"potentialAction\":[{\"@type\":\"SearchAction\",\"target\":{\"@type\":\"EntryPoint\",\"urlTemplate\":\"https:\/\/swissbaker.ch\/fr\/?s={search_term_string}\"},\"query-input\":{\"@type\":\"PropertyValueSpecification\",\"valueRequired\":true,\"valueName\":\"search_term_string\"}}],\"inLanguage\":\"fr-FR\"},{\"@type\":\"Organization\",\"@id\":\"https:\/\/swissbaker.ch\/fr\/#organization\",\"name\":\"Schweizerischer B\u00e4cker-Confiseurmeister-Verband\",\"url\":\"https:\/\/swissbaker.ch\/fr\/\",\"logo\":{\"@type\":\"ImageObject\",\"inLanguage\":\"fr-FR\",\"@id\":\"https:\/\/swissbaker.ch\/fr\/#\/schema\/logo\/image\/\",\"url\":\"https:\/\/swissbaker.ch\/wp-content\/uploads\/2022\/04\/sbc-logo-yoast.jpg\",\"contentUrl\":\"https:\/\/swissbaker.ch\/wp-content\/uploads\/2022\/04\/sbc-logo-yoast.jpg\",\"width\":512,\"height\":512,\"caption\":\"Schweizerischer B\u00e4cker-Confiseurmeister-Verband\"},\"image\":{\"@id\":\"https:\/\/swissbaker.ch\/fr\/#\/schema\/logo\/image\/\"},\"sameAs\":[\"https:\/\/www.facebook.com\/swissbaker.ch\",\"https:\/\/x.com\/ch_swissbaker\"]},{\"@type\":\"Person\",\"@id\":\"https:\/\/swissbaker.ch\/fr\/#\/schema\/person\/058ac47619f7da53df62aba60f939b78\",\"name\":\"azureart\",\"image\":{\"@type\":\"ImageObject\",\"inLanguage\":\"fr-FR\",\"@id\":\"https:\/\/swissbaker.ch\/fr\/#\/schema\/person\/image\/\",\"url\":\"https:\/\/secure.gravatar.com\/avatar\/be04dd3098fd612c83067af4f7a295384c93cb6a9112f51beb9d2f477d25da61?s=96&d=mm&r=g\",\"contentUrl\":\"https:\/\/secure.gravatar.com\/avatar\/be04dd3098fd612c83067af4f7a295384c93cb6a9112f51beb9d2f477d25da61?s=96&d=mm&r=g\",\"caption\":\"azureart\"},\"sameAs\":[\"https:\/\/swissbaker.ch\"],\"url\":\"https:\/\/swissbaker.ch\/fr\/panissimo-news\/author\/pixel-ahoi\/\"}]}<\/script>\n<!-- \/ Yoast SEO Premium plugin. -->","yoast_head_json":{"title":"\u00ab\u2009Je suis heureuse que ces femmes se soient battues avec succ\u00e8s\u2009\u00bb | SBC","robots":{"index":"index","follow":"follow","max-snippet":"max-snippet:-1","max-image-preview":"max-image-preview:large","max-video-preview":"max-video-preview:-1"},"canonical":"https:\/\/swissbaker.ch\/fr\/panissimo-news\/je-suis-heureuse-que-ces-femmes-se-soient-battues-avec-succes\/","og_locale":"fr_FR","og_type":"article","og_title":"\u00ab\u2009Je suis heureuse que ces femmes se soient battues avec succ\u00e8s\u2009\u00bb","og_description":"Le 5\u202ff\u00e9vrier marque les cinquante ans de droit de vote et d\u2019\u00e9ligibilit\u00e9 pour les femmes\u2009; un \u00e9v\u00e9nement historique. Deux femmes de diff\u00e9rentes g\u00e9n\u00e9rations travaillant dans la boulangerie-p\u00e2tisserie-confiserie artisanale se penchent sur le pass\u00e9 et l\u2019avenir. Entretien\u2026 Que signifie pour vous le fait&nbsp;de pouvoir voter\u2009?Jeanette M\u00fcller\u2009:&nbsp;Je suis heureuse et reconnaissante d\u2019\u00eatre n\u00e9e dans un pays d\u00e9mocratique. Cela signifie beaucoup pour moi [&hellip;]","og_url":"https:\/\/swissbaker.ch\/fr\/panissimo-news\/je-suis-heureuse-que-ces-femmes-se-soient-battues-avec-succes\/","og_site_name":"SBC","article_publisher":"https:\/\/www.facebook.com\/swissbaker.ch","article_published_time":"2021-02-02T13:40:00+00:00","article_modified_time":"2022-05-11T11:01:25+00:00","og_image":[{"width":800,"height":474,"url":"https:\/\/swissbaker.ch\/wp-content\/uploads\/2022\/03\/3.1_Interview_Frauenstimmrecht.jpg","type":"image\/jpeg"}],"author":"azureart","twitter_card":"summary_large_image","twitter_creator":"@ch_swissbaker","twitter_site":"@ch_swissbaker","twitter_misc":{"Written by":"azureart","Est. reading time":"8 minutes"},"schema":{"@context":"https:\/\/schema.org","@graph":[{"@type":"Article","@id":"https:\/\/swissbaker.ch\/fr\/panissimo-news\/je-suis-heureuse-que-ces-femmes-se-soient-battues-avec-succes\/#article","isPartOf":{"@id":"https:\/\/swissbaker.ch\/fr\/panissimo-news\/je-suis-heureuse-que-ces-femmes-se-soient-battues-avec-succes\/"},"author":{"name":"azureart","@id":"https:\/\/swissbaker.ch\/fr\/#\/schema\/person\/058ac47619f7da53df62aba60f939b78"},"headline":"\u00ab\u2009Je suis heureuse que ces femmes se soient battues avec succ\u00e8s\u2009\u00bb","datePublished":"2021-02-02T13:40:00+00:00","dateModified":"2022-05-11T11:01:25+00:00","mainEntityOfPage":{"@id":"https:\/\/swissbaker.ch\/fr\/panissimo-news\/je-suis-heureuse-que-ces-femmes-se-soient-battues-avec-succes\/"},"wordCount":1453,"commentCount":0,"publisher":{"@id":"https:\/\/swissbaker.ch\/fr\/#organization"},"image":{"@id":"https:\/\/swissbaker.ch\/fr\/panissimo-news\/je-suis-heureuse-que-ces-femmes-se-soient-battues-avec-succes\/#primaryimage"},"thumbnailUrl":"https:\/\/swissbaker.ch\/wp-content\/uploads\/2022\/03\/3.1_Interview_Frauenstimmrecht.jpg","articleSection":["Environnement professionnel"],"inLanguage":"fr-FR","potentialAction":[{"@type":"CommentAction","name":"Comment","target":["https:\/\/swissbaker.ch\/fr\/panissimo-news\/je-suis-heureuse-que-ces-femmes-se-soient-battues-avec-succes\/#respond"]}]},{"@type":"WebPage","@id":"https:\/\/swissbaker.ch\/fr\/panissimo-news\/je-suis-heureuse-que-ces-femmes-se-soient-battues-avec-succes\/","url":"https:\/\/swissbaker.ch\/fr\/panissimo-news\/je-suis-heureuse-que-ces-femmes-se-soient-battues-avec-succes\/","name":"\u00ab\u2009Je suis heureuse que ces femmes se soient battues avec succ\u00e8s\u2009\u00bb | SBC","isPartOf":{"@id":"https:\/\/swissbaker.ch\/fr\/#website"},"primaryImageOfPage":{"@id":"https:\/\/swissbaker.ch\/fr\/panissimo-news\/je-suis-heureuse-que-ces-femmes-se-soient-battues-avec-succes\/#primaryimage"},"image":{"@id":"https:\/\/swissbaker.ch\/fr\/panissimo-news\/je-suis-heureuse-que-ces-femmes-se-soient-battues-avec-succes\/#primaryimage"},"thumbnailUrl":"https:\/\/swissbaker.ch\/wp-content\/uploads\/2022\/03\/3.1_Interview_Frauenstimmrecht.jpg","datePublished":"2021-02-02T13:40:00+00:00","dateModified":"2022-05-11T11:01:25+00:00","breadcrumb":{"@id":"https:\/\/swissbaker.ch\/fr\/panissimo-news\/je-suis-heureuse-que-ces-femmes-se-soient-battues-avec-succes\/#breadcrumb"},"inLanguage":"fr-FR","potentialAction":[{"@type":"ReadAction","target":["https:\/\/swissbaker.ch\/fr\/panissimo-news\/je-suis-heureuse-que-ces-femmes-se-soient-battues-avec-succes\/"]}]},{"@type":"ImageObject","inLanguage":"fr-FR","@id":"https:\/\/swissbaker.ch\/fr\/panissimo-news\/je-suis-heureuse-que-ces-femmes-se-soient-battues-avec-succes\/#primaryimage","url":"https:\/\/swissbaker.ch\/wp-content\/uploads\/2022\/03\/3.1_Interview_Frauenstimmrecht.jpg","contentUrl":"https:\/\/swissbaker.ch\/wp-content\/uploads\/2022\/03\/3.1_Interview_Frauenstimmrecht.jpg","width":800,"height":474,"caption":"\u00ab\u2009Je suis heureuse que ces femmes se soient battues avec succ\u00e8s\u2009\u00bb"},{"@type":"BreadcrumbList","@id":"https:\/\/swissbaker.ch\/fr\/panissimo-news\/je-suis-heureuse-que-ces-femmes-se-soient-battues-avec-succes\/#breadcrumb","itemListElement":[{"@type":"ListItem","position":1,"name":"","item":"https:\/\/swissbaker.ch\/fr\/"},{"@type":"ListItem","position":2,"name":"Environnement professionnel","item":"https:\/\/swissbaker.ch\/fr\/panissimo-news\/category\/environnement-professionnel\/"},{"@type":"ListItem","position":3,"name":"\u00ab\u2009Je suis heureuse que ces femmes se soient battues avec succ\u00e8s\u2009\u00bb"}]},{"@type":"WebSite","@id":"https:\/\/swissbaker.ch\/fr\/#website","url":"https:\/\/swissbaker.ch\/fr\/","name":"SBC","description":"","publisher":{"@id":"https:\/\/swissbaker.ch\/fr\/#organization"},"potentialAction":[{"@type":"SearchAction","target":{"@type":"EntryPoint","urlTemplate":"https:\/\/swissbaker.ch\/fr\/?s={search_term_string}"},"query-input":{"@type":"PropertyValueSpecification","valueRequired":true,"valueName":"search_term_string"}}],"inLanguage":"fr-FR"},{"@type":"Organization","@id":"https:\/\/swissbaker.ch\/fr\/#organization","name":"Schweizerischer B\u00e4cker-Confiseurmeister-Verband","url":"https:\/\/swissbaker.ch\/fr\/","logo":{"@type":"ImageObject","inLanguage":"fr-FR","@id":"https:\/\/swissbaker.ch\/fr\/#\/schema\/logo\/image\/","url":"https:\/\/swissbaker.ch\/wp-content\/uploads\/2022\/04\/sbc-logo-yoast.jpg","contentUrl":"https:\/\/swissbaker.ch\/wp-content\/uploads\/2022\/04\/sbc-logo-yoast.jpg","width":512,"height":512,"caption":"Schweizerischer B\u00e4cker-Confiseurmeister-Verband"},"image":{"@id":"https:\/\/swissbaker.ch\/fr\/#\/schema\/logo\/image\/"},"sameAs":["https:\/\/www.facebook.com\/swissbaker.ch","https:\/\/x.com\/ch_swissbaker"]},{"@type":"Person","@id":"https:\/\/swissbaker.ch\/fr\/#\/schema\/person\/058ac47619f7da53df62aba60f939b78","name":"azureart","image":{"@type":"ImageObject","inLanguage":"fr-FR","@id":"https:\/\/swissbaker.ch\/fr\/#\/schema\/person\/image\/","url":"https:\/\/secure.gravatar.com\/avatar\/be04dd3098fd612c83067af4f7a295384c93cb6a9112f51beb9d2f477d25da61?s=96&d=mm&r=g","contentUrl":"https:\/\/secure.gravatar.com\/avatar\/be04dd3098fd612c83067af4f7a295384c93cb6a9112f51beb9d2f477d25da61?s=96&d=mm&r=g","caption":"azureart"},"sameAs":["https:\/\/swissbaker.ch"],"url":"https:\/\/swissbaker.ch\/fr\/panissimo-news\/author\/pixel-ahoi\/"}]}},"_links":{"self":[{"href":"https:\/\/swissbaker.ch\/fr\/wp-json\/wp\/v2\/posts\/8908","targetHints":{"allow":["GET"]}}],"collection":[{"href":"https:\/\/swissbaker.ch\/fr\/wp-json\/wp\/v2\/posts"}],"about":[{"href":"https:\/\/swissbaker.ch\/fr\/wp-json\/wp\/v2\/types\/post"}],"author":[{"embeddable":true,"href":"https:\/\/swissbaker.ch\/fr\/wp-json\/wp\/v2\/users\/1"}],"replies":[{"embeddable":true,"href":"https:\/\/swissbaker.ch\/fr\/wp-json\/wp\/v2\/comments?post=8908"}],"version-history":[{"count":0,"href":"https:\/\/swissbaker.ch\/fr\/wp-json\/wp\/v2\/posts\/8908\/revisions"}],"wp:featuredmedia":[{"embeddable":true,"href":"https:\/\/swissbaker.ch\/fr\/wp-json\/wp\/v2\/media\/5465"}],"wp:attachment":[{"href":"https:\/\/swissbaker.ch\/fr\/wp-json\/wp\/v2\/media?parent=8908"}],"wp:term":[{"taxonomy":"category","embeddable":true,"href":"https:\/\/swissbaker.ch\/fr\/wp-json\/wp\/v2\/categories?post=8908"},{"taxonomy":"post_tag","embeddable":true,"href":"https:\/\/swissbaker.ch\/fr\/wp-json\/wp\/v2\/tags?post=8908"}],"curies":[{"name":"wp","href":"https:\/\/api.w.org\/{rel}","templated":true}]}}